{"id":36410,"date":"2022-02-23T12:24:49","date_gmt":"2022-02-23T18:24:49","guid":{"rendered":"https:\/\/nebraskadem.wpenginepowered.com\/?p=36410"},"modified":"2022-02-23T12:24:49","modified_gmt":"2022-02-23T18:24:49","slug":"press-release-precious-mckesson-named-executive-director-of-the-ndp","status":"publish","type":"post","link":"https:\/\/nebraskademocrats.org\/su\/press-releases\/press-release-precious-mckesson-named-executive-director-of-the-ndp\/","title":{"rendered":"Siaran pers: Precious McKesson Ditunjuk Dir\u00e9ktur Eksekutif NDP"},"content":{"rendered":"<p><span style=\"font-weight: 400;\">Operasi politik Samaun Precious McKesson parantos ditunjuk dir\u00e9ktur eksekutif Nebraska Democratic Party. Jim Rogers, anu ngalayanan p\u00e9sta dina sababaraha kalungguhan dina dasawarsa ka tukang, ninggalkeun jabatanna sareng transisi ka swasta.<\/span><span style=\"font-weight: 400;\"><br \/>\n<\/span><span style=\"font-weight: 400;\"><br \/>\n<\/span><span style=\"font-weight: 400;\">&quot;Jim parantos ngalayanan p\u00e9sta kami langkung ti dalapan taun salaku dir\u00e9ktur eksekutif sareng langkung ti 10 dina kalungguhan san\u00e9s dina lima korsi anu b\u00e9da - kuring sorangan, Kursi Powers, Kursi Covalt, Kursi Achelpohl sareng Kursi Boyle,&quot; saur Ketua NDP Jane Kleeb. &quot;Jim mangrupikeun sekutu, dilengkepan pikeun nyanghareupan kaayaan anu sesah, ngahormatan sadaya pamimpin partai sukarelawan urang sareng damel sareng calon ti dewan sakola ka S\u00e9nat AS pikeun ngabantosan aranjeunna meunang. \u00c9ta mangrupikeun kahormatan pikeun ngalayanan sareng Jim nalika anjeunna mingpin staf NDP sareng ngabantosan ngawangun p\u00e9sta urang.<\/span><\/p>\n<p><span style=\"font-weight: 400;\">McKesson bakal nganggap peran Dir\u00e9ktur Eksekutif dina ahir Maret. Man\u00e9hna<\/span><span style=\"font-weight: 400;\"> parantos janten Dir\u00e9ktur Keuangan pikeun NDP sareng janten Dir\u00e9ktur Pulitik Nebraska dina 2020 Joe Biden pikeun Kampanye Pr\u00e9sid\u00e9n nalika CD2 nganteurkeun kameunangan konci pikeun Pr\u00e9sid\u00e9n. McKesson mangrupikeun aw\u00e9w\u00e9 munggaran sareng Afrika Am\u00e9rika anu janten Pamilih Partai D\u00e9mokratik di Nebraska, ngadamel sajarah sareng Pr\u00e9sid\u00e9n Biden sareng Wakil Pr\u00e9sid\u00e9n Harris.<\/span><\/p>\n<p><span style=\"font-weight: 400;\"><img fetchpriority=\"high\" decoding=\"async\" class=\"wp-image-28326 alignleft\" src=\"https:\/\/nebraskadem.wpenginepowered.com\/wp-content\/uploads\/2020\/12\/Precious-mug.jpg\" alt=\"\" width=\"218\" height=\"327\" srcset=\"https:\/\/nebraskademocrats.org\/wp-content\/uploads\/2020\/12\/Precious-mug.jpg 427w, https:\/\/nebraskademocrats.org\/wp-content\/uploads\/2020\/12\/elementor\/thumbs\/Precious-mug-qn27qdgoot7on5u9x2qh0wa1y2fqhuc7jfkik18reg.jpg 200w, https:\/\/nebraskademocrats.org\/wp-content\/uploads\/2020\/12\/Precious-mug-8x12.jpg 8w\" sizes=\"(max-width: 218px) 100vw, 218px\" \/>Anjeunna diangkat ku Biden dina 2021 salaku a <\/span><span style=\"font-weight: 400;\">asisten husus di Kantor Dinas Pendidikan Komunikasi sarta teureuh, dumasar kaluar Washington, DC\u00a0<\/span><\/p>\n<p><span style=\"font-weight: 400;\">&quot;Kuring bungah pikeun uih deui ka Nebraska salaku Dir\u00e9ktur Eksekutif Nebraska Democratic Party sareng Kursi Kleeb sareng sadaya pamimpin akar rumput,&quot; saur McKesson. &quot;\u00c9ta mangrupikeun kahormatan pikeun damel di administrasi Biden-Harris dina kapamimpinan Sekretaris Pendidikan AS Miguel Cardona. Abdi ngarep pisan damel sareng calon D\u00e9mokratik urang nalika urang milarian korsi flip beureum ka biru di Nebrask<\/span><span style=\"font-weight: 400;\">a.\u201d<\/span><\/p>\n<p><span style=\"font-weight: 400;\">McKesson, 43, <\/span><span style=\"font-weight: 400;\">nya\u00e9ta lulusan reueus di Omaha Public Schools. Anjeunna teras ngudag karir di Angkatan Darat AS, nampi Discharge M\u00e9dis Terhormat. Anjeunna kuliah di Birmingham, Alabama sateuacan uih deui ka Omaha pikeun ngangkat putrina.<\/span><span style=\"font-weight: 400;\"><br \/>\n<\/span><span style=\"font-weight: 400;\"><br \/>\n<\/span><span style=\"font-weight: 400;\">&quot;Precious komitmen pikeun mastikeun y\u00e9n sadaya sora didangu sareng diwakilan dina p\u00e9sta urang. Ti pangatur panto-to-panto, nepi ka nyieun acara jeung calon palatihan dina sagala tingkatan, Precious terang karya dihareupeun urang salaku pihak sarta boga gairah jeung kaahlian pikeun meunangkeun pakasaban rengse, &quot;ceuk Kleeb. &quot;Partai kami reueus gaduh Precious salaku Dir\u00e9ktur Eksekutif salajengna sareng ngarepkeun anjeunna ngajaga Republicans akuntabel sareng milih Demokrat di sakuliah nagara h\u00e9bat urang.&quot;\u00a0<\/span><\/p>","protected":false},"excerpt":{"rendered":"<p>Veteran political operative Precious McKesson has been named executive director of the Nebraska Democratic Party. Jim Rogers, who served the party in various roles over the last decade, is leaving the post and transitioning to the private sector. \u201cJim has served our party for over eight years as executive director and over 10 in other &#8230; <a title=\"Siaran pers: Precious McKesson Ditunjuk Dir\u00e9ktur Eksekutif NDP\" class=\"read-more\" href=\"https:\/\/nebraskademocrats.org\/su\/press-releases\/press-release-precious-mckesson-named-executive-director-of-the-ndp\/\" aria-label=\"More on Press release: Precious McKesson Named Executive Director of the NDP\">Maca deui<\/a><\/p>","protected":false},"author":19,"featured_media":0,"comment_status":"closed","ping_status":"closed","sticky":false,"template":"","format":"standard","meta":{"_acf_changed":false,"_exactmetrics_skip_tracking":false,"_exactmetrics_sitenote_active":false,"_exactmetrics_sitenote_note":"","_exactmetrics_sitenote_category":0,"footnotes":""},"categories":[4],"tags":[],"class_list":["post-36410","post","type-post","status-publish","format-standard","hentry","category-press-releases"],"acf":[],"yoast_head":"<!-- This site is optimized with the Yoast SEO plugin v27.4 - https:\/\/yoast.com\/product\/yoast-seo-wordpress\/ -->\n<title>Press release: Precious McKesson Named Executive Director of the NDP &#8211; Nebraska Democratic Party<\/title>\n<meta name=\"robots\" content=\"index, follow, max-snippet:-1, max-image-preview:large, max-video-preview:-1\" \/>\n<link rel=\"canonical\" href=\"https:\/\/nebraskademocrats.org\/su\/press-releases\/press-release-precious-mckesson-named-executive-director-of-the-ndp\/\" \/>\n<meta property=\"og:locale\" content=\"en_US\" \/>\n<meta property=\"og:type\" content=\"article\" \/>\n<meta property=\"og:title\" content=\"Press release: Precious McKesson Named Executive Director of the NDP &#8211; Nebraska Democratic Party\" \/>\n<meta property=\"og:description\" content=\"Veteran political operative Precious McKesson has been named executive director of the Nebraska Democratic Party. Jim Rogers, who served the party in various roles over the last decade, is leaving the post and transitioning to the private sector. \u201cJim has served our party for over eight years as executive director and over 10 in other ... Read more\" \/>\n<meta property=\"og:url\" content=\"https:\/\/nebraskademocrats.org\/su\/press-releases\/press-release-precious-mckesson-named-executive-director-of-the-ndp\/\" \/>\n<meta property=\"og:site_name\" content=\"Nebraska Democratic Party\" \/>\n<meta property=\"article:publisher\" content=\"https:\/\/www.facebook.com\/NebraskaDemocraticParty\/\" \/>\n<meta property=\"article:published_time\" content=\"2022-02-23T18:24:49+00:00\" \/>\n<meta property=\"og:image\" content=\"https:\/\/nebraskadem.wpenginepowered.com\/wp-content\/uploads\/2020\/12\/Precious-mug.jpg\" \/>\n<meta name=\"author\" content=\"Precious McKesson\" \/>\n<meta name=\"twitter:card\" content=\"summary_large_image\" \/>\n<meta name=\"twitter:creator\" content=\"@nebraskadems\" \/>\n<meta name=\"twitter:site\" content=\"@nebraskadems\" \/>\n<meta name=\"twitter:label1\" content=\"Written by\" \/>\n\t<meta name=\"twitter:data1\" content=\"Precious McKesson\" \/>\n\t<meta name=\"twitter:label2\" content=\"Est. reading time\" \/>\n\t<meta name=\"twitter:data2\" content=\"3 minutes\" \/>\n<script type=\"application\/ld+json\" class=\"yoast-schema-graph\">{\"@context\":\"https:\\\/\\\/schema.org\",\"@graph\":[{\"@type\":\"Article\",\"@id\":\"https:\\\/\\\/nebraskademocrats.org\\\/press-releases\\\/press-release-precious-mckesson-named-executive-director-of-the-ndp\\\/#article\",\"isPartOf\":{\"@id\":\"https:\\\/\\\/nebraskademocrats.org\\\/press-releases\\\/press-release-precious-mckesson-named-executive-director-of-the-ndp\\\/\"},\"author\":{\"name\":\"Precious McKesson\",\"@id\":\"https:\\\/\\\/nebraskademocrats.org\\\/#\\\/schema\\\/person\\\/33e011ea0795f404810dc40828bcf289\"},\"headline\":\"Press release: Precious McKesson Named Executive Director of the NDP\",\"datePublished\":\"2022-02-23T18:24:49+00:00\",\"mainEntityOfPage\":{\"@id\":\"https:\\\/\\\/nebraskademocrats.org\\\/press-releases\\\/press-release-precious-mckesson-named-executive-director-of-the-ndp\\\/\"},\"wordCount\":423,\"publisher\":{\"@id\":\"https:\\\/\\\/nebraskademocrats.org\\\/#organization\"},\"image\":{\"@id\":\"https:\\\/\\\/nebraskademocrats.org\\\/press-releases\\\/press-release-precious-mckesson-named-executive-director-of-the-ndp\\\/#primaryimage\"},\"thumbnailUrl\":\"https:\\\/\\\/nebraskadem.wpenginepowered.com\\\/wp-content\\\/uploads\\\/2020\\\/12\\\/Precious-mug.jpg\",\"articleSection\":[\"Press Releases\"],\"inLanguage\":\"su\"},{\"@type\":\"WebPage\",\"@id\":\"https:\\\/\\\/nebraskademocrats.org\\\/press-releases\\\/press-release-precious-mckesson-named-executive-director-of-the-ndp\\\/\",\"url\":\"https:\\\/\\\/nebraskademocrats.org\\\/press-releases\\\/press-release-precious-mckesson-named-executive-director-of-the-ndp\\\/\",\"name\":\"Press release: Precious McKesson Named Executive Director of the NDP &#8211; Nebraska Democratic Party\",\"isPartOf\":{\"@id\":\"https:\\\/\\\/nebraskademocrats.org\\\/#website\"},\"primaryImageOfPage\":{\"@id\":\"https:\\\/\\\/nebraskademocrats.org\\\/press-releases\\\/press-release-precious-mckesson-named-executive-director-of-the-ndp\\\/#primaryimage\"},\"image\":{\"@id\":\"https:\\\/\\\/nebraskademocrats.org\\\/press-releases\\\/press-release-precious-mckesson-named-executive-director-of-the-ndp\\\/#primaryimage\"},\"thumbnailUrl\":\"https:\\\/\\\/nebraskadem.wpenginepowered.com\\\/wp-content\\\/uploads\\\/2020\\\/12\\\/Precious-mug.jpg\",\"datePublished\":\"2022-02-23T18:24:49+00:00\",\"breadcrumb\":{\"@id\":\"https:\\\/\\\/nebraskademocrats.org\\\/press-releases\\\/press-release-precious-mckesson-named-executive-director-of-the-ndp\\\/#breadcrumb\"},\"inLanguage\":\"su\",\"potentialAction\":[{\"@type\":\"ReadAction\",\"target\":[\"https:\\\/\\\/nebraskademocrats.org\\\/press-releases\\\/press-release-precious-mckesson-named-executive-director-of-the-ndp\\\/\"]}]},{\"@type\":\"ImageObject\",\"inLanguage\":\"su\",\"@id\":\"https:\\\/\\\/nebraskademocrats.org\\\/press-releases\\\/press-release-precious-mckesson-named-executive-director-of-the-ndp\\\/#primaryimage\",\"url\":\"https:\\\/\\\/nebraskadem.wpenginepowered.com\\\/wp-content\\\/uploads\\\/2020\\\/12\\\/Precious-mug.jpg\",\"contentUrl\":\"https:\\\/\\\/nebraskadem.wpenginepowered.com\\\/wp-content\\\/uploads\\\/2020\\\/12\\\/Precious-mug.jpg\"},{\"@type\":\"BreadcrumbList\",\"@id\":\"https:\\\/\\\/nebraskademocrats.org\\\/press-releases\\\/press-release-precious-mckesson-named-executive-director-of-the-ndp\\\/#breadcrumb\",\"itemListElement\":[{\"@type\":\"ListItem\",\"position\":1,\"name\":\"Home\",\"item\":\"https:\\\/\\\/nebraskademocrats.org\\\/\"},{\"@type\":\"ListItem\",\"position\":2,\"name\":\"Press release: Precious McKesson Named Executive Director of the NDP\"}]},{\"@type\":\"WebSite\",\"@id\":\"https:\\\/\\\/nebraskademocrats.org\\\/#website\",\"url\":\"https:\\\/\\\/nebraskademocrats.org\\\/\",\"name\":\"Nebraska Democratic Party\",\"description\":\"Growing the Good Life for All Nebraskans\",\"publisher\":{\"@id\":\"https:\\\/\\\/nebraskademocrats.org\\\/#organization\"},\"potentialAction\":[{\"@type\":\"SearchAction\",\"target\":{\"@type\":\"EntryPoint\",\"urlTemplate\":\"https:\\\/\\\/nebraskademocrats.org\\\/?s={search_term_string}\"},\"query-input\":{\"@type\":\"PropertyValueSpecification\",\"valueRequired\":true,\"valueName\":\"search_term_string\"}}],\"inLanguage\":\"su\"},{\"@type\":\"Organization\",\"@id\":\"https:\\\/\\\/nebraskademocrats.org\\\/#organization\",\"name\":\"Nebraska Democratic Party\",\"url\":\"https:\\\/\\\/nebraskademocrats.org\\\/\",\"logo\":{\"@type\":\"ImageObject\",\"inLanguage\":\"su\",\"@id\":\"https:\\\/\\\/nebraskademocrats.org\\\/#\\\/schema\\\/logo\\\/image\\\/\",\"url\":\"https:\\\/\\\/nebraskadem.wpenginepowered.com\\\/wp-content\\\/uploads\\\/2016\\\/05\\\/NDP2.jpg\",\"contentUrl\":\"https:\\\/\\\/nebraskadem.wpenginepowered.com\\\/wp-content\\\/uploads\\\/2016\\\/05\\\/NDP2.jpg\",\"width\":1000,\"height\":396,\"caption\":\"Nebraska Democratic Party\"},\"image\":{\"@id\":\"https:\\\/\\\/nebraskademocrats.org\\\/#\\\/schema\\\/logo\\\/image\\\/\"},\"sameAs\":[\"https:\\\/\\\/www.facebook.com\\\/NebraskaDemocraticParty\\\/\",\"https:\\\/\\\/x.com\\\/nebraskadems\"]},{\"@type\":\"Person\",\"@id\":\"https:\\\/\\\/nebraskademocrats.org\\\/#\\\/schema\\\/person\\\/33e011ea0795f404810dc40828bcf289\",\"name\":\"Precious McKesson\",\"image\":{\"@type\":\"ImageObject\",\"inLanguage\":\"su\",\"@id\":\"https:\\\/\\\/secure.gravatar.com\\\/avatar\\\/35046e19b3373116ec64c07d386d3312028d3820dc0ffe65c344bcebc8ea9194?s=96&d=mm&r=g\",\"url\":\"https:\\\/\\\/secure.gravatar.com\\\/avatar\\\/35046e19b3373116ec64c07d386d3312028d3820dc0ffe65c344bcebc8ea9194?s=96&d=mm&r=g\",\"contentUrl\":\"https:\\\/\\\/secure.gravatar.com\\\/avatar\\\/35046e19b3373116ec64c07d386d3312028d3820dc0ffe65c344bcebc8ea9194?s=96&d=mm&r=g\",\"caption\":\"Precious McKesson\"}}]}<\/script>\n<!-- \/ Yoast SEO plugin. -->","yoast_head_json":{"title":"Press release: Precious McKesson Named Executive Director of the NDP &#8211; Nebraska Democratic Party","robots":{"index":"index","follow":"follow","max-snippet":"max-snippet:-1","max-image-preview":"max-image-preview:large","max-video-preview":"max-video-preview:-1"},"canonical":"https:\/\/nebraskademocrats.org\/su\/press-releases\/press-release-precious-mckesson-named-executive-director-of-the-ndp\/","og_locale":"en_US","og_type":"article","og_title":"Press release: Precious McKesson Named Executive Director of the NDP &#8211; Nebraska Democratic Party","og_description":"Veteran political operative Precious McKesson has been named executive director of the Nebraska Democratic Party. Jim Rogers, who served the party in various roles over the last decade, is leaving the post and transitioning to the private sector. \u201cJim has served our party for over eight years as executive director and over 10 in other ... Read more","og_url":"https:\/\/nebraskademocrats.org\/su\/press-releases\/press-release-precious-mckesson-named-executive-director-of-the-ndp\/","og_site_name":"Nebraska Democratic Party","article_publisher":"https:\/\/www.facebook.com\/NebraskaDemocraticParty\/","article_published_time":"2022-02-23T18:24:49+00:00","og_image":[{"url":"https:\/\/nebraskadem.wpenginepowered.com\/wp-content\/uploads\/2020\/12\/Precious-mug.jpg","type":"","width":"","height":""}],"author":"Precious McKesson","twitter_card":"summary_large_image","twitter_creator":"@nebraskadems","twitter_site":"@nebraskadems","twitter_misc":{"Written by":"Precious McKesson","Est. reading time":"3 minutes"},"schema":{"@context":"https:\/\/schema.org","@graph":[{"@type":"Article","@id":"https:\/\/nebraskademocrats.org\/press-releases\/press-release-precious-mckesson-named-executive-director-of-the-ndp\/#article","isPartOf":{"@id":"https:\/\/nebraskademocrats.org\/press-releases\/press-release-precious-mckesson-named-executive-director-of-the-ndp\/"},"author":{"name":"Precious McKesson","@id":"https:\/\/nebraskademocrats.org\/#\/schema\/person\/33e011ea0795f404810dc40828bcf289"},"headline":"Press release: Precious McKesson Named Executive Director of the NDP","datePublished":"2022-02-23T18:24:49+00:00","mainEntityOfPage":{"@id":"https:\/\/nebraskademocrats.org\/press-releases\/press-release-precious-mckesson-named-executive-director-of-the-ndp\/"},"wordCount":423,"publisher":{"@id":"https:\/\/nebraskademocrats.org\/#organization"},"image":{"@id":"https:\/\/nebraskademocrats.org\/press-releases\/press-release-precious-mckesson-named-executive-director-of-the-ndp\/#primaryimage"},"thumbnailUrl":"https:\/\/nebraskadem.wpenginepowered.com\/wp-content\/uploads\/2020\/12\/Precious-mug.jpg","articleSection":["Press Releases"],"inLanguage":"su"},{"@type":"WebPage","@id":"https:\/\/nebraskademocrats.org\/press-releases\/press-release-precious-mckesson-named-executive-director-of-the-ndp\/","url":"https:\/\/nebraskademocrats.org\/press-releases\/press-release-precious-mckesson-named-executive-director-of-the-ndp\/","name":"Press release: Precious McKesson Named Executive Director of the NDP &#8211; Nebraska Democratic Party","isPartOf":{"@id":"https:\/\/nebraskademocrats.org\/#website"},"primaryImageOfPage":{"@id":"https:\/\/nebraskademocrats.org\/press-releases\/press-release-precious-mckesson-named-executive-director-of-the-ndp\/#primaryimage"},"image":{"@id":"https:\/\/nebraskademocrats.org\/press-releases\/press-release-precious-mckesson-named-executive-director-of-the-ndp\/#primaryimage"},"thumbnailUrl":"https:\/\/nebraskadem.wpenginepowered.com\/wp-content\/uploads\/2020\/12\/Precious-mug.jpg","datePublished":"2022-02-23T18:24:49+00:00","breadcrumb":{"@id":"https:\/\/nebraskademocrats.org\/press-releases\/press-release-precious-mckesson-named-executive-director-of-the-ndp\/#breadcrumb"},"inLanguage":"su","potentialAction":[{"@type":"ReadAction","target":["https:\/\/nebraskademocrats.org\/press-releases\/press-release-precious-mckesson-named-executive-director-of-the-ndp\/"]}]},{"@type":"ImageObject","inLanguage":"su","@id":"https:\/\/nebraskademocrats.org\/press-releases\/press-release-precious-mckesson-named-executive-director-of-the-ndp\/#primaryimage","url":"https:\/\/nebraskadem.wpenginepowered.com\/wp-content\/uploads\/2020\/12\/Precious-mug.jpg","contentUrl":"https:\/\/nebraskadem.wpenginepowered.com\/wp-content\/uploads\/2020\/12\/Precious-mug.jpg"},{"@type":"BreadcrumbList","@id":"https:\/\/nebraskademocrats.org\/press-releases\/press-release-precious-mckesson-named-executive-director-of-the-ndp\/#breadcrumb","itemListElement":[{"@type":"ListItem","position":1,"name":"Home","item":"https:\/\/nebraskademocrats.org\/"},{"@type":"ListItem","position":2,"name":"Press release: Precious McKesson Named Executive Director of the NDP"}]},{"@type":"WebSite","@id":"https:\/\/nebraskademocrats.org\/#website","url":"https:\/\/nebraskademocrats.org\/","name":"Nebraska Democratic Party","description":"Tumuwuh Kahirupan Anu Sa\u00e9 pikeun Sadayana Nebraskan","publisher":{"@id":"https:\/\/nebraskademocrats.org\/#organization"},"potentialAction":[{"@type":"SearchAction","target":{"@type":"EntryPoint","urlTemplate":"https:\/\/nebraskademocrats.org\/?s={search_term_string}"},"query-input":{"@type":"PropertyValueSpecification","valueRequired":true,"valueName":"search_term_string"}}],"inLanguage":"su"},{"@type":"Organization","@id":"https:\/\/nebraskademocrats.org\/#organization","name":"Nebraska Democratic Party","url":"https:\/\/nebraskademocrats.org\/","logo":{"@type":"ImageObject","inLanguage":"su","@id":"https:\/\/nebraskademocrats.org\/#\/schema\/logo\/image\/","url":"https:\/\/nebraskadem.wpenginepowered.com\/wp-content\/uploads\/2016\/05\/NDP2.jpg","contentUrl":"https:\/\/nebraskadem.wpenginepowered.com\/wp-content\/uploads\/2016\/05\/NDP2.jpg","width":1000,"height":396,"caption":"Nebraska Democratic Party"},"image":{"@id":"https:\/\/nebraskademocrats.org\/#\/schema\/logo\/image\/"},"sameAs":["https:\/\/www.facebook.com\/NebraskaDemocraticParty\/","https:\/\/x.com\/nebraskadems"]},{"@type":"Person","@id":"https:\/\/nebraskademocrats.org\/#\/schema\/person\/33e011ea0795f404810dc40828bcf289","name":"McKesson mulia","image":{"@type":"ImageObject","inLanguage":"su","@id":"https:\/\/secure.gravatar.com\/avatar\/35046e19b3373116ec64c07d386d3312028d3820dc0ffe65c344bcebc8ea9194?s=96&d=mm&r=g","url":"https:\/\/secure.gravatar.com\/avatar\/35046e19b3373116ec64c07d386d3312028d3820dc0ffe65c344bcebc8ea9194?s=96&d=mm&r=g","contentUrl":"https:\/\/secure.gravatar.com\/avatar\/35046e19b3373116ec64c07d386d3312028d3820dc0ffe65c344bcebc8ea9194?s=96&d=mm&r=g","caption":"Precious McKesson"}}]}},"_links":{"self":[{"href":"https:\/\/nebraskademocrats.org\/su\/wp-json\/wp\/v2\/posts\/36410","targetHints":{"allow":["GET"]}}],"collection":[{"href":"https:\/\/nebraskademocrats.org\/su\/wp-json\/wp\/v2\/posts"}],"about":[{"href":"https:\/\/nebraskademocrats.org\/su\/wp-json\/wp\/v2\/types\/post"}],"author":[{"embeddable":true,"href":"https:\/\/nebraskademocrats.org\/su\/wp-json\/wp\/v2\/users\/19"}],"replies":[{"embeddable":true,"href":"https:\/\/nebraskademocrats.org\/su\/wp-json\/wp\/v2\/comments?post=36410"}],"version-history":[{"count":0,"href":"https:\/\/nebraskademocrats.org\/su\/wp-json\/wp\/v2\/posts\/36410\/revisions"}],"wp:attachment":[{"href":"https:\/\/nebraskademocrats.org\/su\/wp-json\/wp\/v2\/media?parent=36410"}],"wp:term":[{"taxonomy":"category","embeddable":true,"href":"https:\/\/nebraskademocrats.org\/su\/wp-json\/wp\/v2\/categories?post=36410"},{"taxonomy":"post_tag","embeddable":true,"href":"https:\/\/nebraskademocrats.org\/su\/wp-json\/wp\/v2\/tags?post=36410"}],"curies":[{"name":"wp","href":"https:\/\/api.w.org\/{rel}","templated":true}]}}