{"id":37805,"date":"2022-05-01T19:08:25","date_gmt":"2022-05-02T00:08:25","guid":{"rendered":"https:\/\/nebraskadem.wpenginepowered.com\/?p=37805"},"modified":"2022-05-01T19:08:25","modified_gmt":"2022-05-02T00:08:25","slug":"press-release-ndps-kleeb-comments-following-sundays-nebraska-rally-with-trump-and-herbster","status":"publish","type":"post","link":"https:\/\/nebraskademocrats.org\/su\/press-releases\/press-release-ndps-kleeb-comments-following-sundays-nebraska-rally-with-trump-and-herbster\/","title":{"rendered":"Siaran pers: Kom\u00e9ntar Kleeb NDP saatos rally Nebraska Minggu sareng Trump sareng Herbster"},"content":{"rendered":"<p><span style=\"font-weight: 400;\">Kursi Nebraska Democratic Party Jane Kleeb ngaluarkeun pernyataan di handap ieu salaku r\u00e9aksi kana rally Nebraska Minggu ku urut Pr\u00e9sid\u00e9n Donald Trump pikeun gubernur harepanana Charles Herbster anu endorsed ku Trump.<\/span><\/p>\n<p><span style=\"font-weight: 400;\">Herbster nembe dituduh groping ku dalapan aw\u00e9w\u00e9. Herbster mantuan ngabiayaan acara Ngeureunkeun maok sarta \u00e9ta di kamar jeung kulawarga Trump peuting sam\u00e9m\u00e9h 6. Januari insurrection.<\/span><\/p>\n<p><span style=\"font-weight: 400;\">&quot;The cabal of \u00e9ra \u00e9ta dina tampilan pinuh dina rally Trump - nyebarkeun bohong, hate jeung grievances. Trump katingalina nekat, ngupingkeun sadayana anu lami, nalika anjeunna nyobian nempel kana relevansi, &quot;saur Kursi Kleeb. &quot;Partai Republik kabagi pisan nalika aranjeunna nuju ka prim\u00e9r, masihan Demokrat kasempetan pikeun nyiptakeun koalisi anu unggul tina sagala garis politik supados urang tungtungna tiasa ngab\u00e9r\u00e9skeun masalah anu diurus ku Nebraskan tibatan anu sieun ku Partai Republik.&quot;<\/span><\/p>\n<p><span style=\"font-weight: 400;\">&quot;Senator Carol Blood museurkeun kana nyiptakeun kaayaan anu ngabag\u00e9akeun kalayan padamelan anu mayar anu sa\u00e9 dimana jalma ngora hoyong cicing, ngabersihkeun bencana lingkungan di Mead, ngajagi hak milik sareng ngabiayaan pinuh ka sakola umum urang. Nebraskans gaduh pilihan nyata pikeun Gubernur urang salajengna - tetep nyangkut dina jaman baheula atanapi ngarecah aturan hiji pihak anu korup ku sababaraha getih anyar.<\/span><\/p>","protected":false},"excerpt":{"rendered":"<p>Nebraska Democratic Party Chair Jane Kleeb issued the following statement in reaction to Sunday&#8217;s Nebraska rally by former President Donald Trump for gubernatorial hopeful Charles Herbster who is endorsed by Trump. Herbster was recently accused of groping by eight women. Herbster helped fund the Stop the Steal event and was in the room with the &#8230; <a title=\"Siaran pers: Kom\u00e9ntar Kleeb NDP saatos rally Nebraska Minggu sareng Trump sareng Herbster\" class=\"read-more\" href=\"https:\/\/nebraskademocrats.org\/su\/press-releases\/press-release-ndps-kleeb-comments-following-sundays-nebraska-rally-with-trump-and-herbster\/\" aria-label=\"More on Press release: NDP\u2019s Kleeb comments following Sunday\u2019s Nebraska rally with Trump and Herbster\">Maca deui<\/a><\/p>","protected":false},"author":19,"featured_media":0,"comment_status":"closed","ping_status":"closed","sticky":false,"template":"","format":"standard","meta":{"_acf_changed":false,"_exactmetrics_skip_tracking":false,"_exactmetrics_sitenote_active":false,"_exactmetrics_sitenote_note":"","_exactmetrics_sitenote_category":0,"footnotes":""},"categories":[4],"tags":[],"class_list":["post-37805","post","type-post","status-publish","format-standard","hentry","category-press-releases"],"acf":[],"yoast_head":"<!-- This site is optimized with the Yoast SEO plugin v27.4 - https:\/\/yoast.com\/product\/yoast-seo-wordpress\/ -->\n<title>Press release: NDP\u2019s Kleeb comments following Sunday\u2019s Nebraska rally with Trump and Herbster &#8211; Nebraska Democratic Party<\/title>\n<meta name=\"robots\" content=\"index, follow, max-snippet:-1, max-image-preview:large, max-video-preview:-1\" \/>\n<link rel=\"canonical\" href=\"https:\/\/nebraskademocrats.org\/su\/press-releases\/press-release-ndps-kleeb-comments-following-sundays-nebraska-rally-with-trump-and-herbster\/\" \/>\n<meta property=\"og:locale\" content=\"en_US\" \/>\n<meta property=\"og:type\" content=\"article\" \/>\n<meta property=\"og:title\" content=\"Press release: NDP\u2019s Kleeb comments following Sunday\u2019s Nebraska rally with Trump and Herbster &#8211; Nebraska Democratic Party\" \/>\n<meta property=\"og:description\" content=\"Nebraska Democratic Party Chair Jane Kleeb issued the following statement in reaction to Sunday&#8217;s Nebraska rally by former President Donald Trump for gubernatorial hopeful Charles Herbster who is endorsed by Trump. Herbster was recently accused of groping by eight women. Herbster helped fund the Stop the Steal event and was in the room with the ... Read more\" \/>\n<meta property=\"og:url\" content=\"https:\/\/nebraskademocrats.org\/su\/press-releases\/press-release-ndps-kleeb-comments-following-sundays-nebraska-rally-with-trump-and-herbster\/\" \/>\n<meta property=\"og:site_name\" content=\"Nebraska Democratic Party\" \/>\n<meta property=\"article:publisher\" content=\"https:\/\/www.facebook.com\/NebraskaDemocraticParty\/\" \/>\n<meta property=\"article:published_time\" content=\"2022-05-02T00:08:25+00:00\" \/>\n<meta property=\"og:image\" content=\"https:\/\/nebraskademocrats.org\/wp-content\/uploads\/2018\/09\/ne-dems-fb.jpg\" \/>\n\t<meta property=\"og:image:width\" content=\"1200\" \/>\n\t<meta property=\"og:image:height\" content=\"630\" \/>\n\t<meta property=\"og:image:type\" content=\"image\/jpeg\" \/>\n<meta name=\"author\" content=\"Precious McKesson\" \/>\n<meta name=\"twitter:card\" content=\"summary_large_image\" \/>\n<meta name=\"twitter:creator\" content=\"@nebraskadems\" \/>\n<meta name=\"twitter:site\" content=\"@nebraskadems\" \/>\n<meta name=\"twitter:label1\" content=\"Written by\" \/>\n\t<meta name=\"twitter:data1\" content=\"Precious McKesson\" \/>\n\t<meta name=\"twitter:label2\" content=\"Est. reading time\" \/>\n\t<meta name=\"twitter:data2\" content=\"1 minute\" \/>\n<script type=\"application\/ld+json\" class=\"yoast-schema-graph\">{\"@context\":\"https:\\\/\\\/schema.org\",\"@graph\":[{\"@type\":\"Article\",\"@id\":\"https:\\\/\\\/nebraskademocrats.org\\\/press-releases\\\/press-release-ndps-kleeb-comments-following-sundays-nebraska-rally-with-trump-and-herbster\\\/#article\",\"isPartOf\":{\"@id\":\"https:\\\/\\\/nebraskademocrats.org\\\/press-releases\\\/press-release-ndps-kleeb-comments-following-sundays-nebraska-rally-with-trump-and-herbster\\\/\"},\"author\":{\"name\":\"Precious McKesson\",\"@id\":\"https:\\\/\\\/nebraskademocrats.org\\\/#\\\/schema\\\/person\\\/33e011ea0795f404810dc40828bcf289\"},\"headline\":\"Press release: NDP\u2019s Kleeb comments following Sunday\u2019s Nebraska rally with Trump and Herbster\",\"datePublished\":\"2022-05-02T00:08:25+00:00\",\"mainEntityOfPage\":{\"@id\":\"https:\\\/\\\/nebraskademocrats.org\\\/press-releases\\\/press-release-ndps-kleeb-comments-following-sundays-nebraska-rally-with-trump-and-herbster\\\/\"},\"wordCount\":217,\"publisher\":{\"@id\":\"https:\\\/\\\/nebraskademocrats.org\\\/#organization\"},\"articleSection\":[\"Press Releases\"],\"inLanguage\":\"su\"},{\"@type\":\"WebPage\",\"@id\":\"https:\\\/\\\/nebraskademocrats.org\\\/press-releases\\\/press-release-ndps-kleeb-comments-following-sundays-nebraska-rally-with-trump-and-herbster\\\/\",\"url\":\"https:\\\/\\\/nebraskademocrats.org\\\/press-releases\\\/press-release-ndps-kleeb-comments-following-sundays-nebraska-rally-with-trump-and-herbster\\\/\",\"name\":\"Press release: NDP\u2019s Kleeb comments following Sunday\u2019s Nebraska rally with Trump and Herbster &#8211; Nebraska Democratic Party\",\"isPartOf\":{\"@id\":\"https:\\\/\\\/nebraskademocrats.org\\\/#website\"},\"datePublished\":\"2022-05-02T00:08:25+00:00\",\"breadcrumb\":{\"@id\":\"https:\\\/\\\/nebraskademocrats.org\\\/press-releases\\\/press-release-ndps-kleeb-comments-following-sundays-nebraska-rally-with-trump-and-herbster\\\/#breadcrumb\"},\"inLanguage\":\"su\",\"potentialAction\":[{\"@type\":\"ReadAction\",\"target\":[\"https:\\\/\\\/nebraskademocrats.org\\\/press-releases\\\/press-release-ndps-kleeb-comments-following-sundays-nebraska-rally-with-trump-and-herbster\\\/\"]}]},{\"@type\":\"BreadcrumbList\",\"@id\":\"https:\\\/\\\/nebraskademocrats.org\\\/press-releases\\\/press-release-ndps-kleeb-comments-following-sundays-nebraska-rally-with-trump-and-herbster\\\/#breadcrumb\",\"itemListElement\":[{\"@type\":\"ListItem\",\"position\":1,\"name\":\"Home\",\"item\":\"https:\\\/\\\/nebraskademocrats.org\\\/\"},{\"@type\":\"ListItem\",\"position\":2,\"name\":\"Press release: NDP\u2019s Kleeb comments following Sunday\u2019s Nebraska rally with Trump and Herbster\"}]},{\"@type\":\"WebSite\",\"@id\":\"https:\\\/\\\/nebraskademocrats.org\\\/#website\",\"url\":\"https:\\\/\\\/nebraskademocrats.org\\\/\",\"name\":\"Nebraska Democratic Party\",\"description\":\"Growing the Good Life for All Nebraskans\",\"publisher\":{\"@id\":\"https:\\\/\\\/nebraskademocrats.org\\\/#organization\"},\"potentialAction\":[{\"@type\":\"SearchAction\",\"target\":{\"@type\":\"EntryPoint\",\"urlTemplate\":\"https:\\\/\\\/nebraskademocrats.org\\\/?s={search_term_string}\"},\"query-input\":{\"@type\":\"PropertyValueSpecification\",\"valueRequired\":true,\"valueName\":\"search_term_string\"}}],\"inLanguage\":\"su\"},{\"@type\":\"Organization\",\"@id\":\"https:\\\/\\\/nebraskademocrats.org\\\/#organization\",\"name\":\"Nebraska Democratic Party\",\"url\":\"https:\\\/\\\/nebraskademocrats.org\\\/\",\"logo\":{\"@type\":\"ImageObject\",\"inLanguage\":\"su\",\"@id\":\"https:\\\/\\\/nebraskademocrats.org\\\/#\\\/schema\\\/logo\\\/image\\\/\",\"url\":\"https:\\\/\\\/nebraskadem.wpenginepowered.com\\\/wp-content\\\/uploads\\\/2016\\\/05\\\/NDP2.jpg\",\"contentUrl\":\"https:\\\/\\\/nebraskadem.wpenginepowered.com\\\/wp-content\\\/uploads\\\/2016\\\/05\\\/NDP2.jpg\",\"width\":1000,\"height\":396,\"caption\":\"Nebraska Democratic Party\"},\"image\":{\"@id\":\"https:\\\/\\\/nebraskademocrats.org\\\/#\\\/schema\\\/logo\\\/image\\\/\"},\"sameAs\":[\"https:\\\/\\\/www.facebook.com\\\/NebraskaDemocraticParty\\\/\",\"https:\\\/\\\/x.com\\\/nebraskadems\"]},{\"@type\":\"Person\",\"@id\":\"https:\\\/\\\/nebraskademocrats.org\\\/#\\\/schema\\\/person\\\/33e011ea0795f404810dc40828bcf289\",\"name\":\"Precious McKesson\",\"image\":{\"@type\":\"ImageObject\",\"inLanguage\":\"su\",\"@id\":\"https:\\\/\\\/secure.gravatar.com\\\/avatar\\\/35046e19b3373116ec64c07d386d3312028d3820dc0ffe65c344bcebc8ea9194?s=96&d=mm&r=g\",\"url\":\"https:\\\/\\\/secure.gravatar.com\\\/avatar\\\/35046e19b3373116ec64c07d386d3312028d3820dc0ffe65c344bcebc8ea9194?s=96&d=mm&r=g\",\"contentUrl\":\"https:\\\/\\\/secure.gravatar.com\\\/avatar\\\/35046e19b3373116ec64c07d386d3312028d3820dc0ffe65c344bcebc8ea9194?s=96&d=mm&r=g\",\"caption\":\"Precious McKesson\"}}]}<\/script>\n<!-- \/ Yoast SEO plugin. -->","yoast_head_json":{"title":"Press release: NDP\u2019s Kleeb comments following Sunday\u2019s Nebraska rally with Trump and Herbster &#8211; Nebraska Democratic Party","robots":{"index":"index","follow":"follow","max-snippet":"max-snippet:-1","max-image-preview":"max-image-preview:large","max-video-preview":"max-video-preview:-1"},"canonical":"https:\/\/nebraskademocrats.org\/su\/press-releases\/press-release-ndps-kleeb-comments-following-sundays-nebraska-rally-with-trump-and-herbster\/","og_locale":"en_US","og_type":"article","og_title":"Press release: NDP\u2019s Kleeb comments following Sunday\u2019s Nebraska rally with Trump and Herbster &#8211; Nebraska Democratic Party","og_description":"Nebraska Democratic Party Chair Jane Kleeb issued the following statement in reaction to Sunday&#8217;s Nebraska rally by former President Donald Trump for gubernatorial hopeful Charles Herbster who is endorsed by Trump. Herbster was recently accused of groping by eight women. Herbster helped fund the Stop the Steal event and was in the room with the ... Read more","og_url":"https:\/\/nebraskademocrats.org\/su\/press-releases\/press-release-ndps-kleeb-comments-following-sundays-nebraska-rally-with-trump-and-herbster\/","og_site_name":"Nebraska Democratic Party","article_publisher":"https:\/\/www.facebook.com\/NebraskaDemocraticParty\/","article_published_time":"2022-05-02T00:08:25+00:00","og_image":[{"width":1200,"height":630,"url":"https:\/\/nebraskademocrats.org\/wp-content\/uploads\/2018\/09\/ne-dems-fb.jpg","type":"image\/jpeg"}],"author":"Precious McKesson","twitter_card":"summary_large_image","twitter_creator":"@nebraskadems","twitter_site":"@nebraskadems","twitter_misc":{"Written by":"Precious McKesson","Est. reading time":"1 minute"},"schema":{"@context":"https:\/\/schema.org","@graph":[{"@type":"Article","@id":"https:\/\/nebraskademocrats.org\/press-releases\/press-release-ndps-kleeb-comments-following-sundays-nebraska-rally-with-trump-and-herbster\/#article","isPartOf":{"@id":"https:\/\/nebraskademocrats.org\/press-releases\/press-release-ndps-kleeb-comments-following-sundays-nebraska-rally-with-trump-and-herbster\/"},"author":{"name":"Precious McKesson","@id":"https:\/\/nebraskademocrats.org\/#\/schema\/person\/33e011ea0795f404810dc40828bcf289"},"headline":"Press release: NDP\u2019s Kleeb comments following Sunday\u2019s Nebraska rally with Trump and Herbster","datePublished":"2022-05-02T00:08:25+00:00","mainEntityOfPage":{"@id":"https:\/\/nebraskademocrats.org\/press-releases\/press-release-ndps-kleeb-comments-following-sundays-nebraska-rally-with-trump-and-herbster\/"},"wordCount":217,"publisher":{"@id":"https:\/\/nebraskademocrats.org\/#organization"},"articleSection":["Press Releases"],"inLanguage":"su"},{"@type":"WebPage","@id":"https:\/\/nebraskademocrats.org\/press-releases\/press-release-ndps-kleeb-comments-following-sundays-nebraska-rally-with-trump-and-herbster\/","url":"https:\/\/nebraskademocrats.org\/press-releases\/press-release-ndps-kleeb-comments-following-sundays-nebraska-rally-with-trump-and-herbster\/","name":"Press release: NDP\u2019s Kleeb comments following Sunday\u2019s Nebraska rally with Trump and Herbster &#8211; Nebraska Democratic Party","isPartOf":{"@id":"https:\/\/nebraskademocrats.org\/#website"},"datePublished":"2022-05-02T00:08:25+00:00","breadcrumb":{"@id":"https:\/\/nebraskademocrats.org\/press-releases\/press-release-ndps-kleeb-comments-following-sundays-nebraska-rally-with-trump-and-herbster\/#breadcrumb"},"inLanguage":"su","potentialAction":[{"@type":"ReadAction","target":["https:\/\/nebraskademocrats.org\/press-releases\/press-release-ndps-kleeb-comments-following-sundays-nebraska-rally-with-trump-and-herbster\/"]}]},{"@type":"BreadcrumbList","@id":"https:\/\/nebraskademocrats.org\/press-releases\/press-release-ndps-kleeb-comments-following-sundays-nebraska-rally-with-trump-and-herbster\/#breadcrumb","itemListElement":[{"@type":"ListItem","position":1,"name":"Home","item":"https:\/\/nebraskademocrats.org\/"},{"@type":"ListItem","position":2,"name":"Press release: NDP\u2019s Kleeb comments following Sunday\u2019s Nebraska rally with Trump and Herbster"}]},{"@type":"WebSite","@id":"https:\/\/nebraskademocrats.org\/#website","url":"https:\/\/nebraskademocrats.org\/","name":"Nebraska Democratic Party","description":"Tumuwuh Kahirupan Anu Sa\u00e9 pikeun Sadayana Nebraskan","publisher":{"@id":"https:\/\/nebraskademocrats.org\/#organization"},"potentialAction":[{"@type":"SearchAction","target":{"@type":"EntryPoint","urlTemplate":"https:\/\/nebraskademocrats.org\/?s={search_term_string}"},"query-input":{"@type":"PropertyValueSpecification","valueRequired":true,"valueName":"search_term_string"}}],"inLanguage":"su"},{"@type":"Organization","@id":"https:\/\/nebraskademocrats.org\/#organization","name":"Nebraska Democratic Party","url":"https:\/\/nebraskademocrats.org\/","logo":{"@type":"ImageObject","inLanguage":"su","@id":"https:\/\/nebraskademocrats.org\/#\/schema\/logo\/image\/","url":"https:\/\/nebraskadem.wpenginepowered.com\/wp-content\/uploads\/2016\/05\/NDP2.jpg","contentUrl":"https:\/\/nebraskadem.wpenginepowered.com\/wp-content\/uploads\/2016\/05\/NDP2.jpg","width":1000,"height":396,"caption":"Nebraska Democratic Party"},"image":{"@id":"https:\/\/nebraskademocrats.org\/#\/schema\/logo\/image\/"},"sameAs":["https:\/\/www.facebook.com\/NebraskaDemocraticParty\/","https:\/\/x.com\/nebraskadems"]},{"@type":"Person","@id":"https:\/\/nebraskademocrats.org\/#\/schema\/person\/33e011ea0795f404810dc40828bcf289","name":"McKesson mulia","image":{"@type":"ImageObject","inLanguage":"su","@id":"https:\/\/secure.gravatar.com\/avatar\/35046e19b3373116ec64c07d386d3312028d3820dc0ffe65c344bcebc8ea9194?s=96&d=mm&r=g","url":"https:\/\/secure.gravatar.com\/avatar\/35046e19b3373116ec64c07d386d3312028d3820dc0ffe65c344bcebc8ea9194?s=96&d=mm&r=g","contentUrl":"https:\/\/secure.gravatar.com\/avatar\/35046e19b3373116ec64c07d386d3312028d3820dc0ffe65c344bcebc8ea9194?s=96&d=mm&r=g","caption":"Precious McKesson"}}]}},"_links":{"self":[{"href":"https:\/\/nebraskademocrats.org\/su\/wp-json\/wp\/v2\/posts\/37805","targetHints":{"allow":["GET"]}}],"collection":[{"href":"https:\/\/nebraskademocrats.org\/su\/wp-json\/wp\/v2\/posts"}],"about":[{"href":"https:\/\/nebraskademocrats.org\/su\/wp-json\/wp\/v2\/types\/post"}],"author":[{"embeddable":true,"href":"https:\/\/nebraskademocrats.org\/su\/wp-json\/wp\/v2\/users\/19"}],"replies":[{"embeddable":true,"href":"https:\/\/nebraskademocrats.org\/su\/wp-json\/wp\/v2\/comments?post=37805"}],"version-history":[{"count":0,"href":"https:\/\/nebraskademocrats.org\/su\/wp-json\/wp\/v2\/posts\/37805\/revisions"}],"wp:attachment":[{"href":"https:\/\/nebraskademocrats.org\/su\/wp-json\/wp\/v2\/media?parent=37805"}],"wp:term":[{"taxonomy":"category","embeddable":true,"href":"https:\/\/nebraskademocrats.org\/su\/wp-json\/wp\/v2\/categories?post=37805"},{"taxonomy":"post_tag","embeddable":true,"href":"https:\/\/nebraskademocrats.org\/su\/wp-json\/wp\/v2\/tags?post=37805"}],"curies":[{"name":"wp","href":"https:\/\/api.w.org\/{rel}","templated":true}]}}