{"id":38660,"date":"2022-07-19T13:10:49","date_gmt":"2022-07-19T18:10:49","guid":{"rendered":"https:\/\/nebraskadem.wpenginepowered.com\/?p=38660"},"modified":"2022-07-19T13:10:49","modified_gmt":"2022-07-19T18:10:49","slug":"vargas-assails-bacon-for-taking-nra-money-days-after-uvalde-shooting","status":"publish","type":"post","link":"https:\/\/nebraskademocrats.org\/su\/press-releases\/vargas-assails-bacon-for-taking-nra-money-days-after-uvalde-shooting\/","title":{"rendered":"Vargas assails Bacon pikeun nyokot duit NRA po\u00e9 sanggeus shooting Uvalde"},"content":{"rendered":"<div class=\"\" data-block=\"true\" data-editor=\"bbu9v\" data-offset-key=\"5kt4l-0-0\">\n<div class=\"_1mf _1mj\" data-offset-key=\"5kt4l-0-0\"><span data-offset-key=\"5kt4l-0-0\">Nembe diterbitkeun laporan FEC kuartal kadua n\u00e9mbongkeun Rep Republik Don Bacon narima ampir $5,000 kontribusi ti Asosiasi bedil Nasional on May 31, ngan sababaraha po\u00e9 sanggeus shooting massa tragis di Uvalde, Tex. kontribusi \u00e9ta, nu dibawa karir Bacon urang total waragad ti NRA ka $15,400, <\/span><span data-offset-key=\"5kt4l-1-0\">sumping<\/span><span data-offset-key=\"5kt4l-2-0\"> bari Republicans jeung Demokrat \u00e9ta di satengahing negotiating hiji pasatujuan kaamanan gun Landmark nu duanana pihak bisa ngarojong tur bakal nyalametkeun nyawa.<\/span><\/div>\n<\/div>\n<div class=\"\" data-block=\"true\" data-editor=\"bbu9v\" data-offset-key=\"b3426-0-0\">\n<div class=\"_1mf _1mj\" data-offset-key=\"b3426-0-0\"><span data-offset-key=\"b3426-0-0\">\u00a0<\/span><\/div>\n<\/div>\n<div class=\"\" data-block=\"true\" data-editor=\"bbu9v\" data-offset-key=\"5sjc-0-0\">\n<div class=\"_1mf _1mj\" data-offset-key=\"5sjc-0-0\">Teras ngan dua minggu saatos nyandak artos NRA, Bacon milih ngalawan akal sehat \u00e9ta, bil reformasi gun bipartisan anu dirojong ku ampir 30 Republik Kongr\u00e9s.<\/div>\n<\/div>\n<div class=\"\" data-block=\"true\" data-editor=\"bbu9v\" data-offset-key=\"ergac-0-0\">\n<div class=\"_1mf _1mj\" data-offset-key=\"ergac-0-0\"><span data-offset-key=\"ergac-0-0\">\u00a0<\/span><\/div>\n<\/div>\n<div class=\"\" data-block=\"true\" data-editor=\"bbu9v\" data-offset-key=\"1jr0v-0-0\">\n<div class=\"_1mf _1mj\" data-offset-key=\"1jr0v-0-0\"><span data-offset-key=\"1jr0v-0-0\">lawan D\u00e9mokratik na dina lomba CD2, kaayaan Sen Tony <\/span>Vargas, ngaluarkeun pernyataan di handap ieu pikeun ngar\u00e9spon:<\/div>\n<\/div>\n<div class=\"\" data-block=\"true\" data-editor=\"bbu9v\" data-offset-key=\"7d37q-0-0\">\n<div class=\"_1mf _1mj\" data-offset-key=\"7d37q-0-0\"><span data-offset-key=\"7d37q-0-0\">\u00a0<\/span><\/div>\n<\/div>\n<div class=\"\" data-block=\"true\" data-editor=\"bbu9v\" data-offset-key=\"njmu-0-0\">\n<div class=\"_1mf _1mj\" data-offset-key=\"njmu-0-0\">&quot;Narima bayaran anu san\u00e9s ku NRA ngan ukur sababaraha dinten saatos pan\u00e9mbak massal, waktos ieu di sakola dimana 19 murangkalih dibunuh, nunjukkeun kumaha teu aya hubungan sareng Don Bacon anu disebat. Geus waktuna urang ngaluluskeun hukum gun akal sehat pikeun ngajaga komunitas urang aman sareng nyegah tragedi anu teu masuk akal ieu, tapi Bacon ngan ukur ngajawab kana NRA.<\/div>\n<\/div>\n<div class=\"\" data-block=\"true\" data-editor=\"bbu9v\" data-offset-key=\"6mcp0-0-0\">\n<div class=\"_1mf _1mj\" data-offset-key=\"6mcp0-0-0\"><span data-offset-key=\"6mcp0-0-0\">\u00a0<\/span><\/div>\n<\/div>\n<div class=\"\" data-block=\"true\" data-editor=\"bbu9v\" data-offset-key=\"cv6ah-0-0\">\n<div class=\"_1mf _1mj\" data-offset-key=\"cv6ah-0-0\">Nembe diterbitkeun laporan FEC kuartal kadua n\u00e9mbongkeun b\u00e9da Stark dina fundraising antara incumbent Bacon na Vargas, anu kakuatan terus tumuwuh.<\/p>\n<p>Bacon, anu salaku incumbent dina lomba ieu, kudu boga kaunggulan dina fundraising, ieu outraised ku ampir $150,000. Og\u00e9 penting nya\u00e9ta b\u00e9dana dina basis donor - rojongan akar umbi Vargas ti Nebraskans jauh outpaces Bacon urang, anu duit lolobana ti PACs kapentingan husus sarta lobbyists.<\/p><\/div>\n<\/div>","protected":false},"excerpt":{"rendered":"<p>Recently published second quarter FEC reports show Republican Rep. Don Bacon accepted a nearly $5,000 contribution from the National Rifle Association on May 31, just days after the tragic mass shooting in Uvalde, Tex. That contribution, which brought Bacon\u2019s career total funding from the NRA to $15,400, came while Republicans and Democrats were in the &#8230; <a title=\"Vargas assails Bacon pikeun nyokot duit NRA po\u00e9 sanggeus shooting Uvalde\" class=\"read-more\" href=\"https:\/\/nebraskademocrats.org\/su\/press-releases\/vargas-assails-bacon-for-taking-nra-money-days-after-uvalde-shooting\/\" aria-label=\"More on Vargas assails Bacon for taking NRA money days after Uvalde shooting\">Maca deui<\/a><\/p>","protected":false},"author":19,"featured_media":0,"comment_status":"closed","ping_status":"closed","sticky":false,"template":"","format":"standard","meta":{"_acf_changed":false,"_exactmetrics_skip_tracking":false,"_exactmetrics_sitenote_active":false,"_exactmetrics_sitenote_note":"","_exactmetrics_sitenote_category":0,"footnotes":""},"categories":[4],"tags":[],"class_list":["post-38660","post","type-post","status-publish","format-standard","hentry","category-press-releases"],"acf":[],"yoast_head":"<!-- This site is optimized with the Yoast SEO plugin v27.4 - https:\/\/yoast.com\/product\/yoast-seo-wordpress\/ -->\n<title>Vargas assails Bacon for taking NRA money days after Uvalde shooting &#8211; Nebraska Democratic Party<\/title>\n<meta name=\"robots\" content=\"index, follow, max-snippet:-1, max-image-preview:large, max-video-preview:-1\" \/>\n<link rel=\"canonical\" href=\"https:\/\/nebraskademocrats.org\/su\/press-releases\/vargas-assails-bacon-for-taking-nra-money-days-after-uvalde-shooting\/\" \/>\n<meta property=\"og:locale\" content=\"en_US\" \/>\n<meta property=\"og:type\" content=\"article\" \/>\n<meta property=\"og:title\" content=\"Vargas assails Bacon for taking NRA money days after Uvalde shooting &#8211; Nebraska Democratic Party\" \/>\n<meta property=\"og:description\" content=\"Recently published second quarter FEC reports show Republican Rep. Don Bacon accepted a nearly $5,000 contribution from the National Rifle Association on May 31, just days after the tragic mass shooting in Uvalde, Tex. That contribution, which brought Bacon\u2019s career total funding from the NRA to $15,400, came while Republicans and Democrats were in the ... Read more\" \/>\n<meta property=\"og:url\" content=\"https:\/\/nebraskademocrats.org\/su\/press-releases\/vargas-assails-bacon-for-taking-nra-money-days-after-uvalde-shooting\/\" \/>\n<meta property=\"og:site_name\" content=\"Nebraska Democratic Party\" \/>\n<meta property=\"article:publisher\" content=\"https:\/\/www.facebook.com\/NebraskaDemocraticParty\/\" \/>\n<meta property=\"article:published_time\" content=\"2022-07-19T18:10:49+00:00\" \/>\n<meta property=\"og:image\" content=\"https:\/\/nebraskademocrats.org\/wp-content\/uploads\/2018\/09\/ne-dems-fb.jpg\" \/>\n\t<meta property=\"og:image:width\" content=\"1200\" \/>\n\t<meta property=\"og:image:height\" content=\"630\" \/>\n\t<meta property=\"og:image:type\" content=\"image\/jpeg\" \/>\n<meta name=\"author\" content=\"Precious McKesson\" \/>\n<meta name=\"twitter:card\" content=\"summary_large_image\" \/>\n<meta name=\"twitter:creator\" content=\"@nebraskadems\" \/>\n<meta name=\"twitter:site\" content=\"@nebraskadems\" \/>\n<meta name=\"twitter:label1\" content=\"Written by\" \/>\n\t<meta name=\"twitter:data1\" content=\"Precious McKesson\" \/>\n\t<meta name=\"twitter:label2\" content=\"Est. reading time\" \/>\n\t<meta name=\"twitter:data2\" content=\"2 minutes\" \/>\n<script type=\"application\/ld+json\" class=\"yoast-schema-graph\">{\"@context\":\"https:\\\/\\\/schema.org\",\"@graph\":[{\"@type\":\"Article\",\"@id\":\"https:\\\/\\\/nebraskademocrats.org\\\/zh\\\/press-releases\\\/vargas-assails-bacon-for-taking-nra-money-days-after-uvalde-shooting\\\/#article\",\"isPartOf\":{\"@id\":\"https:\\\/\\\/nebraskademocrats.org\\\/zh\\\/press-releases\\\/vargas-assails-bacon-for-taking-nra-money-days-after-uvalde-shooting\\\/\"},\"author\":{\"name\":\"Precious McKesson\",\"@id\":\"https:\\\/\\\/nebraskademocrats.org\\\/#\\\/schema\\\/person\\\/33e011ea0795f404810dc40828bcf289\"},\"headline\":\"Vargas assails Bacon for taking NRA money days after Uvalde shooting\",\"datePublished\":\"2022-07-19T18:10:49+00:00\",\"mainEntityOfPage\":{\"@id\":\"https:\\\/\\\/nebraskademocrats.org\\\/zh\\\/press-releases\\\/vargas-assails-bacon-for-taking-nra-money-days-after-uvalde-shooting\\\/\"},\"wordCount\":251,\"publisher\":{\"@id\":\"https:\\\/\\\/nebraskademocrats.org\\\/#organization\"},\"articleSection\":[\"Press Releases\"],\"inLanguage\":\"su\"},{\"@type\":\"WebPage\",\"@id\":\"https:\\\/\\\/nebraskademocrats.org\\\/zh\\\/press-releases\\\/vargas-assails-bacon-for-taking-nra-money-days-after-uvalde-shooting\\\/\",\"url\":\"https:\\\/\\\/nebraskademocrats.org\\\/zh\\\/press-releases\\\/vargas-assails-bacon-for-taking-nra-money-days-after-uvalde-shooting\\\/\",\"name\":\"Vargas assails Bacon for taking NRA money days after Uvalde shooting &#8211; Nebraska Democratic Party\",\"isPartOf\":{\"@id\":\"https:\\\/\\\/nebraskademocrats.org\\\/#website\"},\"datePublished\":\"2022-07-19T18:10:49+00:00\",\"breadcrumb\":{\"@id\":\"https:\\\/\\\/nebraskademocrats.org\\\/zh\\\/press-releases\\\/vargas-assails-bacon-for-taking-nra-money-days-after-uvalde-shooting\\\/#breadcrumb\"},\"inLanguage\":\"su\",\"potentialAction\":[{\"@type\":\"ReadAction\",\"target\":[\"https:\\\/\\\/nebraskademocrats.org\\\/zh\\\/press-releases\\\/vargas-assails-bacon-for-taking-nra-money-days-after-uvalde-shooting\\\/\"]}]},{\"@type\":\"BreadcrumbList\",\"@id\":\"https:\\\/\\\/nebraskademocrats.org\\\/zh\\\/press-releases\\\/vargas-assails-bacon-for-taking-nra-money-days-after-uvalde-shooting\\\/#breadcrumb\",\"itemListElement\":[{\"@type\":\"ListItem\",\"position\":1,\"name\":\"Home\",\"item\":\"https:\\\/\\\/nebraskademocrats.org\\\/\"},{\"@type\":\"ListItem\",\"position\":2,\"name\":\"Vargas assails Bacon for taking NRA money days after Uvalde shooting\"}]},{\"@type\":\"WebSite\",\"@id\":\"https:\\\/\\\/nebraskademocrats.org\\\/#website\",\"url\":\"https:\\\/\\\/nebraskademocrats.org\\\/\",\"name\":\"Nebraska Democratic Party\",\"description\":\"Growing the Good Life for All Nebraskans\",\"publisher\":{\"@id\":\"https:\\\/\\\/nebraskademocrats.org\\\/#organization\"},\"potentialAction\":[{\"@type\":\"SearchAction\",\"target\":{\"@type\":\"EntryPoint\",\"urlTemplate\":\"https:\\\/\\\/nebraskademocrats.org\\\/?s={search_term_string}\"},\"query-input\":{\"@type\":\"PropertyValueSpecification\",\"valueRequired\":true,\"valueName\":\"search_term_string\"}}],\"inLanguage\":\"su\"},{\"@type\":\"Organization\",\"@id\":\"https:\\\/\\\/nebraskademocrats.org\\\/#organization\",\"name\":\"Nebraska Democratic Party\",\"url\":\"https:\\\/\\\/nebraskademocrats.org\\\/\",\"logo\":{\"@type\":\"ImageObject\",\"inLanguage\":\"su\",\"@id\":\"https:\\\/\\\/nebraskademocrats.org\\\/#\\\/schema\\\/logo\\\/image\\\/\",\"url\":\"https:\\\/\\\/nebraskadem.wpenginepowered.com\\\/wp-content\\\/uploads\\\/2016\\\/05\\\/NDP2.jpg\",\"contentUrl\":\"https:\\\/\\\/nebraskadem.wpenginepowered.com\\\/wp-content\\\/uploads\\\/2016\\\/05\\\/NDP2.jpg\",\"width\":1000,\"height\":396,\"caption\":\"Nebraska Democratic Party\"},\"image\":{\"@id\":\"https:\\\/\\\/nebraskademocrats.org\\\/#\\\/schema\\\/logo\\\/image\\\/\"},\"sameAs\":[\"https:\\\/\\\/www.facebook.com\\\/NebraskaDemocraticParty\\\/\",\"https:\\\/\\\/x.com\\\/nebraskadems\"]},{\"@type\":\"Person\",\"@id\":\"https:\\\/\\\/nebraskademocrats.org\\\/#\\\/schema\\\/person\\\/33e011ea0795f404810dc40828bcf289\",\"name\":\"Precious McKesson\",\"image\":{\"@type\":\"ImageObject\",\"inLanguage\":\"su\",\"@id\":\"https:\\\/\\\/secure.gravatar.com\\\/avatar\\\/35046e19b3373116ec64c07d386d3312028d3820dc0ffe65c344bcebc8ea9194?s=96&d=mm&r=g\",\"url\":\"https:\\\/\\\/secure.gravatar.com\\\/avatar\\\/35046e19b3373116ec64c07d386d3312028d3820dc0ffe65c344bcebc8ea9194?s=96&d=mm&r=g\",\"contentUrl\":\"https:\\\/\\\/secure.gravatar.com\\\/avatar\\\/35046e19b3373116ec64c07d386d3312028d3820dc0ffe65c344bcebc8ea9194?s=96&d=mm&r=g\",\"caption\":\"Precious McKesson\"}}]}<\/script>\n<!-- \/ Yoast SEO plugin. -->","yoast_head_json":{"title":"Vargas assails Bacon for taking NRA money days after Uvalde shooting &#8211; Nebraska Democratic Party","robots":{"index":"index","follow":"follow","max-snippet":"max-snippet:-1","max-image-preview":"max-image-preview:large","max-video-preview":"max-video-preview:-1"},"canonical":"https:\/\/nebraskademocrats.org\/su\/press-releases\/vargas-assails-bacon-for-taking-nra-money-days-after-uvalde-shooting\/","og_locale":"en_US","og_type":"article","og_title":"Vargas assails Bacon for taking NRA money days after Uvalde shooting &#8211; Nebraska Democratic Party","og_description":"Recently published second quarter FEC reports show Republican Rep. Don Bacon accepted a nearly $5,000 contribution from the National Rifle Association on May 31, just days after the tragic mass shooting in Uvalde, Tex. That contribution, which brought Bacon\u2019s career total funding from the NRA to $15,400, came while Republicans and Democrats were in the ... Read more","og_url":"https:\/\/nebraskademocrats.org\/su\/press-releases\/vargas-assails-bacon-for-taking-nra-money-days-after-uvalde-shooting\/","og_site_name":"Nebraska Democratic Party","article_publisher":"https:\/\/www.facebook.com\/NebraskaDemocraticParty\/","article_published_time":"2022-07-19T18:10:49+00:00","og_image":[{"width":1200,"height":630,"url":"https:\/\/nebraskademocrats.org\/wp-content\/uploads\/2018\/09\/ne-dems-fb.jpg","type":"image\/jpeg"}],"author":"Precious McKesson","twitter_card":"summary_large_image","twitter_creator":"@nebraskadems","twitter_site":"@nebraskadems","twitter_misc":{"Written by":"Precious McKesson","Est. reading time":"2 minutes"},"schema":{"@context":"https:\/\/schema.org","@graph":[{"@type":"Article","@id":"https:\/\/nebraskademocrats.org\/zh\/press-releases\/vargas-assails-bacon-for-taking-nra-money-days-after-uvalde-shooting\/#article","isPartOf":{"@id":"https:\/\/nebraskademocrats.org\/zh\/press-releases\/vargas-assails-bacon-for-taking-nra-money-days-after-uvalde-shooting\/"},"author":{"name":"Precious McKesson","@id":"https:\/\/nebraskademocrats.org\/#\/schema\/person\/33e011ea0795f404810dc40828bcf289"},"headline":"Vargas assails Bacon for taking NRA money days after Uvalde shooting","datePublished":"2022-07-19T18:10:49+00:00","mainEntityOfPage":{"@id":"https:\/\/nebraskademocrats.org\/zh\/press-releases\/vargas-assails-bacon-for-taking-nra-money-days-after-uvalde-shooting\/"},"wordCount":251,"publisher":{"@id":"https:\/\/nebraskademocrats.org\/#organization"},"articleSection":["Press Releases"],"inLanguage":"su"},{"@type":"WebPage","@id":"https:\/\/nebraskademocrats.org\/zh\/press-releases\/vargas-assails-bacon-for-taking-nra-money-days-after-uvalde-shooting\/","url":"https:\/\/nebraskademocrats.org\/zh\/press-releases\/vargas-assails-bacon-for-taking-nra-money-days-after-uvalde-shooting\/","name":"Vargas assails Bacon for taking NRA money days after Uvalde shooting &#8211; Nebraska Democratic Party","isPartOf":{"@id":"https:\/\/nebraskademocrats.org\/#website"},"datePublished":"2022-07-19T18:10:49+00:00","breadcrumb":{"@id":"https:\/\/nebraskademocrats.org\/zh\/press-releases\/vargas-assails-bacon-for-taking-nra-money-days-after-uvalde-shooting\/#breadcrumb"},"inLanguage":"su","potentialAction":[{"@type":"ReadAction","target":["https:\/\/nebraskademocrats.org\/zh\/press-releases\/vargas-assails-bacon-for-taking-nra-money-days-after-uvalde-shooting\/"]}]},{"@type":"BreadcrumbList","@id":"https:\/\/nebraskademocrats.org\/zh\/press-releases\/vargas-assails-bacon-for-taking-nra-money-days-after-uvalde-shooting\/#breadcrumb","itemListElement":[{"@type":"ListItem","position":1,"name":"Home","item":"https:\/\/nebraskademocrats.org\/"},{"@type":"ListItem","position":2,"name":"Vargas assails Bacon for taking NRA money days after Uvalde shooting"}]},{"@type":"WebSite","@id":"https:\/\/nebraskademocrats.org\/#website","url":"https:\/\/nebraskademocrats.org\/","name":"Nebraska Democratic Party","description":"Tumuwuh Kahirupan Anu Sa\u00e9 pikeun Sadayana Nebraskan","publisher":{"@id":"https:\/\/nebraskademocrats.org\/#organization"},"potentialAction":[{"@type":"SearchAction","target":{"@type":"EntryPoint","urlTemplate":"https:\/\/nebraskademocrats.org\/?s={search_term_string}"},"query-input":{"@type":"PropertyValueSpecification","valueRequired":true,"valueName":"search_term_string"}}],"inLanguage":"su"},{"@type":"Organization","@id":"https:\/\/nebraskademocrats.org\/#organization","name":"Nebraska Democratic Party","url":"https:\/\/nebraskademocrats.org\/","logo":{"@type":"ImageObject","inLanguage":"su","@id":"https:\/\/nebraskademocrats.org\/#\/schema\/logo\/image\/","url":"https:\/\/nebraskadem.wpenginepowered.com\/wp-content\/uploads\/2016\/05\/NDP2.jpg","contentUrl":"https:\/\/nebraskadem.wpenginepowered.com\/wp-content\/uploads\/2016\/05\/NDP2.jpg","width":1000,"height":396,"caption":"Nebraska Democratic Party"},"image":{"@id":"https:\/\/nebraskademocrats.org\/#\/schema\/logo\/image\/"},"sameAs":["https:\/\/www.facebook.com\/NebraskaDemocraticParty\/","https:\/\/x.com\/nebraskadems"]},{"@type":"Person","@id":"https:\/\/nebraskademocrats.org\/#\/schema\/person\/33e011ea0795f404810dc40828bcf289","name":"McKesson mulia","image":{"@type":"ImageObject","inLanguage":"su","@id":"https:\/\/secure.gravatar.com\/avatar\/35046e19b3373116ec64c07d386d3312028d3820dc0ffe65c344bcebc8ea9194?s=96&d=mm&r=g","url":"https:\/\/secure.gravatar.com\/avatar\/35046e19b3373116ec64c07d386d3312028d3820dc0ffe65c344bcebc8ea9194?s=96&d=mm&r=g","contentUrl":"https:\/\/secure.gravatar.com\/avatar\/35046e19b3373116ec64c07d386d3312028d3820dc0ffe65c344bcebc8ea9194?s=96&d=mm&r=g","caption":"Precious McKesson"}}]}},"_links":{"self":[{"href":"https:\/\/nebraskademocrats.org\/su\/wp-json\/wp\/v2\/posts\/38660","targetHints":{"allow":["GET"]}}],"collection":[{"href":"https:\/\/nebraskademocrats.org\/su\/wp-json\/wp\/v2\/posts"}],"about":[{"href":"https:\/\/nebraskademocrats.org\/su\/wp-json\/wp\/v2\/types\/post"}],"author":[{"embeddable":true,"href":"https:\/\/nebraskademocrats.org\/su\/wp-json\/wp\/v2\/users\/19"}],"replies":[{"embeddable":true,"href":"https:\/\/nebraskademocrats.org\/su\/wp-json\/wp\/v2\/comments?post=38660"}],"version-history":[{"count":0,"href":"https:\/\/nebraskademocrats.org\/su\/wp-json\/wp\/v2\/posts\/38660\/revisions"}],"wp:attachment":[{"href":"https:\/\/nebraskademocrats.org\/su\/wp-json\/wp\/v2\/media?parent=38660"}],"wp:term":[{"taxonomy":"category","embeddable":true,"href":"https:\/\/nebraskademocrats.org\/su\/wp-json\/wp\/v2\/categories?post=38660"},{"taxonomy":"post_tag","embeddable":true,"href":"https:\/\/nebraskademocrats.org\/su\/wp-json\/wp\/v2\/tags?post=38660"}],"curies":[{"name":"wp","href":"https:\/\/api.w.org\/{rel}","templated":true}]}}