{"id":3905,"date":"2018-01-31T13:27:48","date_gmt":"2018-01-31T19:27:48","guid":{"rendered":"http:\/\/nebraskadem.wpenginepowered.com\/?p=3905"},"modified":"2018-01-31T13:27:48","modified_gmt":"2018-01-31T19:27:48","slug":"rick-vest-to-run-for-lancaster-county-board-of-commissioners","status":"publish","type":"post","link":"https:\/\/nebraskademocrats.org\/su\/press-releases\/rick-vest-to-run-for-lancaster-county-board-of-commissioners\/","title":{"rendered":"Rick kutang ngajalankeun pikeun Lancaster County D\u00e9wan Komisaris"},"content":{"rendered":"<p><span style=\"font-weight: 400;\">\u00a0 \u00a0 \u00a0 \u00a0 Baheula kiwari 31. januari Rick kutang ngumumkeun y\u00e9n anjeunna bakal neangan pamilihan ka Lancaster County D\u00e9wan Komisaris di Kab 5. Kutang mangrupakeun Nebraskan lifelong kalawan akar jero di Lancaster County. Dina 1974, Vest ngamimitian karirna di Havelock Shops tina BNSF Railway salaku Carman Apprentice. Saatos sababaraha dekade salaku Journeyman Carman, Vest dipromosikeun ka jabatan General Claims di 2001, dimana anjeunna damel dugi ka pangsiun na di 2015.<\/span><\/p>\n<p><span style=\"font-weight: 400;\"> \u00a0\u00a0\u00a0\u00a0\u00a0\u00a0\u00a0<\/span> <span style=\"font-weight: 400;\">&quot;Kuring ngajalankeun pikeun D\u00e9wan County pikeun mawa kapamimpinan tanggung jawab ka pamar\u00e9ntah lokal urang,&quot; ceuk kutang. &quot;Saatos hirupna hirup di komunitas Nebraskan sareng damel di pabrik sareng padamelan kantor, kuring ngartos nilai-nilai anu ngajantenkeun kabupaten urang tempat anu sa\u00e9 pikeun hirup sareng ngangkat kulawarga. Nilai tanggung jawab komunitas urang, kompromi, sareng akal sehat bakal nungtun kuring nalika kuring janten Komisaris County.<\/span><\/p>\n<p><span style=\"font-weight: 400;\">\u00a0 \u00a0 \u00a0 \u00a0 \u00a0Salian pangalamanana di BNSF Railway, Vest ngagaduhan komitmen anu lami pikeun ngalayanan komunitasna. Anjeunna disertipikasi ku Nagara Nebraska dina Mediasi Dasar sareng Kulawarga di 1998 sareng ayeuna nuju Pusat Resolusi di Beatrice, Nebraska salaku Pupuhu. Anjeunna mangrupikeun bagian tina Tim Visitation Rumah Sakit pikeun First Plymouth Congregational Church, janten sukarelawan salaku palatih bask\u00e9t nonoman pikeun Martir Am\u00e9rika Kal\u00e9r, sareng janten spiker awam di United Methodist Church.<\/span><\/p>\n<p><span style=\"font-weight: 400;\"> \u00a0\u00a0\u00a0\u00a0\u00a0\u00a0\u00a0<\/span> <span style=\"font-weight: 400;\">Kutang nyorot pamakean dana pamar\u00e9ntah anu tanggung jawab, reformasi kaadilan kriminal, sareng investasi infrastruktur pinter salaku masalah utami na dina D\u00e9wan County. &quot;Komunitas urang percanten ka pamar\u00e9ntah lokal pikeun ngagunakeun dana publik kalayan tanggung jawab sareng akuntabilitas. Salaku Komisaris, kuring bakal mastikeun y\u00e9n warga meunang naon anu urang bayar pikeun: Palayanan publik anu cekap sareng jalan sareng sasak anu dijaga. Komitmen pikeun belanja tanggung jawab ieu nungtun posisi Vest dina sagala rupa masalah, kalebet reformasi kaadilan kriminal. Anjeunna mangrupikeun pendukung program anu bakal ngirangan panjara anu teu dipikabutuh pikeun palaku non-kekerasan di penjara kabupaten. &quot;Ngamajukeun rehabilitasi pikeun panjara pikeun palaku non-kekerasan bakal nurunkeun biaya sareng ngirangan nyinggung deui, nyaimbangkeun anggaran urang sareng ngajantenkeun komunitas urang langkung aman dina waktos anu sami.&quot;<\/span><\/p>\n<p><span style=\"font-weight: 400;\"> \u00a0\u00a0\u00a0\u00a0\u00a0\u00a0\u00a0<\/span> <span style=\"font-weight: 400;\">Lamun datang ka investasi infrastruktur, kutang ningali pentingna solusi inovatif pikeun isu menc\u00e9t county urang. &quot;Urang kedah ngajalajah sadaya pilihan dana anu sayogi pikeun kabutuhan infrastruktur penting urang. \u00c9ta kalebet milarian cara pikeun ngabiayaan proy\u00e9k umum tanpa ningkatkeun beban pajeg harta pikeun kulawarga sareng pensiunan.<\/span><\/p>\n<p><span style=\"font-weight: 400;\"> \u00a0\u00a0\u00a0\u00a0\u00a0\u00a0\u00a0<\/span> <span style=\"font-weight: 400;\">Kutang nganggap konsensus-wangunan fitur watesan layanan publik na. &quot;Salaku Komisaris County, kuring bakal ngahargaan pendapat kolega kuring sareng ngahijikeun aranjeunna pikeun ngadamel solusi anu pangsa\u00e9na. Dina dewan, kuring bakal dina bisnis ngawangun sasak antara dua sisi.<\/span><\/p>\n<p><span style=\"font-weight: 400;\"> \u00a0\u00a0\u00a0\u00a0\u00a0\u00a0\u00a0<\/span> <span style=\"font-weight: 400;\">Vest ayeuna cicing di Lincoln sareng pamajikanana, Fajar, sareng sering ny\u00e9\u00e9pkeun waktos sareng 8 murangkalih sareng 18 incu. Distrik 5 D\u00e9wan Lancaster County kalebet Northeast Lincoln, Waverly, sareng da\u00e9rah d\u00e9sa sakurilingna.<\/span><\/p>\n<p style=\"text-align: center;\"># # # #<\/p>","protected":false},"excerpt":{"rendered":"<p>\u00a0 \u00a0 \u00a0 \u00a0 Earlier today, Jan. 31st, Rick Vest announced that he would seek election to the Lancaster County Board of Commissioners in District 5. Vest is a lifelong Nebraskan with deep roots in Lancaster County. In 1974, Vest began his career in the Havelock Shops of the BNSF Railway as a Carman Apprentice. &#8230; <a title=\"Rick kutang ngajalankeun pikeun Lancaster County D\u00e9wan Komisaris\" class=\"read-more\" href=\"https:\/\/nebraskademocrats.org\/su\/press-releases\/rick-vest-to-run-for-lancaster-county-board-of-commissioners\/\" aria-label=\"More on Rick Vest to Run for Lancaster County Board of Commissioners\">Maca deui<\/a><\/p>","protected":false},"author":19,"featured_media":0,"comment_status":"closed","ping_status":"closed","sticky":false,"template":"","format":"standard","meta":{"_acf_changed":false,"_exactmetrics_skip_tracking":false,"_exactmetrics_sitenote_active":false,"_exactmetrics_sitenote_note":"","_exactmetrics_sitenote_category":0,"footnotes":""},"categories":[4],"tags":[],"class_list":["post-3905","post","type-post","status-publish","format-standard","hentry","category-press-releases"],"acf":[],"yoast_head":"<!-- This site is optimized with the Yoast SEO plugin v27.4 - https:\/\/yoast.com\/product\/yoast-seo-wordpress\/ -->\n<title>Rick Vest to Run for Lancaster County Board of Commissioners &#8211; Nebraska Democratic Party<\/title>\n<meta name=\"robots\" content=\"index, follow, max-snippet:-1, max-image-preview:large, max-video-preview:-1\" \/>\n<link rel=\"canonical\" href=\"https:\/\/nebraskademocrats.org\/su\/press-releases\/rick-vest-to-run-for-lancaster-county-board-of-commissioners\/\" \/>\n<meta property=\"og:locale\" content=\"en_US\" \/>\n<meta property=\"og:type\" content=\"article\" \/>\n<meta property=\"og:title\" content=\"Rick Vest to Run for Lancaster County Board of Commissioners &#8211; Nebraska Democratic Party\" \/>\n<meta property=\"og:description\" content=\"\u00a0 \u00a0 \u00a0 \u00a0 Earlier today, Jan. 31st, Rick Vest announced that he would seek election to the Lancaster County Board of Commissioners in District 5. Vest is a lifelong Nebraskan with deep roots in Lancaster County. In 1974, Vest began his career in the Havelock Shops of the BNSF Railway as a Carman Apprentice. ... Read more\" \/>\n<meta property=\"og:url\" content=\"https:\/\/nebraskademocrats.org\/su\/press-releases\/rick-vest-to-run-for-lancaster-county-board-of-commissioners\/\" \/>\n<meta property=\"og:site_name\" content=\"Nebraska Democratic Party\" \/>\n<meta property=\"article:publisher\" content=\"https:\/\/www.facebook.com\/NebraskaDemocraticParty\/\" \/>\n<meta property=\"article:published_time\" content=\"2018-01-31T19:27:48+00:00\" \/>\n<meta property=\"og:image\" content=\"https:\/\/nebraskademocrats.org\/wp-content\/uploads\/2018\/09\/ne-dems-fb.jpg\" \/>\n\t<meta property=\"og:image:width\" content=\"1200\" \/>\n\t<meta property=\"og:image:height\" content=\"630\" \/>\n\t<meta property=\"og:image:type\" content=\"image\/jpeg\" \/>\n<meta name=\"author\" content=\"Precious McKesson\" \/>\n<meta name=\"twitter:card\" content=\"summary_large_image\" \/>\n<meta name=\"twitter:creator\" content=\"@nebraskadems\" \/>\n<meta name=\"twitter:site\" content=\"@nebraskadems\" \/>\n<meta name=\"twitter:label1\" content=\"Written by\" \/>\n\t<meta name=\"twitter:data1\" content=\"Precious McKesson\" \/>\n\t<meta name=\"twitter:label2\" content=\"Est. reading time\" \/>\n\t<meta name=\"twitter:data2\" content=\"2 minutes\" \/>\n<script type=\"application\/ld+json\" class=\"yoast-schema-graph\">{\"@context\":\"https:\\\/\\\/schema.org\",\"@graph\":[{\"@type\":\"Article\",\"@id\":\"https:\\\/\\\/nebraskademocrats.org\\\/press-releases\\\/rick-vest-to-run-for-lancaster-county-board-of-commissioners\\\/#article\",\"isPartOf\":{\"@id\":\"https:\\\/\\\/nebraskademocrats.org\\\/press-releases\\\/rick-vest-to-run-for-lancaster-county-board-of-commissioners\\\/\"},\"author\":{\"name\":\"Precious McKesson\",\"@id\":\"https:\\\/\\\/nebraskademocrats.org\\\/#\\\/schema\\\/person\\\/33e011ea0795f404810dc40828bcf289\"},\"headline\":\"Rick Vest to Run for Lancaster County Board of Commissioners\",\"datePublished\":\"2018-01-31T19:27:48+00:00\",\"mainEntityOfPage\":{\"@id\":\"https:\\\/\\\/nebraskademocrats.org\\\/press-releases\\\/rick-vest-to-run-for-lancaster-county-board-of-commissioners\\\/\"},\"wordCount\":476,\"publisher\":{\"@id\":\"https:\\\/\\\/nebraskademocrats.org\\\/#organization\"},\"articleSection\":[\"Press Releases\"],\"inLanguage\":\"su\"},{\"@type\":\"WebPage\",\"@id\":\"https:\\\/\\\/nebraskademocrats.org\\\/press-releases\\\/rick-vest-to-run-for-lancaster-county-board-of-commissioners\\\/\",\"url\":\"https:\\\/\\\/nebraskademocrats.org\\\/press-releases\\\/rick-vest-to-run-for-lancaster-county-board-of-commissioners\\\/\",\"name\":\"Rick Vest to Run for Lancaster County Board of Commissioners &#8211; Nebraska Democratic Party\",\"isPartOf\":{\"@id\":\"https:\\\/\\\/nebraskademocrats.org\\\/#website\"},\"datePublished\":\"2018-01-31T19:27:48+00:00\",\"breadcrumb\":{\"@id\":\"https:\\\/\\\/nebraskademocrats.org\\\/press-releases\\\/rick-vest-to-run-for-lancaster-county-board-of-commissioners\\\/#breadcrumb\"},\"inLanguage\":\"su\",\"potentialAction\":[{\"@type\":\"ReadAction\",\"target\":[\"https:\\\/\\\/nebraskademocrats.org\\\/press-releases\\\/rick-vest-to-run-for-lancaster-county-board-of-commissioners\\\/\"]}]},{\"@type\":\"BreadcrumbList\",\"@id\":\"https:\\\/\\\/nebraskademocrats.org\\\/press-releases\\\/rick-vest-to-run-for-lancaster-county-board-of-commissioners\\\/#breadcrumb\",\"itemListElement\":[{\"@type\":\"ListItem\",\"position\":1,\"name\":\"Home\",\"item\":\"https:\\\/\\\/nebraskademocrats.org\\\/\"},{\"@type\":\"ListItem\",\"position\":2,\"name\":\"Rick Vest to Run for Lancaster County Board of Commissioners\"}]},{\"@type\":\"WebSite\",\"@id\":\"https:\\\/\\\/nebraskademocrats.org\\\/#website\",\"url\":\"https:\\\/\\\/nebraskademocrats.org\\\/\",\"name\":\"Nebraska Democratic Party\",\"description\":\"Growing the Good Life for All Nebraskans\",\"publisher\":{\"@id\":\"https:\\\/\\\/nebraskademocrats.org\\\/#organization\"},\"potentialAction\":[{\"@type\":\"SearchAction\",\"target\":{\"@type\":\"EntryPoint\",\"urlTemplate\":\"https:\\\/\\\/nebraskademocrats.org\\\/?s={search_term_string}\"},\"query-input\":{\"@type\":\"PropertyValueSpecification\",\"valueRequired\":true,\"valueName\":\"search_term_string\"}}],\"inLanguage\":\"su\"},{\"@type\":\"Organization\",\"@id\":\"https:\\\/\\\/nebraskademocrats.org\\\/#organization\",\"name\":\"Nebraska Democratic Party\",\"url\":\"https:\\\/\\\/nebraskademocrats.org\\\/\",\"logo\":{\"@type\":\"ImageObject\",\"inLanguage\":\"su\",\"@id\":\"https:\\\/\\\/nebraskademocrats.org\\\/#\\\/schema\\\/logo\\\/image\\\/\",\"url\":\"https:\\\/\\\/nebraskadem.wpenginepowered.com\\\/wp-content\\\/uploads\\\/2016\\\/05\\\/NDP2.jpg\",\"contentUrl\":\"https:\\\/\\\/nebraskadem.wpenginepowered.com\\\/wp-content\\\/uploads\\\/2016\\\/05\\\/NDP2.jpg\",\"width\":1000,\"height\":396,\"caption\":\"Nebraska Democratic Party\"},\"image\":{\"@id\":\"https:\\\/\\\/nebraskademocrats.org\\\/#\\\/schema\\\/logo\\\/image\\\/\"},\"sameAs\":[\"https:\\\/\\\/www.facebook.com\\\/NebraskaDemocraticParty\\\/\",\"https:\\\/\\\/x.com\\\/nebraskadems\"]},{\"@type\":\"Person\",\"@id\":\"https:\\\/\\\/nebraskademocrats.org\\\/#\\\/schema\\\/person\\\/33e011ea0795f404810dc40828bcf289\",\"name\":\"Precious McKesson\",\"image\":{\"@type\":\"ImageObject\",\"inLanguage\":\"su\",\"@id\":\"https:\\\/\\\/secure.gravatar.com\\\/avatar\\\/35046e19b3373116ec64c07d386d3312028d3820dc0ffe65c344bcebc8ea9194?s=96&d=mm&r=g\",\"url\":\"https:\\\/\\\/secure.gravatar.com\\\/avatar\\\/35046e19b3373116ec64c07d386d3312028d3820dc0ffe65c344bcebc8ea9194?s=96&d=mm&r=g\",\"contentUrl\":\"https:\\\/\\\/secure.gravatar.com\\\/avatar\\\/35046e19b3373116ec64c07d386d3312028d3820dc0ffe65c344bcebc8ea9194?s=96&d=mm&r=g\",\"caption\":\"Precious McKesson\"}}]}<\/script>\n<!-- \/ Yoast SEO plugin. -->","yoast_head_json":{"title":"Rick Vest to Run for Lancaster County Board of Commissioners &#8211; Nebraska Democratic Party","robots":{"index":"index","follow":"follow","max-snippet":"max-snippet:-1","max-image-preview":"max-image-preview:large","max-video-preview":"max-video-preview:-1"},"canonical":"https:\/\/nebraskademocrats.org\/su\/press-releases\/rick-vest-to-run-for-lancaster-county-board-of-commissioners\/","og_locale":"en_US","og_type":"article","og_title":"Rick Vest to Run for Lancaster County Board of Commissioners &#8211; Nebraska Democratic Party","og_description":"\u00a0 \u00a0 \u00a0 \u00a0 Earlier today, Jan. 31st, Rick Vest announced that he would seek election to the Lancaster County Board of Commissioners in District 5. Vest is a lifelong Nebraskan with deep roots in Lancaster County. In 1974, Vest began his career in the Havelock Shops of the BNSF Railway as a Carman Apprentice. ... Read more","og_url":"https:\/\/nebraskademocrats.org\/su\/press-releases\/rick-vest-to-run-for-lancaster-county-board-of-commissioners\/","og_site_name":"Nebraska Democratic Party","article_publisher":"https:\/\/www.facebook.com\/NebraskaDemocraticParty\/","article_published_time":"2018-01-31T19:27:48+00:00","og_image":[{"width":1200,"height":630,"url":"https:\/\/nebraskademocrats.org\/wp-content\/uploads\/2018\/09\/ne-dems-fb.jpg","type":"image\/jpeg"}],"author":"Precious McKesson","twitter_card":"summary_large_image","twitter_creator":"@nebraskadems","twitter_site":"@nebraskadems","twitter_misc":{"Written by":"Precious McKesson","Est. reading time":"2 minutes"},"schema":{"@context":"https:\/\/schema.org","@graph":[{"@type":"Article","@id":"https:\/\/nebraskademocrats.org\/press-releases\/rick-vest-to-run-for-lancaster-county-board-of-commissioners\/#article","isPartOf":{"@id":"https:\/\/nebraskademocrats.org\/press-releases\/rick-vest-to-run-for-lancaster-county-board-of-commissioners\/"},"author":{"name":"Precious McKesson","@id":"https:\/\/nebraskademocrats.org\/#\/schema\/person\/33e011ea0795f404810dc40828bcf289"},"headline":"Rick Vest to Run for Lancaster County Board of Commissioners","datePublished":"2018-01-31T19:27:48+00:00","mainEntityOfPage":{"@id":"https:\/\/nebraskademocrats.org\/press-releases\/rick-vest-to-run-for-lancaster-county-board-of-commissioners\/"},"wordCount":476,"publisher":{"@id":"https:\/\/nebraskademocrats.org\/#organization"},"articleSection":["Press Releases"],"inLanguage":"su"},{"@type":"WebPage","@id":"https:\/\/nebraskademocrats.org\/press-releases\/rick-vest-to-run-for-lancaster-county-board-of-commissioners\/","url":"https:\/\/nebraskademocrats.org\/press-releases\/rick-vest-to-run-for-lancaster-county-board-of-commissioners\/","name":"Rick Vest to Run for Lancaster County Board of Commissioners &#8211; Nebraska Democratic Party","isPartOf":{"@id":"https:\/\/nebraskademocrats.org\/#website"},"datePublished":"2018-01-31T19:27:48+00:00","breadcrumb":{"@id":"https:\/\/nebraskademocrats.org\/press-releases\/rick-vest-to-run-for-lancaster-county-board-of-commissioners\/#breadcrumb"},"inLanguage":"su","potentialAction":[{"@type":"ReadAction","target":["https:\/\/nebraskademocrats.org\/press-releases\/rick-vest-to-run-for-lancaster-county-board-of-commissioners\/"]}]},{"@type":"BreadcrumbList","@id":"https:\/\/nebraskademocrats.org\/press-releases\/rick-vest-to-run-for-lancaster-county-board-of-commissioners\/#breadcrumb","itemListElement":[{"@type":"ListItem","position":1,"name":"Home","item":"https:\/\/nebraskademocrats.org\/"},{"@type":"ListItem","position":2,"name":"Rick Vest to Run for Lancaster County Board of Commissioners"}]},{"@type":"WebSite","@id":"https:\/\/nebraskademocrats.org\/#website","url":"https:\/\/nebraskademocrats.org\/","name":"Nebraska Democratic Party","description":"Tumuwuh Kahirupan Anu Sa\u00e9 pikeun Sadayana Nebraskan","publisher":{"@id":"https:\/\/nebraskademocrats.org\/#organization"},"potentialAction":[{"@type":"SearchAction","target":{"@type":"EntryPoint","urlTemplate":"https:\/\/nebraskademocrats.org\/?s={search_term_string}"},"query-input":{"@type":"PropertyValueSpecification","valueRequired":true,"valueName":"search_term_string"}}],"inLanguage":"su"},{"@type":"Organization","@id":"https:\/\/nebraskademocrats.org\/#organization","name":"Nebraska Democratic Party","url":"https:\/\/nebraskademocrats.org\/","logo":{"@type":"ImageObject","inLanguage":"su","@id":"https:\/\/nebraskademocrats.org\/#\/schema\/logo\/image\/","url":"https:\/\/nebraskadem.wpenginepowered.com\/wp-content\/uploads\/2016\/05\/NDP2.jpg","contentUrl":"https:\/\/nebraskadem.wpenginepowered.com\/wp-content\/uploads\/2016\/05\/NDP2.jpg","width":1000,"height":396,"caption":"Nebraska Democratic Party"},"image":{"@id":"https:\/\/nebraskademocrats.org\/#\/schema\/logo\/image\/"},"sameAs":["https:\/\/www.facebook.com\/NebraskaDemocraticParty\/","https:\/\/x.com\/nebraskadems"]},{"@type":"Person","@id":"https:\/\/nebraskademocrats.org\/#\/schema\/person\/33e011ea0795f404810dc40828bcf289","name":"McKesson mulia","image":{"@type":"ImageObject","inLanguage":"su","@id":"https:\/\/secure.gravatar.com\/avatar\/35046e19b3373116ec64c07d386d3312028d3820dc0ffe65c344bcebc8ea9194?s=96&d=mm&r=g","url":"https:\/\/secure.gravatar.com\/avatar\/35046e19b3373116ec64c07d386d3312028d3820dc0ffe65c344bcebc8ea9194?s=96&d=mm&r=g","contentUrl":"https:\/\/secure.gravatar.com\/avatar\/35046e19b3373116ec64c07d386d3312028d3820dc0ffe65c344bcebc8ea9194?s=96&d=mm&r=g","caption":"Precious McKesson"}}]}},"_links":{"self":[{"href":"https:\/\/nebraskademocrats.org\/su\/wp-json\/wp\/v2\/posts\/3905","targetHints":{"allow":["GET"]}}],"collection":[{"href":"https:\/\/nebraskademocrats.org\/su\/wp-json\/wp\/v2\/posts"}],"about":[{"href":"https:\/\/nebraskademocrats.org\/su\/wp-json\/wp\/v2\/types\/post"}],"author":[{"embeddable":true,"href":"https:\/\/nebraskademocrats.org\/su\/wp-json\/wp\/v2\/users\/19"}],"replies":[{"embeddable":true,"href":"https:\/\/nebraskademocrats.org\/su\/wp-json\/wp\/v2\/comments?post=3905"}],"version-history":[{"count":0,"href":"https:\/\/nebraskademocrats.org\/su\/wp-json\/wp\/v2\/posts\/3905\/revisions"}],"wp:attachment":[{"href":"https:\/\/nebraskademocrats.org\/su\/wp-json\/wp\/v2\/media?parent=3905"}],"wp:term":[{"taxonomy":"category","embeddable":true,"href":"https:\/\/nebraskademocrats.org\/su\/wp-json\/wp\/v2\/categories?post=3905"},{"taxonomy":"post_tag","embeddable":true,"href":"https:\/\/nebraskademocrats.org\/su\/wp-json\/wp\/v2\/tags?post=3905"}],"curies":[{"name":"wp","href":"https:\/\/api.w.org\/{rel}","templated":true}]}}