{"id":4152,"date":"2018-03-19T09:49:13","date_gmt":"2018-03-19T14:49:13","guid":{"rendered":"http:\/\/nebraskadem.wpenginepowered.com\/?p=4152"},"modified":"2018-03-19T09:49:13","modified_gmt":"2018-03-19T14:49:13","slug":"nebraska-farmers-and-ranchers-speak-out-trade-wars-will-hurt-us-and-our-families","status":"publish","type":"post","link":"https:\/\/nebraskademocrats.org\/su\/press-releases\/nebraska-farmers-and-ranchers-speak-out-trade-wars-will-hurt-us-and-our-families\/","title":{"rendered":"Patani sareng Peternak Nebraska Nyarios: Perang Perdagangan Bakal Nganyenyeri Kami sareng Kulawarga Kami"},"content":{"rendered":"<p style=\"text-align: center;\"><span style=\"font-size: 16pt;\"><i><span style=\"font-weight: 400;\">Pingpinan Debf\u00e9cher Anu henteu \u00c9p\u00e9k Berarti Nebraskans Kalah<\/span><\/i><\/span><\/p>\n<p><span style=\"font-weight: 400;\">Patani sareng peternak Nebraska ngagabung sareng Jane Raybould dina ngingetkeun Washington y\u00e9n tarif anyar ieu, anu narik pikeun ngahurungkeun perang perdagangan, tiasa ngagaduhan akibat anu parah pikeun teu ngan ukur \u00e9konomi Cornhusker, tapi kas\u00e9hatan \u00e9konomi sareng karaharjaan sadaya nagara.<\/span><\/p>\n<p><span style=\"font-weight: 400;\">Salaku r\u00e9spon tina kurangna kapamimpinan \u00e9p\u00e9ktip dina mayungan kaamanan \u00e9konomi Nebraskans, patani sareng peternak ti sakumna nagara kedah nyarios:<\/span><\/p>\n<p>&nbsp;<\/p>\n<p><b>Ben Steffen, Pamilik \/ Operator Steffen Ag Inc., tilas Pr\u00e9sid\u00e9n Nebraska Tukang Tukang:<\/b><\/p>\n<p><span style=\"font-weight: 400;\">&quot;Salaku Republik anu saumur hirup, kuring kuciwa pisan kusabab kurangna kapamimpinan S\u00e9nator Deb Fischer di Washington. Nalika anjeunna nuju kampanyeu, anjeunna janji bakal jagoan pikeun patani sareng peternak tapi dina nontonna Nebraska kaleungitan sora na dina Komite Pertanian pikeun kahiji kalina dina ampir 50 taun. Ayeuna urang nuju perang dagang anu berpotensi ngancurkeun \u2013 sareng deui, Fischer henteu milari Nebraska. \u201d<\/span><\/p>\n<p>&nbsp;<\/p>\n<p><b>Eugene Glock, Pamilik \/ Operator Cedar Bell Farms, Pr\u00e9sid\u00e9n Perdana Asosiasi Kedel\u00e9 Nebraska:<\/b><\/p>\n<p><span style=\"font-weight: 400;\">&quot;Salaku patani saumur hirup anu parantos sombong pisan kalibet dina sagala cara pikeun ngajantenkeun tatan\u00e9n langkung sa\u00e9 pikeun tiap generasi salajengna salami 70 taun panen, kuring kantos merjuangkeun prakt\u00e9k perdagangan anu adil \u2013 sareng kuring prihatin sareng tindakan Washington pikeun maksa tarif. dina sababaraha palanggan pangsa\u00e9na pikeun produk tatan\u00e9n urang. Peta sapihak tanpa merhatoskeun kamungkinan ngarugikeun produsen tatan\u00e9n henteu tiasa ditampi. Kuring yakin y\u00e9n salaku S\u00e9nator Am\u00e9rika Serikat kami Jane Raybould bakal ngiringan metode anu langkung sedeng sareng adil pikeun ngatasi kateusaruaan anu ayeuna aya dina hubungan perdagangan urang sareng sakumna dunya. &quot;<\/span><\/p>\n<p>&nbsp;<\/p>\n<p><b>Bart Ruth, Pamilik \/ Operator Bart Ruth Farms, tilas Pr\u00e9sid\u00e9n Asosiasi Kedele Am\u00e9rika:<\/b><\/p>\n<p><span style=\"font-weight: 400;\">&quot;Cina parantos janten konsum\u00e9n global pangged\u00e9na AS ngahasilkeun k\u00e9cap, ngimpor sakitar sapertilu tina pepelakan AS. Ieu henteu kajantenan sapeupeuting, atanapi ku kabeneran. Mangtaun-taun kerja keras ku produser AS, negosiator perdagangan, sareng mitra industri, sareng dana Program Pangembangan Pasar Asing &amp; Akses Pasar, nyiptakeun pasar sareng hubungan dagang anu nguntungkeun sadayana produsen. Asosiasi Kedele Am\u00e9rika dibuka kantor kahijina di Cina di 1982, janten ningali kasuks\u00e9san hubungan dagang \u00e9ta ampir opat puluh taun ka hareup t\u00e9h matak ngagumbirakeun. Pertanian Am\u00e9rika kedah amarah y\u00e9n Washington da\u00e9k r\u00e9siko ngancurkeun pasar \u00e9ta sareng mangaruhan n\u00e9gatip unggal produser Am\u00e9rika.<\/span><\/p>\n<p><span style=\"font-weight: 400;\">Pangaruh tina r\u00e9spon bales naon wa\u00e9 pikeun tarif baja sareng aluminium bakal ngancurkeun produsen tatan\u00e9n Nebraska. Dina waktos nalika produser kaluar tina sababaraha taun kaayaan \u00e9konomi kasar, naon wa\u00e9 gangguan perdagangan global bakal karaos di panjuru Nagara. Kira-kira satengah produksi k\u00e9cap AS diekspor, naon wa\u00e9 tindakan anu r\u00e9siko tina perang dagang pot\u00e9nsial moal tanggung jawab. \u201d<\/span><\/p>","protected":false},"excerpt":{"rendered":"<p>Deb Fischer\u2019s Ineffective Leadership Means Nebraskans Lose Nebraska\u2019s farmers and ranchers are joining Jane Raybould in warning Washington that these new tariffs, the sparks to ignite a trade war, could have dire consequences for not only the Cornhusker ag economy, but the economic health and wellbeing of the entire state. In response to the lack &#8230; <a title=\"Patani sareng Peternak Nebraska Nyarios: Perang Perdagangan Bakal Nganyenyeri Kami sareng Kulawarga Kami\" class=\"read-more\" href=\"https:\/\/nebraskademocrats.org\/su\/press-releases\/nebraska-farmers-and-ranchers-speak-out-trade-wars-will-hurt-us-and-our-families\/\" aria-label=\"More on Nebraska Farmers and Ranchers Speak Out: Trade Wars Will Hurt Us and Our Families\">Maca deui<\/a><\/p>","protected":false},"author":19,"featured_media":0,"comment_status":"closed","ping_status":"closed","sticky":false,"template":"","format":"standard","meta":{"_acf_changed":false,"_exactmetrics_skip_tracking":false,"_exactmetrics_sitenote_active":false,"_exactmetrics_sitenote_note":"","_exactmetrics_sitenote_category":0,"footnotes":""},"categories":[4],"tags":[],"class_list":["post-4152","post","type-post","status-publish","format-standard","hentry","category-press-releases"],"acf":[],"yoast_head":"<!-- This site is optimized with the Yoast SEO plugin v27.4 - https:\/\/yoast.com\/product\/yoast-seo-wordpress\/ -->\n<title>Nebraska Farmers and Ranchers Speak Out: Trade Wars Will Hurt Us and Our Families &#8211; Nebraska Democratic Party<\/title>\n<meta name=\"robots\" content=\"index, follow, max-snippet:-1, max-image-preview:large, max-video-preview:-1\" \/>\n<link rel=\"canonical\" href=\"https:\/\/nebraskademocrats.org\/su\/press-releases\/nebraska-farmers-and-ranchers-speak-out-trade-wars-will-hurt-us-and-our-families\/\" \/>\n<meta property=\"og:locale\" content=\"en_US\" \/>\n<meta property=\"og:type\" content=\"article\" \/>\n<meta property=\"og:title\" content=\"Nebraska Farmers and Ranchers Speak Out: Trade Wars Will Hurt Us and Our Families &#8211; Nebraska Democratic Party\" \/>\n<meta property=\"og:description\" content=\"Deb Fischer\u2019s Ineffective Leadership Means Nebraskans Lose Nebraska\u2019s farmers and ranchers are joining Jane Raybould in warning Washington that these new tariffs, the sparks to ignite a trade war, could have dire consequences for not only the Cornhusker ag economy, but the economic health and wellbeing of the entire state. In response to the lack ... Read more\" \/>\n<meta property=\"og:url\" content=\"https:\/\/nebraskademocrats.org\/su\/press-releases\/nebraska-farmers-and-ranchers-speak-out-trade-wars-will-hurt-us-and-our-families\/\" \/>\n<meta property=\"og:site_name\" content=\"Nebraska Democratic Party\" \/>\n<meta property=\"article:publisher\" content=\"https:\/\/www.facebook.com\/NebraskaDemocraticParty\/\" \/>\n<meta property=\"article:published_time\" content=\"2018-03-19T14:49:13+00:00\" \/>\n<meta property=\"og:image\" content=\"https:\/\/nebraskademocrats.org\/wp-content\/uploads\/2018\/09\/ne-dems-fb.jpg\" \/>\n\t<meta property=\"og:image:width\" content=\"1200\" \/>\n\t<meta property=\"og:image:height\" content=\"630\" \/>\n\t<meta property=\"og:image:type\" content=\"image\/jpeg\" \/>\n<meta name=\"author\" content=\"Precious McKesson\" \/>\n<meta name=\"twitter:card\" content=\"summary_large_image\" \/>\n<meta name=\"twitter:creator\" content=\"@nebraskadems\" \/>\n<meta name=\"twitter:site\" content=\"@nebraskadems\" \/>\n<meta name=\"twitter:label1\" content=\"Written by\" \/>\n\t<meta name=\"twitter:data1\" content=\"Precious McKesson\" \/>\n\t<meta name=\"twitter:label2\" content=\"Est. reading time\" \/>\n\t<meta name=\"twitter:data2\" content=\"2 minutes\" \/>\n<script type=\"application\/ld+json\" class=\"yoast-schema-graph\">{\"@context\":\"https:\\\/\\\/schema.org\",\"@graph\":[{\"@type\":\"Article\",\"@id\":\"https:\\\/\\\/nebraskademocrats.org\\\/press-releases\\\/nebraska-farmers-and-ranchers-speak-out-trade-wars-will-hurt-us-and-our-families\\\/#article\",\"isPartOf\":{\"@id\":\"https:\\\/\\\/nebraskademocrats.org\\\/press-releases\\\/nebraska-farmers-and-ranchers-speak-out-trade-wars-will-hurt-us-and-our-families\\\/\"},\"author\":{\"name\":\"Precious McKesson\",\"@id\":\"https:\\\/\\\/nebraskademocrats.org\\\/#\\\/schema\\\/person\\\/33e011ea0795f404810dc40828bcf289\"},\"headline\":\"Nebraska Farmers and Ranchers Speak Out: Trade Wars Will Hurt Us and Our Families\",\"datePublished\":\"2018-03-19T14:49:13+00:00\",\"mainEntityOfPage\":{\"@id\":\"https:\\\/\\\/nebraskademocrats.org\\\/press-releases\\\/nebraska-farmers-and-ranchers-speak-out-trade-wars-will-hurt-us-and-our-families\\\/\"},\"wordCount\":485,\"publisher\":{\"@id\":\"https:\\\/\\\/nebraskademocrats.org\\\/#organization\"},\"articleSection\":[\"Press Releases\"],\"inLanguage\":\"su\"},{\"@type\":\"WebPage\",\"@id\":\"https:\\\/\\\/nebraskademocrats.org\\\/press-releases\\\/nebraska-farmers-and-ranchers-speak-out-trade-wars-will-hurt-us-and-our-families\\\/\",\"url\":\"https:\\\/\\\/nebraskademocrats.org\\\/press-releases\\\/nebraska-farmers-and-ranchers-speak-out-trade-wars-will-hurt-us-and-our-families\\\/\",\"name\":\"Nebraska Farmers and Ranchers Speak Out: Trade Wars Will Hurt Us and Our Families &#8211; Nebraska Democratic Party\",\"isPartOf\":{\"@id\":\"https:\\\/\\\/nebraskademocrats.org\\\/#website\"},\"datePublished\":\"2018-03-19T14:49:13+00:00\",\"breadcrumb\":{\"@id\":\"https:\\\/\\\/nebraskademocrats.org\\\/press-releases\\\/nebraska-farmers-and-ranchers-speak-out-trade-wars-will-hurt-us-and-our-families\\\/#breadcrumb\"},\"inLanguage\":\"su\",\"potentialAction\":[{\"@type\":\"ReadAction\",\"target\":[\"https:\\\/\\\/nebraskademocrats.org\\\/press-releases\\\/nebraska-farmers-and-ranchers-speak-out-trade-wars-will-hurt-us-and-our-families\\\/\"]}]},{\"@type\":\"BreadcrumbList\",\"@id\":\"https:\\\/\\\/nebraskademocrats.org\\\/press-releases\\\/nebraska-farmers-and-ranchers-speak-out-trade-wars-will-hurt-us-and-our-families\\\/#breadcrumb\",\"itemListElement\":[{\"@type\":\"ListItem\",\"position\":1,\"name\":\"Home\",\"item\":\"https:\\\/\\\/nebraskademocrats.org\\\/\"},{\"@type\":\"ListItem\",\"position\":2,\"name\":\"Nebraska Farmers and Ranchers Speak Out: Trade Wars Will Hurt Us and Our Families\"}]},{\"@type\":\"WebSite\",\"@id\":\"https:\\\/\\\/nebraskademocrats.org\\\/#website\",\"url\":\"https:\\\/\\\/nebraskademocrats.org\\\/\",\"name\":\"Nebraska Democratic Party\",\"description\":\"Growing the Good Life for All Nebraskans\",\"publisher\":{\"@id\":\"https:\\\/\\\/nebraskademocrats.org\\\/#organization\"},\"potentialAction\":[{\"@type\":\"SearchAction\",\"target\":{\"@type\":\"EntryPoint\",\"urlTemplate\":\"https:\\\/\\\/nebraskademocrats.org\\\/?s={search_term_string}\"},\"query-input\":{\"@type\":\"PropertyValueSpecification\",\"valueRequired\":true,\"valueName\":\"search_term_string\"}}],\"inLanguage\":\"su\"},{\"@type\":\"Organization\",\"@id\":\"https:\\\/\\\/nebraskademocrats.org\\\/#organization\",\"name\":\"Nebraska Democratic Party\",\"url\":\"https:\\\/\\\/nebraskademocrats.org\\\/\",\"logo\":{\"@type\":\"ImageObject\",\"inLanguage\":\"su\",\"@id\":\"https:\\\/\\\/nebraskademocrats.org\\\/#\\\/schema\\\/logo\\\/image\\\/\",\"url\":\"https:\\\/\\\/nebraskadem.wpenginepowered.com\\\/wp-content\\\/uploads\\\/2016\\\/05\\\/NDP2.jpg\",\"contentUrl\":\"https:\\\/\\\/nebraskadem.wpenginepowered.com\\\/wp-content\\\/uploads\\\/2016\\\/05\\\/NDP2.jpg\",\"width\":1000,\"height\":396,\"caption\":\"Nebraska Democratic Party\"},\"image\":{\"@id\":\"https:\\\/\\\/nebraskademocrats.org\\\/#\\\/schema\\\/logo\\\/image\\\/\"},\"sameAs\":[\"https:\\\/\\\/www.facebook.com\\\/NebraskaDemocraticParty\\\/\",\"https:\\\/\\\/x.com\\\/nebraskadems\"]},{\"@type\":\"Person\",\"@id\":\"https:\\\/\\\/nebraskademocrats.org\\\/#\\\/schema\\\/person\\\/33e011ea0795f404810dc40828bcf289\",\"name\":\"Precious McKesson\",\"image\":{\"@type\":\"ImageObject\",\"inLanguage\":\"su\",\"@id\":\"https:\\\/\\\/secure.gravatar.com\\\/avatar\\\/35046e19b3373116ec64c07d386d3312028d3820dc0ffe65c344bcebc8ea9194?s=96&d=mm&r=g\",\"url\":\"https:\\\/\\\/secure.gravatar.com\\\/avatar\\\/35046e19b3373116ec64c07d386d3312028d3820dc0ffe65c344bcebc8ea9194?s=96&d=mm&r=g\",\"contentUrl\":\"https:\\\/\\\/secure.gravatar.com\\\/avatar\\\/35046e19b3373116ec64c07d386d3312028d3820dc0ffe65c344bcebc8ea9194?s=96&d=mm&r=g\",\"caption\":\"Precious McKesson\"}}]}<\/script>\n<!-- \/ Yoast SEO plugin. -->","yoast_head_json":{"title":"Nebraska Farmers and Ranchers Speak Out: Trade Wars Will Hurt Us and Our Families &#8211; Nebraska Democratic Party","robots":{"index":"index","follow":"follow","max-snippet":"max-snippet:-1","max-image-preview":"max-image-preview:large","max-video-preview":"max-video-preview:-1"},"canonical":"https:\/\/nebraskademocrats.org\/su\/press-releases\/nebraska-farmers-and-ranchers-speak-out-trade-wars-will-hurt-us-and-our-families\/","og_locale":"en_US","og_type":"article","og_title":"Nebraska Farmers and Ranchers Speak Out: Trade Wars Will Hurt Us and Our Families &#8211; Nebraska Democratic Party","og_description":"Deb Fischer\u2019s Ineffective Leadership Means Nebraskans Lose Nebraska\u2019s farmers and ranchers are joining Jane Raybould in warning Washington that these new tariffs, the sparks to ignite a trade war, could have dire consequences for not only the Cornhusker ag economy, but the economic health and wellbeing of the entire state. In response to the lack ... Read more","og_url":"https:\/\/nebraskademocrats.org\/su\/press-releases\/nebraska-farmers-and-ranchers-speak-out-trade-wars-will-hurt-us-and-our-families\/","og_site_name":"Nebraska Democratic Party","article_publisher":"https:\/\/www.facebook.com\/NebraskaDemocraticParty\/","article_published_time":"2018-03-19T14:49:13+00:00","og_image":[{"width":1200,"height":630,"url":"https:\/\/nebraskademocrats.org\/wp-content\/uploads\/2018\/09\/ne-dems-fb.jpg","type":"image\/jpeg"}],"author":"Precious McKesson","twitter_card":"summary_large_image","twitter_creator":"@nebraskadems","twitter_site":"@nebraskadems","twitter_misc":{"Written by":"Precious McKesson","Est. reading time":"2 minutes"},"schema":{"@context":"https:\/\/schema.org","@graph":[{"@type":"Article","@id":"https:\/\/nebraskademocrats.org\/press-releases\/nebraska-farmers-and-ranchers-speak-out-trade-wars-will-hurt-us-and-our-families\/#article","isPartOf":{"@id":"https:\/\/nebraskademocrats.org\/press-releases\/nebraska-farmers-and-ranchers-speak-out-trade-wars-will-hurt-us-and-our-families\/"},"author":{"name":"Precious McKesson","@id":"https:\/\/nebraskademocrats.org\/#\/schema\/person\/33e011ea0795f404810dc40828bcf289"},"headline":"Nebraska Farmers and Ranchers Speak Out: Trade Wars Will Hurt Us and Our Families","datePublished":"2018-03-19T14:49:13+00:00","mainEntityOfPage":{"@id":"https:\/\/nebraskademocrats.org\/press-releases\/nebraska-farmers-and-ranchers-speak-out-trade-wars-will-hurt-us-and-our-families\/"},"wordCount":485,"publisher":{"@id":"https:\/\/nebraskademocrats.org\/#organization"},"articleSection":["Press Releases"],"inLanguage":"su"},{"@type":"WebPage","@id":"https:\/\/nebraskademocrats.org\/press-releases\/nebraska-farmers-and-ranchers-speak-out-trade-wars-will-hurt-us-and-our-families\/","url":"https:\/\/nebraskademocrats.org\/press-releases\/nebraska-farmers-and-ranchers-speak-out-trade-wars-will-hurt-us-and-our-families\/","name":"Nebraska Farmers and Ranchers Speak Out: Trade Wars Will Hurt Us and Our Families &#8211; Nebraska Democratic Party","isPartOf":{"@id":"https:\/\/nebraskademocrats.org\/#website"},"datePublished":"2018-03-19T14:49:13+00:00","breadcrumb":{"@id":"https:\/\/nebraskademocrats.org\/press-releases\/nebraska-farmers-and-ranchers-speak-out-trade-wars-will-hurt-us-and-our-families\/#breadcrumb"},"inLanguage":"su","potentialAction":[{"@type":"ReadAction","target":["https:\/\/nebraskademocrats.org\/press-releases\/nebraska-farmers-and-ranchers-speak-out-trade-wars-will-hurt-us-and-our-families\/"]}]},{"@type":"BreadcrumbList","@id":"https:\/\/nebraskademocrats.org\/press-releases\/nebraska-farmers-and-ranchers-speak-out-trade-wars-will-hurt-us-and-our-families\/#breadcrumb","itemListElement":[{"@type":"ListItem","position":1,"name":"Home","item":"https:\/\/nebraskademocrats.org\/"},{"@type":"ListItem","position":2,"name":"Nebraska Farmers and Ranchers Speak Out: Trade Wars Will Hurt Us and Our Families"}]},{"@type":"WebSite","@id":"https:\/\/nebraskademocrats.org\/#website","url":"https:\/\/nebraskademocrats.org\/","name":"Nebraska Democratic Party","description":"Tumuwuh Kahirupan Anu Sa\u00e9 pikeun Sadayana Nebraskan","publisher":{"@id":"https:\/\/nebraskademocrats.org\/#organization"},"potentialAction":[{"@type":"SearchAction","target":{"@type":"EntryPoint","urlTemplate":"https:\/\/nebraskademocrats.org\/?s={search_term_string}"},"query-input":{"@type":"PropertyValueSpecification","valueRequired":true,"valueName":"search_term_string"}}],"inLanguage":"su"},{"@type":"Organization","@id":"https:\/\/nebraskademocrats.org\/#organization","name":"Nebraska Democratic Party","url":"https:\/\/nebraskademocrats.org\/","logo":{"@type":"ImageObject","inLanguage":"su","@id":"https:\/\/nebraskademocrats.org\/#\/schema\/logo\/image\/","url":"https:\/\/nebraskadem.wpenginepowered.com\/wp-content\/uploads\/2016\/05\/NDP2.jpg","contentUrl":"https:\/\/nebraskadem.wpenginepowered.com\/wp-content\/uploads\/2016\/05\/NDP2.jpg","width":1000,"height":396,"caption":"Nebraska Democratic Party"},"image":{"@id":"https:\/\/nebraskademocrats.org\/#\/schema\/logo\/image\/"},"sameAs":["https:\/\/www.facebook.com\/NebraskaDemocraticParty\/","https:\/\/x.com\/nebraskadems"]},{"@type":"Person","@id":"https:\/\/nebraskademocrats.org\/#\/schema\/person\/33e011ea0795f404810dc40828bcf289","name":"McKesson mulia","image":{"@type":"ImageObject","inLanguage":"su","@id":"https:\/\/secure.gravatar.com\/avatar\/35046e19b3373116ec64c07d386d3312028d3820dc0ffe65c344bcebc8ea9194?s=96&d=mm&r=g","url":"https:\/\/secure.gravatar.com\/avatar\/35046e19b3373116ec64c07d386d3312028d3820dc0ffe65c344bcebc8ea9194?s=96&d=mm&r=g","contentUrl":"https:\/\/secure.gravatar.com\/avatar\/35046e19b3373116ec64c07d386d3312028d3820dc0ffe65c344bcebc8ea9194?s=96&d=mm&r=g","caption":"Precious McKesson"}}]}},"_links":{"self":[{"href":"https:\/\/nebraskademocrats.org\/su\/wp-json\/wp\/v2\/posts\/4152","targetHints":{"allow":["GET"]}}],"collection":[{"href":"https:\/\/nebraskademocrats.org\/su\/wp-json\/wp\/v2\/posts"}],"about":[{"href":"https:\/\/nebraskademocrats.org\/su\/wp-json\/wp\/v2\/types\/post"}],"author":[{"embeddable":true,"href":"https:\/\/nebraskademocrats.org\/su\/wp-json\/wp\/v2\/users\/19"}],"replies":[{"embeddable":true,"href":"https:\/\/nebraskademocrats.org\/su\/wp-json\/wp\/v2\/comments?post=4152"}],"version-history":[{"count":0,"href":"https:\/\/nebraskademocrats.org\/su\/wp-json\/wp\/v2\/posts\/4152\/revisions"}],"wp:attachment":[{"href":"https:\/\/nebraskademocrats.org\/su\/wp-json\/wp\/v2\/media?parent=4152"}],"wp:term":[{"taxonomy":"category","embeddable":true,"href":"https:\/\/nebraskademocrats.org\/su\/wp-json\/wp\/v2\/categories?post=4152"},{"taxonomy":"post_tag","embeddable":true,"href":"https:\/\/nebraskademocrats.org\/su\/wp-json\/wp\/v2\/tags?post=4152"}],"curies":[{"name":"wp","href":"https:\/\/api.w.org\/{rel}","templated":true}]}}