{"id":44734,"date":"2023-10-04T17:58:17","date_gmt":"2023-10-04T22:58:17","guid":{"rendered":"https:\/\/nebraskadem.wpenginepowered.com\/?p=44734"},"modified":"2024-07-01T11:59:30","modified_gmt":"2024-07-01T16:59:30","slug":"ndp-response-to-kevin-mccarthys-removal-as-house-speaker","status":"publish","type":"post","link":"https:\/\/nebraskademocrats.org\/su\/blog\/ndp-response-to-kevin-mccarthys-removal-as-house-speaker\/","title":{"rendered":"Tanggapan NDP pikeun Panyabutan Kevin McCarthy salaku Speaker DPR"},"content":{"rendered":"<p><img decoding=\"async\" class=\"alignnone size-medium wp-image-44496 aligncenter\" src=\"https:\/\/nebraskadem.wpenginepowered.com\/wp-content\/uploads\/2023\/08\/NDP-1-300x119.jpg\" alt=\"\" width=\"300\" height=\"119\" srcset=\"https:\/\/nebraskademocrats.org\/wp-content\/uploads\/2023\/08\/NDP-1-300x119.jpg 300w, https:\/\/nebraskademocrats.org\/wp-content\/uploads\/2023\/08\/NDP-1-768x304.jpg 768w, https:\/\/nebraskademocrats.org\/wp-content\/uploads\/2023\/08\/NDP-1-18x7.jpg 18w, https:\/\/nebraskademocrats.org\/wp-content\/uploads\/2023\/08\/NDP-1.jpg 1000w\" sizes=\"(max-width: 300px) 100vw, 300px\" \/><\/p>\n<p><b>Pikeun ngabebaskeun saharita<\/b><\/p>\n<p><span style=\"font-weight: 400\">3 Oktober<\/span><b>,<\/b><span style=\"font-weight: 400\"> 2023<\/span><span style=\"font-weight: 400\"><br \/>\n<\/span><span style=\"font-weight: 400\">Kontak: Jose Flores, Jr, Dir\u00e9ktur Komunikasi<\/span><\/p>\n<p><span style=\"font-weight: 400\">402-215-1052,<\/span> <a href=\"\/su\/jose@nebraskademocrats.org\/\">jose@<span style=\"font-weight: 400\">nebraskademocrats.org<\/span><\/a><\/p>\n<p style=\"text-align: center\"><b>***Siaran Pers Warta Nebraska Democratic Party pikeun 10-3-2023***<\/b><\/p>\n<p><b>Nebraska Democratic Party Tanggapan pikeun Panyabutan Kevin McCarthy salaku Speaker DPR<\/b><\/p>\n<p><span style=\"font-weight: 400\">LINCOLN, NE - Kursi Nebraska Democratic Party Jane Kleeb ngaluarkeun pernyataan di handap ieu ngeunaan panyabutan Kevin McCarthy salaku Speaker DPR ayeuna:<\/span><\/p>\n<p><i><span style=\"font-weight: 400\">&quot;Republikan nyiptakeun p\u00e9sta kacau sareng ayeuna mangrupikeun puncak karusuhan \u00e9ta. Tina kajahatan anu terus-terusan Trump pikeun ngalaksanakeun perang budaya sareng nyandak hak aw\u00e9w\u00e9, aranjeunna hilap kumaha ngatur. Dinten ayeuna, Kevin McCarthy parantos mayar piper. Anjeunna ngabuktikeun sapanjang saha anjeunna damel sareng \u00e9ta san\u00e9s kulawarga Am\u00e9rika.<\/span><\/i><\/p>\n<p><i><span style=\"font-weight: 400\">Wawakil Don Bacon tanggung jawab jeung bagian tina rusuh. Waktosna pikeun urang sadayana ngeureunkeun siklus pandemonium politik sareng milih pamimpin sapertos Tony Vargas anu hoyong mar\u00e9ntahkeun sareng nempatkeun kawijakan anu ngabantosan kulawarga anu damel. Kami peryogi normal deui di Washington ngalawan huru-hara anu tetep Republik. \u201d<\/span><\/i><\/p>\n<p style=\"text-align: center\"><span style=\"font-weight: 400\">###<\/span><\/p>\n<p>&nbsp;<\/p>\n<p><img fetchpriority=\"high\" decoding=\"async\" class=\"alignnone  wp-image-44735 aligncenter\" src=\"https:\/\/nebraskadem.wpenginepowered.com\/wp-content\/uploads\/2023\/10\/Copy-of-Jane-Quotes-3-300x300.png\" alt=\"\" width=\"358\" height=\"358\" srcset=\"https:\/\/nebraskademocrats.org\/wp-content\/uploads\/2023\/10\/Copy-of-Jane-Quotes-3-300x300.png 300w, https:\/\/nebraskademocrats.org\/wp-content\/uploads\/2023\/10\/Copy-of-Jane-Quotes-3-1024x1024.png 1024w, https:\/\/nebraskademocrats.org\/wp-content\/uploads\/2023\/10\/Copy-of-Jane-Quotes-3-150x150.png 150w, https:\/\/nebraskademocrats.org\/wp-content\/uploads\/2023\/10\/Copy-of-Jane-Quotes-3-768x768.png 768w, https:\/\/nebraskademocrats.org\/wp-content\/uploads\/2023\/10\/Copy-of-Jane-Quotes-3-12x12.png 12w, https:\/\/nebraskademocrats.org\/wp-content\/uploads\/2023\/10\/Copy-of-Jane-Quotes-3.png 1080w\" sizes=\"(max-width: 358px) 100vw, 358px\" \/><\/p>","protected":false},"excerpt":{"rendered":"<p>FOR IMMEDIATE RELEASE October 3, 2023 Contact: Jose Flores, Jr., Communications Director 402-215-1052, jose@nebraskademocrats.org ***Nebraska Democratic Party News Press Release for 10-3-2023*** Nebraska Democratic Party Response to Kevin McCarthy\u2019s Removal as House Speaker LINCOLN, NE &#8211; The Nebraska Democratic Party Chair Jane Kleeb issues the following statement regarding Kevin McCarthy\u2019s removal as House Speaker today: &#8230; <a title=\"Tanggapan NDP pikeun Panyabutan Kevin McCarthy salaku Speaker DPR\" class=\"read-more\" href=\"https:\/\/nebraskademocrats.org\/su\/blog\/ndp-response-to-kevin-mccarthys-removal-as-house-speaker\/\" aria-label=\"Langkung seueur ngeunaan Tanggapan NDP pikeun Ngahapus Kevin McCarthy salaku Speaker DPR\">Maca deui<\/a><\/p>","protected":false},"author":28,"featured_media":0,"comment_status":"closed","ping_status":"closed","sticky":false,"template":"","format":"standard","meta":{"_acf_changed":false,"_exactmetrics_skip_tracking":false,"_exactmetrics_sitenote_active":false,"_exactmetrics_sitenote_note":"","_exactmetrics_sitenote_category":0,"footnotes":""},"categories":[1],"tags":[],"class_list":["post-44734","post","type-post","status-publish","format-standard","hentry","category-blog"],"acf":[],"yoast_head":"<!-- This site is optimized with the Yoast SEO plugin v27.4 - https:\/\/yoast.com\/product\/yoast-seo-wordpress\/ -->\n<title>NDP Response to Kevin McCarthy&#039;s Removal as House Speaker &#8211; Nebraska Democratic Party<\/title>\n<meta name=\"robots\" content=\"index, follow, max-snippet:-1, max-image-preview:large, max-video-preview:-1\" \/>\n<link rel=\"canonical\" href=\"https:\/\/nebraskademocrats.org\/su\/blog\/ndp-response-to-kevin-mccarthys-removal-as-house-speaker\/\" \/>\n<meta property=\"og:locale\" content=\"en_US\" \/>\n<meta property=\"og:type\" content=\"article\" \/>\n<meta property=\"og:title\" content=\"NDP Response to Kevin McCarthy&#039;s Removal as House Speaker &#8211; Nebraska Democratic Party\" \/>\n<meta property=\"og:description\" content=\"FOR IMMEDIATE RELEASE October 3, 2023 Contact: Jose Flores, Jr., Communications Director 402-215-1052, jose@nebraskademocrats.org ***Nebraska Democratic Party News Press Release for 10-3-2023*** Nebraska Democratic Party Response to Kevin McCarthy\u2019s Removal as House Speaker LINCOLN, NE &#8211; The Nebraska Democratic Party Chair Jane Kleeb issues the following statement regarding Kevin McCarthy\u2019s removal as House Speaker today: ... Read more\" \/>\n<meta property=\"og:url\" content=\"https:\/\/nebraskademocrats.org\/su\/blog\/ndp-response-to-kevin-mccarthys-removal-as-house-speaker\/\" \/>\n<meta property=\"og:site_name\" content=\"Nebraska Democratic Party\" \/>\n<meta property=\"article:publisher\" content=\"https:\/\/www.facebook.com\/NebraskaDemocraticParty\/\" \/>\n<meta property=\"article:published_time\" content=\"2023-10-04T22:58:17+00:00\" \/>\n<meta property=\"article:modified_time\" content=\"2024-07-01T16:59:30+00:00\" \/>\n<meta property=\"og:image\" content=\"https:\/\/nebraskadem.wpenginepowered.com\/wp-content\/uploads\/2023\/08\/NDP-1-300x119.jpg\" \/>\n<meta name=\"author\" content=\"Jose Flores Jr\" \/>\n<meta name=\"twitter:card\" content=\"summary_large_image\" \/>\n<meta name=\"twitter:creator\" content=\"@nebraskadems\" \/>\n<meta name=\"twitter:site\" content=\"@nebraskadems\" \/>\n<meta name=\"twitter:label1\" content=\"Written by\" \/>\n\t<meta name=\"twitter:data1\" content=\"Jose Flores Jr\" \/>\n\t<meta name=\"twitter:label2\" content=\"Est. reading time\" \/>\n\t<meta name=\"twitter:data2\" content=\"2 minutes\" \/>\n<script type=\"application\/ld+json\" class=\"yoast-schema-graph\">{\"@context\":\"https:\\\/\\\/schema.org\",\"@graph\":[{\"@type\":\"Article\",\"@id\":\"https:\\\/\\\/nebraskademocrats.org\\\/blog\\\/ndp-response-to-kevin-mccarthys-removal-as-house-speaker\\\/#article\",\"isPartOf\":{\"@id\":\"https:\\\/\\\/nebraskademocrats.org\\\/blog\\\/ndp-response-to-kevin-mccarthys-removal-as-house-speaker\\\/\"},\"author\":{\"name\":\"Jose Flores Jr\",\"@id\":\"https:\\\/\\\/nebraskademocrats.org\\\/#\\\/schema\\\/person\\\/4554905a811b4ae6df7dced00d9ad59e\"},\"headline\":\"NDP Response to Kevin McCarthy&#8217;s Removal as House Speaker\",\"datePublished\":\"2023-10-04T22:58:17+00:00\",\"dateModified\":\"2024-07-01T16:59:30+00:00\",\"mainEntityOfPage\":{\"@id\":\"https:\\\/\\\/nebraskademocrats.org\\\/blog\\\/ndp-response-to-kevin-mccarthys-removal-as-house-speaker\\\/\"},\"wordCount\":183,\"publisher\":{\"@id\":\"https:\\\/\\\/nebraskademocrats.org\\\/#organization\"},\"image\":{\"@id\":\"https:\\\/\\\/nebraskademocrats.org\\\/blog\\\/ndp-response-to-kevin-mccarthys-removal-as-house-speaker\\\/#primaryimage\"},\"thumbnailUrl\":\"https:\\\/\\\/nebraskadem.wpenginepowered.com\\\/wp-content\\\/uploads\\\/2023\\\/08\\\/NDP-1-300x119.jpg\",\"articleSection\":[\"NDP Blog\"],\"inLanguage\":\"su\"},{\"@type\":\"WebPage\",\"@id\":\"https:\\\/\\\/nebraskademocrats.org\\\/blog\\\/ndp-response-to-kevin-mccarthys-removal-as-house-speaker\\\/\",\"url\":\"https:\\\/\\\/nebraskademocrats.org\\\/blog\\\/ndp-response-to-kevin-mccarthys-removal-as-house-speaker\\\/\",\"name\":\"NDP Response to Kevin McCarthy's Removal as House Speaker &#8211; Nebraska Democratic Party\",\"isPartOf\":{\"@id\":\"https:\\\/\\\/nebraskademocrats.org\\\/#website\"},\"primaryImageOfPage\":{\"@id\":\"https:\\\/\\\/nebraskademocrats.org\\\/blog\\\/ndp-response-to-kevin-mccarthys-removal-as-house-speaker\\\/#primaryimage\"},\"image\":{\"@id\":\"https:\\\/\\\/nebraskademocrats.org\\\/blog\\\/ndp-response-to-kevin-mccarthys-removal-as-house-speaker\\\/#primaryimage\"},\"thumbnailUrl\":\"https:\\\/\\\/nebraskadem.wpenginepowered.com\\\/wp-content\\\/uploads\\\/2023\\\/08\\\/NDP-1-300x119.jpg\",\"datePublished\":\"2023-10-04T22:58:17+00:00\",\"dateModified\":\"2024-07-01T16:59:30+00:00\",\"breadcrumb\":{\"@id\":\"https:\\\/\\\/nebraskademocrats.org\\\/blog\\\/ndp-response-to-kevin-mccarthys-removal-as-house-speaker\\\/#breadcrumb\"},\"inLanguage\":\"su\",\"potentialAction\":[{\"@type\":\"ReadAction\",\"target\":[\"https:\\\/\\\/nebraskademocrats.org\\\/blog\\\/ndp-response-to-kevin-mccarthys-removal-as-house-speaker\\\/\"]}]},{\"@type\":\"ImageObject\",\"inLanguage\":\"su\",\"@id\":\"https:\\\/\\\/nebraskademocrats.org\\\/blog\\\/ndp-response-to-kevin-mccarthys-removal-as-house-speaker\\\/#primaryimage\",\"url\":\"https:\\\/\\\/nebraskadem.wpenginepowered.com\\\/wp-content\\\/uploads\\\/2023\\\/08\\\/NDP-1-300x119.jpg\",\"contentUrl\":\"https:\\\/\\\/nebraskadem.wpenginepowered.com\\\/wp-content\\\/uploads\\\/2023\\\/08\\\/NDP-1-300x119.jpg\"},{\"@type\":\"BreadcrumbList\",\"@id\":\"https:\\\/\\\/nebraskademocrats.org\\\/blog\\\/ndp-response-to-kevin-mccarthys-removal-as-house-speaker\\\/#breadcrumb\",\"itemListElement\":[{\"@type\":\"ListItem\",\"position\":1,\"name\":\"Home\",\"item\":\"https:\\\/\\\/nebraskademocrats.org\\\/\"},{\"@type\":\"ListItem\",\"position\":2,\"name\":\"NDP Response to Kevin McCarthy&#8217;s Removal as House Speaker\"}]},{\"@type\":\"WebSite\",\"@id\":\"https:\\\/\\\/nebraskademocrats.org\\\/#website\",\"url\":\"https:\\\/\\\/nebraskademocrats.org\\\/\",\"name\":\"Nebraska Democratic Party\",\"description\":\"Growing the Good Life for All Nebraskans\",\"publisher\":{\"@id\":\"https:\\\/\\\/nebraskademocrats.org\\\/#organization\"},\"potentialAction\":[{\"@type\":\"SearchAction\",\"target\":{\"@type\":\"EntryPoint\",\"urlTemplate\":\"https:\\\/\\\/nebraskademocrats.org\\\/?s={search_term_string}\"},\"query-input\":{\"@type\":\"PropertyValueSpecification\",\"valueRequired\":true,\"valueName\":\"search_term_string\"}}],\"inLanguage\":\"su\"},{\"@type\":\"Organization\",\"@id\":\"https:\\\/\\\/nebraskademocrats.org\\\/#organization\",\"name\":\"Nebraska Democratic Party\",\"url\":\"https:\\\/\\\/nebraskademocrats.org\\\/\",\"logo\":{\"@type\":\"ImageObject\",\"inLanguage\":\"su\",\"@id\":\"https:\\\/\\\/nebraskademocrats.org\\\/#\\\/schema\\\/logo\\\/image\\\/\",\"url\":\"https:\\\/\\\/nebraskadem.wpenginepowered.com\\\/wp-content\\\/uploads\\\/2016\\\/05\\\/NDP2.jpg\",\"contentUrl\":\"https:\\\/\\\/nebraskadem.wpenginepowered.com\\\/wp-content\\\/uploads\\\/2016\\\/05\\\/NDP2.jpg\",\"width\":1000,\"height\":396,\"caption\":\"Nebraska Democratic Party\"},\"image\":{\"@id\":\"https:\\\/\\\/nebraskademocrats.org\\\/#\\\/schema\\\/logo\\\/image\\\/\"},\"sameAs\":[\"https:\\\/\\\/www.facebook.com\\\/NebraskaDemocraticParty\\\/\",\"https:\\\/\\\/x.com\\\/nebraskadems\"]},{\"@type\":\"Person\",\"@id\":\"https:\\\/\\\/nebraskademocrats.org\\\/#\\\/schema\\\/person\\\/4554905a811b4ae6df7dced00d9ad59e\",\"name\":\"Jose Flores Jr\",\"image\":{\"@type\":\"ImageObject\",\"inLanguage\":\"su\",\"@id\":\"https:\\\/\\\/secure.gravatar.com\\\/avatar\\\/1c5080d53d067811756270b6d850d5c3fa33904b0b296512dd6b3a3226aace1c?s=96&d=mm&r=g\",\"url\":\"https:\\\/\\\/secure.gravatar.com\\\/avatar\\\/1c5080d53d067811756270b6d850d5c3fa33904b0b296512dd6b3a3226aace1c?s=96&d=mm&r=g\",\"contentUrl\":\"https:\\\/\\\/secure.gravatar.com\\\/avatar\\\/1c5080d53d067811756270b6d850d5c3fa33904b0b296512dd6b3a3226aace1c?s=96&d=mm&r=g\",\"caption\":\"Jose Flores Jr\"}}]}<\/script>\n<!-- \/ Yoast SEO plugin. -->","yoast_head_json":{"title":"NDP Response to Kevin McCarthy's Removal as House Speaker &#8211; Nebraska Democratic Party","robots":{"index":"index","follow":"follow","max-snippet":"max-snippet:-1","max-image-preview":"max-image-preview:large","max-video-preview":"max-video-preview:-1"},"canonical":"https:\/\/nebraskademocrats.org\/su\/blog\/ndp-response-to-kevin-mccarthys-removal-as-house-speaker\/","og_locale":"en_US","og_type":"article","og_title":"NDP Response to Kevin McCarthy's Removal as House Speaker &#8211; Nebraska Democratic Party","og_description":"FOR IMMEDIATE RELEASE October 3, 2023 Contact: Jose Flores, Jr., Communications Director 402-215-1052, jose@nebraskademocrats.org ***Nebraska Democratic Party News Press Release for 10-3-2023*** Nebraska Democratic Party Response to Kevin McCarthy\u2019s Removal as House Speaker LINCOLN, NE &#8211; The Nebraska Democratic Party Chair Jane Kleeb issues the following statement regarding Kevin McCarthy\u2019s removal as House Speaker today: ... Read more","og_url":"https:\/\/nebraskademocrats.org\/su\/blog\/ndp-response-to-kevin-mccarthys-removal-as-house-speaker\/","og_site_name":"Nebraska Democratic Party","article_publisher":"https:\/\/www.facebook.com\/NebraskaDemocraticParty\/","article_published_time":"2023-10-04T22:58:17+00:00","article_modified_time":"2024-07-01T16:59:30+00:00","og_image":[{"url":"https:\/\/nebraskadem.wpenginepowered.com\/wp-content\/uploads\/2023\/08\/NDP-1-300x119.jpg","type":"","width":"","height":""}],"author":"Jose Flores Jr","twitter_card":"summary_large_image","twitter_creator":"@nebraskadems","twitter_site":"@nebraskadems","twitter_misc":{"Written by":"Jose Flores Jr","Est. reading time":"2 minutes"},"schema":{"@context":"https:\/\/schema.org","@graph":[{"@type":"Article","@id":"https:\/\/nebraskademocrats.org\/blog\/ndp-response-to-kevin-mccarthys-removal-as-house-speaker\/#article","isPartOf":{"@id":"https:\/\/nebraskademocrats.org\/blog\/ndp-response-to-kevin-mccarthys-removal-as-house-speaker\/"},"author":{"name":"Jose Flores Jr","@id":"https:\/\/nebraskademocrats.org\/#\/schema\/person\/4554905a811b4ae6df7dced00d9ad59e"},"headline":"NDP Response to Kevin McCarthy&#8217;s Removal as House Speaker","datePublished":"2023-10-04T22:58:17+00:00","dateModified":"2024-07-01T16:59:30+00:00","mainEntityOfPage":{"@id":"https:\/\/nebraskademocrats.org\/blog\/ndp-response-to-kevin-mccarthys-removal-as-house-speaker\/"},"wordCount":183,"publisher":{"@id":"https:\/\/nebraskademocrats.org\/#organization"},"image":{"@id":"https:\/\/nebraskademocrats.org\/blog\/ndp-response-to-kevin-mccarthys-removal-as-house-speaker\/#primaryimage"},"thumbnailUrl":"https:\/\/nebraskadem.wpenginepowered.com\/wp-content\/uploads\/2023\/08\/NDP-1-300x119.jpg","articleSection":["NDP Blog"],"inLanguage":"su"},{"@type":"WebPage","@id":"https:\/\/nebraskademocrats.org\/blog\/ndp-response-to-kevin-mccarthys-removal-as-house-speaker\/","url":"https:\/\/nebraskademocrats.org\/blog\/ndp-response-to-kevin-mccarthys-removal-as-house-speaker\/","name":"NDP Response to Kevin McCarthy's Removal as House Speaker &#8211; Nebraska Democratic Party","isPartOf":{"@id":"https:\/\/nebraskademocrats.org\/#website"},"primaryImageOfPage":{"@id":"https:\/\/nebraskademocrats.org\/blog\/ndp-response-to-kevin-mccarthys-removal-as-house-speaker\/#primaryimage"},"image":{"@id":"https:\/\/nebraskademocrats.org\/blog\/ndp-response-to-kevin-mccarthys-removal-as-house-speaker\/#primaryimage"},"thumbnailUrl":"https:\/\/nebraskadem.wpenginepowered.com\/wp-content\/uploads\/2023\/08\/NDP-1-300x119.jpg","datePublished":"2023-10-04T22:58:17+00:00","dateModified":"2024-07-01T16:59:30+00:00","breadcrumb":{"@id":"https:\/\/nebraskademocrats.org\/blog\/ndp-response-to-kevin-mccarthys-removal-as-house-speaker\/#breadcrumb"},"inLanguage":"su","potentialAction":[{"@type":"ReadAction","target":["https:\/\/nebraskademocrats.org\/blog\/ndp-response-to-kevin-mccarthys-removal-as-house-speaker\/"]}]},{"@type":"ImageObject","inLanguage":"su","@id":"https:\/\/nebraskademocrats.org\/blog\/ndp-response-to-kevin-mccarthys-removal-as-house-speaker\/#primaryimage","url":"https:\/\/nebraskadem.wpenginepowered.com\/wp-content\/uploads\/2023\/08\/NDP-1-300x119.jpg","contentUrl":"https:\/\/nebraskadem.wpenginepowered.com\/wp-content\/uploads\/2023\/08\/NDP-1-300x119.jpg"},{"@type":"BreadcrumbList","@id":"https:\/\/nebraskademocrats.org\/blog\/ndp-response-to-kevin-mccarthys-removal-as-house-speaker\/#breadcrumb","itemListElement":[{"@type":"ListItem","position":1,"name":"Home","item":"https:\/\/nebraskademocrats.org\/"},{"@type":"ListItem","position":2,"name":"NDP Response to Kevin McCarthy&#8217;s Removal as House Speaker"}]},{"@type":"WebSite","@id":"https:\/\/nebraskademocrats.org\/#website","url":"https:\/\/nebraskademocrats.org\/","name":"Nebraska Democratic Party","description":"Tumuwuh Kahirupan Anu Sa\u00e9 pikeun Sadayana Nebraskan","publisher":{"@id":"https:\/\/nebraskademocrats.org\/#organization"},"potentialAction":[{"@type":"SearchAction","target":{"@type":"EntryPoint","urlTemplate":"https:\/\/nebraskademocrats.org\/?s={search_term_string}"},"query-input":{"@type":"PropertyValueSpecification","valueRequired":true,"valueName":"search_term_string"}}],"inLanguage":"su"},{"@type":"Organization","@id":"https:\/\/nebraskademocrats.org\/#organization","name":"Nebraska Democratic Party","url":"https:\/\/nebraskademocrats.org\/","logo":{"@type":"ImageObject","inLanguage":"su","@id":"https:\/\/nebraskademocrats.org\/#\/schema\/logo\/image\/","url":"https:\/\/nebraskadem.wpenginepowered.com\/wp-content\/uploads\/2016\/05\/NDP2.jpg","contentUrl":"https:\/\/nebraskadem.wpenginepowered.com\/wp-content\/uploads\/2016\/05\/NDP2.jpg","width":1000,"height":396,"caption":"Nebraska Democratic Party"},"image":{"@id":"https:\/\/nebraskademocrats.org\/#\/schema\/logo\/image\/"},"sameAs":["https:\/\/www.facebook.com\/NebraskaDemocraticParty\/","https:\/\/x.com\/nebraskadems"]},{"@type":"Person","@id":"https:\/\/nebraskademocrats.org\/#\/schema\/person\/4554905a811b4ae6df7dced00d9ad59e","name":"Jose Flores Jr","image":{"@type":"ImageObject","inLanguage":"su","@id":"https:\/\/secure.gravatar.com\/avatar\/1c5080d53d067811756270b6d850d5c3fa33904b0b296512dd6b3a3226aace1c?s=96&d=mm&r=g","url":"https:\/\/secure.gravatar.com\/avatar\/1c5080d53d067811756270b6d850d5c3fa33904b0b296512dd6b3a3226aace1c?s=96&d=mm&r=g","contentUrl":"https:\/\/secure.gravatar.com\/avatar\/1c5080d53d067811756270b6d850d5c3fa33904b0b296512dd6b3a3226aace1c?s=96&d=mm&r=g","caption":"Jose Flores Jr"}}]}},"_links":{"self":[{"href":"https:\/\/nebraskademocrats.org\/su\/wp-json\/wp\/v2\/posts\/44734","targetHints":{"allow":["GET"]}}],"collection":[{"href":"https:\/\/nebraskademocrats.org\/su\/wp-json\/wp\/v2\/posts"}],"about":[{"href":"https:\/\/nebraskademocrats.org\/su\/wp-json\/wp\/v2\/types\/post"}],"author":[{"embeddable":true,"href":"https:\/\/nebraskademocrats.org\/su\/wp-json\/wp\/v2\/users\/28"}],"replies":[{"embeddable":true,"href":"https:\/\/nebraskademocrats.org\/su\/wp-json\/wp\/v2\/comments?post=44734"}],"version-history":[{"count":0,"href":"https:\/\/nebraskademocrats.org\/su\/wp-json\/wp\/v2\/posts\/44734\/revisions"}],"wp:attachment":[{"href":"https:\/\/nebraskademocrats.org\/su\/wp-json\/wp\/v2\/media?parent=44734"}],"wp:term":[{"taxonomy":"category","embeddable":true,"href":"https:\/\/nebraskademocrats.org\/su\/wp-json\/wp\/v2\/categories?post=44734"},{"taxonomy":"post_tag","embeddable":true,"href":"https:\/\/nebraskademocrats.org\/su\/wp-json\/wp\/v2\/tags?post=44734"}],"curies":[{"name":"wp","href":"https:\/\/api.w.org\/{rel}","templated":true}]}}