{"id":6100,"date":"2018-09-04T13:22:32","date_gmt":"2018-09-04T18:22:32","guid":{"rendered":"http:\/\/nebraskadem.wpenginepowered.com\/?p=6100"},"modified":"2018-09-04T13:22:32","modified_gmt":"2018-09-04T18:22:32","slug":"2018-morrison-exon-dinner-wrap-up","status":"publish","type":"post","link":"https:\/\/nebraskademocrats.org\/su\/blog\/2018-morrison-exon-dinner-wrap-up\/","title":{"rendered":"2018 Morrison Exon Dinner Wrap-up"},"content":{"rendered":"<p><span style=\"font-weight: 400;\">Morrison Exon Dinner taunan kami mangrupikeun wengi anu luar biasa! Kami gaduh waktos anu sa\u00e9 sareng 400 Demokrat anu sumping ti sakumna nagara. <\/span><\/p>\n<p><span style=\"font-weight: 400;\">A ngagorowok husus kaluar pikeun <\/span><a href=\"https:\/\/www.merkley.senate.gov\/\"><span style=\"font-weight: 400;\">S\u00e9nator Jeff Merkely<\/span><\/a><span style=\"font-weight: 400;\"> pikeun datang ka Nebraska sareng ngobrol sareng urang ngeunaan masalah mimitian ti imigrasi ka perubahan iklim. <\/span><\/p>\n<p><span style=\"font-weight: 400;\">Calon, aktivis, pajabat kapilih, pamingpin part\u00e9y, jeung pamingpin masarakat mere ilham urang sadaya pikeun kaluar dinya jeung ngetok panto pikeun meunang pemilu. <\/span><\/p>\n<p><span style=\"font-weight: 400;\">Anjeun tiasa ningali sadaya <\/span><a href=\"https:\/\/www.facebook.com\/pg\/NebraskaDemocraticParty\/photos\/?tab=album&amp;album_id=1884043851663419\"><span style=\"font-weight: 400;\">gambar tina acara Morrison Exon 2018 dina halaman Facebook kami<\/span><\/a><span style=\"font-weight: 400;\">.<\/span><\/p>\n<p><span style=\"font-weight: 400;\"><a href=\"https:\/\/drive.google.com\/file\/d\/1j1zwKMnBo60YTlnMXlsKijwg1kbkctcQ\/view?usp=sharing\">Pariksa program kalebet iklan calon sareng grup sekutu<\/a><\/span><\/p>\n<p><span style=\"font-weight: 400;\">Urang sumber dahareun lokal pikeun dinner Morrison Exon ti leutik, usaha kulawarga-ngajalankeun nu dianggo pikeun had\u00e9 komunitas urang jeung kahirupan dulur sabudeureun \u00e9ta. Sponsor dahareun 2018 kami kalebet:<\/span><\/p>\n<p><a href=\"https:\/\/morganranchinc.com\/\"><span style=\"font-weight: 400;\">Morgan Ranch<\/span><\/a><br \/>\n<a href=\"https:\/\/www.bigmamaskitchen.com\/\"><span style=\"font-weight: 400;\">Dapur Mama Ageung<\/span><\/a><br \/>\n<a href=\"https:\/\/www.lonetreefoods.com\/nebraskabox\/\"><span style=\"font-weight: 400;\">Lone Tangkal Dahareun<\/span><\/a><br \/>\n<a href=\"https:\/\/www.facebook.com\/abievegetablepeople\/\"><span style=\"font-weight: 400;\">Abie Sayur<\/span><\/a><br \/>\n<a href=\"http:\/\/cupcakeomaha.net\/\"><span style=\"font-weight: 400;\">CupCake Omaha<\/span><\/a><br \/>\n<a href=\"http:\/\/www.goldenrodpastries.com\/\"><span style=\"font-weight: 400;\">Pastri Goldenrod<\/span><\/a><br \/>\n<a href=\"https:\/\/pekareksproduce.wordpress.com\/\"><span style=\"font-weight: 400;\">Pekarek urang Produce <\/span><\/a><\/p>\n<p><span style=\"font-weight: 400;\">Acara Morrison Exon taunan ngagungkeun karya sukarelawan anu teu ka\u00e9tang anu ngabantosan ngawangun p\u00e9sta sareng milih Demokrat. Kami ngagaduhan sajarah anu panjang pikeun hatur nuhun ka sadayana Demokrat anu ngajantenkeun kaayaan ieu tempat anu langkung sa\u00e9 pikeun hirup. <\/span><\/p>\n<p><span style=\"font-weight: 400;\">Kami ngahormatan Demokrat di handap ieu kalayan panghargaan dina 2018:<\/span><\/p>\n<p><span style=\"font-weight: 400;\">Shirl Mora James, Bob Kerrey CD1 Award<br \/>\n<\/span><span style=\"font-weight: 400;\">t\u00e9mbal Williams, Bob Kerrey CD2 Award<br \/>\n<\/span><span style=\"font-weight: 400;\">Tom Genung jeung Dok Moore, Bob Kerrey CD3 Award<br \/>\n<\/span><span style=\"font-weight: 400;\">Zachary Mora James, John F. Kennedy Award<br \/>\n<\/span><span style=\"font-weight: 400;\">S\u00e9nator Bob Kerrey, Franklin Delano Roosevelt Award<br \/>\n<\/span><span style=\"font-weight: 400;\">S\u00e9nator Tony Vargas, Hall of Fame Award<br \/>\n<\/span><span style=\"font-weight: 400;\">Brian Mikkelsen, Sunshine Award<br \/>\n<\/span><span style=\"font-weight: 400;\">Lauren Williams, Kathleen Fahey Young Demokrat of Service Award<br \/>\n<\/span><span style=\"font-weight: 400;\">Delmer Adam, Morrison Exon Award<br \/>\n<\/span><span style=\"font-weight: 400;\">Badag Mama urang Dapur, State Kursi Award<\/span><\/p>\n<p><span style=\"font-weight: 400;\">Anjeun tiasa pariksa kaluar kami <\/span><a href=\"https:\/\/nebraskadem.wpenginepowered.com\/about\/morrison-exon-annual-awards\/\"><span style=\"font-weight: 400;\">winners pangaj\u00e9n kaliwat tur d\u00e9skripsi pangaj\u00e9n.<\/span><\/a><\/p>\n<p><span style=\"font-weight: 400;\">Kami ngagaduhan seueur padamelan sateuacan Nop\u00e9mber, tapi kami bungah ningali anjeun sadayana dina tuangeun taun payun-upami anjeun janten <\/span><a href=\"https:\/\/secure.actblue.com\/contribute\/page\/nebdem\"><span style=\"font-weight: 400;\">donatur bulanan<\/span><\/a><span style=\"font-weight: 400;\">, anjeun meunang tik\u00e9t pikeun acara Morrison Exon 2019 haratis!<\/span><\/p>\n<p><img fetchpriority=\"high\" decoding=\"async\" class=\"size-medium wp-image-6109 aligncenter\" src=\"https:\/\/nebraskadem.wpenginepowered.com\/wp-content\/uploads\/2018\/09\/IMG_1068-300x207.jpg\" alt=\"\" width=\"300\" height=\"207\" srcset=\"https:\/\/nebraskademocrats.org\/wp-content\/uploads\/2018\/09\/IMG_1068-300x207.jpg 300w, https:\/\/nebraskademocrats.org\/wp-content\/uploads\/2018\/09\/IMG_1068-768x530.jpg 768w, https:\/\/nebraskademocrats.org\/wp-content\/uploads\/2018\/09\/IMG_1068-1024x706.jpg 1024w\" sizes=\"(max-width: 300px) 100vw, 300px\" \/><\/p>\n<p>&nbsp;<\/p>\n<p style=\"text-align: center;\"><img decoding=\"async\" class=\"alignnone size-medium wp-image-6111\" src=\"https:\/\/nebraskadem.wpenginepowered.com\/wp-content\/uploads\/2018\/09\/ndp-8-1-300x200.jpg\" alt=\"\" width=\"300\" height=\"200\" srcset=\"https:\/\/nebraskademocrats.org\/wp-content\/uploads\/2018\/09\/ndp-8-1-300x200.jpg 300w, https:\/\/nebraskademocrats.org\/wp-content\/uploads\/2018\/09\/ndp-8-1-768x512.jpg 768w, https:\/\/nebraskademocrats.org\/wp-content\/uploads\/2018\/09\/ndp-8-1-1024x683.jpg 1024w\" sizes=\"(max-width: 300px) 100vw, 300px\" \/><\/p>\n<p>&nbsp;<\/p>\n<p style=\"text-align: center;\"><img decoding=\"async\" class=\"alignnone size-medium wp-image-6112\" src=\"https:\/\/nebraskadem.wpenginepowered.com\/wp-content\/uploads\/2018\/09\/ndp-61-300x200.jpg\" alt=\"\" width=\"300\" height=\"200\" srcset=\"https:\/\/nebraskademocrats.org\/wp-content\/uploads\/2018\/09\/ndp-61-300x200.jpg 300w, https:\/\/nebraskademocrats.org\/wp-content\/uploads\/2018\/09\/ndp-61-768x512.jpg 768w, https:\/\/nebraskademocrats.org\/wp-content\/uploads\/2018\/09\/ndp-61-1024x683.jpg 1024w\" sizes=\"(max-width: 300px) 100vw, 300px\" \/><\/p>\n<p>&nbsp;<\/p>\n<p style=\"text-align: center;\"><img loading=\"lazy\" decoding=\"async\" class=\"alignnone size-medium wp-image-6114\" src=\"https:\/\/nebraskadem.wpenginepowered.com\/wp-content\/uploads\/2018\/09\/IMG_1507-300x209.jpg\" alt=\"\" width=\"300\" height=\"209\" srcset=\"https:\/\/nebraskademocrats.org\/wp-content\/uploads\/2018\/09\/IMG_1507-300x209.jpg 300w, https:\/\/nebraskademocrats.org\/wp-content\/uploads\/2018\/09\/IMG_1507-768x535.jpg 768w, https:\/\/nebraskademocrats.org\/wp-content\/uploads\/2018\/09\/IMG_1507-1024x713.jpg 1024w\" sizes=\"(max-width: 300px) 100vw, 300px\" \/><\/p>\n<p>&nbsp;<\/p>\n<p style=\"text-align: center;\"><img loading=\"lazy\" decoding=\"async\" class=\"alignnone size-medium wp-image-6113\" src=\"https:\/\/nebraskadem.wpenginepowered.com\/wp-content\/uploads\/2018\/09\/ndp-140-300x200.jpg\" alt=\"\" width=\"300\" height=\"200\" srcset=\"https:\/\/nebraskademocrats.org\/wp-content\/uploads\/2018\/09\/ndp-140-300x200.jpg 300w, https:\/\/nebraskademocrats.org\/wp-content\/uploads\/2018\/09\/ndp-140-768x512.jpg 768w, https:\/\/nebraskademocrats.org\/wp-content\/uploads\/2018\/09\/ndp-140-1024x683.jpg 1024w\" sizes=\"(max-width: 300px) 100vw, 300px\" \/><\/p>","protected":false},"excerpt":{"rendered":"<p>Our annual Morrison Exon Dinner was an incredible night! We had a great time with the 400 Democrats that came from all over the state. A special shout out to Sen. Jeff Merkely for coming to Nebraska and talking with us about issues ranging from immigration to climate change. Candidates, activists, elected officials, party leaders, &#8230; <a title=\"2018 Morrison Exon Dinner Wrap-up\" class=\"read-more\" href=\"https:\/\/nebraskademocrats.org\/su\/blog\/2018-morrison-exon-dinner-wrap-up\/\" aria-label=\"More on 2018 Morrison Exon Dinner Wrap-up\">Maca deui<\/a><\/p>","protected":false},"author":19,"featured_media":0,"comment_status":"closed","ping_status":"closed","sticky":false,"template":"","format":"standard","meta":{"_acf_changed":false,"_exactmetrics_skip_tracking":false,"_exactmetrics_sitenote_active":false,"_exactmetrics_sitenote_note":"","_exactmetrics_sitenote_category":0,"footnotes":""},"categories":[1],"tags":[],"class_list":["post-6100","post","type-post","status-publish","format-standard","hentry","category-blog"],"acf":[],"yoast_head":"<!-- This site is optimized with the Yoast SEO plugin v27.5 - https:\/\/yoast.com\/product\/yoast-seo-wordpress\/ -->\n<title>2018 Morrison Exon Dinner Wrap-up &#8211; Nebraska Democratic Party<\/title>\n<meta name=\"robots\" content=\"index, follow, max-snippet:-1, max-image-preview:large, max-video-preview:-1\" \/>\n<link rel=\"canonical\" href=\"https:\/\/nebraskademocrats.org\/su\/blog\/2018-morrison-exon-dinner-wrap-up\/\" \/>\n<meta property=\"og:locale\" content=\"en_US\" \/>\n<meta property=\"og:type\" content=\"article\" \/>\n<meta property=\"og:title\" content=\"2018 Morrison Exon Dinner Wrap-up &#8211; Nebraska Democratic Party\" \/>\n<meta property=\"og:description\" content=\"Our annual Morrison Exon Dinner was an incredible night! We had a great time with the 400 Democrats that came from all over the state. A special shout out to Sen. Jeff Merkely for coming to Nebraska and talking with us about issues ranging from immigration to climate change. Candidates, activists, elected officials, party leaders, ... Read more\" \/>\n<meta property=\"og:url\" content=\"https:\/\/nebraskademocrats.org\/su\/blog\/2018-morrison-exon-dinner-wrap-up\/\" \/>\n<meta property=\"og:site_name\" content=\"Nebraska Democratic Party\" \/>\n<meta property=\"article:publisher\" content=\"https:\/\/www.facebook.com\/NebraskaDemocraticParty\/\" \/>\n<meta property=\"article:published_time\" content=\"2018-09-04T18:22:32+00:00\" \/>\n<meta property=\"og:image\" content=\"https:\/\/nebraskadem.wpenginepowered.com\/wp-content\/uploads\/2018\/09\/IMG_1068-300x207.jpg\" \/>\n<meta name=\"author\" content=\"Precious McKesson\" \/>\n<meta name=\"twitter:card\" content=\"summary_large_image\" \/>\n<meta name=\"twitter:creator\" content=\"@nebraskadems\" \/>\n<meta name=\"twitter:site\" content=\"@nebraskadems\" \/>\n<meta name=\"twitter:label1\" content=\"Written by\" \/>\n\t<meta name=\"twitter:data1\" content=\"Precious McKesson\" \/>\n\t<meta name=\"twitter:label2\" content=\"Est. reading time\" \/>\n\t<meta name=\"twitter:data2\" content=\"2 minutes\" \/>\n<script type=\"application\/ld+json\" class=\"yoast-schema-graph\">{\"@context\":\"https:\\\/\\\/schema.org\",\"@graph\":[{\"@type\":\"Article\",\"@id\":\"https:\\\/\\\/nebraskademocrats.org\\\/zh\\\/blog\\\/2018-morrison-exon-dinner-wrap-up\\\/#article\",\"isPartOf\":{\"@id\":\"https:\\\/\\\/nebraskademocrats.org\\\/zh\\\/blog\\\/2018-morrison-exon-dinner-wrap-up\\\/\"},\"author\":{\"name\":\"Precious McKesson\",\"@id\":\"https:\\\/\\\/nebraskademocrats.org\\\/#\\\/schema\\\/person\\\/33e011ea0795f404810dc40828bcf289\"},\"headline\":\"2018 Morrison Exon Dinner Wrap-up\",\"datePublished\":\"2018-09-04T18:22:32+00:00\",\"mainEntityOfPage\":{\"@id\":\"https:\\\/\\\/nebraskademocrats.org\\\/zh\\\/blog\\\/2018-morrison-exon-dinner-wrap-up\\\/\"},\"wordCount\":317,\"publisher\":{\"@id\":\"https:\\\/\\\/nebraskademocrats.org\\\/#organization\"},\"image\":{\"@id\":\"https:\\\/\\\/nebraskademocrats.org\\\/zh\\\/blog\\\/2018-morrison-exon-dinner-wrap-up\\\/#primaryimage\"},\"thumbnailUrl\":\"https:\\\/\\\/nebraskadem.wpenginepowered.com\\\/wp-content\\\/uploads\\\/2018\\\/09\\\/IMG_1068-300x207.jpg\",\"articleSection\":[\"NDP Blog\"],\"inLanguage\":\"su\"},{\"@type\":\"WebPage\",\"@id\":\"https:\\\/\\\/nebraskademocrats.org\\\/zh\\\/blog\\\/2018-morrison-exon-dinner-wrap-up\\\/\",\"url\":\"https:\\\/\\\/nebraskademocrats.org\\\/zh\\\/blog\\\/2018-morrison-exon-dinner-wrap-up\\\/\",\"name\":\"2018 Morrison Exon Dinner Wrap-up &#8211; Nebraska Democratic Party\",\"isPartOf\":{\"@id\":\"https:\\\/\\\/nebraskademocrats.org\\\/#website\"},\"primaryImageOfPage\":{\"@id\":\"https:\\\/\\\/nebraskademocrats.org\\\/zh\\\/blog\\\/2018-morrison-exon-dinner-wrap-up\\\/#primaryimage\"},\"image\":{\"@id\":\"https:\\\/\\\/nebraskademocrats.org\\\/zh\\\/blog\\\/2018-morrison-exon-dinner-wrap-up\\\/#primaryimage\"},\"thumbnailUrl\":\"https:\\\/\\\/nebraskadem.wpenginepowered.com\\\/wp-content\\\/uploads\\\/2018\\\/09\\\/IMG_1068-300x207.jpg\",\"datePublished\":\"2018-09-04T18:22:32+00:00\",\"breadcrumb\":{\"@id\":\"https:\\\/\\\/nebraskademocrats.org\\\/zh\\\/blog\\\/2018-morrison-exon-dinner-wrap-up\\\/#breadcrumb\"},\"inLanguage\":\"su\",\"potentialAction\":[{\"@type\":\"ReadAction\",\"target\":[\"https:\\\/\\\/nebraskademocrats.org\\\/zh\\\/blog\\\/2018-morrison-exon-dinner-wrap-up\\\/\"]}]},{\"@type\":\"ImageObject\",\"inLanguage\":\"su\",\"@id\":\"https:\\\/\\\/nebraskademocrats.org\\\/zh\\\/blog\\\/2018-morrison-exon-dinner-wrap-up\\\/#primaryimage\",\"url\":\"https:\\\/\\\/nebraskadem.wpenginepowered.com\\\/wp-content\\\/uploads\\\/2018\\\/09\\\/IMG_1068-300x207.jpg\",\"contentUrl\":\"https:\\\/\\\/nebraskadem.wpenginepowered.com\\\/wp-content\\\/uploads\\\/2018\\\/09\\\/IMG_1068-300x207.jpg\"},{\"@type\":\"BreadcrumbList\",\"@id\":\"https:\\\/\\\/nebraskademocrats.org\\\/zh\\\/blog\\\/2018-morrison-exon-dinner-wrap-up\\\/#breadcrumb\",\"itemListElement\":[{\"@type\":\"ListItem\",\"position\":1,\"name\":\"Home\",\"item\":\"https:\\\/\\\/nebraskademocrats.org\\\/\"},{\"@type\":\"ListItem\",\"position\":2,\"name\":\"2018 Morrison Exon Dinner Wrap-up\"}]},{\"@type\":\"WebSite\",\"@id\":\"https:\\\/\\\/nebraskademocrats.org\\\/#website\",\"url\":\"https:\\\/\\\/nebraskademocrats.org\\\/\",\"name\":\"Nebraska Democratic Party\",\"description\":\"Growing the Good Life for All Nebraskans\",\"publisher\":{\"@id\":\"https:\\\/\\\/nebraskademocrats.org\\\/#organization\"},\"potentialAction\":[{\"@type\":\"SearchAction\",\"target\":{\"@type\":\"EntryPoint\",\"urlTemplate\":\"https:\\\/\\\/nebraskademocrats.org\\\/?s={search_term_string}\"},\"query-input\":{\"@type\":\"PropertyValueSpecification\",\"valueRequired\":true,\"valueName\":\"search_term_string\"}}],\"inLanguage\":\"su\"},{\"@type\":\"Organization\",\"@id\":\"https:\\\/\\\/nebraskademocrats.org\\\/#organization\",\"name\":\"Nebraska Democratic Party\",\"url\":\"https:\\\/\\\/nebraskademocrats.org\\\/\",\"logo\":{\"@type\":\"ImageObject\",\"inLanguage\":\"su\",\"@id\":\"https:\\\/\\\/nebraskademocrats.org\\\/#\\\/schema\\\/logo\\\/image\\\/\",\"url\":\"https:\\\/\\\/nebraskadem.wpenginepowered.com\\\/wp-content\\\/uploads\\\/2016\\\/05\\\/NDP2.jpg\",\"contentUrl\":\"https:\\\/\\\/nebraskadem.wpenginepowered.com\\\/wp-content\\\/uploads\\\/2016\\\/05\\\/NDP2.jpg\",\"width\":1000,\"height\":396,\"caption\":\"Nebraska Democratic Party\"},\"image\":{\"@id\":\"https:\\\/\\\/nebraskademocrats.org\\\/#\\\/schema\\\/logo\\\/image\\\/\"},\"sameAs\":[\"https:\\\/\\\/www.facebook.com\\\/NebraskaDemocraticParty\\\/\",\"https:\\\/\\\/x.com\\\/nebraskadems\"]},{\"@type\":\"Person\",\"@id\":\"https:\\\/\\\/nebraskademocrats.org\\\/#\\\/schema\\\/person\\\/33e011ea0795f404810dc40828bcf289\",\"name\":\"Precious McKesson\",\"image\":{\"@type\":\"ImageObject\",\"inLanguage\":\"su\",\"@id\":\"https:\\\/\\\/secure.gravatar.com\\\/avatar\\\/35046e19b3373116ec64c07d386d3312028d3820dc0ffe65c344bcebc8ea9194?s=96&d=mm&r=g\",\"url\":\"https:\\\/\\\/secure.gravatar.com\\\/avatar\\\/35046e19b3373116ec64c07d386d3312028d3820dc0ffe65c344bcebc8ea9194?s=96&d=mm&r=g\",\"contentUrl\":\"https:\\\/\\\/secure.gravatar.com\\\/avatar\\\/35046e19b3373116ec64c07d386d3312028d3820dc0ffe65c344bcebc8ea9194?s=96&d=mm&r=g\",\"caption\":\"Precious McKesson\"}}]}<\/script>\n<!-- \/ Yoast SEO plugin. -->","yoast_head_json":{"title":"2018 Morrison Exon Dinner Wrap-up &#8211; Nebraska Democratic Party","robots":{"index":"index","follow":"follow","max-snippet":"max-snippet:-1","max-image-preview":"max-image-preview:large","max-video-preview":"max-video-preview:-1"},"canonical":"https:\/\/nebraskademocrats.org\/su\/blog\/2018-morrison-exon-dinner-wrap-up\/","og_locale":"en_US","og_type":"article","og_title":"2018 Morrison Exon Dinner Wrap-up &#8211; Nebraska Democratic Party","og_description":"Our annual Morrison Exon Dinner was an incredible night! We had a great time with the 400 Democrats that came from all over the state. A special shout out to Sen. Jeff Merkely for coming to Nebraska and talking with us about issues ranging from immigration to climate change. Candidates, activists, elected officials, party leaders, ... Read more","og_url":"https:\/\/nebraskademocrats.org\/su\/blog\/2018-morrison-exon-dinner-wrap-up\/","og_site_name":"Nebraska Democratic Party","article_publisher":"https:\/\/www.facebook.com\/NebraskaDemocraticParty\/","article_published_time":"2018-09-04T18:22:32+00:00","og_image":[{"url":"https:\/\/nebraskadem.wpenginepowered.com\/wp-content\/uploads\/2018\/09\/IMG_1068-300x207.jpg","type":"","width":"","height":""}],"author":"Precious McKesson","twitter_card":"summary_large_image","twitter_creator":"@nebraskadems","twitter_site":"@nebraskadems","twitter_misc":{"Written by":"Precious McKesson","Est. reading time":"2 minutes"},"schema":{"@context":"https:\/\/schema.org","@graph":[{"@type":"Article","@id":"https:\/\/nebraskademocrats.org\/zh\/blog\/2018-morrison-exon-dinner-wrap-up\/#article","isPartOf":{"@id":"https:\/\/nebraskademocrats.org\/zh\/blog\/2018-morrison-exon-dinner-wrap-up\/"},"author":{"name":"Precious McKesson","@id":"https:\/\/nebraskademocrats.org\/#\/schema\/person\/33e011ea0795f404810dc40828bcf289"},"headline":"2018 Morrison Exon Dinner Wrap-up","datePublished":"2018-09-04T18:22:32+00:00","mainEntityOfPage":{"@id":"https:\/\/nebraskademocrats.org\/zh\/blog\/2018-morrison-exon-dinner-wrap-up\/"},"wordCount":317,"publisher":{"@id":"https:\/\/nebraskademocrats.org\/#organization"},"image":{"@id":"https:\/\/nebraskademocrats.org\/zh\/blog\/2018-morrison-exon-dinner-wrap-up\/#primaryimage"},"thumbnailUrl":"https:\/\/nebraskadem.wpenginepowered.com\/wp-content\/uploads\/2018\/09\/IMG_1068-300x207.jpg","articleSection":["NDP Blog"],"inLanguage":"su"},{"@type":"WebPage","@id":"https:\/\/nebraskademocrats.org\/zh\/blog\/2018-morrison-exon-dinner-wrap-up\/","url":"https:\/\/nebraskademocrats.org\/zh\/blog\/2018-morrison-exon-dinner-wrap-up\/","name":"2018 Morrison Exon Dinner Wrap-up &#8211; Nebraska Democratic Party","isPartOf":{"@id":"https:\/\/nebraskademocrats.org\/#website"},"primaryImageOfPage":{"@id":"https:\/\/nebraskademocrats.org\/zh\/blog\/2018-morrison-exon-dinner-wrap-up\/#primaryimage"},"image":{"@id":"https:\/\/nebraskademocrats.org\/zh\/blog\/2018-morrison-exon-dinner-wrap-up\/#primaryimage"},"thumbnailUrl":"https:\/\/nebraskadem.wpenginepowered.com\/wp-content\/uploads\/2018\/09\/IMG_1068-300x207.jpg","datePublished":"2018-09-04T18:22:32+00:00","breadcrumb":{"@id":"https:\/\/nebraskademocrats.org\/zh\/blog\/2018-morrison-exon-dinner-wrap-up\/#breadcrumb"},"inLanguage":"su","potentialAction":[{"@type":"ReadAction","target":["https:\/\/nebraskademocrats.org\/zh\/blog\/2018-morrison-exon-dinner-wrap-up\/"]}]},{"@type":"ImageObject","inLanguage":"su","@id":"https:\/\/nebraskademocrats.org\/zh\/blog\/2018-morrison-exon-dinner-wrap-up\/#primaryimage","url":"https:\/\/nebraskadem.wpenginepowered.com\/wp-content\/uploads\/2018\/09\/IMG_1068-300x207.jpg","contentUrl":"https:\/\/nebraskadem.wpenginepowered.com\/wp-content\/uploads\/2018\/09\/IMG_1068-300x207.jpg"},{"@type":"BreadcrumbList","@id":"https:\/\/nebraskademocrats.org\/zh\/blog\/2018-morrison-exon-dinner-wrap-up\/#breadcrumb","itemListElement":[{"@type":"ListItem","position":1,"name":"Home","item":"https:\/\/nebraskademocrats.org\/"},{"@type":"ListItem","position":2,"name":"2018 Morrison Exon Dinner Wrap-up"}]},{"@type":"WebSite","@id":"https:\/\/nebraskademocrats.org\/#website","url":"https:\/\/nebraskademocrats.org\/","name":"Nebraska Democratic Party","description":"Tumuwuh Kahirupan Anu Sa\u00e9 pikeun Sadayana Nebraskan","publisher":{"@id":"https:\/\/nebraskademocrats.org\/#organization"},"potentialAction":[{"@type":"SearchAction","target":{"@type":"EntryPoint","urlTemplate":"https:\/\/nebraskademocrats.org\/?s={search_term_string}"},"query-input":{"@type":"PropertyValueSpecification","valueRequired":true,"valueName":"search_term_string"}}],"inLanguage":"su"},{"@type":"Organization","@id":"https:\/\/nebraskademocrats.org\/#organization","name":"Nebraska Democratic Party","url":"https:\/\/nebraskademocrats.org\/","logo":{"@type":"ImageObject","inLanguage":"su","@id":"https:\/\/nebraskademocrats.org\/#\/schema\/logo\/image\/","url":"https:\/\/nebraskadem.wpenginepowered.com\/wp-content\/uploads\/2016\/05\/NDP2.jpg","contentUrl":"https:\/\/nebraskadem.wpenginepowered.com\/wp-content\/uploads\/2016\/05\/NDP2.jpg","width":1000,"height":396,"caption":"Nebraska Democratic Party"},"image":{"@id":"https:\/\/nebraskademocrats.org\/#\/schema\/logo\/image\/"},"sameAs":["https:\/\/www.facebook.com\/NebraskaDemocraticParty\/","https:\/\/x.com\/nebraskadems"]},{"@type":"Person","@id":"https:\/\/nebraskademocrats.org\/#\/schema\/person\/33e011ea0795f404810dc40828bcf289","name":"McKesson mulia","image":{"@type":"ImageObject","inLanguage":"su","@id":"https:\/\/secure.gravatar.com\/avatar\/35046e19b3373116ec64c07d386d3312028d3820dc0ffe65c344bcebc8ea9194?s=96&d=mm&r=g","url":"https:\/\/secure.gravatar.com\/avatar\/35046e19b3373116ec64c07d386d3312028d3820dc0ffe65c344bcebc8ea9194?s=96&d=mm&r=g","contentUrl":"https:\/\/secure.gravatar.com\/avatar\/35046e19b3373116ec64c07d386d3312028d3820dc0ffe65c344bcebc8ea9194?s=96&d=mm&r=g","caption":"Precious McKesson"}}]}},"_links":{"self":[{"href":"https:\/\/nebraskademocrats.org\/su\/wp-json\/wp\/v2\/posts\/6100","targetHints":{"allow":["GET"]}}],"collection":[{"href":"https:\/\/nebraskademocrats.org\/su\/wp-json\/wp\/v2\/posts"}],"about":[{"href":"https:\/\/nebraskademocrats.org\/su\/wp-json\/wp\/v2\/types\/post"}],"author":[{"embeddable":true,"href":"https:\/\/nebraskademocrats.org\/su\/wp-json\/wp\/v2\/users\/19"}],"replies":[{"embeddable":true,"href":"https:\/\/nebraskademocrats.org\/su\/wp-json\/wp\/v2\/comments?post=6100"}],"version-history":[{"count":0,"href":"https:\/\/nebraskademocrats.org\/su\/wp-json\/wp\/v2\/posts\/6100\/revisions"}],"wp:attachment":[{"href":"https:\/\/nebraskademocrats.org\/su\/wp-json\/wp\/v2\/media?parent=6100"}],"wp:term":[{"taxonomy":"category","embeddable":true,"href":"https:\/\/nebraskademocrats.org\/su\/wp-json\/wp\/v2\/categories?post=6100"},{"taxonomy":"post_tag","embeddable":true,"href":"https:\/\/nebraskademocrats.org\/su\/wp-json\/wp\/v2\/tags?post=6100"}],"curies":[{"name":"wp","href":"https:\/\/api.w.org\/{rel}","templated":true}]}}