{"id":8398,"date":"2019-05-06T09:09:21","date_gmt":"2019-05-06T14:09:21","guid":{"rendered":"https:\/\/nebraskadem.wpenginepowered.com\/?p=8398"},"modified":"2020-06-04T09:19:06","modified_gmt":"2020-06-04T14:19:06","slug":"ndp-submits-delegate-selection-plan-for-2020-democratic-national-convention","status":"publish","type":"post","link":"https:\/\/nebraskademocrats.org\/su\/press-releases\/ndp-submits-delegate-selection-plan-for-2020-democratic-national-convention\/","title":{"rendered":"NDP Kirimkeun Rencana Pilihan Delegasi Kanggo Konv\u00e9nsi Nasional D\u00e9mokratik 2020"},"content":{"rendered":"<p><span style=\"font-weight: 400;\">Nebraska Democratic Party (NDP) parantos nyatujuan Rencana Pemilihan Delegasi (DSP) 2020 pikeun ngirim utusan ka <\/span><a href=\"https:\/\/www.cnn.com\/2019\/03\/11\/politics\/dnc-2020-convention-milwaukee\/index.html\"><span style=\"font-weight: 400;\">Konv\u00e9nsi Nasional Nasional D\u00e9mokratik di Milwaukee, 13-16 Juli 2020<\/span><\/a><span style=\"font-weight: 400;\">.<\/span><\/p>\n<p><span style=\"font-weight: 400;\">NDP damel sareng mitra di saluruh nagara sareng ti unggal komunitas pikeun nyiptakeun pros\u00e9s dimana unggal Nebraskan ngagaduhan kasempetan pikeun didangukeun nalika urang siap pikeun 2020. <\/span><\/p>\n<p><span style=\"font-weight: 400;\">Pikeun mastikeun kaadilan sareng kaaslian dina pros\u00e9s parantosan DSP, NDP muka rancangan rencana kom\u00e9ntar publik salami periode komentar 30 dinten, anu r\u00e9ngs\u00e9 19 April.<\/span><\/p>\n<p><span style=\"font-weight: 400;\">Rencana ieu lajeng dir\u00e9visi sarta disatujuan ku Komite Eksekutif Propinsi NDP pikeun kaluman ka Komite Nasional D\u00e9mokratik pikeun review sarta persetujuan.<\/span><\/p>\n<p><span style=\"font-weight: 400;\">&quot;Demokrat terus ngatur pikeun nyandak deui White House di 2020,&quot; saur Dir\u00e9ktur Eksekutif NDP Jim Rogers. &quot;Ngahontal kana komunitas di sakuliah nagara bakal mastikeun urang ngawangun koalisi pikeun meunang luhur sareng ka handap surat suara. Dokum\u00e9n ieu ngabantosan nyayogikeun peta jalan pikeun kasuksesan anu ngalangkungan prim\u00e9r kami dina M\u00e9i sareng teras nominasi di Milwaukee dina bulan Juli.<\/span><\/p>\n<p><span style=\"font-weight: 400;\">Keunggulan DSP:<\/span><\/p>\n<p><span style=\"font-weight: 400;\">\u2013 Delegasi Nebraska bakal dibagi sacara proporsional dumasar kana hasil 12 M\u00e9i 2020 Pr\u00e9sid\u00e9n prim\u00e9r.<\/span><\/p>\n<p><span style=\"font-weight: 400;\">-Nebraska bakal dialokasikeun jumlahna 36 delegasi sareng dua alternatip, kalebet:<\/span><\/p>\n<p><span style=\"font-weight: 400;\"> \u00a0\u00a0\u00a0\u00a0\u2013Dua puluh dua Delegasi Tingkat Kab<\/span><\/p>\n<p><span style=\"font-weight: 400;\"> \u00a0\u00a0\u00a0\u00a0\u2013 Dua Selang Tingkat Kabupat\u00e9n<\/span><\/p>\n<p><span style=\"font-weight: 400;\"> \u00a0\u00a0\u00a0\u00a0\u2013 Opat Delegasi Otomatis<\/span><\/p>\n<p><span style=\"font-weight: 400;\"> \u00a0\u00a0\u00a0\u00a0\u2013 Tilu Pamimpin Part\u00e9y Dijanjikeun &amp; Delegasi Pajabat Kapilih<\/span><\/p>\n<p><span style=\"font-weight: 400;\"> \u00a0\u00a0\u00a0\u00a0\u2013 Tujuh Delegasi Agung<\/span><span style=\"font-weight: 400;\"><br \/>\n<\/span><span style=\"font-weight: 400;\"><br \/>\n<\/span><span style=\"font-weight: 400;\">-Nebraska dialokasikeun jumlahna aya tilu Anggota Komite Tetap DNC (hiji anggota pikeun tiap Komite Tetap DNC) anu bakal dipilih dina Konv\u00e9nsi Nagara NDP.<\/span><\/p>\n<p><span style=\"font-weight: 400;\">-Lima Pemilih Pr\u00e9sid\u00e9n Nebraska bakal dipilih dina Konv\u00e9nsi Nagara NDP.<\/span><\/p>\n<p><a href=\"https:\/\/nebraskadem.wpenginepowered.com\/press-releases\/ndp-seeks-comments-on-delegate-selection-plan-for-2020-democratic-national-convention\/\"><b>Anjeun tiasa maca sadayana DSP di dieu.<\/b><\/a><\/p>\n<p><a href=\"https:\/\/nebraskadem.wpenginepowered.com\/wp-content\/uploads\/2019\/05\/Nebraska-DSP-Amendments-Memo.pdf\"><strong>Amandemen pikeun Delegasi Pilihan Pamilihan dikintunkeun ka DNC dina 5\/27\/20.<\/strong><\/a><\/p>\n<p style=\"text-align: center;\"><span style=\"font-weight: 400;\">###<\/span><\/p>\n<p>&nbsp;<\/p>\n<p>&nbsp;<\/p>\n<p>&nbsp;<\/p>\n<p>&nbsp;<\/p>\n<p>&nbsp;<\/p>","protected":false},"excerpt":{"rendered":"<p>The Nebraska Democratic Party (NDP) has approved its 2020 Delegate Selection Plan (DSP) to send delegates to the Democratic National National Convention in Milwaukee, July 13-16, 2020. The NDP worked with partners across the state and from every community to create a process where every Nebraskan had a chance to be heard as we gear &#8230; <a title=\"NDP Kirimkeun Rencana Pilihan Delegasi Kanggo Konv\u00e9nsi Nasional D\u00e9mokratik 2020\" class=\"read-more\" href=\"https:\/\/nebraskademocrats.org\/su\/press-releases\/ndp-submits-delegate-selection-plan-for-2020-democratic-national-convention\/\" aria-label=\"More on NDP Submits Delegate Selection Plan For 2020 Democratic National Convention\">Maca deui<\/a><\/p>","protected":false},"author":19,"featured_media":0,"comment_status":"closed","ping_status":"closed","sticky":false,"template":"","format":"standard","meta":{"_acf_changed":false,"_exactmetrics_skip_tracking":false,"_exactmetrics_sitenote_active":false,"_exactmetrics_sitenote_note":"","_exactmetrics_sitenote_category":0,"footnotes":""},"categories":[4],"tags":[],"class_list":["post-8398","post","type-post","status-publish","format-standard","hentry","category-press-releases"],"acf":[],"yoast_head":"<!-- This site is optimized with the Yoast SEO plugin v27.4 - https:\/\/yoast.com\/product\/yoast-seo-wordpress\/ -->\n<title>NDP Submits Delegate Selection Plan For 2020 Democratic National Convention &#8211; Nebraska Democratic Party<\/title>\n<meta name=\"robots\" content=\"index, follow, max-snippet:-1, max-image-preview:large, max-video-preview:-1\" \/>\n<link rel=\"canonical\" href=\"https:\/\/nebraskademocrats.org\/su\/press-releases\/ndp-submits-delegate-selection-plan-for-2020-democratic-national-convention\/\" \/>\n<meta property=\"og:locale\" content=\"en_US\" \/>\n<meta property=\"og:type\" content=\"article\" \/>\n<meta property=\"og:title\" content=\"NDP Submits Delegate Selection Plan For 2020 Democratic National Convention &#8211; Nebraska Democratic Party\" \/>\n<meta property=\"og:description\" content=\"The Nebraska Democratic Party (NDP) has approved its 2020 Delegate Selection Plan (DSP) to send delegates to the Democratic National National Convention in Milwaukee, July 13-16, 2020. The NDP worked with partners across the state and from every community to create a process where every Nebraskan had a chance to be heard as we gear ... Read more\" \/>\n<meta property=\"og:url\" content=\"https:\/\/nebraskademocrats.org\/su\/press-releases\/ndp-submits-delegate-selection-plan-for-2020-democratic-national-convention\/\" \/>\n<meta property=\"og:site_name\" content=\"Nebraska Democratic Party\" \/>\n<meta property=\"article:publisher\" content=\"https:\/\/www.facebook.com\/NebraskaDemocraticParty\/\" \/>\n<meta property=\"article:published_time\" content=\"2019-05-06T14:09:21+00:00\" \/>\n<meta property=\"article:modified_time\" content=\"2020-06-04T14:19:06+00:00\" \/>\n<meta property=\"og:image\" content=\"https:\/\/nebraskademocrats.org\/wp-content\/uploads\/2018\/09\/ne-dems-fb.jpg\" \/>\n\t<meta property=\"og:image:width\" content=\"1200\" \/>\n\t<meta property=\"og:image:height\" content=\"630\" \/>\n\t<meta property=\"og:image:type\" content=\"image\/jpeg\" \/>\n<meta name=\"author\" content=\"Precious McKesson\" \/>\n<meta name=\"twitter:card\" content=\"summary_large_image\" \/>\n<meta name=\"twitter:creator\" content=\"@nebraskadems\" \/>\n<meta name=\"twitter:site\" content=\"@nebraskadems\" \/>\n<meta name=\"twitter:label1\" content=\"Written by\" \/>\n\t<meta name=\"twitter:data1\" content=\"Precious McKesson\" \/>\n\t<meta name=\"twitter:label2\" content=\"Est. reading time\" \/>\n\t<meta name=\"twitter:data2\" content=\"1 minute\" \/>\n<script type=\"application\/ld+json\" class=\"yoast-schema-graph\">{\"@context\":\"https:\\\/\\\/schema.org\",\"@graph\":[{\"@type\":\"Article\",\"@id\":\"https:\\\/\\\/nebraskademocrats.org\\\/es\\\/press-releases\\\/ndp-submits-delegate-selection-plan-for-2020-democratic-national-convention\\\/#article\",\"isPartOf\":{\"@id\":\"https:\\\/\\\/nebraskademocrats.org\\\/es\\\/press-releases\\\/ndp-submits-delegate-selection-plan-for-2020-democratic-national-convention\\\/\"},\"author\":{\"name\":\"Precious McKesson\",\"@id\":\"https:\\\/\\\/nebraskademocrats.org\\\/#\\\/schema\\\/person\\\/33e011ea0795f404810dc40828bcf289\"},\"headline\":\"NDP Submits Delegate Selection Plan For 2020 Democratic National Convention\",\"datePublished\":\"2019-05-06T14:09:21+00:00\",\"dateModified\":\"2020-06-04T14:19:06+00:00\",\"mainEntityOfPage\":{\"@id\":\"https:\\\/\\\/nebraskademocrats.org\\\/es\\\/press-releases\\\/ndp-submits-delegate-selection-plan-for-2020-democratic-national-convention\\\/\"},\"wordCount\":295,\"publisher\":{\"@id\":\"https:\\\/\\\/nebraskademocrats.org\\\/#organization\"},\"articleSection\":[\"Press Releases\"],\"inLanguage\":\"su\"},{\"@type\":\"WebPage\",\"@id\":\"https:\\\/\\\/nebraskademocrats.org\\\/es\\\/press-releases\\\/ndp-submits-delegate-selection-plan-for-2020-democratic-national-convention\\\/\",\"url\":\"https:\\\/\\\/nebraskademocrats.org\\\/es\\\/press-releases\\\/ndp-submits-delegate-selection-plan-for-2020-democratic-national-convention\\\/\",\"name\":\"NDP Submits Delegate Selection Plan For 2020 Democratic National Convention &#8211; Nebraska Democratic Party\",\"isPartOf\":{\"@id\":\"https:\\\/\\\/nebraskademocrats.org\\\/#website\"},\"datePublished\":\"2019-05-06T14:09:21+00:00\",\"dateModified\":\"2020-06-04T14:19:06+00:00\",\"breadcrumb\":{\"@id\":\"https:\\\/\\\/nebraskademocrats.org\\\/es\\\/press-releases\\\/ndp-submits-delegate-selection-plan-for-2020-democratic-national-convention\\\/#breadcrumb\"},\"inLanguage\":\"su\",\"potentialAction\":[{\"@type\":\"ReadAction\",\"target\":[\"https:\\\/\\\/nebraskademocrats.org\\\/es\\\/press-releases\\\/ndp-submits-delegate-selection-plan-for-2020-democratic-national-convention\\\/\"]}]},{\"@type\":\"BreadcrumbList\",\"@id\":\"https:\\\/\\\/nebraskademocrats.org\\\/es\\\/press-releases\\\/ndp-submits-delegate-selection-plan-for-2020-democratic-national-convention\\\/#breadcrumb\",\"itemListElement\":[{\"@type\":\"ListItem\",\"position\":1,\"name\":\"Home\",\"item\":\"https:\\\/\\\/nebraskademocrats.org\\\/\"},{\"@type\":\"ListItem\",\"position\":2,\"name\":\"NDP Submits Delegate Selection Plan For 2020 Democratic National Convention\"}]},{\"@type\":\"WebSite\",\"@id\":\"https:\\\/\\\/nebraskademocrats.org\\\/#website\",\"url\":\"https:\\\/\\\/nebraskademocrats.org\\\/\",\"name\":\"Nebraska Democratic Party\",\"description\":\"Growing the Good Life for All Nebraskans\",\"publisher\":{\"@id\":\"https:\\\/\\\/nebraskademocrats.org\\\/#organization\"},\"potentialAction\":[{\"@type\":\"SearchAction\",\"target\":{\"@type\":\"EntryPoint\",\"urlTemplate\":\"https:\\\/\\\/nebraskademocrats.org\\\/?s={search_term_string}\"},\"query-input\":{\"@type\":\"PropertyValueSpecification\",\"valueRequired\":true,\"valueName\":\"search_term_string\"}}],\"inLanguage\":\"su\"},{\"@type\":\"Organization\",\"@id\":\"https:\\\/\\\/nebraskademocrats.org\\\/#organization\",\"name\":\"Nebraska Democratic Party\",\"url\":\"https:\\\/\\\/nebraskademocrats.org\\\/\",\"logo\":{\"@type\":\"ImageObject\",\"inLanguage\":\"su\",\"@id\":\"https:\\\/\\\/nebraskademocrats.org\\\/#\\\/schema\\\/logo\\\/image\\\/\",\"url\":\"https:\\\/\\\/nebraskadem.wpenginepowered.com\\\/wp-content\\\/uploads\\\/2016\\\/05\\\/NDP2.jpg\",\"contentUrl\":\"https:\\\/\\\/nebraskadem.wpenginepowered.com\\\/wp-content\\\/uploads\\\/2016\\\/05\\\/NDP2.jpg\",\"width\":1000,\"height\":396,\"caption\":\"Nebraska Democratic Party\"},\"image\":{\"@id\":\"https:\\\/\\\/nebraskademocrats.org\\\/#\\\/schema\\\/logo\\\/image\\\/\"},\"sameAs\":[\"https:\\\/\\\/www.facebook.com\\\/NebraskaDemocraticParty\\\/\",\"https:\\\/\\\/x.com\\\/nebraskadems\"]},{\"@type\":\"Person\",\"@id\":\"https:\\\/\\\/nebraskademocrats.org\\\/#\\\/schema\\\/person\\\/33e011ea0795f404810dc40828bcf289\",\"name\":\"Precious McKesson\",\"image\":{\"@type\":\"ImageObject\",\"inLanguage\":\"su\",\"@id\":\"https:\\\/\\\/secure.gravatar.com\\\/avatar\\\/35046e19b3373116ec64c07d386d3312028d3820dc0ffe65c344bcebc8ea9194?s=96&d=mm&r=g\",\"url\":\"https:\\\/\\\/secure.gravatar.com\\\/avatar\\\/35046e19b3373116ec64c07d386d3312028d3820dc0ffe65c344bcebc8ea9194?s=96&d=mm&r=g\",\"contentUrl\":\"https:\\\/\\\/secure.gravatar.com\\\/avatar\\\/35046e19b3373116ec64c07d386d3312028d3820dc0ffe65c344bcebc8ea9194?s=96&d=mm&r=g\",\"caption\":\"Precious McKesson\"}}]}<\/script>\n<!-- \/ Yoast SEO plugin. -->","yoast_head_json":{"title":"NDP Submits Delegate Selection Plan For 2020 Democratic National Convention &#8211; Nebraska Democratic Party","robots":{"index":"index","follow":"follow","max-snippet":"max-snippet:-1","max-image-preview":"max-image-preview:large","max-video-preview":"max-video-preview:-1"},"canonical":"https:\/\/nebraskademocrats.org\/su\/press-releases\/ndp-submits-delegate-selection-plan-for-2020-democratic-national-convention\/","og_locale":"en_US","og_type":"article","og_title":"NDP Submits Delegate Selection Plan For 2020 Democratic National Convention &#8211; Nebraska Democratic Party","og_description":"The Nebraska Democratic Party (NDP) has approved its 2020 Delegate Selection Plan (DSP) to send delegates to the Democratic National National Convention in Milwaukee, July 13-16, 2020. The NDP worked with partners across the state and from every community to create a process where every Nebraskan had a chance to be heard as we gear ... Read more","og_url":"https:\/\/nebraskademocrats.org\/su\/press-releases\/ndp-submits-delegate-selection-plan-for-2020-democratic-national-convention\/","og_site_name":"Nebraska Democratic Party","article_publisher":"https:\/\/www.facebook.com\/NebraskaDemocraticParty\/","article_published_time":"2019-05-06T14:09:21+00:00","article_modified_time":"2020-06-04T14:19:06+00:00","og_image":[{"width":1200,"height":630,"url":"https:\/\/nebraskademocrats.org\/wp-content\/uploads\/2018\/09\/ne-dems-fb.jpg","type":"image\/jpeg"}],"author":"Precious McKesson","twitter_card":"summary_large_image","twitter_creator":"@nebraskadems","twitter_site":"@nebraskadems","twitter_misc":{"Written by":"Precious McKesson","Est. reading time":"1 minute"},"schema":{"@context":"https:\/\/schema.org","@graph":[{"@type":"Article","@id":"https:\/\/nebraskademocrats.org\/es\/press-releases\/ndp-submits-delegate-selection-plan-for-2020-democratic-national-convention\/#article","isPartOf":{"@id":"https:\/\/nebraskademocrats.org\/es\/press-releases\/ndp-submits-delegate-selection-plan-for-2020-democratic-national-convention\/"},"author":{"name":"Precious McKesson","@id":"https:\/\/nebraskademocrats.org\/#\/schema\/person\/33e011ea0795f404810dc40828bcf289"},"headline":"NDP Submits Delegate Selection Plan For 2020 Democratic National Convention","datePublished":"2019-05-06T14:09:21+00:00","dateModified":"2020-06-04T14:19:06+00:00","mainEntityOfPage":{"@id":"https:\/\/nebraskademocrats.org\/es\/press-releases\/ndp-submits-delegate-selection-plan-for-2020-democratic-national-convention\/"},"wordCount":295,"publisher":{"@id":"https:\/\/nebraskademocrats.org\/#organization"},"articleSection":["Press Releases"],"inLanguage":"su"},{"@type":"WebPage","@id":"https:\/\/nebraskademocrats.org\/es\/press-releases\/ndp-submits-delegate-selection-plan-for-2020-democratic-national-convention\/","url":"https:\/\/nebraskademocrats.org\/es\/press-releases\/ndp-submits-delegate-selection-plan-for-2020-democratic-national-convention\/","name":"NDP Submits Delegate Selection Plan For 2020 Democratic National Convention &#8211; Nebraska Democratic Party","isPartOf":{"@id":"https:\/\/nebraskademocrats.org\/#website"},"datePublished":"2019-05-06T14:09:21+00:00","dateModified":"2020-06-04T14:19:06+00:00","breadcrumb":{"@id":"https:\/\/nebraskademocrats.org\/es\/press-releases\/ndp-submits-delegate-selection-plan-for-2020-democratic-national-convention\/#breadcrumb"},"inLanguage":"su","potentialAction":[{"@type":"ReadAction","target":["https:\/\/nebraskademocrats.org\/es\/press-releases\/ndp-submits-delegate-selection-plan-for-2020-democratic-national-convention\/"]}]},{"@type":"BreadcrumbList","@id":"https:\/\/nebraskademocrats.org\/es\/press-releases\/ndp-submits-delegate-selection-plan-for-2020-democratic-national-convention\/#breadcrumb","itemListElement":[{"@type":"ListItem","position":1,"name":"Home","item":"https:\/\/nebraskademocrats.org\/"},{"@type":"ListItem","position":2,"name":"NDP Submits Delegate Selection Plan For 2020 Democratic National Convention"}]},{"@type":"WebSite","@id":"https:\/\/nebraskademocrats.org\/#website","url":"https:\/\/nebraskademocrats.org\/","name":"Nebraska Democratic Party","description":"Tumuwuh Kahirupan Anu Sa\u00e9 pikeun Sadayana Nebraskan","publisher":{"@id":"https:\/\/nebraskademocrats.org\/#organization"},"potentialAction":[{"@type":"SearchAction","target":{"@type":"EntryPoint","urlTemplate":"https:\/\/nebraskademocrats.org\/?s={search_term_string}"},"query-input":{"@type":"PropertyValueSpecification","valueRequired":true,"valueName":"search_term_string"}}],"inLanguage":"su"},{"@type":"Organization","@id":"https:\/\/nebraskademocrats.org\/#organization","name":"Nebraska Democratic Party","url":"https:\/\/nebraskademocrats.org\/","logo":{"@type":"ImageObject","inLanguage":"su","@id":"https:\/\/nebraskademocrats.org\/#\/schema\/logo\/image\/","url":"https:\/\/nebraskadem.wpenginepowered.com\/wp-content\/uploads\/2016\/05\/NDP2.jpg","contentUrl":"https:\/\/nebraskadem.wpenginepowered.com\/wp-content\/uploads\/2016\/05\/NDP2.jpg","width":1000,"height":396,"caption":"Nebraska Democratic Party"},"image":{"@id":"https:\/\/nebraskademocrats.org\/#\/schema\/logo\/image\/"},"sameAs":["https:\/\/www.facebook.com\/NebraskaDemocraticParty\/","https:\/\/x.com\/nebraskadems"]},{"@type":"Person","@id":"https:\/\/nebraskademocrats.org\/#\/schema\/person\/33e011ea0795f404810dc40828bcf289","name":"McKesson mulia","image":{"@type":"ImageObject","inLanguage":"su","@id":"https:\/\/secure.gravatar.com\/avatar\/35046e19b3373116ec64c07d386d3312028d3820dc0ffe65c344bcebc8ea9194?s=96&d=mm&r=g","url":"https:\/\/secure.gravatar.com\/avatar\/35046e19b3373116ec64c07d386d3312028d3820dc0ffe65c344bcebc8ea9194?s=96&d=mm&r=g","contentUrl":"https:\/\/secure.gravatar.com\/avatar\/35046e19b3373116ec64c07d386d3312028d3820dc0ffe65c344bcebc8ea9194?s=96&d=mm&r=g","caption":"Precious McKesson"}}]}},"_links":{"self":[{"href":"https:\/\/nebraskademocrats.org\/su\/wp-json\/wp\/v2\/posts\/8398","targetHints":{"allow":["GET"]}}],"collection":[{"href":"https:\/\/nebraskademocrats.org\/su\/wp-json\/wp\/v2\/posts"}],"about":[{"href":"https:\/\/nebraskademocrats.org\/su\/wp-json\/wp\/v2\/types\/post"}],"author":[{"embeddable":true,"href":"https:\/\/nebraskademocrats.org\/su\/wp-json\/wp\/v2\/users\/19"}],"replies":[{"embeddable":true,"href":"https:\/\/nebraskademocrats.org\/su\/wp-json\/wp\/v2\/comments?post=8398"}],"version-history":[{"count":0,"href":"https:\/\/nebraskademocrats.org\/su\/wp-json\/wp\/v2\/posts\/8398\/revisions"}],"wp:attachment":[{"href":"https:\/\/nebraskademocrats.org\/su\/wp-json\/wp\/v2\/media?parent=8398"}],"wp:term":[{"taxonomy":"category","embeddable":true,"href":"https:\/\/nebraskademocrats.org\/su\/wp-json\/wp\/v2\/categories?post=8398"},{"taxonomy":"post_tag","embeddable":true,"href":"https:\/\/nebraskademocrats.org\/su\/wp-json\/wp\/v2\/tags?post=8398"}],"curies":[{"name":"wp","href":"https:\/\/api.w.org\/{rel}","templated":true}]}}