{"id":8631,"date":"2019-06-17T09:28:10","date_gmt":"2019-06-17T14:28:10","guid":{"rendered":"https:\/\/nebraskadem.wpenginepowered.com\/?p=8631"},"modified":"2019-07-11T12:18:56","modified_gmt":"2019-07-11T17:18:56","slug":"ndp-first-associate-chair-frank-lamere-passes-away","status":"publish","type":"post","link":"https:\/\/nebraskademocrats.org\/su\/press-releases\/ndp-first-associate-chair-frank-lamere-passes-away\/","title":{"rendered":"Kursi Mitra Mimiti NDP Frank LaMere Liwat"},"content":{"rendered":"<p><em><span style=\"font-weight: 400;\">CATETAN: Kami damel dina ngadamel program Frank LaMere Organizing Fellows dimana anjeun tiasa ngahargaan warisan Frank kalayan sumbangan pikeun ngadukung damel di akar rumput khususna di kota-kota padesaan kami. Langkung seueur inpormasi bakal dipasang pas.<\/span><\/em><\/p>\n<div class=\"yj6qo ajU\">\n<div id=\":19s\" class=\"ajR\" tabindex=\"0\" role=\"button\" data-tooltip=\"Show trimmed content\" aria-label=\"Tembongkeun eusi anu dipangkas\" aria-expanded=\"false\">\n<p><img decoding=\"async\" class=\"ajT\" src=\"https:\/\/ssl.gstatic.com\/ui\/v1\/icons\/mail\/images\/cleardot.gif\" \/><em><strong><a href=\"https:\/\/www.youtube.com\/watch?v=g-LHF9DuPBE&amp;feature=youtu.be\">Kami nyiptakeun pid\u00e9o upeti ieu pikeun ngahargaan Frank LaMere.<\/a> <\/strong>Hatur nuhun ka Jason Shald anu ngerjakeun vid\u00e9o \u00e9ta.<\/em><\/p>\n<p>Frank LaMere, anggota Winnebago Nation of Nebraska sareng ketua gaul munggaran Nebraska Democratic Party, angkat bumi ieu Minggu, 16 Juni saatos gelut sareng kanker, ny\u00e9sakeun warisan kapamimpinan dina seueur masalah kaadilan sosial.<\/p>\n<\/div>\n<\/div>\n<div class=\"\" data-block=\"true\" data-editor=\"8rbpa\" data-offset-key=\"1qn3c-0-0\">\n<div class=\"_1mf _1mj\" data-offset-key=\"1qn3c-0-0\">\n<p>Dinten Rebo, ratusan ngarumpul nalika urang pamitan ka sobat, mentor sareng lanceuk urang anu dipikacinta.<\/p>\n<\/div>\n<\/div>\n<p><span style=\"font-weight: 400;\">LaMere, 69, mangrupikeun pangacara anu kuat pikeun nangtung kaadilan, nangtung dina garis payun pikeun ngajagaan<\/span><span style=\"font-weight: 400;\"> sareng ngabela barudak India, ngungkulan kekejeman pulisi ngalawan urang India, merangan penjualan alkohol di caket Pine Ridge India Reservation sareng ngarah kana sababaraha masalah anu san\u00e9s, kalebet perang ngalawan pipa Keystone XL anu diusulkeun. Anjeunna nangtung nepi ka <\/span><span style=\"font-weight: 400;\">kekerasan ngalawan jalma anu paling rentan bari nyandak rupa-rupa sora kana m\u00e9ja.<\/span><\/p>\n<p><span style=\"font-weight: 400;\">abdi<\/span><span style=\"font-weight: 400;\">n Mei, LaMere dil\u00e9l\u00e9r gelar doktor kehormatan gelar hukum ku Universitas Nebraska Wesleyan pikeun warisanna pikeun merjuangkeun kaadilan sosial.<\/span><\/p>\n<p><span style=\"font-weight: 400;\">LaMere mangrupikeun anggota Am\u00e9rika pribumi anu paling lami dina Komite Nasional D\u00e9mokratik sareng ngadirikeun duanana Nebraska Native Caucus sareng National Native Caucus Partai D\u00e9mokratik. <\/span><\/p>\n<p><span style=\"font-weight: 400;\">Saur Kursi NDP<strong> Jane Kleeb<\/strong>: \u201cDr. Frank LaMere sering nyarios ka kuring, &#039;Kami ngalakukeun anu paling sa\u00e9 pikeun jalma-jalma paling seueur sareng langsung nuturkeun ide pikeun tindakan di jalanan sareng balai pamar\u00e9ntah. Frank mangrupikeun jantung Part\u00e9y D\u00e9mokratik sareng seueur tarung akar rumput di panjuru nagara sareng bangsa urang.<\/span><\/p>\n<p><span style=\"font-weight: 400;\">&quot;Kami kaleungitan pahlawan dinten ayeuna anu ngagaduhan bisnis tacan r\u00e9ngs\u00e9 anu urang ayeuna kedah ngalengkepan,&quot; sa Kleeb.<\/span><\/p>\n<p><strong>Putra LaMere, <\/strong><span style=\"font-weight: 400;\"><strong>Manape<\/strong>, dipasang di handap ieu dina <\/span><a href=\"https:\/\/www.indianz.com\/News\/2019\/06\/17\/winnebago-activist-frank-lamere-passes-o.asp\"><b>Indianz.com<\/b><\/a><b>: <\/b><span style=\"font-weight: 400;\">&quot;Rama kami Frank LaMere nyebrang ka sisi san\u00e9sna walungan Kahirupan ieu. Urang bad\u00e9 nyiapkeun perjalananna dina sababaraha dinten payun. Pinagigi ka sadayana anu ngadukung perang bapak kuring. \u201d<\/span><\/p>\n<p><span style=\"font-weight: 400;\"><strong>John Maisch,<\/strong> anu nyiptakeun film dokumenter &quot;Sober India Berbahaya India&quot; nampilkeun LaMere,<\/span> <a href=\"https:\/\/www.omaha.com\/news\/nebraska\/native-american-activist-frank-lamere-has-died-at\/article_7abb4936-d7b0-5583-82be-b4addab1cccb.html\"><b>ngawartoskeun Omaha World-Herald<\/b><\/a> <span style=\"font-weight: 400;\">y\u00e9n Nebraska parantos &quot;kaleungitan pamimpin hak sipil anu sajati.&quot;<\/span><\/p>\n<p><span style=\"font-weight: 400;\">&quot;Frank damel kanggo masihan sora ka anu teu disada,&quot; saur Maisch. &quot;Karyana pikeun na\u00e9kkeun diskusi ngeunaan masalah sapertos Whiteclay, Kasejahteraan murangkalih pribumi sareng lingkungan bakal teras-terasan ngalangkungan urang sadayana.&quot;<\/span><\/p>\n<p>Pernyataan ti\u00a0<strong>Ken Martin<\/strong>, pupuhu di\u00a0<u><\/u>Partai D\u00e9mokratik-Patani-Buruh Minnesota sareng pr\u00e9sid\u00e9n Asosiasi Komite D\u00e9mokratik Nagara:<\/p>\n<p>&quot;Prajurit Blackfoot, Crowfoot, nyarios &#039;Naon ari kahirupan? \u00c9ta mangrupikeun lampu kilat seuneu nalika peuting. Mangrupikeun napas kebo dina usum salju. \u00c9ta kalangkang alit anu ngalir ngalangkungan jukut nyalira saatos surup.<\/p>\n<p>Kami masing-masing dipasihan waktos anu singget di bumi ieu pikeun ngab\u00e9dakeun sareng Dr. Frank LaMere ngamangpaatkeun \u00e9ta. Frank mangrupikeun salah sahiji jalma anu nyarios sakedik pisan tapi nalika anjeunna ngalaksanakeun kecap-Na - lemes, fasih, sareng kuat - ngagaduhan hartos anu jero sareng ngajantenkeun pangaruh anu aw\u00e9t dina Part\u00e9i urang. Kapamimpinanna salaku anggota Am\u00e9rika Asli anu paling lami di Komite Nasional D\u00e9mokratik ngangkat sora jalma pribumi dina Part\u00e9y D\u00e9mokratik.<\/p>\n<p>Saurang mentor kuring kantos nyarios y\u00e9n anjeun henteu kedah misahkeun kahirupan anu anjeun hirup tina kecap-kecap anu anjeun nyarios, Dr. Frank LaMere hirupkeun nilaina unggal dintenna sareng nangtung sareng merjuangkeun ketidakadilan, pikeun hak-hak jalma dimana-mana, sareng pikeun urang darat sareng cai. Anjeunna ngadamel b\u00e9dana dina 69 taun pondok anu aya di plan\u00e9t ieu sareng sapertos kilat hurung, hirupna pondok tapi cemerlang. Doa kuring pikeun perdamaian nya\u00e9ta sareng pamajikanana, Cynthia sareng opat anakna, Jennifer, Hazen, Manape Hocinci-ga sareng Lexie Wakan, &quot;saur Martin.<\/p>\n<p>Pernyataan ti\u00a0<strong>Rion Ramirez,<\/strong> Kursi Kaisar Am\u00e9rika Asli DNC:<\/p>\n<p>&quot;Frank LeMere mangrupikeun jalma anu h\u00e9bat anu ngalakukeun hal-hal anu h\u00e9bat pikeun urang sadayana di Nagara India. Kaum Am\u00e9rika Asli DNC diwangun dina yayasan anu kuat anu didirikeunana. Frank mangrupikeun aktivis politik anu sajati sareng cinta anu jero sareng komitmen pikeun ngabantosan sadayana Nagara India.<\/p>\n<div class=\"\" data-block=\"true\" data-editor=\"51gfr\" data-offset-key=\"e6eob-0-0\">\n<div class=\"_1mf _1mj\" data-offset-key=\"e6eob-0-0\">\n<p>Atas nami ka sadayana Nagara India kuring hoyong hatur ka Frank pikeun taun na berjuang pikeun urang sadayana dina garis payun. Kuring ngirimkeun cinta sareng do&#039;a kuring ka kulawargana sareng Suku Winnebago dina waktos anu sesah ieu. &quot;<\/p>\n<p><strong><a href=\"https:\/\/twitter.com\/ewarren\/status\/1140790411939721217?s=19\">S\u00e9n Elizabeth Warren tweets<\/a><\/strong>: &#8220;<span class=\"css-901oao css-16my406 r-1qd0xha r-ad9z0x r-bcqeeo r-qvutc0\" dir=\"auto\">Duka pisan ku kaleungitan r\u00e9r\u00e9ncangan abdi Frank LaMere. Frank mangrupikeun DNC anu lami\u00a0<\/span><span class=\"css-901oao css-16my406 r-1qd0xha r-ad9z0x r-bcqeeo r-qvutc0\" dir=\"auto\">anggota sareng Suku Winnebago\u00a0<\/span><span class=\"css-901oao css-16my406 r-1qd0xha r-ad9z0x r-bcqeeo r-qvutc0\" dir=\"auto\">aktivis, sareng kuring bakal sono ka anjeunna. \u201d<\/span><\/p>\n<\/div>\n<\/div>\n<div class=\"m_-5800557231743544213WordSection1\">\n<div><img fetchpriority=\"high\" decoding=\"async\" class=\"aligncenter wp-image-8632 size-full\" style=\"font-size: 16px;\" src=\"https:\/\/nebraskadem.wpenginepowered.com\/wp-content\/uploads\/2019\/06\/Frank3.jpg\" alt=\"\" width=\"720\" height=\"517\" srcset=\"https:\/\/nebraskademocrats.org\/wp-content\/uploads\/2019\/06\/Frank3.jpg 720w, https:\/\/nebraskademocrats.org\/wp-content\/uploads\/2019\/06\/Frank3-300x215.jpg 300w\" sizes=\"(max-width: 720px) 100vw, 720px\" \/><\/div>\n<div><\/div>\n<\/div>\n<p><img decoding=\"async\" class=\"aligncenter wp-image-8633 size-large\" src=\"https:\/\/nebraskadem.wpenginepowered.com\/wp-content\/uploads\/2019\/06\/Jane-Frank-719x1024.jpg\" alt=\"\" width=\"719\" height=\"1024\" srcset=\"https:\/\/nebraskademocrats.org\/wp-content\/uploads\/2019\/06\/Jane-Frank-719x1024.jpg 719w, https:\/\/nebraskademocrats.org\/wp-content\/uploads\/2019\/06\/Jane-Frank-211x300.jpg 211w, https:\/\/nebraskademocrats.org\/wp-content\/uploads\/2019\/06\/Jane-Frank-768x1094.jpg 768w, https:\/\/nebraskademocrats.org\/wp-content\/uploads\/2019\/06\/Jane-Frank.jpg 1651w\" sizes=\"(max-width: 719px) 100vw, 719px\" \/><\/p>\n<p style=\"text-align: center;\"><span style=\"font-weight: 400;\">\u00a0 \u00a0 \u00a0 \u00a0 \u00a0 \u00a0 \u00a0 \u00a0 \u00a0 \u00a0 \u00a0 \u00a0 \u00a0 \u00a0 \u00a0\u00a0<\/span><\/p>","protected":false},"excerpt":{"rendered":"<p>NOTE:\u00a0We are working on creating the Frank LaMere Organizing Fellows program where you can honor Frank\u2019s legacy with donations to support grassroots work especially on our rural towns. More info will be posted soon. We created this tribute video to honor Frank LaMere. Thank you to Jason Shald who worked on the video. Frank LaMere, &#8230; <a title=\"Kursi Mitra Mimiti NDP Frank LaMere Liwat\" class=\"read-more\" href=\"https:\/\/nebraskademocrats.org\/su\/press-releases\/ndp-first-associate-chair-frank-lamere-passes-away\/\" aria-label=\"More on NDP First Associate Chair Frank LaMere Passes Away\">Maca deui<\/a><\/p>","protected":false},"author":19,"featured_media":0,"comment_status":"closed","ping_status":"closed","sticky":false,"template":"","format":"standard","meta":{"_acf_changed":false,"_exactmetrics_skip_tracking":false,"_exactmetrics_sitenote_active":false,"_exactmetrics_sitenote_note":"","_exactmetrics_sitenote_category":0,"footnotes":""},"categories":[4],"tags":[],"class_list":["post-8631","post","type-post","status-publish","format-standard","hentry","category-press-releases"],"acf":[],"yoast_head":"<!-- This site is optimized with the Yoast SEO plugin v27.4 - https:\/\/yoast.com\/product\/yoast-seo-wordpress\/ -->\n<title>NDP First Associate Chair Frank LaMere Passes Away &#8211; Nebraska Democratic Party<\/title>\n<meta name=\"robots\" content=\"index, follow, max-snippet:-1, max-image-preview:large, max-video-preview:-1\" \/>\n<link rel=\"canonical\" href=\"https:\/\/nebraskademocrats.org\/su\/press-releases\/ndp-first-associate-chair-frank-lamere-passes-away\/\" \/>\n<meta property=\"og:locale\" content=\"en_US\" \/>\n<meta property=\"og:type\" content=\"article\" \/>\n<meta property=\"og:title\" content=\"NDP First Associate Chair Frank LaMere Passes Away &#8211; Nebraska Democratic Party\" \/>\n<meta property=\"og:description\" content=\"NOTE:\u00a0We are working on creating the Frank LaMere Organizing Fellows program where you can honor Frank\u2019s legacy with donations to support grassroots work especially on our rural towns. More info will be posted soon. We created this tribute video to honor Frank LaMere. Thank you to Jason Shald who worked on the video. Frank LaMere, ... Read more\" \/>\n<meta property=\"og:url\" content=\"https:\/\/nebraskademocrats.org\/su\/press-releases\/ndp-first-associate-chair-frank-lamere-passes-away\/\" \/>\n<meta property=\"og:site_name\" content=\"Nebraska Democratic Party\" \/>\n<meta property=\"article:publisher\" content=\"https:\/\/www.facebook.com\/NebraskaDemocraticParty\/\" \/>\n<meta property=\"article:published_time\" content=\"2019-06-17T14:28:10+00:00\" \/>\n<meta property=\"article:modified_time\" content=\"2019-07-11T17:18:56+00:00\" \/>\n<meta property=\"og:image\" content=\"https:\/\/ssl.gstatic.com\/ui\/v1\/icons\/mail\/images\/cleardot.gif\" \/>\n<meta name=\"author\" content=\"Precious McKesson\" \/>\n<meta name=\"twitter:card\" content=\"summary_large_image\" \/>\n<meta name=\"twitter:creator\" content=\"@nebraskadems\" \/>\n<meta name=\"twitter:site\" content=\"@nebraskadems\" \/>\n<meta name=\"twitter:label1\" content=\"Written by\" \/>\n\t<meta name=\"twitter:data1\" content=\"Precious McKesson\" \/>\n\t<meta name=\"twitter:label2\" content=\"Est. reading time\" \/>\n\t<meta name=\"twitter:data2\" content=\"4 minutes\" \/>\n<script type=\"application\/ld+json\" class=\"yoast-schema-graph\">{\"@context\":\"https:\\\/\\\/schema.org\",\"@graph\":[{\"@type\":\"Article\",\"@id\":\"https:\\\/\\\/nebraskademocrats.org\\\/press-releases\\\/ndp-first-associate-chair-frank-lamere-passes-away\\\/#article\",\"isPartOf\":{\"@id\":\"https:\\\/\\\/nebraskademocrats.org\\\/press-releases\\\/ndp-first-associate-chair-frank-lamere-passes-away\\\/\"},\"author\":{\"name\":\"Precious McKesson\",\"@id\":\"https:\\\/\\\/nebraskademocrats.org\\\/#\\\/schema\\\/person\\\/33e011ea0795f404810dc40828bcf289\"},\"headline\":\"NDP First Associate Chair Frank LaMere Passes Away\",\"datePublished\":\"2019-06-17T14:28:10+00:00\",\"dateModified\":\"2019-07-11T17:18:56+00:00\",\"mainEntityOfPage\":{\"@id\":\"https:\\\/\\\/nebraskademocrats.org\\\/press-releases\\\/ndp-first-associate-chair-frank-lamere-passes-away\\\/\"},\"wordCount\":782,\"publisher\":{\"@id\":\"https:\\\/\\\/nebraskademocrats.org\\\/#organization\"},\"image\":{\"@id\":\"https:\\\/\\\/nebraskademocrats.org\\\/press-releases\\\/ndp-first-associate-chair-frank-lamere-passes-away\\\/#primaryimage\"},\"thumbnailUrl\":\"https:\\\/\\\/ssl.gstatic.com\\\/ui\\\/v1\\\/icons\\\/mail\\\/images\\\/cleardot.gif\",\"articleSection\":[\"Press Releases\"],\"inLanguage\":\"su\"},{\"@type\":\"WebPage\",\"@id\":\"https:\\\/\\\/nebraskademocrats.org\\\/press-releases\\\/ndp-first-associate-chair-frank-lamere-passes-away\\\/\",\"url\":\"https:\\\/\\\/nebraskademocrats.org\\\/press-releases\\\/ndp-first-associate-chair-frank-lamere-passes-away\\\/\",\"name\":\"NDP First Associate Chair Frank LaMere Passes Away &#8211; Nebraska Democratic Party\",\"isPartOf\":{\"@id\":\"https:\\\/\\\/nebraskademocrats.org\\\/#website\"},\"primaryImageOfPage\":{\"@id\":\"https:\\\/\\\/nebraskademocrats.org\\\/press-releases\\\/ndp-first-associate-chair-frank-lamere-passes-away\\\/#primaryimage\"},\"image\":{\"@id\":\"https:\\\/\\\/nebraskademocrats.org\\\/press-releases\\\/ndp-first-associate-chair-frank-lamere-passes-away\\\/#primaryimage\"},\"thumbnailUrl\":\"https:\\\/\\\/ssl.gstatic.com\\\/ui\\\/v1\\\/icons\\\/mail\\\/images\\\/cleardot.gif\",\"datePublished\":\"2019-06-17T14:28:10+00:00\",\"dateModified\":\"2019-07-11T17:18:56+00:00\",\"breadcrumb\":{\"@id\":\"https:\\\/\\\/nebraskademocrats.org\\\/press-releases\\\/ndp-first-associate-chair-frank-lamere-passes-away\\\/#breadcrumb\"},\"inLanguage\":\"su\",\"potentialAction\":[{\"@type\":\"ReadAction\",\"target\":[\"https:\\\/\\\/nebraskademocrats.org\\\/press-releases\\\/ndp-first-associate-chair-frank-lamere-passes-away\\\/\"]}]},{\"@type\":\"ImageObject\",\"inLanguage\":\"su\",\"@id\":\"https:\\\/\\\/nebraskademocrats.org\\\/press-releases\\\/ndp-first-associate-chair-frank-lamere-passes-away\\\/#primaryimage\",\"url\":\"https:\\\/\\\/ssl.gstatic.com\\\/ui\\\/v1\\\/icons\\\/mail\\\/images\\\/cleardot.gif\",\"contentUrl\":\"https:\\\/\\\/ssl.gstatic.com\\\/ui\\\/v1\\\/icons\\\/mail\\\/images\\\/cleardot.gif\"},{\"@type\":\"BreadcrumbList\",\"@id\":\"https:\\\/\\\/nebraskademocrats.org\\\/press-releases\\\/ndp-first-associate-chair-frank-lamere-passes-away\\\/#breadcrumb\",\"itemListElement\":[{\"@type\":\"ListItem\",\"position\":1,\"name\":\"Home\",\"item\":\"https:\\\/\\\/nebraskademocrats.org\\\/\"},{\"@type\":\"ListItem\",\"position\":2,\"name\":\"NDP First Associate Chair Frank LaMere Passes Away\"}]},{\"@type\":\"WebSite\",\"@id\":\"https:\\\/\\\/nebraskademocrats.org\\\/#website\",\"url\":\"https:\\\/\\\/nebraskademocrats.org\\\/\",\"name\":\"Nebraska Democratic Party\",\"description\":\"Growing the Good Life for All Nebraskans\",\"publisher\":{\"@id\":\"https:\\\/\\\/nebraskademocrats.org\\\/#organization\"},\"potentialAction\":[{\"@type\":\"SearchAction\",\"target\":{\"@type\":\"EntryPoint\",\"urlTemplate\":\"https:\\\/\\\/nebraskademocrats.org\\\/?s={search_term_string}\"},\"query-input\":{\"@type\":\"PropertyValueSpecification\",\"valueRequired\":true,\"valueName\":\"search_term_string\"}}],\"inLanguage\":\"su\"},{\"@type\":\"Organization\",\"@id\":\"https:\\\/\\\/nebraskademocrats.org\\\/#organization\",\"name\":\"Nebraska Democratic Party\",\"url\":\"https:\\\/\\\/nebraskademocrats.org\\\/\",\"logo\":{\"@type\":\"ImageObject\",\"inLanguage\":\"su\",\"@id\":\"https:\\\/\\\/nebraskademocrats.org\\\/#\\\/schema\\\/logo\\\/image\\\/\",\"url\":\"https:\\\/\\\/nebraskadem.wpenginepowered.com\\\/wp-content\\\/uploads\\\/2016\\\/05\\\/NDP2.jpg\",\"contentUrl\":\"https:\\\/\\\/nebraskadem.wpenginepowered.com\\\/wp-content\\\/uploads\\\/2016\\\/05\\\/NDP2.jpg\",\"width\":1000,\"height\":396,\"caption\":\"Nebraska Democratic Party\"},\"image\":{\"@id\":\"https:\\\/\\\/nebraskademocrats.org\\\/#\\\/schema\\\/logo\\\/image\\\/\"},\"sameAs\":[\"https:\\\/\\\/www.facebook.com\\\/NebraskaDemocraticParty\\\/\",\"https:\\\/\\\/x.com\\\/nebraskadems\"]},{\"@type\":\"Person\",\"@id\":\"https:\\\/\\\/nebraskademocrats.org\\\/#\\\/schema\\\/person\\\/33e011ea0795f404810dc40828bcf289\",\"name\":\"Precious McKesson\",\"image\":{\"@type\":\"ImageObject\",\"inLanguage\":\"su\",\"@id\":\"https:\\\/\\\/secure.gravatar.com\\\/avatar\\\/35046e19b3373116ec64c07d386d3312028d3820dc0ffe65c344bcebc8ea9194?s=96&d=mm&r=g\",\"url\":\"https:\\\/\\\/secure.gravatar.com\\\/avatar\\\/35046e19b3373116ec64c07d386d3312028d3820dc0ffe65c344bcebc8ea9194?s=96&d=mm&r=g\",\"contentUrl\":\"https:\\\/\\\/secure.gravatar.com\\\/avatar\\\/35046e19b3373116ec64c07d386d3312028d3820dc0ffe65c344bcebc8ea9194?s=96&d=mm&r=g\",\"caption\":\"Precious McKesson\"}}]}<\/script>\n<!-- \/ Yoast SEO plugin. -->","yoast_head_json":{"title":"NDP First Associate Chair Frank LaMere Passes Away &#8211; Nebraska Democratic Party","robots":{"index":"index","follow":"follow","max-snippet":"max-snippet:-1","max-image-preview":"max-image-preview:large","max-video-preview":"max-video-preview:-1"},"canonical":"https:\/\/nebraskademocrats.org\/su\/press-releases\/ndp-first-associate-chair-frank-lamere-passes-away\/","og_locale":"en_US","og_type":"article","og_title":"NDP First Associate Chair Frank LaMere Passes Away &#8211; Nebraska Democratic Party","og_description":"NOTE:\u00a0We are working on creating the Frank LaMere Organizing Fellows program where you can honor Frank\u2019s legacy with donations to support grassroots work especially on our rural towns. More info will be posted soon. We created this tribute video to honor Frank LaMere. Thank you to Jason Shald who worked on the video. Frank LaMere, ... Read more","og_url":"https:\/\/nebraskademocrats.org\/su\/press-releases\/ndp-first-associate-chair-frank-lamere-passes-away\/","og_site_name":"Nebraska Democratic Party","article_publisher":"https:\/\/www.facebook.com\/NebraskaDemocraticParty\/","article_published_time":"2019-06-17T14:28:10+00:00","article_modified_time":"2019-07-11T17:18:56+00:00","og_image":[{"url":"https:\/\/ssl.gstatic.com\/ui\/v1\/icons\/mail\/images\/cleardot.gif","type":"","width":"","height":""}],"author":"Precious McKesson","twitter_card":"summary_large_image","twitter_creator":"@nebraskadems","twitter_site":"@nebraskadems","twitter_misc":{"Written by":"Precious McKesson","Est. reading time":"4 minutes"},"schema":{"@context":"https:\/\/schema.org","@graph":[{"@type":"Article","@id":"https:\/\/nebraskademocrats.org\/press-releases\/ndp-first-associate-chair-frank-lamere-passes-away\/#article","isPartOf":{"@id":"https:\/\/nebraskademocrats.org\/press-releases\/ndp-first-associate-chair-frank-lamere-passes-away\/"},"author":{"name":"Precious McKesson","@id":"https:\/\/nebraskademocrats.org\/#\/schema\/person\/33e011ea0795f404810dc40828bcf289"},"headline":"NDP First Associate Chair Frank LaMere Passes Away","datePublished":"2019-06-17T14:28:10+00:00","dateModified":"2019-07-11T17:18:56+00:00","mainEntityOfPage":{"@id":"https:\/\/nebraskademocrats.org\/press-releases\/ndp-first-associate-chair-frank-lamere-passes-away\/"},"wordCount":782,"publisher":{"@id":"https:\/\/nebraskademocrats.org\/#organization"},"image":{"@id":"https:\/\/nebraskademocrats.org\/press-releases\/ndp-first-associate-chair-frank-lamere-passes-away\/#primaryimage"},"thumbnailUrl":"https:\/\/ssl.gstatic.com\/ui\/v1\/icons\/mail\/images\/cleardot.gif","articleSection":["Press Releases"],"inLanguage":"su"},{"@type":"WebPage","@id":"https:\/\/nebraskademocrats.org\/press-releases\/ndp-first-associate-chair-frank-lamere-passes-away\/","url":"https:\/\/nebraskademocrats.org\/press-releases\/ndp-first-associate-chair-frank-lamere-passes-away\/","name":"NDP First Associate Chair Frank LaMere Passes Away &#8211; Nebraska Democratic Party","isPartOf":{"@id":"https:\/\/nebraskademocrats.org\/#website"},"primaryImageOfPage":{"@id":"https:\/\/nebraskademocrats.org\/press-releases\/ndp-first-associate-chair-frank-lamere-passes-away\/#primaryimage"},"image":{"@id":"https:\/\/nebraskademocrats.org\/press-releases\/ndp-first-associate-chair-frank-lamere-passes-away\/#primaryimage"},"thumbnailUrl":"https:\/\/ssl.gstatic.com\/ui\/v1\/icons\/mail\/images\/cleardot.gif","datePublished":"2019-06-17T14:28:10+00:00","dateModified":"2019-07-11T17:18:56+00:00","breadcrumb":{"@id":"https:\/\/nebraskademocrats.org\/press-releases\/ndp-first-associate-chair-frank-lamere-passes-away\/#breadcrumb"},"inLanguage":"su","potentialAction":[{"@type":"ReadAction","target":["https:\/\/nebraskademocrats.org\/press-releases\/ndp-first-associate-chair-frank-lamere-passes-away\/"]}]},{"@type":"ImageObject","inLanguage":"su","@id":"https:\/\/nebraskademocrats.org\/press-releases\/ndp-first-associate-chair-frank-lamere-passes-away\/#primaryimage","url":"https:\/\/ssl.gstatic.com\/ui\/v1\/icons\/mail\/images\/cleardot.gif","contentUrl":"https:\/\/ssl.gstatic.com\/ui\/v1\/icons\/mail\/images\/cleardot.gif"},{"@type":"BreadcrumbList","@id":"https:\/\/nebraskademocrats.org\/press-releases\/ndp-first-associate-chair-frank-lamere-passes-away\/#breadcrumb","itemListElement":[{"@type":"ListItem","position":1,"name":"Home","item":"https:\/\/nebraskademocrats.org\/"},{"@type":"ListItem","position":2,"name":"NDP First Associate Chair Frank LaMere Passes Away"}]},{"@type":"WebSite","@id":"https:\/\/nebraskademocrats.org\/#website","url":"https:\/\/nebraskademocrats.org\/","name":"Nebraska Democratic Party","description":"Tumuwuh Kahirupan Anu Sa\u00e9 pikeun Sadayana Nebraskan","publisher":{"@id":"https:\/\/nebraskademocrats.org\/#organization"},"potentialAction":[{"@type":"SearchAction","target":{"@type":"EntryPoint","urlTemplate":"https:\/\/nebraskademocrats.org\/?s={search_term_string}"},"query-input":{"@type":"PropertyValueSpecification","valueRequired":true,"valueName":"search_term_string"}}],"inLanguage":"su"},{"@type":"Organization","@id":"https:\/\/nebraskademocrats.org\/#organization","name":"Nebraska Democratic Party","url":"https:\/\/nebraskademocrats.org\/","logo":{"@type":"ImageObject","inLanguage":"su","@id":"https:\/\/nebraskademocrats.org\/#\/schema\/logo\/image\/","url":"https:\/\/nebraskadem.wpenginepowered.com\/wp-content\/uploads\/2016\/05\/NDP2.jpg","contentUrl":"https:\/\/nebraskadem.wpenginepowered.com\/wp-content\/uploads\/2016\/05\/NDP2.jpg","width":1000,"height":396,"caption":"Nebraska Democratic Party"},"image":{"@id":"https:\/\/nebraskademocrats.org\/#\/schema\/logo\/image\/"},"sameAs":["https:\/\/www.facebook.com\/NebraskaDemocraticParty\/","https:\/\/x.com\/nebraskadems"]},{"@type":"Person","@id":"https:\/\/nebraskademocrats.org\/#\/schema\/person\/33e011ea0795f404810dc40828bcf289","name":"McKesson mulia","image":{"@type":"ImageObject","inLanguage":"su","@id":"https:\/\/secure.gravatar.com\/avatar\/35046e19b3373116ec64c07d386d3312028d3820dc0ffe65c344bcebc8ea9194?s=96&d=mm&r=g","url":"https:\/\/secure.gravatar.com\/avatar\/35046e19b3373116ec64c07d386d3312028d3820dc0ffe65c344bcebc8ea9194?s=96&d=mm&r=g","contentUrl":"https:\/\/secure.gravatar.com\/avatar\/35046e19b3373116ec64c07d386d3312028d3820dc0ffe65c344bcebc8ea9194?s=96&d=mm&r=g","caption":"Precious McKesson"}}]}},"_links":{"self":[{"href":"https:\/\/nebraskademocrats.org\/su\/wp-json\/wp\/v2\/posts\/8631","targetHints":{"allow":["GET"]}}],"collection":[{"href":"https:\/\/nebraskademocrats.org\/su\/wp-json\/wp\/v2\/posts"}],"about":[{"href":"https:\/\/nebraskademocrats.org\/su\/wp-json\/wp\/v2\/types\/post"}],"author":[{"embeddable":true,"href":"https:\/\/nebraskademocrats.org\/su\/wp-json\/wp\/v2\/users\/19"}],"replies":[{"embeddable":true,"href":"https:\/\/nebraskademocrats.org\/su\/wp-json\/wp\/v2\/comments?post=8631"}],"version-history":[{"count":0,"href":"https:\/\/nebraskademocrats.org\/su\/wp-json\/wp\/v2\/posts\/8631\/revisions"}],"wp:attachment":[{"href":"https:\/\/nebraskademocrats.org\/su\/wp-json\/wp\/v2\/media?parent=8631"}],"wp:term":[{"taxonomy":"category","embeddable":true,"href":"https:\/\/nebraskademocrats.org\/su\/wp-json\/wp\/v2\/categories?post=8631"},{"taxonomy":"post_tag","embeddable":true,"href":"https:\/\/nebraskademocrats.org\/su\/wp-json\/wp\/v2\/tags?post=8631"}],"curies":[{"name":"wp","href":"https:\/\/api.w.org\/{rel}","templated":true}]}}