{"id":8814,"date":"2019-07-01T10:48:15","date_gmt":"2019-07-01T15:48:15","guid":{"rendered":"https:\/\/nebraskadem.wpenginepowered.com\/?p=8814"},"modified":"2019-07-01T10:48:15","modified_gmt":"2019-07-01T15:48:15","slug":"lights-for-liberty-events-planned-for-july-12","status":"publish","type":"post","link":"https:\/\/nebraskademocrats.org\/su\/blog\/lights-for-liberty-events-planned-for-july-12\/","title":{"rendered":"Lights for Liberty Events Planned for July 12"},"content":{"rendered":"<div class=\"_2cuy _3dgx _2vxa\">Dina Jumaah 12 Juli 2019, <strong>Lampu pikeun Liberty<\/strong> nya\u00e9ta ngabogaan a <strong>&#8220;Vigil to End Human Detention Camps,&#8221;<\/strong> anu bakal mawa r\u00e9buan urang Amerika ka kubu tahanan sakuliah nagara, kana jalan jeung ka buruan hareup sorangan, pikeun prot\u00e9s kaayaan inhumane Nyanghareupan ku pangungsi.<\/p>\n<p>Lights for Liberty mangrupakeun koalisi jalma, loba nu ibu, dedicated ka HAM, jeung prinsip dasar balik d\u00e9mokrasi y\u00e9n sakab\u00e9h manusa boga hak pikeun hirup, kamerdikaan jeung martabat.<\/p>\n<p>Aranjeunna gaw\u00e9 bareng sareng komunitas nasional, r\u00e9gional sareng lokal sareng organisasi anu yakin y\u00e9n hak-hak dasar ieu henteu tiasa ditawar sareng da\u00e9k ngajagi aranjeunna.<\/p>\n<p>Inpo nu leuwih lengkep bisa kapanggih dina <a href=\"https:\/\/l.facebook.com\/l.php?u=http%3A%2F%2Fwww.lightsforliberty.org%2F%3Ffbclid%3DIwAR2nWECtTecRm-zrDb0QRiNFlaL9a7U3GCsbvRwQqilvy-kFShAca8sAI1s&amp;h=AT0rlsVvdNZVuFRE1ko98F7Wo9-7S34QBRfQ0uwmW1OB_G1gC9A4g0VivEbjCyD-_Vu2JWrMJIJtX24gN_1IqwEjS-NFYb0eVpg3vtMuMTVE3E2rr5K_oB6Rtl7EJsmwEtg\" target=\"_blank\" rel=\"noopener nofollow\" data-lynx-mode=\"asynclazy\">www.lightsforliberty.org.<\/a><\/p>\n<p>Ieu tautan kana acara anu direncanakeun di Nebraska:<\/p>\n<p><strong><a href=\"https:\/\/www.facebook.com\/events\/2477860755593250\/\">Omaha<\/a><\/p>\n<p><\/strong><strong><a href=\"https:\/\/www.facebook.com\/events\/1168786469995337\/\">Lincoln<\/a><\/p>\n<p><\/strong><a href=\"https:\/\/www.facebook.com\/events\/422805428306108\/\">Grand Island<\/a><\/p>\n<p><strong><a href=\"https:\/\/www.facebook.com\/events\/631440577343979\/\">Wayne<\/a><\/strong><\/div>\n<div>\n<div><\/div>\n<\/div>\n<p>&nbsp;<\/p>","protected":false},"excerpt":{"rendered":"<p>On Friday July 12th, 2019, Lights for Liberty is having a &#8220;Vigil to End Human Detention Camps,&#8221; that will\u00a0 bring thousands of Americans to detention camps across the country, into the streets and into their own front yards, to protest the inhumane conditions faced by refugees. Lights for Liberty is a coalition of people, many &#8230; <a title=\"Lights for Liberty Events Planned for July 12\" class=\"read-more\" href=\"https:\/\/nebraskademocrats.org\/su\/blog\/lights-for-liberty-events-planned-for-july-12\/\" aria-label=\"More on Lights for Liberty Events Planned for July 12\">Maca deui<\/a><\/p>","protected":false},"author":19,"featured_media":0,"comment_status":"closed","ping_status":"closed","sticky":false,"template":"","format":"standard","meta":{"_acf_changed":false,"_exactmetrics_skip_tracking":false,"_exactmetrics_sitenote_active":false,"_exactmetrics_sitenote_note":"","_exactmetrics_sitenote_category":0,"footnotes":""},"categories":[1],"tags":[],"class_list":["post-8814","post","type-post","status-publish","format-standard","hentry","category-blog"],"acf":[],"yoast_head":"<!-- This site is optimized with the Yoast SEO plugin v27.4 - https:\/\/yoast.com\/product\/yoast-seo-wordpress\/ -->\n<title>Lights for Liberty Events Planned for July 12 &#8211; Nebraska Democratic Party<\/title>\n<meta name=\"robots\" content=\"index, follow, max-snippet:-1, max-image-preview:large, max-video-preview:-1\" \/>\n<link rel=\"canonical\" href=\"https:\/\/nebraskademocrats.org\/su\/blog\/lights-for-liberty-events-planned-for-july-12\/\" \/>\n<meta property=\"og:locale\" content=\"en_US\" \/>\n<meta property=\"og:type\" content=\"article\" \/>\n<meta property=\"og:title\" content=\"Lights for Liberty Events Planned for July 12 &#8211; Nebraska Democratic Party\" \/>\n<meta property=\"og:description\" content=\"On Friday July 12th, 2019, Lights for Liberty is having a &#8220;Vigil to End Human Detention Camps,&#8221; that will\u00a0 bring thousands of Americans to detention camps across the country, into the streets and into their own front yards, to protest the inhumane conditions faced by refugees. Lights for Liberty is a coalition of people, many ... Read more\" \/>\n<meta property=\"og:url\" content=\"https:\/\/nebraskademocrats.org\/su\/blog\/lights-for-liberty-events-planned-for-july-12\/\" \/>\n<meta property=\"og:site_name\" content=\"Nebraska Democratic Party\" \/>\n<meta property=\"article:publisher\" content=\"https:\/\/www.facebook.com\/NebraskaDemocraticParty\/\" \/>\n<meta property=\"article:published_time\" content=\"2019-07-01T15:48:15+00:00\" \/>\n<meta property=\"og:image\" content=\"https:\/\/nebraskademocrats.org\/wp-content\/uploads\/2018\/09\/ne-dems-fb.jpg\" \/>\n\t<meta property=\"og:image:width\" content=\"1200\" \/>\n\t<meta property=\"og:image:height\" content=\"630\" \/>\n\t<meta property=\"og:image:type\" content=\"image\/jpeg\" \/>\n<meta name=\"author\" content=\"Precious McKesson\" \/>\n<meta name=\"twitter:card\" content=\"summary_large_image\" \/>\n<meta name=\"twitter:creator\" content=\"@nebraskadems\" \/>\n<meta name=\"twitter:site\" content=\"@nebraskadems\" \/>\n<meta name=\"twitter:label1\" content=\"Written by\" \/>\n\t<meta name=\"twitter:data1\" content=\"Precious McKesson\" \/>\n\t<meta name=\"twitter:label2\" content=\"Est. reading time\" \/>\n\t<meta name=\"twitter:data2\" content=\"1 minute\" \/>\n<script type=\"application\/ld+json\" class=\"yoast-schema-graph\">{\"@context\":\"https:\\\/\\\/schema.org\",\"@graph\":[{\"@type\":\"Article\",\"@id\":\"https:\\\/\\\/nebraskademocrats.org\\\/blog\\\/lights-for-liberty-events-planned-for-july-12\\\/#article\",\"isPartOf\":{\"@id\":\"https:\\\/\\\/nebraskademocrats.org\\\/blog\\\/lights-for-liberty-events-planned-for-july-12\\\/\"},\"author\":{\"name\":\"Precious McKesson\",\"@id\":\"https:\\\/\\\/nebraskademocrats.org\\\/#\\\/schema\\\/person\\\/33e011ea0795f404810dc40828bcf289\"},\"headline\":\"Lights for Liberty Events Planned for July 12\",\"datePublished\":\"2019-07-01T15:48:15+00:00\",\"mainEntityOfPage\":{\"@id\":\"https:\\\/\\\/nebraskademocrats.org\\\/blog\\\/lights-for-liberty-events-planned-for-july-12\\\/\"},\"wordCount\":137,\"publisher\":{\"@id\":\"https:\\\/\\\/nebraskademocrats.org\\\/#organization\"},\"articleSection\":[\"NDP Blog\"],\"inLanguage\":\"su\"},{\"@type\":\"WebPage\",\"@id\":\"https:\\\/\\\/nebraskademocrats.org\\\/blog\\\/lights-for-liberty-events-planned-for-july-12\\\/\",\"url\":\"https:\\\/\\\/nebraskademocrats.org\\\/blog\\\/lights-for-liberty-events-planned-for-july-12\\\/\",\"name\":\"Lights for Liberty Events Planned for July 12 &#8211; Nebraska Democratic Party\",\"isPartOf\":{\"@id\":\"https:\\\/\\\/nebraskademocrats.org\\\/#website\"},\"datePublished\":\"2019-07-01T15:48:15+00:00\",\"breadcrumb\":{\"@id\":\"https:\\\/\\\/nebraskademocrats.org\\\/blog\\\/lights-for-liberty-events-planned-for-july-12\\\/#breadcrumb\"},\"inLanguage\":\"su\",\"potentialAction\":[{\"@type\":\"ReadAction\",\"target\":[\"https:\\\/\\\/nebraskademocrats.org\\\/blog\\\/lights-for-liberty-events-planned-for-july-12\\\/\"]}]},{\"@type\":\"BreadcrumbList\",\"@id\":\"https:\\\/\\\/nebraskademocrats.org\\\/blog\\\/lights-for-liberty-events-planned-for-july-12\\\/#breadcrumb\",\"itemListElement\":[{\"@type\":\"ListItem\",\"position\":1,\"name\":\"Home\",\"item\":\"https:\\\/\\\/nebraskademocrats.org\\\/\"},{\"@type\":\"ListItem\",\"position\":2,\"name\":\"Lights for Liberty Events Planned for July 12\"}]},{\"@type\":\"WebSite\",\"@id\":\"https:\\\/\\\/nebraskademocrats.org\\\/#website\",\"url\":\"https:\\\/\\\/nebraskademocrats.org\\\/\",\"name\":\"Nebraska Democratic Party\",\"description\":\"Growing the Good Life for All Nebraskans\",\"publisher\":{\"@id\":\"https:\\\/\\\/nebraskademocrats.org\\\/#organization\"},\"potentialAction\":[{\"@type\":\"SearchAction\",\"target\":{\"@type\":\"EntryPoint\",\"urlTemplate\":\"https:\\\/\\\/nebraskademocrats.org\\\/?s={search_term_string}\"},\"query-input\":{\"@type\":\"PropertyValueSpecification\",\"valueRequired\":true,\"valueName\":\"search_term_string\"}}],\"inLanguage\":\"su\"},{\"@type\":\"Organization\",\"@id\":\"https:\\\/\\\/nebraskademocrats.org\\\/#organization\",\"name\":\"Nebraska Democratic Party\",\"url\":\"https:\\\/\\\/nebraskademocrats.org\\\/\",\"logo\":{\"@type\":\"ImageObject\",\"inLanguage\":\"su\",\"@id\":\"https:\\\/\\\/nebraskademocrats.org\\\/#\\\/schema\\\/logo\\\/image\\\/\",\"url\":\"https:\\\/\\\/nebraskadem.wpenginepowered.com\\\/wp-content\\\/uploads\\\/2016\\\/05\\\/NDP2.jpg\",\"contentUrl\":\"https:\\\/\\\/nebraskadem.wpenginepowered.com\\\/wp-content\\\/uploads\\\/2016\\\/05\\\/NDP2.jpg\",\"width\":1000,\"height\":396,\"caption\":\"Nebraska Democratic Party\"},\"image\":{\"@id\":\"https:\\\/\\\/nebraskademocrats.org\\\/#\\\/schema\\\/logo\\\/image\\\/\"},\"sameAs\":[\"https:\\\/\\\/www.facebook.com\\\/NebraskaDemocraticParty\\\/\",\"https:\\\/\\\/x.com\\\/nebraskadems\"]},{\"@type\":\"Person\",\"@id\":\"https:\\\/\\\/nebraskademocrats.org\\\/#\\\/schema\\\/person\\\/33e011ea0795f404810dc40828bcf289\",\"name\":\"Precious McKesson\",\"image\":{\"@type\":\"ImageObject\",\"inLanguage\":\"su\",\"@id\":\"https:\\\/\\\/secure.gravatar.com\\\/avatar\\\/35046e19b3373116ec64c07d386d3312028d3820dc0ffe65c344bcebc8ea9194?s=96&d=mm&r=g\",\"url\":\"https:\\\/\\\/secure.gravatar.com\\\/avatar\\\/35046e19b3373116ec64c07d386d3312028d3820dc0ffe65c344bcebc8ea9194?s=96&d=mm&r=g\",\"contentUrl\":\"https:\\\/\\\/secure.gravatar.com\\\/avatar\\\/35046e19b3373116ec64c07d386d3312028d3820dc0ffe65c344bcebc8ea9194?s=96&d=mm&r=g\",\"caption\":\"Precious McKesson\"}}]}<\/script>\n<!-- \/ Yoast SEO plugin. -->","yoast_head_json":{"title":"Lights for Liberty Events Planned for July 12 &#8211; Nebraska Democratic Party","robots":{"index":"index","follow":"follow","max-snippet":"max-snippet:-1","max-image-preview":"max-image-preview:large","max-video-preview":"max-video-preview:-1"},"canonical":"https:\/\/nebraskademocrats.org\/su\/blog\/lights-for-liberty-events-planned-for-july-12\/","og_locale":"en_US","og_type":"article","og_title":"Lights for Liberty Events Planned for July 12 &#8211; Nebraska Democratic Party","og_description":"On Friday July 12th, 2019, Lights for Liberty is having a &#8220;Vigil to End Human Detention Camps,&#8221; that will\u00a0 bring thousands of Americans to detention camps across the country, into the streets and into their own front yards, to protest the inhumane conditions faced by refugees. Lights for Liberty is a coalition of people, many ... Read more","og_url":"https:\/\/nebraskademocrats.org\/su\/blog\/lights-for-liberty-events-planned-for-july-12\/","og_site_name":"Nebraska Democratic Party","article_publisher":"https:\/\/www.facebook.com\/NebraskaDemocraticParty\/","article_published_time":"2019-07-01T15:48:15+00:00","og_image":[{"width":1200,"height":630,"url":"https:\/\/nebraskademocrats.org\/wp-content\/uploads\/2018\/09\/ne-dems-fb.jpg","type":"image\/jpeg"}],"author":"Precious McKesson","twitter_card":"summary_large_image","twitter_creator":"@nebraskadems","twitter_site":"@nebraskadems","twitter_misc":{"Written by":"Precious McKesson","Est. reading time":"1 minute"},"schema":{"@context":"https:\/\/schema.org","@graph":[{"@type":"Article","@id":"https:\/\/nebraskademocrats.org\/blog\/lights-for-liberty-events-planned-for-july-12\/#article","isPartOf":{"@id":"https:\/\/nebraskademocrats.org\/blog\/lights-for-liberty-events-planned-for-july-12\/"},"author":{"name":"Precious McKesson","@id":"https:\/\/nebraskademocrats.org\/#\/schema\/person\/33e011ea0795f404810dc40828bcf289"},"headline":"Lights for Liberty Events Planned for July 12","datePublished":"2019-07-01T15:48:15+00:00","mainEntityOfPage":{"@id":"https:\/\/nebraskademocrats.org\/blog\/lights-for-liberty-events-planned-for-july-12\/"},"wordCount":137,"publisher":{"@id":"https:\/\/nebraskademocrats.org\/#organization"},"articleSection":["NDP Blog"],"inLanguage":"su"},{"@type":"WebPage","@id":"https:\/\/nebraskademocrats.org\/blog\/lights-for-liberty-events-planned-for-july-12\/","url":"https:\/\/nebraskademocrats.org\/blog\/lights-for-liberty-events-planned-for-july-12\/","name":"Lights for Liberty Events Planned for July 12 &#8211; Nebraska Democratic Party","isPartOf":{"@id":"https:\/\/nebraskademocrats.org\/#website"},"datePublished":"2019-07-01T15:48:15+00:00","breadcrumb":{"@id":"https:\/\/nebraskademocrats.org\/blog\/lights-for-liberty-events-planned-for-july-12\/#breadcrumb"},"inLanguage":"su","potentialAction":[{"@type":"ReadAction","target":["https:\/\/nebraskademocrats.org\/blog\/lights-for-liberty-events-planned-for-july-12\/"]}]},{"@type":"BreadcrumbList","@id":"https:\/\/nebraskademocrats.org\/blog\/lights-for-liberty-events-planned-for-july-12\/#breadcrumb","itemListElement":[{"@type":"ListItem","position":1,"name":"Home","item":"https:\/\/nebraskademocrats.org\/"},{"@type":"ListItem","position":2,"name":"Lights for Liberty Events Planned for July 12"}]},{"@type":"WebSite","@id":"https:\/\/nebraskademocrats.org\/#website","url":"https:\/\/nebraskademocrats.org\/","name":"Nebraska Democratic Party","description":"Tumuwuh Kahirupan Anu Sa\u00e9 pikeun Sadayana Nebraskan","publisher":{"@id":"https:\/\/nebraskademocrats.org\/#organization"},"potentialAction":[{"@type":"SearchAction","target":{"@type":"EntryPoint","urlTemplate":"https:\/\/nebraskademocrats.org\/?s={search_term_string}"},"query-input":{"@type":"PropertyValueSpecification","valueRequired":true,"valueName":"search_term_string"}}],"inLanguage":"su"},{"@type":"Organization","@id":"https:\/\/nebraskademocrats.org\/#organization","name":"Nebraska Democratic Party","url":"https:\/\/nebraskademocrats.org\/","logo":{"@type":"ImageObject","inLanguage":"su","@id":"https:\/\/nebraskademocrats.org\/#\/schema\/logo\/image\/","url":"https:\/\/nebraskadem.wpenginepowered.com\/wp-content\/uploads\/2016\/05\/NDP2.jpg","contentUrl":"https:\/\/nebraskadem.wpenginepowered.com\/wp-content\/uploads\/2016\/05\/NDP2.jpg","width":1000,"height":396,"caption":"Nebraska Democratic Party"},"image":{"@id":"https:\/\/nebraskademocrats.org\/#\/schema\/logo\/image\/"},"sameAs":["https:\/\/www.facebook.com\/NebraskaDemocraticParty\/","https:\/\/x.com\/nebraskadems"]},{"@type":"Person","@id":"https:\/\/nebraskademocrats.org\/#\/schema\/person\/33e011ea0795f404810dc40828bcf289","name":"McKesson mulia","image":{"@type":"ImageObject","inLanguage":"su","@id":"https:\/\/secure.gravatar.com\/avatar\/35046e19b3373116ec64c07d386d3312028d3820dc0ffe65c344bcebc8ea9194?s=96&d=mm&r=g","url":"https:\/\/secure.gravatar.com\/avatar\/35046e19b3373116ec64c07d386d3312028d3820dc0ffe65c344bcebc8ea9194?s=96&d=mm&r=g","contentUrl":"https:\/\/secure.gravatar.com\/avatar\/35046e19b3373116ec64c07d386d3312028d3820dc0ffe65c344bcebc8ea9194?s=96&d=mm&r=g","caption":"Precious McKesson"}}]}},"_links":{"self":[{"href":"https:\/\/nebraskademocrats.org\/su\/wp-json\/wp\/v2\/posts\/8814","targetHints":{"allow":["GET"]}}],"collection":[{"href":"https:\/\/nebraskademocrats.org\/su\/wp-json\/wp\/v2\/posts"}],"about":[{"href":"https:\/\/nebraskademocrats.org\/su\/wp-json\/wp\/v2\/types\/post"}],"author":[{"embeddable":true,"href":"https:\/\/nebraskademocrats.org\/su\/wp-json\/wp\/v2\/users\/19"}],"replies":[{"embeddable":true,"href":"https:\/\/nebraskademocrats.org\/su\/wp-json\/wp\/v2\/comments?post=8814"}],"version-history":[{"count":0,"href":"https:\/\/nebraskademocrats.org\/su\/wp-json\/wp\/v2\/posts\/8814\/revisions"}],"wp:attachment":[{"href":"https:\/\/nebraskademocrats.org\/su\/wp-json\/wp\/v2\/media?parent=8814"}],"wp:term":[{"taxonomy":"category","embeddable":true,"href":"https:\/\/nebraskademocrats.org\/su\/wp-json\/wp\/v2\/categories?post=8814"},{"taxonomy":"post_tag","embeddable":true,"href":"https:\/\/nebraskademocrats.org\/su\/wp-json\/wp\/v2\/tags?post=8814"}],"curies":[{"name":"wp","href":"https:\/\/api.w.org\/{rel}","templated":true}]}}