{"id":9987,"date":"2019-09-13T13:28:26","date_gmt":"2019-09-13T18:28:26","guid":{"rendered":"https:\/\/nebraskadem.wpenginepowered.com\/?p=9987"},"modified":"2019-09-13T13:28:26","modified_gmt":"2019-09-13T18:28:26","slug":"dubious-distinction-and-more-nebdems-news","status":"publish","type":"post","link":"https:\/\/nebraskademocrats.org\/su\/blog\/dubious-distinction-and-more-nebdems-news\/","title":{"rendered":"Dubious Distinction and more &#8212; #NebDems News"},"content":{"rendered":"<p><img fetchpriority=\"high\" decoding=\"async\" class=\"size-medium wp-image-6838 aligncenter\" src=\"https:\/\/nebraskadem.wpenginepowered.com\/wp-content\/uploads\/2018\/12\/NebDems-News-4-300x167.png\" alt=\"\" width=\"300\" height=\"167\" srcset=\"https:\/\/nebraskademocrats.org\/wp-content\/uploads\/2018\/12\/NebDems-News-4-300x167.png 300w, https:\/\/nebraskademocrats.org\/wp-content\/uploads\/2018\/12\/NebDems-News-4-768x427.png 768w, https:\/\/nebraskademocrats.org\/wp-content\/uploads\/2018\/12\/NebDems-News-4-1024x569.png 1024w, https:\/\/nebraskademocrats.org\/wp-content\/uploads\/2018\/12\/NebDems-News-4.png 1081w\" sizes=\"(max-width: 300px) 100vw, 300px\" \/><\/p>\n<p>For a one-time \u201cNever Trumper,\u201d\u00a0<strong>Sen. Ben Sasse<\/strong>\u00a0scored a rather dubious distinction this week with full-throated support from the president via the electric\u00a0<a href=\"https:\/\/twitter.com\/realDonaldTrump\/status\/1171595113673347072?ref_src=twsrc%5Etfw%7Ctwcamp%5Etweetembed%7Ctwterm%5E1171595113673347072&amp;ref_url=https%3A%2F%2Fwww.washingtonpost.com%2Fpolitics%2F2019%2F09%2F11%2Fben-sasses-predictable-journey-never-trumper-trump-endorsement%2F\"><strong>Twitter<\/strong><\/a>\u00a0machine, giving him Trump\u2019s \u201cComplete and Total Endorsement!\u201d<\/p>\n<p>This raised some eyebrows, as was noted in the\u00a0<a href=\"https:\/\/journalstar.com\/news\/state-and-regional\/federal-politics\/trump-tweets-total-endorsement-of-ben-sasse\/article_5c5a4fd6-51af-505c-889e-44c19defe6e1.html\"><strong>Lincoln Journal Star.<\/strong><\/a><\/p>\n<p><em>\u201cThe newest Trump tweet sparked a reminder of his first reference to Sasse on Twitter on Jan. 29, 2016, at a time when Sasse was opposing Trump&#8217;s campaign to win the Republican presidential nomination.<\/em><\/p>\n<p><em>&#8220;@BenSasse looks more like a gym rat than a U.S. Senator. How the hell did he ever get elected?&#8221; Trump tweeted at the time.<\/em><\/p>\n<p>It\u2019s difficult to gauge what changed Trump\u2019s vacuous mind, but as was noted on<a href=\"https:\/\/www.msnbc.com\/the-beat-with-ari\/watch\/report-republicans-didn-t-go-to-trump-hotels-until-he-became-potus-68394565891?fbclid=IwAR3OaDB116EUEtKF6kXkQCc2uK5uaRg9coB1O_bSsmWnBSPd8_6jMUt2nJM\"><strong>\u00a0MSNBC<\/strong><\/a>, 26 out of 53 Republican senators have visited Trump\u2019s hotel in D.C, since he took office.<\/p>\n<p>Well lookie there! Ben is on the list!<\/p>\n<p><img decoding=\"async\" class=\"aligncenter\" title=\"\" src=\"https:\/\/lh4.googleusercontent.com\/Qdk_A_0rsJ9wct4o3emtcsQSpjNDFG07XJluRII0URezHEkxRQ97U2V197pU1ikEGe01iLzOJ6vjHZpOgVTgfaV7MLi09Kt4NkUG1y1rMUAvqxubfVQM1e4C4IGjrHLuL909bXbL\" alt=\"\" width=\"450\" align=\"center\" \/><\/p>\n<p style=\"text-align: center;\"><strong>***<\/strong><\/p>\n<p>Meanwhile, \u201cthanks\u201d not only to Trump, but to Sasse and Sen. Deb Fischer and the rest for supporting the GOP Tax Scam that has ballooned the\u00a0<a href=\"https:\/\/www.cnn.com\/2019\/09\/12\/business\/us-federal-deficit-august\/index.html?fbclid=IwAR3D3i4b2HG0mZrGhGmgid_761v4zPMRDs1odahmYt2EoPZTEg7PM_QP_e4\"><strong>federal deficit to $1 TRILLION<\/strong><\/a>\u00a0&#8212; and the year\u2019s not yet over.<\/p>\n<p>Salaku tambahan,\u00a0<a href=\"https:\/\/www.nytimes.com\/2019\/09\/10\/business\/economy\/health-insurance-poverty-rate-census.html\"><strong>The New York Times<\/strong><\/a>\u00a0reported that the number of Americans with health insurance declined in 2018 for the first time in nine years &#8212; largely because of efforts by the Sasse-Fischer-Trump Triumvirate and their GOP cohorts to weaken the Affordable Care Act.<\/p>\n<p>Shameful and reckless.<\/p>\n<p><img decoding=\"async\" class=\"aligncenter\" title=\"\" src=\"https:\/\/lh5.googleusercontent.com\/GWwqockqqqzpj824SxM6YMliYopRcGPUL5LdCPHA3WqJa9yAGYifII6ugfaG8ak9D2vOB9iVytEw7bME_j-bCKPx5_cZr9znMtMTiYzdwpA9gwHzffymawjTOtPna9aQUJF7idFF\" alt=\"\" width=\"450\" align=\"center\" \/><\/p>\n<p style=\"text-align: center;\">***<\/p>\n<p>Ngumpulkeun dana taunan NDP - Acara Morrison Exon - bakal 27 Oktober sareng fokus kana ngarayakeun\u00a0<a href=\"https:\/\/www.facebook.com\/hashtag\/womensvote100?source=feed_text&amp;epa=HASHTAG&amp;__xts__%5B0%5D=68.ARCgbbOXx8lecY7B0P9qooryNBRBwAED8yvldvSvdkDnV6yS3JtEsdXrytncwZM_ScOiAG9rEMYIBDxOfQefj7ENe2BvjhddEpCsxc2gfUnt0XjeyhgHY2oSxzckbO-zpoN6QrSXBv99a_amL3ZElk2PTWt3CGhOyvymRy5I1JjxFiZ_NnypWi2HIE5RFg5JsgI_YcVHvXB8FO8wzg&amp;__tn__=%2ANK-R\"><strong>#<\/strong><strong>sora aw\u00e9w\u00e9 100!<\/strong><\/a>\u00a0Pembicara tamu sareng waktos acara bad\u00e9 diumumkeun.<\/p>\n<p>Anjeun gaduh dugi\u00a0<strong>20 S\u00e9pt\u00e9mber<\/strong>\u00a0ka\u00a0<strong><a href=\"https:\/\/l.facebook.com\/l.php?u=https%3A%2F%2Fforms.gle%2FbYroM2piZnYUs54B9%3Ffbclid%3DIwAR2cFDQDfMklmSJrM9f05fOaxIsXCj48Csw5wfzhyVIBH-vkXJ70ITTEEb0&amp;h=AT0YUGjEKXj3D0TqV4u4drp7L1tzBLXIBWiGgdHvYKaUFzDafw5gEdpkZaBnNvbM2sa09rEX9Q9QXsc740KcOJHeYzc9fvxgrlKCmwwF8V4RbqpSmcJc4ep3dnPvJJYi0BcCv2LMEX3gphiDOdf643-2BJbLl0ORUuZ603XIb6ji3jn_djfshR6fM02mx2nQrVwxKeoJplgA7m_nRHI1h5k8UpsrFG1XXLjQPLG4LIcYS3NEelQlJrJeR63kZas7dnY5lI40lUoifv1_fDrXHGbZI3qkkZf8om12rOnOgSq1zz6YyPNreubmva_pCKCfM9l2Jd4eqimdCFlC_X-5xarcYxkPatANZ6sTkDi6Wgxvs0gddZDJr3dqjcJgejuLp254_GnMC2VF9o6KyBOPm3eG5vMlEdveMmO_s98EqOZqmMRRtBCZ-Fyr-XvZr3z621rrKQqH9g\">nyalonkeun sukarelawan pikeun panghargaan.<\/a><\/strong><\/p>\n<p><img decoding=\"async\" class=\"aligncenter\" title=\"\" src=\"https:\/\/lh6.googleusercontent.com\/qwpA73HTm1bU5SR0l0OFysowGDejl8i4-tuMKO_YMs6Prq3O3bpYJlU5vh5YWsGa5aXacA77CZpcSniDqANSmhCtzvJoii8gVAkkPgMaWyEhCQQQypIC8j4adkLpsnlhoCJnAlOB\" alt=\"\" width=\"450\" align=\"center\" \/><\/p>\n<p style=\"text-align: center;\">***<\/p>\n<p>Bakal aya acara khusus acara pilem &quot;Sober India, Dangerous India&quot; dina 6 Oktober di Kearney.<\/p>\n<p>Panghasilan bakal angkat ka Buffalo County Demokrat sareng\u00a0<a href=\"https:\/\/nebraskadem.wpenginepowered.com\/blog\/the-frank-lamere-grassroots-fellows-program\/?fbclid=IwAR1V8XQhLsndhzj7wUofJjWBeKoclF4pWwCqzSCqOImBS9ILEBOVFERHKgM\"><strong>Program Fellows NDP Frank LaMere.<\/strong><\/a><\/p>\n<p>Sadayana wilujeng sumping. Saran sumbangan ti $10.<\/p>\n<p><img decoding=\"async\" class=\"aligncenter\" title=\"\" src=\"https:\/\/lh5.googleusercontent.com\/QLpJyjaeDrar8BzRYwd2iqHX6XtubAm_WjEypMzFINXuUs62FmzZKgfZfRyr8tWdColKbk2XkxL-JepugqwwxSoKxgWjwBXg9xNN8kjx36rvPSDs5CvtWtnA3735nmcUA6jEKmIl\" alt=\"\" width=\"450\" align=\"center\" \/><\/p>\n<p style=\"text-align: center;\">***<\/p>\n<p>Pangeling-eling:<\/p>\n<p>Urang bakal ngayakeun\u00a0<a href=\"https:\/\/nebraskadem.wpenginepowered.com\/event\/vendorfest-and-candidate-briefing\/\"><strong>VendorFest sareng Calon Pengarahan<\/strong><\/a><strong>\u00a0<\/strong>tanggal 29 S\u00e9pt\u00e9mber di Lincoln. Ieu mangrupikeun palatihan anu ditujukeun pikeun calon sareng staf kampanye, tapi sadayana wilujeng sumping. Vendor bakal ilubiung dina panel prakt\u00e9k pangsa\u00e9na anu dipfasilitasi ku staf sareng perwira NDP. Kami og\u00e9 bakal marios Calon MOU, VAN, Kampanye Koordinasi sareng inpormasi san\u00e9s anu diperyogikeun pikeun ngajalankeun kampanye anu kuat.<\/p>\n<p>Kami og\u00e9 ngagaduhan\u00a0<a href=\"https:\/\/nebraskadem.wpenginepowered.com\/event\/big-blue-weekend-scc-meeting-blue-bench-training-black-caucus\/\"><strong>Big Blue Weekend: Rapat SCC, Latihan Bangku Biru, Acara Kaukas Hideung<\/strong><\/a><strong>\u00a0<\/strong>25-27 Oktober di Omaha. Pelatihan Bangku Biru sareng Panitia Pelatihan D\u00e9mokratik Nasional gaduh tilu lagu pikeun calon, staf kampanye sareng pamimpin partai lokal \/ aktivis akar rumput. Katiluna lagu dilatih dina Ngumpulkeun Dana, Ngatur Digital, Komunikasi sareng Lapangan. Turutan tautan di luhur pikeun mesen kamar hot\u00e9l anjeun.<\/p>\n<p style=\"text-align: center;\">***<\/p>\n<p>Kami ngantunkeun anjeun minggu ieu sareng rendering ti\u00a0<strong>Lee Judge<\/strong>\u00a0on the departure of John Bolton as Trump\u2019s national security advisor.<\/p>\n<figure><img decoding=\"async\" class=\"aligncenter\" title=\"\" src=\"https:\/\/lh6.googleusercontent.com\/MK02bEBETvCX7JDoq-dknOvvqGAuJe6Z48VgPjLJoz4UBFelUcaA3zfhQYlEphUCz24cdiAQCvjzCbdsdM0W-TGvzx_rlu-ayjNYE3g7hm_jVf87raWeAgg2AAi6TI_iYLXp6Xjo\" alt=\"\" width=\"450\" align=\"center\" \/><\/figure>\n<p>\u2013Ku Kevin O&#039;Hanlon \/ Dir\u00e9ktur Komunikasi NDP<\/p>\n<p style=\"text-align: center;\">###<\/p>\n<p><strong>Tanggal penting<\/strong><\/p>\n<p><strong>29 S\u00e9pt\u00e9mber<\/strong>:\u00a0<a href=\"https:\/\/nebraskadem.wpenginepowered.com\/event\/vendorfest-and-candidate-briefing\/\">NDP VendorFest sareng Calon Pengarahan<\/a><\/p>\n<p><strong>6 Oktober:<\/strong>\u00a0<a href=\"https:\/\/www.facebook.com\/events\/434506617413296\/?active_tab=about\">Acara khusus &quot;Sober India, India Berbahaya&quot;<\/a><\/p>\n<p><strong>25-27 Oktober:<\/strong>\u00a0<a href=\"https:\/\/nebraskadem.wpenginepowered.com\/blog\/big-blue-weekend-scc-meeting-blue-bench-training-black-caucus-event\/\">Big Blue Weekend: Rapat SCC, Latihan Bangku Biru, Acara Kaukas Hideung sareng Acara Morrison Exon<\/a><\/p>","protected":false},"excerpt":{"rendered":"<p>For a one-time \u201cNever Trumper,\u201d\u00a0Sen. Ben Sasse\u00a0scored a rather dubious distinction this week with full-throated support from the president via the electric\u00a0Twitter\u00a0machine, giving him Trump\u2019s \u201cComplete and Total Endorsement!\u201d This raised some eyebrows, as was noted in the\u00a0Lincoln Journal Star. \u201cThe newest Trump tweet sparked a reminder of his first reference to Sasse on Twitter &#8230; <a title=\"Dubious Distinction and more &#8212; #NebDems News\" class=\"read-more\" href=\"https:\/\/nebraskademocrats.org\/su\/blog\/dubious-distinction-and-more-nebdems-news\/\" aria-label=\"More on Dubious Distinction and more &#8212; #NebDems News\">Maca deui<\/a><\/p>","protected":false},"author":19,"featured_media":0,"comment_status":"closed","ping_status":"closed","sticky":false,"template":"","format":"standard","meta":{"_acf_changed":false,"_exactmetrics_skip_tracking":false,"_exactmetrics_sitenote_active":false,"_exactmetrics_sitenote_note":"","_exactmetrics_sitenote_category":0,"footnotes":""},"categories":[1],"tags":[],"class_list":["post-9987","post","type-post","status-publish","format-standard","hentry","category-blog"],"acf":[],"yoast_head":"<!-- This site is optimized with the Yoast SEO plugin v27.4 - https:\/\/yoast.com\/product\/yoast-seo-wordpress\/ -->\n<title>Dubious Distinction and more -- #NebDems News &#8211; Nebraska Democratic Party<\/title>\n<meta name=\"robots\" content=\"index, follow, max-snippet:-1, max-image-preview:large, max-video-preview:-1\" \/>\n<link rel=\"canonical\" href=\"https:\/\/nebraskademocrats.org\/su\/blog\/dubious-distinction-and-more-nebdems-news\/\" \/>\n<meta property=\"og:locale\" content=\"en_US\" \/>\n<meta property=\"og:type\" content=\"article\" \/>\n<meta property=\"og:title\" content=\"Dubious Distinction and more -- #NebDems News &#8211; Nebraska Democratic Party\" \/>\n<meta property=\"og:description\" content=\"For a one-time \u201cNever Trumper,\u201d\u00a0Sen. Ben Sasse\u00a0scored a rather dubious distinction this week with full-throated support from the president via the electric\u00a0Twitter\u00a0machine, giving him Trump\u2019s \u201cComplete and Total Endorsement!\u201d This raised some eyebrows, as was noted in the\u00a0Lincoln Journal Star. \u201cThe newest Trump tweet sparked a reminder of his first reference to Sasse on Twitter ... Read more\" \/>\n<meta property=\"og:url\" content=\"https:\/\/nebraskademocrats.org\/su\/blog\/dubious-distinction-and-more-nebdems-news\/\" \/>\n<meta property=\"og:site_name\" content=\"Nebraska Democratic Party\" \/>\n<meta property=\"article:publisher\" content=\"https:\/\/www.facebook.com\/NebraskaDemocraticParty\/\" \/>\n<meta property=\"article:published_time\" content=\"2019-09-13T18:28:26+00:00\" \/>\n<meta property=\"og:image\" content=\"https:\/\/nebraskadem.wpenginepowered.com\/wp-content\/uploads\/2018\/12\/NebDems-News-4-300x167.png\" \/>\n<meta name=\"author\" content=\"Precious McKesson\" \/>\n<meta name=\"twitter:card\" content=\"summary_large_image\" \/>\n<meta name=\"twitter:creator\" content=\"@nebraskadems\" \/>\n<meta name=\"twitter:site\" content=\"@nebraskadems\" \/>\n<meta name=\"twitter:label1\" content=\"Written by\" \/>\n\t<meta name=\"twitter:data1\" content=\"Precious McKesson\" \/>\n\t<meta name=\"twitter:label2\" content=\"Est. reading time\" \/>\n\t<meta name=\"twitter:data2\" content=\"2 minutes\" \/>\n<script type=\"application\/ld+json\" class=\"yoast-schema-graph\">{\"@context\":\"https:\\\/\\\/schema.org\",\"@graph\":[{\"@type\":\"Article\",\"@id\":\"https:\\\/\\\/nebraskademocrats.org\\\/zh\\\/blog\\\/dubious-distinction-and-more-nebdems-news\\\/#article\",\"isPartOf\":{\"@id\":\"https:\\\/\\\/nebraskademocrats.org\\\/zh\\\/blog\\\/dubious-distinction-and-more-nebdems-news\\\/\"},\"author\":{\"name\":\"Precious McKesson\",\"@id\":\"https:\\\/\\\/nebraskademocrats.org\\\/#\\\/schema\\\/person\\\/33e011ea0795f404810dc40828bcf289\"},\"headline\":\"Dubious Distinction and more &#8212; #NebDems News\",\"datePublished\":\"2019-09-13T18:28:26+00:00\",\"mainEntityOfPage\":{\"@id\":\"https:\\\/\\\/nebraskademocrats.org\\\/zh\\\/blog\\\/dubious-distinction-and-more-nebdems-news\\\/\"},\"wordCount\":506,\"publisher\":{\"@id\":\"https:\\\/\\\/nebraskademocrats.org\\\/#organization\"},\"image\":{\"@id\":\"https:\\\/\\\/nebraskademocrats.org\\\/zh\\\/blog\\\/dubious-distinction-and-more-nebdems-news\\\/#primaryimage\"},\"thumbnailUrl\":\"https:\\\/\\\/nebraskadem.wpenginepowered.com\\\/wp-content\\\/uploads\\\/2018\\\/12\\\/NebDems-News-4-300x167.png\",\"articleSection\":[\"NDP Blog\"],\"inLanguage\":\"su\"},{\"@type\":\"WebPage\",\"@id\":\"https:\\\/\\\/nebraskademocrats.org\\\/zh\\\/blog\\\/dubious-distinction-and-more-nebdems-news\\\/\",\"url\":\"https:\\\/\\\/nebraskademocrats.org\\\/zh\\\/blog\\\/dubious-distinction-and-more-nebdems-news\\\/\",\"name\":\"Dubious Distinction and more -- #NebDems News &#8211; Nebraska Democratic Party\",\"isPartOf\":{\"@id\":\"https:\\\/\\\/nebraskademocrats.org\\\/#website\"},\"primaryImageOfPage\":{\"@id\":\"https:\\\/\\\/nebraskademocrats.org\\\/zh\\\/blog\\\/dubious-distinction-and-more-nebdems-news\\\/#primaryimage\"},\"image\":{\"@id\":\"https:\\\/\\\/nebraskademocrats.org\\\/zh\\\/blog\\\/dubious-distinction-and-more-nebdems-news\\\/#primaryimage\"},\"thumbnailUrl\":\"https:\\\/\\\/nebraskadem.wpenginepowered.com\\\/wp-content\\\/uploads\\\/2018\\\/12\\\/NebDems-News-4-300x167.png\",\"datePublished\":\"2019-09-13T18:28:26+00:00\",\"breadcrumb\":{\"@id\":\"https:\\\/\\\/nebraskademocrats.org\\\/zh\\\/blog\\\/dubious-distinction-and-more-nebdems-news\\\/#breadcrumb\"},\"inLanguage\":\"su\",\"potentialAction\":[{\"@type\":\"ReadAction\",\"target\":[\"https:\\\/\\\/nebraskademocrats.org\\\/zh\\\/blog\\\/dubious-distinction-and-more-nebdems-news\\\/\"]}]},{\"@type\":\"ImageObject\",\"inLanguage\":\"su\",\"@id\":\"https:\\\/\\\/nebraskademocrats.org\\\/zh\\\/blog\\\/dubious-distinction-and-more-nebdems-news\\\/#primaryimage\",\"url\":\"https:\\\/\\\/nebraskadem.wpenginepowered.com\\\/wp-content\\\/uploads\\\/2018\\\/12\\\/NebDems-News-4-300x167.png\",\"contentUrl\":\"https:\\\/\\\/nebraskadem.wpenginepowered.com\\\/wp-content\\\/uploads\\\/2018\\\/12\\\/NebDems-News-4-300x167.png\"},{\"@type\":\"BreadcrumbList\",\"@id\":\"https:\\\/\\\/nebraskademocrats.org\\\/zh\\\/blog\\\/dubious-distinction-and-more-nebdems-news\\\/#breadcrumb\",\"itemListElement\":[{\"@type\":\"ListItem\",\"position\":1,\"name\":\"Home\",\"item\":\"https:\\\/\\\/nebraskademocrats.org\\\/\"},{\"@type\":\"ListItem\",\"position\":2,\"name\":\"Dubious Distinction and more &#8212; #NebDems News\"}]},{\"@type\":\"WebSite\",\"@id\":\"https:\\\/\\\/nebraskademocrats.org\\\/#website\",\"url\":\"https:\\\/\\\/nebraskademocrats.org\\\/\",\"name\":\"Nebraska Democratic Party\",\"description\":\"Growing the Good Life for All Nebraskans\",\"publisher\":{\"@id\":\"https:\\\/\\\/nebraskademocrats.org\\\/#organization\"},\"potentialAction\":[{\"@type\":\"SearchAction\",\"target\":{\"@type\":\"EntryPoint\",\"urlTemplate\":\"https:\\\/\\\/nebraskademocrats.org\\\/?s={search_term_string}\"},\"query-input\":{\"@type\":\"PropertyValueSpecification\",\"valueRequired\":true,\"valueName\":\"search_term_string\"}}],\"inLanguage\":\"su\"},{\"@type\":\"Organization\",\"@id\":\"https:\\\/\\\/nebraskademocrats.org\\\/#organization\",\"name\":\"Nebraska Democratic Party\",\"url\":\"https:\\\/\\\/nebraskademocrats.org\\\/\",\"logo\":{\"@type\":\"ImageObject\",\"inLanguage\":\"su\",\"@id\":\"https:\\\/\\\/nebraskademocrats.org\\\/#\\\/schema\\\/logo\\\/image\\\/\",\"url\":\"https:\\\/\\\/nebraskadem.wpenginepowered.com\\\/wp-content\\\/uploads\\\/2016\\\/05\\\/NDP2.jpg\",\"contentUrl\":\"https:\\\/\\\/nebraskadem.wpenginepowered.com\\\/wp-content\\\/uploads\\\/2016\\\/05\\\/NDP2.jpg\",\"width\":1000,\"height\":396,\"caption\":\"Nebraska Democratic Party\"},\"image\":{\"@id\":\"https:\\\/\\\/nebraskademocrats.org\\\/#\\\/schema\\\/logo\\\/image\\\/\"},\"sameAs\":[\"https:\\\/\\\/www.facebook.com\\\/NebraskaDemocraticParty\\\/\",\"https:\\\/\\\/x.com\\\/nebraskadems\"]},{\"@type\":\"Person\",\"@id\":\"https:\\\/\\\/nebraskademocrats.org\\\/#\\\/schema\\\/person\\\/33e011ea0795f404810dc40828bcf289\",\"name\":\"Precious McKesson\",\"image\":{\"@type\":\"ImageObject\",\"inLanguage\":\"su\",\"@id\":\"https:\\\/\\\/secure.gravatar.com\\\/avatar\\\/35046e19b3373116ec64c07d386d3312028d3820dc0ffe65c344bcebc8ea9194?s=96&d=mm&r=g\",\"url\":\"https:\\\/\\\/secure.gravatar.com\\\/avatar\\\/35046e19b3373116ec64c07d386d3312028d3820dc0ffe65c344bcebc8ea9194?s=96&d=mm&r=g\",\"contentUrl\":\"https:\\\/\\\/secure.gravatar.com\\\/avatar\\\/35046e19b3373116ec64c07d386d3312028d3820dc0ffe65c344bcebc8ea9194?s=96&d=mm&r=g\",\"caption\":\"Precious McKesson\"}}]}<\/script>\n<!-- \/ Yoast SEO plugin. -->","yoast_head_json":{"title":"Dubious Distinction and more -- #NebDems News &#8211; Nebraska Democratic Party","robots":{"index":"index","follow":"follow","max-snippet":"max-snippet:-1","max-image-preview":"max-image-preview:large","max-video-preview":"max-video-preview:-1"},"canonical":"https:\/\/nebraskademocrats.org\/su\/blog\/dubious-distinction-and-more-nebdems-news\/","og_locale":"en_US","og_type":"article","og_title":"Dubious Distinction and more -- #NebDems News &#8211; Nebraska Democratic Party","og_description":"For a one-time \u201cNever Trumper,\u201d\u00a0Sen. Ben Sasse\u00a0scored a rather dubious distinction this week with full-throated support from the president via the electric\u00a0Twitter\u00a0machine, giving him Trump\u2019s \u201cComplete and Total Endorsement!\u201d This raised some eyebrows, as was noted in the\u00a0Lincoln Journal Star. \u201cThe newest Trump tweet sparked a reminder of his first reference to Sasse on Twitter ... Read more","og_url":"https:\/\/nebraskademocrats.org\/su\/blog\/dubious-distinction-and-more-nebdems-news\/","og_site_name":"Nebraska Democratic Party","article_publisher":"https:\/\/www.facebook.com\/NebraskaDemocraticParty\/","article_published_time":"2019-09-13T18:28:26+00:00","og_image":[{"url":"https:\/\/nebraskadem.wpenginepowered.com\/wp-content\/uploads\/2018\/12\/NebDems-News-4-300x167.png","type":"","width":"","height":""}],"author":"Precious McKesson","twitter_card":"summary_large_image","twitter_creator":"@nebraskadems","twitter_site":"@nebraskadems","twitter_misc":{"Written by":"Precious McKesson","Est. reading time":"2 minutes"},"schema":{"@context":"https:\/\/schema.org","@graph":[{"@type":"Article","@id":"https:\/\/nebraskademocrats.org\/zh\/blog\/dubious-distinction-and-more-nebdems-news\/#article","isPartOf":{"@id":"https:\/\/nebraskademocrats.org\/zh\/blog\/dubious-distinction-and-more-nebdems-news\/"},"author":{"name":"Precious McKesson","@id":"https:\/\/nebraskademocrats.org\/#\/schema\/person\/33e011ea0795f404810dc40828bcf289"},"headline":"Dubious Distinction and more &#8212; #NebDems News","datePublished":"2019-09-13T18:28:26+00:00","mainEntityOfPage":{"@id":"https:\/\/nebraskademocrats.org\/zh\/blog\/dubious-distinction-and-more-nebdems-news\/"},"wordCount":506,"publisher":{"@id":"https:\/\/nebraskademocrats.org\/#organization"},"image":{"@id":"https:\/\/nebraskademocrats.org\/zh\/blog\/dubious-distinction-and-more-nebdems-news\/#primaryimage"},"thumbnailUrl":"https:\/\/nebraskadem.wpenginepowered.com\/wp-content\/uploads\/2018\/12\/NebDems-News-4-300x167.png","articleSection":["NDP Blog"],"inLanguage":"su"},{"@type":"WebPage","@id":"https:\/\/nebraskademocrats.org\/zh\/blog\/dubious-distinction-and-more-nebdems-news\/","url":"https:\/\/nebraskademocrats.org\/zh\/blog\/dubious-distinction-and-more-nebdems-news\/","name":"Dubious Distinction and more -- #NebDems News &#8211; Nebraska Democratic Party","isPartOf":{"@id":"https:\/\/nebraskademocrats.org\/#website"},"primaryImageOfPage":{"@id":"https:\/\/nebraskademocrats.org\/zh\/blog\/dubious-distinction-and-more-nebdems-news\/#primaryimage"},"image":{"@id":"https:\/\/nebraskademocrats.org\/zh\/blog\/dubious-distinction-and-more-nebdems-news\/#primaryimage"},"thumbnailUrl":"https:\/\/nebraskadem.wpenginepowered.com\/wp-content\/uploads\/2018\/12\/NebDems-News-4-300x167.png","datePublished":"2019-09-13T18:28:26+00:00","breadcrumb":{"@id":"https:\/\/nebraskademocrats.org\/zh\/blog\/dubious-distinction-and-more-nebdems-news\/#breadcrumb"},"inLanguage":"su","potentialAction":[{"@type":"ReadAction","target":["https:\/\/nebraskademocrats.org\/zh\/blog\/dubious-distinction-and-more-nebdems-news\/"]}]},{"@type":"ImageObject","inLanguage":"su","@id":"https:\/\/nebraskademocrats.org\/zh\/blog\/dubious-distinction-and-more-nebdems-news\/#primaryimage","url":"https:\/\/nebraskadem.wpenginepowered.com\/wp-content\/uploads\/2018\/12\/NebDems-News-4-300x167.png","contentUrl":"https:\/\/nebraskadem.wpenginepowered.com\/wp-content\/uploads\/2018\/12\/NebDems-News-4-300x167.png"},{"@type":"BreadcrumbList","@id":"https:\/\/nebraskademocrats.org\/zh\/blog\/dubious-distinction-and-more-nebdems-news\/#breadcrumb","itemListElement":[{"@type":"ListItem","position":1,"name":"Home","item":"https:\/\/nebraskademocrats.org\/"},{"@type":"ListItem","position":2,"name":"Dubious Distinction and more &#8212; #NebDems News"}]},{"@type":"WebSite","@id":"https:\/\/nebraskademocrats.org\/#website","url":"https:\/\/nebraskademocrats.org\/","name":"Nebraska Democratic Party","description":"Tumuwuh Kahirupan Anu Sa\u00e9 pikeun Sadayana Nebraskan","publisher":{"@id":"https:\/\/nebraskademocrats.org\/#organization"},"potentialAction":[{"@type":"SearchAction","target":{"@type":"EntryPoint","urlTemplate":"https:\/\/nebraskademocrats.org\/?s={search_term_string}"},"query-input":{"@type":"PropertyValueSpecification","valueRequired":true,"valueName":"search_term_string"}}],"inLanguage":"su"},{"@type":"Organization","@id":"https:\/\/nebraskademocrats.org\/#organization","name":"Nebraska Democratic Party","url":"https:\/\/nebraskademocrats.org\/","logo":{"@type":"ImageObject","inLanguage":"su","@id":"https:\/\/nebraskademocrats.org\/#\/schema\/logo\/image\/","url":"https:\/\/nebraskadem.wpenginepowered.com\/wp-content\/uploads\/2016\/05\/NDP2.jpg","contentUrl":"https:\/\/nebraskadem.wpenginepowered.com\/wp-content\/uploads\/2016\/05\/NDP2.jpg","width":1000,"height":396,"caption":"Nebraska Democratic Party"},"image":{"@id":"https:\/\/nebraskademocrats.org\/#\/schema\/logo\/image\/"},"sameAs":["https:\/\/www.facebook.com\/NebraskaDemocraticParty\/","https:\/\/x.com\/nebraskadems"]},{"@type":"Person","@id":"https:\/\/nebraskademocrats.org\/#\/schema\/person\/33e011ea0795f404810dc40828bcf289","name":"McKesson mulia","image":{"@type":"ImageObject","inLanguage":"su","@id":"https:\/\/secure.gravatar.com\/avatar\/35046e19b3373116ec64c07d386d3312028d3820dc0ffe65c344bcebc8ea9194?s=96&d=mm&r=g","url":"https:\/\/secure.gravatar.com\/avatar\/35046e19b3373116ec64c07d386d3312028d3820dc0ffe65c344bcebc8ea9194?s=96&d=mm&r=g","contentUrl":"https:\/\/secure.gravatar.com\/avatar\/35046e19b3373116ec64c07d386d3312028d3820dc0ffe65c344bcebc8ea9194?s=96&d=mm&r=g","caption":"Precious McKesson"}}]}},"_links":{"self":[{"href":"https:\/\/nebraskademocrats.org\/su\/wp-json\/wp\/v2\/posts\/9987","targetHints":{"allow":["GET"]}}],"collection":[{"href":"https:\/\/nebraskademocrats.org\/su\/wp-json\/wp\/v2\/posts"}],"about":[{"href":"https:\/\/nebraskademocrats.org\/su\/wp-json\/wp\/v2\/types\/post"}],"author":[{"embeddable":true,"href":"https:\/\/nebraskademocrats.org\/su\/wp-json\/wp\/v2\/users\/19"}],"replies":[{"embeddable":true,"href":"https:\/\/nebraskademocrats.org\/su\/wp-json\/wp\/v2\/comments?post=9987"}],"version-history":[{"count":0,"href":"https:\/\/nebraskademocrats.org\/su\/wp-json\/wp\/v2\/posts\/9987\/revisions"}],"wp:attachment":[{"href":"https:\/\/nebraskademocrats.org\/su\/wp-json\/wp\/v2\/media?parent=9987"}],"wp:term":[{"taxonomy":"category","embeddable":true,"href":"https:\/\/nebraskademocrats.org\/su\/wp-json\/wp\/v2\/categories?post=9987"},{"taxonomy":"post_tag","embeddable":true,"href":"https:\/\/nebraskademocrats.org\/su\/wp-json\/wp\/v2\/tags?post=9987"}],"curies":[{"name":"wp","href":"https:\/\/api.w.org\/{rel}","templated":true}]}}