{"id":1054,"date":"2015-06-18T20:30:01","date_gmt":"2015-06-18T20:30:01","guid":{"rendered":"http:\/\/nebraska.precisionnewmedia.com\/?p=1054"},"modified":"2016-08-15T20:35:55","modified_gmt":"2016-08-15T20:35:55","slug":"senator-amy-klobuchar-to-be-keynote-speaker-at-nebraska-democratic-partys-annual-morrison-exon-dinner","status":"publish","type":"post","link":"https:\/\/nebraskademocrats.org\/vi\/press-releases\/senator-amy-klobuchar-to-be-keynote-speaker-at-nebraska-democratic-partys-annual-morrison-exon-dinner\/","title":{"rendered":"Th\u01b0\u1ee3ng ngh\u1ecb s\u0129 Amy Klobuchar s\u1ebd tr\u1edf th\u00e0nh Di\u1ec5n gi\u1ea3 ch\u00ednh t\u1ea1i B\u1eefa t\u1ed1i Morrison Exon h\u00e0ng n\u0103m c\u1ee7a Nebraska Democratic Party"},"content":{"rendered":"<p class=\"p1\"><span class=\"s1\">Th\u01b0\u1ee3ng ngh\u1ecb s\u0129 danh d\u1ef1 Amy Klobuchar s\u1ebd l\u00e0 kh\u00e1ch m\u1eddi n\u1ed5i b\u1eadt v\u00e0 l\u00e0 di\u1ec5n gi\u1ea3 ch\u00ednh cho B\u1eefa t\u1ed1i Morrison Exon 2015 c\u1ee7a Nebraska Democratic Party v\u00e0o ng\u00e0y 1 th\u00e1ng 8 t\u1ea1i Omaha, Nebraska. Th\u01b0\u1ee3ng ngh\u1ecb s\u0129 Klobuchar c\u1ee7a Minnesota \u0111\u01b0\u1ee3c to\u00e0n qu\u1ed1c c\u00f4ng nh\u1eadn l\u00e0 nh\u00e0 l\u00e3nh \u0111\u1ea1o n\u1ed5i b\u1eadt trong \u0110\u1ea3ng D\u00e2n ch\u1ee7. \u00a0<\/span><\/p>\n<p class=\"p1\"><span class=\"s1\">\u201cNebraska Democratic Party r\u1ea5t vinh d\u1ef1 \u0111\u01b0\u1ee3c c\u00f3 Th\u01b0\u1ee3ng ngh\u1ecb s\u0129 Amy Klobuchar l\u00e0m kh\u00e1ch m\u1eddi c\u1ee7a ch\u00fang t\u00f4i t\u1ea1i Nebraska. B\u00e0 \u1ea5y \u0111\u00e3 chi\u1ebfm \u0111\u01b0\u1ee3c s\u1ef1 ch\u00fa \u00fd c\u1ea3 trong \u0110\u1ea3ng D\u00e2n ch\u1ee7 v\u00e0 tr\u00ean to\u00e0n qu\u1ed1c v\u1edbi t\u01b0 c\u00e1ch l\u00e0 m\u1ed9t nh\u00e0 l\u00e3nh \u0111\u1ea1o m\u1ea1nh m\u1ebd, ng\u01b0\u1eddi \u0111\u00e3 ch\u1ee9ng minh r\u1eb1ng b\u00e0 \u1ea5y ho\u00e0n th\u00e0nh t\u1ed1t m\u1ecdi vi\u1ec7c t\u1ea1i Qu\u1ed1c h\u1ed9i, \u201dCh\u1ee7 t\u1ecbch NDP, Vince Powers cho bi\u1ebft. \u201cTh\u01b0\u1ee3ng ngh\u1ecb s\u0129 Klobuchar \u0111\u1ee9ng l\u00ean v\u00e0 l\u00e3nh \u0111\u1ea1o c\u00e1c v\u1ea5n \u0111\u1ec1 gi\u00e1o d\u1ee5c v\u00e0 kinh t\u1ebf cho c\u00e1c gia \u0111\u00ecnh lao \u0111\u1ed9ng v\u00e0 thu \u0111\u01b0\u1ee3c k\u1ebft qu\u1ea3. Nh\u1eefng v\u1ea5n \u0111\u1ec1 t\u01b0\u01a1ng t\u1ef1 l\u00e0 nh\u1eefng v\u1ea5n \u0111\u1ec1 quan tr\u1ecdng nh\u1ea5t<br \/>\n\u0110\u1ea3ng vi\u00ean D\u00e2n ch\u1ee7 \u1edf Nebraska. Kh\u00f4ng c\u00f2n nghi ng\u1edd g\u00ec n\u1eefa, s\u1ef1 hi\u1ec7n di\u1ec7n c\u1ee7a Th\u01b0\u1ee3ng ngh\u1ecb s\u0129 Klobuchar \u1edf Nebraska v\u1edbi t\u01b0 c\u00e1ch l\u00e0 di\u1ec5n gi\u1ea3 ch\u00ednh c\u1ee7a ch\u00fang t\u00f4i s\u1ebd khu\u1ebfch \u0111\u1ea1i \u0111\u1ed9ng l\u1ef1c c\u1ee7a \u0110\u1ea3ng tr\u00ean to\u00e0n ti\u1ec3u bang. \u201d<\/span><\/p>\n<p class=\"p1\"><span class=\"s1\">Amy Klobuchar l\u00e0 ng\u01b0\u1eddi ph\u1ee5 n\u1eef \u0111\u1ea7u ti\u00ean \u0111\u01b0\u1ee3c b\u1ea7u v\u00e0o Th\u01b0\u1ee3ng vi\u1ec7n Hoa K\u1ef3 trong l\u1ecbch s\u1eed c\u1ee7a Minnesota. Trong su\u1ed1t s\u1ef1 nghi\u1ec7p c\u1ee7a m\u00ecnh, Th\u01b0\u1ee3ng ngh\u1ecb s\u0129 Klobuchar \u0111\u00e3 t\u1eadp trung v\u00e0o vi\u1ec7c \u0111\u1ea1t \u0111\u01b0\u1ee3c nh\u1eefng k\u1ebft qu\u1ea3 th\u1ef1c t\u1ebf gi\u00fap h\u1ed7 tr\u1ee3 c\u00e1c gia \u0111\u00ecnh, t\u0103ng c\u01b0\u1eddng gi\u00e1o d\u1ee5c v\u00e0 th\u00fac \u0111\u1ea9y c\u01a1 h\u1ed9i kinh t\u1ebf cho t\u1ea5t c\u1ea3 ng\u01b0\u1eddi M\u1ef9.<\/span><\/p>\n<p class=\"p1\"><span class=\"s1\">C\u00f4ng vi\u1ec7c c\u1ee7a b\u00e0 t\u1ea1i Th\u01b0\u1ee3ng vi\u1ec7n \u0111\u00e3 \u0111\u01b0\u1ee3c c\u1ea3 n\u01b0\u1edbc c\u00f4ng nh\u1eadn. T\u1edd Washington Post \u0111\u00e3 g\u1ecdi c\u00f4 l\u00e0 \u201ct\u00e0i n\u0103ng v\u00e0 hi\u1ec7u qu\u1ea3\u201d, t\u1ea1p ch\u00ed Working Mother g\u1ecdi c\u00f4 l\u00e0 \u201cNg\u01b0\u1eddi gi\u1ecfi nh\u1ea5t trong Qu\u1ed1c h\u1ed9i\u201d v\u00ec nh\u1eefng n\u1ed7 l\u1ef1c c\u1ee7a c\u00f4 thay m\u1eb7t cho c\u00e1c gia \u0111\u00ecnh lao \u0111\u1ed9ng, v\u00e0 The New York Times g\u1ecdi c\u00f4 l\u00e0 \u201cc\u1ef1u c\u00f4ng t\u1ed1 vi\u00ean l\u00e0m vi\u1ec7c cho ti\u1ec3u bang- b\u00f9a c\u00f4ng b\u1eb1ng. \u201d<\/span><\/p>\n<p class=\"p1\"><span class=\"s1\">B\u1eefa t\u1ed1i Morrison Exon th\u01b0\u1eddng ni\u00ean c\u1ee7a Nebraska Democratic Party s\u1ebd \u0111\u01b0\u1ee3c t\u1ed5 ch\u1ee9c v\u00e0o ng\u00e0y 1 th\u00e1ng 8 n\u0103m 2015, t\u1ea1i Trung t\u00e2m H\u1ed9i ngh\u1ecb v\u00e0 Kh\u00e1ch s\u1ea1n Ambassador Suites Omaha-La Vista, 12520 Westport Pkwy, La Vista, NE. \u0110\u1ec3 bi\u1ebft th\u00eam th\u00f4ng tin v\u00e0 mua v\u00e9 vui l\u00f2ng truy c\u1eadp<a href=\"https:\/\/nebraskadem.wpenginepowered.com\/\"><span class=\"s2\">www.NebraskaDemocrats.org<\/span><\/a>, ho\u1eb7c g\u1ecdi (402) 434-2180.\u00a0<\/span><\/p>\n<p class=\"p2\">","protected":false},"excerpt":{"rendered":"<p>The Honorable Senator Amy Klobuchar will be the featured guest and keynote speaker for the Nebraska Democratic Party\u2019s 2015 Morrison Exon Dinner on August 1st in Omaha, Nebraska. \u00a0Senator Klobuchar of Minnesota is nationally recognized as a prominent leader within the Democratic Party. \u00a0 \u201cThe Nebraska Democratic Party is honored to have Senator Amy Klobuchar &#8230; <a title=\"Senator Amy Klobuchar to be Keynote Speaker at Nebraska Democratic Party&#8217;s Annual Morrison Exon Dinner\" class=\"read-more\" href=\"https:\/\/nebraskademocrats.org\/vi\/press-releases\/senator-amy-klobuchar-to-be-keynote-speaker-at-nebraska-democratic-partys-annual-morrison-exon-dinner\/\" aria-label=\"More on Senator Amy Klobuchar to be Keynote Speaker at Nebraska Democratic Party&#8217;s Annual Morrison Exon Dinner\">\u0110\u1ecdc th\u00eam<\/a><\/p>","protected":false},"author":19,"featured_media":0,"comment_status":"open","ping_status":"open","sticky":false,"template":"","format":"standard","meta":{"_acf_changed":false,"_exactmetrics_skip_tracking":false,"_exactmetrics_sitenote_active":false,"_exactmetrics_sitenote_note":"","_exactmetrics_sitenote_category":0,"footnotes":""},"categories":[4],"tags":[],"class_list":["post-1054","post","type-post","status-publish","format-standard","hentry","category-press-releases"],"acf":[],"yoast_head":"<!-- This site is optimized with the Yoast SEO plugin v27.4 - https:\/\/yoast.com\/product\/yoast-seo-wordpress\/ -->\n<title>Senator Amy Klobuchar to be Keynote Speaker at Nebraska Democratic Party&#039;s Annual Morrison Exon Dinner &#8211; Nebraska Democratic Party<\/title>\n<meta name=\"robots\" content=\"index, follow, max-snippet:-1, max-image-preview:large, max-video-preview:-1\" \/>\n<link rel=\"canonical\" href=\"https:\/\/nebraskademocrats.org\/vi\/press-releases\/senator-amy-klobuchar-to-be-keynote-speaker-at-nebraska-democratic-partys-annual-morrison-exon-dinner\/\" \/>\n<meta property=\"og:locale\" content=\"vi_VN\" \/>\n<meta property=\"og:type\" content=\"article\" \/>\n<meta property=\"og:title\" content=\"Senator Amy Klobuchar to be Keynote Speaker at Nebraska Democratic Party&#039;s Annual Morrison Exon Dinner &#8211; Nebraska Democratic Party\" \/>\n<meta property=\"og:description\" content=\"The Honorable Senator Amy Klobuchar will be the featured guest and keynote speaker for the Nebraska Democratic Party\u2019s 2015 Morrison Exon Dinner on August 1st in Omaha, Nebraska. \u00a0Senator Klobuchar of Minnesota is nationally recognized as a prominent leader within the Democratic Party. \u00a0 \u201cThe Nebraska Democratic Party is honored to have Senator Amy Klobuchar ... Read more\" \/>\n<meta property=\"og:url\" content=\"https:\/\/nebraskademocrats.org\/vi\/press-releases\/senator-amy-klobuchar-to-be-keynote-speaker-at-nebraska-democratic-partys-annual-morrison-exon-dinner\/\" \/>\n<meta property=\"og:site_name\" content=\"Nebraska Democratic Party\" \/>\n<meta property=\"article:publisher\" content=\"https:\/\/www.facebook.com\/NebraskaDemocraticParty\/\" \/>\n<meta property=\"article:published_time\" content=\"2015-06-18T20:30:01+00:00\" \/>\n<meta property=\"article:modified_time\" content=\"2016-08-15T20:35:55+00:00\" \/>\n<meta property=\"og:image\" content=\"https:\/\/nebraskademocrats.org\/wp-content\/uploads\/2018\/09\/ne-dems-fb.jpg\" \/>\n\t<meta property=\"og:image:width\" content=\"1200\" \/>\n\t<meta property=\"og:image:height\" content=\"630\" \/>\n\t<meta property=\"og:image:type\" content=\"image\/jpeg\" \/>\n<meta name=\"author\" content=\"Precious McKesson\" \/>\n<meta name=\"twitter:card\" content=\"summary_large_image\" \/>\n<meta name=\"twitter:creator\" content=\"@nebraskadems\" \/>\n<meta name=\"twitter:site\" content=\"@nebraskadems\" \/>\n<meta name=\"twitter:label1\" content=\"\u0110\u01b0\u1ee3c vi\u1ebft b\u1edfi\" \/>\n\t<meta name=\"twitter:data1\" content=\"Precious McKesson\" \/>\n\t<meta name=\"twitter:label2\" content=\"\u01af\u1edbc t\u00ednh th\u1eddi gian \u0111\u1ecdc\" \/>\n\t<meta name=\"twitter:data2\" content=\"1 ph\u00fat\" \/>\n<script type=\"application\/ld+json\" class=\"yoast-schema-graph\">{\"@context\":\"https:\\\/\\\/schema.org\",\"@graph\":[{\"@type\":\"Article\",\"@id\":\"https:\\\/\\\/nebraskademocrats.org\\\/press-releases\\\/senator-amy-klobuchar-to-be-keynote-speaker-at-nebraska-democratic-partys-annual-morrison-exon-dinner\\\/#article\",\"isPartOf\":{\"@id\":\"https:\\\/\\\/nebraskademocrats.org\\\/press-releases\\\/senator-amy-klobuchar-to-be-keynote-speaker-at-nebraska-democratic-partys-annual-morrison-exon-dinner\\\/\"},\"author\":{\"name\":\"Precious McKesson\",\"@id\":\"https:\\\/\\\/nebraskademocrats.org\\\/#\\\/schema\\\/person\\\/33e011ea0795f404810dc40828bcf289\"},\"headline\":\"Senator Amy Klobuchar to be Keynote Speaker at Nebraska Democratic Party&#8217;s Annual Morrison Exon Dinner\",\"datePublished\":\"2015-06-18T20:30:01+00:00\",\"dateModified\":\"2016-08-15T20:35:55+00:00\",\"mainEntityOfPage\":{\"@id\":\"https:\\\/\\\/nebraskademocrats.org\\\/press-releases\\\/senator-amy-klobuchar-to-be-keynote-speaker-at-nebraska-democratic-partys-annual-morrison-exon-dinner\\\/\"},\"wordCount\":291,\"commentCount\":0,\"publisher\":{\"@id\":\"https:\\\/\\\/nebraskademocrats.org\\\/#organization\"},\"articleSection\":[\"Press Releases\"],\"inLanguage\":\"vi\"},{\"@type\":\"WebPage\",\"@id\":\"https:\\\/\\\/nebraskademocrats.org\\\/press-releases\\\/senator-amy-klobuchar-to-be-keynote-speaker-at-nebraska-democratic-partys-annual-morrison-exon-dinner\\\/\",\"url\":\"https:\\\/\\\/nebraskademocrats.org\\\/press-releases\\\/senator-amy-klobuchar-to-be-keynote-speaker-at-nebraska-democratic-partys-annual-morrison-exon-dinner\\\/\",\"name\":\"Senator Amy Klobuchar to be Keynote Speaker at Nebraska Democratic Party's Annual Morrison Exon Dinner &#8211; Nebraska Democratic Party\",\"isPartOf\":{\"@id\":\"https:\\\/\\\/nebraskademocrats.org\\\/#website\"},\"datePublished\":\"2015-06-18T20:30:01+00:00\",\"dateModified\":\"2016-08-15T20:35:55+00:00\",\"breadcrumb\":{\"@id\":\"https:\\\/\\\/nebraskademocrats.org\\\/press-releases\\\/senator-amy-klobuchar-to-be-keynote-speaker-at-nebraska-democratic-partys-annual-morrison-exon-dinner\\\/#breadcrumb\"},\"inLanguage\":\"vi\",\"potentialAction\":[{\"@type\":\"ReadAction\",\"target\":[\"https:\\\/\\\/nebraskademocrats.org\\\/press-releases\\\/senator-amy-klobuchar-to-be-keynote-speaker-at-nebraska-democratic-partys-annual-morrison-exon-dinner\\\/\"]}]},{\"@type\":\"BreadcrumbList\",\"@id\":\"https:\\\/\\\/nebraskademocrats.org\\\/press-releases\\\/senator-amy-klobuchar-to-be-keynote-speaker-at-nebraska-democratic-partys-annual-morrison-exon-dinner\\\/#breadcrumb\",\"itemListElement\":[{\"@type\":\"ListItem\",\"position\":1,\"name\":\"Home\",\"item\":\"https:\\\/\\\/nebraskademocrats.org\\\/\"},{\"@type\":\"ListItem\",\"position\":2,\"name\":\"Senator Amy Klobuchar to be Keynote Speaker at Nebraska Democratic Party&#8217;s Annual Morrison Exon Dinner\"}]},{\"@type\":\"WebSite\",\"@id\":\"https:\\\/\\\/nebraskademocrats.org\\\/#website\",\"url\":\"https:\\\/\\\/nebraskademocrats.org\\\/\",\"name\":\"Nebraska Democratic Party\",\"description\":\"Growing the Good Life for All Nebraskans\",\"publisher\":{\"@id\":\"https:\\\/\\\/nebraskademocrats.org\\\/#organization\"},\"potentialAction\":[{\"@type\":\"SearchAction\",\"target\":{\"@type\":\"EntryPoint\",\"urlTemplate\":\"https:\\\/\\\/nebraskademocrats.org\\\/?s={search_term_string}\"},\"query-input\":{\"@type\":\"PropertyValueSpecification\",\"valueRequired\":true,\"valueName\":\"search_term_string\"}}],\"inLanguage\":\"vi\"},{\"@type\":\"Organization\",\"@id\":\"https:\\\/\\\/nebraskademocrats.org\\\/#organization\",\"name\":\"Nebraska Democratic Party\",\"url\":\"https:\\\/\\\/nebraskademocrats.org\\\/\",\"logo\":{\"@type\":\"ImageObject\",\"inLanguage\":\"vi\",\"@id\":\"https:\\\/\\\/nebraskademocrats.org\\\/#\\\/schema\\\/logo\\\/image\\\/\",\"url\":\"https:\\\/\\\/nebraskadem.wpenginepowered.com\\\/wp-content\\\/uploads\\\/2016\\\/05\\\/NDP2.jpg\",\"contentUrl\":\"https:\\\/\\\/nebraskadem.wpenginepowered.com\\\/wp-content\\\/uploads\\\/2016\\\/05\\\/NDP2.jpg\",\"width\":1000,\"height\":396,\"caption\":\"Nebraska Democratic Party\"},\"image\":{\"@id\":\"https:\\\/\\\/nebraskademocrats.org\\\/#\\\/schema\\\/logo\\\/image\\\/\"},\"sameAs\":[\"https:\\\/\\\/www.facebook.com\\\/NebraskaDemocraticParty\\\/\",\"https:\\\/\\\/x.com\\\/nebraskadems\"]},{\"@type\":\"Person\",\"@id\":\"https:\\\/\\\/nebraskademocrats.org\\\/#\\\/schema\\\/person\\\/33e011ea0795f404810dc40828bcf289\",\"name\":\"Precious McKesson\",\"image\":{\"@type\":\"ImageObject\",\"inLanguage\":\"vi\",\"@id\":\"https:\\\/\\\/secure.gravatar.com\\\/avatar\\\/35046e19b3373116ec64c07d386d3312028d3820dc0ffe65c344bcebc8ea9194?s=96&d=mm&r=g\",\"url\":\"https:\\\/\\\/secure.gravatar.com\\\/avatar\\\/35046e19b3373116ec64c07d386d3312028d3820dc0ffe65c344bcebc8ea9194?s=96&d=mm&r=g\",\"contentUrl\":\"https:\\\/\\\/secure.gravatar.com\\\/avatar\\\/35046e19b3373116ec64c07d386d3312028d3820dc0ffe65c344bcebc8ea9194?s=96&d=mm&r=g\",\"caption\":\"Precious McKesson\"}}]}<\/script>\n<!-- \/ Yoast SEO plugin. -->","yoast_head_json":{"title":"Senator Amy Klobuchar to be Keynote Speaker at Nebraska Democratic Party's Annual Morrison Exon Dinner &#8211; Nebraska Democratic Party","robots":{"index":"index","follow":"follow","max-snippet":"max-snippet:-1","max-image-preview":"max-image-preview:large","max-video-preview":"max-video-preview:-1"},"canonical":"https:\/\/nebraskademocrats.org\/vi\/press-releases\/senator-amy-klobuchar-to-be-keynote-speaker-at-nebraska-democratic-partys-annual-morrison-exon-dinner\/","og_locale":"vi_VN","og_type":"article","og_title":"Senator Amy Klobuchar to be Keynote Speaker at Nebraska Democratic Party's Annual Morrison Exon Dinner &#8211; Nebraska Democratic Party","og_description":"The Honorable Senator Amy Klobuchar will be the featured guest and keynote speaker for the Nebraska Democratic Party\u2019s 2015 Morrison Exon Dinner on August 1st in Omaha, Nebraska. \u00a0Senator Klobuchar of Minnesota is nationally recognized as a prominent leader within the Democratic Party. \u00a0 \u201cThe Nebraska Democratic Party is honored to have Senator Amy Klobuchar ... Read more","og_url":"https:\/\/nebraskademocrats.org\/vi\/press-releases\/senator-amy-klobuchar-to-be-keynote-speaker-at-nebraska-democratic-partys-annual-morrison-exon-dinner\/","og_site_name":"Nebraska Democratic Party","article_publisher":"https:\/\/www.facebook.com\/NebraskaDemocraticParty\/","article_published_time":"2015-06-18T20:30:01+00:00","article_modified_time":"2016-08-15T20:35:55+00:00","og_image":[{"width":1200,"height":630,"url":"https:\/\/nebraskademocrats.org\/wp-content\/uploads\/2018\/09\/ne-dems-fb.jpg","type":"image\/jpeg"}],"author":"Precious McKesson","twitter_card":"summary_large_image","twitter_creator":"@nebraskadems","twitter_site":"@nebraskadems","twitter_misc":{"\u0110\u01b0\u1ee3c vi\u1ebft b\u1edfi":"Precious McKesson","\u01af\u1edbc t\u00ednh th\u1eddi gian \u0111\u1ecdc":"1 ph\u00fat"},"schema":{"@context":"https:\/\/schema.org","@graph":[{"@type":"Article","@id":"https:\/\/nebraskademocrats.org\/press-releases\/senator-amy-klobuchar-to-be-keynote-speaker-at-nebraska-democratic-partys-annual-morrison-exon-dinner\/#article","isPartOf":{"@id":"https:\/\/nebraskademocrats.org\/press-releases\/senator-amy-klobuchar-to-be-keynote-speaker-at-nebraska-democratic-partys-annual-morrison-exon-dinner\/"},"author":{"name":"Precious McKesson","@id":"https:\/\/nebraskademocrats.org\/#\/schema\/person\/33e011ea0795f404810dc40828bcf289"},"headline":"Senator Amy Klobuchar to be Keynote Speaker at Nebraska Democratic Party&#8217;s Annual Morrison Exon Dinner","datePublished":"2015-06-18T20:30:01+00:00","dateModified":"2016-08-15T20:35:55+00:00","mainEntityOfPage":{"@id":"https:\/\/nebraskademocrats.org\/press-releases\/senator-amy-klobuchar-to-be-keynote-speaker-at-nebraska-democratic-partys-annual-morrison-exon-dinner\/"},"wordCount":291,"commentCount":0,"publisher":{"@id":"https:\/\/nebraskademocrats.org\/#organization"},"articleSection":["Press Releases"],"inLanguage":"vi"},{"@type":"WebPage","@id":"https:\/\/nebraskademocrats.org\/press-releases\/senator-amy-klobuchar-to-be-keynote-speaker-at-nebraska-democratic-partys-annual-morrison-exon-dinner\/","url":"https:\/\/nebraskademocrats.org\/press-releases\/senator-amy-klobuchar-to-be-keynote-speaker-at-nebraska-democratic-partys-annual-morrison-exon-dinner\/","name":"Senator Amy Klobuchar to be Keynote Speaker at Nebraska Democratic Party's Annual Morrison Exon Dinner &#8211; Nebraska Democratic Party","isPartOf":{"@id":"https:\/\/nebraskademocrats.org\/#website"},"datePublished":"2015-06-18T20:30:01+00:00","dateModified":"2016-08-15T20:35:55+00:00","breadcrumb":{"@id":"https:\/\/nebraskademocrats.org\/press-releases\/senator-amy-klobuchar-to-be-keynote-speaker-at-nebraska-democratic-partys-annual-morrison-exon-dinner\/#breadcrumb"},"inLanguage":"vi","potentialAction":[{"@type":"ReadAction","target":["https:\/\/nebraskademocrats.org\/press-releases\/senator-amy-klobuchar-to-be-keynote-speaker-at-nebraska-democratic-partys-annual-morrison-exon-dinner\/"]}]},{"@type":"BreadcrumbList","@id":"https:\/\/nebraskademocrats.org\/press-releases\/senator-amy-klobuchar-to-be-keynote-speaker-at-nebraska-democratic-partys-annual-morrison-exon-dinner\/#breadcrumb","itemListElement":[{"@type":"ListItem","position":1,"name":"Home","item":"https:\/\/nebraskademocrats.org\/"},{"@type":"ListItem","position":2,"name":"Senator Amy Klobuchar to be Keynote Speaker at Nebraska Democratic Party&#8217;s Annual Morrison Exon Dinner"}]},{"@type":"WebSite","@id":"https:\/\/nebraskademocrats.org\/#website","url":"https:\/\/nebraskademocrats.org\/","name":"Nebraska Democratic Party","description":"Ph\u00e1t tri\u1ec3n cu\u1ed9c s\u1ed1ng t\u1ed1t \u0111\u1eb9p cho t\u1ea5t c\u1ea3 Nebraskans","publisher":{"@id":"https:\/\/nebraskademocrats.org\/#organization"},"potentialAction":[{"@type":"SearchAction","target":{"@type":"EntryPoint","urlTemplate":"https:\/\/nebraskademocrats.org\/?s={search_term_string}"},"query-input":{"@type":"PropertyValueSpecification","valueRequired":true,"valueName":"search_term_string"}}],"inLanguage":"vi"},{"@type":"Organization","@id":"https:\/\/nebraskademocrats.org\/#organization","name":"Nebraska Democratic Party","url":"https:\/\/nebraskademocrats.org\/","logo":{"@type":"ImageObject","inLanguage":"vi","@id":"https:\/\/nebraskademocrats.org\/#\/schema\/logo\/image\/","url":"https:\/\/nebraskadem.wpenginepowered.com\/wp-content\/uploads\/2016\/05\/NDP2.jpg","contentUrl":"https:\/\/nebraskadem.wpenginepowered.com\/wp-content\/uploads\/2016\/05\/NDP2.jpg","width":1000,"height":396,"caption":"Nebraska Democratic Party"},"image":{"@id":"https:\/\/nebraskademocrats.org\/#\/schema\/logo\/image\/"},"sameAs":["https:\/\/www.facebook.com\/NebraskaDemocraticParty\/","https:\/\/x.com\/nebraskadems"]},{"@type":"Person","@id":"https:\/\/nebraskademocrats.org\/#\/schema\/person\/33e011ea0795f404810dc40828bcf289","name":"McKesson qu\u00fd gi\u00e1","image":{"@type":"ImageObject","inLanguage":"vi","@id":"https:\/\/secure.gravatar.com\/avatar\/35046e19b3373116ec64c07d386d3312028d3820dc0ffe65c344bcebc8ea9194?s=96&d=mm&r=g","url":"https:\/\/secure.gravatar.com\/avatar\/35046e19b3373116ec64c07d386d3312028d3820dc0ffe65c344bcebc8ea9194?s=96&d=mm&r=g","contentUrl":"https:\/\/secure.gravatar.com\/avatar\/35046e19b3373116ec64c07d386d3312028d3820dc0ffe65c344bcebc8ea9194?s=96&d=mm&r=g","caption":"Precious McKesson"}}]}},"_links":{"self":[{"href":"https:\/\/nebraskademocrats.org\/vi\/wp-json\/wp\/v2\/posts\/1054","targetHints":{"allow":["GET"]}}],"collection":[{"href":"https:\/\/nebraskademocrats.org\/vi\/wp-json\/wp\/v2\/posts"}],"about":[{"href":"https:\/\/nebraskademocrats.org\/vi\/wp-json\/wp\/v2\/types\/post"}],"author":[{"embeddable":true,"href":"https:\/\/nebraskademocrats.org\/vi\/wp-json\/wp\/v2\/users\/19"}],"replies":[{"embeddable":true,"href":"https:\/\/nebraskademocrats.org\/vi\/wp-json\/wp\/v2\/comments?post=1054"}],"version-history":[{"count":0,"href":"https:\/\/nebraskademocrats.org\/vi\/wp-json\/wp\/v2\/posts\/1054\/revisions"}],"wp:attachment":[{"href":"https:\/\/nebraskademocrats.org\/vi\/wp-json\/wp\/v2\/media?parent=1054"}],"wp:term":[{"taxonomy":"category","embeddable":true,"href":"https:\/\/nebraskademocrats.org\/vi\/wp-json\/wp\/v2\/categories?post=1054"},{"taxonomy":"post_tag","embeddable":true,"href":"https:\/\/nebraskademocrats.org\/vi\/wp-json\/wp\/v2\/tags?post=1054"}],"curies":[{"name":"wp","href":"https:\/\/api.w.org\/{rel}","templated":true}]}}