{"id":10862,"date":"2019-12-03T11:02:05","date_gmt":"2019-12-03T17:02:05","guid":{"rendered":"https:\/\/nebraskadem.wpenginepowered.com\/?p=10862"},"modified":"2020-01-28T08:32:14","modified_gmt":"2020-01-28T14:32:14","slug":"thinking-about-running-for-office-we-can-help","status":"publish","type":"post","link":"https:\/\/nebraskademocrats.org\/vi\/blog\/thinking-about-running-for-office-we-can-help\/","title":{"rendered":"Suy ngh\u0129 v\u1ec1 vi\u1ec7c tranh c\u1eed? Ch\u00fang t\u00f4i c\u00f3 th\u1ec3 gi\u00fap!"},"content":{"rendered":"<p><img fetchpriority=\"high\" decoding=\"async\" class=\"size-medium wp-image-10863 aligncenter\" src=\"https:\/\/nebraskadem.wpenginepowered.com\/wp-content\/uploads\/2019\/12\/running-wide-300x169.png\" alt=\"\" width=\"300\" height=\"169\" srcset=\"https:\/\/nebraskademocrats.org\/wp-content\/uploads\/2019\/12\/running-wide-300x169.png 300w, https:\/\/nebraskademocrats.org\/wp-content\/uploads\/2019\/12\/running-wide-768x432.png 768w, https:\/\/nebraskademocrats.org\/wp-content\/uploads\/2019\/12\/running-wide-1024x576.png 1024w, https:\/\/nebraskademocrats.org\/wp-content\/uploads\/2019\/12\/running-wide.png 1920w\" sizes=\"(max-width: 300px) 100vw, 300px\" \/><\/p>\n<p><span style=\"font-weight: 400;\">S\u1eb5n s\u00e0ng \u1ee9ng c\u1eed v\u00e0o ch\u1ee9c v\u1ee5? H\u01b0\u1edbng d\u1eabn c\u1ee7a Nebraska Democratic Party cung c\u1ea5p cho b\u1ea1n quy tr\u00ecnh t\u1eebng b\u01b0\u1edbc \u0111\u1ec3 xem nh\u1eefng v\u0103n ph\u00f2ng n\u00e0o b\u1ea1n \u0111\u1ee7 \u0111i\u1ec1u ki\u1ec7n \u0111\u1ec3 \u1ee9ng c\u1eed d\u1ef1a tr\u00ean \u0111\u1ecba ch\u1ec9 c\u1ee7a b\u1ea1n, c\u00e1ch xem ai hi\u1ec7n \u0111ang gi\u1eef gh\u1ebf, c\u00e1ch n\u1ed9p h\u1ed3 s\u01a1 v\u00e0 cu\u1ed1i c\u00f9ng l\u00e0 t\u1ea5t c\u1ea3 th\u1eddi h\u1ea1n n\u1ed9p \u0111\u01a1n.<\/span><\/p>\n<p><span style=\"font-weight: 400;\">Nh\u00f3m c\u1ee7a ch\u00fang t\u00f4i lu\u00f4n c\u00f3 th\u1ec3 g\u1eb7p b\u1ea1n \u0111\u1ec3 tr\u1ea3 l\u1eddi c\u00e1c c\u00e2u h\u1ecfi v\u00e0 gi\u00fap b\u1ea1n b\u1eaft \u0111\u1ea7u. Ch\u1ec9 c\u1ea7n g\u1eedi email <\/span><b>info@nebraskademocrats.org<\/b><span style=\"font-weight: 400;\"> v\u00e0 m\u1ed9t th\u00e0nh vi\u00ean trong nh\u00f3m s\u1ebd li\u00ean h\u1ec7 l\u1ea1i v\u1edbi b\u1ea1n.<\/span><\/p>\n<p><b>B\u01b0\u1edbc 1:<\/b><a href=\"https:\/\/www.votercheck.necvr.ne.gov\/VoterView\/\"> <b>X\u00e1c minh r\u1eb1ng b\u1ea1n \u0111\u00e3 \u0111\u0103ng k\u00fd b\u1ecf phi\u1ebfu t\u1ea1i \u0111\u1ecba ch\u1ec9 hi\u1ec7n t\u1ea1i c\u1ee7a b\u1ea1n.<\/b><\/a><span style=\"font-weight: 400;\"> N\u1ebfu b\u1ea1n \u0111\u00e3 \u0111\u0103ng k\u00fd b\u1ecf phi\u1ebfu, \u0111i\u1ec1u n\u00e0y s\u1ebd cho b\u1ea1n bi\u1ebft b\u1ea1n \u0111\u1ee7 \u0111i\u1ec1u ki\u1ec7n \u1ee9ng c\u1eed v\u00e0o nh\u1eefng v\u0103n ph\u00f2ng n\u00e0o d\u1ef1a tr\u00ean \u0111\u1ecba h\u1ea1t c\u1ee7a b\u1ea1n. N\u1ebfu b\u1ea1n ch\u01b0a \u0111\u0103ng k\u00fd, <\/span><a href=\"https:\/\/www.nebraska.gov\/apps-sos-voter-registration\/\"><b>h\u00e3y \u0111\u0103ng k\u00fd \u0111\u1ec3 b\u00ecnh ch\u1ecdn ngay b\u00e2y gi\u1edd!<\/b><\/a><\/p>\n<p><b>B\u01b0\u1edbc 2: L\u1ea5y danh s\u00e1ch c\u00e1c v\u0103n ph\u00f2ng t\u1ea1i qu\u1eadn c\u1ee7a b\u1ea1n v\u00e0 xem nh\u1eefng v\u0103n ph\u00f2ng n\u00e0o s\u1ebd m\u1edf c\u1eeda v\u00e0o n\u0103m 2020. <\/b><span style=\"font-weight: 400;\">C\u00f3 hai n\u01a1i b\u1ea1n c\u1ea7n ph\u1ea3i xem x\u00e9t t\u00f9y thu\u1ed9c v\u00e0o v\u0103n ph\u00f2ng.<\/span><\/p>\n<p><a href=\"https:\/\/sos.nebraska.gov\/elections\/election-officials-contact-information\"><b>Ki\u1ec3m tra v\u1edbi v\u0103n ph\u00f2ng \u1ee7y ban b\u1ea7u c\u1eed \u0111\u1ecba ph\u01b0\u01a1ng c\u1ee7a b\u1ea1n<\/b><\/a><span style=\"font-weight: 400;\"> \u0111\u1ec3 xem c\u00e1c cu\u1ed9c \u0111ua khu v\u1ef1c \u0111\u1ecba ph\u01b0\u01a1ng n\u00e0o s\u1ebd \u0111\u01b0\u1ee3c t\u1ed5 ch\u1ee9c v\u00e0o n\u0103m 2020. \u0110\u1ed9i ng\u0169 nh\u00e2n vi\u00ean r\u1ea5t h\u1eefu \u00edch v\u00e0 c\u00f3 th\u1ec3 tr\u1ea3 l\u1eddi c\u00e1c c\u00e2u h\u1ecfi.<\/span><\/p>\n<ul>\n<li style=\"font-weight: 400;\"><span style=\"font-weight: 400;\">Th\u1ecb tr\u01b0\u1edfng\u00a0<\/span><\/li>\n<li style=\"font-weight: 400;\"><span style=\"font-weight: 400;\">H\u1ed9i \u0111\u1ed3ng th\u00e0nh ph\u1ed1 v\u00e0 c\u00e1c Ban qu\u1ea3n l\u00fd l\u00e0ng ho\u1eb7c th\u1ecb tr\u1ea5n<\/span><\/li>\n<li style=\"font-weight: 400;\"><span style=\"font-weight: 400;\">Qu\u1eadn \u1ee7y vi\u00ean\u00a0<\/span><\/li>\n<li style=\"font-weight: 400;\"><span style=\"font-weight: 400;\">V\u0103n ph\u00f2ng c\u1ea5p qu\u1eadn (th\u01b0 k\u00fd, s\u1ed5 \u0111\u0103ng k\u00fd ch\u1ee9ng th\u01b0, c\u1ea3nh s\u00e1t tr\u01b0\u1edfng, th\u1ee7 qu\u1ef9, v.v.)<\/span><\/li>\n<li style=\"font-weight: 400;\"><span style=\"font-weight: 400;\">B\u1ea3ng<\/span><\/li>\n<\/ul>\n<p><a href=\"https:\/\/sos.nebraska.gov\/sites\/sos.nebraska.gov\/files\/doc\/2020%20Elected%20Offices%20and%20Maps.pdf\"><b>Ki\u1ec3m tra v\u1edbi B\u1ed9 tr\u01b0\u1edfng Ngo\u1ea1i giao<\/b><\/a> <span style=\"font-weight: 400;\">\u0111\u1ec3 xem c\u00e1c cu\u1ed9c \u0111ua c\u1ee7a ti\u1ec3u bang v\u00e0 li\u00ean bang n\u00e0o s\u1ebd b\u1eaft \u0111\u1ea7u v\u00e0o n\u0103m 2020. C\u0169ng c\u00f3 c\u00e1c b\u1ea3n \u0111\u1ed3 si\u00eau h\u1eefu \u00edch trong li\u00ean k\u1ebft n\u00e0y.<\/span><\/p>\n<ul>\n<li style=\"font-weight: 400;\"><a href=\"https:\/\/sos.nebraska.gov\/sites\/sos.nebraska.gov\/files\/doc\/2020%20Elected%20Offices%20and%20Maps.pdf\"><span style=\"font-weight: 400;\">Th\u01b0\u1ee3ng vi\u1ec7n Hoa K\u1ef3<\/span><\/a><\/li>\n<li style=\"font-weight: 400;\"><a href=\"https:\/\/sos.nebraska.gov\/sites\/sos.nebraska.gov\/files\/doc\/2020%20Elected%20Offices%20and%20Maps.pdf\"><span style=\"font-weight: 400;\">H\u1ea1 vi\u1ec7n Hoa K\u1ef3<\/span><\/a><\/li>\n<li style=\"font-weight: 400;\"><a href=\"https:\/\/sos.nebraska.gov\/sites\/sos.nebraska.gov\/files\/doc\/2020%20Elected%20Offices%20and%20Maps.pdf\"><span style=\"font-weight: 400;\">\u1ee6y ban D\u1ecbch v\u1ee5 C\u00f4ng c\u1ed9ng<\/span><\/a><\/li>\n<li style=\"font-weight: 400;\"><a href=\"https:\/\/sos.nebraska.gov\/sites\/sos.nebraska.gov\/files\/doc\/2020%20Elected%20Offices%20and%20Maps.pdf\"><span style=\"font-weight: 400;\">H\u1ed9i \u0111\u1ed3ng qu\u1ea3n tr\u1ecb<\/span><\/a><\/li>\n<li style=\"font-weight: 400;\"><a href=\"https:\/\/sos.nebraska.gov\/sites\/sos.nebraska.gov\/files\/doc\/2020%20Elected%20Offices%20and%20Maps.pdf\"><span style=\"font-weight: 400;\">\u1ee6y ban Gi\u00e1o d\u1ee5c Bang<\/span><\/a><\/li>\n<li style=\"font-weight: 400;\"><a href=\"https:\/\/sos.nebraska.gov\/sites\/sos.nebraska.gov\/files\/doc\/2020%20Elected%20Offices%20and%20Maps.pdf\"><span style=\"font-weight: 400;\">C\u01a1 quan l\u1eadp ph\u00e1p<\/span><\/a><\/li>\n<li style=\"font-weight: 400;\"><a href=\"https:\/\/sos.nebraska.gov\/sites\/sos.nebraska.gov\/files\/doc\/2020%20Elected%20Offices%20and%20Maps.pdf\"><span style=\"font-weight: 400;\">Cao \u0111\u1eb3ng c\u1ed9ng \u0111\u1ed3ng<\/span><\/a><\/li>\n<li style=\"font-weight: 400;\"><a href=\"https:\/\/sos.nebraska.gov\/sites\/sos.nebraska.gov\/files\/doc\/2020%20Elected%20Offices%20and%20Maps.pdf\"><span style=\"font-weight: 400;\">H\u1ed9i \u0111\u1ed3ng \u0110i\u1ec1u ph\u1ed1i C\u1ed9ng \u0111\u1ed3ng H\u1ecdc t\u1eadp Douglas-Sarpy<\/span><\/a><\/li>\n<li style=\"font-weight: 400;\"><a href=\"https:\/\/sos.nebraska.gov\/sites\/sos.nebraska.gov\/files\/doc\/2020%20Elected%20Offices%20and%20Maps.pdf\"><span style=\"font-weight: 400;\">Qu\u1eadn T\u00e0i nguy\u00ean<\/span><\/a><\/li>\n<li style=\"font-weight: 400;\"><a href=\"https:\/\/sos.nebraska.gov\/sites\/sos.nebraska.gov\/files\/doc\/2020%20Elected%20Offices%20and%20Maps.pdf\"><span style=\"font-weight: 400;\">Qu\u1eadn \u0111i\u1ec7n l\u1ef1c c\u00f4ng c\u1ed9ng<\/span><\/a><\/li>\n<li style=\"font-weight: 400;\"><a href=\"https:\/\/sos.nebraska.gov\/sites\/sos.nebraska.gov\/files\/doc\/2020%20Elected%20Offices%20and%20Maps.pdf\"><span style=\"font-weight: 400;\">Khu ti\u1ec7n \u00edch Metropolitan<\/span><\/a><\/li>\n<\/ul>\n<p><b>B\u01b0\u1edbc 3: <\/b><a href=\"https:\/\/nebraskadem.wpenginepowered.com\/candidates\/\"><b>Xem li\u1ec7u m\u1ed9t th\u00e0nh vi\u00ean \u0110\u1ea3ng D\u00e2n ch\u1ee7 \u0111\u1ed3ng c\u1ea5p c\u0169ng \u0111ang tranh c\u1eed ch\u1ee9c v\u1ee5 n\u00e0y hay kh\u00f4ng.<\/b><\/a><span style=\"font-weight: 400;\"> C\u00f3 th\u1ec3 c\u00f3 nhi\u1ec1u h\u01a1n m\u1ed9t Dem tranh c\u1eed, tuy nhi\u00ean n\u1ebfu m\u1ed9t Dem \u0111\u1ed3ng h\u00e0nh \u0111\u00e3 th\u00f4ng b\u00e1o, ch\u00fang t\u00f4i khuy\u1ebfn kh\u00edch b\u1ea1n xem li\u1ec7u c\u00f3 s\u01a1 h\u1edf m\u00e0 ch\u00fang t\u00f4i ch\u01b0a c\u00f3 \u0110\u1ea3ng vi\u00ean D\u00e2n ch\u1ee7 tham gia tranh c\u1eed hay kh\u00f4ng. Ch\u00fang t\u00f4i mu\u1ed1n t\u1ea5t c\u1ea3 nh\u1eefng ch\u1ed7 b\u1ecf phi\u1ebfu \u0111\u01b0\u1ee3c l\u1ea5p \u0111\u1ea7y!<\/span><\/p>\n<p><b>B\u01b0\u1edbc 4: <\/b><a href=\"https:\/\/sos.nebraska.gov\/elections\/information-candidates\"><b>Ki\u1ec3m tra trang th\u00f4ng tin \u1ee9ng c\u1eed vi\u00ean Ngo\u1ea1i tr\u01b0\u1edfng<\/b><\/a><span style=\"font-weight: 400;\">. \u0110i\u1ec1u n\u00e0y c\u00f3 th\u00eam th\u00f4ng tin v\u1ec1 m\u1ecdi th\u1ee9 m\u00e0 \u1ee9ng vi\u00ean c\u1ea7n \u0111\u1ec3 n\u1ed9p cho ti\u1ec3u bang v\u00e0 c\u00e1c li\u00ean k\u1ebft \u0111\u1ebfn c\u00e1c h\u01b0\u1edbng d\u1eabn th\u1ef1c s\u1ef1 h\u1eefu \u00edch kh\u00e1c.<\/span><\/p>\n<p><b>B\u01b0\u1edbc 5: Chu\u1ea9n b\u1ecb s\u1eb5n s\u00e0ng \u0111\u1ec3 n\u1ed9p c\u00e1c th\u1ee7 t\u1ee5c gi\u1ea5y t\u1edd c\u1ee7a b\u1ea1n. <\/b><span style=\"font-weight: 400;\">T\u1ea5t c\u1ea3 c\u00e1c ng\u00e0y v\u00e0 li\u00ean k\u1ebft d\u01b0\u1edbi \u0111\u00e2y cho c\u00e1c v\u0103n ph\u00f2ng kh\u00e1c nhau.<\/span><\/p>\n<h2>Ng\u00e0y quan tr\u1ecdng<\/h2>\n<ul>\n<li>Th\u1eddi gian n\u1ed9p h\u1ed3 s\u01a1 cho nh\u1eefng ng\u01b0\u1eddi \u0111\u01b0\u01a1ng nhi\u1ec7m - 2 th\u00e1ng 12 n\u0103m 2019 - 18 th\u00e1ng 2 n\u0103m 2020<\/li>\n<li>Th\u1eddi h\u1ea1n n\u1ed9p h\u1ed3 s\u01a1 cho c\u00e1c \u1ee9ng vi\u00ean m\u1edbi - 2 th\u00e1ng 12 n\u0103m 2019 - 2 th\u00e1ng 3 n\u0103m 2020<\/li>\n<li><b><a href=\"https:\/\/sos.nebraska.gov\/sites\/sos.nebraska.gov\/files\/doc\/2020%20Election%20Calendar.pdf\">Xem c\u00e1c Ng\u00e0y b\u1ea7u c\u1eed quan tr\u1ecdng c\u1ee7a Ngo\u1ea1i tr\u01b0\u1edfng Nebraska<\/a>. <\/b><b><b>Trang n\u00e0y s\u1ebd h\u01b0\u1edbng d\u1eabn b\u1ea1n qua t\u1ea5t c\u1ea3 c\u00e1c ng\u00e0y tr\u1ea1ng th\u00e1i quan tr\u1ecdng cho c\u00e1c \u1ee9ng c\u1eed vi\u00ean.<\/b><\/b><\/li>\n<li><a href=\"https:\/\/sos.nebraska.gov\/sites\/sos.nebraska.gov\/files\/doc\/2020%20Candidate%20Filing%20Guide.pdf\"><b>Xem T\u1edd h\u01b0\u1edbng d\u1eabn c\u1ee7a B\u1ed9 tr\u01b0\u1edfng Ngo\u1ea1i giao Nebraska cho c\u00e1c \u1ee9ng c\u1eed vi\u00ean. <\/b><\/a><b>Trang n\u00e0y s\u1ebd h\u01b0\u1edbng d\u1eabn b\u1ea1n th\u00f4ng qua t\u1ea5t c\u1ea3 c\u00e1c kho\u1ea3n ph\u00ed cho m\u1ed7i l\u1ea7n n\u1ed9p \u0111\u01a1n t\u1ea1i v\u0103n ph\u00f2ng.<\/b><\/li>\n<\/ul>\n<h2><b>Y\u00eau c\u1ea7u n\u1ed9p h\u1ed3 s\u01a1 theo V\u0103n ph\u00f2ng<\/b><\/h2>\n<h3><b>Th\u01b0\u1ee3ng ngh\u1ecb s\u0129 Hoa K\u1ef3 v\u00e0 H\u1ea1 vi\u1ec7n Hoa K\u1ef3<\/b><\/h3>\n<p><strong><a href=\"https:\/\/sos.nebraska.gov\/sites\/sos.nebraska.gov\/files\/doc\/16.%20Partisan%20Primary.pdf\">G\u1eedi \u0111\u01a1n \u0111\u0103ng k\u00fd \u1ee9ng c\u1eed vi\u00ean \u0111\u1ea3ng ph\u00e1i.<\/a><br \/>\n<\/strong><span style=\"font-weight: 400;\">Thanh to\u00e1n ph\u00ed n\u1ed9p \u0111\u01a1n $1,740.<br \/>\n<\/span><span style=\"font-weight: 400;\">Kh\u00f4ng y\u00eau c\u1ea7u bi\u1ec3u m\u1eabu C-1 c\u1ee7a \u1ee6y ban Gi\u1ea3i tr\u00ecnh v\u00e0 Ti\u1ebft l\u1ed9 Nebraska v\u00ec \u0111\u00e2y l\u00e0 v\u0103n ph\u00f2ng li\u00ean bang.<br \/>\n<\/span><strong><a href=\"http:\/\/www.fec.gov\/help-candidates-and-committees\/\">Li\u00ean h\u1ec7 v\u1edbi \u1ee6y ban B\u1ea7u c\u1eed Li\u00ean bang v\u1ec1 c\u00e1c y\u00eau c\u1ea7u ti\u1ebft l\u1ed9 c\u1ee7a h\u1ecd \u0111\u1ed1i v\u1edbi c\u00e1c v\u0103n ph\u00f2ng n\u00e0y.<\/a><\/strong><\/p>\n<h3><b>C\u01a1 quan l\u1eadp ph\u00e1p Nebraska<\/b><\/h3>\n<p><a href=\"https:\/\/sos.nebraska.gov\/sites\/sos.nebraska.gov\/files\/doc\/17.%20Nonpartisan%20Primary_0.pdf\"><span style=\"font-weight: 400;\"><strong>G\u1eedi m\u1eabu \u0111\u01a1n \u0111\u0103ng k\u00fd \u1ee9ng c\u1eed vi\u00ean phi \u0111\u1ea3ng ph\u00e1i.<\/strong><\/span><\/a><br \/>\n<span style=\"font-weight: 400;\">Thanh to\u00e1n ph\u00ed n\u1ed9p \u0111\u01a1n $120.<br \/>\n<\/span><span style=\"font-weight: 400;\"><a href=\"https:\/\/nebraskadem.wpenginepowered.com\/wp-content\/uploads\/2019\/12\/C-1-2018-PDF.pdf\"><strong>G\u1eedi bi\u1ec3u m\u1eabu C-1 c\u1ee7a \u1ee6y ban Gi\u1ea3i tr\u00ecnh v\u00e0 Ti\u1ebft l\u1ed9 Nebraska cho NADC.<\/strong><\/a><\/span><\/p>\n<h3><b>H\u1ed9i \u0111\u1ed3ng Qu\u1ea3n tr\u1ecb v\u00e0 H\u1ed9i \u0111\u1ed3ng Gi\u00e1o d\u1ee5c Ti\u1ec3u bang<\/b><\/h3>\n<p><strong><a href=\"https:\/\/sos.nebraska.gov\/elec\/2020\/17.%20Nonpartisan%20Primary.pdf\">G\u1eedi m\u1eabu \u0111\u01a1n \u0111\u0103ng k\u00fd \u1ee9ng c\u1eed vi\u00ean phi \u0111\u1ea3ng ph\u00e1i.<\/a><br \/>\n<\/strong><span style=\"font-weight: 400;\">Thanh to\u00e1n ph\u00ed n\u1ed9p \u0111\u01a1n $25.<br \/>\n<\/span><a href=\"https:\/\/nebraskadem.wpenginepowered.com\/wp-content\/uploads\/2019\/12\/C-1-2018-PDF.pdf\"><strong>G\u1eedi bi\u1ec3u m\u1eabu C-1 c\u1ee7a \u1ee6y ban Gi\u1ea3i tr\u00ecnh v\u00e0 Ti\u1ebft l\u1ed9 Nebraska cho NADC.<\/strong><\/a><\/p>\n<h3><b>\u1ee6y vi\u00ean D\u1ecbch v\u1ee5 C\u00f4ng c\u1ed9ng<\/b><\/h3>\n<p><strong>G\u1eedi \u0111\u01a1n \u0111\u0103ng k\u00fd \u1ee9ng c\u1eed vi\u00ean \u0111\u1ea3ng ph\u00e1i.<br \/>\n<\/strong><span style=\"font-weight: 400;\">Thanh to\u00e1n ph\u00ed n\u1ed9p \u0111\u01a1n $750.<br \/>\n<\/span><span style=\"font-weight: 400;\"><a href=\"https:\/\/nebraskadem.wpenginepowered.com\/wp-content\/uploads\/2019\/12\/C-1-2018-PDF.pdf\"><strong>G\u1eedi bi\u1ec3u m\u1eabu C-1 c\u1ee7a \u1ee6y ban Gi\u1ea3i tr\u00ecnh v\u00e0 Ti\u1ebft l\u1ed9 Nebraska cho NADC.<\/strong><\/a><\/span><\/p>\n<h3><b>C\u00e1c tr\u01b0\u1eddng cao \u0111\u1eb3ng c\u1ed9ng \u0111\u1ed3ng, c\u00e1c khu t\u00e0i nguy\u00ean thi\u00ean nhi\u00ean v\u00e0 c\u1ed9ng \u0111\u1ed3ng h\u1ecdc t\u1eadp<\/b><span style=\"font-weight: 400;\">\u00a0<\/span><\/h3>\n<p><a href=\"https:\/\/sos.nebraska.gov\/elec\/2020\/17.%20Nonpartisan%20Primary.pdf\"><span style=\"font-weight: 400;\"><strong>G\u1eedi m\u1eabu \u0111\u01a1n \u0111\u0103ng k\u00fd \u1ee9ng c\u1eed vi\u00ean phi \u0111\u1ea3ng ph\u00e1i.<\/strong><\/span><\/a><br \/>\n<span style=\"font-weight: 400;\">Kh\u00f4ng y\u00eau c\u1ea7u bi\u1ec3u m\u1eabu C-1 c\u1ee7a \u1ee6y ban Gi\u1ea3i tr\u00ecnh v\u00e0 Ti\u1ebft l\u1ed9 Nebraska.<br \/>\n<\/span><span style=\"font-weight: 400;\">Kh\u00f4ng c\u1ea7n n\u1ed9p ph\u00ed\u00a0<\/span><\/p>\n<h3><strong>C\u00e1c Qu\u1eadn \u0110i\u1ec7n l\u1ef1c C\u00f4ng c\u1ed9ng t\u1ed5ng thu nh\u1eadp h\u01a1n $40 tri\u1ec7u (<\/strong><strong>C\u00e1c qu\u1eadn \u0111i\u1ec7n OPPD, NPPD, Southern, Loup River, Norris v\u00e0 Dawson\u00a0\u00a0<\/strong><\/h3>\n<p><a href=\"https:\/\/sos.nebraska.gov\/sites\/sos.nebraska.gov\/files\/doc\/17.%20Nonpartisan%20Primary_0.pdf\"><strong>G\u1eedi m\u1eabu \u0111\u01a1n \u0111\u0103ng k\u00fd \u1ee9ng c\u1eed vi\u00ean phi \u0111\u1ea3ng ph\u00e1i.<\/strong><\/a><br \/>\n<span style=\"font-weight: 400;\">Tr\u1ea3 ph\u00ed n\u1ed9p h\u1ed3 s\u01a1 $25.<br \/>\n<\/span><a href=\"https:\/\/nebraskadem.wpenginepowered.com\/wp-content\/uploads\/2019\/12\/C-1-2018-PDF.pdf\"><strong>G\u1eedi bi\u1ec3u m\u1eabu C-1 c\u1ee7a \u1ee6y ban Gi\u1ea3i tr\u00ecnh v\u00e0 Ti\u1ebft l\u1ed9 Nebraska cho NADC.<\/strong><\/a><\/p>\n<h3><b>Khu ti\u1ec7n \u00edch Metropolitan<br \/>\n<\/b><\/h3>\n<p><b><\/b><b><\/b><b><\/b><a href=\"https:\/\/sos.nebraska.gov\/sites\/sos.nebraska.gov\/files\/doc\/17.%20Nonpartisan%20Primary_0.pdf\"><span style=\"font-weight: 400;\"><strong>G\u1eedi m\u1eabu \u0111\u01a1n \u0111\u0103ng k\u00fd \u1ee9ng c\u1eed vi\u00ean phi \u0111\u1ea3ng ph\u00e1i.<\/strong><\/span><\/a><br \/>\n<span style=\"font-weight: 400;\">Thanh to\u00e1n ph\u00ed n\u1ed9p \u0111\u01a1n $25.<br \/>\n<\/span><span style=\"font-weight: 400;\">L\u01b0u \u00fd: Kh\u00f4ng y\u00eau c\u1ea7u bi\u1ec3u m\u1eabu C-1 c\u1ee7a \u1ee6y ban Gi\u1ea3i tr\u00ecnh v\u00e0 Ti\u1ebft l\u1ed9 Nebraska.<\/span><\/p>","protected":false},"excerpt":{"rendered":"<p>Ready to run for office? The Nebraska Democratic Party\u2019s guide gives you a step-by-step process to see what offices you are eligible to run for based on your address, how to see who currently holds the seat, how to file, and lastly, all the filing deadlines. Our team can always meet with you to answer &#8230; <a title=\"Suy ngh\u0129 v\u1ec1 vi\u1ec7c tranh c\u1eed? Ch\u00fang t\u00f4i c\u00f3 th\u1ec3 gi\u00fap!\" class=\"read-more\" href=\"https:\/\/nebraskademocrats.org\/vi\/blog\/thinking-about-running-for-office-we-can-help\/\" aria-label=\"More on Thinking about running for office? We can help!\">\u0110\u1ecdc th\u00eam<\/a><\/p>","protected":false},"author":19,"featured_media":0,"comment_status":"closed","ping_status":"closed","sticky":false,"template":"","format":"standard","meta":{"_acf_changed":false,"_exactmetrics_skip_tracking":false,"_exactmetrics_sitenote_active":false,"_exactmetrics_sitenote_note":"","_exactmetrics_sitenote_category":0,"footnotes":""},"categories":[1],"tags":[],"class_list":["post-10862","post","type-post","status-publish","format-standard","hentry","category-blog"],"acf":[],"yoast_head":"<!-- This site is optimized with the Yoast SEO plugin v27.4 - https:\/\/yoast.com\/product\/yoast-seo-wordpress\/ -->\n<title>Thinking about running for office? We can help! &#8211; Nebraska Democratic Party<\/title>\n<meta name=\"robots\" content=\"index, follow, max-snippet:-1, max-image-preview:large, max-video-preview:-1\" \/>\n<link rel=\"canonical\" href=\"https:\/\/nebraskademocrats.org\/vi\/blog\/thinking-about-running-for-office-we-can-help\/\" \/>\n<meta property=\"og:locale\" content=\"vi_VN\" \/>\n<meta property=\"og:type\" content=\"article\" \/>\n<meta property=\"og:title\" content=\"Thinking about running for office? We can help! &#8211; Nebraska Democratic Party\" \/>\n<meta property=\"og:description\" content=\"Ready to run for office? The Nebraska Democratic Party\u2019s guide gives you a step-by-step process to see what offices you are eligible to run for based on your address, how to see who currently holds the seat, how to file, and lastly, all the filing deadlines. Our team can always meet with you to answer ... Read more\" \/>\n<meta property=\"og:url\" content=\"https:\/\/nebraskademocrats.org\/vi\/blog\/thinking-about-running-for-office-we-can-help\/\" \/>\n<meta property=\"og:site_name\" content=\"Nebraska Democratic Party\" \/>\n<meta property=\"article:publisher\" content=\"https:\/\/www.facebook.com\/NebraskaDemocraticParty\/\" \/>\n<meta property=\"article:published_time\" content=\"2019-12-03T17:02:05+00:00\" \/>\n<meta property=\"article:modified_time\" content=\"2020-01-28T14:32:14+00:00\" \/>\n<meta property=\"og:image\" content=\"https:\/\/nebraskadem.wpenginepowered.com\/wp-content\/uploads\/2019\/12\/running-wide-300x169.png\" \/>\n<meta name=\"author\" content=\"Precious McKesson\" \/>\n<meta name=\"twitter:card\" content=\"summary_large_image\" \/>\n<meta name=\"twitter:creator\" content=\"@nebraskadems\" \/>\n<meta name=\"twitter:site\" content=\"@nebraskadems\" \/>\n<meta name=\"twitter:label1\" content=\"\u0110\u01b0\u1ee3c vi\u1ebft b\u1edfi\" \/>\n\t<meta name=\"twitter:data1\" content=\"Precious McKesson\" \/>\n\t<meta name=\"twitter:label2\" content=\"\u01af\u1edbc t\u00ednh th\u1eddi gian \u0111\u1ecdc\" \/>\n\t<meta name=\"twitter:data2\" content=\"3 ph\u00fat\" \/>\n<script type=\"application\/ld+json\" class=\"yoast-schema-graph\">{\"@context\":\"https:\\\/\\\/schema.org\",\"@graph\":[{\"@type\":\"Article\",\"@id\":\"https:\\\/\\\/nebraskademocrats.org\\\/su\\\/blog\\\/thinking-about-running-for-office-we-can-help\\\/#article\",\"isPartOf\":{\"@id\":\"https:\\\/\\\/nebraskademocrats.org\\\/su\\\/blog\\\/thinking-about-running-for-office-we-can-help\\\/\"},\"author\":{\"name\":\"Precious McKesson\",\"@id\":\"https:\\\/\\\/nebraskademocrats.org\\\/#\\\/schema\\\/person\\\/33e011ea0795f404810dc40828bcf289\"},\"headline\":\"Thinking about running for office? We can help!\",\"datePublished\":\"2019-12-03T17:02:05+00:00\",\"dateModified\":\"2020-01-28T14:32:14+00:00\",\"mainEntityOfPage\":{\"@id\":\"https:\\\/\\\/nebraskademocrats.org\\\/su\\\/blog\\\/thinking-about-running-for-office-we-can-help\\\/\"},\"wordCount\":651,\"publisher\":{\"@id\":\"https:\\\/\\\/nebraskademocrats.org\\\/#organization\"},\"image\":{\"@id\":\"https:\\\/\\\/nebraskademocrats.org\\\/su\\\/blog\\\/thinking-about-running-for-office-we-can-help\\\/#primaryimage\"},\"thumbnailUrl\":\"https:\\\/\\\/nebraskadem.wpenginepowered.com\\\/wp-content\\\/uploads\\\/2019\\\/12\\\/running-wide-300x169.png\",\"articleSection\":[\"NDP Blog\"],\"inLanguage\":\"vi\"},{\"@type\":\"WebPage\",\"@id\":\"https:\\\/\\\/nebraskademocrats.org\\\/su\\\/blog\\\/thinking-about-running-for-office-we-can-help\\\/\",\"url\":\"https:\\\/\\\/nebraskademocrats.org\\\/su\\\/blog\\\/thinking-about-running-for-office-we-can-help\\\/\",\"name\":\"Thinking about running for office? We can help! &#8211; Nebraska Democratic Party\",\"isPartOf\":{\"@id\":\"https:\\\/\\\/nebraskademocrats.org\\\/#website\"},\"primaryImageOfPage\":{\"@id\":\"https:\\\/\\\/nebraskademocrats.org\\\/su\\\/blog\\\/thinking-about-running-for-office-we-can-help\\\/#primaryimage\"},\"image\":{\"@id\":\"https:\\\/\\\/nebraskademocrats.org\\\/su\\\/blog\\\/thinking-about-running-for-office-we-can-help\\\/#primaryimage\"},\"thumbnailUrl\":\"https:\\\/\\\/nebraskadem.wpenginepowered.com\\\/wp-content\\\/uploads\\\/2019\\\/12\\\/running-wide-300x169.png\",\"datePublished\":\"2019-12-03T17:02:05+00:00\",\"dateModified\":\"2020-01-28T14:32:14+00:00\",\"breadcrumb\":{\"@id\":\"https:\\\/\\\/nebraskademocrats.org\\\/su\\\/blog\\\/thinking-about-running-for-office-we-can-help\\\/#breadcrumb\"},\"inLanguage\":\"vi\",\"potentialAction\":[{\"@type\":\"ReadAction\",\"target\":[\"https:\\\/\\\/nebraskademocrats.org\\\/su\\\/blog\\\/thinking-about-running-for-office-we-can-help\\\/\"]}]},{\"@type\":\"ImageObject\",\"inLanguage\":\"vi\",\"@id\":\"https:\\\/\\\/nebraskademocrats.org\\\/su\\\/blog\\\/thinking-about-running-for-office-we-can-help\\\/#primaryimage\",\"url\":\"https:\\\/\\\/nebraskadem.wpenginepowered.com\\\/wp-content\\\/uploads\\\/2019\\\/12\\\/running-wide-300x169.png\",\"contentUrl\":\"https:\\\/\\\/nebraskadem.wpenginepowered.com\\\/wp-content\\\/uploads\\\/2019\\\/12\\\/running-wide-300x169.png\"},{\"@type\":\"BreadcrumbList\",\"@id\":\"https:\\\/\\\/nebraskademocrats.org\\\/su\\\/blog\\\/thinking-about-running-for-office-we-can-help\\\/#breadcrumb\",\"itemListElement\":[{\"@type\":\"ListItem\",\"position\":1,\"name\":\"Home\",\"item\":\"https:\\\/\\\/nebraskademocrats.org\\\/\"},{\"@type\":\"ListItem\",\"position\":2,\"name\":\"Thinking about running for office? We can help!\"}]},{\"@type\":\"WebSite\",\"@id\":\"https:\\\/\\\/nebraskademocrats.org\\\/#website\",\"url\":\"https:\\\/\\\/nebraskademocrats.org\\\/\",\"name\":\"Nebraska Democratic Party\",\"description\":\"Growing the Good Life for All Nebraskans\",\"publisher\":{\"@id\":\"https:\\\/\\\/nebraskademocrats.org\\\/#organization\"},\"potentialAction\":[{\"@type\":\"SearchAction\",\"target\":{\"@type\":\"EntryPoint\",\"urlTemplate\":\"https:\\\/\\\/nebraskademocrats.org\\\/?s={search_term_string}\"},\"query-input\":{\"@type\":\"PropertyValueSpecification\",\"valueRequired\":true,\"valueName\":\"search_term_string\"}}],\"inLanguage\":\"vi\"},{\"@type\":\"Organization\",\"@id\":\"https:\\\/\\\/nebraskademocrats.org\\\/#organization\",\"name\":\"Nebraska Democratic Party\",\"url\":\"https:\\\/\\\/nebraskademocrats.org\\\/\",\"logo\":{\"@type\":\"ImageObject\",\"inLanguage\":\"vi\",\"@id\":\"https:\\\/\\\/nebraskademocrats.org\\\/#\\\/schema\\\/logo\\\/image\\\/\",\"url\":\"https:\\\/\\\/nebraskadem.wpenginepowered.com\\\/wp-content\\\/uploads\\\/2016\\\/05\\\/NDP2.jpg\",\"contentUrl\":\"https:\\\/\\\/nebraskadem.wpenginepowered.com\\\/wp-content\\\/uploads\\\/2016\\\/05\\\/NDP2.jpg\",\"width\":1000,\"height\":396,\"caption\":\"Nebraska Democratic Party\"},\"image\":{\"@id\":\"https:\\\/\\\/nebraskademocrats.org\\\/#\\\/schema\\\/logo\\\/image\\\/\"},\"sameAs\":[\"https:\\\/\\\/www.facebook.com\\\/NebraskaDemocraticParty\\\/\",\"https:\\\/\\\/x.com\\\/nebraskadems\"]},{\"@type\":\"Person\",\"@id\":\"https:\\\/\\\/nebraskademocrats.org\\\/#\\\/schema\\\/person\\\/33e011ea0795f404810dc40828bcf289\",\"name\":\"Precious McKesson\",\"image\":{\"@type\":\"ImageObject\",\"inLanguage\":\"vi\",\"@id\":\"https:\\\/\\\/secure.gravatar.com\\\/avatar\\\/35046e19b3373116ec64c07d386d3312028d3820dc0ffe65c344bcebc8ea9194?s=96&d=mm&r=g\",\"url\":\"https:\\\/\\\/secure.gravatar.com\\\/avatar\\\/35046e19b3373116ec64c07d386d3312028d3820dc0ffe65c344bcebc8ea9194?s=96&d=mm&r=g\",\"contentUrl\":\"https:\\\/\\\/secure.gravatar.com\\\/avatar\\\/35046e19b3373116ec64c07d386d3312028d3820dc0ffe65c344bcebc8ea9194?s=96&d=mm&r=g\",\"caption\":\"Precious McKesson\"}}]}<\/script>\n<!-- \/ Yoast SEO plugin. -->","yoast_head_json":{"title":"Thinking about running for office? We can help! &#8211; Nebraska Democratic Party","robots":{"index":"index","follow":"follow","max-snippet":"max-snippet:-1","max-image-preview":"max-image-preview:large","max-video-preview":"max-video-preview:-1"},"canonical":"https:\/\/nebraskademocrats.org\/vi\/blog\/thinking-about-running-for-office-we-can-help\/","og_locale":"vi_VN","og_type":"article","og_title":"Thinking about running for office? We can help! &#8211; Nebraska Democratic Party","og_description":"Ready to run for office? The Nebraska Democratic Party\u2019s guide gives you a step-by-step process to see what offices you are eligible to run for based on your address, how to see who currently holds the seat, how to file, and lastly, all the filing deadlines. Our team can always meet with you to answer ... Read more","og_url":"https:\/\/nebraskademocrats.org\/vi\/blog\/thinking-about-running-for-office-we-can-help\/","og_site_name":"Nebraska Democratic Party","article_publisher":"https:\/\/www.facebook.com\/NebraskaDemocraticParty\/","article_published_time":"2019-12-03T17:02:05+00:00","article_modified_time":"2020-01-28T14:32:14+00:00","og_image":[{"url":"https:\/\/nebraskadem.wpenginepowered.com\/wp-content\/uploads\/2019\/12\/running-wide-300x169.png","type":"","width":"","height":""}],"author":"Precious McKesson","twitter_card":"summary_large_image","twitter_creator":"@nebraskadems","twitter_site":"@nebraskadems","twitter_misc":{"\u0110\u01b0\u1ee3c vi\u1ebft b\u1edfi":"Precious McKesson","\u01af\u1edbc t\u00ednh th\u1eddi gian \u0111\u1ecdc":"3 ph\u00fat"},"schema":{"@context":"https:\/\/schema.org","@graph":[{"@type":"Article","@id":"https:\/\/nebraskademocrats.org\/su\/blog\/thinking-about-running-for-office-we-can-help\/#article","isPartOf":{"@id":"https:\/\/nebraskademocrats.org\/su\/blog\/thinking-about-running-for-office-we-can-help\/"},"author":{"name":"Precious McKesson","@id":"https:\/\/nebraskademocrats.org\/#\/schema\/person\/33e011ea0795f404810dc40828bcf289"},"headline":"Thinking about running for office? We can help!","datePublished":"2019-12-03T17:02:05+00:00","dateModified":"2020-01-28T14:32:14+00:00","mainEntityOfPage":{"@id":"https:\/\/nebraskademocrats.org\/su\/blog\/thinking-about-running-for-office-we-can-help\/"},"wordCount":651,"publisher":{"@id":"https:\/\/nebraskademocrats.org\/#organization"},"image":{"@id":"https:\/\/nebraskademocrats.org\/su\/blog\/thinking-about-running-for-office-we-can-help\/#primaryimage"},"thumbnailUrl":"https:\/\/nebraskadem.wpenginepowered.com\/wp-content\/uploads\/2019\/12\/running-wide-300x169.png","articleSection":["NDP Blog"],"inLanguage":"vi"},{"@type":"WebPage","@id":"https:\/\/nebraskademocrats.org\/su\/blog\/thinking-about-running-for-office-we-can-help\/","url":"https:\/\/nebraskademocrats.org\/su\/blog\/thinking-about-running-for-office-we-can-help\/","name":"Thinking about running for office? We can help! &#8211; Nebraska Democratic Party","isPartOf":{"@id":"https:\/\/nebraskademocrats.org\/#website"},"primaryImageOfPage":{"@id":"https:\/\/nebraskademocrats.org\/su\/blog\/thinking-about-running-for-office-we-can-help\/#primaryimage"},"image":{"@id":"https:\/\/nebraskademocrats.org\/su\/blog\/thinking-about-running-for-office-we-can-help\/#primaryimage"},"thumbnailUrl":"https:\/\/nebraskadem.wpenginepowered.com\/wp-content\/uploads\/2019\/12\/running-wide-300x169.png","datePublished":"2019-12-03T17:02:05+00:00","dateModified":"2020-01-28T14:32:14+00:00","breadcrumb":{"@id":"https:\/\/nebraskademocrats.org\/su\/blog\/thinking-about-running-for-office-we-can-help\/#breadcrumb"},"inLanguage":"vi","potentialAction":[{"@type":"ReadAction","target":["https:\/\/nebraskademocrats.org\/su\/blog\/thinking-about-running-for-office-we-can-help\/"]}]},{"@type":"ImageObject","inLanguage":"vi","@id":"https:\/\/nebraskademocrats.org\/su\/blog\/thinking-about-running-for-office-we-can-help\/#primaryimage","url":"https:\/\/nebraskadem.wpenginepowered.com\/wp-content\/uploads\/2019\/12\/running-wide-300x169.png","contentUrl":"https:\/\/nebraskadem.wpenginepowered.com\/wp-content\/uploads\/2019\/12\/running-wide-300x169.png"},{"@type":"BreadcrumbList","@id":"https:\/\/nebraskademocrats.org\/su\/blog\/thinking-about-running-for-office-we-can-help\/#breadcrumb","itemListElement":[{"@type":"ListItem","position":1,"name":"Home","item":"https:\/\/nebraskademocrats.org\/"},{"@type":"ListItem","position":2,"name":"Thinking about running for office? We can help!"}]},{"@type":"WebSite","@id":"https:\/\/nebraskademocrats.org\/#website","url":"https:\/\/nebraskademocrats.org\/","name":"Nebraska Democratic Party","description":"Ph\u00e1t tri\u1ec3n cu\u1ed9c s\u1ed1ng t\u1ed1t \u0111\u1eb9p cho t\u1ea5t c\u1ea3 Nebraskans","publisher":{"@id":"https:\/\/nebraskademocrats.org\/#organization"},"potentialAction":[{"@type":"SearchAction","target":{"@type":"EntryPoint","urlTemplate":"https:\/\/nebraskademocrats.org\/?s={search_term_string}"},"query-input":{"@type":"PropertyValueSpecification","valueRequired":true,"valueName":"search_term_string"}}],"inLanguage":"vi"},{"@type":"Organization","@id":"https:\/\/nebraskademocrats.org\/#organization","name":"Nebraska Democratic Party","url":"https:\/\/nebraskademocrats.org\/","logo":{"@type":"ImageObject","inLanguage":"vi","@id":"https:\/\/nebraskademocrats.org\/#\/schema\/logo\/image\/","url":"https:\/\/nebraskadem.wpenginepowered.com\/wp-content\/uploads\/2016\/05\/NDP2.jpg","contentUrl":"https:\/\/nebraskadem.wpenginepowered.com\/wp-content\/uploads\/2016\/05\/NDP2.jpg","width":1000,"height":396,"caption":"Nebraska Democratic Party"},"image":{"@id":"https:\/\/nebraskademocrats.org\/#\/schema\/logo\/image\/"},"sameAs":["https:\/\/www.facebook.com\/NebraskaDemocraticParty\/","https:\/\/x.com\/nebraskadems"]},{"@type":"Person","@id":"https:\/\/nebraskademocrats.org\/#\/schema\/person\/33e011ea0795f404810dc40828bcf289","name":"McKesson qu\u00fd gi\u00e1","image":{"@type":"ImageObject","inLanguage":"vi","@id":"https:\/\/secure.gravatar.com\/avatar\/35046e19b3373116ec64c07d386d3312028d3820dc0ffe65c344bcebc8ea9194?s=96&d=mm&r=g","url":"https:\/\/secure.gravatar.com\/avatar\/35046e19b3373116ec64c07d386d3312028d3820dc0ffe65c344bcebc8ea9194?s=96&d=mm&r=g","contentUrl":"https:\/\/secure.gravatar.com\/avatar\/35046e19b3373116ec64c07d386d3312028d3820dc0ffe65c344bcebc8ea9194?s=96&d=mm&r=g","caption":"Precious McKesson"}}]}},"_links":{"self":[{"href":"https:\/\/nebraskademocrats.org\/vi\/wp-json\/wp\/v2\/posts\/10862","targetHints":{"allow":["GET"]}}],"collection":[{"href":"https:\/\/nebraskademocrats.org\/vi\/wp-json\/wp\/v2\/posts"}],"about":[{"href":"https:\/\/nebraskademocrats.org\/vi\/wp-json\/wp\/v2\/types\/post"}],"author":[{"embeddable":true,"href":"https:\/\/nebraskademocrats.org\/vi\/wp-json\/wp\/v2\/users\/19"}],"replies":[{"embeddable":true,"href":"https:\/\/nebraskademocrats.org\/vi\/wp-json\/wp\/v2\/comments?post=10862"}],"version-history":[{"count":0,"href":"https:\/\/nebraskademocrats.org\/vi\/wp-json\/wp\/v2\/posts\/10862\/revisions"}],"wp:attachment":[{"href":"https:\/\/nebraskademocrats.org\/vi\/wp-json\/wp\/v2\/media?parent=10862"}],"wp:term":[{"taxonomy":"category","embeddable":true,"href":"https:\/\/nebraskademocrats.org\/vi\/wp-json\/wp\/v2\/categories?post=10862"},{"taxonomy":"post_tag","embeddable":true,"href":"https:\/\/nebraskademocrats.org\/vi\/wp-json\/wp\/v2\/tags?post=10862"}],"curies":[{"name":"wp","href":"https:\/\/api.w.org\/{rel}","templated":true}]}}