{"id":11556,"date":"2020-01-31T13:36:22","date_gmt":"2020-01-31T19:36:22","guid":{"rendered":"https:\/\/nebraskadem.wpenginepowered.com\/?p=11556"},"modified":"2020-01-31T15:57:54","modified_gmt":"2020-01-31T21:57:54","slug":"big-als-bull-and-more-nebdems-news","status":"publish","type":"post","link":"https:\/\/nebraskademocrats.org\/vi\/blog\/big-als-bull-and-more-nebdems-news\/","title":{"rendered":"Big Al&#039;s Bull v\u00e0 h\u01a1n th\u1ebf n\u1eefa - #NebDems News"},"content":{"rendered":"<p><img fetchpriority=\"high\" decoding=\"async\" class=\"size-medium wp-image-6838 aligncenter\" src=\"https:\/\/nebraskadem.wpenginepowered.com\/wp-content\/uploads\/2018\/12\/NebDems-News-4-300x167.png\" alt=\"\" width=\"300\" height=\"167\" srcset=\"https:\/\/nebraskademocrats.org\/wp-content\/uploads\/2018\/12\/NebDems-News-4-300x167.png 300w, https:\/\/nebraskademocrats.org\/wp-content\/uploads\/2018\/12\/NebDems-News-4-768x427.png 768w, https:\/\/nebraskademocrats.org\/wp-content\/uploads\/2018\/12\/NebDems-News-4-1024x569.png 1024w, https:\/\/nebraskademocrats.org\/wp-content\/uploads\/2018\/12\/NebDems-News-4.png 1081w\" sizes=\"(max-width: 300px) 100vw, 300px\" \/><\/p>\n<p>We all got schooled this week during the Senate Impeachment trial by Trump Legal Team Honcho\u00a0<strong>Alan \u201cBig Al\u201d\u00a0<\/strong><strong>Dershowitz.<\/strong><\/p>\n<p>Arguing that there are three possible motives for a president to engage in a quid pro quo in foreign policy &#8212; personal interest, public interest, and financial interest &#8212;\u00a0<a href=\"https:\/\/www.thedailybeast.com\/dershowitz-argues-quid-pro-quo-ok-because-trump-re-election-is-in-the-public-interest\"><strong>Dershowitz submitted<\/strong><\/a><strong>\u00a0<\/strong>that a president withholding money to a foreign country so they will help in his election would be within the public interest, which is not impeachable.<\/p>\n<p><em>\u201cEvery public official that I know believes that his election is in the public interest, and mostly you\u2019re right,\u201d Dershowitz declared. \u201cYour election is in the public interest, and if a president does something which he believes will help him get elected in the public interest, that cannot be the kind of quid pro quo that results in impeachment.\u201d<\/em><\/p>\n<p>Meanwhile, the GOP-controlled Senate seemingly solved the nation\u2019s prison overcrowding problem by moving toward refusing to allow witnesses to testify at the trial.<\/p>\n<p>This did not go unnoticed by thousands of miscreants, bagmen and thugs, including convicted drug kingpin\u00a0<strong>El Chapo,<\/strong>\u00a0who was \u201cinterviewed\u201d by\u00a0<a href=\"https:\/\/www.newyorker.com\/humor\/borowitz-report\/el-chapo-outraged-that-his-trial-included-witnesses\"><strong>The New Yorker\u2019s Andy\u00a0<\/strong><strong>Borowitz.<\/strong><\/a><\/p>\n<p><em>Speaking from ADX Florence, a maximum-security facility in Colorado, the former drug kingpin complained that his trial would have resulted in a speedy acquittal had it not been for the irritating presence of witnesses.<\/em><\/p>\n<p><em>\u201cIf I had to point to one reason why I was convicted of all of those crimes, it would have to be witnesses,\u201d he said. \u201cOnce the decision was made to include witnesses, things really went downhill for me.\u201d<\/em><\/p>\n<p>The election is 277 days away, folks.<\/p>\n<p>T\u00edch t\u1eafc.<\/p>\n<figure><img decoding=\"async\" class=\"aligncenter\" title=\"\" src=\"https:\/\/lh6.googleusercontent.com\/2rxCrh7RZRU7rSdXNtQSIrsGqP2hVqHTKWysP7kl00E-9FdPINmRa-8guYwsH36gYEcY-KPAP9--BXsngTv_cXnNosgdFlvlnnuBySzSPteihVE4rJklLxNKc-ws--V3WtAI9EF2\" alt=\"\" width=\"450\" align=\"center\" \/><\/figure>\n<p style=\"text-align: center;\">***<\/p>\n<p><a href=\"https:\/\/www.facebook.com\/groups\/72345193372\/?fref=mentions&amp;__xts__%5B0%5D=68.ARBvaiLrJ8UcRbZAX9Xz1mz8RAQ9-Y-CKn_qdlzsWsKzs4iva67yZXvu37vVdf0dHQtbm9UjYgLEJpRRZddVXZC2JzWoTEDpw2-gRzFfv4vLZ-Igd4jJYJ0W2eC2lKyc5LpuGp7I-4Mqq8BxHeXt16Aa25jrAoLGOOOVnrvtAjEN-ym7aukp79VPWQix8oobLSNoGPf5TFdOgAmXH1eFW6Y72yZpFbmRUSsDVaGYxJ-S3vYIJFuOM_eiDg_9HmUaycWoWqKU3YTLZjjALJNlc-TgF-GHuQZf5yEKeA3iDPhQWIX0dFgWpr3-SDIyCHfAEaOYBP2EddHDuydthqal4-tu5g&amp;__tn__=K-R\"><strong>\u0110\u1ea3ng vi\u00ean \u0110\u1ea3ng D\u00e2n ch\u1ee7 \u0110\u1ea1i h\u1ecdc UNO<\/strong><\/a><strong>\u00a0<\/strong>are having a forum\u00a0<strong>ng\u00e0y mai<\/strong>\u00a0featuring the CD2 Democratic congressional candidates:<strong>\u00a0Ann Ashford, Kara Eastman, Morgann Freeman,<\/strong>\u00a0v\u00e0\u00a0<strong>M\u1eebng qu\u00e1, Harrison.<\/strong><\/p>\n<p>The forum will take place from 5 p.m. to 7 p.m. in the Milo Bail Student Center Ballroom on UNO\u2019s Dodge campus. Parking is free and available in adjacent lots. To learn more about the UNO Democrats, visit their\u00a0<a href=\"https:\/\/www.facebook.com\/unodemocrats\/\"><strong>trang Facebook<\/strong><\/a>\u00a0or contact\u00a0<strong>Nathan Johnson<\/strong>, operations director, at\u00a0<a href=\"mailto:njohnshon01@unomaha.edu\"><strong>njohnshon01@unomaha.ed<\/strong>u<\/a>\u00a0or (402) 350-7270.<\/p>\n<p><strong><img decoding=\"async\" class=\"aligncenter\" title=\"\" src=\"https:\/\/lh5.googleusercontent.com\/g5DaVyS7zdFxiVGWTJQ8DJOm-EzK1i6M6esOdJG1x-rgNYaAEu7xwsUGEiM8cWbhmn2RuVaEZvR8X9zPdOWSSonHl-Xc0aY6DQVZ4rSxA25xdvyiwvYhJB3HQrO-k_eOx_SsqqW-\" alt=\"\" width=\"450\" align=\"center\" \/><\/strong><\/p>\n<p>***<\/p>\n<p>The Nebraska Democratic family lost a stalwart when<strong>\u00a0<\/strong><a href=\"https:\/\/www.wmsfh.com\/obituary\/Steven-Kile\"><strong>Steven Kile\u00a0<\/strong><\/a>died unexpectedly Jan. 25 at his home in Nelson, NE. He was 62.<\/p>\n<p>Steve had a passion for politics and served as the Nuckolls County chair for the Nebraska Democratic Party. He was a member of the Rules Committee who provided frank assessments of any issue for 14 years. He also enjoyed raising money for local, state, and national candidates.<\/p>\n<figure><img decoding=\"async\" class=\"aligncenter\" title=\"\" src=\"https:\/\/lh6.googleusercontent.com\/ZCxbIw2v96IJxZnPkoQtVGuurutVF4ENuQfYHbh_u4nxkemaj4DabymKIHiwK6W_MsYby0D-Ps7Po-QitDZhPzyUij3aEiImmZiEkb9wucQtO5Kyc8kQoJB9oF01MsO9WR-GGRmk\" alt=\"\" width=\"300\" align=\"center\" \/><\/figure>\n<p style=\"text-align: center;\">***<\/p>\n<p>The next stop on the tour for NDP Chair Jane Kleeb\u2019s new book,\u00a0<a href=\"https:\/\/www.harvestthevotebook.com\/\"><strong>\u201cThu ho\u1ea1ch l\u00e1 phi\u1ebfu: L\u00e0m th\u1ebf n\u00e0o \u0110\u1ea3ng D\u00e2n ch\u1ee7 c\u00f3 th\u1ec3 gi\u00e0nh chi\u1ebfn th\u1eafng m\u1ed9t l\u1ea7n n\u1eefa \u1edf n\u00f4ng th\u00f4n Hoa K\u1ef3,\u201d<\/strong><\/a>\u00a0is\u00a0<strong>ng\u00e0y mai<\/strong>\u00a0in Lincoln.<\/p>\n<p>Cu\u1ed1n s\u00e1ch - \u0111\u01b0\u1ee3c th\u1ef1c hi\u1ec7n trong h\u01a1n m\u1ed9t n\u0103m - \u0111\u01b0a ra m\u1ed9t l\u00fd l\u1ebd s\u00e2u r\u1ed9ng v\u1ec1 l\u00fd do t\u1ea1i sao \u0111\u1ea3ng D\u00e2n ch\u1ee7 kh\u00f4ng n\u00ean quay l\u01b0ng l\u1ea1i v\u1edbi v\u00f9ng n\u00f4ng th\u00f4n n\u01b0\u1edbc M\u1ef9, m\u1ed9t nh\u00f3m b\u1ecf phi\u1ebfu Kleeb cho bi\u1ebft t\u1eeb l\u00e2u \u0111\u00e3 b\u1ecb \u0111\u1ea3ng qu\u1ed1c gia ph\u1edbt l\u1edd v\u00e0 l\u00e3ng qu\u00ean.<\/p>\n<p>Chair Kleeb will be at the Francie &amp; Finch Bookshop,\u00a0<a href=\"https:\/\/www.google.com\/maps\/place\/130+S+13th+St,+Lincoln,+NE+68508\/@40.8129798,-96.7044967,17z\/data=!3m1!4b1!4m5!3m4!1s0x8796befc92fddaab:0xf02c103dcd5f75c7!8m2!3d40.8129798!4d-96.702308\"><strong>130 S. 13th Street, Lincoln, NE<\/strong><\/a><strong>\u00a0f<\/strong>rom 4 to 6 p.m.<\/p>\n<p><a href=\"https:\/\/www.facebook.com\/tours\/822083944914629\/\"><strong>Xem c\u00e1c \u0111i\u1ec3m d\u1eebng tham quan t\u1ea1i \u0111\u00e2y.<\/strong><\/a><\/p>\n<figure><img decoding=\"async\" class=\"aligncenter\" title=\"\" src=\"https:\/\/lh6.googleusercontent.com\/o0StW0ZiKcHz84UCewRL82Jh5lm0qaE5tII73qYmQC_556TfnHGw1c3WeVsLQEHEkmnfntyXRfd7SP6we3bHKCESe3w4EVzkXK5Yh16QhxMV77Slney9cp3DjNeVEc1pzL9lQoSc\" alt=\"\" width=\"200\" align=\"center\" \/><\/figure>\n<p style=\"text-align: center;\">***<\/p>\n<p>If you or someone you know is thinking about running for office, the Nebraska Democratic Party\u2019s guide gives you a step-by-step process to see what offices you are eligible to run for based off your address, how to see who currently holds the seat, how to file, and lastly, all the filing deadlines.<\/p>\n<p><a href=\"https:\/\/nebraskadem.wpenginepowered.com\/blog\/thinking-about-running-for-office-we-can-help\/\"><strong>XEM TH\u00caM T\u1ea0I \u0110\u00c2Y.<\/strong><\/a><\/p>\n<p>Nh\u00f3m c\u1ee7a ch\u00fang t\u00f4i lu\u00f4n c\u00f3 th\u1ec3 g\u1eb7p b\u1ea1n \u0111\u1ec3 tr\u1ea3 l\u1eddi c\u00e1c c\u00e2u h\u1ecfi v\u00e0 gi\u00fap b\u1ea1n b\u1eaft \u0111\u1ea7u. Ch\u1ec9 c\u1ea7n g\u1eedi email\u00a0<a href=\"mailto:info@nebraskademocrats.org\"><strong>info@nebraskademocrats.org<\/strong><\/a>\u00a0v\u00e0 m\u1ed9t th\u00e0nh vi\u00ean trong nh\u00f3m s\u1ebd li\u00ean h\u1ec7 l\u1ea1i v\u1edbi b\u1ea1n.<\/p>\n<figure><img decoding=\"async\" class=\"aligncenter\" title=\"\" src=\"https:\/\/lh5.googleusercontent.com\/94aagyutEITLJCoqcSRaXq6vMR9lXxIRUAKxHgPqIBay4RTMSQGicVcGT386F56Hq6hjpJ1SjP5Q4Pzd7QcE-6go5Ks0HQEbiKgAWyYmRoS8IzbMFQ8YyhgCzWRHzYO3hdV2lLl6\" alt=\"\" width=\"400\" align=\"center\" \/><\/figure>\n<p style=\"text-align: center;\">***<\/p>\n<p>\u1ee6y ban Qu\u1ed1c gia \u0110\u1ea3ng D\u00e2n ch\u1ee7 \u0111\u00e3 ph\u00ea duy\u1ec7t K\u1ebf ho\u1ea1ch l\u1ef1a ch\u1ecdn \u0110\u1ea1i bi\u1ec3u c\u1ee7a NDP cho H\u1ed9i ngh\u1ecb Qu\u1ed1c gia D\u00e2n ch\u1ee7 n\u0103m 2020.<\/p>\n<p>NDP s\u1ebd g\u1eedi\u00a0<strong>33 \u0111\u1ea1i bi\u1ec3u tham d\u1ef1 \u0111\u1ea1i h\u1ed9i to\u00e0n qu\u1ed1c<\/strong>\u00a0\u1edf Milwaukee.<\/p>\n<p>C\u00e1c \u0111\u1ea1i bi\u1ec3u t\u1ef1 \u0111\u1ed9ng l\u00e0 Ch\u1ee7 t\u1ecbch NDP<strong>Kleeb<\/strong>, Ph\u00f3 ch\u1ee7 t\u1ecbch \u0111\u1ea7u ti\u00ean\u00a0<strong>Richard \u0110\u0103ng k\u00fd<\/strong>, Ng\u01b0\u1eddi cam k\u1ebft qu\u1ed1c gia\u00a0<strong>Ron Kaminski<\/strong>v\u00e0 ng\u01b0\u1eddi gi\u00e1m \u0111\u1ecbnh qu\u1ed1c gia\u00a0<strong>Patty Zieg<\/strong>.<\/p>\n<p>Th\u00eam 29 \u0111\u1ea1i bi\u1ec3u qu\u1ed1c gia s\u1ebd \u0111\u01b0\u1ee3c ch\u1ecdn t\u1ea1i H\u1ed9i ngh\u1ecb Nh\u00e0 n\u01b0\u1edbc NDP, s\u1ebd \u0111\u01b0\u1ee3c t\u1ed5 ch\u1ee9c\u00a0<strong>Ng\u00e0y 5-7 th\u00e1ng 6 t\u1ea1i Omaha t\u1ea1i Downtown Marriott.<\/strong><\/p>\n<p><a href=\"https:\/\/nebraskadem.wpenginepowered.com\/blog\/how-to-become-a-delegate-to-the-2020-democratic-national-convention\/\"><strong>\u0110\u1ecdc DSP t\u1ea1i \u0111\u00e2y<\/strong><\/a>\u00a0v\u00e0 xem l\u00e0m th\u1ebf n\u00e0o \u0111\u1ec3 tr\u1edf th\u00e0nh m\u1ed9t \u0111\u1ea1i bi\u1ec3u.<\/p>\n<p>Ngo\u00e0i ra, ch\u00fang t\u00f4i \u0111ang ti\u1ebfn h\u00e0nh\u00a0<a href=\"https:\/\/nebraskadem.wpenginepowered.com\/blog\/ndp-offering-delegate-101-training\/\"><strong>\u1ee6y quy\u1ec1n 101 kh\u00f3a \u0111\u00e0o t\u1ea1o<\/strong><\/a>\u00a0tr\u00ean to\u00e0n ti\u1ec3u bang \u0111\u1ec3 m\u1ecdi ng\u01b0\u1eddi t\u00ecm hi\u1ec3u quy tr\u00ecnh tr\u1edf th\u00e0nh \u0111\u1ea1i bi\u1ec3u.<\/p>\n<figure><img decoding=\"async\" class=\"aligncenter\" title=\"\" src=\"https:\/\/lh4.googleusercontent.com\/3bAQ3X_uBXWgPlvcW0JVBZ78c5N2TIQKFe2JmTvtLflsH_wi_Qw3B6u24TCKtfF4g28tYNRHAUXQc1xvF878O6ZJmm-7LQJbxiGHwSkwLMmmoIWDiLAWzbLsanYt98ophZ2RV_0M\" alt=\"\" width=\"350\" align=\"center\" \/><\/figure>\n<p style=\"text-align: center;\">***<\/p>\n<p><strong>Pierce County Democrats<\/strong>\u00a0are hosting an organizational meeting at 7 p.m.,\u00a0<strong>Feb. 6<\/strong>\u00a0at the Carnegie Library in Pierce.<\/p>\n<p>Below is Chair Theobald&#8217;s creative ad he placed in the local newspaper.<\/p>\n<p>For more information, email Paul at:\u00a0<a href=\"mailto:ptheobald36@gmail.com\">ptheobald36@gmail.com<\/a><\/p>\n<p>Hy v\u1ecdng s\u1ebd g\u1eb7p b\u1ea1n \u1edf \u0111\u00f3!<\/p>\n<p><img decoding=\"async\" class=\"aligncenter\" src=\"https:\/\/can2-prod.s3.amazonaws.com\/uploads\/data\/000\/365\/314\/original\/Paul.png\" width=\"791\" \/><\/p>\n<p style=\"text-align: center;\">***<\/p>\n<p>H\u00e3y nh\u1edb y\u00eau c\u1ea7u \u0111\u01a1n \u0111\u0103ng k\u00fd B\u1ecf phi\u1ebfu b\u1eb1ng Th\u01b0 n\u1ebfu b\u1ea1n mu\u1ed1n b\u1ecf phi\u1ebfu t\u1ea1i nh\u00e0 trong Cu\u1ed9c B\u1ea7u c\u1eed S\u01a1 b\u1ed9 ng\u00e0y 12 th\u00e1ng N\u0103m. Ch\u00fang t\u00f4i c\u00f3 t\u1ea5t c\u1ea3 c\u00e1c li\u00ean k\u1ebft \u0111\u1ebfn c\u00e1c bi\u1ec3u m\u1eabu v\u00e0 ng\u00e0y \u0111\u0103ng k\u00fd c\u1eed tri, v.v. tr\u00ean\u00a0<a href=\"https:\/\/nebraskadem.wpenginepowered.com\/voting-center\/\"><strong>Trung t\u00e2m bi\u1ec3u quy\u1ebft.<\/strong><\/a><\/p>\n<p><img decoding=\"async\" class=\"aligncenter\" title=\"\" src=\"https:\/\/lh6.googleusercontent.com\/LpQVSL_EgNcDfl6Q4VcLwWzbsbQQKjgCADy-x8VG4JJVbK2Re2JXPD8dYbbphlFmEpJzlI_s58Cykp2HzXTEW8p4oLYeEkpjFXucnrTmzPLBQj8RMgYO-JKLD4llDtC3cKK9yNdF\" alt=\"\" width=\"350\" align=\"center\" \/><\/p>\n<p style=\"text-align: center;\">***<\/p>\n<p>NDP \u0111ang t\u00ecm ki\u1ebfm m\u1ed9t Gi\u00e1m \u0111\u1ed1c T\u00e0i ch\u00ednh!<\/p>\n<p>N\u1ebfu b\u1ea1n ho\u1eb7c ai \u0111\u00f3 b\u1ea1n bi\u1ebft c\u00f3 th\u1ec3 quan t\u00e2m,\u00a0<a href=\"https:\/\/nebraskadem.wpenginepowered.com\/wp-content\/uploads\/2020\/01\/Nebraska-Director-of-Finance-and-Operations-2.pdf\"><strong>\u0111\u00e2y l\u00e0 c\u00e1ch \u0111\u0103ng k\u00fd.<\/strong><\/a><\/p>\n<figure><strong><img decoding=\"async\" class=\"aligncenter\" title=\"\" src=\"https:\/\/lh3.googleusercontent.com\/E8xruNex65COc-bXstI2BaEKhzn6TD70arVFRpM3d5xB-1mGhKDmfo_JkDv5qrsk1VypK0SPRdGRW0R20iOLmw8ugxNYDLHat2JXUI1ewIqiqzlx8NLrv3NVZIPi1TEs1pgPd6YJ\" alt=\"\" width=\"400\" align=\"center\" \/><\/strong><\/figure>\n<p style=\"text-align: center;\">***<\/p>\n<p>Ch\u00fang t\u00f4i \u0111\u1ec3 l\u1ea1i cho b\u1ea1n tu\u1ea7n n\u00e0y v\u1edbi m\u1ed9t k\u1ebft xu\u1ea5t b\u1eb1ng\u00a0<strong>Tom Toles<\/strong>\u00a0of the Washington Post on the aforementioned impeachment trial, with a focus on Trump\u2019s former national security advisor John Bolton, who offered to testify at the Senate hearing.<\/p>\n<p><img decoding=\"async\" class=\"aligncenter\" title=\"\" src=\"https:\/\/lh4.googleusercontent.com\/GO0UbbyUj7CCaBBG-lI4hDP6qwYrszxbOuqHpEVDvHzY2MY6UJ9gflhVL3a11g9f9aUVm_r5x78D567KxASYiVieZN56rsL6sCMGAY1Bi9Ytln1Zwc6_vPCFqZKhKBaCiDC7XWzq\" alt=\"\" width=\"450\" align=\"center\" \/><\/p>\n<p>\u2013By Kevin O&#039;Hanlon \/ Gi\u00e1m \u0111\u1ed1c Truy\u1ec1n th\u00f4ng NDP<\/p>\n<p><strong>GHI CH\u00da:<\/strong>\u00a0N\u1ebfu b\u1ea1n mu\u1ed1n nh\u1eadn Tin t\u1ee9c #NebDems qua email, ch\u1ec9 c\u1ea7n cho ch\u00fang t\u00f4i bi\u1ebft b\u1eb1ng c\u00e1ch g\u1eedi ghi ch\u00fa \u0111\u1ebfn:\u00a0<a href=\"mailto:info@nebraskademocrats.org\"><strong>info@nebraskademocrats.org<\/strong><\/a><\/p>\n<p style=\"text-align: center;\">###<\/p>\n<p><strong>NH\u1eeeNG NG\u00c0Y QUAN TR\u1eccNG<\/strong><\/p>\n<p><strong>Ng\u00e0y 1 th\u00e1ng 2:\u00a0<\/strong><a href=\"https:\/\/www.facebook.com\/unodemocrats\/photos\/gm.466252277619980\/2295559344076777\/?type=3&amp;theater\">Di\u1ec5n \u0111\u00e0n \u1ee9ng c\u1eed vi\u00ean CD2 c\u1ee7a \u0110\u1ea3ng D\u00e2n ch\u1ee7 \u0110\u1ea1i h\u1ecdc UNO<\/a><\/p>\n<p><strong>Ng\u00e0y 1 th\u00e1ng 2:<\/strong>\u00a0<a href=\"https:\/\/www.facebook.com\/events\/2870409236351321\/\">\u201cHarvest the Vote\u201d book signing in Lincoln with NDP Chair Jane Kleeb<\/a><\/p>\n<p><strong>Ng\u00e0y 5 th\u00e1ng 2:\u00a0<\/strong><a href=\"https:\/\/www.facebook.com\/events\/1233357173526892\/\">\u1ee6y nhi\u1ec7m 101 \u0110\u00e0o t\u1ea1o \u1edf Wayne (v\u1edbi cu\u1ed9c h\u1ecdp c\u1ee7a \u0110\u1ea3ng vi\u00ean \u0110\u1ea3ng D\u00e2n ch\u1ee7 Qu\u1eadn Wayne)<\/a><\/p>\n<p><strong>Ng\u00e0y 9 th\u00e1ng 2:\u00a0<\/strong><a href=\"https:\/\/nebraskadem.wpenginepowered.com\/event\/delegate-101-training-4\/\">\u1ee6y nhi\u1ec7m 101 \u0110\u00e0o t\u1ea1o \u1edf Lincoln<\/a><\/p>\n<p><strong>Ng\u00e0y 9 th\u00e1ng 2:\u00a0<\/strong><a href=\"https:\/\/www.facebook.com\/events\/2748785108511545\/\">\u1ee6y nhi\u1ec7m 101 Hu\u1ea5n luy\u1ec7n \u1edf \u0110\u1ea3o Grand<\/a><\/p>\n<p><strong>Ng\u00e0y 18 th\u00e1ng 2:<\/strong>\u00a0<a href=\"https:\/\/www.facebook.com\/events\/474889413192672\/\">\u1ee6y nhi\u1ec7m 101 \u0110\u00e0o t\u1ea1o v\u1edbi \u0110\u1ea3ng vi\u00ean \u0110\u1ea3ng D\u00e2n ch\u1ee7 \u0110\u1ea1i h\u1ecdc \u1edf Omaha<\/a><\/p>\n<p><strong>Ng\u00e0y 29 th\u00e1ng 2:<\/strong>\u00a0<a href=\"https:\/\/nebraskadem.wpenginepowered.com\/event\/block-captain-training-leap-into-the-2020-elections\/\">\u0110\u00e0o t\u1ea1o \u0110\u1ed9i tr\u01b0\u1edfng Kh\u1ed1i: B\u01b0\u1edbc v\u00e0o Cu\u1ed9c b\u1ea7u c\u1eed n\u0103m 2020!<\/a><\/p>\n<div><\/div>","protected":false},"excerpt":{"rendered":"<p>We all got schooled this week during the Senate Impeachment trial by Trump Legal Team Honcho\u00a0Alan \u201cBig Al\u201d\u00a0Dershowitz. Arguing that there are three possible motives for a president to engage in a quid pro quo in foreign policy &#8212; personal interest, public interest, and financial interest &#8212;\u00a0Dershowitz submitted\u00a0that a president withholding money to a foreign &#8230; <a title=\"Big Al&#8217;s Bull and more &#8212; #NebDems News\" class=\"read-more\" href=\"https:\/\/nebraskademocrats.org\/vi\/blog\/big-als-bull-and-more-nebdems-news\/\" aria-label=\"More on Big Al&#8217;s Bull and more &#8212; #NebDems News\">\u0110\u1ecdc th\u00eam<\/a><\/p>","protected":false},"author":19,"featured_media":0,"comment_status":"closed","ping_status":"closed","sticky":false,"template":"","format":"standard","meta":{"_acf_changed":false,"_exactmetrics_skip_tracking":false,"_exactmetrics_sitenote_active":false,"_exactmetrics_sitenote_note":"","_exactmetrics_sitenote_category":0,"footnotes":""},"categories":[1],"tags":[],"class_list":["post-11556","post","type-post","status-publish","format-standard","hentry","category-blog"],"acf":[],"yoast_head":"<!-- This site is optimized with the Yoast SEO plugin v27.4 - https:\/\/yoast.com\/product\/yoast-seo-wordpress\/ -->\n<title>Big Al&#039;s Bull and more -- #NebDems News &#8211; Nebraska Democratic Party<\/title>\n<meta name=\"robots\" content=\"index, follow, max-snippet:-1, max-image-preview:large, max-video-preview:-1\" \/>\n<link rel=\"canonical\" href=\"https:\/\/nebraskademocrats.org\/vi\/blog\/big-als-bull-and-more-nebdems-news\/\" \/>\n<meta property=\"og:locale\" content=\"vi_VN\" \/>\n<meta property=\"og:type\" content=\"article\" \/>\n<meta property=\"og:title\" content=\"Big Al&#039;s Bull and more -- #NebDems News &#8211; Nebraska Democratic Party\" \/>\n<meta property=\"og:description\" content=\"We all got schooled this week during the Senate Impeachment trial by Trump Legal Team Honcho\u00a0Alan \u201cBig Al\u201d\u00a0Dershowitz. Arguing that there are three possible motives for a president to engage in a quid pro quo in foreign policy &#8212; personal interest, public interest, and financial interest &#8212;\u00a0Dershowitz submitted\u00a0that a president withholding money to a foreign ... Read more\" \/>\n<meta property=\"og:url\" content=\"https:\/\/nebraskademocrats.org\/vi\/blog\/big-als-bull-and-more-nebdems-news\/\" \/>\n<meta property=\"og:site_name\" content=\"Nebraska Democratic Party\" \/>\n<meta property=\"article:publisher\" content=\"https:\/\/www.facebook.com\/NebraskaDemocraticParty\/\" \/>\n<meta property=\"article:published_time\" content=\"2020-01-31T19:36:22+00:00\" \/>\n<meta property=\"article:modified_time\" content=\"2020-01-31T21:57:54+00:00\" \/>\n<meta property=\"og:image\" content=\"https:\/\/nebraskadem.wpenginepowered.com\/wp-content\/uploads\/2018\/12\/NebDems-News-4-300x167.png\" \/>\n<meta name=\"author\" content=\"Precious McKesson\" \/>\n<meta name=\"twitter:card\" content=\"summary_large_image\" \/>\n<meta name=\"twitter:creator\" content=\"@nebraskadems\" \/>\n<meta name=\"twitter:site\" content=\"@nebraskadems\" \/>\n<meta name=\"twitter:label1\" content=\"\u0110\u01b0\u1ee3c vi\u1ebft b\u1edfi\" \/>\n\t<meta name=\"twitter:data1\" content=\"Precious McKesson\" \/>\n\t<meta name=\"twitter:label2\" content=\"\u01af\u1edbc t\u00ednh th\u1eddi gian \u0111\u1ecdc\" \/>\n\t<meta name=\"twitter:data2\" content=\"5 ph\u00fat\" \/>\n<script type=\"application\/ld+json\" class=\"yoast-schema-graph\">{\"@context\":\"https:\\\/\\\/schema.org\",\"@graph\":[{\"@type\":\"Article\",\"@id\":\"https:\\\/\\\/nebraskademocrats.org\\\/blog\\\/big-als-bull-and-more-nebdems-news\\\/#article\",\"isPartOf\":{\"@id\":\"https:\\\/\\\/nebraskademocrats.org\\\/blog\\\/big-als-bull-and-more-nebdems-news\\\/\"},\"author\":{\"name\":\"Precious McKesson\",\"@id\":\"https:\\\/\\\/nebraskademocrats.org\\\/#\\\/schema\\\/person\\\/33e011ea0795f404810dc40828bcf289\"},\"headline\":\"Big Al&#8217;s Bull and more &#8212; #NebDems News\",\"datePublished\":\"2020-01-31T19:36:22+00:00\",\"dateModified\":\"2020-01-31T21:57:54+00:00\",\"mainEntityOfPage\":{\"@id\":\"https:\\\/\\\/nebraskademocrats.org\\\/blog\\\/big-als-bull-and-more-nebdems-news\\\/\"},\"wordCount\":939,\"publisher\":{\"@id\":\"https:\\\/\\\/nebraskademocrats.org\\\/#organization\"},\"image\":{\"@id\":\"https:\\\/\\\/nebraskademocrats.org\\\/blog\\\/big-als-bull-and-more-nebdems-news\\\/#primaryimage\"},\"thumbnailUrl\":\"https:\\\/\\\/nebraskadem.wpenginepowered.com\\\/wp-content\\\/uploads\\\/2018\\\/12\\\/NebDems-News-4-300x167.png\",\"articleSection\":[\"NDP Blog\"],\"inLanguage\":\"vi\"},{\"@type\":\"WebPage\",\"@id\":\"https:\\\/\\\/nebraskademocrats.org\\\/blog\\\/big-als-bull-and-more-nebdems-news\\\/\",\"url\":\"https:\\\/\\\/nebraskademocrats.org\\\/blog\\\/big-als-bull-and-more-nebdems-news\\\/\",\"name\":\"Big Al's Bull and more -- #NebDems News &#8211; Nebraska Democratic Party\",\"isPartOf\":{\"@id\":\"https:\\\/\\\/nebraskademocrats.org\\\/#website\"},\"primaryImageOfPage\":{\"@id\":\"https:\\\/\\\/nebraskademocrats.org\\\/blog\\\/big-als-bull-and-more-nebdems-news\\\/#primaryimage\"},\"image\":{\"@id\":\"https:\\\/\\\/nebraskademocrats.org\\\/blog\\\/big-als-bull-and-more-nebdems-news\\\/#primaryimage\"},\"thumbnailUrl\":\"https:\\\/\\\/nebraskadem.wpenginepowered.com\\\/wp-content\\\/uploads\\\/2018\\\/12\\\/NebDems-News-4-300x167.png\",\"datePublished\":\"2020-01-31T19:36:22+00:00\",\"dateModified\":\"2020-01-31T21:57:54+00:00\",\"breadcrumb\":{\"@id\":\"https:\\\/\\\/nebraskademocrats.org\\\/blog\\\/big-als-bull-and-more-nebdems-news\\\/#breadcrumb\"},\"inLanguage\":\"vi\",\"potentialAction\":[{\"@type\":\"ReadAction\",\"target\":[\"https:\\\/\\\/nebraskademocrats.org\\\/blog\\\/big-als-bull-and-more-nebdems-news\\\/\"]}]},{\"@type\":\"ImageObject\",\"inLanguage\":\"vi\",\"@id\":\"https:\\\/\\\/nebraskademocrats.org\\\/blog\\\/big-als-bull-and-more-nebdems-news\\\/#primaryimage\",\"url\":\"https:\\\/\\\/nebraskadem.wpenginepowered.com\\\/wp-content\\\/uploads\\\/2018\\\/12\\\/NebDems-News-4-300x167.png\",\"contentUrl\":\"https:\\\/\\\/nebraskadem.wpenginepowered.com\\\/wp-content\\\/uploads\\\/2018\\\/12\\\/NebDems-News-4-300x167.png\"},{\"@type\":\"BreadcrumbList\",\"@id\":\"https:\\\/\\\/nebraskademocrats.org\\\/blog\\\/big-als-bull-and-more-nebdems-news\\\/#breadcrumb\",\"itemListElement\":[{\"@type\":\"ListItem\",\"position\":1,\"name\":\"Home\",\"item\":\"https:\\\/\\\/nebraskademocrats.org\\\/\"},{\"@type\":\"ListItem\",\"position\":2,\"name\":\"Big Al&#8217;s Bull and more &#8212; #NebDems News\"}]},{\"@type\":\"WebSite\",\"@id\":\"https:\\\/\\\/nebraskademocrats.org\\\/#website\",\"url\":\"https:\\\/\\\/nebraskademocrats.org\\\/\",\"name\":\"Nebraska Democratic Party\",\"description\":\"Growing the Good Life for All Nebraskans\",\"publisher\":{\"@id\":\"https:\\\/\\\/nebraskademocrats.org\\\/#organization\"},\"potentialAction\":[{\"@type\":\"SearchAction\",\"target\":{\"@type\":\"EntryPoint\",\"urlTemplate\":\"https:\\\/\\\/nebraskademocrats.org\\\/?s={search_term_string}\"},\"query-input\":{\"@type\":\"PropertyValueSpecification\",\"valueRequired\":true,\"valueName\":\"search_term_string\"}}],\"inLanguage\":\"vi\"},{\"@type\":\"Organization\",\"@id\":\"https:\\\/\\\/nebraskademocrats.org\\\/#organization\",\"name\":\"Nebraska Democratic Party\",\"url\":\"https:\\\/\\\/nebraskademocrats.org\\\/\",\"logo\":{\"@type\":\"ImageObject\",\"inLanguage\":\"vi\",\"@id\":\"https:\\\/\\\/nebraskademocrats.org\\\/#\\\/schema\\\/logo\\\/image\\\/\",\"url\":\"https:\\\/\\\/nebraskadem.wpenginepowered.com\\\/wp-content\\\/uploads\\\/2016\\\/05\\\/NDP2.jpg\",\"contentUrl\":\"https:\\\/\\\/nebraskadem.wpenginepowered.com\\\/wp-content\\\/uploads\\\/2016\\\/05\\\/NDP2.jpg\",\"width\":1000,\"height\":396,\"caption\":\"Nebraska Democratic Party\"},\"image\":{\"@id\":\"https:\\\/\\\/nebraskademocrats.org\\\/#\\\/schema\\\/logo\\\/image\\\/\"},\"sameAs\":[\"https:\\\/\\\/www.facebook.com\\\/NebraskaDemocraticParty\\\/\",\"https:\\\/\\\/x.com\\\/nebraskadems\"]},{\"@type\":\"Person\",\"@id\":\"https:\\\/\\\/nebraskademocrats.org\\\/#\\\/schema\\\/person\\\/33e011ea0795f404810dc40828bcf289\",\"name\":\"Precious McKesson\",\"image\":{\"@type\":\"ImageObject\",\"inLanguage\":\"vi\",\"@id\":\"https:\\\/\\\/secure.gravatar.com\\\/avatar\\\/35046e19b3373116ec64c07d386d3312028d3820dc0ffe65c344bcebc8ea9194?s=96&d=mm&r=g\",\"url\":\"https:\\\/\\\/secure.gravatar.com\\\/avatar\\\/35046e19b3373116ec64c07d386d3312028d3820dc0ffe65c344bcebc8ea9194?s=96&d=mm&r=g\",\"contentUrl\":\"https:\\\/\\\/secure.gravatar.com\\\/avatar\\\/35046e19b3373116ec64c07d386d3312028d3820dc0ffe65c344bcebc8ea9194?s=96&d=mm&r=g\",\"caption\":\"Precious McKesson\"}}]}<\/script>\n<!-- \/ Yoast SEO plugin. -->","yoast_head_json":{"title":"Big Al's Bull and more -- #NebDems News &#8211; Nebraska Democratic Party","robots":{"index":"index","follow":"follow","max-snippet":"max-snippet:-1","max-image-preview":"max-image-preview:large","max-video-preview":"max-video-preview:-1"},"canonical":"https:\/\/nebraskademocrats.org\/vi\/blog\/big-als-bull-and-more-nebdems-news\/","og_locale":"vi_VN","og_type":"article","og_title":"Big Al's Bull and more -- #NebDems News &#8211; Nebraska Democratic Party","og_description":"We all got schooled this week during the Senate Impeachment trial by Trump Legal Team Honcho\u00a0Alan \u201cBig Al\u201d\u00a0Dershowitz. Arguing that there are three possible motives for a president to engage in a quid pro quo in foreign policy &#8212; personal interest, public interest, and financial interest &#8212;\u00a0Dershowitz submitted\u00a0that a president withholding money to a foreign ... Read more","og_url":"https:\/\/nebraskademocrats.org\/vi\/blog\/big-als-bull-and-more-nebdems-news\/","og_site_name":"Nebraska Democratic Party","article_publisher":"https:\/\/www.facebook.com\/NebraskaDemocraticParty\/","article_published_time":"2020-01-31T19:36:22+00:00","article_modified_time":"2020-01-31T21:57:54+00:00","og_image":[{"url":"https:\/\/nebraskadem.wpenginepowered.com\/wp-content\/uploads\/2018\/12\/NebDems-News-4-300x167.png","type":"","width":"","height":""}],"author":"Precious McKesson","twitter_card":"summary_large_image","twitter_creator":"@nebraskadems","twitter_site":"@nebraskadems","twitter_misc":{"\u0110\u01b0\u1ee3c vi\u1ebft b\u1edfi":"Precious McKesson","\u01af\u1edbc t\u00ednh th\u1eddi gian \u0111\u1ecdc":"5 ph\u00fat"},"schema":{"@context":"https:\/\/schema.org","@graph":[{"@type":"Article","@id":"https:\/\/nebraskademocrats.org\/blog\/big-als-bull-and-more-nebdems-news\/#article","isPartOf":{"@id":"https:\/\/nebraskademocrats.org\/blog\/big-als-bull-and-more-nebdems-news\/"},"author":{"name":"Precious McKesson","@id":"https:\/\/nebraskademocrats.org\/#\/schema\/person\/33e011ea0795f404810dc40828bcf289"},"headline":"Big Al&#8217;s Bull and more &#8212; #NebDems News","datePublished":"2020-01-31T19:36:22+00:00","dateModified":"2020-01-31T21:57:54+00:00","mainEntityOfPage":{"@id":"https:\/\/nebraskademocrats.org\/blog\/big-als-bull-and-more-nebdems-news\/"},"wordCount":939,"publisher":{"@id":"https:\/\/nebraskademocrats.org\/#organization"},"image":{"@id":"https:\/\/nebraskademocrats.org\/blog\/big-als-bull-and-more-nebdems-news\/#primaryimage"},"thumbnailUrl":"https:\/\/nebraskadem.wpenginepowered.com\/wp-content\/uploads\/2018\/12\/NebDems-News-4-300x167.png","articleSection":["NDP Blog"],"inLanguage":"vi"},{"@type":"WebPage","@id":"https:\/\/nebraskademocrats.org\/blog\/big-als-bull-and-more-nebdems-news\/","url":"https:\/\/nebraskademocrats.org\/blog\/big-als-bull-and-more-nebdems-news\/","name":"Big Al's Bull and more -- #NebDems News &#8211; Nebraska Democratic Party","isPartOf":{"@id":"https:\/\/nebraskademocrats.org\/#website"},"primaryImageOfPage":{"@id":"https:\/\/nebraskademocrats.org\/blog\/big-als-bull-and-more-nebdems-news\/#primaryimage"},"image":{"@id":"https:\/\/nebraskademocrats.org\/blog\/big-als-bull-and-more-nebdems-news\/#primaryimage"},"thumbnailUrl":"https:\/\/nebraskadem.wpenginepowered.com\/wp-content\/uploads\/2018\/12\/NebDems-News-4-300x167.png","datePublished":"2020-01-31T19:36:22+00:00","dateModified":"2020-01-31T21:57:54+00:00","breadcrumb":{"@id":"https:\/\/nebraskademocrats.org\/blog\/big-als-bull-and-more-nebdems-news\/#breadcrumb"},"inLanguage":"vi","potentialAction":[{"@type":"ReadAction","target":["https:\/\/nebraskademocrats.org\/blog\/big-als-bull-and-more-nebdems-news\/"]}]},{"@type":"ImageObject","inLanguage":"vi","@id":"https:\/\/nebraskademocrats.org\/blog\/big-als-bull-and-more-nebdems-news\/#primaryimage","url":"https:\/\/nebraskadem.wpenginepowered.com\/wp-content\/uploads\/2018\/12\/NebDems-News-4-300x167.png","contentUrl":"https:\/\/nebraskadem.wpenginepowered.com\/wp-content\/uploads\/2018\/12\/NebDems-News-4-300x167.png"},{"@type":"BreadcrumbList","@id":"https:\/\/nebraskademocrats.org\/blog\/big-als-bull-and-more-nebdems-news\/#breadcrumb","itemListElement":[{"@type":"ListItem","position":1,"name":"Home","item":"https:\/\/nebraskademocrats.org\/"},{"@type":"ListItem","position":2,"name":"Big Al&#8217;s Bull and more &#8212; #NebDems News"}]},{"@type":"WebSite","@id":"https:\/\/nebraskademocrats.org\/#website","url":"https:\/\/nebraskademocrats.org\/","name":"Nebraska Democratic Party","description":"Ph\u00e1t tri\u1ec3n cu\u1ed9c s\u1ed1ng t\u1ed1t \u0111\u1eb9p cho t\u1ea5t c\u1ea3 Nebraskans","publisher":{"@id":"https:\/\/nebraskademocrats.org\/#organization"},"potentialAction":[{"@type":"SearchAction","target":{"@type":"EntryPoint","urlTemplate":"https:\/\/nebraskademocrats.org\/?s={search_term_string}"},"query-input":{"@type":"PropertyValueSpecification","valueRequired":true,"valueName":"search_term_string"}}],"inLanguage":"vi"},{"@type":"Organization","@id":"https:\/\/nebraskademocrats.org\/#organization","name":"Nebraska Democratic Party","url":"https:\/\/nebraskademocrats.org\/","logo":{"@type":"ImageObject","inLanguage":"vi","@id":"https:\/\/nebraskademocrats.org\/#\/schema\/logo\/image\/","url":"https:\/\/nebraskadem.wpenginepowered.com\/wp-content\/uploads\/2016\/05\/NDP2.jpg","contentUrl":"https:\/\/nebraskadem.wpenginepowered.com\/wp-content\/uploads\/2016\/05\/NDP2.jpg","width":1000,"height":396,"caption":"Nebraska Democratic Party"},"image":{"@id":"https:\/\/nebraskademocrats.org\/#\/schema\/logo\/image\/"},"sameAs":["https:\/\/www.facebook.com\/NebraskaDemocraticParty\/","https:\/\/x.com\/nebraskadems"]},{"@type":"Person","@id":"https:\/\/nebraskademocrats.org\/#\/schema\/person\/33e011ea0795f404810dc40828bcf289","name":"McKesson qu\u00fd gi\u00e1","image":{"@type":"ImageObject","inLanguage":"vi","@id":"https:\/\/secure.gravatar.com\/avatar\/35046e19b3373116ec64c07d386d3312028d3820dc0ffe65c344bcebc8ea9194?s=96&d=mm&r=g","url":"https:\/\/secure.gravatar.com\/avatar\/35046e19b3373116ec64c07d386d3312028d3820dc0ffe65c344bcebc8ea9194?s=96&d=mm&r=g","contentUrl":"https:\/\/secure.gravatar.com\/avatar\/35046e19b3373116ec64c07d386d3312028d3820dc0ffe65c344bcebc8ea9194?s=96&d=mm&r=g","caption":"Precious McKesson"}}]}},"_links":{"self":[{"href":"https:\/\/nebraskademocrats.org\/vi\/wp-json\/wp\/v2\/posts\/11556","targetHints":{"allow":["GET"]}}],"collection":[{"href":"https:\/\/nebraskademocrats.org\/vi\/wp-json\/wp\/v2\/posts"}],"about":[{"href":"https:\/\/nebraskademocrats.org\/vi\/wp-json\/wp\/v2\/types\/post"}],"author":[{"embeddable":true,"href":"https:\/\/nebraskademocrats.org\/vi\/wp-json\/wp\/v2\/users\/19"}],"replies":[{"embeddable":true,"href":"https:\/\/nebraskademocrats.org\/vi\/wp-json\/wp\/v2\/comments?post=11556"}],"version-history":[{"count":0,"href":"https:\/\/nebraskademocrats.org\/vi\/wp-json\/wp\/v2\/posts\/11556\/revisions"}],"wp:attachment":[{"href":"https:\/\/nebraskademocrats.org\/vi\/wp-json\/wp\/v2\/media?parent=11556"}],"wp:term":[{"taxonomy":"category","embeddable":true,"href":"https:\/\/nebraskademocrats.org\/vi\/wp-json\/wp\/v2\/categories?post=11556"},{"taxonomy":"post_tag","embeddable":true,"href":"https:\/\/nebraskademocrats.org\/vi\/wp-json\/wp\/v2\/tags?post=11556"}],"curies":[{"name":"wp","href":"https:\/\/api.w.org\/{rel}","templated":true}]}}