{"id":1187,"date":"2015-10-28T03:05:38","date_gmt":"2015-10-28T03:05:38","guid":{"rendered":"http:\/\/nebraska.precisionnewmedia.com\/?p=1187"},"modified":"2016-08-16T03:06:03","modified_gmt":"2016-08-16T03:06:03","slug":"democratic-presidential-candidates-on-environmental-issues","status":"publish","type":"post","link":"https:\/\/nebraskademocrats.org\/vi\/blog\/democratic-presidential-candidates-on-environmental-issues\/","title":{"rendered":"C\u00e1c \u1ee9ng c\u1eed vi\u00ean t\u1ed5ng th\u1ed1ng c\u1ee7a \u0111\u1ea3ng D\u00e2n ch\u1ee7 v\u1ec1 c\u00e1c v\u1ea5n \u0111\u1ec1 m\u00f4i tr\u01b0\u1eddng"},"content":{"rendered":"<p class=\"p1\"><span class=\"s1\">M\u1ed9t trong nh\u1eefng v\u1ea5n \u0111\u1ec1 l\u1edbn nh\u1ea5t c\u1ee7a cu\u1ed9c ch\u1ea1y \u0111ua cho s\u1ef1 \u0111\u1ec1 c\u1eed c\u1ee7a \u0111\u1ea3ng D\u00e2n ch\u1ee7 l\u00e0 l\u1eadp tr\u01b0\u1eddng c\u1ee7a c\u00e1c \u1ee9ng c\u1eed vi\u00ean v\u1ec1 ch\u00ednh s\u00e1ch m\u00f4i tr\u01b0\u1eddng. \u0110i\u1ec1u n\u00e0y kh\u00f4ng ch\u1ec9 b\u1edfi v\u00ec ng\u01b0\u1eddi M\u1ef9 g\u1ea7n \u0111\u00e2y \u0111\u00e3 n\u00f3i r\u00f5 r\u1eb1ng h\u1ecd mu\u1ed1n t\u1ed5ng th\u1ed1ng ti\u1ebfp theo c\u1ee7a h\u1ecd c\u00f3 l\u1eadp tr\u01b0\u1eddng m\u1ea1nh m\u1ebd v\u1ec1 m\u00f4i tr\u01b0\u1eddng, m\u00e0 c\u00f2n b\u1edfi v\u00ec ph\u1ea7n l\u1edbn ti\u1ec1n trong ch\u00ednh tr\u1ecb c\u1ee7a \u0111\u1ea3ng D\u00e2n ch\u1ee7 g\u1eafn li\u1ec1n v\u1edbi ch\u00ednh s\u00e1ch m\u00f4i tr\u01b0\u1eddng. T\u1ef7 ph\u00fa nh\u00e0 m\u00f4i tr\u01b0\u1eddng Tom Steyer th\u1eadm ch\u00ed \u0111\u00e3 \u0111\u01b0a ra m\u1ed9t danh s\u00e1ch c\u00e1c ti\u00eau chu\u1ea9n t\u1ed1i thi\u1ec3u c\u00f3 th\u1ec3 ch\u1ea5p nh\u1eadn \u0111\u01b0\u1ee3c cho \u1ee9ng vi\u00ean m\u00e0 \u00f4ng \u0111\u00e3 ch\u1ecdn. Do Steyer \u0111\u00e3 chi kho\u1ea3ng $74 tri\u1ec7u trong cu\u1ed9c b\u1ea7u c\u1eed n\u0103m 2014, nhi\u1ec1u \u1ee9ng c\u1eed vi\u00ean \u0111ang tranh gi\u00e0nh \u0111\u1ec3 \u0111\u01b0a ra c\u00e1c k\u1ebf ho\u1ea1ch m\u00f4i tr\u01b0\u1eddng \u0111\u00e1p \u1ee9ng c\u00e1c ti\u00eau chu\u1ea9n cao c\u1ee7a Steyer.\u00a0<\/span><\/p>\n<p class=\"p2\">Hillary Clinton \u0111\u00e3 t\u1ecf ra m\u1ea1nh m\u1ebd h\u01a1n so v\u1edbi tr\u01b0\u1edbc \u0111\u00e2y v\u1ec1 c\u00e1c v\u1ea5n \u0111\u1ec1 m\u00f4i tr\u01b0\u1eddng. K\u1ebf ho\u1ea1ch hi\u1ec7n t\u1ea1i c\u1ee7a b\u00e0 s\u1ebd c\u00f3 \u00edt nh\u1ea5t 33% \u0111i\u1ec7n c\u1ee7a qu\u1ed1c gia \u0111\u01b0\u1ee3c s\u1ea3n xu\u1ea5t b\u1eb1ng t\u00e0i nguy\u00ean t\u00e1i t\u1ea1o v\u00e0o n\u0103m 2027. \u0110\u00e2y l\u00e0 k\u1ebf ho\u1ea1ch m\u1ea1nh m\u1ebd h\u01a1n k\u1ebf ho\u1ea1ch c\u1ee7a Obama l\u00e0 c\u00f3 20% \u0111i\u1ec7n \u0111\u01b0\u1ee3c s\u1ea3n xu\u1ea5t b\u1eb1ng n\u0103ng l\u01b0\u1ee3ng t\u00e1i t\u1ea1o v\u00e0o n\u0103m 2030. K\u1ebf ho\u1ea1ch c\u1ee7a Clinton c\u0169ng k\u00eau g\u1ecdi l\u1eafp \u0111\u1eb7t n\u1eeda t\u1ef7 t\u1ea5m pin m\u1eb7t tr\u1eddi v\u00e0o n\u0103m 2020. Nh\u00ecn chung, k\u1ebf ho\u1ea1ch c\u1ee7a Clinton s\u1ebd ti\u00eau t\u1ed1n $60 t\u1ef7 trong v\u00f2ng 10 n\u0103m. B\u00e0 c\u00f3 k\u1ebf ho\u1ea1ch b\u00f9 \u0111\u1eafp chi ph\u00ed n\u00e0y b\u1eb1ng c\u00e1ch ch\u1ea5m d\u1ee9t gi\u1ea3m thu\u1ebf cho c\u00e1c nh\u00e0 s\u1ea3n xu\u1ea5t kh\u00ed \u0111\u1ed1t v\u00e0 d\u1ea7u m\u1ecf. Ngo\u00e0i k\u1ebf ho\u1ea1ch ch\u00ednh th\u1ee9c n\u00e0y, Clinton \u0111\u00e3 \u0111\u01b0a ra nh\u1eefng tuy\u00ean b\u1ed1 th\u1ec3 hi\u1ec7n \u00fd ki\u1ebfn c\u1ee7a b\u00e0 v\u1ec1 m\u1ed9t lo\u1ea1t c\u00e1c v\u1ea5n \u0111\u1ec1 kh\u00e1c. Clinton \u1ee7ng h\u1ed9 \u0111\u01b0\u1eddng \u1ed1ng v\u00e0 an to\u00e0n \u0111\u01b0\u1eddng s\u1eaft v\u00e0 gi\u1ea3m thu\u1ebf cho n\u0103ng l\u01b0\u1ee3ng t\u00e1i t\u1ea1o trong khi ph\u1ea3n \u0111\u1ed1i \u0111\u01b0\u1eddng \u1ed1ng Keystone XL. K\u1ebf ho\u1ea1ch m\u00e0 Clinton \u0111\u01b0a ra \u0111\u00e1p \u1ee9ng c\u00e1c ti\u00eau chu\u1ea9n c\u1ee7a Steyer v\u00e0 anh ta \u0111\u00e3 t\u1ed5 ch\u1ee9c cho c\u00f4 \u1ea5y m\u1ed9t s\u1ef1 ki\u1ec7n tranh c\u1eed t\u1ea1i nh\u00e0 c\u1ee7a m\u00ecnh. M\u1eb7c d\u00f9 k\u1ebf ho\u1ea1ch \u0111\u00e1p \u1ee9ng c\u00e1c ti\u00eau chu\u1ea9n c\u1ee7a Steyer v\u00e0 \u0111\u01b0\u1ee3c c\u00e1c c\u1eed tri hoan ngh\u00eanh, m\u1ed9t s\u1ed1 nh\u00e0 ph\u00e2n t\u00edch cho r\u1eb1ng k\u1ebf ho\u1ea1ch c\u1ee7a Clinton s\u1ebd kh\u00f4ng th\u1ec3 th\u1ef1c hi\u1ec7n \u0111\u01b0\u1ee3c n\u1ebfu v\u00e0 khi b\u00e0 th\u1ef1c hi\u1ec7n.<\/p>\n<p class=\"p2\">Tr\u00e1i ng\u01b0\u1ee3c v\u1edbi Clinton, Bernie Sanders hi\u1ec7n kh\u00f4ng c\u00f3 m\u1ed9t k\u1ebf ho\u1ea1ch m\u00f4i tr\u01b0\u1eddng n\u00e0o \u0111\u01b0\u1ee3c \u0111\u1ec1 xu\u1ea5t. Ngay c\u1ea3 khi kh\u00f4ng c\u00f3 m\u1ed9t k\u1ebf ho\u1ea1ch c\u1ee5 th\u1ec3, Sanders \u0111\u00e3 ch\u1ee9ng t\u1ecf m\u00ecnh l\u00e0 m\u1ed9t ng\u01b0\u1eddi b\u1ea3o v\u1ec7 m\u00f4i tr\u01b0\u1eddng m\u1ea1nh m\u1ebd. \u00d4ng \u0111\u00e3 tuy\u00ean b\u1ed1 c\u00f4ng khai s\u1ef1 \u1ee7ng h\u1ed9 c\u1ee7a m\u00ecnh \u0111\u1ed1i v\u1edbi m\u1ed9t lo\u1ea1t c\u00e1c \u0111\u1ec1 xu\u1ea5t v\u1ec1 m\u00f4i tr\u01b0\u1eddng bao g\u1ed3m t\u0103ng c\u01b0\u1eddng s\u1eed d\u1ee5ng n\u0103ng l\u01b0\u1ee3ng t\u00e1i t\u1ea1o, thu\u1ebf ph\u00e1t th\u1ea3i carbon, gi\u1ea3m thu\u1ebf \u0111\u1ed1i v\u1edbi n\u0103ng l\u01b0\u1ee3ng t\u00e1i t\u1ea1o, an to\u00e0n \u0111\u01b0\u1eddng \u1ed1ng v\u00e0 \u0111\u01b0\u1eddng s\u1eaft. Danh s\u00e1ch nh\u1eefng \u0111i\u1ec1u Sander ph\u1ea3n \u0111\u1ed1i bao g\u1ed3m c\u00e1c v\u1ea5n \u0111\u1ec1 nh\u01b0 khoan ngo\u00e0i kh\u01a1i, khoan kh\u1edbp n\u1ed1i, gi\u1ea3m thu\u1ebf \u0111\u1ed1i v\u1edbi nhi\u00ean li\u1ec7u h\u00f3a th\u1ea1ch v\u00e0 \u0111\u01b0\u1eddng \u1ed1ng Keystone. Sanders c\u0169ng c\u00f3 th\u1ec3 d\u1ef1a v\u00e0o c\u00f4ng vi\u1ec7c c\u1ee7a m\u00ecnh trong H\u1ea1 vi\u1ec7n v\u00e0 Th\u01b0\u1ee3ng vi\u1ec7n \u0111\u1ec3 th\u1ec3 hi\u1ec7n cam k\u1ebft c\u1ee7a m\u00ecnh \u0111\u1ed1i v\u1edbi m\u00f4i tr\u01b0\u1eddng. C\u00e1c d\u1ef1 lu\u1eadt m\u00e0 Sanders \u0111\u00e3 gi\u1edbi thi\u1ec7u bao g\u1ed3m \u0110\u1ea1o lu\u1eadt Ti\u1ebft ki\u1ec7m N\u0103ng l\u01b0\u1ee3ng Khu d\u00e2n c\u01b0, \u0110\u1ea1o lu\u1eadt N\u0103ng l\u01b0\u1ee3ng M\u1eb7t tr\u1eddi Thu nh\u1eadp th\u1ea5p v\u00e0 \u0110\u1ea1o lu\u1eadt Vi\u1ec7c l\u00e0m Xanh. Ngo\u00e0i vi\u1ec7c gi\u00fap \u0111\u01b0a ra c\u00e1c d\u1ef1 lu\u1eadt v\u1ec1 ch\u00ednh s\u00e1ch m\u00f4i tr\u01b0\u1eddng, Sanders c\u00f2n c\u00f3 m\u1ed9t th\u00e0nh t\u00edch r\u1ea5t m\u1ea1nh trong vi\u1ec7c b\u1ecf phi\u1ebfu \u1ee7ng h\u1ed9 c\u00e1c v\u1ea5n \u0111\u1ec1 m\u00f4i tr\u01b0\u1eddng. Steyer \u0111\u00e3 kh\u00f4ng b\u00ecnh lu\u1eadn v\u1ec1 kh\u1ea3 n\u0103ng \u0111\u1ee7 \u0111i\u1ec1u ki\u1ec7n \u0111\u1ec3 gi\u00e0nh \u0111\u01b0\u1ee3c s\u1ef1 \u1ee7ng h\u1ed9 c\u1ee7a Sanders, m\u1eb7c d\u00f9 c\u00f3 nghi ng\u1edd r\u1eb1ng Sanders s\u1ebd \u0111\u01b0\u1ee3c xem x\u00e9t cho \u0111\u1ebfn khi \u00f4ng \u0111\u01b0a ra m\u1ed9t k\u1ebf ho\u1ea1ch m\u00f4i tr\u01b0\u1eddng ch\u00ednh th\u1ee9c. M\u1eb7t kh\u00e1c, c\u00e1c c\u1eed tri c\u00f3 v\u1ebb h\u00e0i l\u00f2ng v\u1edbi nh\u1eefng th\u00e0nh t\u1ef1u trong qu\u00e1 kh\u1ee9 c\u1ee7a Sanders trong ch\u00ednh s\u00e1ch m\u00f4i tr\u01b0\u1eddng, b\u1eb1ng ch\u1ee9ng r\u1eb1ng \u00f4ng s\u1ebd l\u00e0 ng\u01b0\u1eddi b\u1ea3o v\u1ec7 m\u00f4i tr\u01b0\u1eddng m\u1ea1nh m\u1ebd n\u1ebfu tr\u1edf th\u00e0nh t\u1ed5ng th\u1ed1ng.<\/p>\n<p class=\"p2\">Martin O&#039;Malley hi\u1ec7n l\u00e0 \u1ee9ng c\u1eed vi\u00ean c\u00f3 quan \u0111i\u1ec3m m\u1ea1nh m\u1ebd nh\u1ea5t v\u1ec1 ch\u00ednh s\u00e1ch m\u00f4i tr\u01b0\u1eddng. \u00d4ng bao g\u1ed3m t\u1ea5t c\u1ea3 c\u00e1c quan \u0111i\u1ec3m \u0111\u00e3 n\u00eau c\u1ee7a Clinton v\u00e0 Sanders v\u00e0 \u0111\u01b0a nhi\u1ec1u quan \u0111i\u1ec3m trong s\u1ed1 \u0111\u00f3 l\u00ean m\u1ed9t b\u01b0\u1edbc xa h\u01a1n. K\u1ebf ho\u1ea1ch m\u00f4i tr\u01b0\u1eddng m\u00e0 O&#039;Malley \u0111\u01b0a ra c\u00f3 m\u1ed9t s\u1ed1 m\u1ee5c ti\u00eau r\u1ea5t cao c\u1ea3 v\u00e0 x\u00e1c \u0111\u1ecbnh b\u1ea3o v\u1ec7 m\u00f4i tr\u01b0\u1eddng l\u00e0 m\u1ed9t ngh\u0129a v\u1ee5 \u0111\u1ea1o \u0111\u1ee9c. K\u1ebf ho\u1ea1ch c\u1ee7a \u00f4ng tuy\u00ean b\u1ed1 r\u1eb1ng \u00f4ng s\u1ebd c\u00f3 to\u00e0n b\u1ed9 qu\u1ed1c gia \u0111\u01b0\u1ee3c cung c\u1ea5p n\u0103ng l\u01b0\u1ee3ng t\u00e1i t\u1ea1o v\u00e0o n\u0103m 2050 v\u00e0 s\u1ebd th\u00e0nh l\u1eadp m\u1ed9t Qu\u00e2n \u0111o\u00e0n Vi\u1ec7c l\u00e0m N\u0103ng l\u01b0\u1ee3ng S\u1ea1ch. Nh\u00f3m Vi\u1ec7c l\u00e0m N\u0103ng l\u01b0\u1ee3ng S\u1ea1ch s\u1ebd l\u00e0m nh\u1eefng vi\u1ec7c nh\u01b0 trang b\u1ecb th\u00eam cho c\u00e1c t\u00f2a nh\u00e0 v\u1edbi c\u00f4ng ngh\u1ec7 ti\u1ebft ki\u1ec7m n\u0103ng l\u01b0\u1ee3ng h\u01a1n, kh\u00f4i ph\u1ee5c v\u00e0 m\u1edf r\u1ed9ng r\u1eebng c\u0169ng nh\u01b0 t\u1ea1o kh\u00f4ng gian xanh. C\u00e1c m\u1ee5c ti\u00eau kh\u00e1c c\u1ee7a k\u1ebf ho\u1ea1ch l\u00e0 c\u1ee7ng c\u1ed1 EPA, ch\u1ea5m d\u1ee9t tr\u1ee3 c\u1ea5p cho nhi\u00ean li\u1ec7u h\u00f3a th\u1ea1ch v\u00e0 \u0111\u1ea7u t\u01b0 m\u1ea1nh v\u00e0o nghi\u00ean c\u1ee9u n\u0103ng l\u01b0\u1ee3ng s\u1ea1ch v\u00e0 c\u01a1 s\u1edf h\u1ea1 t\u1ea7ng. M\u1eb7c d\u00f9 k\u1ebf ho\u1ea1ch c\u1ee7a O&#039;Malley l\u00e0 m\u1ea1nh nh\u1ea5t v\u1ec1 m\u00f4i tr\u01b0\u1eddng v\u00e0 ch\u1eafc ch\u1eafn khi\u1ebfn anh ta ph\u1ea3i \u0111\u1ed1i m\u1eb7t v\u1edbi s\u1ef1 ch\u00fa \u00fd c\u1ee7a Steyer, nh\u01b0ng n\u00f3 c\u00f3 th\u1ec3 kh\u00f4ng kh\u1ea3 thi. C\u0169ng gi\u1ed1ng nh\u01b0 k\u1ebf ho\u1ea1ch c\u1ee7a Clinton, c\u00e1c nh\u00e0 ph\u00e2n t\u00edch nghi ng\u1edd r\u1eb1ng O&#039;Malley th\u1ef1c s\u1ef1 c\u00f3 th\u1ec3 th\u1ef1c hi\u1ec7n theo k\u1ebf ho\u1ea1ch n\u00e0y khi c\u00f2n \u0111\u01b0\u01a1ng nhi\u1ec7m.<\/p>\n<p class=\"p2\">T\u00f3m l\u1ea1i, l\u0129nh v\u1ef1c \u0111\u01b0\u1ee3c \u0111\u1ec1 c\u1eed d\u00e2n ch\u1ee7 n\u0103m nay c\u00f3 kh\u00e1 nhi\u1ec1u ng\u01b0\u1eddi \u1ee7ng h\u1ed9 m\u1ea1nh m\u1ebd v\u1ec1 m\u00f4i tr\u01b0\u1eddng. C\u1ea3 Clinton v\u00e0 O&#039;Malley \u0111\u1ec1u \u0111\u00e3 \u0111\u01b0a ra c\u00e1c k\u1ebf ho\u1ea1ch c\u1ee5 th\u1ec3 v\u1ec1 c\u00e1ch h\u1ecd s\u1ebd x\u1eed l\u00fd ch\u00ednh s\u00e1ch m\u00f4i tr\u01b0\u1eddng trong khi Sanders \u0111\u00e3 th\u1ec3 hi\u1ec7n \u00fd t\u01b0\u1edfng ch\u00ednh s\u00e1ch c\u1ee7a m\u00ecnh th\u00f4ng qua c\u00e1c tuy\u00ean b\u1ed1 v\u00e0 h\u1ed3 s\u01a1 b\u1ecf phi\u1ebfu c\u1ee7a m\u00ecnh. M\u1eb7c d\u00f9 Clinton, Sanders v\u00e0 O&#039;Malley \u0111\u1ec1u c\u00f3 quan \u0111i\u1ec3m m\u1ea1nh m\u1ebd v\u1ec1 m\u00f4i tr\u01b0\u1eddng, nh\u01b0ng nhi\u1ec1u kh\u1ea3 n\u0103ng Clinton s\u1ebd quy\u00ean g\u00f3p v\u1ec1 nh\u00e0 cho ch\u00ednh s\u00e1ch m\u00f4i tr\u01b0\u1eddng. \u0110i\u1ec1u n\u00e0y l\u00e0 do c\u00f4 \u1ea5y c\u00f3 m\u1ed9t k\u1ebf ho\u1ea1ch \u0111\u00e3 n\u00eau v\u00e0 n\u00f3 l\u00e0 kh\u1ea3 thi nh\u1ea5t.<\/p>","protected":false},"excerpt":{"rendered":"<p>One of the biggest issues of the race for the Democratic nomination is a candidates\u2019 stance on environmental policy. This is not only because Americans have recently made it clear that they would like their next president to have a strong stance on the environment, but also because much of the money in Democratic politics &#8230; <a title=\"C\u00e1c \u1ee9ng c\u1eed vi\u00ean t\u1ed5ng th\u1ed1ng c\u1ee7a \u0111\u1ea3ng D\u00e2n ch\u1ee7 v\u1ec1 c\u00e1c v\u1ea5n \u0111\u1ec1 m\u00f4i tr\u01b0\u1eddng\" class=\"read-more\" href=\"https:\/\/nebraskademocrats.org\/vi\/blog\/democratic-presidential-candidates-on-environmental-issues\/\" aria-label=\"More on Democratic Presidential Candidates on Environmental Issues\">\u0110\u1ecdc th\u00eam<\/a><\/p>","protected":false},"author":19,"featured_media":0,"comment_status":"open","ping_status":"open","sticky":false,"template":"","format":"standard","meta":{"_acf_changed":false,"_exactmetrics_skip_tracking":false,"_exactmetrics_sitenote_active":false,"_exactmetrics_sitenote_note":"","_exactmetrics_sitenote_category":0,"footnotes":""},"categories":[1],"tags":[],"class_list":["post-1187","post","type-post","status-publish","format-standard","hentry","category-blog"],"acf":[],"yoast_head":"<!-- This site is optimized with the Yoast SEO plugin v27.5 - https:\/\/yoast.com\/product\/yoast-seo-wordpress\/ -->\n<title>Democratic Presidential Candidates on Environmental Issues &#8211; Nebraska Democratic Party<\/title>\n<meta name=\"robots\" content=\"index, follow, max-snippet:-1, max-image-preview:large, max-video-preview:-1\" \/>\n<link rel=\"canonical\" href=\"https:\/\/nebraskademocrats.org\/vi\/blog\/democratic-presidential-candidates-on-environmental-issues\/\" \/>\n<meta property=\"og:locale\" content=\"vi_VN\" \/>\n<meta property=\"og:type\" content=\"article\" \/>\n<meta property=\"og:title\" content=\"Democratic Presidential Candidates on Environmental Issues &#8211; Nebraska Democratic Party\" \/>\n<meta property=\"og:description\" content=\"One of the biggest issues of the race for the Democratic nomination is a candidates\u2019 stance on environmental policy. This is not only because Americans have recently made it clear that they would like their next president to have a strong stance on the environment, but also because much of the money in Democratic politics ... Read more\" \/>\n<meta property=\"og:url\" content=\"https:\/\/nebraskademocrats.org\/vi\/blog\/democratic-presidential-candidates-on-environmental-issues\/\" \/>\n<meta property=\"og:site_name\" content=\"Nebraska Democratic Party\" \/>\n<meta property=\"article:publisher\" content=\"https:\/\/www.facebook.com\/NebraskaDemocraticParty\/\" \/>\n<meta property=\"article:published_time\" content=\"2015-10-28T03:05:38+00:00\" \/>\n<meta property=\"article:modified_time\" content=\"2016-08-16T03:06:03+00:00\" \/>\n<meta property=\"og:image\" content=\"https:\/\/nebraskademocrats.org\/wp-content\/uploads\/2018\/09\/ne-dems-fb.jpg\" \/>\n\t<meta property=\"og:image:width\" content=\"1200\" \/>\n\t<meta property=\"og:image:height\" content=\"630\" \/>\n\t<meta property=\"og:image:type\" content=\"image\/jpeg\" \/>\n<meta name=\"author\" content=\"Precious McKesson\" \/>\n<meta name=\"twitter:card\" content=\"summary_large_image\" \/>\n<meta name=\"twitter:creator\" content=\"@nebraskadems\" \/>\n<meta name=\"twitter:site\" content=\"@nebraskadems\" \/>\n<meta name=\"twitter:label1\" content=\"\u0110\u01b0\u1ee3c vi\u1ebft b\u1edfi\" \/>\n\t<meta name=\"twitter:data1\" content=\"Precious McKesson\" \/>\n\t<meta name=\"twitter:label2\" content=\"\u01af\u1edbc t\u00ednh th\u1eddi gian \u0111\u1ecdc\" \/>\n\t<meta name=\"twitter:data2\" content=\"4 ph\u00fat\" \/>\n<script type=\"application\/ld+json\" class=\"yoast-schema-graph\">{\"@context\":\"https:\\\/\\\/schema.org\",\"@graph\":[{\"@type\":\"Article\",\"@id\":\"https:\\\/\\\/nebraskademocrats.org\\\/blog\\\/democratic-presidential-candidates-on-environmental-issues\\\/#article\",\"isPartOf\":{\"@id\":\"https:\\\/\\\/nebraskademocrats.org\\\/blog\\\/democratic-presidential-candidates-on-environmental-issues\\\/\"},\"author\":{\"name\":\"Precious McKesson\",\"@id\":\"https:\\\/\\\/nebraskademocrats.org\\\/#\\\/schema\\\/person\\\/33e011ea0795f404810dc40828bcf289\"},\"headline\":\"Democratic Presidential Candidates on Environmental Issues\",\"datePublished\":\"2015-10-28T03:05:38+00:00\",\"dateModified\":\"2016-08-16T03:06:03+00:00\",\"mainEntityOfPage\":{\"@id\":\"https:\\\/\\\/nebraskademocrats.org\\\/blog\\\/democratic-presidential-candidates-on-environmental-issues\\\/\"},\"wordCount\":768,\"commentCount\":0,\"publisher\":{\"@id\":\"https:\\\/\\\/nebraskademocrats.org\\\/#organization\"},\"articleSection\":[\"NDP Blog\"],\"inLanguage\":\"vi\"},{\"@type\":\"WebPage\",\"@id\":\"https:\\\/\\\/nebraskademocrats.org\\\/blog\\\/democratic-presidential-candidates-on-environmental-issues\\\/\",\"url\":\"https:\\\/\\\/nebraskademocrats.org\\\/blog\\\/democratic-presidential-candidates-on-environmental-issues\\\/\",\"name\":\"Democratic Presidential Candidates on Environmental Issues &#8211; Nebraska Democratic Party\",\"isPartOf\":{\"@id\":\"https:\\\/\\\/nebraskademocrats.org\\\/#website\"},\"datePublished\":\"2015-10-28T03:05:38+00:00\",\"dateModified\":\"2016-08-16T03:06:03+00:00\",\"breadcrumb\":{\"@id\":\"https:\\\/\\\/nebraskademocrats.org\\\/blog\\\/democratic-presidential-candidates-on-environmental-issues\\\/#breadcrumb\"},\"inLanguage\":\"vi\",\"potentialAction\":[{\"@type\":\"ReadAction\",\"target\":[\"https:\\\/\\\/nebraskademocrats.org\\\/blog\\\/democratic-presidential-candidates-on-environmental-issues\\\/\"]}]},{\"@type\":\"BreadcrumbList\",\"@id\":\"https:\\\/\\\/nebraskademocrats.org\\\/blog\\\/democratic-presidential-candidates-on-environmental-issues\\\/#breadcrumb\",\"itemListElement\":[{\"@type\":\"ListItem\",\"position\":1,\"name\":\"Home\",\"item\":\"https:\\\/\\\/nebraskademocrats.org\\\/\"},{\"@type\":\"ListItem\",\"position\":2,\"name\":\"Democratic Presidential Candidates on Environmental Issues\"}]},{\"@type\":\"WebSite\",\"@id\":\"https:\\\/\\\/nebraskademocrats.org\\\/#website\",\"url\":\"https:\\\/\\\/nebraskademocrats.org\\\/\",\"name\":\"Nebraska Democratic Party\",\"description\":\"Growing the Good Life for All Nebraskans\",\"publisher\":{\"@id\":\"https:\\\/\\\/nebraskademocrats.org\\\/#organization\"},\"potentialAction\":[{\"@type\":\"SearchAction\",\"target\":{\"@type\":\"EntryPoint\",\"urlTemplate\":\"https:\\\/\\\/nebraskademocrats.org\\\/?s={search_term_string}\"},\"query-input\":{\"@type\":\"PropertyValueSpecification\",\"valueRequired\":true,\"valueName\":\"search_term_string\"}}],\"inLanguage\":\"vi\"},{\"@type\":\"Organization\",\"@id\":\"https:\\\/\\\/nebraskademocrats.org\\\/#organization\",\"name\":\"Nebraska Democratic Party\",\"url\":\"https:\\\/\\\/nebraskademocrats.org\\\/\",\"logo\":{\"@type\":\"ImageObject\",\"inLanguage\":\"vi\",\"@id\":\"https:\\\/\\\/nebraskademocrats.org\\\/#\\\/schema\\\/logo\\\/image\\\/\",\"url\":\"https:\\\/\\\/nebraskadem.wpenginepowered.com\\\/wp-content\\\/uploads\\\/2016\\\/05\\\/NDP2.jpg\",\"contentUrl\":\"https:\\\/\\\/nebraskadem.wpenginepowered.com\\\/wp-content\\\/uploads\\\/2016\\\/05\\\/NDP2.jpg\",\"width\":1000,\"height\":396,\"caption\":\"Nebraska Democratic Party\"},\"image\":{\"@id\":\"https:\\\/\\\/nebraskademocrats.org\\\/#\\\/schema\\\/logo\\\/image\\\/\"},\"sameAs\":[\"https:\\\/\\\/www.facebook.com\\\/NebraskaDemocraticParty\\\/\",\"https:\\\/\\\/x.com\\\/nebraskadems\"]},{\"@type\":\"Person\",\"@id\":\"https:\\\/\\\/nebraskademocrats.org\\\/#\\\/schema\\\/person\\\/33e011ea0795f404810dc40828bcf289\",\"name\":\"Precious McKesson\",\"image\":{\"@type\":\"ImageObject\",\"inLanguage\":\"vi\",\"@id\":\"https:\\\/\\\/secure.gravatar.com\\\/avatar\\\/35046e19b3373116ec64c07d386d3312028d3820dc0ffe65c344bcebc8ea9194?s=96&d=mm&r=g\",\"url\":\"https:\\\/\\\/secure.gravatar.com\\\/avatar\\\/35046e19b3373116ec64c07d386d3312028d3820dc0ffe65c344bcebc8ea9194?s=96&d=mm&r=g\",\"contentUrl\":\"https:\\\/\\\/secure.gravatar.com\\\/avatar\\\/35046e19b3373116ec64c07d386d3312028d3820dc0ffe65c344bcebc8ea9194?s=96&d=mm&r=g\",\"caption\":\"Precious McKesson\"}}]}<\/script>\n<!-- \/ Yoast SEO plugin. -->","yoast_head_json":{"title":"Democratic Presidential Candidates on Environmental Issues &#8211; Nebraska Democratic Party","robots":{"index":"index","follow":"follow","max-snippet":"max-snippet:-1","max-image-preview":"max-image-preview:large","max-video-preview":"max-video-preview:-1"},"canonical":"https:\/\/nebraskademocrats.org\/vi\/blog\/democratic-presidential-candidates-on-environmental-issues\/","og_locale":"vi_VN","og_type":"article","og_title":"Democratic Presidential Candidates on Environmental Issues &#8211; Nebraska Democratic Party","og_description":"One of the biggest issues of the race for the Democratic nomination is a candidates\u2019 stance on environmental policy. This is not only because Americans have recently made it clear that they would like their next president to have a strong stance on the environment, but also because much of the money in Democratic politics ... Read more","og_url":"https:\/\/nebraskademocrats.org\/vi\/blog\/democratic-presidential-candidates-on-environmental-issues\/","og_site_name":"Nebraska Democratic Party","article_publisher":"https:\/\/www.facebook.com\/NebraskaDemocraticParty\/","article_published_time":"2015-10-28T03:05:38+00:00","article_modified_time":"2016-08-16T03:06:03+00:00","og_image":[{"width":1200,"height":630,"url":"https:\/\/nebraskademocrats.org\/wp-content\/uploads\/2018\/09\/ne-dems-fb.jpg","type":"image\/jpeg"}],"author":"Precious McKesson","twitter_card":"summary_large_image","twitter_creator":"@nebraskadems","twitter_site":"@nebraskadems","twitter_misc":{"\u0110\u01b0\u1ee3c vi\u1ebft b\u1edfi":"Precious McKesson","\u01af\u1edbc t\u00ednh th\u1eddi gian \u0111\u1ecdc":"4 ph\u00fat"},"schema":{"@context":"https:\/\/schema.org","@graph":[{"@type":"Article","@id":"https:\/\/nebraskademocrats.org\/blog\/democratic-presidential-candidates-on-environmental-issues\/#article","isPartOf":{"@id":"https:\/\/nebraskademocrats.org\/blog\/democratic-presidential-candidates-on-environmental-issues\/"},"author":{"name":"Precious McKesson","@id":"https:\/\/nebraskademocrats.org\/#\/schema\/person\/33e011ea0795f404810dc40828bcf289"},"headline":"Democratic Presidential Candidates on Environmental Issues","datePublished":"2015-10-28T03:05:38+00:00","dateModified":"2016-08-16T03:06:03+00:00","mainEntityOfPage":{"@id":"https:\/\/nebraskademocrats.org\/blog\/democratic-presidential-candidates-on-environmental-issues\/"},"wordCount":768,"commentCount":0,"publisher":{"@id":"https:\/\/nebraskademocrats.org\/#organization"},"articleSection":["NDP Blog"],"inLanguage":"vi"},{"@type":"WebPage","@id":"https:\/\/nebraskademocrats.org\/blog\/democratic-presidential-candidates-on-environmental-issues\/","url":"https:\/\/nebraskademocrats.org\/blog\/democratic-presidential-candidates-on-environmental-issues\/","name":"Democratic Presidential Candidates on Environmental Issues &#8211; Nebraska Democratic Party","isPartOf":{"@id":"https:\/\/nebraskademocrats.org\/#website"},"datePublished":"2015-10-28T03:05:38+00:00","dateModified":"2016-08-16T03:06:03+00:00","breadcrumb":{"@id":"https:\/\/nebraskademocrats.org\/blog\/democratic-presidential-candidates-on-environmental-issues\/#breadcrumb"},"inLanguage":"vi","potentialAction":[{"@type":"ReadAction","target":["https:\/\/nebraskademocrats.org\/blog\/democratic-presidential-candidates-on-environmental-issues\/"]}]},{"@type":"BreadcrumbList","@id":"https:\/\/nebraskademocrats.org\/blog\/democratic-presidential-candidates-on-environmental-issues\/#breadcrumb","itemListElement":[{"@type":"ListItem","position":1,"name":"Home","item":"https:\/\/nebraskademocrats.org\/"},{"@type":"ListItem","position":2,"name":"Democratic Presidential Candidates on Environmental Issues"}]},{"@type":"WebSite","@id":"https:\/\/nebraskademocrats.org\/#website","url":"https:\/\/nebraskademocrats.org\/","name":"Nebraska Democratic Party","description":"Ph\u00e1t tri\u1ec3n cu\u1ed9c s\u1ed1ng t\u1ed1t \u0111\u1eb9p cho t\u1ea5t c\u1ea3 Nebraskans","publisher":{"@id":"https:\/\/nebraskademocrats.org\/#organization"},"potentialAction":[{"@type":"SearchAction","target":{"@type":"EntryPoint","urlTemplate":"https:\/\/nebraskademocrats.org\/?s={search_term_string}"},"query-input":{"@type":"PropertyValueSpecification","valueRequired":true,"valueName":"search_term_string"}}],"inLanguage":"vi"},{"@type":"Organization","@id":"https:\/\/nebraskademocrats.org\/#organization","name":"Nebraska Democratic Party","url":"https:\/\/nebraskademocrats.org\/","logo":{"@type":"ImageObject","inLanguage":"vi","@id":"https:\/\/nebraskademocrats.org\/#\/schema\/logo\/image\/","url":"https:\/\/nebraskadem.wpenginepowered.com\/wp-content\/uploads\/2016\/05\/NDP2.jpg","contentUrl":"https:\/\/nebraskadem.wpenginepowered.com\/wp-content\/uploads\/2016\/05\/NDP2.jpg","width":1000,"height":396,"caption":"Nebraska Democratic Party"},"image":{"@id":"https:\/\/nebraskademocrats.org\/#\/schema\/logo\/image\/"},"sameAs":["https:\/\/www.facebook.com\/NebraskaDemocraticParty\/","https:\/\/x.com\/nebraskadems"]},{"@type":"Person","@id":"https:\/\/nebraskademocrats.org\/#\/schema\/person\/33e011ea0795f404810dc40828bcf289","name":"McKesson qu\u00fd gi\u00e1","image":{"@type":"ImageObject","inLanguage":"vi","@id":"https:\/\/secure.gravatar.com\/avatar\/35046e19b3373116ec64c07d386d3312028d3820dc0ffe65c344bcebc8ea9194?s=96&d=mm&r=g","url":"https:\/\/secure.gravatar.com\/avatar\/35046e19b3373116ec64c07d386d3312028d3820dc0ffe65c344bcebc8ea9194?s=96&d=mm&r=g","contentUrl":"https:\/\/secure.gravatar.com\/avatar\/35046e19b3373116ec64c07d386d3312028d3820dc0ffe65c344bcebc8ea9194?s=96&d=mm&r=g","caption":"Precious McKesson"}}]}},"_links":{"self":[{"href":"https:\/\/nebraskademocrats.org\/vi\/wp-json\/wp\/v2\/posts\/1187","targetHints":{"allow":["GET"]}}],"collection":[{"href":"https:\/\/nebraskademocrats.org\/vi\/wp-json\/wp\/v2\/posts"}],"about":[{"href":"https:\/\/nebraskademocrats.org\/vi\/wp-json\/wp\/v2\/types\/post"}],"author":[{"embeddable":true,"href":"https:\/\/nebraskademocrats.org\/vi\/wp-json\/wp\/v2\/users\/19"}],"replies":[{"embeddable":true,"href":"https:\/\/nebraskademocrats.org\/vi\/wp-json\/wp\/v2\/comments?post=1187"}],"version-history":[{"count":0,"href":"https:\/\/nebraskademocrats.org\/vi\/wp-json\/wp\/v2\/posts\/1187\/revisions"}],"wp:attachment":[{"href":"https:\/\/nebraskademocrats.org\/vi\/wp-json\/wp\/v2\/media?parent=1187"}],"wp:term":[{"taxonomy":"category","embeddable":true,"href":"https:\/\/nebraskademocrats.org\/vi\/wp-json\/wp\/v2\/categories?post=1187"},{"taxonomy":"post_tag","embeddable":true,"href":"https:\/\/nebraskademocrats.org\/vi\/wp-json\/wp\/v2\/tags?post=1187"}],"curies":[{"name":"wp","href":"https:\/\/api.w.org\/{rel}","templated":true}]}}