{"id":131,"date":"2016-03-06T16:23:07","date_gmt":"2016-03-06T16:23:07","guid":{"rendered":"http:\/\/nebraska.precisionnewmedia.com\/?p=131"},"modified":"2016-07-06T18:54:39","modified_gmt":"2016-07-06T18:54:39","slug":"the-nebraska-democratic-party-releases-delegate-allocation","status":"publish","type":"post","link":"https:\/\/nebraskademocrats.org\/vi\/press-releases\/the-nebraska-democratic-party-releases-delegate-allocation\/","title":{"rendered":"Nebraska Democratic Party ph\u00e1t h\u00e0nh ph\u00e2n b\u1ed5 \u0111\u1ea1i bi\u1ec3u"},"content":{"rendered":"<p dir=\"ltr\">Nebraska Democratic Party xin c\u1ea3m \u01a1n Ch\u1ee7 t\u1ecbch H\u1ed9i k\u00edn Ti\u1ec3u bang c\u1ee7a ch\u00fang t\u00f4i, Charlene Ligon, v\u00e0 h\u01a1n 250 t\u00ecnh nguy\u1ec7n vi\u00ean \u0111\u00e3 gi\u00fap cho H\u1ed9i ngh\u1ecb h\u1ecdp k\u00edn Nebraska 2016 th\u00e0nh c\u00f4ng r\u1ef1c r\u1ee1. NDP c\u0169ng mong mu\u1ed1n b\u00e0y t\u1ecf l\u00f2ng bi\u1ebft \u01a1n to l\u1edbn c\u1ee7a ch\u00fang t\u00f4i t\u1edbi g\u1ea7n 35.000 \u0111\u1ea3ng vi\u00ean \u0110\u1ea3ng D\u00e2n ch\u1ee7 Nebraskan \u0111\u00e3 l\u00ean ti\u1ebfng \u1ee7ng h\u1ed9 \u1ee9ng c\u1eed vi\u00ean t\u1ed5ng th\u1ed1ng n\u0103m nay.<\/p>\n<p dir=\"ltr\">D\u01b0\u1edbi \u0111\u00e2y l\u00e0 danh s\u00e1ch c\u00e1c \u0111\u1ea1i bi\u1ec3u \u0111\u01b0\u1ee3c trao gi\u1ea3i trong cu\u1ed9c h\u1ecdp k\u00edn c\u1ee7a ch\u00fang t\u00f4i v\u00e0o Th\u1ee9 B\u1ea3y, ng\u00e0y 5 th\u00e1ng 3 n\u0103m 2016.<\/p>\n<p dir=\"ltr\"><img fetchpriority=\"high\" decoding=\"async\" class=\"size-medium wp-image-132 aligncenter\" src=\"http:\/\/nebraska.precisionnewmedia.com\/wp-content\/uploads\/2016\/07\/DELEGATES-NEBR-300x193.png\" alt=\"DELEGATES NEBR\" width=\"300\" height=\"193\" srcset=\"https:\/\/nebraskademocrats.org\/wp-content\/uploads\/2016\/07\/DELEGATES-NEBR-300x193.png 300w, https:\/\/nebraskademocrats.org\/wp-content\/uploads\/2016\/07\/DELEGATES-NEBR.png 414w\" sizes=\"(max-width: 300px) 100vw, 300px\" \/><\/p>","protected":false},"excerpt":{"rendered":"<p>The Nebraska Democratic Party would like\u00a0to thank our State Caucus Chair, Charlene Ligon,\u00a0and the 250 plus volunteers who helped\u00a0make the 2016 Nebraska Caucus\u00a0a tremendous success. The NDP also\u00a0wishes to express our\u00a0tremendous\u00a0gratitude to\u00a0the\u00a0nearly 35,000 Nebraskan Democrats who made their voice heard\u00a0for\u00a0this year&#8217;s presidential nominee. Below is the breakdown\u00a0of the \u00a0delegates awarded as a result of our &#8230; <a title=\"Nebraska Democratic Party ph\u00e1t h\u00e0nh ph\u00e2n b\u1ed5 \u0111\u1ea1i bi\u1ec3u\" class=\"read-more\" href=\"https:\/\/nebraskademocrats.org\/vi\/press-releases\/the-nebraska-democratic-party-releases-delegate-allocation\/\" aria-label=\"More on The Nebraska Democratic Party Releases Delegate Allocation\">\u0110\u1ecdc th\u00eam<\/a><\/p>","protected":false},"author":19,"featured_media":0,"comment_status":"open","ping_status":"open","sticky":false,"template":"","format":"standard","meta":{"_acf_changed":false,"_exactmetrics_skip_tracking":false,"_exactmetrics_sitenote_active":false,"_exactmetrics_sitenote_note":"","_exactmetrics_sitenote_category":0,"footnotes":""},"categories":[4],"tags":[],"class_list":["post-131","post","type-post","status-publish","format-standard","hentry","category-press-releases"],"acf":[],"yoast_head":"<!-- This site is optimized with the Yoast SEO plugin v27.4 - https:\/\/yoast.com\/product\/yoast-seo-wordpress\/ -->\n<title>The Nebraska Democratic Party Releases Delegate Allocation &#8211; Nebraska Democratic Party<\/title>\n<meta name=\"robots\" content=\"index, follow, max-snippet:-1, max-image-preview:large, max-video-preview:-1\" \/>\n<link rel=\"canonical\" href=\"https:\/\/nebraskademocrats.org\/vi\/press-releases\/the-nebraska-democratic-party-releases-delegate-allocation\/\" \/>\n<meta property=\"og:locale\" content=\"vi_VN\" \/>\n<meta property=\"og:type\" content=\"article\" \/>\n<meta property=\"og:title\" content=\"The Nebraska Democratic Party Releases Delegate Allocation &#8211; Nebraska Democratic Party\" \/>\n<meta property=\"og:description\" content=\"The Nebraska Democratic Party would like\u00a0to thank our State Caucus Chair, Charlene Ligon,\u00a0and the 250 plus volunteers who helped\u00a0make the 2016 Nebraska Caucus\u00a0a tremendous success. The NDP also\u00a0wishes to express our\u00a0tremendous\u00a0gratitude to\u00a0the\u00a0nearly 35,000 Nebraskan Democrats who made their voice heard\u00a0for\u00a0this year&#8217;s presidential nominee. Below is the breakdown\u00a0of the \u00a0delegates awarded as a result of our ... Read more\" \/>\n<meta property=\"og:url\" content=\"https:\/\/nebraskademocrats.org\/vi\/press-releases\/the-nebraska-democratic-party-releases-delegate-allocation\/\" \/>\n<meta property=\"og:site_name\" content=\"Nebraska Democratic Party\" \/>\n<meta property=\"article:publisher\" content=\"https:\/\/www.facebook.com\/NebraskaDemocraticParty\/\" \/>\n<meta property=\"article:published_time\" content=\"2016-03-06T16:23:07+00:00\" \/>\n<meta property=\"article:modified_time\" content=\"2016-07-06T18:54:39+00:00\" \/>\n<meta property=\"og:image\" content=\"http:\/\/nebraska.precisionnewmedia.com\/wp-content\/uploads\/2016\/07\/DELEGATES-NEBR-300x193.png\" \/>\n<meta name=\"author\" content=\"Precious McKesson\" \/>\n<meta name=\"twitter:card\" content=\"summary_large_image\" \/>\n<meta name=\"twitter:creator\" content=\"@nebraskadems\" \/>\n<meta name=\"twitter:site\" content=\"@nebraskadems\" \/>\n<meta name=\"twitter:label1\" content=\"\u0110\u01b0\u1ee3c vi\u1ebft b\u1edfi\" \/>\n\t<meta name=\"twitter:data1\" content=\"Precious McKesson\" \/>\n<script type=\"application\/ld+json\" class=\"yoast-schema-graph\">{\"@context\":\"https:\\\/\\\/schema.org\",\"@graph\":[{\"@type\":\"Article\",\"@id\":\"https:\\\/\\\/nebraskademocrats.org\\\/press-releases\\\/the-nebraska-democratic-party-releases-delegate-allocation\\\/#article\",\"isPartOf\":{\"@id\":\"https:\\\/\\\/nebraskademocrats.org\\\/press-releases\\\/the-nebraska-democratic-party-releases-delegate-allocation\\\/\"},\"author\":{\"name\":\"Precious McKesson\",\"@id\":\"https:\\\/\\\/nebraskademocrats.org\\\/#\\\/schema\\\/person\\\/33e011ea0795f404810dc40828bcf289\"},\"headline\":\"The Nebraska Democratic Party Releases Delegate Allocation\",\"datePublished\":\"2016-03-06T16:23:07+00:00\",\"dateModified\":\"2016-07-06T18:54:39+00:00\",\"mainEntityOfPage\":{\"@id\":\"https:\\\/\\\/nebraskademocrats.org\\\/press-releases\\\/the-nebraska-democratic-party-releases-delegate-allocation\\\/\"},\"wordCount\":77,\"commentCount\":0,\"publisher\":{\"@id\":\"https:\\\/\\\/nebraskademocrats.org\\\/#organization\"},\"image\":{\"@id\":\"https:\\\/\\\/nebraskademocrats.org\\\/press-releases\\\/the-nebraska-democratic-party-releases-delegate-allocation\\\/#primaryimage\"},\"thumbnailUrl\":\"http:\\\/\\\/nebraska.precisionnewmedia.com\\\/wp-content\\\/uploads\\\/2016\\\/07\\\/DELEGATES-NEBR-300x193.png\",\"articleSection\":[\"Press Releases\"],\"inLanguage\":\"vi\"},{\"@type\":\"WebPage\",\"@id\":\"https:\\\/\\\/nebraskademocrats.org\\\/press-releases\\\/the-nebraska-democratic-party-releases-delegate-allocation\\\/\",\"url\":\"https:\\\/\\\/nebraskademocrats.org\\\/press-releases\\\/the-nebraska-democratic-party-releases-delegate-allocation\\\/\",\"name\":\"The Nebraska Democratic Party Releases Delegate Allocation &#8211; Nebraska Democratic Party\",\"isPartOf\":{\"@id\":\"https:\\\/\\\/nebraskademocrats.org\\\/#website\"},\"primaryImageOfPage\":{\"@id\":\"https:\\\/\\\/nebraskademocrats.org\\\/press-releases\\\/the-nebraska-democratic-party-releases-delegate-allocation\\\/#primaryimage\"},\"image\":{\"@id\":\"https:\\\/\\\/nebraskademocrats.org\\\/press-releases\\\/the-nebraska-democratic-party-releases-delegate-allocation\\\/#primaryimage\"},\"thumbnailUrl\":\"http:\\\/\\\/nebraska.precisionnewmedia.com\\\/wp-content\\\/uploads\\\/2016\\\/07\\\/DELEGATES-NEBR-300x193.png\",\"datePublished\":\"2016-03-06T16:23:07+00:00\",\"dateModified\":\"2016-07-06T18:54:39+00:00\",\"breadcrumb\":{\"@id\":\"https:\\\/\\\/nebraskademocrats.org\\\/press-releases\\\/the-nebraska-democratic-party-releases-delegate-allocation\\\/#breadcrumb\"},\"inLanguage\":\"vi\",\"potentialAction\":[{\"@type\":\"ReadAction\",\"target\":[\"https:\\\/\\\/nebraskademocrats.org\\\/press-releases\\\/the-nebraska-democratic-party-releases-delegate-allocation\\\/\"]}]},{\"@type\":\"ImageObject\",\"inLanguage\":\"vi\",\"@id\":\"https:\\\/\\\/nebraskademocrats.org\\\/press-releases\\\/the-nebraska-democratic-party-releases-delegate-allocation\\\/#primaryimage\",\"url\":\"http:\\\/\\\/nebraska.precisionnewmedia.com\\\/wp-content\\\/uploads\\\/2016\\\/07\\\/DELEGATES-NEBR-300x193.png\",\"contentUrl\":\"http:\\\/\\\/nebraska.precisionnewmedia.com\\\/wp-content\\\/uploads\\\/2016\\\/07\\\/DELEGATES-NEBR-300x193.png\"},{\"@type\":\"BreadcrumbList\",\"@id\":\"https:\\\/\\\/nebraskademocrats.org\\\/press-releases\\\/the-nebraska-democratic-party-releases-delegate-allocation\\\/#breadcrumb\",\"itemListElement\":[{\"@type\":\"ListItem\",\"position\":1,\"name\":\"Home\",\"item\":\"https:\\\/\\\/nebraskademocrats.org\\\/\"},{\"@type\":\"ListItem\",\"position\":2,\"name\":\"The Nebraska Democratic Party Releases Delegate Allocation\"}]},{\"@type\":\"WebSite\",\"@id\":\"https:\\\/\\\/nebraskademocrats.org\\\/#website\",\"url\":\"https:\\\/\\\/nebraskademocrats.org\\\/\",\"name\":\"Nebraska Democratic Party\",\"description\":\"Growing the Good Life for All Nebraskans\",\"publisher\":{\"@id\":\"https:\\\/\\\/nebraskademocrats.org\\\/#organization\"},\"potentialAction\":[{\"@type\":\"SearchAction\",\"target\":{\"@type\":\"EntryPoint\",\"urlTemplate\":\"https:\\\/\\\/nebraskademocrats.org\\\/?s={search_term_string}\"},\"query-input\":{\"@type\":\"PropertyValueSpecification\",\"valueRequired\":true,\"valueName\":\"search_term_string\"}}],\"inLanguage\":\"vi\"},{\"@type\":\"Organization\",\"@id\":\"https:\\\/\\\/nebraskademocrats.org\\\/#organization\",\"name\":\"Nebraska Democratic Party\",\"url\":\"https:\\\/\\\/nebraskademocrats.org\\\/\",\"logo\":{\"@type\":\"ImageObject\",\"inLanguage\":\"vi\",\"@id\":\"https:\\\/\\\/nebraskademocrats.org\\\/#\\\/schema\\\/logo\\\/image\\\/\",\"url\":\"https:\\\/\\\/nebraskadem.wpenginepowered.com\\\/wp-content\\\/uploads\\\/2016\\\/05\\\/NDP2.jpg\",\"contentUrl\":\"https:\\\/\\\/nebraskadem.wpenginepowered.com\\\/wp-content\\\/uploads\\\/2016\\\/05\\\/NDP2.jpg\",\"width\":1000,\"height\":396,\"caption\":\"Nebraska Democratic Party\"},\"image\":{\"@id\":\"https:\\\/\\\/nebraskademocrats.org\\\/#\\\/schema\\\/logo\\\/image\\\/\"},\"sameAs\":[\"https:\\\/\\\/www.facebook.com\\\/NebraskaDemocraticParty\\\/\",\"https:\\\/\\\/x.com\\\/nebraskadems\"]},{\"@type\":\"Person\",\"@id\":\"https:\\\/\\\/nebraskademocrats.org\\\/#\\\/schema\\\/person\\\/33e011ea0795f404810dc40828bcf289\",\"name\":\"Precious McKesson\",\"image\":{\"@type\":\"ImageObject\",\"inLanguage\":\"vi\",\"@id\":\"https:\\\/\\\/secure.gravatar.com\\\/avatar\\\/35046e19b3373116ec64c07d386d3312028d3820dc0ffe65c344bcebc8ea9194?s=96&d=mm&r=g\",\"url\":\"https:\\\/\\\/secure.gravatar.com\\\/avatar\\\/35046e19b3373116ec64c07d386d3312028d3820dc0ffe65c344bcebc8ea9194?s=96&d=mm&r=g\",\"contentUrl\":\"https:\\\/\\\/secure.gravatar.com\\\/avatar\\\/35046e19b3373116ec64c07d386d3312028d3820dc0ffe65c344bcebc8ea9194?s=96&d=mm&r=g\",\"caption\":\"Precious McKesson\"}}]}<\/script>\n<!-- \/ Yoast SEO plugin. -->","yoast_head_json":{"title":"The Nebraska Democratic Party Releases Delegate Allocation &#8211; Nebraska Democratic Party","robots":{"index":"index","follow":"follow","max-snippet":"max-snippet:-1","max-image-preview":"max-image-preview:large","max-video-preview":"max-video-preview:-1"},"canonical":"https:\/\/nebraskademocrats.org\/vi\/press-releases\/the-nebraska-democratic-party-releases-delegate-allocation\/","og_locale":"vi_VN","og_type":"article","og_title":"The Nebraska Democratic Party Releases Delegate Allocation &#8211; Nebraska Democratic Party","og_description":"The Nebraska Democratic Party would like\u00a0to thank our State Caucus Chair, Charlene Ligon,\u00a0and the 250 plus volunteers who helped\u00a0make the 2016 Nebraska Caucus\u00a0a tremendous success. The NDP also\u00a0wishes to express our\u00a0tremendous\u00a0gratitude to\u00a0the\u00a0nearly 35,000 Nebraskan Democrats who made their voice heard\u00a0for\u00a0this year&#8217;s presidential nominee. Below is the breakdown\u00a0of the \u00a0delegates awarded as a result of our ... Read more","og_url":"https:\/\/nebraskademocrats.org\/vi\/press-releases\/the-nebraska-democratic-party-releases-delegate-allocation\/","og_site_name":"Nebraska Democratic Party","article_publisher":"https:\/\/www.facebook.com\/NebraskaDemocraticParty\/","article_published_time":"2016-03-06T16:23:07+00:00","article_modified_time":"2016-07-06T18:54:39+00:00","og_image":[{"url":"http:\/\/nebraska.precisionnewmedia.com\/wp-content\/uploads\/2016\/07\/DELEGATES-NEBR-300x193.png","type":"","width":"","height":""}],"author":"Precious McKesson","twitter_card":"summary_large_image","twitter_creator":"@nebraskadems","twitter_site":"@nebraskadems","twitter_misc":{"\u0110\u01b0\u1ee3c vi\u1ebft b\u1edfi":"Precious McKesson"},"schema":{"@context":"https:\/\/schema.org","@graph":[{"@type":"Article","@id":"https:\/\/nebraskademocrats.org\/press-releases\/the-nebraska-democratic-party-releases-delegate-allocation\/#article","isPartOf":{"@id":"https:\/\/nebraskademocrats.org\/press-releases\/the-nebraska-democratic-party-releases-delegate-allocation\/"},"author":{"name":"Precious McKesson","@id":"https:\/\/nebraskademocrats.org\/#\/schema\/person\/33e011ea0795f404810dc40828bcf289"},"headline":"The Nebraska Democratic Party Releases Delegate Allocation","datePublished":"2016-03-06T16:23:07+00:00","dateModified":"2016-07-06T18:54:39+00:00","mainEntityOfPage":{"@id":"https:\/\/nebraskademocrats.org\/press-releases\/the-nebraska-democratic-party-releases-delegate-allocation\/"},"wordCount":77,"commentCount":0,"publisher":{"@id":"https:\/\/nebraskademocrats.org\/#organization"},"image":{"@id":"https:\/\/nebraskademocrats.org\/press-releases\/the-nebraska-democratic-party-releases-delegate-allocation\/#primaryimage"},"thumbnailUrl":"http:\/\/nebraska.precisionnewmedia.com\/wp-content\/uploads\/2016\/07\/DELEGATES-NEBR-300x193.png","articleSection":["Press Releases"],"inLanguage":"vi"},{"@type":"WebPage","@id":"https:\/\/nebraskademocrats.org\/press-releases\/the-nebraska-democratic-party-releases-delegate-allocation\/","url":"https:\/\/nebraskademocrats.org\/press-releases\/the-nebraska-democratic-party-releases-delegate-allocation\/","name":"The Nebraska Democratic Party Releases Delegate Allocation &#8211; Nebraska Democratic Party","isPartOf":{"@id":"https:\/\/nebraskademocrats.org\/#website"},"primaryImageOfPage":{"@id":"https:\/\/nebraskademocrats.org\/press-releases\/the-nebraska-democratic-party-releases-delegate-allocation\/#primaryimage"},"image":{"@id":"https:\/\/nebraskademocrats.org\/press-releases\/the-nebraska-democratic-party-releases-delegate-allocation\/#primaryimage"},"thumbnailUrl":"http:\/\/nebraska.precisionnewmedia.com\/wp-content\/uploads\/2016\/07\/DELEGATES-NEBR-300x193.png","datePublished":"2016-03-06T16:23:07+00:00","dateModified":"2016-07-06T18:54:39+00:00","breadcrumb":{"@id":"https:\/\/nebraskademocrats.org\/press-releases\/the-nebraska-democratic-party-releases-delegate-allocation\/#breadcrumb"},"inLanguage":"vi","potentialAction":[{"@type":"ReadAction","target":["https:\/\/nebraskademocrats.org\/press-releases\/the-nebraska-democratic-party-releases-delegate-allocation\/"]}]},{"@type":"ImageObject","inLanguage":"vi","@id":"https:\/\/nebraskademocrats.org\/press-releases\/the-nebraska-democratic-party-releases-delegate-allocation\/#primaryimage","url":"http:\/\/nebraska.precisionnewmedia.com\/wp-content\/uploads\/2016\/07\/DELEGATES-NEBR-300x193.png","contentUrl":"http:\/\/nebraska.precisionnewmedia.com\/wp-content\/uploads\/2016\/07\/DELEGATES-NEBR-300x193.png"},{"@type":"BreadcrumbList","@id":"https:\/\/nebraskademocrats.org\/press-releases\/the-nebraska-democratic-party-releases-delegate-allocation\/#breadcrumb","itemListElement":[{"@type":"ListItem","position":1,"name":"Home","item":"https:\/\/nebraskademocrats.org\/"},{"@type":"ListItem","position":2,"name":"The Nebraska Democratic Party Releases Delegate Allocation"}]},{"@type":"WebSite","@id":"https:\/\/nebraskademocrats.org\/#website","url":"https:\/\/nebraskademocrats.org\/","name":"Nebraska Democratic Party","description":"Ph\u00e1t tri\u1ec3n cu\u1ed9c s\u1ed1ng t\u1ed1t \u0111\u1eb9p cho t\u1ea5t c\u1ea3 Nebraskans","publisher":{"@id":"https:\/\/nebraskademocrats.org\/#organization"},"potentialAction":[{"@type":"SearchAction","target":{"@type":"EntryPoint","urlTemplate":"https:\/\/nebraskademocrats.org\/?s={search_term_string}"},"query-input":{"@type":"PropertyValueSpecification","valueRequired":true,"valueName":"search_term_string"}}],"inLanguage":"vi"},{"@type":"Organization","@id":"https:\/\/nebraskademocrats.org\/#organization","name":"Nebraska Democratic Party","url":"https:\/\/nebraskademocrats.org\/","logo":{"@type":"ImageObject","inLanguage":"vi","@id":"https:\/\/nebraskademocrats.org\/#\/schema\/logo\/image\/","url":"https:\/\/nebraskadem.wpenginepowered.com\/wp-content\/uploads\/2016\/05\/NDP2.jpg","contentUrl":"https:\/\/nebraskadem.wpenginepowered.com\/wp-content\/uploads\/2016\/05\/NDP2.jpg","width":1000,"height":396,"caption":"Nebraska Democratic Party"},"image":{"@id":"https:\/\/nebraskademocrats.org\/#\/schema\/logo\/image\/"},"sameAs":["https:\/\/www.facebook.com\/NebraskaDemocraticParty\/","https:\/\/x.com\/nebraskadems"]},{"@type":"Person","@id":"https:\/\/nebraskademocrats.org\/#\/schema\/person\/33e011ea0795f404810dc40828bcf289","name":"McKesson qu\u00fd gi\u00e1","image":{"@type":"ImageObject","inLanguage":"vi","@id":"https:\/\/secure.gravatar.com\/avatar\/35046e19b3373116ec64c07d386d3312028d3820dc0ffe65c344bcebc8ea9194?s=96&d=mm&r=g","url":"https:\/\/secure.gravatar.com\/avatar\/35046e19b3373116ec64c07d386d3312028d3820dc0ffe65c344bcebc8ea9194?s=96&d=mm&r=g","contentUrl":"https:\/\/secure.gravatar.com\/avatar\/35046e19b3373116ec64c07d386d3312028d3820dc0ffe65c344bcebc8ea9194?s=96&d=mm&r=g","caption":"Precious McKesson"}}]}},"_links":{"self":[{"href":"https:\/\/nebraskademocrats.org\/vi\/wp-json\/wp\/v2\/posts\/131","targetHints":{"allow":["GET"]}}],"collection":[{"href":"https:\/\/nebraskademocrats.org\/vi\/wp-json\/wp\/v2\/posts"}],"about":[{"href":"https:\/\/nebraskademocrats.org\/vi\/wp-json\/wp\/v2\/types\/post"}],"author":[{"embeddable":true,"href":"https:\/\/nebraskademocrats.org\/vi\/wp-json\/wp\/v2\/users\/19"}],"replies":[{"embeddable":true,"href":"https:\/\/nebraskademocrats.org\/vi\/wp-json\/wp\/v2\/comments?post=131"}],"version-history":[{"count":0,"href":"https:\/\/nebraskademocrats.org\/vi\/wp-json\/wp\/v2\/posts\/131\/revisions"}],"wp:attachment":[{"href":"https:\/\/nebraskademocrats.org\/vi\/wp-json\/wp\/v2\/media?parent=131"}],"wp:term":[{"taxonomy":"category","embeddable":true,"href":"https:\/\/nebraskademocrats.org\/vi\/wp-json\/wp\/v2\/categories?post=131"},{"taxonomy":"post_tag","embeddable":true,"href":"https:\/\/nebraskademocrats.org\/vi\/wp-json\/wp\/v2\/tags?post=131"}],"curies":[{"name":"wp","href":"https:\/\/api.w.org\/{rel}","templated":true}]}}