{"id":18222,"date":"2020-04-20T14:40:43","date_gmt":"2020-04-20T19:40:43","guid":{"rendered":"https:\/\/nebraskadem.wpenginepowered.com\/?p=18222"},"modified":"2020-05-19T13:10:06","modified_gmt":"2020-05-19T18:10:06","slug":"county-democratic-parties-announce-convention-dates","status":"publish","type":"post","link":"https:\/\/nebraskademocrats.org\/vi\/blog\/county-democratic-parties-announce-convention-dates\/","title":{"rendered":"C\u00e1c \u0110\u1ea3ng D\u00e2n ch\u1ee7 Qu\u1eadn C\u00f4ng b\u1ed1 Ng\u00e0y H\u1ed9i ngh\u1ecb"},"content":{"rendered":"<p><span style=\"font-weight: 400;\">County parties across Nebraska have announced the dates of their local conventions, where they will elect local party officers and delegates to the State Democratic Convention. All conventions will be held by phone due to the coronavirus.<\/span><\/p>\n<p><span style=\"font-weight: 400;\">Democratic county parties hold conventions in presidential election years as part of the delegate selection process for the Democratic National Convention, scheduled this summer in Milwaukee.<\/span><span style=\"font-weight: 400;\"><br \/>\n<\/span><span style=\"font-weight: 400;\"><br \/>\n<\/span><span style=\"font-weight: 400;\">\u201cOur party continues to build and grow as we work hand and hand with the county parties to elect leaders ready to help our candidates win elections up and down the ballot,\u201d said NDP Chair Jane Kleeb. \u201cWhile conducting conventions over the phone means our traditional gatherings are transformed, we know this is the safest approach to conduct our party business.\u201d<\/span><\/p>\n<p><span style=\"font-weight: 400;\">Convention dates follow:<\/span><\/p>\n<p><b>Adams<\/b><b><br \/>\n<\/b><span style=\"font-weight: 400;\">Ng\u00e0y 26 th\u00e1ng 5, 7:00 t\u1ed1i<\/span><\/p>\n<p><b>con linh d\u01b0\u01a1ng<\/b><b><br \/>\n<\/b><span style=\"font-weight: 400;\">18 th\u00e1ng 5, 6:00 chi\u1ec1u<\/span><\/p>\n<p><b>Arthur<\/b><b><br \/>\n<\/b><span style=\"font-weight: 400;\">23 th\u00e1ng 5, 6:30 chi\u1ec1u (5:30 chi\u1ec1u MT)<\/span><\/p>\n<p><b>\u1ea2nh b\u00eca<\/b><b><br \/>\n<\/b><span style=\"font-weight: 400;\">Ng\u00e0y 22 th\u00e1ng 5, 7:30 t\u1ed1i (6:30 chi\u1ec1u MT)<\/span><\/p>\n<p><b>Blaine<\/b><b><br \/>\n<\/b><span style=\"font-weight: 400;\">23 th\u00e1ng 5, 7:30 t\u1ed1i<\/span><\/p>\n<p><b>Boone<\/b><b><br \/>\n<\/b><span style=\"font-weight: 400;\">17 th\u00e1ng 5, 12 gi\u1edd tr\u01b0a<\/span><\/p>\n<p><b>Box Butte<\/b><b><br \/>\n<\/b><span style=\"font-weight: 400;\">Ng\u00e0y 24 th\u00e1ng 5, 7:00 t\u1ed1i (6:00 t\u1ed1i theo gi\u1edd MT)<\/span><\/p>\n<p><b>Boyd<\/b><b><br \/>\n<\/b><span style=\"font-weight: 400;\">17 th\u00e1ng 5, 3:00 chi\u1ec1u<\/span><\/p>\n<p><b>n\u00e2u<\/b><b><br \/>\n<\/b><span style=\"font-weight: 400;\">17 th\u00e1ng 5, 3:00 chi\u1ec1u<\/span><\/p>\n<p><b>tr\u00e2u<\/b><b><br \/>\n<\/b><span style=\"font-weight: 400;\">18 th\u00e1ng 5, 7:00 t\u1ed1i<\/span><\/p>\n<p><b>Burt<\/b><b><br \/>\n<\/b><span style=\"font-weight: 400;\">20 th\u00e1ng 5, 6:00 chi\u1ec1u<\/span><b>.<\/b><\/p>\n<p><b>Qu\u1ea3n gia<\/b><b><br \/>\n<\/b><span style=\"font-weight: 400;\">17 th\u00e1ng 5, 5:30 chi\u1ec1u<\/span><\/p>\n<p><b>Cass<\/b><b><br \/>\n<\/b><span style=\"font-weight: 400;\">17 th\u00e1ng 5, 1:30 chi\u1ec1u<\/span><\/p>\n<p><b>Tuy\u1ebft t\u00f9ng<\/b> <b><br \/>\n<\/b><span style=\"font-weight: 400;\">Ng\u00e0y 17 th\u00e1ng 5, 7:00 gi\u1edd t\u1ed1i<\/span><\/p>\n<p><b>s\u0103n b\u1eaft<\/b><b><br \/>\n<\/b><span style=\"font-weight: 400;\">Ng\u00e0y 24 th\u00e1ng 5, 5:00 chi\u1ec1u (4:00 chi\u1ec1u gi\u1edd MT)<\/span><\/p>\n<p><b>qu\u1ea3 anh \u0111\u00e0o<\/b><b><br \/>\n<\/b><span style=\"font-weight: 400;\">18 th\u00e1ng 5, 7:00 t\u1ed1i<\/span><\/p>\n<p><b>Cheyenne<\/b><b><br \/>\n<\/b><span style=\"font-weight: 400;\">Ng\u00e0y 23 th\u00e1ng 5, 11:00 s\u00e1ng (10:00 s\u00e1ng gi\u1edd MT)<\/span><\/p>\n<p><b>\u0110\u1ea5t s\u00e9t<\/b><b><br \/>\n<\/b><span style=\"font-weight: 400;\">17 th\u00e1ng 5, 2:00 chi\u1ec1u<\/span><\/p>\n<p><b>Colfax<\/b><b><br \/>\n<\/b><span style=\"font-weight: 400;\">20 th\u00e1ng 5, 7:30 t\u1ed1i<\/span><\/p>\n<p><b>Cuming<\/b><b><br \/>\n<\/b><span style=\"font-weight: 400;\">19 th\u00e1ng 5, 7:00 t\u1ed1i<\/span><\/p>\n<p><b>Ng\u01b0\u1eddi b\u1ea3o qu\u1ea3n<\/b><b><br \/>\n<\/b><span style=\"font-weight: 400;\">17 th\u00e1ng 5, 4:30 chi\u1ec1u<\/span><\/p>\n<p><b>Dakota<\/b><b><br \/>\n<\/b><span style=\"font-weight: 400;\">21 th\u00e1ng 5, 7:00 t\u1ed1i<\/span><\/p>\n<p><b>Dawes<\/b><b><br \/>\n<\/b><span style=\"font-weight: 400;\">Ng\u00e0y 17 th\u00e1ng 5, 8 gi\u1edd t\u1ed1i (7 gi\u1edd t\u1ed1i theo gi\u1edd MT)<\/span><\/p>\n<p><b>Dawson<\/b><b><br \/>\n<\/b><span style=\"font-weight: 400;\">19 th\u00e1ng 5, 6:30 chi\u1ec1u<\/span><\/p>\n<p><b>Deuel<\/b> <b><br \/>\n<\/b><span style=\"font-weight: 400;\">Ng\u00e0y 23 th\u00e1ng 5, 7:30 t\u1ed1i (6:30 chi\u1ec1u MT)<\/span><\/p>\n<p><b>Dixon<\/b> <b><br \/>\n<\/b><span style=\"font-weight: 400;\">21 th\u00e1ng 5, 7:00 t\u1ed1i<\/span><\/p>\n<p><b>N\u00e9 tr\u00e1nh<\/b><b><br \/>\n<\/b><span style=\"font-weight: 400;\">21 th\u00e1ng 5, 6:30 chi\u1ec1u<\/span><\/p>\n<p><b>Douglas<\/b><b><br \/>\n<\/b><span style=\"font-weight: 400;\">Ng\u00e0y 30 th\u00e1ng 5, 10 gi\u1edd s\u00e1ng<\/span><\/p>\n<p><b>Dundy<\/b><b><br \/>\n<\/b><span style=\"font-weight: 400;\">Ng\u00e0y 17 th\u00e1ng 5, 6:00 chi\u1ec1u (5:00 chi\u1ec1u gi\u1edd MT)<\/span><\/p>\n<p><b>Fillmore<\/b><b><br \/>\n<\/b><span style=\"font-weight: 400;\">19 th\u00e1ng 5, 7:00 t\u1ed1i<\/span><\/p>\n<p><b>Franklin<\/b><b><br \/>\n<\/b><span style=\"font-weight: 400;\">18 th\u00e1ng 5, 7:00 t\u1ed1i<\/span><\/p>\n<p><b>Bi\u00ean gi\u1edbi<\/b><b><br \/>\n<\/b><span style=\"font-weight: 400;\">18 th\u00e1ng 5, 6:00 chi\u1ec1u<\/span><\/p>\n<p><b>Furnas<\/b><b><br \/>\n<\/b><span style=\"font-weight: 400;\">18 th\u00e1ng 5, 7:00 t\u1ed1i<\/span><\/p>\n<p><b>Gage<\/b><b><br \/>\n<\/b><span style=\"font-weight: 400;\">23 th\u00e1ng 5, 1:00 chi\u1ec1u<\/span><\/p>\n<p><b>V\u01b0\u1eddn<\/b><b><br \/>\n<\/b><span style=\"font-weight: 400;\">22 th\u00e1ng 5, 7:00 t\u1ed1i (6:00 t\u1ed1i MT)<\/span><\/p>\n<p><b>Garfield<\/b><b><br \/>\n<\/b><span style=\"font-weight: 400;\">Ng\u00e0y 25 th\u00e1ng 5, 7:00 t\u1ed1i<\/span><\/p>\n<p><b>Gosper<\/b> <b><br \/>\n<\/b><span style=\"font-weight: 400;\">18 th\u00e1ng 5, 5:00 chi\u1ec1u<\/span><\/p>\n<p><b>Ban cho<\/b> <b><br \/>\n<\/b><span style=\"font-weight: 400;\">Ng\u00e0y 18 th\u00e1ng 5, 5:30 chi\u1ec1u (6:30 CT)<\/span><\/p>\n<p><b>Greeley<\/b><b><br \/>\n<\/b><span style=\"font-weight: 400;\">22 th\u00e1ng 5, 7:30 t\u1ed1i<\/span><\/p>\n<p><b>\u0111\u1ea1i s\u1ea3nh<\/b><b><br \/>\n<\/b><span style=\"font-weight: 400;\">Ng\u00e0y 31 th\u00e1ng 5, 11:00 s\u00e1ng<\/span><\/p>\n<p><b>Hamilton<\/b><b><br \/>\n<\/b><span style=\"font-weight: 400;\">18 th\u00e1ng 5, 7:30 t\u1ed1i<\/span><\/p>\n<p><b>Harlan<\/b><b><br \/>\n<\/b><span style=\"font-weight: 400;\">23 th\u00e1ng 5, 1:00 chi\u1ec1u<\/span><\/p>\n<p><b>Hayes<\/b><b><br \/>\n<\/b><span style=\"font-weight: 400;\">19 th\u00e1ng 5, 7:30 t\u1ed1i<\/span><\/p>\n<p><b>Hitchcock<\/b><b><br \/>\n<\/b><span style=\"font-weight: 400;\">22 th\u00e1ng 5, 7:00 t\u1ed1i<\/span><\/p>\n<p><b>Holt<\/b><b><br \/>\n<\/b><span style=\"font-weight: 400;\">23 th\u00e1ng 5, 10:00 s\u00e1ng<\/span><\/p>\n<p><b>Hooker<\/b><b><br \/>\n<\/b><span style=\"font-weight: 400;\">Ng\u00e0y 26 th\u00e1ng 5, 8 gi\u1edd t\u1ed1i (7 gi\u1edd t\u1ed1i theo gi\u1edd MT)<\/span><\/p>\n<p><b>Howard<\/b> <b><br \/>\n<\/b><span style=\"font-weight: 400;\">Ng\u00e0y 21 th\u00e1ng 5, 5:00 chi\u1ec1u<\/span><\/p>\n<p><b>Jefferson<\/b><b><br \/>\n<\/b><span style=\"font-weight: 400;\">23 th\u00e1ng 5, 1:00 chi\u1ec1u<\/span><\/p>\n<p><b>Johnson<\/b><b><br \/>\n<\/b><span style=\"font-weight: 400;\">23 th\u00e1ng 5, 2:00 chi\u1ec1u<\/span><\/p>\n<p><b>Kearney<\/b><b><br \/>\n<\/b><span style=\"font-weight: 400;\">Ng\u00e0y 25 th\u00e1ng 5, 6:00 chi\u1ec1u<\/span><\/p>\n<p><b>Keith<\/b> <b><br \/>\n<\/b><span style=\"font-weight: 400;\">21 th\u00e1ng 5, 6:30 chi\u1ec1u<\/span><\/p>\n<p><b>Keya Paha<\/b> <b><br \/>\n<\/b><span style=\"font-weight: 400;\">23 th\u00e1ng 5, 10:00 s\u00e1ng<\/span><\/p>\n<p><b>Kimball<\/b><b><br \/>\n<\/b><span style=\"font-weight: 400;\">23 th\u00e1ng 5, 11 gi\u1edd s\u00e1ng<\/span><\/p>\n<p><b>Knox<\/b><b><br \/>\n<\/b><span style=\"font-weight: 400;\">23 th\u00e1ng 5, 1:00 chi\u1ec1u<\/span><\/p>\n<p><b>Lancaster<\/b><b><br \/>\n<\/b><span style=\"font-weight: 400;\">Ng\u00e0y 30 th\u00e1ng 5, 4:30 chi\u1ec1u<\/span><\/p>\n<p><b>Lincoln<\/b><b><br \/>\n<\/b><span style=\"font-weight: 400;\">21 th\u00e1ng 5, 6:00 chi\u1ec1u<\/span><\/p>\n<p><b>qu\u1ea3 nh\u00e3n<\/b><b><br \/>\n<\/b><span style=\"font-weight: 400;\">23 th\u00e1ng 5, 4:00 chi\u1ec1u<\/span><\/p>\n<p><b>Loup<\/b><b><br \/>\n<\/b><span style=\"font-weight: 400;\">23 th\u00e1ng 5, 6:00 chi\u1ec1u<\/span><\/p>\n<p><b>Madison<\/b><b><br \/>\n<\/b><span style=\"font-weight: 400;\">19 th\u00e1ng 5, 6:00 chi\u1ec1u<\/span><\/p>\n<p><b>McPherson<\/b><b><br \/>\n<\/b><span style=\"font-weight: 400;\">24 th\u00e1ng 5, 4:00 chi\u1ec1u<\/span><\/p>\n<p><b>Merrick<\/b><b><br \/>\n<\/b><span style=\"font-weight: 400;\">24 th\u00e1ng 5, 4:00 chi\u1ec1u<\/span><\/p>\n<p><b>Morrill<\/b><b><br \/>\n<\/b><span style=\"font-weight: 400;\">24 th\u00e1ng 5, 6:00 chi\u1ec1u<\/span><\/p>\n<p><b>Nance<\/b><b><br \/>\n<\/b><span style=\"font-weight: 400;\">24 th\u00e1ng 5, 6:00 chi\u1ec1u<\/span><\/p>\n<p><b>Nemaha<\/b><b><br \/>\n<\/b><span style=\"font-weight: 400;\">23 th\u00e1ng 5, 10:00 s\u00e1ng<\/span><\/p>\n<p><b>Nuckolls<\/b><b><br \/>\n<\/b><span style=\"font-weight: 400;\">27 th\u00e1ng 5, 7:00 t\u1ed1i<\/span><\/p>\n<p><b>Otoe<\/b><b><br \/>\n<\/b><span style=\"font-weight: 400;\">23 th\u00e1ng 5, 4:00 chi\u1ec1u<\/span><\/p>\n<p><b>Pawnee<\/b><b><br \/>\n<\/b><span style=\"font-weight: 400;\">17 th\u00e1ng 5, 4:00 chi\u1ec1u<\/span><\/p>\n<p><b>Perkins<\/b><b><br \/>\n<\/b><span style=\"font-weight: 400;\">Ng\u00e0y 26 th\u00e1ng 5, 6:30 chi\u1ec1u<\/span><\/p>\n<p><b>Phelps<\/b><b><br \/>\n<\/b><span style=\"font-weight: 400;\">Ng\u00e0y 25 th\u00e1ng 5, 6:00 chi\u1ec1u<\/span><\/p>\n<p><b>Khoan<\/b><b><br \/>\n<\/b><span style=\"font-weight: 400;\">20 th\u00e1ng 5, 7:00 t\u1ed1i<\/span><\/p>\n<p><b>Platte<\/b><b><br \/>\n<\/b><span style=\"font-weight: 400;\">20 th\u00e1ng 5, 7:00 t\u1ed1i<\/span><\/p>\n<p><b>Polk<\/b><b><br \/>\n<\/b><span style=\"font-weight: 400;\">Ng\u00e0y 27 th\u00e1ng 5, 6 gi\u1edd chi\u1ec1u<\/span><\/p>\n<p><b>Li\u1ec5u \u0111\u1ecf<\/b><b><br \/>\n<\/b><span style=\"font-weight: 400;\">21 th\u00e1ng 5, 7:00 t\u1ed1i<\/span><\/p>\n<p><b>Richardson<\/b><b><br \/>\n<\/b><span style=\"font-weight: 400;\">21 th\u00e1ng 5, 7:00 t\u1ed1i<\/span><\/p>\n<p><b>\u0110\u00e1<\/b><b><br \/>\n<\/b><span style=\"font-weight: 400;\">23 th\u00e1ng 5, 10:00 s\u00e1ng<\/span><\/p>\n<p><b>N\u01b0\u1edbc mu\u1ed1i<\/b><b><br \/>\n<\/b><span style=\"font-weight: 400;\">Ng\u00e0y 25 th\u00e1ng 5, 6:00 chi\u1ec1u<\/span><\/p>\n<p><b>Sarpy<\/b><b><br \/>\n<\/b><span style=\"font-weight: 400;\">31 th\u00e1ng 5, 3:00 chi\u1ec1u<\/span><\/p>\n<p><b>Saunders<\/b><b><br \/>\n<\/b><span style=\"font-weight: 400;\">17 th\u00e1ng 5, 2:00 chi\u1ec1u<\/span><\/p>\n<p><b>Scotts Bluff<\/b><b><br \/>\n<\/b><span style=\"font-weight: 400;\">23 th\u00e1ng 5, 2:00 chi\u1ec1u (1:00 chi\u1ec1u gi\u1edd MT)<\/span><\/p>\n<p><b>Seward<\/b><b><br \/>\n<\/b><span style=\"font-weight: 400;\">23 th\u00e1ng 5, 10:00 s\u00e1ng<\/span><\/p>\n<p><b>Sheridan<\/b><b><br \/>\n<\/b><span style=\"font-weight: 400;\">20 th\u00e1ng 5, 7 gi\u1edd t\u1ed1i (6 gi\u1edd chi\u1ec1u gi\u1edd MT)<\/span><\/p>\n<p><b>Sherman<\/b><b><br \/>\n<\/b><span style=\"font-weight: 400;\">Ng\u00e0y 25 th\u00e1ng 5, 7:00 t\u1ed1i<\/span><\/p>\n<p><b>Sioux<\/b><b><br \/>\n<\/b><span style=\"font-weight: 400;\">23 th\u00e1ng 5, 3:00 chi\u1ec1u (<\/span> <span style=\"font-weight: 400;\">2:00 chi\u1ec1u gi\u1edd MT)<\/span><\/p>\n<p><b>Stanton<\/b><b><br \/>\n<\/b><span style=\"font-weight: 400;\">23 th\u00e1ng 5, 6:00 chi\u1ec1u<\/span><\/p>\n<p><b>Thayer<\/b><b><br \/>\n<\/b><span style=\"font-weight: 400;\">Ng\u00e0y 27 th\u00e1ng 5, 6 gi\u1edd chi\u1ec1u<\/span><\/p>\n<p><b>Thomas<\/b><b><br \/>\n<\/b><span style=\"font-weight: 400;\">Ng\u00e0y 25 th\u00e1ng 5, 7:00 t\u1ed1i<\/span><\/p>\n<p><b>Thurston<\/b><b><br \/>\n<\/b><span style=\"font-weight: 400;\">17 th\u00e1ng 5, 2:00 chi\u1ec1u<\/span><\/p>\n<p><b>Thung l\u0169ng<\/b><b><br \/>\n<\/b><span style=\"font-weight: 400;\">20 th\u00e1ng 5, 7:00 t\u1ed1i<\/span><\/p>\n<p><b>Washington<\/b><b><br \/>\n<\/b><span style=\"font-weight: 400;\">20 th\u00e1ng 5, 7:00 t\u1ed1i<\/span><\/p>\n<p><b>Wayne<\/b><b><br \/>\n<\/b><span style=\"font-weight: 400;\">19 th\u00e1ng 5, 7:00 t\u1ed1i<\/span><\/p>\n<p><b>Webster<\/b><b><br \/>\n<\/b><span style=\"font-weight: 400;\">Ng\u00e0y 26 th\u00e1ng 5, 7:00 t\u1ed1i<\/span><\/p>\n<p><b>Ng\u01b0\u1eddi l\u00e1i xe<\/b><b><br \/>\n<\/b><span style=\"font-weight: 400;\">Ng\u00e0y 26 th\u00e1ng 5, 7:00 t\u1ed1i<\/span><\/p>\n<p><b>York<\/b><b><br \/>\n<\/b><span style=\"font-weight: 400;\">23 th\u00e1ng 5, 12:00 tr\u01b0a<\/span><\/p>\n<p style=\"text-align: center;\"><span style=\"font-weight: 400;\">###<\/span><\/p>\n<p>&nbsp;<\/p>","protected":false},"excerpt":{"rendered":"<p>County parties across Nebraska have announced the dates of their local conventions, where they will elect local party officers and delegates to the State Democratic Convention. All conventions will be held by phone due to the coronavirus. Democratic county parties hold conventions in presidential election years as part of the delegate selection process for the &#8230; <a title=\"C\u00e1c \u0110\u1ea3ng D\u00e2n ch\u1ee7 Qu\u1eadn C\u00f4ng b\u1ed1 Ng\u00e0y H\u1ed9i ngh\u1ecb\" class=\"read-more\" href=\"https:\/\/nebraskademocrats.org\/vi\/blog\/county-democratic-parties-announce-convention-dates\/\" aria-label=\"More on County Democratic Parties Announce Convention Dates\">\u0110\u1ecdc th\u00eam<\/a><\/p>","protected":false},"author":19,"featured_media":0,"comment_status":"closed","ping_status":"closed","sticky":false,"template":"","format":"standard","meta":{"_acf_changed":false,"_exactmetrics_skip_tracking":false,"_exactmetrics_sitenote_active":false,"_exactmetrics_sitenote_note":"","_exactmetrics_sitenote_category":0,"footnotes":""},"categories":[1],"tags":[],"class_list":["post-18222","post","type-post","status-publish","format-standard","hentry","category-blog"],"acf":[],"yoast_head":"<!-- This site is optimized with the Yoast SEO plugin v27.4 - https:\/\/yoast.com\/product\/yoast-seo-wordpress\/ -->\n<title>County Democratic Parties Announce Convention Dates &#8211; Nebraska Democratic Party<\/title>\n<meta name=\"robots\" content=\"index, follow, max-snippet:-1, max-image-preview:large, max-video-preview:-1\" \/>\n<link rel=\"canonical\" href=\"https:\/\/nebraskademocrats.org\/vi\/blog\/county-democratic-parties-announce-convention-dates\/\" \/>\n<meta property=\"og:locale\" content=\"vi_VN\" \/>\n<meta property=\"og:type\" content=\"article\" \/>\n<meta property=\"og:title\" content=\"County Democratic Parties Announce Convention Dates &#8211; Nebraska Democratic Party\" \/>\n<meta property=\"og:description\" content=\"County parties across Nebraska have announced the dates of their local conventions, where they will elect local party officers and delegates to the State Democratic Convention. All conventions will be held by phone due to the coronavirus. Democratic county parties hold conventions in presidential election years as part of the delegate selection process for the ... Read more\" \/>\n<meta property=\"og:url\" content=\"https:\/\/nebraskademocrats.org\/vi\/blog\/county-democratic-parties-announce-convention-dates\/\" \/>\n<meta property=\"og:site_name\" content=\"Nebraska Democratic Party\" \/>\n<meta property=\"article:publisher\" content=\"https:\/\/www.facebook.com\/NebraskaDemocraticParty\/\" \/>\n<meta property=\"article:published_time\" content=\"2020-04-20T19:40:43+00:00\" \/>\n<meta property=\"article:modified_time\" content=\"2020-05-19T18:10:06+00:00\" \/>\n<meta property=\"og:image\" content=\"https:\/\/nebraskademocrats.org\/wp-content\/uploads\/2018\/09\/ne-dems-fb.jpg\" \/>\n\t<meta property=\"og:image:width\" content=\"1200\" \/>\n\t<meta property=\"og:image:height\" content=\"630\" \/>\n\t<meta property=\"og:image:type\" content=\"image\/jpeg\" \/>\n<meta name=\"author\" content=\"Precious McKesson\" \/>\n<meta name=\"twitter:card\" content=\"summary_large_image\" \/>\n<meta name=\"twitter:creator\" content=\"@nebraskadems\" \/>\n<meta name=\"twitter:site\" content=\"@nebraskadems\" \/>\n<meta name=\"twitter:label1\" content=\"\u0110\u01b0\u1ee3c vi\u1ebft b\u1edfi\" \/>\n\t<meta name=\"twitter:data1\" content=\"Precious McKesson\" \/>\n\t<meta name=\"twitter:label2\" content=\"\u01af\u1edbc t\u00ednh th\u1eddi gian \u0111\u1ecdc\" \/>\n\t<meta name=\"twitter:data2\" content=\"3 ph\u00fat\" \/>\n<script type=\"application\/ld+json\" class=\"yoast-schema-graph\">{\"@context\":\"https:\\\/\\\/schema.org\",\"@graph\":[{\"@type\":\"Article\",\"@id\":\"https:\\\/\\\/nebraskademocrats.org\\\/blog\\\/county-democratic-parties-announce-convention-dates\\\/#article\",\"isPartOf\":{\"@id\":\"https:\\\/\\\/nebraskademocrats.org\\\/blog\\\/county-democratic-parties-announce-convention-dates\\\/\"},\"author\":{\"name\":\"Precious McKesson\",\"@id\":\"https:\\\/\\\/nebraskademocrats.org\\\/#\\\/schema\\\/person\\\/33e011ea0795f404810dc40828bcf289\"},\"headline\":\"County Democratic Parties Announce Convention Dates\",\"datePublished\":\"2020-04-20T19:40:43+00:00\",\"dateModified\":\"2020-05-19T18:10:06+00:00\",\"mainEntityOfPage\":{\"@id\":\"https:\\\/\\\/nebraskademocrats.org\\\/blog\\\/county-democratic-parties-announce-convention-dates\\\/\"},\"wordCount\":548,\"publisher\":{\"@id\":\"https:\\\/\\\/nebraskademocrats.org\\\/#organization\"},\"articleSection\":[\"NDP Blog\"],\"inLanguage\":\"vi\"},{\"@type\":\"WebPage\",\"@id\":\"https:\\\/\\\/nebraskademocrats.org\\\/blog\\\/county-democratic-parties-announce-convention-dates\\\/\",\"url\":\"https:\\\/\\\/nebraskademocrats.org\\\/blog\\\/county-democratic-parties-announce-convention-dates\\\/\",\"name\":\"County Democratic Parties Announce Convention Dates &#8211; Nebraska Democratic Party\",\"isPartOf\":{\"@id\":\"https:\\\/\\\/nebraskademocrats.org\\\/#website\"},\"datePublished\":\"2020-04-20T19:40:43+00:00\",\"dateModified\":\"2020-05-19T18:10:06+00:00\",\"breadcrumb\":{\"@id\":\"https:\\\/\\\/nebraskademocrats.org\\\/blog\\\/county-democratic-parties-announce-convention-dates\\\/#breadcrumb\"},\"inLanguage\":\"vi\",\"potentialAction\":[{\"@type\":\"ReadAction\",\"target\":[\"https:\\\/\\\/nebraskademocrats.org\\\/blog\\\/county-democratic-parties-announce-convention-dates\\\/\"]}]},{\"@type\":\"BreadcrumbList\",\"@id\":\"https:\\\/\\\/nebraskademocrats.org\\\/blog\\\/county-democratic-parties-announce-convention-dates\\\/#breadcrumb\",\"itemListElement\":[{\"@type\":\"ListItem\",\"position\":1,\"name\":\"Home\",\"item\":\"https:\\\/\\\/nebraskademocrats.org\\\/\"},{\"@type\":\"ListItem\",\"position\":2,\"name\":\"County Democratic Parties Announce Convention Dates\"}]},{\"@type\":\"WebSite\",\"@id\":\"https:\\\/\\\/nebraskademocrats.org\\\/#website\",\"url\":\"https:\\\/\\\/nebraskademocrats.org\\\/\",\"name\":\"Nebraska Democratic Party\",\"description\":\"Growing the Good Life for All Nebraskans\",\"publisher\":{\"@id\":\"https:\\\/\\\/nebraskademocrats.org\\\/#organization\"},\"potentialAction\":[{\"@type\":\"SearchAction\",\"target\":{\"@type\":\"EntryPoint\",\"urlTemplate\":\"https:\\\/\\\/nebraskademocrats.org\\\/?s={search_term_string}\"},\"query-input\":{\"@type\":\"PropertyValueSpecification\",\"valueRequired\":true,\"valueName\":\"search_term_string\"}}],\"inLanguage\":\"vi\"},{\"@type\":\"Organization\",\"@id\":\"https:\\\/\\\/nebraskademocrats.org\\\/#organization\",\"name\":\"Nebraska Democratic Party\",\"url\":\"https:\\\/\\\/nebraskademocrats.org\\\/\",\"logo\":{\"@type\":\"ImageObject\",\"inLanguage\":\"vi\",\"@id\":\"https:\\\/\\\/nebraskademocrats.org\\\/#\\\/schema\\\/logo\\\/image\\\/\",\"url\":\"https:\\\/\\\/nebraskadem.wpenginepowered.com\\\/wp-content\\\/uploads\\\/2016\\\/05\\\/NDP2.jpg\",\"contentUrl\":\"https:\\\/\\\/nebraskadem.wpenginepowered.com\\\/wp-content\\\/uploads\\\/2016\\\/05\\\/NDP2.jpg\",\"width\":1000,\"height\":396,\"caption\":\"Nebraska Democratic Party\"},\"image\":{\"@id\":\"https:\\\/\\\/nebraskademocrats.org\\\/#\\\/schema\\\/logo\\\/image\\\/\"},\"sameAs\":[\"https:\\\/\\\/www.facebook.com\\\/NebraskaDemocraticParty\\\/\",\"https:\\\/\\\/x.com\\\/nebraskadems\"]},{\"@type\":\"Person\",\"@id\":\"https:\\\/\\\/nebraskademocrats.org\\\/#\\\/schema\\\/person\\\/33e011ea0795f404810dc40828bcf289\",\"name\":\"Precious McKesson\",\"image\":{\"@type\":\"ImageObject\",\"inLanguage\":\"vi\",\"@id\":\"https:\\\/\\\/secure.gravatar.com\\\/avatar\\\/35046e19b3373116ec64c07d386d3312028d3820dc0ffe65c344bcebc8ea9194?s=96&d=mm&r=g\",\"url\":\"https:\\\/\\\/secure.gravatar.com\\\/avatar\\\/35046e19b3373116ec64c07d386d3312028d3820dc0ffe65c344bcebc8ea9194?s=96&d=mm&r=g\",\"contentUrl\":\"https:\\\/\\\/secure.gravatar.com\\\/avatar\\\/35046e19b3373116ec64c07d386d3312028d3820dc0ffe65c344bcebc8ea9194?s=96&d=mm&r=g\",\"caption\":\"Precious McKesson\"}}]}<\/script>\n<!-- \/ Yoast SEO plugin. -->","yoast_head_json":{"title":"County Democratic Parties Announce Convention Dates &#8211; Nebraska Democratic Party","robots":{"index":"index","follow":"follow","max-snippet":"max-snippet:-1","max-image-preview":"max-image-preview:large","max-video-preview":"max-video-preview:-1"},"canonical":"https:\/\/nebraskademocrats.org\/vi\/blog\/county-democratic-parties-announce-convention-dates\/","og_locale":"vi_VN","og_type":"article","og_title":"County Democratic Parties Announce Convention Dates &#8211; Nebraska Democratic Party","og_description":"County parties across Nebraska have announced the dates of their local conventions, where they will elect local party officers and delegates to the State Democratic Convention. All conventions will be held by phone due to the coronavirus. Democratic county parties hold conventions in presidential election years as part of the delegate selection process for the ... Read more","og_url":"https:\/\/nebraskademocrats.org\/vi\/blog\/county-democratic-parties-announce-convention-dates\/","og_site_name":"Nebraska Democratic Party","article_publisher":"https:\/\/www.facebook.com\/NebraskaDemocraticParty\/","article_published_time":"2020-04-20T19:40:43+00:00","article_modified_time":"2020-05-19T18:10:06+00:00","og_image":[{"width":1200,"height":630,"url":"https:\/\/nebraskademocrats.org\/wp-content\/uploads\/2018\/09\/ne-dems-fb.jpg","type":"image\/jpeg"}],"author":"Precious McKesson","twitter_card":"summary_large_image","twitter_creator":"@nebraskadems","twitter_site":"@nebraskadems","twitter_misc":{"\u0110\u01b0\u1ee3c vi\u1ebft b\u1edfi":"Precious McKesson","\u01af\u1edbc t\u00ednh th\u1eddi gian \u0111\u1ecdc":"3 ph\u00fat"},"schema":{"@context":"https:\/\/schema.org","@graph":[{"@type":"Article","@id":"https:\/\/nebraskademocrats.org\/blog\/county-democratic-parties-announce-convention-dates\/#article","isPartOf":{"@id":"https:\/\/nebraskademocrats.org\/blog\/county-democratic-parties-announce-convention-dates\/"},"author":{"name":"Precious McKesson","@id":"https:\/\/nebraskademocrats.org\/#\/schema\/person\/33e011ea0795f404810dc40828bcf289"},"headline":"County Democratic Parties Announce Convention Dates","datePublished":"2020-04-20T19:40:43+00:00","dateModified":"2020-05-19T18:10:06+00:00","mainEntityOfPage":{"@id":"https:\/\/nebraskademocrats.org\/blog\/county-democratic-parties-announce-convention-dates\/"},"wordCount":548,"publisher":{"@id":"https:\/\/nebraskademocrats.org\/#organization"},"articleSection":["NDP Blog"],"inLanguage":"vi"},{"@type":"WebPage","@id":"https:\/\/nebraskademocrats.org\/blog\/county-democratic-parties-announce-convention-dates\/","url":"https:\/\/nebraskademocrats.org\/blog\/county-democratic-parties-announce-convention-dates\/","name":"County Democratic Parties Announce Convention Dates &#8211; Nebraska Democratic Party","isPartOf":{"@id":"https:\/\/nebraskademocrats.org\/#website"},"datePublished":"2020-04-20T19:40:43+00:00","dateModified":"2020-05-19T18:10:06+00:00","breadcrumb":{"@id":"https:\/\/nebraskademocrats.org\/blog\/county-democratic-parties-announce-convention-dates\/#breadcrumb"},"inLanguage":"vi","potentialAction":[{"@type":"ReadAction","target":["https:\/\/nebraskademocrats.org\/blog\/county-democratic-parties-announce-convention-dates\/"]}]},{"@type":"BreadcrumbList","@id":"https:\/\/nebraskademocrats.org\/blog\/county-democratic-parties-announce-convention-dates\/#breadcrumb","itemListElement":[{"@type":"ListItem","position":1,"name":"Home","item":"https:\/\/nebraskademocrats.org\/"},{"@type":"ListItem","position":2,"name":"County Democratic Parties Announce Convention Dates"}]},{"@type":"WebSite","@id":"https:\/\/nebraskademocrats.org\/#website","url":"https:\/\/nebraskademocrats.org\/","name":"Nebraska Democratic Party","description":"Ph\u00e1t tri\u1ec3n cu\u1ed9c s\u1ed1ng t\u1ed1t \u0111\u1eb9p cho t\u1ea5t c\u1ea3 Nebraskans","publisher":{"@id":"https:\/\/nebraskademocrats.org\/#organization"},"potentialAction":[{"@type":"SearchAction","target":{"@type":"EntryPoint","urlTemplate":"https:\/\/nebraskademocrats.org\/?s={search_term_string}"},"query-input":{"@type":"PropertyValueSpecification","valueRequired":true,"valueName":"search_term_string"}}],"inLanguage":"vi"},{"@type":"Organization","@id":"https:\/\/nebraskademocrats.org\/#organization","name":"Nebraska Democratic Party","url":"https:\/\/nebraskademocrats.org\/","logo":{"@type":"ImageObject","inLanguage":"vi","@id":"https:\/\/nebraskademocrats.org\/#\/schema\/logo\/image\/","url":"https:\/\/nebraskadem.wpenginepowered.com\/wp-content\/uploads\/2016\/05\/NDP2.jpg","contentUrl":"https:\/\/nebraskadem.wpenginepowered.com\/wp-content\/uploads\/2016\/05\/NDP2.jpg","width":1000,"height":396,"caption":"Nebraska Democratic Party"},"image":{"@id":"https:\/\/nebraskademocrats.org\/#\/schema\/logo\/image\/"},"sameAs":["https:\/\/www.facebook.com\/NebraskaDemocraticParty\/","https:\/\/x.com\/nebraskadems"]},{"@type":"Person","@id":"https:\/\/nebraskademocrats.org\/#\/schema\/person\/33e011ea0795f404810dc40828bcf289","name":"McKesson qu\u00fd gi\u00e1","image":{"@type":"ImageObject","inLanguage":"vi","@id":"https:\/\/secure.gravatar.com\/avatar\/35046e19b3373116ec64c07d386d3312028d3820dc0ffe65c344bcebc8ea9194?s=96&d=mm&r=g","url":"https:\/\/secure.gravatar.com\/avatar\/35046e19b3373116ec64c07d386d3312028d3820dc0ffe65c344bcebc8ea9194?s=96&d=mm&r=g","contentUrl":"https:\/\/secure.gravatar.com\/avatar\/35046e19b3373116ec64c07d386d3312028d3820dc0ffe65c344bcebc8ea9194?s=96&d=mm&r=g","caption":"Precious McKesson"}}]}},"_links":{"self":[{"href":"https:\/\/nebraskademocrats.org\/vi\/wp-json\/wp\/v2\/posts\/18222","targetHints":{"allow":["GET"]}}],"collection":[{"href":"https:\/\/nebraskademocrats.org\/vi\/wp-json\/wp\/v2\/posts"}],"about":[{"href":"https:\/\/nebraskademocrats.org\/vi\/wp-json\/wp\/v2\/types\/post"}],"author":[{"embeddable":true,"href":"https:\/\/nebraskademocrats.org\/vi\/wp-json\/wp\/v2\/users\/19"}],"replies":[{"embeddable":true,"href":"https:\/\/nebraskademocrats.org\/vi\/wp-json\/wp\/v2\/comments?post=18222"}],"version-history":[{"count":0,"href":"https:\/\/nebraskademocrats.org\/vi\/wp-json\/wp\/v2\/posts\/18222\/revisions"}],"wp:attachment":[{"href":"https:\/\/nebraskademocrats.org\/vi\/wp-json\/wp\/v2\/media?parent=18222"}],"wp:term":[{"taxonomy":"category","embeddable":true,"href":"https:\/\/nebraskademocrats.org\/vi\/wp-json\/wp\/v2\/categories?post=18222"},{"taxonomy":"post_tag","embeddable":true,"href":"https:\/\/nebraskademocrats.org\/vi\/wp-json\/wp\/v2\/tags?post=18222"}],"curies":[{"name":"wp","href":"https:\/\/api.w.org\/{rel}","templated":true}]}}