{"id":2076,"date":"2017-03-02T09:22:46","date_gmt":"2017-03-02T15:22:46","guid":{"rendered":"http:\/\/nebraskadem.wpenginepowered.com\/?p=2076"},"modified":"2017-03-02T09:24:35","modified_gmt":"2017-03-02T15:24:35","slug":"attend-the-ndp-spring-meeting","status":"publish","type":"post","link":"https:\/\/nebraskademocrats.org\/vi\/blog\/attend-the-ndp-spring-meeting\/","title":{"rendered":"Tham d\u1ef1 cu\u1ed9c h\u1ecdp m\u00f9a xu\u00e2n NDP"},"content":{"rendered":"<p>Nebraska Democratic Party (NDP) mong \u0111\u01b0\u1ee3c g\u1eb7p c\u00e1c th\u00e0nh vi\u00ean SEC v\u00e0 SCC c\u00f9ng v\u1edbi c\u00e1c \u0111\u1ea3ng vi\u00ean \u0110\u1ea3ng D\u00e2n ch\u1ee7 c\u1ea5p c\u01a1 s\u1edf t\u1ea1i Cu\u1ed9c h\u1ecdp m\u00f9a xu\u00e2n c\u1ee7a ch\u00fang t\u00f4i \u1edf Lincoln! T\u1ea1i c\u00e1c cu\u1ed9c h\u1ecdp h\u00e0ng qu\u00fd c\u1ee7a ch\u00fang t\u00f4i, NDP ti\u1ebfn h\u00e0nh c\u00e1c ho\u1ea1t \u0111\u1ed9ng kinh doanh c\u1ee7a \u0111\u1ea3ng, c\u00e1c v\u1ea5n \u0111\u1ec1 v\u00e0 cu\u1ed9c h\u1ecdp k\u00edn d\u1ef1a tr\u00ean khu v\u1ef1c b\u1ea7u c\u1eed \u0111\u1ec3 l\u00ean k\u1ebf ho\u1ea1ch cho c\u00e1c s\u1ef1 ki\u1ec7n v\u00e0 ch\u00fang t\u00f4i t\u1eadp h\u1ee3p \u0111\u1ec3 ti\u1ebfp t\u1ee5c \u0111\u1ea1t \u0111\u01b0\u1ee3c c\u00e1c m\u1ee5c ti\u00eau c\u1ee7a \u0111\u1ea3ng \u2014 b\u1ea7u c\u1eed \u0110\u1ea3ng D\u00e2n ch\u1ee7 \u1edf t\u1ea5t c\u1ea3 c\u00e1c c\u1ea5p trong ti\u1ec3u bang c\u1ee7a ch\u00fang t\u00f4i.<\/p>\n<h3 style=\"text-align: center;\"><a href=\"https:\/\/www.eventbrite.com\/e\/ndp-spring-meeting-and-events-march-17-and-march-18-tickets-31887333874\"><strong>\u0110\u0103ng k\u00fd tr\u1ef1c tuy\u1ebfn cho c\u00e1c cu\u1ed9c h\u1ecdp ng\u00e0y 17 th\u00e1ng 3 v\u00e0 ng\u00e0y 18 th\u00e1ng 3<\/strong><\/a><\/h3>\n<p><b><br \/>\nNg\u00e0y, gi\u1edd, \u0111\u1ecba \u0111i\u1ec3m h\u1ecdp m\u1eb7t m\u00f9a xu\u00e2n (17 + 18 th\u00e1ng 3)<\/b><\/p>\n<p>Cu\u1ed9c h\u1ecdp k\u00edn v\u1ec1 kh\u00ed h\u1eadu v\u00e0 Ti\u1ec7c chi\u00eau \u0111\u00e3i di\u1ec5n ra v\u00e0o ng\u00e0y 17 th\u00e1ng Ba.<\/p>\n<p>C\u00e1c cu\u1ed9c h\u1ecdp Caucuses, Qu\u1eadn Qu\u1ed1c h\u1ed9i, SEC v\u00e0 SCC kh\u00e1c s\u1ebd di\u1ec5n ra v\u00e0o ng\u00e0y 18 th\u00e1ng 3.<\/p>\n<p>L\u1ecbch tr\u00ecnh \u0111\u1ea7y \u0111\u1ee7 c\u1ee7a c\u00e1c s\u1ef1 ki\u1ec7n n\u1eb1m tr\u00ean\u00a0<a href=\"https:\/\/www.facebook.com\/events\/1663738747258783\/\">Trang Facebook NDP<\/a>\u00a0(c\u0169ng \u0111\u01b0\u1ee3c d\u00e1n b\u00ean d\u01b0\u1edbi):<\/p>\n<ul>\n<li><b>C\u00e1c cu\u1ed9c h\u1ecdp ng\u00e0y 17 th\u00e1ng 3:<\/b>\u00a0V\u0103n ph\u00f2ng NDP, 201 North 8 Street, #201, Lincoln<\/li>\n<\/ul>\n<ul>\n<li><b>C\u00e1c cu\u1ed9c h\u1ecdp ng\u00e0y 18 th\u00e1ng 3:<\/b>\u00a0Lincoln East High School, 1000 South 70th Street, Lincoln<\/li>\n<\/ul>\n<p><b><br \/>\n\u0110\u0103ng k\u00fd v\u00e0 B\u1eefa \u0103n<br \/>\n<\/b><a href=\"https:\/\/www.eventbrite.com\/e\/ndp-spring-meeting-and-events-march-17-and-march-18-tickets-31887333874\">B\u1ea1n ph\u1ea3i \u0111\u0103ng k\u00fd \u0111\u1ec3 tham d\u1ef1 c\u00e1c cu\u1ed9c h\u1ecdp.<\/a> Kh\u00f4ng c\u00f3 chi ph\u00ed \u0111\u1ec3 tham d\u1ef1 c\u00e1c cu\u1ed9c h\u1ecdp.<\/p>\n<p>V\u00e0o ng\u00e0y 17 th\u00e1ng 3, c\u00e1c m\u00f3n khai v\u1ecb v\u00e0 bia \u0111\u1ecba ph\u01b0\u01a1ng \u0111\u01b0\u1ee3c \u0110\u1ea3ng D\u00e2n ch\u1ee7 Lancaster t\u00e0i tr\u1ee3 cho Ti\u1ec7c chi\u00eau \u0111\u00e3i.<\/p>\n<p>V\u00e0o ng\u00e0y 18 th\u00e1ng 3, b\u1eefa s\u00e1ng nh\u1eb9 g\u1ed3m b\u00e1nh n\u01b0\u1edbng x\u1ed1p v\u00e0 c\u00e0 ph\u00ea \u0111\u01b0\u1ee3c NDP v\u00e0 \u0110\u1ea3ng D\u00e2n ch\u1ee7 Lancaster t\u00e0i tr\u1ee3 mi\u1ec5n ph\u00ed. B\u1ea1n c\u00f3 th\u1ec3 mang theo b\u1eefa tr\u01b0a c\u1ee7a m\u00ecnh ho\u1eb7c n\u1ebfu b\u1ea1n mu\u1ed1n \u0103n b\u1eefa tr\u01b0a do ch\u00fang t\u00f4i cung c\u1ea5p, <a href=\"https:\/\/www.eventbrite.com\/e\/ndp-spring-meeting-and-events-march-17-and-march-18-tickets-31887333874\">b\u1ea1n ph\u1ea3i tr\u1ea3 tr\u01b0\u1edbc $10<\/a>. B\u1ea1n c\u00f3 th\u1ec3 ch\u1ecdn thanh to\u00e1n cho m\u1ed9t b\u1eefa \u0103n tr\u01b0a trong qu\u00e1 tr\u00ecnh \u0111\u0103ng k\u00fd.<\/p>\n<p><em><b>Ng\u00e0y 17 th\u00e1ng 3 n\u0103m 2017 L\u1ecbch tr\u00ecnh<\/b><\/em><br \/>\nT\u1ea5t c\u1ea3 c\u00e1c s\u1ef1 ki\u1ec7n v\u00e0o ng\u00e0y 17 th\u00e1ng 3 \u0111\u1ec1u di\u1ec5n ra t\u1ea1i v\u0103n ph\u00f2ng NDP, 201 North 8 Street, #201, Lincoln, NE<\/p>\n<p>4 gi\u1edd chi\u1ec1u: Chi\u1ebfu phim t\u00e0i li\u1ec7u v\u1ec1 kh\u00ed h\u1eadu c\u1ee7a Josh Fox \u201cL\u00e0m th\u1ebf n\u00e0o \u0111\u1ec3 bu\u00f4ng b\u1ecf\u201d ho\u1eb7c \u201cTh\u1ee9c t\u1ec9nh\u201d<\/p>\n<p>5:30 chi\u1ec1u: Cu\u1ed9c h\u1ecdp k\u00edn Climate Caucus v\u1edbi cu\u1ed9c tr\u00f2 chuy\u1ec7n Skype \u0111\u1eb7c bi\u1ec7t v\u1edbi Josh Fox<\/p>\n<p>7-8 gi\u1edd t\u1ed1i: L\u1ec5 t\u00e2n ch\u00e0o m\u1eebng d\u00e0nh cho m\u1ecdi ng\u01b0\u1eddi!<\/p>\n<p><em><b>Ng\u00e0y 18 th\u00e1ng 3 n\u0103m 2017 L\u1ecbch tr\u00ecnh<\/b><\/em><br \/>\nT\u1ea5t c\u1ea3 c\u00e1c s\u1ef1 ki\u1ec7n v\u00e0o ng\u00e0y 18 th\u00e1ng 3 di\u1ec5n ra t\u1ea1i Lincoln East High School, 1000 South 70th Street, Lincoln<\/p>\n<p>8-9h s\u00e1ng<br \/>\n\u0110\u0103ng k\u00fd (nh\u1eadn huy hi\u1ec7u t\u00ean, t\u00e0i li\u1ec7u cu\u1ed9c h\u1ecdp)<\/p>\n<p>8 gi\u1edd 30 ph\u00fat s\u00e1ng<br \/>\n\u0110\u1ea3ng D\u00e2n ch\u1ee7 \u0111ang tr\u1ea3i qua cu\u1ed9c h\u1ecdp k\u00edn v\u1ec1 khuy\u1ebft t\u1eadt<br \/>\nCu\u1ed9c h\u1ecdp k\u00edn c\u1ee7a c\u00e1c gia \u0111\u00ecnh lao \u0111\u1ed9ng<br \/>\nCaucus C\u00f4ng gi\u00e1o<br \/>\nC\u1ef1u chi\u1ebfn binh Caucus<br \/>\nH\u1ecdp Ban N\u1ed9i quy (1,5 gi\u1edd)<\/p>\n<p>Ngh\u1ec9 5 ph\u00fat \u0111\u1ec3 \u0111\u1ebfn cu\u1ed9c h\u1ecdp ti\u1ebfp theo<\/p>\n<p>9:35 s\u00e1ng<br \/>\nCu\u1ed9c h\u1ecdp k\u00edn c\u1ee7a ph\u1ee5 n\u1eef<br \/>\nH\u1ecdp Ch\u1ee7 t\u1ecbch Qu\u1eadn<br \/>\nCaucus Latino<br \/>\nLGBT Caucus<br \/>\nHu\u1ea5n luy\u1ec7n: L\u00e0m th\u1ebf n\u00e0o \u0111\u1ec3 g\u00e2y \u00e1p l\u1ef1c v\u1edbi Qu\u1ed1c h\u1ed9i<\/p>\n<p>Ngh\u1ec9 5 ph\u00fat \u0111\u1ec3 \u0111\u1ebfn cu\u1ed9c h\u1ecdp ti\u1ebfp theo<\/p>\n<p>10:40 s\u00e1ng<br \/>\n\u0110\u1ea3ng vi\u00ean D\u00e2n ch\u1ee7 Tr\u1ebb Nebraska<br \/>\nCaucus \u0111en<br \/>\nNg\u01b0\u1eddi M\u1ef9 b\u1ea3n \u0111\u1ecba Caucus<br \/>\nCu\u1ed9c h\u1ecdp \u1ee6y ban C\u01b0\u01a1ng l\u0129nh v\u00e0 Ngh\u1ecb quy\u1ebft<br \/>\n\u0110\u00e0o t\u1ea1o: C\u00e1ch h\u1ed7 tr\u1ee3 nh\u1eefng ng\u01b0\u1eddi h\u00e0ng x\u00f3m nh\u1eadp c\u01b0<\/p>\n<p>Ngh\u1ec9 5 ph\u00fat \u0111\u1ec3 \u0111\u1ebfn cu\u1ed9c h\u1ecdp ti\u1ebfp theo<\/p>\n<p>11:45 s\u00e1ng<br \/>\nCu\u1ed9c h\u1ecdp CD1 (c\u00e1c v\u1ecb tr\u00ed tuy\u1ec3n d\u1ee5ng cho SCC \u0111\u01b0\u1ee3c b\u1ecf phi\u1ebfu)<br \/>\nCu\u1ed9c h\u1ecdp CD2 ((c\u00e1c v\u1ecb tr\u00ed tuy\u1ec3n d\u1ee5ng cho SCC \u0111\u01b0\u1ee3c b\u1ecf phi\u1ebfu)<br \/>\nCu\u1ed9c h\u1ecdp CD3 (c\u00e1c v\u1ecb tr\u00ed tuy\u1ec3n d\u1ee5ng cho SCC \u0111\u01b0\u1ee3c b\u1ecf phi\u1ebfu)<\/p>\n<p>Ngh\u1ec9 5 ph\u00fat \u0111\u1ec3 \u0111i \u0103n tr\u01b0a<\/p>\n<p>12:50 chi\u1ec1u<br \/>\nB\u1eefa tr\u01b0a<br \/>\nBu\u1ed5i bi\u1ec3u di\u1ec5n \u00e2m nh\u1ea1c c\u1ee7a (\u0111i\u1ec1n t\u00ean)<br \/>\nOpen-Mic \u0111\u1ec3 th\u00f4ng b\u00e1o, c\u1eadp nh\u1eadt, l\u1eddi k\u00eau g\u1ecdi h\u00e0nh \u0111\u1ed9ng (s\u1ebd ch\u1ea1y t\u1eeb 1: 15-1: 30 chi\u1ec1u)<br \/>\nB\u1eefa tr\u01b0a di\u1ec5n ra trong c\u00f9ng ph\u00f2ng v\u1edbi cu\u1ed9c h\u1ecdp SCC, v\u00ec v\u1eady b\u1ea1n c\u00f3 th\u1ec3 ti\u1ebfp t\u1ee5c \u0103n tr\u01b0a trong cu\u1ed9c h\u1ecdp<\/p>\n<p>1:15 chi\u1ec1u<br \/>\nCu\u1ed9c tr\u00f2 chuy\u1ec7n nh\u00f3m \u0111\u0103ng k\u00fd c\u1ee7a \u1ee6y ban \u0111i\u1ec1u h\u00e0nh ti\u1ec3u bang (SEC)<\/p>\n<p>1gi\u1edd 30 ph\u00fat t\u1ed1i<br \/>\nH\u1ed9i ngh\u1ecb \u1ee6y ban Trung \u01b0\u01a1ng Bang (SCC) \/ cu\u1ed9c h\u1ecdp d\u1ef1 ki\u1ebfn k\u1ebft th\u00fac v\u00e0o 4 gi\u1edd chi\u1ec1u<\/p>\n<h3 style=\"text-align: center;\"><strong>C\u00e2u h\u1ecfi? E-mail <a href=\"mailto:info@nebraskademocrats.org\">info@nebraskademocrats.org<\/a>\u00a0<\/strong><\/h3>","protected":false},"excerpt":{"rendered":"<p>The Nebraska Democratic Party (NDP) looks forward to seeing SEC and SCC members along with grassroots Democrats at our Spring Meeting in Lincoln!\u00a0At our quarterly meetings, the NDP conducts party business, issue and constituency-based Caucus meet to plan events and we gather to further the goals of the party\u2014electing Democrats at all levels in our &#8230; <a title=\"Tham d\u1ef1 cu\u1ed9c h\u1ecdp m\u00f9a xu\u00e2n NDP\" class=\"read-more\" href=\"https:\/\/nebraskademocrats.org\/vi\/blog\/attend-the-ndp-spring-meeting\/\" aria-label=\"More on Attend the NDP Spring Meeting\">\u0110\u1ecdc th\u00eam<\/a><\/p>","protected":false},"author":7,"featured_media":0,"comment_status":"open","ping_status":"open","sticky":false,"template":"","format":"standard","meta":{"_acf_changed":false,"_exactmetrics_skip_tracking":false,"_exactmetrics_sitenote_active":false,"_exactmetrics_sitenote_note":"","_exactmetrics_sitenote_category":0,"footnotes":""},"categories":[1],"tags":[30,28,29],"class_list":["post-2076","post","type-post","status-publish","format-standard","hentry","category-blog","tag-meeting","tag-scc","tag-sec"],"acf":[],"yoast_head":"<!-- This site is optimized with the Yoast SEO plugin v27.4 - https:\/\/yoast.com\/product\/yoast-seo-wordpress\/ -->\n<title>Attend the NDP Spring Meeting &#8211; Nebraska Democratic Party<\/title>\n<meta name=\"robots\" content=\"index, follow, max-snippet:-1, max-image-preview:large, max-video-preview:-1\" \/>\n<link rel=\"canonical\" href=\"https:\/\/nebraskademocrats.org\/vi\/blog\/attend-the-ndp-spring-meeting\/\" \/>\n<meta property=\"og:locale\" content=\"vi_VN\" \/>\n<meta property=\"og:type\" content=\"article\" \/>\n<meta property=\"og:title\" content=\"Attend the NDP Spring Meeting &#8211; Nebraska Democratic Party\" \/>\n<meta property=\"og:description\" content=\"The Nebraska Democratic Party (NDP) looks forward to seeing SEC and SCC members along with grassroots Democrats at our Spring Meeting in Lincoln!\u00a0At our quarterly meetings, the NDP conducts party business, issue and constituency-based Caucus meet to plan events and we gather to further the goals of the party\u2014electing Democrats at all levels in our ... Read more\" \/>\n<meta property=\"og:url\" content=\"https:\/\/nebraskademocrats.org\/vi\/blog\/attend-the-ndp-spring-meeting\/\" \/>\n<meta property=\"og:site_name\" content=\"Nebraska Democratic Party\" \/>\n<meta property=\"article:publisher\" content=\"https:\/\/www.facebook.com\/NebraskaDemocraticParty\/\" \/>\n<meta property=\"article:published_time\" content=\"2017-03-02T15:22:46+00:00\" \/>\n<meta property=\"article:modified_time\" content=\"2017-03-02T15:24:35+00:00\" \/>\n<meta property=\"og:image\" content=\"https:\/\/nebraskademocrats.org\/wp-content\/uploads\/2018\/09\/ne-dems-fb.jpg\" \/>\n\t<meta property=\"og:image:width\" content=\"1200\" \/>\n\t<meta property=\"og:image:height\" content=\"630\" \/>\n\t<meta property=\"og:image:type\" content=\"image\/jpeg\" \/>\n<meta name=\"author\" content=\"Jane Kleeb\" \/>\n<meta name=\"twitter:card\" content=\"summary_large_image\" \/>\n<meta name=\"twitter:creator\" content=\"@nebraskadems\" \/>\n<meta name=\"twitter:site\" content=\"@nebraskadems\" \/>\n<meta name=\"twitter:label1\" content=\"\u0110\u01b0\u1ee3c vi\u1ebft b\u1edfi\" \/>\n\t<meta name=\"twitter:data1\" content=\"Jane Kleeb\" \/>\n\t<meta name=\"twitter:label2\" content=\"\u01af\u1edbc t\u00ednh th\u1eddi gian \u0111\u1ecdc\" \/>\n\t<meta name=\"twitter:data2\" content=\"2 ph\u00fat\" \/>\n<script type=\"application\/ld+json\" class=\"yoast-schema-graph\">{\"@context\":\"https:\\\/\\\/schema.org\",\"@graph\":[{\"@type\":\"Article\",\"@id\":\"https:\\\/\\\/nebraskademocrats.org\\\/blog\\\/attend-the-ndp-spring-meeting\\\/#article\",\"isPartOf\":{\"@id\":\"https:\\\/\\\/nebraskademocrats.org\\\/blog\\\/attend-the-ndp-spring-meeting\\\/\"},\"author\":{\"name\":\"Jane Kleeb\",\"@id\":\"https:\\\/\\\/nebraskademocrats.org\\\/#\\\/schema\\\/person\\\/648fdf0197d280b37b5d8b98515d2ee9\"},\"headline\":\"Attend the NDP Spring Meeting\",\"datePublished\":\"2017-03-02T15:22:46+00:00\",\"dateModified\":\"2017-03-02T15:24:35+00:00\",\"mainEntityOfPage\":{\"@id\":\"https:\\\/\\\/nebraskademocrats.org\\\/blog\\\/attend-the-ndp-spring-meeting\\\/\"},\"wordCount\":457,\"commentCount\":0,\"publisher\":{\"@id\":\"https:\\\/\\\/nebraskademocrats.org\\\/#organization\"},\"keywords\":[\"Meeting\",\"SCC\",\"SEC\"],\"articleSection\":[\"NDP Blog\"],\"inLanguage\":\"vi\"},{\"@type\":\"WebPage\",\"@id\":\"https:\\\/\\\/nebraskademocrats.org\\\/blog\\\/attend-the-ndp-spring-meeting\\\/\",\"url\":\"https:\\\/\\\/nebraskademocrats.org\\\/blog\\\/attend-the-ndp-spring-meeting\\\/\",\"name\":\"Attend the NDP Spring Meeting &#8211; Nebraska Democratic Party\",\"isPartOf\":{\"@id\":\"https:\\\/\\\/nebraskademocrats.org\\\/#website\"},\"datePublished\":\"2017-03-02T15:22:46+00:00\",\"dateModified\":\"2017-03-02T15:24:35+00:00\",\"breadcrumb\":{\"@id\":\"https:\\\/\\\/nebraskademocrats.org\\\/blog\\\/attend-the-ndp-spring-meeting\\\/#breadcrumb\"},\"inLanguage\":\"vi\",\"potentialAction\":[{\"@type\":\"ReadAction\",\"target\":[\"https:\\\/\\\/nebraskademocrats.org\\\/blog\\\/attend-the-ndp-spring-meeting\\\/\"]}]},{\"@type\":\"BreadcrumbList\",\"@id\":\"https:\\\/\\\/nebraskademocrats.org\\\/blog\\\/attend-the-ndp-spring-meeting\\\/#breadcrumb\",\"itemListElement\":[{\"@type\":\"ListItem\",\"position\":1,\"name\":\"Home\",\"item\":\"https:\\\/\\\/nebraskademocrats.org\\\/\"},{\"@type\":\"ListItem\",\"position\":2,\"name\":\"Attend the NDP Spring Meeting\"}]},{\"@type\":\"WebSite\",\"@id\":\"https:\\\/\\\/nebraskademocrats.org\\\/#website\",\"url\":\"https:\\\/\\\/nebraskademocrats.org\\\/\",\"name\":\"Nebraska Democratic Party\",\"description\":\"Growing the Good Life for All Nebraskans\",\"publisher\":{\"@id\":\"https:\\\/\\\/nebraskademocrats.org\\\/#organization\"},\"potentialAction\":[{\"@type\":\"SearchAction\",\"target\":{\"@type\":\"EntryPoint\",\"urlTemplate\":\"https:\\\/\\\/nebraskademocrats.org\\\/?s={search_term_string}\"},\"query-input\":{\"@type\":\"PropertyValueSpecification\",\"valueRequired\":true,\"valueName\":\"search_term_string\"}}],\"inLanguage\":\"vi\"},{\"@type\":\"Organization\",\"@id\":\"https:\\\/\\\/nebraskademocrats.org\\\/#organization\",\"name\":\"Nebraska Democratic Party\",\"url\":\"https:\\\/\\\/nebraskademocrats.org\\\/\",\"logo\":{\"@type\":\"ImageObject\",\"inLanguage\":\"vi\",\"@id\":\"https:\\\/\\\/nebraskademocrats.org\\\/#\\\/schema\\\/logo\\\/image\\\/\",\"url\":\"https:\\\/\\\/nebraskadem.wpenginepowered.com\\\/wp-content\\\/uploads\\\/2016\\\/05\\\/NDP2.jpg\",\"contentUrl\":\"https:\\\/\\\/nebraskadem.wpenginepowered.com\\\/wp-content\\\/uploads\\\/2016\\\/05\\\/NDP2.jpg\",\"width\":1000,\"height\":396,\"caption\":\"Nebraska Democratic Party\"},\"image\":{\"@id\":\"https:\\\/\\\/nebraskademocrats.org\\\/#\\\/schema\\\/logo\\\/image\\\/\"},\"sameAs\":[\"https:\\\/\\\/www.facebook.com\\\/NebraskaDemocraticParty\\\/\",\"https:\\\/\\\/x.com\\\/nebraskadems\"]},{\"@type\":\"Person\",\"@id\":\"https:\\\/\\\/nebraskademocrats.org\\\/#\\\/schema\\\/person\\\/648fdf0197d280b37b5d8b98515d2ee9\",\"name\":\"Jane Kleeb\",\"image\":{\"@type\":\"ImageObject\",\"inLanguage\":\"vi\",\"@id\":\"https:\\\/\\\/secure.gravatar.com\\\/avatar\\\/d0c227d7e36b4c78b92b6c8a332c74e381cb575cee3c5c2159651dba25d02f93?s=96&d=mm&r=g\",\"url\":\"https:\\\/\\\/secure.gravatar.com\\\/avatar\\\/d0c227d7e36b4c78b92b6c8a332c74e381cb575cee3c5c2159651dba25d02f93?s=96&d=mm&r=g\",\"contentUrl\":\"https:\\\/\\\/secure.gravatar.com\\\/avatar\\\/d0c227d7e36b4c78b92b6c8a332c74e381cb575cee3c5c2159651dba25d02f93?s=96&d=mm&r=g\",\"caption\":\"Jane Kleeb\"}}]}<\/script>\n<!-- \/ Yoast SEO plugin. -->","yoast_head_json":{"title":"Attend the NDP Spring Meeting &#8211; Nebraska Democratic Party","robots":{"index":"index","follow":"follow","max-snippet":"max-snippet:-1","max-image-preview":"max-image-preview:large","max-video-preview":"max-video-preview:-1"},"canonical":"https:\/\/nebraskademocrats.org\/vi\/blog\/attend-the-ndp-spring-meeting\/","og_locale":"vi_VN","og_type":"article","og_title":"Attend the NDP Spring Meeting &#8211; Nebraska Democratic Party","og_description":"The Nebraska Democratic Party (NDP) looks forward to seeing SEC and SCC members along with grassroots Democrats at our Spring Meeting in Lincoln!\u00a0At our quarterly meetings, the NDP conducts party business, issue and constituency-based Caucus meet to plan events and we gather to further the goals of the party\u2014electing Democrats at all levels in our ... Read more","og_url":"https:\/\/nebraskademocrats.org\/vi\/blog\/attend-the-ndp-spring-meeting\/","og_site_name":"Nebraska Democratic Party","article_publisher":"https:\/\/www.facebook.com\/NebraskaDemocraticParty\/","article_published_time":"2017-03-02T15:22:46+00:00","article_modified_time":"2017-03-02T15:24:35+00:00","og_image":[{"width":1200,"height":630,"url":"https:\/\/nebraskademocrats.org\/wp-content\/uploads\/2018\/09\/ne-dems-fb.jpg","type":"image\/jpeg"}],"author":"Jane Kleeb","twitter_card":"summary_large_image","twitter_creator":"@nebraskadems","twitter_site":"@nebraskadems","twitter_misc":{"\u0110\u01b0\u1ee3c vi\u1ebft b\u1edfi":"Jane Kleeb","\u01af\u1edbc t\u00ednh th\u1eddi gian \u0111\u1ecdc":"2 ph\u00fat"},"schema":{"@context":"https:\/\/schema.org","@graph":[{"@type":"Article","@id":"https:\/\/nebraskademocrats.org\/blog\/attend-the-ndp-spring-meeting\/#article","isPartOf":{"@id":"https:\/\/nebraskademocrats.org\/blog\/attend-the-ndp-spring-meeting\/"},"author":{"name":"Jane Kleeb","@id":"https:\/\/nebraskademocrats.org\/#\/schema\/person\/648fdf0197d280b37b5d8b98515d2ee9"},"headline":"Attend the NDP Spring Meeting","datePublished":"2017-03-02T15:22:46+00:00","dateModified":"2017-03-02T15:24:35+00:00","mainEntityOfPage":{"@id":"https:\/\/nebraskademocrats.org\/blog\/attend-the-ndp-spring-meeting\/"},"wordCount":457,"commentCount":0,"publisher":{"@id":"https:\/\/nebraskademocrats.org\/#organization"},"keywords":["Meeting","SCC","SEC"],"articleSection":["NDP Blog"],"inLanguage":"vi"},{"@type":"WebPage","@id":"https:\/\/nebraskademocrats.org\/blog\/attend-the-ndp-spring-meeting\/","url":"https:\/\/nebraskademocrats.org\/blog\/attend-the-ndp-spring-meeting\/","name":"Attend the NDP Spring Meeting &#8211; Nebraska Democratic Party","isPartOf":{"@id":"https:\/\/nebraskademocrats.org\/#website"},"datePublished":"2017-03-02T15:22:46+00:00","dateModified":"2017-03-02T15:24:35+00:00","breadcrumb":{"@id":"https:\/\/nebraskademocrats.org\/blog\/attend-the-ndp-spring-meeting\/#breadcrumb"},"inLanguage":"vi","potentialAction":[{"@type":"ReadAction","target":["https:\/\/nebraskademocrats.org\/blog\/attend-the-ndp-spring-meeting\/"]}]},{"@type":"BreadcrumbList","@id":"https:\/\/nebraskademocrats.org\/blog\/attend-the-ndp-spring-meeting\/#breadcrumb","itemListElement":[{"@type":"ListItem","position":1,"name":"Home","item":"https:\/\/nebraskademocrats.org\/"},{"@type":"ListItem","position":2,"name":"Attend the NDP Spring Meeting"}]},{"@type":"WebSite","@id":"https:\/\/nebraskademocrats.org\/#website","url":"https:\/\/nebraskademocrats.org\/","name":"Nebraska Democratic Party","description":"Ph\u00e1t tri\u1ec3n cu\u1ed9c s\u1ed1ng t\u1ed1t \u0111\u1eb9p cho t\u1ea5t c\u1ea3 Nebraskans","publisher":{"@id":"https:\/\/nebraskademocrats.org\/#organization"},"potentialAction":[{"@type":"SearchAction","target":{"@type":"EntryPoint","urlTemplate":"https:\/\/nebraskademocrats.org\/?s={search_term_string}"},"query-input":{"@type":"PropertyValueSpecification","valueRequired":true,"valueName":"search_term_string"}}],"inLanguage":"vi"},{"@type":"Organization","@id":"https:\/\/nebraskademocrats.org\/#organization","name":"Nebraska Democratic Party","url":"https:\/\/nebraskademocrats.org\/","logo":{"@type":"ImageObject","inLanguage":"vi","@id":"https:\/\/nebraskademocrats.org\/#\/schema\/logo\/image\/","url":"https:\/\/nebraskadem.wpenginepowered.com\/wp-content\/uploads\/2016\/05\/NDP2.jpg","contentUrl":"https:\/\/nebraskadem.wpenginepowered.com\/wp-content\/uploads\/2016\/05\/NDP2.jpg","width":1000,"height":396,"caption":"Nebraska Democratic Party"},"image":{"@id":"https:\/\/nebraskademocrats.org\/#\/schema\/logo\/image\/"},"sameAs":["https:\/\/www.facebook.com\/NebraskaDemocraticParty\/","https:\/\/x.com\/nebraskadems"]},{"@type":"Person","@id":"https:\/\/nebraskademocrats.org\/#\/schema\/person\/648fdf0197d280b37b5d8b98515d2ee9","name":"Jane Kleeb","image":{"@type":"ImageObject","inLanguage":"vi","@id":"https:\/\/secure.gravatar.com\/avatar\/d0c227d7e36b4c78b92b6c8a332c74e381cb575cee3c5c2159651dba25d02f93?s=96&d=mm&r=g","url":"https:\/\/secure.gravatar.com\/avatar\/d0c227d7e36b4c78b92b6c8a332c74e381cb575cee3c5c2159651dba25d02f93?s=96&d=mm&r=g","contentUrl":"https:\/\/secure.gravatar.com\/avatar\/d0c227d7e36b4c78b92b6c8a332c74e381cb575cee3c5c2159651dba25d02f93?s=96&d=mm&r=g","caption":"Jane Kleeb"}}]}},"_links":{"self":[{"href":"https:\/\/nebraskademocrats.org\/vi\/wp-json\/wp\/v2\/posts\/2076","targetHints":{"allow":["GET"]}}],"collection":[{"href":"https:\/\/nebraskademocrats.org\/vi\/wp-json\/wp\/v2\/posts"}],"about":[{"href":"https:\/\/nebraskademocrats.org\/vi\/wp-json\/wp\/v2\/types\/post"}],"author":[{"embeddable":true,"href":"https:\/\/nebraskademocrats.org\/vi\/wp-json\/wp\/v2\/users\/7"}],"replies":[{"embeddable":true,"href":"https:\/\/nebraskademocrats.org\/vi\/wp-json\/wp\/v2\/comments?post=2076"}],"version-history":[{"count":0,"href":"https:\/\/nebraskademocrats.org\/vi\/wp-json\/wp\/v2\/posts\/2076\/revisions"}],"wp:attachment":[{"href":"https:\/\/nebraskademocrats.org\/vi\/wp-json\/wp\/v2\/media?parent=2076"}],"wp:term":[{"taxonomy":"category","embeddable":true,"href":"https:\/\/nebraskademocrats.org\/vi\/wp-json\/wp\/v2\/categories?post=2076"},{"taxonomy":"post_tag","embeddable":true,"href":"https:\/\/nebraskademocrats.org\/vi\/wp-json\/wp\/v2\/tags?post=2076"}],"curies":[{"name":"wp","href":"https:\/\/api.w.org\/{rel}","templated":true}]}}