{"id":20906,"date":"2020-07-03T14:04:55","date_gmt":"2020-07-03T19:04:55","guid":{"rendered":"https:\/\/nebraskadem.wpenginepowered.com\/?p=20906"},"modified":"2020-07-03T14:04:55","modified_gmt":"2020-07-03T19:04:55","slug":"sans-plans-and-more-nebdems-news","status":"publish","type":"post","link":"https:\/\/nebraskademocrats.org\/vi\/blog\/sans-plans-and-more-nebdems-news\/","title":{"rendered":"Sans Plans and more &#8212; #NebDems News"},"content":{"rendered":"<p><img fetchpriority=\"high\" decoding=\"async\" class=\"size-medium wp-image-6838 aligncenter\" src=\"https:\/\/nebraskadem.wpenginepowered.com\/wp-content\/uploads\/2018\/12\/NebDems-News-4-300x167.png\" alt=\"\" width=\"300\" height=\"167\" srcset=\"https:\/\/nebraskademocrats.org\/wp-content\/uploads\/2018\/12\/NebDems-News-4-300x167.png 300w, https:\/\/nebraskademocrats.org\/wp-content\/uploads\/2018\/12\/NebDems-News-4-768x427.png 768w, https:\/\/nebraskademocrats.org\/wp-content\/uploads\/2018\/12\/NebDems-News-4-1024x569.png 1024w, https:\/\/nebraskademocrats.org\/wp-content\/uploads\/2018\/12\/NebDems-News-4.png 1081w\" sizes=\"(max-width: 300px) 100vw, 300px\" \/><\/p>\n<p>Four months from today is Nov. 3 &#8212; election day. And that ought to scare the hoo-ha out of you.<\/p>\n<p>T\u1ea1i sao?<\/p>\n<p>Well, despite all the polls showing Vice President Joe Biden well ahead of President Trump, there remains a chance Trump could lose the popular vote and still win a second term because of the Electoral College. Sound familiar?<\/p>\n<p>Fox News\u2019 Chief Softball Chucker Sean Hannity recently hosted a town hall event at which<strong>\u00a0<\/strong><a href=\"https:\/\/www.cnn.com\/2020\/06\/26\/politics\/donald-trump-second-term\/index.html\"><strong>he asked 45 about his plans should he win.<\/strong><\/a>\u00a0Trump\u2019s answer was, in essence, that he did not have any.<\/p>\n<p>&#8220;One of the things that will be really great &#8212; the word experience is still good, I always say talent is more important than experience, I&#8217;ve always said that &#8212; but the word experience is a very important word, a very important meaning,&#8221; Trump said.<\/p>\n<p>It swirled down the drain after that. Bottom line? There is no plan, which Esquire\u2019s<strong>\u00a0<\/strong><a href=\"https:\/\/www.esquire.com\/news-politics\/a32979953\/trump-second-term-agenda-sean-hannity\/\"><strong>Jack Holmes\u00a0<\/strong><\/a>noted.<\/p>\n<p><em>Trump is merely the most garish expression of this, turning the nation&#8217;s highest governing office into a rolling circus act\u00a0<\/em><span class=\"redactor-unlink\"><em>while shredding the institutions of democracy<\/em><\/span><em>, and while\u00a0<\/em><span class=\"redactor-unlink\"><em>the termites of the state go to work behind the scenes<\/em><\/span><em>.<\/em><\/p>\n<p><em>It&#8217;s hard not to feel like he&#8217;s run out of steam, that he&#8217;s sick of doing this job he never really wanted anyway. But then you remember that, thanks to our idiotic system, he could be re-elected despite losing the popular vote\u00a0<\/em><span class=\"redactor-unlink\"><em>by as much as six percent<\/em><\/span><em>. What would his agenda be then?<\/em><\/p>\n<p>Just 123 days until the election.<\/p>\n<p><img decoding=\"async\" class=\"aligncenter\" title=\"\" src=\"https:\/\/lh6.googleusercontent.com\/7egR22YKZea765NEDbaCSe02HN6oWQPIhNq8pd1l3Tnttxa_TLRi-X96e6ggbY5-EUDsjECznNmBzuOXp5KyWtqmO31Q3QSo49HTD5F_iQcmHAuCLz4XqcUpI4aY7eGWYSF2s6XL\" alt=\"\" width=\"400\" align=\"center\" \/><\/p>\n<h6 style=\"text-align: center;\">Caricature by DonkeyHotey<\/h6>\n<p style=\"text-align: center;\"><strong>***<\/strong><strong><br \/>\n<\/strong><\/p>\n<p>The Nebraska Democratic Party is excited to announce investments into our state\u2019s Get-Out The-Vote efforts as we head toward the Nov. 3 General Election.<\/p>\n<p>Our NDP team now includes a strong and diverse team of 14 staff members to help us elect Democrats up and down the ballot this November \u2014 including reclaiming the \u201cBlue Dot\u201d in Congressional District 2.<\/p>\n<p>Working with committed Nebraska donors alongside national partners \u2014 the Democratic Congressional Campaign Committee, the Democratic National Committee and the team of Vice President Joe Biden \u2014 we have gained additional resources that made several new hires possible and allowed us to expand our Block Captain, Voter Guide and Vote-By-Mail programs.<\/p>\n<p>Please join the party in welcoming new members to our campaign team:<\/p>\n<p><strong>Peter Coyne,<\/strong>\u00a0Gi\u00e1m \u0111\u1ed1c \u0111i\u1ec1u h\u00e0nh<br \/>\n<strong>Drew Rodriguez,<\/strong>\u00a0Regional Field Director<br \/>\n<strong>Fatima Flores-Lagunas,<\/strong>\u00a0Campaign Field Director<br \/>\n<strong>Giselle Bergmeier,<\/strong>\u00a0Mobilization Director<br \/>\n<strong>Preston Love,<\/strong>\u00a0Constituency Organizer<br \/>\n<strong>Adonna Bryant,<\/strong>\u00a0Field Organizer<br \/>\n<strong>Alejandra Escobar,<\/strong>\u00a0Field Organizer<br \/>\n<strong>Nathan Johnson,<\/strong>\u00a0Field Organizer<br \/>\n<strong>Jaden Wade,\u00a0<\/strong>Field Organizer<\/p>\n<p><a href=\"https:\/\/nebraskadem.wpenginepowered.com\/blog\/growing-our-party-to-win\/\"><strong>\u0110o\u0323c th\u00eam ta\u0323i \u0111\u00e2y.<\/strong><\/a><\/p>\n<p style=\"text-align: center;\"><strong><img decoding=\"async\" class=\"aligncenter\" title=\"\" src=\"https:\/\/lh5.googleusercontent.com\/6DAUiPnFv48yK-vwd3_iDPTGnv1XRbqmbnDVGxFEL9kXMqSJoyrDqlPja6634z6X7DRV3pVO2N6fzjKh70iUGGedg2yufpfSTxBjqsB3_UGlpES72GYvmaFjmvapvLV9zvaukJJ0\" alt=\"\" width=\"400\" align=\"center\" \/><\/strong><strong><br \/>\n<\/strong>***<\/p>\n<p>The Lincoln Project, which has been rocking it with a series of anti-Trump ads, hit one out of the park this week with one on Trump\u2019s inaction on the news that Russia paid the Taliban bounties to kill U.S. troops in Afghanistan.<\/p>\n<p><strong><a href=\"https:\/\/youtu.be\/nytBEWbwOkw\">Xem n\u00f3 \u1edf \u0111\u00e2y.<\/a><\/strong><\/p>\n<p><a href=\"https:\/\/youtu.be\/nytBEWbwOkw\"><img decoding=\"async\" class=\"aligncenter\" src=\"https:\/\/lh3.googleusercontent.com\/Cbu9AjdO-6SLlNLQcBtj2Nf_04xgGtiwf8EqBgepbBvAzmBnETs1DrhoHUi01cV89GkkXD5td03BuR44hB7vDzbKXuuB3ICJkLPrSJPU92xDmYUS2lep4cd9XZ7oQnMgzsU1whlZ\" alt=\"\" width=\"450\" height=\"281\" align=\"center\" \/><\/a><\/p>\n<p style=\"text-align: center;\">***<\/p>\n<p>Organizers of the petition drive to legalize medical marijuana turned in more than 182,000 signatures to the Secretary of State\u2019s office on Thursday to get the issue on the Nov. 3 ballot.<\/p>\n<p>Congratulations to state Sens. Anna Wishart and Adam Morfeld for leading the effort.<\/p>\n<p style=\"text-align: center;\"><img decoding=\"async\" class=\"aligncenter\" title=\"\" src=\"https:\/\/can2-prod.s3.amazonaws.com\/uploads\/data\/000\/421\/488\/original\/mm.png\" alt=\"\" width=\"450\" align=\"center\" \/>***<\/p>\n<p>Ch\u00fang t\u00f4i \u0111\u1ec3 l\u1ea1i cho b\u1ea1n tu\u1ea7n n\u00e0y v\u1edbi m\u1ed9t k\u1ebft xu\u1ea5t b\u1eb1ng\u00a0<strong>Mike Luckovich<\/strong>\u00a0on how the rush by Republicans to reopen the economy has led to a spike in coronavirus cases.<\/p>\n<p><img decoding=\"async\" class=\"aligncenter\" title=\"\" src=\"https:\/\/lh4.googleusercontent.com\/FkYGlK58HX9tBwibvjHUSPLvd8XVb8b3nmpcVuXRuf4cNX0goebvDGhrxs8NFFLYdWLHQgtt4zJiFSpOH3S4954X4hgRuErKfXMVoNWNx41fzBvqXpsym5mJsVdiMrRYyoJ3n8is\" alt=\"\" width=\"450\" align=\"center\" \/><\/p>\n<p>&nbsp;<\/p>\n<p style=\"text-align: left;\">\u2013By Kevin O&#039;Hanlon \/ Gi\u00e1m \u0111\u1ed1c Truy\u1ec1n th\u00f4ng NDP<\/p>\n<p><strong>GHI CH\u00da:<\/strong>\u00a0N\u1ebfu b\u1ea1n mu\u1ed1n nh\u1eadn Tin t\u1ee9c #NebDems qua email, ch\u1ec9 c\u1ea7n cho ch\u00fang t\u00f4i bi\u1ebft b\u1eb1ng c\u00e1ch g\u1eedi ghi ch\u00fa \u0111\u1ebfn:\u00a0<a href=\"mailto:info@nebraskademocrats.org\"><strong>info@nebraskademocrats.org<\/strong><\/a><\/p>\n<p style=\"text-align: center;\">###<strong><br \/>\n<\/strong><strong><br \/>\n<\/strong><strong>NH\u1eeeNG NG\u00c0Y QUAN TR\u1eccNG<\/strong><\/p>\n<p><strong>GHI CH\u00da:\u00a0<\/strong><strong>T\u1ea5t c\u1ea3 c\u00e1c s\u1ef1 ki\u1ec7n tr\u1ef1c ti\u1ebfp c\u1ee7a NDP \u0111\u00e3 b\u1ecb ho\u00e3n l\u1ea1i cho \u0111\u1ebfn khi c\u00f3 th\u00f4ng b\u00e1o m\u1edbi. Ki\u1ec3m tra trang Facebook v\u00e0 trang web c\u1ee7a ch\u00fang t\u00f4i \u0111\u1ec3 c\u1eadp nh\u1eadt. N\u1ebfu b\u1ea1n \u0111\u00e3 l\u00ean k\u1ebf ho\u1ea1ch tham d\u1ef1 b\u1ea5t k\u1ef3 s\u1ef1 ki\u1ec7n kh\u00f4ng ph\u1ea3i NDP n\u00e0o, ch\u00fang t\u00f4i khuy\u00ean b\u1ea1n n\u00ean ki\u1ec3m tra v\u1edbi ban t\u1ed5 ch\u1ee9c v\u1ec1 tr\u1ea1ng th\u00e1i.<\/strong><\/p>\n<p><strong><br \/>\n<\/strong><strong>July 6:<\/strong>\u00a0<a href=\"https:\/\/sos.nebraska.gov\/elections\/voter-forms\">First day to request a Vote-by-Mail Ballot for the Nov. 3 election<\/a><\/p>\n<p><strong>10 th\u00e1ng 7:<\/strong>\u00a0<a href=\"https:\/\/www.facebook.com\/events\/500818657179366\/\">Hu\u1ea5n luy\u1ec7n \u0110\u1ed9i tr\u01b0\u1edfng Kh\u1ed1i: T\u1eadp trung v\u00e0o B\u1ecf phi\u1ebfu qua Th\u01b0<\/a><\/p>\n<p><strong>17 th\u00e1ng 7:<\/strong>\u00a0<a href=\"https:\/\/nebraskadem.wpenginepowered.com\/event\/voter-registration-booth-at-taste-of-north-omaha\/\">Voter Registration Booth At Taste of North Omaha<\/a><\/p>\n<p><strong>July 18:<\/strong>\u00a0<a href=\"https:\/\/nebraskadem.wpenginepowered.com\/event\/voter-registration-booth-at-taste-of-north-omaha-2\/\">Voter Registration Booth At Taste of North Omaha<\/a><\/p>","protected":false},"excerpt":{"rendered":"<p>Four months from today is Nov. 3 &#8212; election day. And that ought to scare the hoo-ha out of you. Why? Well, despite all the polls showing Vice President Joe Biden well ahead of President Trump, there remains a chance Trump could lose the popular vote and still win a second term because of the &#8230; <a title=\"Sans Plans and more &#8212; #NebDems News\" class=\"read-more\" href=\"https:\/\/nebraskademocrats.org\/vi\/blog\/sans-plans-and-more-nebdems-news\/\" aria-label=\"More on Sans Plans and more &#8212; #NebDems News\">\u0110\u1ecdc th\u00eam<\/a><\/p>","protected":false},"author":19,"featured_media":0,"comment_status":"closed","ping_status":"closed","sticky":false,"template":"","format":"standard","meta":{"_acf_changed":false,"_exactmetrics_skip_tracking":false,"_exactmetrics_sitenote_active":false,"_exactmetrics_sitenote_note":"","_exactmetrics_sitenote_category":0,"footnotes":""},"categories":[1],"tags":[],"class_list":["post-20906","post","type-post","status-publish","format-standard","hentry","category-blog"],"acf":[],"yoast_head":"<!-- This site is optimized with the Yoast SEO plugin v27.4 - https:\/\/yoast.com\/product\/yoast-seo-wordpress\/ -->\n<title>Sans Plans and more -- #NebDems News &#8211; Nebraska Democratic Party<\/title>\n<meta name=\"robots\" content=\"index, follow, max-snippet:-1, max-image-preview:large, max-video-preview:-1\" \/>\n<link rel=\"canonical\" href=\"https:\/\/nebraskademocrats.org\/vi\/blog\/sans-plans-and-more-nebdems-news\/\" \/>\n<meta property=\"og:locale\" content=\"vi_VN\" \/>\n<meta property=\"og:type\" content=\"article\" \/>\n<meta property=\"og:title\" content=\"Sans Plans and more -- #NebDems News &#8211; Nebraska Democratic Party\" \/>\n<meta property=\"og:description\" content=\"Four months from today is Nov. 3 &#8212; election day. And that ought to scare the hoo-ha out of you. Why? Well, despite all the polls showing Vice President Joe Biden well ahead of President Trump, there remains a chance Trump could lose the popular vote and still win a second term because of the ... Read more\" \/>\n<meta property=\"og:url\" content=\"https:\/\/nebraskademocrats.org\/vi\/blog\/sans-plans-and-more-nebdems-news\/\" \/>\n<meta property=\"og:site_name\" content=\"Nebraska Democratic Party\" \/>\n<meta property=\"article:publisher\" content=\"https:\/\/www.facebook.com\/NebraskaDemocraticParty\/\" \/>\n<meta property=\"article:published_time\" content=\"2020-07-03T19:04:55+00:00\" \/>\n<meta property=\"og:image\" content=\"https:\/\/nebraskadem.wpenginepowered.com\/wp-content\/uploads\/2018\/12\/NebDems-News-4-300x167.png\" \/>\n<meta name=\"author\" content=\"Precious McKesson\" \/>\n<meta name=\"twitter:card\" content=\"summary_large_image\" \/>\n<meta name=\"twitter:creator\" content=\"@nebraskadems\" \/>\n<meta name=\"twitter:site\" content=\"@nebraskadems\" \/>\n<meta name=\"twitter:label1\" content=\"\u0110\u01b0\u1ee3c vi\u1ebft b\u1edfi\" \/>\n\t<meta name=\"twitter:data1\" content=\"Precious McKesson\" \/>\n\t<meta name=\"twitter:label2\" content=\"\u01af\u1edbc t\u00ednh th\u1eddi gian \u0111\u1ecdc\" \/>\n\t<meta name=\"twitter:data2\" content=\"3 ph\u00fat\" \/>\n<script type=\"application\/ld+json\" class=\"yoast-schema-graph\">{\"@context\":\"https:\\\/\\\/schema.org\",\"@graph\":[{\"@type\":\"Article\",\"@id\":\"https:\\\/\\\/nebraskademocrats.org\\\/blog\\\/sans-plans-and-more-nebdems-news\\\/#article\",\"isPartOf\":{\"@id\":\"https:\\\/\\\/nebraskademocrats.org\\\/blog\\\/sans-plans-and-more-nebdems-news\\\/\"},\"author\":{\"name\":\"Precious McKesson\",\"@id\":\"https:\\\/\\\/nebraskademocrats.org\\\/#\\\/schema\\\/person\\\/33e011ea0795f404810dc40828bcf289\"},\"headline\":\"Sans Plans and more &#8212; #NebDems News\",\"datePublished\":\"2020-07-03T19:04:55+00:00\",\"mainEntityOfPage\":{\"@id\":\"https:\\\/\\\/nebraskademocrats.org\\\/blog\\\/sans-plans-and-more-nebdems-news\\\/\"},\"wordCount\":663,\"publisher\":{\"@id\":\"https:\\\/\\\/nebraskademocrats.org\\\/#organization\"},\"image\":{\"@id\":\"https:\\\/\\\/nebraskademocrats.org\\\/blog\\\/sans-plans-and-more-nebdems-news\\\/#primaryimage\"},\"thumbnailUrl\":\"https:\\\/\\\/nebraskadem.wpenginepowered.com\\\/wp-content\\\/uploads\\\/2018\\\/12\\\/NebDems-News-4-300x167.png\",\"articleSection\":[\"NDP Blog\"],\"inLanguage\":\"vi\"},{\"@type\":\"WebPage\",\"@id\":\"https:\\\/\\\/nebraskademocrats.org\\\/blog\\\/sans-plans-and-more-nebdems-news\\\/\",\"url\":\"https:\\\/\\\/nebraskademocrats.org\\\/blog\\\/sans-plans-and-more-nebdems-news\\\/\",\"name\":\"Sans Plans and more -- #NebDems News &#8211; Nebraska Democratic Party\",\"isPartOf\":{\"@id\":\"https:\\\/\\\/nebraskademocrats.org\\\/#website\"},\"primaryImageOfPage\":{\"@id\":\"https:\\\/\\\/nebraskademocrats.org\\\/blog\\\/sans-plans-and-more-nebdems-news\\\/#primaryimage\"},\"image\":{\"@id\":\"https:\\\/\\\/nebraskademocrats.org\\\/blog\\\/sans-plans-and-more-nebdems-news\\\/#primaryimage\"},\"thumbnailUrl\":\"https:\\\/\\\/nebraskadem.wpenginepowered.com\\\/wp-content\\\/uploads\\\/2018\\\/12\\\/NebDems-News-4-300x167.png\",\"datePublished\":\"2020-07-03T19:04:55+00:00\",\"breadcrumb\":{\"@id\":\"https:\\\/\\\/nebraskademocrats.org\\\/blog\\\/sans-plans-and-more-nebdems-news\\\/#breadcrumb\"},\"inLanguage\":\"vi\",\"potentialAction\":[{\"@type\":\"ReadAction\",\"target\":[\"https:\\\/\\\/nebraskademocrats.org\\\/blog\\\/sans-plans-and-more-nebdems-news\\\/\"]}]},{\"@type\":\"ImageObject\",\"inLanguage\":\"vi\",\"@id\":\"https:\\\/\\\/nebraskademocrats.org\\\/blog\\\/sans-plans-and-more-nebdems-news\\\/#primaryimage\",\"url\":\"https:\\\/\\\/nebraskadem.wpenginepowered.com\\\/wp-content\\\/uploads\\\/2018\\\/12\\\/NebDems-News-4-300x167.png\",\"contentUrl\":\"https:\\\/\\\/nebraskadem.wpenginepowered.com\\\/wp-content\\\/uploads\\\/2018\\\/12\\\/NebDems-News-4-300x167.png\"},{\"@type\":\"BreadcrumbList\",\"@id\":\"https:\\\/\\\/nebraskademocrats.org\\\/blog\\\/sans-plans-and-more-nebdems-news\\\/#breadcrumb\",\"itemListElement\":[{\"@type\":\"ListItem\",\"position\":1,\"name\":\"Home\",\"item\":\"https:\\\/\\\/nebraskademocrats.org\\\/\"},{\"@type\":\"ListItem\",\"position\":2,\"name\":\"Sans Plans and more &#8212; #NebDems News\"}]},{\"@type\":\"WebSite\",\"@id\":\"https:\\\/\\\/nebraskademocrats.org\\\/#website\",\"url\":\"https:\\\/\\\/nebraskademocrats.org\\\/\",\"name\":\"Nebraska Democratic Party\",\"description\":\"Growing the Good Life for All Nebraskans\",\"publisher\":{\"@id\":\"https:\\\/\\\/nebraskademocrats.org\\\/#organization\"},\"potentialAction\":[{\"@type\":\"SearchAction\",\"target\":{\"@type\":\"EntryPoint\",\"urlTemplate\":\"https:\\\/\\\/nebraskademocrats.org\\\/?s={search_term_string}\"},\"query-input\":{\"@type\":\"PropertyValueSpecification\",\"valueRequired\":true,\"valueName\":\"search_term_string\"}}],\"inLanguage\":\"vi\"},{\"@type\":\"Organization\",\"@id\":\"https:\\\/\\\/nebraskademocrats.org\\\/#organization\",\"name\":\"Nebraska Democratic Party\",\"url\":\"https:\\\/\\\/nebraskademocrats.org\\\/\",\"logo\":{\"@type\":\"ImageObject\",\"inLanguage\":\"vi\",\"@id\":\"https:\\\/\\\/nebraskademocrats.org\\\/#\\\/schema\\\/logo\\\/image\\\/\",\"url\":\"https:\\\/\\\/nebraskadem.wpenginepowered.com\\\/wp-content\\\/uploads\\\/2016\\\/05\\\/NDP2.jpg\",\"contentUrl\":\"https:\\\/\\\/nebraskadem.wpenginepowered.com\\\/wp-content\\\/uploads\\\/2016\\\/05\\\/NDP2.jpg\",\"width\":1000,\"height\":396,\"caption\":\"Nebraska Democratic Party\"},\"image\":{\"@id\":\"https:\\\/\\\/nebraskademocrats.org\\\/#\\\/schema\\\/logo\\\/image\\\/\"},\"sameAs\":[\"https:\\\/\\\/www.facebook.com\\\/NebraskaDemocraticParty\\\/\",\"https:\\\/\\\/x.com\\\/nebraskadems\"]},{\"@type\":\"Person\",\"@id\":\"https:\\\/\\\/nebraskademocrats.org\\\/#\\\/schema\\\/person\\\/33e011ea0795f404810dc40828bcf289\",\"name\":\"Precious McKesson\",\"image\":{\"@type\":\"ImageObject\",\"inLanguage\":\"vi\",\"@id\":\"https:\\\/\\\/secure.gravatar.com\\\/avatar\\\/35046e19b3373116ec64c07d386d3312028d3820dc0ffe65c344bcebc8ea9194?s=96&d=mm&r=g\",\"url\":\"https:\\\/\\\/secure.gravatar.com\\\/avatar\\\/35046e19b3373116ec64c07d386d3312028d3820dc0ffe65c344bcebc8ea9194?s=96&d=mm&r=g\",\"contentUrl\":\"https:\\\/\\\/secure.gravatar.com\\\/avatar\\\/35046e19b3373116ec64c07d386d3312028d3820dc0ffe65c344bcebc8ea9194?s=96&d=mm&r=g\",\"caption\":\"Precious McKesson\"}}]}<\/script>\n<!-- \/ Yoast SEO plugin. -->","yoast_head_json":{"title":"Sans Plans and more -- #NebDems News &#8211; Nebraska Democratic Party","robots":{"index":"index","follow":"follow","max-snippet":"max-snippet:-1","max-image-preview":"max-image-preview:large","max-video-preview":"max-video-preview:-1"},"canonical":"https:\/\/nebraskademocrats.org\/vi\/blog\/sans-plans-and-more-nebdems-news\/","og_locale":"vi_VN","og_type":"article","og_title":"Sans Plans and more -- #NebDems News &#8211; Nebraska Democratic Party","og_description":"Four months from today is Nov. 3 &#8212; election day. And that ought to scare the hoo-ha out of you. Why? Well, despite all the polls showing Vice President Joe Biden well ahead of President Trump, there remains a chance Trump could lose the popular vote and still win a second term because of the ... Read more","og_url":"https:\/\/nebraskademocrats.org\/vi\/blog\/sans-plans-and-more-nebdems-news\/","og_site_name":"Nebraska Democratic Party","article_publisher":"https:\/\/www.facebook.com\/NebraskaDemocraticParty\/","article_published_time":"2020-07-03T19:04:55+00:00","og_image":[{"url":"https:\/\/nebraskadem.wpenginepowered.com\/wp-content\/uploads\/2018\/12\/NebDems-News-4-300x167.png","type":"","width":"","height":""}],"author":"Precious McKesson","twitter_card":"summary_large_image","twitter_creator":"@nebraskadems","twitter_site":"@nebraskadems","twitter_misc":{"\u0110\u01b0\u1ee3c vi\u1ebft b\u1edfi":"Precious McKesson","\u01af\u1edbc t\u00ednh th\u1eddi gian \u0111\u1ecdc":"3 ph\u00fat"},"schema":{"@context":"https:\/\/schema.org","@graph":[{"@type":"Article","@id":"https:\/\/nebraskademocrats.org\/blog\/sans-plans-and-more-nebdems-news\/#article","isPartOf":{"@id":"https:\/\/nebraskademocrats.org\/blog\/sans-plans-and-more-nebdems-news\/"},"author":{"name":"Precious McKesson","@id":"https:\/\/nebraskademocrats.org\/#\/schema\/person\/33e011ea0795f404810dc40828bcf289"},"headline":"Sans Plans and more &#8212; #NebDems News","datePublished":"2020-07-03T19:04:55+00:00","mainEntityOfPage":{"@id":"https:\/\/nebraskademocrats.org\/blog\/sans-plans-and-more-nebdems-news\/"},"wordCount":663,"publisher":{"@id":"https:\/\/nebraskademocrats.org\/#organization"},"image":{"@id":"https:\/\/nebraskademocrats.org\/blog\/sans-plans-and-more-nebdems-news\/#primaryimage"},"thumbnailUrl":"https:\/\/nebraskadem.wpenginepowered.com\/wp-content\/uploads\/2018\/12\/NebDems-News-4-300x167.png","articleSection":["NDP Blog"],"inLanguage":"vi"},{"@type":"WebPage","@id":"https:\/\/nebraskademocrats.org\/blog\/sans-plans-and-more-nebdems-news\/","url":"https:\/\/nebraskademocrats.org\/blog\/sans-plans-and-more-nebdems-news\/","name":"Sans Plans and more -- #NebDems News &#8211; Nebraska Democratic Party","isPartOf":{"@id":"https:\/\/nebraskademocrats.org\/#website"},"primaryImageOfPage":{"@id":"https:\/\/nebraskademocrats.org\/blog\/sans-plans-and-more-nebdems-news\/#primaryimage"},"image":{"@id":"https:\/\/nebraskademocrats.org\/blog\/sans-plans-and-more-nebdems-news\/#primaryimage"},"thumbnailUrl":"https:\/\/nebraskadem.wpenginepowered.com\/wp-content\/uploads\/2018\/12\/NebDems-News-4-300x167.png","datePublished":"2020-07-03T19:04:55+00:00","breadcrumb":{"@id":"https:\/\/nebraskademocrats.org\/blog\/sans-plans-and-more-nebdems-news\/#breadcrumb"},"inLanguage":"vi","potentialAction":[{"@type":"ReadAction","target":["https:\/\/nebraskademocrats.org\/blog\/sans-plans-and-more-nebdems-news\/"]}]},{"@type":"ImageObject","inLanguage":"vi","@id":"https:\/\/nebraskademocrats.org\/blog\/sans-plans-and-more-nebdems-news\/#primaryimage","url":"https:\/\/nebraskadem.wpenginepowered.com\/wp-content\/uploads\/2018\/12\/NebDems-News-4-300x167.png","contentUrl":"https:\/\/nebraskadem.wpenginepowered.com\/wp-content\/uploads\/2018\/12\/NebDems-News-4-300x167.png"},{"@type":"BreadcrumbList","@id":"https:\/\/nebraskademocrats.org\/blog\/sans-plans-and-more-nebdems-news\/#breadcrumb","itemListElement":[{"@type":"ListItem","position":1,"name":"Home","item":"https:\/\/nebraskademocrats.org\/"},{"@type":"ListItem","position":2,"name":"Sans Plans and more &#8212; #NebDems News"}]},{"@type":"WebSite","@id":"https:\/\/nebraskademocrats.org\/#website","url":"https:\/\/nebraskademocrats.org\/","name":"Nebraska Democratic Party","description":"Ph\u00e1t tri\u1ec3n cu\u1ed9c s\u1ed1ng t\u1ed1t \u0111\u1eb9p cho t\u1ea5t c\u1ea3 Nebraskans","publisher":{"@id":"https:\/\/nebraskademocrats.org\/#organization"},"potentialAction":[{"@type":"SearchAction","target":{"@type":"EntryPoint","urlTemplate":"https:\/\/nebraskademocrats.org\/?s={search_term_string}"},"query-input":{"@type":"PropertyValueSpecification","valueRequired":true,"valueName":"search_term_string"}}],"inLanguage":"vi"},{"@type":"Organization","@id":"https:\/\/nebraskademocrats.org\/#organization","name":"Nebraska Democratic Party","url":"https:\/\/nebraskademocrats.org\/","logo":{"@type":"ImageObject","inLanguage":"vi","@id":"https:\/\/nebraskademocrats.org\/#\/schema\/logo\/image\/","url":"https:\/\/nebraskadem.wpenginepowered.com\/wp-content\/uploads\/2016\/05\/NDP2.jpg","contentUrl":"https:\/\/nebraskadem.wpenginepowered.com\/wp-content\/uploads\/2016\/05\/NDP2.jpg","width":1000,"height":396,"caption":"Nebraska Democratic Party"},"image":{"@id":"https:\/\/nebraskademocrats.org\/#\/schema\/logo\/image\/"},"sameAs":["https:\/\/www.facebook.com\/NebraskaDemocraticParty\/","https:\/\/x.com\/nebraskadems"]},{"@type":"Person","@id":"https:\/\/nebraskademocrats.org\/#\/schema\/person\/33e011ea0795f404810dc40828bcf289","name":"McKesson qu\u00fd gi\u00e1","image":{"@type":"ImageObject","inLanguage":"vi","@id":"https:\/\/secure.gravatar.com\/avatar\/35046e19b3373116ec64c07d386d3312028d3820dc0ffe65c344bcebc8ea9194?s=96&d=mm&r=g","url":"https:\/\/secure.gravatar.com\/avatar\/35046e19b3373116ec64c07d386d3312028d3820dc0ffe65c344bcebc8ea9194?s=96&d=mm&r=g","contentUrl":"https:\/\/secure.gravatar.com\/avatar\/35046e19b3373116ec64c07d386d3312028d3820dc0ffe65c344bcebc8ea9194?s=96&d=mm&r=g","caption":"Precious McKesson"}}]}},"_links":{"self":[{"href":"https:\/\/nebraskademocrats.org\/vi\/wp-json\/wp\/v2\/posts\/20906","targetHints":{"allow":["GET"]}}],"collection":[{"href":"https:\/\/nebraskademocrats.org\/vi\/wp-json\/wp\/v2\/posts"}],"about":[{"href":"https:\/\/nebraskademocrats.org\/vi\/wp-json\/wp\/v2\/types\/post"}],"author":[{"embeddable":true,"href":"https:\/\/nebraskademocrats.org\/vi\/wp-json\/wp\/v2\/users\/19"}],"replies":[{"embeddable":true,"href":"https:\/\/nebraskademocrats.org\/vi\/wp-json\/wp\/v2\/comments?post=20906"}],"version-history":[{"count":0,"href":"https:\/\/nebraskademocrats.org\/vi\/wp-json\/wp\/v2\/posts\/20906\/revisions"}],"wp:attachment":[{"href":"https:\/\/nebraskademocrats.org\/vi\/wp-json\/wp\/v2\/media?parent=20906"}],"wp:term":[{"taxonomy":"category","embeddable":true,"href":"https:\/\/nebraskademocrats.org\/vi\/wp-json\/wp\/v2\/categories?post=20906"},{"taxonomy":"post_tag","embeddable":true,"href":"https:\/\/nebraskademocrats.org\/vi\/wp-json\/wp\/v2\/tags?post=20906"}],"curies":[{"name":"wp","href":"https:\/\/api.w.org\/{rel}","templated":true}]}}