{"id":23552,"date":"2020-09-04T19:55:54","date_gmt":"2020-09-05T00:55:54","guid":{"rendered":"https:\/\/nebraskadem.wpenginepowered.com\/?p=23552"},"modified":"2020-09-04T20:14:41","modified_gmt":"2020-09-05T01:14:41","slug":"press-release-nebraska-democratic-party-chair-kleeb-issues-statement-on-fridays-u-s-senate-debate","status":"publish","type":"post","link":"https:\/\/nebraskademocrats.org\/vi\/press-releases\/press-release-nebraska-democratic-party-chair-kleeb-issues-statement-on-fridays-u-s-senate-debate\/","title":{"rendered":"Press Release: Nebraska Democratic Party Chair Kleeb issues statement on Friday\u2019s U.S. Senate debate"},"content":{"rendered":"<p><span style=\"font-weight: 400;\">Nebraska Democratic Party Chair Jane Kleeb issued the following statement on Friday&#8217;s U.S. Senate Debate at NET in Lincoln:<\/span><\/p>\n<p><span style=\"font-weight: 400;\">\u201cIt is nice to see Sen. Ben Sasse grace Nebraskans with his presence in our state &#8212; just in time to mock Democratic values and voters,\u201d Kleeb said. \u201cA predictable playbook from Trump\u2019s Republican Party these days. We all look forward to a time when our leaders get back to the basics &#8212; treating veterans with respect, valuing family farmers over corporate interests, schools that are open, healthcare that doesn\u2019t bankrupt us and a clean environment.\u201d<\/span><\/p>\n<p><span style=\"font-weight: 400;\">Sasse debated Chris Janicek, who the NDP withdrew support for after he\u00a0<\/span><span style=\"font-weight: 400;\">sexually harassed a staff member and refused to withdraw his candidacy as the Democratic nominee.<\/span><\/p>\n<p><b>L\u00fd l\u1ecbch:<\/b><\/p>\n<p><span style=\"font-weight: 400;\">C\u00e1c quan ch\u1ee9c NDP \u0111\u00e3 y\u00eau c\u1ea7u Janicek r\u00fat kh\u1ecfi cu\u1ed9c \u0111ua v\u00e0o th\u01b0\u1ee3ng vi\u1ec7n sau khi anh ta qu\u1ea5y r\u1ed1i t\u00ecnh d\u1ee5c m\u1ed9t nh\u00e2n vi\u00ean b\u1eb1ng nh\u1eefng tin nh\u1eafn r\u00f5 r\u00e0ng y\u00eau c\u1ea7u nh\u00e2n vi\u00ean quy\u00ean g\u00f3p ti\u1ec1n \u0111\u1ec3 Chris thu\u00ea \u0111\u00e0n \u00f4ng th\u1ef1c hi\u1ec7n h\u00e0nh vi quan h\u1ec7 t\u00ecnh d\u1ee5c b\u1ea1o l\u1ef1c v\u1edbi m\u1ed9t nh\u00e2n vi\u00ean n\u1eef.<\/span><\/p>\n<p><span style=\"font-weight: 400;\">The NDP will announce a write-in candidate next week.<\/span><\/p>\n<p style=\"text-align: center;\"><span style=\"font-weight: 400;\">###<\/span><\/p>\n<p>&nbsp;<\/p>\n<p>&nbsp;<\/p>","protected":false},"excerpt":{"rendered":"<p>Nebraska Democratic Party Chair Jane Kleeb issued the following statement on Friday&#8217;s U.S. Senate Debate at NET in Lincoln: \u201cIt is nice to see Sen. Ben Sasse grace Nebraskans with his presence in our state &#8212; just in time to mock Democratic values and voters,\u201d Kleeb said. \u201cA predictable playbook from Trump\u2019s Republican Party these &#8230; <a title=\"Press Release: Nebraska Democratic Party Chair Kleeb issues statement on Friday\u2019s U.S. Senate debate\" class=\"read-more\" href=\"https:\/\/nebraskademocrats.org\/vi\/press-releases\/press-release-nebraska-democratic-party-chair-kleeb-issues-statement-on-fridays-u-s-senate-debate\/\" aria-label=\"More on Press Release: Nebraska Democratic Party Chair Kleeb issues statement on Friday\u2019s U.S. Senate debate\">\u0110\u1ecdc th\u00eam<\/a><\/p>","protected":false},"author":19,"featured_media":0,"comment_status":"closed","ping_status":"closed","sticky":false,"template":"","format":"standard","meta":{"_acf_changed":false,"_exactmetrics_skip_tracking":false,"_exactmetrics_sitenote_active":false,"_exactmetrics_sitenote_note":"","_exactmetrics_sitenote_category":0,"footnotes":""},"categories":[4],"tags":[],"class_list":["post-23552","post","type-post","status-publish","format-standard","hentry","category-press-releases"],"acf":[],"yoast_head":"<!-- This site is optimized with the Yoast SEO plugin v27.4 - https:\/\/yoast.com\/product\/yoast-seo-wordpress\/ -->\n<title>Press Release: Nebraska Democratic Party Chair Kleeb issues statement on Friday\u2019s U.S. Senate debate &#8211; Nebraska Democratic Party<\/title>\n<meta name=\"robots\" content=\"index, follow, max-snippet:-1, max-image-preview:large, max-video-preview:-1\" \/>\n<link rel=\"canonical\" href=\"https:\/\/nebraskademocrats.org\/vi\/press-releases\/press-release-nebraska-democratic-party-chair-kleeb-issues-statement-on-fridays-u-s-senate-debate\/\" \/>\n<meta property=\"og:locale\" content=\"vi_VN\" \/>\n<meta property=\"og:type\" content=\"article\" \/>\n<meta property=\"og:title\" content=\"Press Release: Nebraska Democratic Party Chair Kleeb issues statement on Friday\u2019s U.S. Senate debate &#8211; Nebraska Democratic Party\" \/>\n<meta property=\"og:description\" content=\"Nebraska Democratic Party Chair Jane Kleeb issued the following statement on Friday&#8217;s U.S. Senate Debate at NET in Lincoln: \u201cIt is nice to see Sen. Ben Sasse grace Nebraskans with his presence in our state &#8212; just in time to mock Democratic values and voters,\u201d Kleeb said. \u201cA predictable playbook from Trump\u2019s Republican Party these ... Read more\" \/>\n<meta property=\"og:url\" content=\"https:\/\/nebraskademocrats.org\/vi\/press-releases\/press-release-nebraska-democratic-party-chair-kleeb-issues-statement-on-fridays-u-s-senate-debate\/\" \/>\n<meta property=\"og:site_name\" content=\"Nebraska Democratic Party\" \/>\n<meta property=\"article:publisher\" content=\"https:\/\/www.facebook.com\/NebraskaDemocraticParty\/\" \/>\n<meta property=\"article:published_time\" content=\"2020-09-05T00:55:54+00:00\" \/>\n<meta property=\"article:modified_time\" content=\"2020-09-05T01:14:41+00:00\" \/>\n<meta property=\"og:image\" content=\"https:\/\/nebraskademocrats.org\/wp-content\/uploads\/2018\/09\/ne-dems-fb.jpg\" \/>\n\t<meta property=\"og:image:width\" content=\"1200\" \/>\n\t<meta property=\"og:image:height\" content=\"630\" \/>\n\t<meta property=\"og:image:type\" content=\"image\/jpeg\" \/>\n<meta name=\"author\" content=\"Precious McKesson\" \/>\n<meta name=\"twitter:card\" content=\"summary_large_image\" \/>\n<meta name=\"twitter:creator\" content=\"@nebraskadems\" \/>\n<meta name=\"twitter:site\" content=\"@nebraskadems\" \/>\n<meta name=\"twitter:label1\" content=\"\u0110\u01b0\u1ee3c vi\u1ebft b\u1edfi\" \/>\n\t<meta name=\"twitter:data1\" content=\"Precious McKesson\" \/>\n\t<meta name=\"twitter:label2\" content=\"\u01af\u1edbc t\u00ednh th\u1eddi gian \u0111\u1ecdc\" \/>\n\t<meta name=\"twitter:data2\" content=\"1 ph\u00fat\" \/>\n<script type=\"application\/ld+json\" class=\"yoast-schema-graph\">{\"@context\":\"https:\\\/\\\/schema.org\",\"@graph\":[{\"@type\":\"Article\",\"@id\":\"https:\\\/\\\/nebraskademocrats.org\\\/press-releases\\\/press-release-nebraska-democratic-party-chair-kleeb-issues-statement-on-fridays-u-s-senate-debate\\\/#article\",\"isPartOf\":{\"@id\":\"https:\\\/\\\/nebraskademocrats.org\\\/press-releases\\\/press-release-nebraska-democratic-party-chair-kleeb-issues-statement-on-fridays-u-s-senate-debate\\\/\"},\"author\":{\"name\":\"Precious McKesson\",\"@id\":\"https:\\\/\\\/nebraskademocrats.org\\\/#\\\/schema\\\/person\\\/33e011ea0795f404810dc40828bcf289\"},\"headline\":\"Press Release: Nebraska Democratic Party Chair Kleeb issues statement on Friday\u2019s U.S. Senate debate\",\"datePublished\":\"2020-09-05T00:55:54+00:00\",\"dateModified\":\"2020-09-05T01:14:41+00:00\",\"mainEntityOfPage\":{\"@id\":\"https:\\\/\\\/nebraskademocrats.org\\\/press-releases\\\/press-release-nebraska-democratic-party-chair-kleeb-issues-statement-on-fridays-u-s-senate-debate\\\/\"},\"wordCount\":194,\"publisher\":{\"@id\":\"https:\\\/\\\/nebraskademocrats.org\\\/#organization\"},\"articleSection\":[\"Press Releases\"],\"inLanguage\":\"vi\"},{\"@type\":\"WebPage\",\"@id\":\"https:\\\/\\\/nebraskademocrats.org\\\/press-releases\\\/press-release-nebraska-democratic-party-chair-kleeb-issues-statement-on-fridays-u-s-senate-debate\\\/\",\"url\":\"https:\\\/\\\/nebraskademocrats.org\\\/press-releases\\\/press-release-nebraska-democratic-party-chair-kleeb-issues-statement-on-fridays-u-s-senate-debate\\\/\",\"name\":\"Press Release: Nebraska Democratic Party Chair Kleeb issues statement on Friday\u2019s U.S. Senate debate &#8211; Nebraska Democratic Party\",\"isPartOf\":{\"@id\":\"https:\\\/\\\/nebraskademocrats.org\\\/#website\"},\"datePublished\":\"2020-09-05T00:55:54+00:00\",\"dateModified\":\"2020-09-05T01:14:41+00:00\",\"breadcrumb\":{\"@id\":\"https:\\\/\\\/nebraskademocrats.org\\\/press-releases\\\/press-release-nebraska-democratic-party-chair-kleeb-issues-statement-on-fridays-u-s-senate-debate\\\/#breadcrumb\"},\"inLanguage\":\"vi\",\"potentialAction\":[{\"@type\":\"ReadAction\",\"target\":[\"https:\\\/\\\/nebraskademocrats.org\\\/press-releases\\\/press-release-nebraska-democratic-party-chair-kleeb-issues-statement-on-fridays-u-s-senate-debate\\\/\"]}]},{\"@type\":\"BreadcrumbList\",\"@id\":\"https:\\\/\\\/nebraskademocrats.org\\\/press-releases\\\/press-release-nebraska-democratic-party-chair-kleeb-issues-statement-on-fridays-u-s-senate-debate\\\/#breadcrumb\",\"itemListElement\":[{\"@type\":\"ListItem\",\"position\":1,\"name\":\"Home\",\"item\":\"https:\\\/\\\/nebraskademocrats.org\\\/\"},{\"@type\":\"ListItem\",\"position\":2,\"name\":\"Press Release: Nebraska Democratic Party Chair Kleeb issues statement on Friday\u2019s U.S. Senate debate\"}]},{\"@type\":\"WebSite\",\"@id\":\"https:\\\/\\\/nebraskademocrats.org\\\/#website\",\"url\":\"https:\\\/\\\/nebraskademocrats.org\\\/\",\"name\":\"Nebraska Democratic Party\",\"description\":\"Growing the Good Life for All Nebraskans\",\"publisher\":{\"@id\":\"https:\\\/\\\/nebraskademocrats.org\\\/#organization\"},\"potentialAction\":[{\"@type\":\"SearchAction\",\"target\":{\"@type\":\"EntryPoint\",\"urlTemplate\":\"https:\\\/\\\/nebraskademocrats.org\\\/?s={search_term_string}\"},\"query-input\":{\"@type\":\"PropertyValueSpecification\",\"valueRequired\":true,\"valueName\":\"search_term_string\"}}],\"inLanguage\":\"vi\"},{\"@type\":\"Organization\",\"@id\":\"https:\\\/\\\/nebraskademocrats.org\\\/#organization\",\"name\":\"Nebraska Democratic Party\",\"url\":\"https:\\\/\\\/nebraskademocrats.org\\\/\",\"logo\":{\"@type\":\"ImageObject\",\"inLanguage\":\"vi\",\"@id\":\"https:\\\/\\\/nebraskademocrats.org\\\/#\\\/schema\\\/logo\\\/image\\\/\",\"url\":\"https:\\\/\\\/nebraskadem.wpenginepowered.com\\\/wp-content\\\/uploads\\\/2016\\\/05\\\/NDP2.jpg\",\"contentUrl\":\"https:\\\/\\\/nebraskadem.wpenginepowered.com\\\/wp-content\\\/uploads\\\/2016\\\/05\\\/NDP2.jpg\",\"width\":1000,\"height\":396,\"caption\":\"Nebraska Democratic Party\"},\"image\":{\"@id\":\"https:\\\/\\\/nebraskademocrats.org\\\/#\\\/schema\\\/logo\\\/image\\\/\"},\"sameAs\":[\"https:\\\/\\\/www.facebook.com\\\/NebraskaDemocraticParty\\\/\",\"https:\\\/\\\/x.com\\\/nebraskadems\"]},{\"@type\":\"Person\",\"@id\":\"https:\\\/\\\/nebraskademocrats.org\\\/#\\\/schema\\\/person\\\/33e011ea0795f404810dc40828bcf289\",\"name\":\"Precious McKesson\",\"image\":{\"@type\":\"ImageObject\",\"inLanguage\":\"vi\",\"@id\":\"https:\\\/\\\/secure.gravatar.com\\\/avatar\\\/35046e19b3373116ec64c07d386d3312028d3820dc0ffe65c344bcebc8ea9194?s=96&d=mm&r=g\",\"url\":\"https:\\\/\\\/secure.gravatar.com\\\/avatar\\\/35046e19b3373116ec64c07d386d3312028d3820dc0ffe65c344bcebc8ea9194?s=96&d=mm&r=g\",\"contentUrl\":\"https:\\\/\\\/secure.gravatar.com\\\/avatar\\\/35046e19b3373116ec64c07d386d3312028d3820dc0ffe65c344bcebc8ea9194?s=96&d=mm&r=g\",\"caption\":\"Precious McKesson\"}}]}<\/script>\n<!-- \/ Yoast SEO plugin. -->","yoast_head_json":{"title":"Press Release: Nebraska Democratic Party Chair Kleeb issues statement on Friday\u2019s U.S. Senate debate &#8211; Nebraska Democratic Party","robots":{"index":"index","follow":"follow","max-snippet":"max-snippet:-1","max-image-preview":"max-image-preview:large","max-video-preview":"max-video-preview:-1"},"canonical":"https:\/\/nebraskademocrats.org\/vi\/press-releases\/press-release-nebraska-democratic-party-chair-kleeb-issues-statement-on-fridays-u-s-senate-debate\/","og_locale":"vi_VN","og_type":"article","og_title":"Press Release: Nebraska Democratic Party Chair Kleeb issues statement on Friday\u2019s U.S. Senate debate &#8211; Nebraska Democratic Party","og_description":"Nebraska Democratic Party Chair Jane Kleeb issued the following statement on Friday&#8217;s U.S. Senate Debate at NET in Lincoln: \u201cIt is nice to see Sen. Ben Sasse grace Nebraskans with his presence in our state &#8212; just in time to mock Democratic values and voters,\u201d Kleeb said. \u201cA predictable playbook from Trump\u2019s Republican Party these ... Read more","og_url":"https:\/\/nebraskademocrats.org\/vi\/press-releases\/press-release-nebraska-democratic-party-chair-kleeb-issues-statement-on-fridays-u-s-senate-debate\/","og_site_name":"Nebraska Democratic Party","article_publisher":"https:\/\/www.facebook.com\/NebraskaDemocraticParty\/","article_published_time":"2020-09-05T00:55:54+00:00","article_modified_time":"2020-09-05T01:14:41+00:00","og_image":[{"width":1200,"height":630,"url":"https:\/\/nebraskademocrats.org\/wp-content\/uploads\/2018\/09\/ne-dems-fb.jpg","type":"image\/jpeg"}],"author":"Precious McKesson","twitter_card":"summary_large_image","twitter_creator":"@nebraskadems","twitter_site":"@nebraskadems","twitter_misc":{"\u0110\u01b0\u1ee3c vi\u1ebft b\u1edfi":"Precious McKesson","\u01af\u1edbc t\u00ednh th\u1eddi gian \u0111\u1ecdc":"1 ph\u00fat"},"schema":{"@context":"https:\/\/schema.org","@graph":[{"@type":"Article","@id":"https:\/\/nebraskademocrats.org\/press-releases\/press-release-nebraska-democratic-party-chair-kleeb-issues-statement-on-fridays-u-s-senate-debate\/#article","isPartOf":{"@id":"https:\/\/nebraskademocrats.org\/press-releases\/press-release-nebraska-democratic-party-chair-kleeb-issues-statement-on-fridays-u-s-senate-debate\/"},"author":{"name":"Precious McKesson","@id":"https:\/\/nebraskademocrats.org\/#\/schema\/person\/33e011ea0795f404810dc40828bcf289"},"headline":"Press Release: Nebraska Democratic Party Chair Kleeb issues statement on Friday\u2019s U.S. Senate debate","datePublished":"2020-09-05T00:55:54+00:00","dateModified":"2020-09-05T01:14:41+00:00","mainEntityOfPage":{"@id":"https:\/\/nebraskademocrats.org\/press-releases\/press-release-nebraska-democratic-party-chair-kleeb-issues-statement-on-fridays-u-s-senate-debate\/"},"wordCount":194,"publisher":{"@id":"https:\/\/nebraskademocrats.org\/#organization"},"articleSection":["Press Releases"],"inLanguage":"vi"},{"@type":"WebPage","@id":"https:\/\/nebraskademocrats.org\/press-releases\/press-release-nebraska-democratic-party-chair-kleeb-issues-statement-on-fridays-u-s-senate-debate\/","url":"https:\/\/nebraskademocrats.org\/press-releases\/press-release-nebraska-democratic-party-chair-kleeb-issues-statement-on-fridays-u-s-senate-debate\/","name":"Press Release: Nebraska Democratic Party Chair Kleeb issues statement on Friday\u2019s U.S. Senate debate &#8211; Nebraska Democratic Party","isPartOf":{"@id":"https:\/\/nebraskademocrats.org\/#website"},"datePublished":"2020-09-05T00:55:54+00:00","dateModified":"2020-09-05T01:14:41+00:00","breadcrumb":{"@id":"https:\/\/nebraskademocrats.org\/press-releases\/press-release-nebraska-democratic-party-chair-kleeb-issues-statement-on-fridays-u-s-senate-debate\/#breadcrumb"},"inLanguage":"vi","potentialAction":[{"@type":"ReadAction","target":["https:\/\/nebraskademocrats.org\/press-releases\/press-release-nebraska-democratic-party-chair-kleeb-issues-statement-on-fridays-u-s-senate-debate\/"]}]},{"@type":"BreadcrumbList","@id":"https:\/\/nebraskademocrats.org\/press-releases\/press-release-nebraska-democratic-party-chair-kleeb-issues-statement-on-fridays-u-s-senate-debate\/#breadcrumb","itemListElement":[{"@type":"ListItem","position":1,"name":"Home","item":"https:\/\/nebraskademocrats.org\/"},{"@type":"ListItem","position":2,"name":"Press Release: Nebraska Democratic Party Chair Kleeb issues statement on Friday\u2019s U.S. Senate debate"}]},{"@type":"WebSite","@id":"https:\/\/nebraskademocrats.org\/#website","url":"https:\/\/nebraskademocrats.org\/","name":"Nebraska Democratic Party","description":"Ph\u00e1t tri\u1ec3n cu\u1ed9c s\u1ed1ng t\u1ed1t \u0111\u1eb9p cho t\u1ea5t c\u1ea3 Nebraskans","publisher":{"@id":"https:\/\/nebraskademocrats.org\/#organization"},"potentialAction":[{"@type":"SearchAction","target":{"@type":"EntryPoint","urlTemplate":"https:\/\/nebraskademocrats.org\/?s={search_term_string}"},"query-input":{"@type":"PropertyValueSpecification","valueRequired":true,"valueName":"search_term_string"}}],"inLanguage":"vi"},{"@type":"Organization","@id":"https:\/\/nebraskademocrats.org\/#organization","name":"Nebraska Democratic Party","url":"https:\/\/nebraskademocrats.org\/","logo":{"@type":"ImageObject","inLanguage":"vi","@id":"https:\/\/nebraskademocrats.org\/#\/schema\/logo\/image\/","url":"https:\/\/nebraskadem.wpenginepowered.com\/wp-content\/uploads\/2016\/05\/NDP2.jpg","contentUrl":"https:\/\/nebraskadem.wpenginepowered.com\/wp-content\/uploads\/2016\/05\/NDP2.jpg","width":1000,"height":396,"caption":"Nebraska Democratic Party"},"image":{"@id":"https:\/\/nebraskademocrats.org\/#\/schema\/logo\/image\/"},"sameAs":["https:\/\/www.facebook.com\/NebraskaDemocraticParty\/","https:\/\/x.com\/nebraskadems"]},{"@type":"Person","@id":"https:\/\/nebraskademocrats.org\/#\/schema\/person\/33e011ea0795f404810dc40828bcf289","name":"McKesson qu\u00fd gi\u00e1","image":{"@type":"ImageObject","inLanguage":"vi","@id":"https:\/\/secure.gravatar.com\/avatar\/35046e19b3373116ec64c07d386d3312028d3820dc0ffe65c344bcebc8ea9194?s=96&d=mm&r=g","url":"https:\/\/secure.gravatar.com\/avatar\/35046e19b3373116ec64c07d386d3312028d3820dc0ffe65c344bcebc8ea9194?s=96&d=mm&r=g","contentUrl":"https:\/\/secure.gravatar.com\/avatar\/35046e19b3373116ec64c07d386d3312028d3820dc0ffe65c344bcebc8ea9194?s=96&d=mm&r=g","caption":"Precious McKesson"}}]}},"_links":{"self":[{"href":"https:\/\/nebraskademocrats.org\/vi\/wp-json\/wp\/v2\/posts\/23552","targetHints":{"allow":["GET"]}}],"collection":[{"href":"https:\/\/nebraskademocrats.org\/vi\/wp-json\/wp\/v2\/posts"}],"about":[{"href":"https:\/\/nebraskademocrats.org\/vi\/wp-json\/wp\/v2\/types\/post"}],"author":[{"embeddable":true,"href":"https:\/\/nebraskademocrats.org\/vi\/wp-json\/wp\/v2\/users\/19"}],"replies":[{"embeddable":true,"href":"https:\/\/nebraskademocrats.org\/vi\/wp-json\/wp\/v2\/comments?post=23552"}],"version-history":[{"count":0,"href":"https:\/\/nebraskademocrats.org\/vi\/wp-json\/wp\/v2\/posts\/23552\/revisions"}],"wp:attachment":[{"href":"https:\/\/nebraskademocrats.org\/vi\/wp-json\/wp\/v2\/media?parent=23552"}],"wp:term":[{"taxonomy":"category","embeddable":true,"href":"https:\/\/nebraskademocrats.org\/vi\/wp-json\/wp\/v2\/categories?post=23552"},{"taxonomy":"post_tag","embeddable":true,"href":"https:\/\/nebraskademocrats.org\/vi\/wp-json\/wp\/v2\/tags?post=23552"}],"curies":[{"name":"wp","href":"https:\/\/api.w.org\/{rel}","templated":true}]}}