{"id":25582,"date":"2020-10-02T12:39:27","date_gmt":"2020-10-02T17:39:27","guid":{"rendered":"https:\/\/nebraskadem.wpenginepowered.com\/?p=25582"},"modified":"2020-10-02T15:17:24","modified_gmt":"2020-10-02T20:17:24","slug":"debate-delirium-and-more-nebdems-news","status":"publish","type":"post","link":"https:\/\/nebraskademocrats.org\/vi\/blog\/debate-delirium-and-more-nebdems-news\/","title":{"rendered":"Debate Delirium and more &#8212; #NebDems News"},"content":{"rendered":"<p><img fetchpriority=\"high\" decoding=\"async\" class=\"size-medium wp-image-6838 aligncenter\" src=\"https:\/\/nebraskadem.wpenginepowered.com\/wp-content\/uploads\/2018\/12\/NebDems-News-4-300x167.png\" alt=\"\" width=\"300\" height=\"167\" srcset=\"https:\/\/nebraskademocrats.org\/wp-content\/uploads\/2018\/12\/NebDems-News-4-300x167.png 300w, https:\/\/nebraskademocrats.org\/wp-content\/uploads\/2018\/12\/NebDems-News-4-768x427.png 768w, https:\/\/nebraskademocrats.org\/wp-content\/uploads\/2018\/12\/NebDems-News-4-1024x569.png 1024w, https:\/\/nebraskademocrats.org\/wp-content\/uploads\/2018\/12\/NebDems-News-4.png 1081w\" sizes=\"(max-width: 300px) 100vw, 300px\" \/><\/p>\n<p>News that President Trump has tested positive for COVID-19 has turned the presidential race upside down &#8212; including raising the question of whether his final two debates with Joe Biden will go forward.<\/p>\n<p>But folks who watched the first debate on Tuesday learned three things.<\/p>\n<p>Trump was awful. Trump was horrifying. And Trump continues to prove his words and actions are an insult to the American people.<\/p>\n<p>Trump bullied and interrupted his way through the entire evening.<\/p>\n<div>From\u00a0<a href=\"https:\/\/variety.com\/2020\/tv\/columns\/the-first-presidential-debate-joe-biden-donald-trump-1234786646\/\">Variety:<\/a>\u00a0<em>Trump never relented from this posture. His interruptions were so frequent \u2014 and rude \u2014 that they turned the entire debate into a train wreck.<\/p>\n<p><\/em>From\u00a0<a href=\"https:\/\/www.esquire.com\/news-politics\/politics\/a34215453\/president-trump-first-debate-pure-fascism\/\">Charles Pierce c\u1ee7a Esquire:<\/a>\u00a0<em>This is something that happened: in the very first segment of the very first presidential debate of 2020, the challenger, a former Vice President of the United States, already had called the incumbent president* of the United States a liar and a clown, and he told him to shut up. And he was right to do all three things.<\/em><\/div>\n<p>From the\u00a0<a href=\"https:\/\/www.theheraldreview.com\/news\/article\/Trump-Biden-prepare-to-debate-at-a-time-of-15604807.php\">AP<\/a>:\u00a0<em>The first debate between President Donald Trump and Democratic challenger Joe Biden deteriorated into bitter taunts and near chaos Tuesday night as Trump repeatedly interrupted his opponent with angry \u2014 and personal \u2014 jabs that sometimes overshadowed the sharply different visions each man has for a nation facing historic crises. \u2026 Trump refused to condemn white supremacists who have supported him, telling one such group known as Proud Boys to \u201cstand back, stand by.\u201d<\/em><\/p>\n<p>Sunday marks just 30 days until Nov. 3. Please vote.<\/p>\n<figure><img decoding=\"async\" class=\"aligncenter\" title=\"\" src=\"https:\/\/can2-prod.s3.amazonaws.com\/uploads\/data\/000\/457\/005\/original\/Debate_1.jpg\" alt=\"\" width=\"450\" align=\"center\" \/><\/figure>\n<p style=\"text-align: center;\">***<\/p>\n<p>NDP \u0111\u00e3 thi\u1ebft k\u1ebf H\u01b0\u1edbng d\u1eabn c\u1eed tri hi\u1ec3n th\u1ecb t\u1ea5t c\u1ea3 c\u00e1c \u0111\u1ea3ng vi\u00ean D\u00e2n ch\u1ee7 \u0111ang tranh c\u1eed t\u1ea1i t\u1ea5t c\u1ea3 93 qu\u1eadn c\u1ee7a Nebraska. Ch\u00fang t\u00f4i c\u0169ng bao g\u1ed3m c\u00e1c s\u00e1ng ki\u1ebfn b\u1ecf phi\u1ebfu v\u00e0 s\u1eeda \u0111\u1ed5i hi\u1ebfn ph\u00e1p.<\/p>\n<p><a href=\"https:\/\/nebraskadem.wpenginepowered.com\/voterguide\/\"><strong>Just click here to find your local Democratic Voter Guide.<\/strong><\/a><\/p>\n<p><img decoding=\"async\" class=\"size-medium wp-image-25612 aligncenter\" src=\"https:\/\/nebraskadem.wpenginepowered.com\/wp-content\/uploads\/2020\/10\/NEBDEMS-2020-VoterGuide-SQ-V2-300x300.png\" alt=\"\" width=\"300\" height=\"300\" srcset=\"https:\/\/nebraskademocrats.org\/wp-content\/uploads\/2020\/10\/NEBDEMS-2020-VoterGuide-SQ-V2-300x300.png 300w, https:\/\/nebraskademocrats.org\/wp-content\/uploads\/2020\/10\/NEBDEMS-2020-VoterGuide-SQ-V2-1024x1024.png 1024w, https:\/\/nebraskademocrats.org\/wp-content\/uploads\/2020\/10\/NEBDEMS-2020-VoterGuide-SQ-V2-150x150.png 150w, https:\/\/nebraskademocrats.org\/wp-content\/uploads\/2020\/10\/NEBDEMS-2020-VoterGuide-SQ-V2-768x768.png 768w, https:\/\/nebraskademocrats.org\/wp-content\/uploads\/2020\/10\/NEBDEMS-2020-VoterGuide-SQ-V2.png 1201w\" sizes=\"(max-width: 300px) 100vw, 300px\" \/><\/p>\n<p style=\"text-align: center;\">***<\/p>\n<p>If you have any questions about voting, including how to register to vote or request a Vote-by-Mail ballot, simply\u00a0<strong><a href=\"https:\/\/nebraskadem.wpenginepowered.com\/voting-center\/\">visit the NDP Voting Center.<\/a><\/strong><\/p>\n<p style=\"text-align: center;\"><strong><img decoding=\"async\" class=\"aligncenter\" title=\"\" src=\"https:\/\/can2-prod.s3.amazonaws.com\/uploads\/data\/000\/456\/932\/original\/NEBDEMS-2020-Slate-InfoSoc-FB_Event_(1).png\" alt=\"\" width=\"450\" align=\"center\" \/><\/strong>***<\/p>\n<p>B\u1ea1n c\u00f3 th\u1ec3 gi\u00fap ch\u00fang t\u00f4i b\u1ea7u ch\u1ecdn \u0111\u1ea3ng vi\u00ean D\u00e2n ch\u1ee7 b\u1eb1ng c\u00e1ch vi\u1ebft b\u01b0u thi\u1ebfp cho c\u1eed tri!<\/p>\n<p>Ch\u00fang t\u00f4i c\u00f3 m\u1ed9t s\u1ed1 t\u00f9y ch\u1ecdn:<\/p>\n<p>T\u1ea1o b\u01b0u thi\u1ebfp c\u1ee7a ri\u00eang b\u1ea1n v\u00e0 ch\u00fang t\u00f4i s\u1ebd g\u1eedi email cho b\u1ea1n danh s\u00e1ch t\u00ean.<\/p>\n<p>Nh\u1eadn m\u1ed9t g\u00f3i t\u1ea1i m\u1ed9t trong c\u00e1c v\u0103n ph\u00f2ng c\u1ee7a ch\u00fang t\u00f4i:<\/p>\n<p>- V\u0103n ph\u00f2ng Lincoln \u1edf\u00a0<a href=\"https:\/\/www.google.com\/maps\/place\/3701+O+St,+Lincoln,+NE+68510\/@40.8132582,-96.6699705,17z\/data=!3m1!4b1!4m5!3m4!1s0x8796be8396117673:0xb88bc6c9897988ea!8m2!3d40.8132582!4d-96.6677818\">3701 O St.<\/a>, Suite 200 and is open M-F from 10 a.m. to 6 p.m.<\/p>\n<p>- V\u0103n ph\u00f2ng Omaha \u1edf\u00a0<a href=\"https:\/\/www.google.com\/maps\/place\/5418+S+27th+St,+Omaha,+NE+68107\/@41.2029196,-95.9554268,17z\/data=!3m1!4b1!4m5!3m4!1s0x879389322474a1c3:0x13b7a9ff10d04eb1!8m2!3d41.2029156!4d-95.9532327\">5418 S. 27<\/a>, Suite 6 and is open Tuesday and Thursday from 10 a.m. to 6 p.m.<\/p>\n<p>N\u1ebfu b\u1ea1n \u1edf Nebraska l\u1edbn h\u01a1n v\u00e0 mu\u1ed1n c\u00f3 m\u1ed9t v\u00e0i ng\u01b0\u1eddi b\u1ea1n, ch\u00fang t\u00f4i c\u00f3 th\u1ec3 g\u1eedi m\u1ed9t g\u00f3i v\u1edbi s\u1ed1 l\u01b0\u1ee3ng l\u1edbn h\u01a1n c\u00e1c t\u1ea5m b\u01b0u thi\u1ebfp v\u00e0 t\u00ean.<br \/>\n<strong><br \/>\n<a href=\"https:\/\/www.mobilize.us\/nebdems\/event\/317090\/\">\u0110\u0103ng k\u00fd t\u1ea1i \u0111\u00e2y<\/a><\/strong>\u00a0for exact information.<\/p>\n<p>You also can write postcards to voters while we watch the Presidential and Vice Presidential Debates.\u00a0<strong><a href=\"https:\/\/www.mobilize.us\/nebdems\/event\/326376\/\">\u0110\u0103ng k\u00fd t\u1ea1i \u0111\u00e2y<\/a>\u00a0<\/strong>if you&#8217;d like to join our zoom call during the debates.<\/p>\n<p>C\u00e2u h\u1ecfi? G\u1eedi email t\u1edbi: gina@nebraskademocrats.org<\/p>\n<p><img decoding=\"async\" class=\"aligncenter\" title=\"\" src=\"https:\/\/lh4.googleusercontent.com\/A3m--QTcFwf1K_4QxGq9DuQbGtvBFIUYc8COaiC_tKYmdAphwhBsETOH4ERaec_zbW1xs2w1N-z9ZqRWLCDyz5P4ks3X6oMxCs1edufAAePpJBeE9sPA_7OjtA2fBndV05-E5BDq\" alt=\"\" width=\"400\" align=\"center\" \/><\/p>\n<p style=\"text-align: center;\">***<\/p>\n<p>Sign up for our 100,000 Calls Across Nebraska &#8212; Oct. 10-18 &#8212; when we will phone bank voters to turn out the vote for Democrats!<\/p>\n<p>D\u1ec5 th\u00f4i!\u00a0<a href=\"https:\/\/www.mobilize.us\/nebdems\/event\/308451\/\"><strong>\u0110\u0103ng k\u00fd t\u1ea1i \u0111\u00e2y!<\/strong><\/a><\/p>\n<p><img decoding=\"async\" class=\"aligncenter\" title=\"\" src=\"https:\/\/lh3.googleusercontent.com\/6wpO8RfSmejcpmKQAKUDjQ7rWI38tS7KYSjlm7eDE0_RnN50Uc_8jvMyj2GrxOWBkehxkM-pRvtF4wnMtBpafYURV3djWxLORF-MYD2BcQJOqineRaRx53m59B08PuMdDI89dT69\" alt=\"\" width=\"400\" align=\"center\" \/><\/p>\n<p style=\"text-align: center;\">***<\/p>\n<p>\u1ee8ng c\u1eed vi\u00ean: N\u1ebfu b\u1ea1n mu\u1ed1n t\u00ecm ki\u1ebfm s\u1ef1 ch\u1ee9ng th\u1ef1c t\u1eeb Caucus Latinx,\u00a0<a href=\"https:\/\/docs.google.com\/forms\/d\/1cS9MKeoMz_4TASq_AGp82RfpEg2nnBi1hGaCEK1pWRQ\/edit?usp=sharing_eil&amp;ts=5f3b0c37\"><strong>\u0111i\u1ec1n v\u00e0o m\u1eabu \u0111\u01a1n n\u00e0y.<\/strong><\/a><\/p>\n<p>N\u1ebfu b\u1ea1n mu\u1ed1n t\u00ecm ki\u1ebfm s\u1ef1 ch\u1ee9ng th\u1ef1c t\u1eeb N\u1eef caucus, h\u00e3y g\u1eedi email:\u00a0<a href=\"mailto:ndpwomenscaucus@gmail.com\">ndpwomenscaucus@gmail.com<\/a><\/p>\n<p><img decoding=\"async\" class=\"aligncenter\" title=\"\" src=\"https:\/\/lh5.googleusercontent.com\/hL9JJD9jIr44wxkCi87DQc36AQxxfBepjxxX3R8oYcHC-4RgeUARyNBf16ZvfuYbYZhfDRR2Z2clOuekq5fvDdFg0Q-DAIaUboYUzsZL90zhFbDeFPLnfcL9vJHEMa4owu_UJyTd\" alt=\"\" width=\"400\" align=\"center\" \/><\/p>\n<p><img decoding=\"async\" class=\"aligncenter\" title=\"\" src=\"https:\/\/lh3.googleusercontent.com\/T9b_JY5oS15oNjpPZl1r1VGTCLdS9go1-3XyJUdOjS-nmBnwQ3ozqIsg2sVSmiiVWwu7kd2Ez57koj-bT0y0Z1P1gQYHSo6eiMxDyQB2C0xbLDecND9Ak5PREK7y9fyP9USJEX9n\" alt=\"\" width=\"400\" align=\"center\" \/><\/p>\n<p style=\"text-align: center;\">***<\/p>\n<p>Preston Love, nh\u00e0 l\u00e3nh \u0111\u1ea1o c\u1ed9ng \u0111\u1ed3ng l\u00e2u n\u0103m v\u00e0 l\u00e0 ng\u01b0\u1eddi \u1ee7ng h\u1ed9 ch\u00ednh tr\u1ecb, \u0111\u00e3 tuy\u00ean b\u1ed1 \u00f4ng s\u1ebd l\u00e0 \u1ee9ng c\u1eed vi\u00ean \u0111\u1ea3ng D\u00e2n ch\u1ee7 ghi t\u00ean v\u00e0o Th\u01b0\u1ee3ng vi\u1ec7n Hoa K\u1ef3 trong cu\u1ed9c b\u1ea7u c\u1eed ng\u00e0y 3 th\u00e1ng 11. T\u00ecnh y\u00eau \u0111\u01b0\u1ee3c x\u00e1c nh\u1eadn b\u1edfi Nebraska Democratic Party.<\/p>\n<p>C\u00e1c c\u1eed tri c\u00f3 th\u1ec3 ch\u1ec9 c\u1ea7n vi\u1ebft Love v\u00e0o d\u00f2ng vi\u1ebft s\u1eb5n v\u00e0 \u0111i\u1ec1n v\u00e0o h\u00ecnh b\u1ea7u d\u1ee5c b\u00ean c\u1ea1nh t\u00ean c\u1ee7a anh \u1ea5y d\u01b0\u1edbi ph\u1ea7n Th\u01b0\u1ee3ng vi\u1ec7n Hoa K\u1ef3 trong l\u00e1 phi\u1ebfu c\u1ee7a h\u1ecd.<\/p>\n<p><strong><a href=\"https:\/\/nebraskadem.wpenginepowered.com\/press-releases\/press-release-preston-love-to-be-democratic-write-in-candidate-for-u-s-senate\/\">\u0110\u1eccC TH\u00caM.<\/a><\/strong><\/p>\n<p><img decoding=\"async\" class=\"size-medium wp-image-25587 aligncenter\" src=\"https:\/\/nebraskadem.wpenginepowered.com\/wp-content\/uploads\/2020\/10\/Preston-logo-300x300.png\" alt=\"\" width=\"300\" height=\"300\" srcset=\"https:\/\/nebraskademocrats.org\/wp-content\/uploads\/2020\/10\/Preston-logo.png 300w, https:\/\/nebraskademocrats.org\/wp-content\/uploads\/2020\/10\/Preston-logo-150x150.png 150w\" sizes=\"(max-width: 300px) 100vw, 300px\" \/><\/p>\n<figure><\/figure>\n<p style=\"text-align: center;\">***<\/p>\n<p>Join us this weekend at one of our\u00a0<strong>Yard Sign Drive-Thru Party<\/strong>\u00a0n\u01a1i ch\u00fang t\u00f4i ph\u00e2n ph\u00e1t bi\u1ec3n b\u00e1o s\u00e2n cho Ph\u00f3 T\u1ed5ng th\u1ed1ng Joe Biden, Th\u01b0\u1ee3ng ngh\u1ecb s\u0129 Harris v\u00e0 c\u00e1c \u1ee9ng c\u1eed vi\u00ean Nebraska m\u1ea1nh m\u1ebd c\u1ee7a ch\u00fang t\u00f4i.<\/p>\n<p>B\u1ea1n ch\u1ec9 c\u1ea7n l\u00e1i xe l\u00ean v\u00e0 ch\u00fang t\u00f4i s\u1ebd \u0111\u1eb7t c\u00e1c bi\u1ec3n b\u00e1o b\u1ea1n mu\u1ed1n tr\u00ean xe c\u1ee7a b\u1ea1n.<\/p>\n<p>We only have a limited amount left. So with this round of yard-sign events, we ask that when you come to pick up your sign you choose one of these actions:<\/p>\n<p>1. Mang theo m\u1ed9t G\u00f3i B\u01b0u thi\u1ebfp m\u00e0 ch\u00fang t\u00f4i \u0111\u00e3 chu\u1ea9n b\u1ecb cho b\u1ea1n \u0111\u1ec3 vi\u1ebft nh\u1eefng ghi ch\u00fa ng\u1eafn cho c\u1eed tri. G\u00f3i n\u00e0y bao g\u1ed3m 30 b\u01b0u thi\u1ebfp, nh\u00e3n v\u00e0 m\u1ed9t tin nh\u1eafn m\u1eabu \u0111\u1ec3 vi\u1ebft. B\u1ea1n cung c\u1ea5p tem b\u01b0u thi\u1ebfp v\u00e0 g\u1eedi ch\u00fang qua \u0111\u01b0\u1eddng b\u01b0u \u0111i\u1ec7n!<\/p>\n<p>HO\u1eb6C L\u00c0<\/p>\n<p>2. Th\u1ef1c hi\u1ec7n quy\u00ean g\u00f3p $20 cho c\u00e1c d\u1ea5u hi\u1ec7u.<\/p>\n<p><strong>Ng\u00e0y 4 th\u00e1ng 10:<\/strong>\u00a0Lincoln, 11 gi\u1edd s\u00e1ng \u0111\u1ebfn 1 gi\u1edd chi\u1ec1u, V\u0103n ph\u00f2ng NDP: 3701 O St.<\/p>\n<p><strong>Ng\u00e0y 4 th\u00e1ng 10:<\/strong>\u00a0Omaha, 3 \u0111\u1ebfn 5 gi\u1edd chi\u1ec1u, IBEW Hall, 13306 Stevens St.<\/p>\n<p>C\u00e2u h\u1ecfi? G\u1eedi email t\u1edbi info@nebraskademocrats.org<\/p>\n<p><strong>NOTE: We are no longer distributing yard signs during the week at our Omaha and Lincoln offices.<\/strong><\/p>\n<p><img decoding=\"async\" class=\"aligncenter\" title=\"\" src=\"https:\/\/lh4.googleusercontent.com\/pNySnyV0clGuYYCPHISng9kmsIIc2qxj98FWwI4COSjyFouAj0cC-zypyx5J7ltg8aDanlIH_VxrbiLegyWZg7s71SkAv0ND6dre5wqRdmKXp8Gbv_Rq9JIolJ9A6InLCr0feGwn\" alt=\"\" width=\"400\" align=\"center\" \/><\/p>\n<p style=\"text-align: center;\">***<\/p>\n<p>NDP \u0111\u00e3 b\u1eaft \u0111\u1ea7u m\u1ed9t lo\u1ea1t c\u00e1c s\u1ef1 ki\u1ec7n tr\u1ef1c tuy\u1ebfn Ch\u00e0o m\u1eebng \u0111\u1ebfn v\u1edbi \u0110\u1ea3ng d\u00e0nh cho c\u00e1c c\u1eed tri m\u1edbi. Ch\u00fang t\u00f4i s\u1ebd tr\u1ea3 l\u1eddi t\u1ea5t c\u1ea3 c\u00e1c c\u00e2u h\u1ecfi c\u1ee7a b\u1ea1n v\u1ec1 vi\u1ec7c b\u1ecf phi\u1ebfu v\u00e0 c\u00e1ch tham gia. B\u1ea1n c\u00f3 th\u1ec3 nh\u1eadp c\u00e2u h\u1ecfi c\u1ee7a m\u00ecnh trong cu\u1ed9c tr\u00f2 chuy\u1ec7n ho\u1eb7c h\u1ecfi h\u1ecd tr\u1ef1c ti\u1ebfp.<\/p>\n<p><strong><a href=\"http:\/\/nebraskadem.wpenginepowered.com\/Welcome\">\u0110\u0103ng k\u00fd t\u1ea1i \u0111\u00e2y.<\/a><\/strong><\/p>\n<p><img decoding=\"async\" class=\"aligncenter\" title=\"\" src=\"https:\/\/lh6.googleusercontent.com\/-1QandggbHJbJEh7XQvTuXPZGyT9z5UyF689wNfmzHBHxAnZC62qm7lJTemIZa3Rd3ov0-r2EXUcUOe2eg8MUnrQJ3-Hd5w3NIvRdjfv5XBhMQy9vcEkifYr-3y5K1RgwT0Cd_nh\" alt=\"\" width=\"400\" align=\"center\" \/><\/p>\n<p style=\"text-align: center;\">***<\/p>\n<p>\u0110\u1ea3m b\u1ea3o b\u1ea1n \u0111\u0103ng k\u00fd b\u1ecf phi\u1ebfu v\u00e0 y\u00eau c\u1ea7u b\u1ecf phi\u1ebfu B\u1ecf phi\u1ebfu qua Th\u01b0 t\u1ea1i\u00a0<a href=\"https:\/\/nebraskadem.wpenginepowered.com\/voting-center\/\"><strong>Trung t\u00e2m bi\u1ec3u quy\u1ebft NDP.<\/strong><\/a><\/p>\n<p>H\u00e3y chia s\u1ebb li\u00ean k\u1ebft tr\u00ean v\u1edbi b\u1ea1n b\u00e8 v\u00e0 gia \u0111\u00ecnh!<\/p>\n<p><a href=\"https:\/\/nebraskadem.wpenginepowered.com\/voting-center\/\"><img loading=\"lazy\" decoding=\"async\" class=\"aligncenter\" src=\"https:\/\/lh5.googleusercontent.com\/aDnZacZGJi9Zc9lHExNox40PUIRPQeqGcc4MqqiWFiEVJDMqrg3oXa65h2_l0ShQP0wussCT8kcZbGIrjm8mRS3pSeW34vSdz_NDnodeLRrR89fav0DPcwxGACITfLCi3-ESQ0pJ\" alt=\"\" width=\"400\" height=\"900\" align=\"center\" \/><\/a><\/p>\n<p style=\"text-align: center;\">***<\/p>\n<p>Nh\u1eadn b\u1ea3ng \u0111i\u1ec1u khi\u1ec3n Biden v\u00e0 NDP c\u1ee7a b\u1ea1n t\u1ea1i\u00a0<a href=\"https:\/\/shirts101.store\/nebraska_democrats\/shop\/home\"><strong>C\u1eeda h\u00e0ng NDP \/ S\u01a1 mi 101!<\/strong><\/a><\/p>\n<p style=\"text-align: left;\"><img decoding=\"async\" class=\"aligncenter\" title=\"\" src=\"https:\/\/lh3.googleusercontent.com\/jKXLB3vdHEuodrj27gFB2hcBgw9X8rltR7C5HCWTRq9uGDkd7l-lUxc8NOUYuwLr8jE8PqFSnBpBsJ78oi411AGQiTGnRoef_ETTkNA0SHWkqlZRZMiHPtjvWp-3a0IdZ_ub5O-0\" alt=\"\" width=\"400\" align=\"center\" \/><\/p>\n<p style=\"text-align: center;\">***<\/p>\n<p style=\"text-align: left;\">Ch\u00fang t\u00f4i \u0111\u1ec3 l\u1ea1i cho b\u1ea1n tu\u1ea7n n\u00e0y v\u1edbi m\u1ed9t k\u1ebft xu\u1ea5t b\u1eb1ng <strong>John Deering<\/strong><strong>.<\/strong><\/p>\n<p><img decoding=\"async\" class=\"aligncenter\" title=\"\" src=\"https:\/\/lh4.googleusercontent.com\/-1IINK2b3-_zRGZeD2lVSrzHHDIbHbww5lp6g2ChkGHqDTSUPUbA8kg8I433Cw2wuuUtpptcy9sSkY8UQZHi-KGmPjljzMK7jET1n5uR_C8WKj2k5ULp9d2suz919gqXiCBu_iBZ\" alt=\"\" width=\"450\" align=\"center\" \/><\/p>\n<p style=\"text-align: center;\">\u2013By Kevin O&#039;Hanlon \/ Gi\u00e1m \u0111\u1ed1c Truy\u1ec1n th\u00f4ng NDP<\/p>\n<p><strong>GHI CH\u00da:<\/strong>\u00a0N\u1ebfu b\u1ea1n mu\u1ed1n nh\u1eadn Tin t\u1ee9c #NebDems qua email, ch\u1ec9 c\u1ea7n cho ch\u00fang t\u00f4i bi\u1ebft b\u1eb1ng c\u00e1ch g\u1eedi ghi ch\u00fa \u0111\u1ebfn:\u00a0<a href=\"mailto:info@nebraskademocrats.org\"><strong>info@nebraskademocrats.org<\/strong><\/a><\/p>\n<p>###<strong><br \/>\n<\/strong><strong><br \/>\n<\/strong><strong>NH\u1eeeNG NG\u00c0Y QUAN TR\u1eccNG<\/strong><\/p>\n<p><strong><br \/>\n<\/strong><strong>Ng\u00e0y 4 th\u00e1ng 10:<\/strong>\u00a0<a href=\"https:\/\/www.facebook.com\/events\/3982735488410370\/\">Omaha Biden Yard Sign Party Drive-Thru<\/a><\/p>\n<p><strong>Ng\u00e0y 4 th\u00e1ng 10:<\/strong>\u00a0<a href=\"https:\/\/www.facebook.com\/events\/736374333613143\/\">Lincoln Biden Yard Sign Drive-Thru Party<\/a><\/p>\n<p><strong>Ng\u00e0y 6 th\u00e1ng 10:\u00a0<\/strong><a href=\"https:\/\/nebraskadem.wpenginepowered.com\/event\/welcome-to-the-party-call-35\/\">Cu\u1ed9c g\u1ecdi ch\u00e0o m\u1eebng \u0111\u1ebfn v\u1edbi b\u1eefa ti\u1ec7c<\/a><\/p>\n<p><strong>Ng\u00e0y 7 th\u00e1ng 10:<\/strong>\u00a0<a href=\"https:\/\/nebraskadem.wpenginepowered.com\/event\/vice-presidential-debate\/\">Tranh lu\u1eadn gi\u1eefa Ph\u00f3 T\u1ed5ng th\u1ed1ng<\/a><\/p>\n<p><strong>Ng\u00e0y 7 th\u00e1ng 10:<\/strong>\u00a0<a href=\"https:\/\/www.facebook.com\/events\/657937801517523\/\">H\u00e3y xem cu\u1ed9c tranh lu\u1eadn v\u00e0 gi\u00fap \u0111\u1ee1 Dems!<\/a><\/p>\n<p><strong>Ng\u00e0y 10-18 th\u00e1ng 10:<\/strong>\u00a0<a href=\"https:\/\/www.mobilize.us\/nebdems\/event\/308451\/\">Ng\u00e2n h\u00e0ng \u0111i\u1ec7n tho\u1ea1i cho Dems: 100.000 cu\u1ed9c g\u1ecdi tr\u00ean kh\u1eafp Nebraska<\/a><\/p>\n<p><strong>Ng\u00e0y 13 th\u00e1ng 10<\/strong>:\u00a0<a href=\"https:\/\/nebraskadem.wpenginepowered.com\/event\/welcome-to-the-party-call-36\/\">Cu\u1ed9c g\u1ecdi ch\u00e0o m\u1eebng \u0111\u1ebfn v\u1edbi b\u1eefa ti\u1ec7c<\/a><\/p>\n<p><strong>Ng\u00e0y 15 th\u00e1ng 10:\u00a0<\/strong><a href=\"https:\/\/nebraskadem.wpenginepowered.com\/event\/second-presidential-debate-3\/\">Cu\u1ed9c tranh lu\u1eadn t\u1ed5ng th\u1ed1ng l\u1ea7n th\u1ee9 hai<\/a><\/p>\n<p><strong>Oct. 15<\/strong>:\u00a0<a href=\"https:\/\/www.facebook.com\/events\/658697254752921\/\">H\u00e3y xem cu\u1ed9c tranh lu\u1eadn v\u00e0 gi\u00fap \u0111\u1ee1 Dems!<\/a><\/p>","protected":false},"excerpt":{"rendered":"<p>News that President Trump has tested positive for COVID-19 has turned the presidential race upside down &#8212; including raising the question of whether his final two debates with Joe Biden will go forward. But folks who watched the first debate on Tuesday learned three things. Trump was awful. Trump was horrifying. And Trump continues to &#8230; <a title=\"Debate Delirium and more &#8212; #NebDems News\" class=\"read-more\" href=\"https:\/\/nebraskademocrats.org\/vi\/blog\/debate-delirium-and-more-nebdems-news\/\" aria-label=\"More on Debate Delirium and more &#8212; #NebDems News\">\u0110\u1ecdc th\u00eam<\/a><\/p>","protected":false},"author":19,"featured_media":0,"comment_status":"closed","ping_status":"closed","sticky":false,"template":"","format":"standard","meta":{"_acf_changed":false,"_exactmetrics_skip_tracking":false,"_exactmetrics_sitenote_active":false,"_exactmetrics_sitenote_note":"","_exactmetrics_sitenote_category":0,"footnotes":""},"categories":[1],"tags":[],"class_list":["post-25582","post","type-post","status-publish","format-standard","hentry","category-blog"],"acf":[],"yoast_head":"<!-- This site is optimized with the Yoast SEO plugin v27.4 - https:\/\/yoast.com\/product\/yoast-seo-wordpress\/ -->\n<title>Debate Delirium and more -- #NebDems News &#8211; Nebraska Democratic Party<\/title>\n<meta name=\"robots\" content=\"index, follow, max-snippet:-1, max-image-preview:large, max-video-preview:-1\" \/>\n<link rel=\"canonical\" href=\"https:\/\/nebraskademocrats.org\/vi\/blog\/debate-delirium-and-more-nebdems-news\/\" \/>\n<meta property=\"og:locale\" content=\"vi_VN\" \/>\n<meta property=\"og:type\" content=\"article\" \/>\n<meta property=\"og:title\" content=\"Debate Delirium and more -- #NebDems News &#8211; Nebraska Democratic Party\" \/>\n<meta property=\"og:description\" content=\"News that President Trump has tested positive for COVID-19 has turned the presidential race upside down &#8212; including raising the question of whether his final two debates with Joe Biden will go forward. But folks who watched the first debate on Tuesday learned three things. Trump was awful. Trump was horrifying. And Trump continues to ... Read more\" \/>\n<meta property=\"og:url\" content=\"https:\/\/nebraskademocrats.org\/vi\/blog\/debate-delirium-and-more-nebdems-news\/\" \/>\n<meta property=\"og:site_name\" content=\"Nebraska Democratic Party\" \/>\n<meta property=\"article:publisher\" content=\"https:\/\/www.facebook.com\/NebraskaDemocraticParty\/\" \/>\n<meta property=\"article:published_time\" content=\"2020-10-02T17:39:27+00:00\" \/>\n<meta property=\"article:modified_time\" content=\"2020-10-02T20:17:24+00:00\" \/>\n<meta property=\"og:image\" content=\"https:\/\/nebraskadem.wpenginepowered.com\/wp-content\/uploads\/2018\/12\/NebDems-News-4-300x167.png\" \/>\n<meta name=\"author\" content=\"Precious McKesson\" \/>\n<meta name=\"twitter:card\" content=\"summary_large_image\" \/>\n<meta name=\"twitter:creator\" content=\"@nebraskadems\" \/>\n<meta name=\"twitter:site\" content=\"@nebraskadems\" \/>\n<meta name=\"twitter:label1\" content=\"\u0110\u01b0\u1ee3c vi\u1ebft b\u1edfi\" \/>\n\t<meta name=\"twitter:data1\" content=\"Precious McKesson\" \/>\n\t<meta name=\"twitter:label2\" content=\"\u01af\u1edbc t\u00ednh th\u1eddi gian \u0111\u1ecdc\" \/>\n\t<meta name=\"twitter:data2\" content=\"5 ph\u00fat\" \/>\n<script type=\"application\/ld+json\" class=\"yoast-schema-graph\">{\"@context\":\"https:\\\/\\\/schema.org\",\"@graph\":[{\"@type\":\"Article\",\"@id\":\"https:\\\/\\\/nebraskademocrats.org\\\/zh\\\/blog\\\/debate-delirium-and-more-nebdems-news\\\/#article\",\"isPartOf\":{\"@id\":\"https:\\\/\\\/nebraskademocrats.org\\\/zh\\\/blog\\\/debate-delirium-and-more-nebdems-news\\\/\"},\"author\":{\"name\":\"Precious McKesson\",\"@id\":\"https:\\\/\\\/nebraskademocrats.org\\\/#\\\/schema\\\/person\\\/33e011ea0795f404810dc40828bcf289\"},\"headline\":\"Debate Delirium and more &#8212; #NebDems News\",\"datePublished\":\"2020-10-02T17:39:27+00:00\",\"dateModified\":\"2020-10-02T20:17:24+00:00\",\"mainEntityOfPage\":{\"@id\":\"https:\\\/\\\/nebraskademocrats.org\\\/zh\\\/blog\\\/debate-delirium-and-more-nebdems-news\\\/\"},\"wordCount\":918,\"publisher\":{\"@id\":\"https:\\\/\\\/nebraskademocrats.org\\\/#organization\"},\"image\":{\"@id\":\"https:\\\/\\\/nebraskademocrats.org\\\/zh\\\/blog\\\/debate-delirium-and-more-nebdems-news\\\/#primaryimage\"},\"thumbnailUrl\":\"https:\\\/\\\/nebraskadem.wpenginepowered.com\\\/wp-content\\\/uploads\\\/2018\\\/12\\\/NebDems-News-4-300x167.png\",\"articleSection\":[\"NDP Blog\"],\"inLanguage\":\"vi\"},{\"@type\":\"WebPage\",\"@id\":\"https:\\\/\\\/nebraskademocrats.org\\\/zh\\\/blog\\\/debate-delirium-and-more-nebdems-news\\\/\",\"url\":\"https:\\\/\\\/nebraskademocrats.org\\\/zh\\\/blog\\\/debate-delirium-and-more-nebdems-news\\\/\",\"name\":\"Debate Delirium and more -- #NebDems News &#8211; Nebraska Democratic Party\",\"isPartOf\":{\"@id\":\"https:\\\/\\\/nebraskademocrats.org\\\/#website\"},\"primaryImageOfPage\":{\"@id\":\"https:\\\/\\\/nebraskademocrats.org\\\/zh\\\/blog\\\/debate-delirium-and-more-nebdems-news\\\/#primaryimage\"},\"image\":{\"@id\":\"https:\\\/\\\/nebraskademocrats.org\\\/zh\\\/blog\\\/debate-delirium-and-more-nebdems-news\\\/#primaryimage\"},\"thumbnailUrl\":\"https:\\\/\\\/nebraskadem.wpenginepowered.com\\\/wp-content\\\/uploads\\\/2018\\\/12\\\/NebDems-News-4-300x167.png\",\"datePublished\":\"2020-10-02T17:39:27+00:00\",\"dateModified\":\"2020-10-02T20:17:24+00:00\",\"breadcrumb\":{\"@id\":\"https:\\\/\\\/nebraskademocrats.org\\\/zh\\\/blog\\\/debate-delirium-and-more-nebdems-news\\\/#breadcrumb\"},\"inLanguage\":\"vi\",\"potentialAction\":[{\"@type\":\"ReadAction\",\"target\":[\"https:\\\/\\\/nebraskademocrats.org\\\/zh\\\/blog\\\/debate-delirium-and-more-nebdems-news\\\/\"]}]},{\"@type\":\"ImageObject\",\"inLanguage\":\"vi\",\"@id\":\"https:\\\/\\\/nebraskademocrats.org\\\/zh\\\/blog\\\/debate-delirium-and-more-nebdems-news\\\/#primaryimage\",\"url\":\"https:\\\/\\\/nebraskadem.wpenginepowered.com\\\/wp-content\\\/uploads\\\/2018\\\/12\\\/NebDems-News-4-300x167.png\",\"contentUrl\":\"https:\\\/\\\/nebraskadem.wpenginepowered.com\\\/wp-content\\\/uploads\\\/2018\\\/12\\\/NebDems-News-4-300x167.png\"},{\"@type\":\"BreadcrumbList\",\"@id\":\"https:\\\/\\\/nebraskademocrats.org\\\/zh\\\/blog\\\/debate-delirium-and-more-nebdems-news\\\/#breadcrumb\",\"itemListElement\":[{\"@type\":\"ListItem\",\"position\":1,\"name\":\"Home\",\"item\":\"https:\\\/\\\/nebraskademocrats.org\\\/\"},{\"@type\":\"ListItem\",\"position\":2,\"name\":\"Debate Delirium and more &#8212; #NebDems News\"}]},{\"@type\":\"WebSite\",\"@id\":\"https:\\\/\\\/nebraskademocrats.org\\\/#website\",\"url\":\"https:\\\/\\\/nebraskademocrats.org\\\/\",\"name\":\"Nebraska Democratic Party\",\"description\":\"Growing the Good Life for All Nebraskans\",\"publisher\":{\"@id\":\"https:\\\/\\\/nebraskademocrats.org\\\/#organization\"},\"potentialAction\":[{\"@type\":\"SearchAction\",\"target\":{\"@type\":\"EntryPoint\",\"urlTemplate\":\"https:\\\/\\\/nebraskademocrats.org\\\/?s={search_term_string}\"},\"query-input\":{\"@type\":\"PropertyValueSpecification\",\"valueRequired\":true,\"valueName\":\"search_term_string\"}}],\"inLanguage\":\"vi\"},{\"@type\":\"Organization\",\"@id\":\"https:\\\/\\\/nebraskademocrats.org\\\/#organization\",\"name\":\"Nebraska Democratic Party\",\"url\":\"https:\\\/\\\/nebraskademocrats.org\\\/\",\"logo\":{\"@type\":\"ImageObject\",\"inLanguage\":\"vi\",\"@id\":\"https:\\\/\\\/nebraskademocrats.org\\\/#\\\/schema\\\/logo\\\/image\\\/\",\"url\":\"https:\\\/\\\/nebraskadem.wpenginepowered.com\\\/wp-content\\\/uploads\\\/2016\\\/05\\\/NDP2.jpg\",\"contentUrl\":\"https:\\\/\\\/nebraskadem.wpenginepowered.com\\\/wp-content\\\/uploads\\\/2016\\\/05\\\/NDP2.jpg\",\"width\":1000,\"height\":396,\"caption\":\"Nebraska Democratic Party\"},\"image\":{\"@id\":\"https:\\\/\\\/nebraskademocrats.org\\\/#\\\/schema\\\/logo\\\/image\\\/\"},\"sameAs\":[\"https:\\\/\\\/www.facebook.com\\\/NebraskaDemocraticParty\\\/\",\"https:\\\/\\\/x.com\\\/nebraskadems\"]},{\"@type\":\"Person\",\"@id\":\"https:\\\/\\\/nebraskademocrats.org\\\/#\\\/schema\\\/person\\\/33e011ea0795f404810dc40828bcf289\",\"name\":\"Precious McKesson\",\"image\":{\"@type\":\"ImageObject\",\"inLanguage\":\"vi\",\"@id\":\"https:\\\/\\\/secure.gravatar.com\\\/avatar\\\/35046e19b3373116ec64c07d386d3312028d3820dc0ffe65c344bcebc8ea9194?s=96&d=mm&r=g\",\"url\":\"https:\\\/\\\/secure.gravatar.com\\\/avatar\\\/35046e19b3373116ec64c07d386d3312028d3820dc0ffe65c344bcebc8ea9194?s=96&d=mm&r=g\",\"contentUrl\":\"https:\\\/\\\/secure.gravatar.com\\\/avatar\\\/35046e19b3373116ec64c07d386d3312028d3820dc0ffe65c344bcebc8ea9194?s=96&d=mm&r=g\",\"caption\":\"Precious McKesson\"}}]}<\/script>\n<!-- \/ Yoast SEO plugin. -->","yoast_head_json":{"title":"Debate Delirium and more -- #NebDems News &#8211; Nebraska Democratic Party","robots":{"index":"index","follow":"follow","max-snippet":"max-snippet:-1","max-image-preview":"max-image-preview:large","max-video-preview":"max-video-preview:-1"},"canonical":"https:\/\/nebraskademocrats.org\/vi\/blog\/debate-delirium-and-more-nebdems-news\/","og_locale":"vi_VN","og_type":"article","og_title":"Debate Delirium and more -- #NebDems News &#8211; Nebraska Democratic Party","og_description":"News that President Trump has tested positive for COVID-19 has turned the presidential race upside down &#8212; including raising the question of whether his final two debates with Joe Biden will go forward. But folks who watched the first debate on Tuesday learned three things. Trump was awful. Trump was horrifying. And Trump continues to ... Read more","og_url":"https:\/\/nebraskademocrats.org\/vi\/blog\/debate-delirium-and-more-nebdems-news\/","og_site_name":"Nebraska Democratic Party","article_publisher":"https:\/\/www.facebook.com\/NebraskaDemocraticParty\/","article_published_time":"2020-10-02T17:39:27+00:00","article_modified_time":"2020-10-02T20:17:24+00:00","og_image":[{"url":"https:\/\/nebraskadem.wpenginepowered.com\/wp-content\/uploads\/2018\/12\/NebDems-News-4-300x167.png","type":"","width":"","height":""}],"author":"Precious McKesson","twitter_card":"summary_large_image","twitter_creator":"@nebraskadems","twitter_site":"@nebraskadems","twitter_misc":{"\u0110\u01b0\u1ee3c vi\u1ebft b\u1edfi":"Precious McKesson","\u01af\u1edbc t\u00ednh th\u1eddi gian \u0111\u1ecdc":"5 ph\u00fat"},"schema":{"@context":"https:\/\/schema.org","@graph":[{"@type":"Article","@id":"https:\/\/nebraskademocrats.org\/zh\/blog\/debate-delirium-and-more-nebdems-news\/#article","isPartOf":{"@id":"https:\/\/nebraskademocrats.org\/zh\/blog\/debate-delirium-and-more-nebdems-news\/"},"author":{"name":"Precious McKesson","@id":"https:\/\/nebraskademocrats.org\/#\/schema\/person\/33e011ea0795f404810dc40828bcf289"},"headline":"Debate Delirium and more &#8212; #NebDems News","datePublished":"2020-10-02T17:39:27+00:00","dateModified":"2020-10-02T20:17:24+00:00","mainEntityOfPage":{"@id":"https:\/\/nebraskademocrats.org\/zh\/blog\/debate-delirium-and-more-nebdems-news\/"},"wordCount":918,"publisher":{"@id":"https:\/\/nebraskademocrats.org\/#organization"},"image":{"@id":"https:\/\/nebraskademocrats.org\/zh\/blog\/debate-delirium-and-more-nebdems-news\/#primaryimage"},"thumbnailUrl":"https:\/\/nebraskadem.wpenginepowered.com\/wp-content\/uploads\/2018\/12\/NebDems-News-4-300x167.png","articleSection":["NDP Blog"],"inLanguage":"vi"},{"@type":"WebPage","@id":"https:\/\/nebraskademocrats.org\/zh\/blog\/debate-delirium-and-more-nebdems-news\/","url":"https:\/\/nebraskademocrats.org\/zh\/blog\/debate-delirium-and-more-nebdems-news\/","name":"Debate Delirium and more -- #NebDems News &#8211; Nebraska Democratic Party","isPartOf":{"@id":"https:\/\/nebraskademocrats.org\/#website"},"primaryImageOfPage":{"@id":"https:\/\/nebraskademocrats.org\/zh\/blog\/debate-delirium-and-more-nebdems-news\/#primaryimage"},"image":{"@id":"https:\/\/nebraskademocrats.org\/zh\/blog\/debate-delirium-and-more-nebdems-news\/#primaryimage"},"thumbnailUrl":"https:\/\/nebraskadem.wpenginepowered.com\/wp-content\/uploads\/2018\/12\/NebDems-News-4-300x167.png","datePublished":"2020-10-02T17:39:27+00:00","dateModified":"2020-10-02T20:17:24+00:00","breadcrumb":{"@id":"https:\/\/nebraskademocrats.org\/zh\/blog\/debate-delirium-and-more-nebdems-news\/#breadcrumb"},"inLanguage":"vi","potentialAction":[{"@type":"ReadAction","target":["https:\/\/nebraskademocrats.org\/zh\/blog\/debate-delirium-and-more-nebdems-news\/"]}]},{"@type":"ImageObject","inLanguage":"vi","@id":"https:\/\/nebraskademocrats.org\/zh\/blog\/debate-delirium-and-more-nebdems-news\/#primaryimage","url":"https:\/\/nebraskadem.wpenginepowered.com\/wp-content\/uploads\/2018\/12\/NebDems-News-4-300x167.png","contentUrl":"https:\/\/nebraskadem.wpenginepowered.com\/wp-content\/uploads\/2018\/12\/NebDems-News-4-300x167.png"},{"@type":"BreadcrumbList","@id":"https:\/\/nebraskademocrats.org\/zh\/blog\/debate-delirium-and-more-nebdems-news\/#breadcrumb","itemListElement":[{"@type":"ListItem","position":1,"name":"Home","item":"https:\/\/nebraskademocrats.org\/"},{"@type":"ListItem","position":2,"name":"Debate Delirium and more &#8212; #NebDems News"}]},{"@type":"WebSite","@id":"https:\/\/nebraskademocrats.org\/#website","url":"https:\/\/nebraskademocrats.org\/","name":"Nebraska Democratic Party","description":"Ph\u00e1t tri\u1ec3n cu\u1ed9c s\u1ed1ng t\u1ed1t \u0111\u1eb9p cho t\u1ea5t c\u1ea3 Nebraskans","publisher":{"@id":"https:\/\/nebraskademocrats.org\/#organization"},"potentialAction":[{"@type":"SearchAction","target":{"@type":"EntryPoint","urlTemplate":"https:\/\/nebraskademocrats.org\/?s={search_term_string}"},"query-input":{"@type":"PropertyValueSpecification","valueRequired":true,"valueName":"search_term_string"}}],"inLanguage":"vi"},{"@type":"Organization","@id":"https:\/\/nebraskademocrats.org\/#organization","name":"Nebraska Democratic Party","url":"https:\/\/nebraskademocrats.org\/","logo":{"@type":"ImageObject","inLanguage":"vi","@id":"https:\/\/nebraskademocrats.org\/#\/schema\/logo\/image\/","url":"https:\/\/nebraskadem.wpenginepowered.com\/wp-content\/uploads\/2016\/05\/NDP2.jpg","contentUrl":"https:\/\/nebraskadem.wpenginepowered.com\/wp-content\/uploads\/2016\/05\/NDP2.jpg","width":1000,"height":396,"caption":"Nebraska Democratic Party"},"image":{"@id":"https:\/\/nebraskademocrats.org\/#\/schema\/logo\/image\/"},"sameAs":["https:\/\/www.facebook.com\/NebraskaDemocraticParty\/","https:\/\/x.com\/nebraskadems"]},{"@type":"Person","@id":"https:\/\/nebraskademocrats.org\/#\/schema\/person\/33e011ea0795f404810dc40828bcf289","name":"McKesson qu\u00fd gi\u00e1","image":{"@type":"ImageObject","inLanguage":"vi","@id":"https:\/\/secure.gravatar.com\/avatar\/35046e19b3373116ec64c07d386d3312028d3820dc0ffe65c344bcebc8ea9194?s=96&d=mm&r=g","url":"https:\/\/secure.gravatar.com\/avatar\/35046e19b3373116ec64c07d386d3312028d3820dc0ffe65c344bcebc8ea9194?s=96&d=mm&r=g","contentUrl":"https:\/\/secure.gravatar.com\/avatar\/35046e19b3373116ec64c07d386d3312028d3820dc0ffe65c344bcebc8ea9194?s=96&d=mm&r=g","caption":"Precious McKesson"}}]}},"_links":{"self":[{"href":"https:\/\/nebraskademocrats.org\/vi\/wp-json\/wp\/v2\/posts\/25582","targetHints":{"allow":["GET"]}}],"collection":[{"href":"https:\/\/nebraskademocrats.org\/vi\/wp-json\/wp\/v2\/posts"}],"about":[{"href":"https:\/\/nebraskademocrats.org\/vi\/wp-json\/wp\/v2\/types\/post"}],"author":[{"embeddable":true,"href":"https:\/\/nebraskademocrats.org\/vi\/wp-json\/wp\/v2\/users\/19"}],"replies":[{"embeddable":true,"href":"https:\/\/nebraskademocrats.org\/vi\/wp-json\/wp\/v2\/comments?post=25582"}],"version-history":[{"count":0,"href":"https:\/\/nebraskademocrats.org\/vi\/wp-json\/wp\/v2\/posts\/25582\/revisions"}],"wp:attachment":[{"href":"https:\/\/nebraskademocrats.org\/vi\/wp-json\/wp\/v2\/media?parent=25582"}],"wp:term":[{"taxonomy":"category","embeddable":true,"href":"https:\/\/nebraskademocrats.org\/vi\/wp-json\/wp\/v2\/categories?post=25582"},{"taxonomy":"post_tag","embeddable":true,"href":"https:\/\/nebraskademocrats.org\/vi\/wp-json\/wp\/v2\/tags?post=25582"}],"curies":[{"name":"wp","href":"https:\/\/api.w.org\/{rel}","templated":true}]}}