{"id":26148,"date":"2020-10-12T09:10:23","date_gmt":"2020-10-12T14:10:23","guid":{"rendered":"https:\/\/nebraskadem.wpenginepowered.com\/?p=26148"},"modified":"2020-10-12T09:10:23","modified_gmt":"2020-10-12T14:10:23","slug":"statement-from-ndps-native-caucus-on-indigenous-peoples-day-in-nebraska","status":"publish","type":"post","link":"https:\/\/nebraskademocrats.org\/vi\/blog\/statement-from-ndps-native-caucus-on-indigenous-peoples-day-in-nebraska\/","title":{"rendered":"Tuy\u00ean b\u1ed1 t\u1eeb Native Caucus c\u1ee7a NDP v\u00e0o Ng\u00e0y c\u1ee7a ng\u01b0\u1eddi b\u1ea3n \u0111\u1ecba \u1edf Nebraska"},"content":{"rendered":"<div dir=\"auto\">Nh\u00f3m ng\u01b0\u1eddi b\u1ea3n \u0111\u1ecba c\u1ee7a Nebraska Democratic Party mu\u1ed1n ghi nh\u1eadn v\u00e0 \u1ee7ng h\u1ed9 vi\u1ec7c c\u00f4ng nh\u1eadn Ng\u00e0y c\u1ee7a ng\u01b0\u1eddi b\u1ea3n \u0111\u1ecba \u0111\u00e3 qu\u00e1 h\u1ea1n t\u1eeb l\u00e2u \u1edf ti\u1ec3u bang c\u1ee7a ch\u00fang ta.<\/p>\n<p>Ng\u00e0y n\u00e0y l\u00e0 m\u1ed9t b\u01b0\u1edbc quan tr\u1ecdng \u0111\u1ec3 n\u00e2ng cao ti\u1ebfng n\u00f3i, kinh nghi\u1ec7m v\u00e0 t\u1ea7m nh\u00ecn c\u1ee7a ng\u01b0\u1eddi M\u1ef9 b\u1ea3n \u0111\u1ecba, c\u00e1c qu\u1ed1c gia b\u1ed9 l\u1ea1c v\u00e0 ng\u01b0\u1eddi b\u1ea3n \u0111\u1ecba \u1edf Nebraska.<\/p>\n<p>H\u00f4m nay \u0111\u00e1nh d\u1ea5u Ng\u00e0y c\u1ee7a Ng\u01b0\u1eddi b\u1ea3n \u0111\u1ecba ch\u00ednh th\u1ee9c \u0111\u1ea7u ti\u00ean \u1edf Nebraska sau cu\u1ed9c b\u1ecf phi\u1ebfu 43-0 \u1edf \u0111\u01a1n v\u1ecb c\u1ee7a ch\u00fang t\u00f4i \u0111\u1ec3 v\u01b0\u1ee3t qua LB848 v\u00e0o m\u00f9a Xu\u00e2n v\u1eeba qua. B\u01b0\u1edbc ti\u1ebfn n\u00e0y \u0111\u1ec3 h\u00f2a nh\u1eadp v\u00e0 ph\u1ed5 bi\u1ebfn t\u00edch c\u1ef1c ph\u00e2n bi\u1ec7t ch\u1ee7ng t\u1ed9c \u1edf ti\u1ec3u bang c\u1ee7a ch\u00fang t\u00f4i l\u00e0 \u0111\u00e1ng khen ng\u1ee3i.<\/p>\n<p>Native Caucus v\u1eabn si\u00eang n\u0103ng v\u00e0 c\u1ed1ng hi\u1ebfn \u0111\u1ec3 \u0111\u01b0a v\u00e0o l\u1ecbch s\u1eed b\u1ed9 l\u1ea1c th\u1ed5 d\u00e2n M\u1ef9 b\u1ea3n \u0111\u1ecba \u1edf bang Nebraska m\u1ed9t c\u00e1ch ch\u00ednh x\u00e1c, ch\u00e2n th\u1ef1c v\u00e0 t\u00edch c\u1ef1c.<\/p>\n<p>\u0110\u1ec3 t\u00f4n vinh Ng\u00e0y c\u1ee7a ng\u01b0\u1eddi b\u1ea3n \u0111\u1ecba:<\/p>\n<p>(1). Ch\u00fang t\u00f4i khuy\u1ebfn kh\u00edch m\u1ed7i ng\u01b0\u1eddi trong s\u1ed1 c\u00e1c b\u1ea1n suy ng\u1eabm v\u1ec1 t\u1ea7m quan tr\u1ecdng c\u1ee7a ng\u00e0y n\u00e0y trong cu\u1ed9c s\u1ed1ng, b\u1ed9 t\u1ed9c v\u00e0 \/ ho\u1eb7c gia \u0111\u00ecnh c\u1ee7a b\u1ea1n;<\/p>\n<p>(2). Ch\u00fang t\u00f4i h\u1ed7 tr\u1ee3 c\u00e1c n\u1ed7 l\u1ef1c \u0110\u0103ng k\u00fd C\u1eed tri trong v\u00e0 gi\u1eefa c\u00e1c c\u1ed9ng \u0111\u1ed3ng c\u1ee7a ch\u00fang t\u00f4i v\u00e0 hoan ngh\u00eanh b\u1ea1n chia s\u1ebb c\u00e2u chuy\u1ec7n c\u1ee7a m\u00ecnh; v\u00e0,<\/p>\n<p>(3). Ch\u00fang t\u00f4i mu\u1ed1n c\u1ea3m \u01a1n Nebraska Democratic Party v\u00ec s\u1ef1 h\u1ed7 tr\u1ee3 c\u1ee7a nh\u00f3m Native Caucus v\u00e0 ti\u1ebfng n\u00f3i c\u1ee7a ch\u00fang t\u00f4i trong Ti\u1ebfn tr\u00ecnh D\u00e2n ch\u1ee7.<\/p><\/div>","protected":false},"excerpt":{"rendered":"<p>The Native Caucus of the Nebraska Democratic Party would like to acknowledge and support the long overdue recognition of Indigenous Peoples Day in our state. This day is an important step toward elevating voices, experiences and visibility of Native Americans, Tribal Nations &amp; Indigenous Peoples in Nebraska. Today marks the first official Indigenous Peoples Day &#8230; <a title=\"Statement from NDP&#8217;s Native Caucus on Indigenous Peoples Day in Nebraska\" class=\"read-more\" href=\"https:\/\/nebraskademocrats.org\/vi\/blog\/statement-from-ndps-native-caucus-on-indigenous-peoples-day-in-nebraska\/\" aria-label=\"More on Statement from NDP&#8217;s Native Caucus on Indigenous Peoples Day in Nebraska\">\u0110\u1ecdc th\u00eam<\/a><\/p>","protected":false},"author":19,"featured_media":0,"comment_status":"closed","ping_status":"closed","sticky":false,"template":"","format":"standard","meta":{"_acf_changed":false,"_exactmetrics_skip_tracking":false,"_exactmetrics_sitenote_active":false,"_exactmetrics_sitenote_note":"","_exactmetrics_sitenote_category":0,"footnotes":""},"categories":[1],"tags":[],"class_list":["post-26148","post","type-post","status-publish","format-standard","hentry","category-blog"],"acf":[],"yoast_head":"<!-- This site is optimized with the Yoast SEO plugin v27.4 - https:\/\/yoast.com\/product\/yoast-seo-wordpress\/ -->\n<title>Statement from NDP&#039;s Native Caucus on Indigenous Peoples Day in Nebraska &#8211; Nebraska Democratic Party<\/title>\n<meta name=\"robots\" content=\"index, follow, max-snippet:-1, max-image-preview:large, max-video-preview:-1\" \/>\n<link rel=\"canonical\" href=\"https:\/\/nebraskademocrats.org\/vi\/blog\/statement-from-ndps-native-caucus-on-indigenous-peoples-day-in-nebraska\/\" \/>\n<meta property=\"og:locale\" content=\"vi_VN\" \/>\n<meta property=\"og:type\" content=\"article\" \/>\n<meta property=\"og:title\" content=\"Statement from NDP&#039;s Native Caucus on Indigenous Peoples Day in Nebraska &#8211; Nebraska Democratic Party\" \/>\n<meta property=\"og:description\" content=\"The Native Caucus of the Nebraska Democratic Party would like to acknowledge and support the long overdue recognition of Indigenous Peoples Day in our state. This day is an important step toward elevating voices, experiences and visibility of Native Americans, Tribal Nations &amp; Indigenous Peoples in Nebraska. Today marks the first official Indigenous Peoples Day ... Read more\" \/>\n<meta property=\"og:url\" content=\"https:\/\/nebraskademocrats.org\/vi\/blog\/statement-from-ndps-native-caucus-on-indigenous-peoples-day-in-nebraska\/\" \/>\n<meta property=\"og:site_name\" content=\"Nebraska Democratic Party\" \/>\n<meta property=\"article:publisher\" content=\"https:\/\/www.facebook.com\/NebraskaDemocraticParty\/\" \/>\n<meta property=\"article:published_time\" content=\"2020-10-12T14:10:23+00:00\" \/>\n<meta property=\"og:image\" content=\"https:\/\/nebraskademocrats.org\/wp-content\/uploads\/2018\/09\/ne-dems-fb.jpg\" \/>\n\t<meta property=\"og:image:width\" content=\"1200\" \/>\n\t<meta property=\"og:image:height\" content=\"630\" \/>\n\t<meta property=\"og:image:type\" content=\"image\/jpeg\" \/>\n<meta name=\"author\" content=\"Precious McKesson\" \/>\n<meta name=\"twitter:card\" content=\"summary_large_image\" \/>\n<meta name=\"twitter:creator\" content=\"@nebraskadems\" \/>\n<meta name=\"twitter:site\" content=\"@nebraskadems\" \/>\n<meta name=\"twitter:label1\" content=\"\u0110\u01b0\u1ee3c vi\u1ebft b\u1edfi\" \/>\n\t<meta name=\"twitter:data1\" content=\"Precious McKesson\" \/>\n\t<meta name=\"twitter:label2\" content=\"\u01af\u1edbc t\u00ednh th\u1eddi gian \u0111\u1ecdc\" \/>\n\t<meta name=\"twitter:data2\" content=\"1 ph\u00fat\" \/>\n<script type=\"application\/ld+json\" class=\"yoast-schema-graph\">{\"@context\":\"https:\\\/\\\/schema.org\",\"@graph\":[{\"@type\":\"Article\",\"@id\":\"https:\\\/\\\/nebraskademocrats.org\\\/blog\\\/statement-from-ndps-native-caucus-on-indigenous-peoples-day-in-nebraska\\\/#article\",\"isPartOf\":{\"@id\":\"https:\\\/\\\/nebraskademocrats.org\\\/blog\\\/statement-from-ndps-native-caucus-on-indigenous-peoples-day-in-nebraska\\\/\"},\"author\":{\"name\":\"Precious McKesson\",\"@id\":\"https:\\\/\\\/nebraskademocrats.org\\\/#\\\/schema\\\/person\\\/33e011ea0795f404810dc40828bcf289\"},\"headline\":\"Statement from NDP&#8217;s Native Caucus on Indigenous Peoples Day in Nebraska\",\"datePublished\":\"2020-10-12T14:10:23+00:00\",\"mainEntityOfPage\":{\"@id\":\"https:\\\/\\\/nebraskademocrats.org\\\/blog\\\/statement-from-ndps-native-caucus-on-indigenous-peoples-day-in-nebraska\\\/\"},\"wordCount\":189,\"publisher\":{\"@id\":\"https:\\\/\\\/nebraskademocrats.org\\\/#organization\"},\"articleSection\":[\"NDP Blog\"],\"inLanguage\":\"vi\"},{\"@type\":\"WebPage\",\"@id\":\"https:\\\/\\\/nebraskademocrats.org\\\/blog\\\/statement-from-ndps-native-caucus-on-indigenous-peoples-day-in-nebraska\\\/\",\"url\":\"https:\\\/\\\/nebraskademocrats.org\\\/blog\\\/statement-from-ndps-native-caucus-on-indigenous-peoples-day-in-nebraska\\\/\",\"name\":\"Statement from NDP's Native Caucus on Indigenous Peoples Day in Nebraska &#8211; Nebraska Democratic Party\",\"isPartOf\":{\"@id\":\"https:\\\/\\\/nebraskademocrats.org\\\/#website\"},\"datePublished\":\"2020-10-12T14:10:23+00:00\",\"breadcrumb\":{\"@id\":\"https:\\\/\\\/nebraskademocrats.org\\\/blog\\\/statement-from-ndps-native-caucus-on-indigenous-peoples-day-in-nebraska\\\/#breadcrumb\"},\"inLanguage\":\"vi\",\"potentialAction\":[{\"@type\":\"ReadAction\",\"target\":[\"https:\\\/\\\/nebraskademocrats.org\\\/blog\\\/statement-from-ndps-native-caucus-on-indigenous-peoples-day-in-nebraska\\\/\"]}]},{\"@type\":\"BreadcrumbList\",\"@id\":\"https:\\\/\\\/nebraskademocrats.org\\\/blog\\\/statement-from-ndps-native-caucus-on-indigenous-peoples-day-in-nebraska\\\/#breadcrumb\",\"itemListElement\":[{\"@type\":\"ListItem\",\"position\":1,\"name\":\"Home\",\"item\":\"https:\\\/\\\/nebraskademocrats.org\\\/\"},{\"@type\":\"ListItem\",\"position\":2,\"name\":\"Statement from NDP&#8217;s Native Caucus on Indigenous Peoples Day in Nebraska\"}]},{\"@type\":\"WebSite\",\"@id\":\"https:\\\/\\\/nebraskademocrats.org\\\/#website\",\"url\":\"https:\\\/\\\/nebraskademocrats.org\\\/\",\"name\":\"Nebraska Democratic Party\",\"description\":\"Growing the Good Life for All Nebraskans\",\"publisher\":{\"@id\":\"https:\\\/\\\/nebraskademocrats.org\\\/#organization\"},\"potentialAction\":[{\"@type\":\"SearchAction\",\"target\":{\"@type\":\"EntryPoint\",\"urlTemplate\":\"https:\\\/\\\/nebraskademocrats.org\\\/?s={search_term_string}\"},\"query-input\":{\"@type\":\"PropertyValueSpecification\",\"valueRequired\":true,\"valueName\":\"search_term_string\"}}],\"inLanguage\":\"vi\"},{\"@type\":\"Organization\",\"@id\":\"https:\\\/\\\/nebraskademocrats.org\\\/#organization\",\"name\":\"Nebraska Democratic Party\",\"url\":\"https:\\\/\\\/nebraskademocrats.org\\\/\",\"logo\":{\"@type\":\"ImageObject\",\"inLanguage\":\"vi\",\"@id\":\"https:\\\/\\\/nebraskademocrats.org\\\/#\\\/schema\\\/logo\\\/image\\\/\",\"url\":\"https:\\\/\\\/nebraskadem.wpenginepowered.com\\\/wp-content\\\/uploads\\\/2016\\\/05\\\/NDP2.jpg\",\"contentUrl\":\"https:\\\/\\\/nebraskadem.wpenginepowered.com\\\/wp-content\\\/uploads\\\/2016\\\/05\\\/NDP2.jpg\",\"width\":1000,\"height\":396,\"caption\":\"Nebraska Democratic Party\"},\"image\":{\"@id\":\"https:\\\/\\\/nebraskademocrats.org\\\/#\\\/schema\\\/logo\\\/image\\\/\"},\"sameAs\":[\"https:\\\/\\\/www.facebook.com\\\/NebraskaDemocraticParty\\\/\",\"https:\\\/\\\/x.com\\\/nebraskadems\"]},{\"@type\":\"Person\",\"@id\":\"https:\\\/\\\/nebraskademocrats.org\\\/#\\\/schema\\\/person\\\/33e011ea0795f404810dc40828bcf289\",\"name\":\"Precious McKesson\",\"image\":{\"@type\":\"ImageObject\",\"inLanguage\":\"vi\",\"@id\":\"https:\\\/\\\/secure.gravatar.com\\\/avatar\\\/35046e19b3373116ec64c07d386d3312028d3820dc0ffe65c344bcebc8ea9194?s=96&d=mm&r=g\",\"url\":\"https:\\\/\\\/secure.gravatar.com\\\/avatar\\\/35046e19b3373116ec64c07d386d3312028d3820dc0ffe65c344bcebc8ea9194?s=96&d=mm&r=g\",\"contentUrl\":\"https:\\\/\\\/secure.gravatar.com\\\/avatar\\\/35046e19b3373116ec64c07d386d3312028d3820dc0ffe65c344bcebc8ea9194?s=96&d=mm&r=g\",\"caption\":\"Precious McKesson\"}}]}<\/script>\n<!-- \/ Yoast SEO plugin. -->","yoast_head_json":{"title":"Statement from NDP's Native Caucus on Indigenous Peoples Day in Nebraska &#8211; Nebraska Democratic Party","robots":{"index":"index","follow":"follow","max-snippet":"max-snippet:-1","max-image-preview":"max-image-preview:large","max-video-preview":"max-video-preview:-1"},"canonical":"https:\/\/nebraskademocrats.org\/vi\/blog\/statement-from-ndps-native-caucus-on-indigenous-peoples-day-in-nebraska\/","og_locale":"vi_VN","og_type":"article","og_title":"Statement from NDP's Native Caucus on Indigenous Peoples Day in Nebraska &#8211; Nebraska Democratic Party","og_description":"The Native Caucus of the Nebraska Democratic Party would like to acknowledge and support the long overdue recognition of Indigenous Peoples Day in our state. This day is an important step toward elevating voices, experiences and visibility of Native Americans, Tribal Nations &amp; Indigenous Peoples in Nebraska. Today marks the first official Indigenous Peoples Day ... Read more","og_url":"https:\/\/nebraskademocrats.org\/vi\/blog\/statement-from-ndps-native-caucus-on-indigenous-peoples-day-in-nebraska\/","og_site_name":"Nebraska Democratic Party","article_publisher":"https:\/\/www.facebook.com\/NebraskaDemocraticParty\/","article_published_time":"2020-10-12T14:10:23+00:00","og_image":[{"width":1200,"height":630,"url":"https:\/\/nebraskademocrats.org\/wp-content\/uploads\/2018\/09\/ne-dems-fb.jpg","type":"image\/jpeg"}],"author":"Precious McKesson","twitter_card":"summary_large_image","twitter_creator":"@nebraskadems","twitter_site":"@nebraskadems","twitter_misc":{"\u0110\u01b0\u1ee3c vi\u1ebft b\u1edfi":"Precious McKesson","\u01af\u1edbc t\u00ednh th\u1eddi gian \u0111\u1ecdc":"1 ph\u00fat"},"schema":{"@context":"https:\/\/schema.org","@graph":[{"@type":"Article","@id":"https:\/\/nebraskademocrats.org\/blog\/statement-from-ndps-native-caucus-on-indigenous-peoples-day-in-nebraska\/#article","isPartOf":{"@id":"https:\/\/nebraskademocrats.org\/blog\/statement-from-ndps-native-caucus-on-indigenous-peoples-day-in-nebraska\/"},"author":{"name":"Precious McKesson","@id":"https:\/\/nebraskademocrats.org\/#\/schema\/person\/33e011ea0795f404810dc40828bcf289"},"headline":"Statement from NDP&#8217;s Native Caucus on Indigenous Peoples Day in Nebraska","datePublished":"2020-10-12T14:10:23+00:00","mainEntityOfPage":{"@id":"https:\/\/nebraskademocrats.org\/blog\/statement-from-ndps-native-caucus-on-indigenous-peoples-day-in-nebraska\/"},"wordCount":189,"publisher":{"@id":"https:\/\/nebraskademocrats.org\/#organization"},"articleSection":["NDP Blog"],"inLanguage":"vi"},{"@type":"WebPage","@id":"https:\/\/nebraskademocrats.org\/blog\/statement-from-ndps-native-caucus-on-indigenous-peoples-day-in-nebraska\/","url":"https:\/\/nebraskademocrats.org\/blog\/statement-from-ndps-native-caucus-on-indigenous-peoples-day-in-nebraska\/","name":"Statement from NDP's Native Caucus on Indigenous Peoples Day in Nebraska &#8211; Nebraska Democratic Party","isPartOf":{"@id":"https:\/\/nebraskademocrats.org\/#website"},"datePublished":"2020-10-12T14:10:23+00:00","breadcrumb":{"@id":"https:\/\/nebraskademocrats.org\/blog\/statement-from-ndps-native-caucus-on-indigenous-peoples-day-in-nebraska\/#breadcrumb"},"inLanguage":"vi","potentialAction":[{"@type":"ReadAction","target":["https:\/\/nebraskademocrats.org\/blog\/statement-from-ndps-native-caucus-on-indigenous-peoples-day-in-nebraska\/"]}]},{"@type":"BreadcrumbList","@id":"https:\/\/nebraskademocrats.org\/blog\/statement-from-ndps-native-caucus-on-indigenous-peoples-day-in-nebraska\/#breadcrumb","itemListElement":[{"@type":"ListItem","position":1,"name":"Home","item":"https:\/\/nebraskademocrats.org\/"},{"@type":"ListItem","position":2,"name":"Statement from NDP&#8217;s Native Caucus on Indigenous Peoples Day in Nebraska"}]},{"@type":"WebSite","@id":"https:\/\/nebraskademocrats.org\/#website","url":"https:\/\/nebraskademocrats.org\/","name":"Nebraska Democratic Party","description":"Ph\u00e1t tri\u1ec3n cu\u1ed9c s\u1ed1ng t\u1ed1t \u0111\u1eb9p cho t\u1ea5t c\u1ea3 Nebraskans","publisher":{"@id":"https:\/\/nebraskademocrats.org\/#organization"},"potentialAction":[{"@type":"SearchAction","target":{"@type":"EntryPoint","urlTemplate":"https:\/\/nebraskademocrats.org\/?s={search_term_string}"},"query-input":{"@type":"PropertyValueSpecification","valueRequired":true,"valueName":"search_term_string"}}],"inLanguage":"vi"},{"@type":"Organization","@id":"https:\/\/nebraskademocrats.org\/#organization","name":"Nebraska Democratic Party","url":"https:\/\/nebraskademocrats.org\/","logo":{"@type":"ImageObject","inLanguage":"vi","@id":"https:\/\/nebraskademocrats.org\/#\/schema\/logo\/image\/","url":"https:\/\/nebraskadem.wpenginepowered.com\/wp-content\/uploads\/2016\/05\/NDP2.jpg","contentUrl":"https:\/\/nebraskadem.wpenginepowered.com\/wp-content\/uploads\/2016\/05\/NDP2.jpg","width":1000,"height":396,"caption":"Nebraska Democratic Party"},"image":{"@id":"https:\/\/nebraskademocrats.org\/#\/schema\/logo\/image\/"},"sameAs":["https:\/\/www.facebook.com\/NebraskaDemocraticParty\/","https:\/\/x.com\/nebraskadems"]},{"@type":"Person","@id":"https:\/\/nebraskademocrats.org\/#\/schema\/person\/33e011ea0795f404810dc40828bcf289","name":"McKesson qu\u00fd gi\u00e1","image":{"@type":"ImageObject","inLanguage":"vi","@id":"https:\/\/secure.gravatar.com\/avatar\/35046e19b3373116ec64c07d386d3312028d3820dc0ffe65c344bcebc8ea9194?s=96&d=mm&r=g","url":"https:\/\/secure.gravatar.com\/avatar\/35046e19b3373116ec64c07d386d3312028d3820dc0ffe65c344bcebc8ea9194?s=96&d=mm&r=g","contentUrl":"https:\/\/secure.gravatar.com\/avatar\/35046e19b3373116ec64c07d386d3312028d3820dc0ffe65c344bcebc8ea9194?s=96&d=mm&r=g","caption":"Precious McKesson"}}]}},"_links":{"self":[{"href":"https:\/\/nebraskademocrats.org\/vi\/wp-json\/wp\/v2\/posts\/26148","targetHints":{"allow":["GET"]}}],"collection":[{"href":"https:\/\/nebraskademocrats.org\/vi\/wp-json\/wp\/v2\/posts"}],"about":[{"href":"https:\/\/nebraskademocrats.org\/vi\/wp-json\/wp\/v2\/types\/post"}],"author":[{"embeddable":true,"href":"https:\/\/nebraskademocrats.org\/vi\/wp-json\/wp\/v2\/users\/19"}],"replies":[{"embeddable":true,"href":"https:\/\/nebraskademocrats.org\/vi\/wp-json\/wp\/v2\/comments?post=26148"}],"version-history":[{"count":0,"href":"https:\/\/nebraskademocrats.org\/vi\/wp-json\/wp\/v2\/posts\/26148\/revisions"}],"wp:attachment":[{"href":"https:\/\/nebraskademocrats.org\/vi\/wp-json\/wp\/v2\/media?parent=26148"}],"wp:term":[{"taxonomy":"category","embeddable":true,"href":"https:\/\/nebraskademocrats.org\/vi\/wp-json\/wp\/v2\/categories?post=26148"},{"taxonomy":"post_tag","embeddable":true,"href":"https:\/\/nebraskademocrats.org\/vi\/wp-json\/wp\/v2\/tags?post=26148"}],"curies":[{"name":"wp","href":"https:\/\/api.w.org\/{rel}","templated":true}]}}