{"id":27149,"date":"2020-11-10T20:04:40","date_gmt":"2020-11-11T02:04:40","guid":{"rendered":"https:\/\/nebraskadem.wpenginepowered.com\/?p=27149"},"modified":"2020-11-11T09:02:26","modified_gmt":"2020-11-11T15:02:26","slug":"honoring-veterans-on-veterans-day","status":"publish","type":"post","link":"https:\/\/nebraskademocrats.org\/vi\/blog\/honoring-veterans-on-veterans-day\/","title":{"rendered":"T\u00f4n vinh c\u00e1c c\u1ef1u chi\u1ebfn binh trong ng\u00e0y C\u1ef1u chi\u1ebfn binh"},"content":{"rendered":"<p><span style=\"font-weight: 400;\">M\u1ed7i n\u0103m, v\u00e0o ng\u00e0y 11 th\u00e1ng 11<\/span><span style=\"font-weight: 400;\">, ch\u00fang t\u00f4i d\u00e0nh th\u1eddi gian \u0111\u1ec3 vinh danh t\u1ea5t c\u1ea3 c\u00e1c c\u1ef1u chi\u1ebfn binh c\u1ee7a l\u1ef1c l\u01b0\u1ee3ng v\u0169 trang Hoa K\u1ef3. S\u1ef1 t\u01b0\u1edfng nh\u1edb truy\u1ec1n th\u1ed1ng n\u00e0y lu\u00f4n l\u00e0 th\u1eddi \u0111i\u1ec3m quan tr\u1ecdng \u0111\u1ec3 t\u1ea5t c\u1ea3 ch\u00fang ta d\u1eebng l\u1ea1i v\u00e0 suy ng\u1eabm v\u1ec1 s\u1ef1 ph\u1ee5c v\u1ee5, s\u1ef1 hy sinh v\u00e0 l\u00f2ng d\u0169ng c\u1ea3m. Nhi\u1ec1u ng\u01b0\u1eddi \u0111\u00e3 tr\u1edf v\u1ec1 sau khi l\u00e0m nhi\u1ec7m v\u1ee5 b\u1ecb th\u01b0\u01a1ng, b\u1ecb th\u01b0\u01a1ng ho\u1eb7c b\u1ecb th\u01b0\u01a1ng. Nhi\u1ec1u ng\u01b0\u1eddi kh\u00f4ng bao gi\u1edd quay tr\u1edf l\u1ea1i, h\u1ecd \u0111\u00e3 ph\u1ea3i tr\u1ea3 gi\u00e1 b\u1eb1ng s\u1ef1 hy sinh cu\u1ed1i c\u00f9ng.<\/span><\/p>\n<p><span style=\"font-weight: 400;\">N\u0103m nay, ch\u00fang ta c\u00e0ng c\u00f3 nhi\u1ec1u l\u00fd do \u0111\u1ec3 hy v\u1ecdng, b\u1edfi v\u00ec n\u0103m nay, Ng\u01b0\u1eddi d\u00e2n M\u1ef9 \u0111\u00e3 b\u1ea7u \u00e1p \u0111\u1ea3o T\u1ed5ng th\u1ed1ng Joe Biden, m\u1ed9t ng\u01b0\u1eddi cha trong qu\u00e2n \u0111\u1ed9i. Joe Biden s\u1ebd l\u00e0 m\u1ed9t T\u1ed5ng th\u1ed1ng \u0111\u00e3 \u00f4m con trai c\u1ee7a m\u00ecnh khi \u00f4ng tri\u1ec3n khai \u0111\u1ebfn Iraq.<\/span><\/p>\n<p><span style=\"font-weight: 400;\">Joe Biden ho\u00e0n to\u00e0n tr\u00e1i ng\u01b0\u1ee3c v\u1edbi T\u1ed5ng th\u1ed1ng hi\u1ec7n t\u1ea1i, ng\u01b0\u1eddi \u0111\u00e3 g\u1ecdi c\u00e1c c\u1ef1u chi\u1ebfn binh l\u00e0 \u201ck\u1ebb h\u00fat m\u00e1u\u201d v\u00e0 \u201ck\u1ebb th\u1ea5t b\u1ea1i\u201d m\u1ed9t c\u00e1ch \u0111\u00e1ng x\u1ea5u h\u1ed5. T\u1ea5t c\u1ea3 ng\u01b0\u1eddi M\u1ef9 \u0111\u00e3 th\u1ef1c s\u1ef1 kinh ho\u00e0ng tr\u01b0\u1edbc nh\u1eefng b\u00ecnh lu\u1eadn \u0111\u00f3.<\/span><\/p>\n<p><span style=\"font-weight: 400;\">V\u1edbi T\u1ed5ng th\u1ed1ng \u0111\u1eafc c\u1eed Joe Biden v\u00e0 Ph\u00f3 T\u1ed5ng th\u1ed1ng \u0111\u1eafc c\u1eed Kamala Harris, ch\u00fang t\u00f4i bi\u1ebft r\u1eb1ng c\u00e1c c\u1ef1u chi\u1ebfn binh c\u1ee7a ch\u00fang t\u00f4i c\u00f3 \u0111\u1ed3ng minh v\u00e0 nh\u1eefng ng\u01b0\u1eddi \u1ee7ng h\u1ed9 trong Nh\u00e0 Tr\u1eafng.\u00a0<\/span><\/p>\n<p><span style=\"font-weight: 400;\">Nebraska Democratic Party v\u00e0 c\u00e1c C\u1ef1u chi\u1ebfn binh v\u00e0 Gia \u0111\u00ecnh Qu\u00e2n nh\u00e2n c\u1ee7a n\u00f3 \u0111ang nh\u00e2n c\u01a1 h\u1ed9i n\u00e0y \u0111\u1ec3 nh\u1eafc nh\u1edf m\u1ecdi ng\u01b0\u1eddi r\u1eb1ng ch\u00fang t\u00f4i t\u00f4n vinh t\u1ea5t c\u1ea3 nh\u1eefng ng\u01b0\u1eddi ph\u1ee5c v\u1ee5. Ch\u00fang t\u00f4i t\u00f4n vinh h\u1ecd b\u1ea5t k\u1ec3 h\u1ecd l\u00e0 ai, \u0111\u1ebfn t\u1eeb \u0111\u00e2u, m\u00e0u da hay ng\u01b0\u1eddi h\u1ecd y\u00eau. T\u1ea5t c\u1ea3 c\u00e1c c\u1ef1u chi\u1ebfn binh, t\u1eeb c\u1ef1u chi\u1ebfn binh l\u1edbn tu\u1ed5i nh\u1ea5t trong Th\u1ebf chi\u1ebfn II \u0111\u1ebfn nh\u1eefng c\u1ef1u chi\u1ebfn binh tr\u1ebb nh\u1ea5t \u0111\u01b0\u1ee3c tri\u1ec3n khai \u1edf n\u01b0\u1edbc ngo\u00e0i, \u0111\u1ec1u bi\u1ebft r\u1eb1ng h\u1ecd ph\u1ee5c v\u1ee5 v\u00ec m\u1ee5c \u0111\u00edch chung, v\u00e0 ch\u00fang ta ph\u1ea3i lu\u00f4n t\u00f4n vinh h\u1ecd v\u00ec \u0111i\u1ec1u \u0111\u00f3.\u00a0<\/span><\/p>\n<p><span style=\"font-weight: 400;\">\u0110\u1ea3ng c\u1ee7a ch\u00fang t\u00f4i mu\u1ed1n t\u00f4n vinh c\u00e1c c\u1ef1u chi\u1ebfn binh th\u00f4ng qua vi\u1ec7c h\u1ed7 tr\u1ee3 ng\u00e0y c\u00e0ng c\u1ea3i thi\u1ec7n kh\u1ea3 n\u0103ng ti\u1ebfp c\u1eadn ch\u0103m s\u00f3c s\u1ee9c kh\u1ecfe v\u00e0 ch\u0103m s\u00f3c s\u1ee9c kh\u1ecfe t\u00e2m th\u1ea7n v\u00e0 th\u00f4ng qua s\u1ef1 h\u1ed7 tr\u1ee3 li\u00ean t\u1ee5c c\u1ee7a ch\u00fang t\u00f4i trong vi\u1ec7c cung c\u1ea5p c\u01a1 h\u1ed9i ph\u1ee5c v\u1ee5 cho t\u1ea5t c\u1ea3 m\u1ecdi ng\u01b0\u1eddi.<\/span><\/p>\n<p><span style=\"font-weight: 400;\">N\u0103m nay, khi b\u1ea1n t\u00f4n vinh nh\u1eefng ng\u01b0\u1eddi ph\u1ee5c v\u1ee5, ch\u00fang t\u00f4i y\u00eau c\u1ea7u b\u1ea1n c\u0169ng bi\u1ebft \u01a1n v\u00ec ch\u00fang t\u00f4i nh\u1eadn th\u1ea5y r\u1eb1ng ch\u00fang t\u00f4i \u0111ang ti\u1ebfn l\u00ean v\u00e0 \u0111i l\u00ean v\u1edbi m\u1ed9t ch\u00ednh quy\u1ec1n m\u1edbi s\u1ebd th\u1ef1c s\u1ef1 t\u00f4n vinh nh\u1eefng ng\u01b0\u1eddi \u0111\u00e3 ph\u1ee5c v\u1ee5.\u00a0<\/span><\/p>\n<p>- James Harrold, Ch\u1ee7 t\u1ecbch cu\u1ed9c h\u1ecdp k\u00edn c\u1ee7a C\u1ef1u chi\u1ebfn binh v\u00e0 Gia \u0111\u00ecnh Qu\u00e2n nh\u00e2n NDP<\/p>\n<p><strong>V\u1ec1 Ch\u1ee7 t\u1ecbch C\u1ef1u chi\u1ebfn binh Caucus Harrold:<\/strong> \u00d4ng ph\u1ee5c v\u1ee5 trong L\u1ef1c l\u01b0\u1ee3ng Kh\u00f4ng qu\u00e2n Hoa K\u1ef3 t\u1eeb n\u0103m 1982 \u0111\u1ebfn n\u0103m 2008 v\u00e0 ngh\u1ec9 h\u01b0u v\u1edbi qu\u00e2n h\u00e0m \u0111\u1ea1i t\u00e1. Harrold \u0111\u00e3 ph\u1ee5c v\u1ee5 trong nhi\u1ec1u nhi\u1ec7m v\u1ee5 kh\u00e1c nhau \u1edf 11 ti\u1ec3u bang v\u00e0 ba qu\u1ed1c gia n\u01b0\u1edbc ngo\u00e0i, \u0111\u1ed3ng th\u1eddi l\u00e0 ch\u1ec9 huy \u1edf c\u1ea5p phi \u0111\u1ed9i v\u00e0 nh\u00f3m v\u00e0 \u0111\u01b0\u1ee3c tri\u1ec3n khai t\u1edbi Iraq.<\/p>","protected":false},"excerpt":{"rendered":"<p>Each year, on Nov. 11, we take time to honor all veterans of America\u2019s armed forces. This traditional remembrance has always served as an important time for all of us to pause and contemplate service, sacrifice, and courage. Many have returned from doing their duty wounded, injured, or maimed. Many never returned at all, having &#8230; <a title=\"T\u00f4n vinh c\u00e1c c\u1ef1u chi\u1ebfn binh trong ng\u00e0y C\u1ef1u chi\u1ebfn binh\" class=\"read-more\" href=\"https:\/\/nebraskademocrats.org\/vi\/blog\/honoring-veterans-on-veterans-day\/\" aria-label=\"More on Honoring Veterans on Veterans Day\">\u0110\u1ecdc th\u00eam<\/a><\/p>","protected":false},"author":19,"featured_media":0,"comment_status":"closed","ping_status":"closed","sticky":false,"template":"","format":"standard","meta":{"_acf_changed":false,"_exactmetrics_skip_tracking":false,"_exactmetrics_sitenote_active":false,"_exactmetrics_sitenote_note":"","_exactmetrics_sitenote_category":0,"footnotes":""},"categories":[1],"tags":[],"class_list":["post-27149","post","type-post","status-publish","format-standard","hentry","category-blog"],"acf":[],"yoast_head":"<!-- This site is optimized with the Yoast SEO plugin v27.4 - https:\/\/yoast.com\/product\/yoast-seo-wordpress\/ -->\n<title>Honoring Veterans on Veterans Day &#8211; Nebraska Democratic Party<\/title>\n<meta name=\"robots\" content=\"index, follow, max-snippet:-1, max-image-preview:large, max-video-preview:-1\" \/>\n<link rel=\"canonical\" href=\"https:\/\/nebraskademocrats.org\/vi\/blog\/honoring-veterans-on-veterans-day\/\" \/>\n<meta property=\"og:locale\" content=\"vi_VN\" \/>\n<meta property=\"og:type\" content=\"article\" \/>\n<meta property=\"og:title\" content=\"Honoring Veterans on Veterans Day &#8211; Nebraska Democratic Party\" \/>\n<meta property=\"og:description\" content=\"Each year, on Nov. 11, we take time to honor all veterans of America\u2019s armed forces. This traditional remembrance has always served as an important time for all of us to pause and contemplate service, sacrifice, and courage. Many have returned from doing their duty wounded, injured, or maimed. Many never returned at all, having ... Read more\" \/>\n<meta property=\"og:url\" content=\"https:\/\/nebraskademocrats.org\/vi\/blog\/honoring-veterans-on-veterans-day\/\" \/>\n<meta property=\"og:site_name\" content=\"Nebraska Democratic Party\" \/>\n<meta property=\"article:publisher\" content=\"https:\/\/www.facebook.com\/NebraskaDemocraticParty\/\" \/>\n<meta property=\"article:published_time\" content=\"2020-11-11T02:04:40+00:00\" \/>\n<meta property=\"article:modified_time\" content=\"2020-11-11T15:02:26+00:00\" \/>\n<meta property=\"og:image\" content=\"https:\/\/nebraskademocrats.org\/wp-content\/uploads\/2018\/09\/ne-dems-fb.jpg\" \/>\n\t<meta property=\"og:image:width\" content=\"1200\" \/>\n\t<meta property=\"og:image:height\" content=\"630\" \/>\n\t<meta property=\"og:image:type\" content=\"image\/jpeg\" \/>\n<meta name=\"author\" content=\"Precious McKesson\" \/>\n<meta name=\"twitter:card\" content=\"summary_large_image\" \/>\n<meta name=\"twitter:creator\" content=\"@nebraskadems\" \/>\n<meta name=\"twitter:site\" content=\"@nebraskadems\" \/>\n<meta name=\"twitter:label1\" content=\"\u0110\u01b0\u1ee3c vi\u1ebft b\u1edfi\" \/>\n\t<meta name=\"twitter:data1\" content=\"Precious McKesson\" \/>\n\t<meta name=\"twitter:label2\" content=\"\u01af\u1edbc t\u00ednh th\u1eddi gian \u0111\u1ecdc\" \/>\n\t<meta name=\"twitter:data2\" content=\"2 ph\u00fat\" \/>\n<script type=\"application\/ld+json\" class=\"yoast-schema-graph\">{\"@context\":\"https:\\\/\\\/schema.org\",\"@graph\":[{\"@type\":\"Article\",\"@id\":\"https:\\\/\\\/nebraskademocrats.org\\\/blog\\\/honoring-veterans-on-veterans-day\\\/#article\",\"isPartOf\":{\"@id\":\"https:\\\/\\\/nebraskademocrats.org\\\/blog\\\/honoring-veterans-on-veterans-day\\\/\"},\"author\":{\"name\":\"Precious McKesson\",\"@id\":\"https:\\\/\\\/nebraskademocrats.org\\\/#\\\/schema\\\/person\\\/33e011ea0795f404810dc40828bcf289\"},\"headline\":\"Honoring Veterans on Veterans Day\",\"datePublished\":\"2020-11-11T02:04:40+00:00\",\"dateModified\":\"2020-11-11T15:02:26+00:00\",\"mainEntityOfPage\":{\"@id\":\"https:\\\/\\\/nebraskademocrats.org\\\/blog\\\/honoring-veterans-on-veterans-day\\\/\"},\"wordCount\":348,\"publisher\":{\"@id\":\"https:\\\/\\\/nebraskademocrats.org\\\/#organization\"},\"articleSection\":[\"NDP Blog\"],\"inLanguage\":\"vi\"},{\"@type\":\"WebPage\",\"@id\":\"https:\\\/\\\/nebraskademocrats.org\\\/blog\\\/honoring-veterans-on-veterans-day\\\/\",\"url\":\"https:\\\/\\\/nebraskademocrats.org\\\/blog\\\/honoring-veterans-on-veterans-day\\\/\",\"name\":\"Honoring Veterans on Veterans Day &#8211; Nebraska Democratic Party\",\"isPartOf\":{\"@id\":\"https:\\\/\\\/nebraskademocrats.org\\\/#website\"},\"datePublished\":\"2020-11-11T02:04:40+00:00\",\"dateModified\":\"2020-11-11T15:02:26+00:00\",\"breadcrumb\":{\"@id\":\"https:\\\/\\\/nebraskademocrats.org\\\/blog\\\/honoring-veterans-on-veterans-day\\\/#breadcrumb\"},\"inLanguage\":\"vi\",\"potentialAction\":[{\"@type\":\"ReadAction\",\"target\":[\"https:\\\/\\\/nebraskademocrats.org\\\/blog\\\/honoring-veterans-on-veterans-day\\\/\"]}]},{\"@type\":\"BreadcrumbList\",\"@id\":\"https:\\\/\\\/nebraskademocrats.org\\\/blog\\\/honoring-veterans-on-veterans-day\\\/#breadcrumb\",\"itemListElement\":[{\"@type\":\"ListItem\",\"position\":1,\"name\":\"Home\",\"item\":\"https:\\\/\\\/nebraskademocrats.org\\\/\"},{\"@type\":\"ListItem\",\"position\":2,\"name\":\"Honoring Veterans on Veterans Day\"}]},{\"@type\":\"WebSite\",\"@id\":\"https:\\\/\\\/nebraskademocrats.org\\\/#website\",\"url\":\"https:\\\/\\\/nebraskademocrats.org\\\/\",\"name\":\"Nebraska Democratic Party\",\"description\":\"Growing the Good Life for All Nebraskans\",\"publisher\":{\"@id\":\"https:\\\/\\\/nebraskademocrats.org\\\/#organization\"},\"potentialAction\":[{\"@type\":\"SearchAction\",\"target\":{\"@type\":\"EntryPoint\",\"urlTemplate\":\"https:\\\/\\\/nebraskademocrats.org\\\/?s={search_term_string}\"},\"query-input\":{\"@type\":\"PropertyValueSpecification\",\"valueRequired\":true,\"valueName\":\"search_term_string\"}}],\"inLanguage\":\"vi\"},{\"@type\":\"Organization\",\"@id\":\"https:\\\/\\\/nebraskademocrats.org\\\/#organization\",\"name\":\"Nebraska Democratic Party\",\"url\":\"https:\\\/\\\/nebraskademocrats.org\\\/\",\"logo\":{\"@type\":\"ImageObject\",\"inLanguage\":\"vi\",\"@id\":\"https:\\\/\\\/nebraskademocrats.org\\\/#\\\/schema\\\/logo\\\/image\\\/\",\"url\":\"https:\\\/\\\/nebraskadem.wpenginepowered.com\\\/wp-content\\\/uploads\\\/2016\\\/05\\\/NDP2.jpg\",\"contentUrl\":\"https:\\\/\\\/nebraskadem.wpenginepowered.com\\\/wp-content\\\/uploads\\\/2016\\\/05\\\/NDP2.jpg\",\"width\":1000,\"height\":396,\"caption\":\"Nebraska Democratic Party\"},\"image\":{\"@id\":\"https:\\\/\\\/nebraskademocrats.org\\\/#\\\/schema\\\/logo\\\/image\\\/\"},\"sameAs\":[\"https:\\\/\\\/www.facebook.com\\\/NebraskaDemocraticParty\\\/\",\"https:\\\/\\\/x.com\\\/nebraskadems\"]},{\"@type\":\"Person\",\"@id\":\"https:\\\/\\\/nebraskademocrats.org\\\/#\\\/schema\\\/person\\\/33e011ea0795f404810dc40828bcf289\",\"name\":\"Precious McKesson\",\"image\":{\"@type\":\"ImageObject\",\"inLanguage\":\"vi\",\"@id\":\"https:\\\/\\\/secure.gravatar.com\\\/avatar\\\/35046e19b3373116ec64c07d386d3312028d3820dc0ffe65c344bcebc8ea9194?s=96&d=mm&r=g\",\"url\":\"https:\\\/\\\/secure.gravatar.com\\\/avatar\\\/35046e19b3373116ec64c07d386d3312028d3820dc0ffe65c344bcebc8ea9194?s=96&d=mm&r=g\",\"contentUrl\":\"https:\\\/\\\/secure.gravatar.com\\\/avatar\\\/35046e19b3373116ec64c07d386d3312028d3820dc0ffe65c344bcebc8ea9194?s=96&d=mm&r=g\",\"caption\":\"Precious McKesson\"}}]}<\/script>\n<!-- \/ Yoast SEO plugin. -->","yoast_head_json":{"title":"Honoring Veterans on Veterans Day &#8211; Nebraska Democratic Party","robots":{"index":"index","follow":"follow","max-snippet":"max-snippet:-1","max-image-preview":"max-image-preview:large","max-video-preview":"max-video-preview:-1"},"canonical":"https:\/\/nebraskademocrats.org\/vi\/blog\/honoring-veterans-on-veterans-day\/","og_locale":"vi_VN","og_type":"article","og_title":"Honoring Veterans on Veterans Day &#8211; Nebraska Democratic Party","og_description":"Each year, on Nov. 11, we take time to honor all veterans of America\u2019s armed forces. This traditional remembrance has always served as an important time for all of us to pause and contemplate service, sacrifice, and courage. Many have returned from doing their duty wounded, injured, or maimed. Many never returned at all, having ... Read more","og_url":"https:\/\/nebraskademocrats.org\/vi\/blog\/honoring-veterans-on-veterans-day\/","og_site_name":"Nebraska Democratic Party","article_publisher":"https:\/\/www.facebook.com\/NebraskaDemocraticParty\/","article_published_time":"2020-11-11T02:04:40+00:00","article_modified_time":"2020-11-11T15:02:26+00:00","og_image":[{"width":1200,"height":630,"url":"https:\/\/nebraskademocrats.org\/wp-content\/uploads\/2018\/09\/ne-dems-fb.jpg","type":"image\/jpeg"}],"author":"Precious McKesson","twitter_card":"summary_large_image","twitter_creator":"@nebraskadems","twitter_site":"@nebraskadems","twitter_misc":{"\u0110\u01b0\u1ee3c vi\u1ebft b\u1edfi":"Precious McKesson","\u01af\u1edbc t\u00ednh th\u1eddi gian \u0111\u1ecdc":"2 ph\u00fat"},"schema":{"@context":"https:\/\/schema.org","@graph":[{"@type":"Article","@id":"https:\/\/nebraskademocrats.org\/blog\/honoring-veterans-on-veterans-day\/#article","isPartOf":{"@id":"https:\/\/nebraskademocrats.org\/blog\/honoring-veterans-on-veterans-day\/"},"author":{"name":"Precious McKesson","@id":"https:\/\/nebraskademocrats.org\/#\/schema\/person\/33e011ea0795f404810dc40828bcf289"},"headline":"Honoring Veterans on Veterans Day","datePublished":"2020-11-11T02:04:40+00:00","dateModified":"2020-11-11T15:02:26+00:00","mainEntityOfPage":{"@id":"https:\/\/nebraskademocrats.org\/blog\/honoring-veterans-on-veterans-day\/"},"wordCount":348,"publisher":{"@id":"https:\/\/nebraskademocrats.org\/#organization"},"articleSection":["NDP Blog"],"inLanguage":"vi"},{"@type":"WebPage","@id":"https:\/\/nebraskademocrats.org\/blog\/honoring-veterans-on-veterans-day\/","url":"https:\/\/nebraskademocrats.org\/blog\/honoring-veterans-on-veterans-day\/","name":"Honoring Veterans on Veterans Day &#8211; Nebraska Democratic Party","isPartOf":{"@id":"https:\/\/nebraskademocrats.org\/#website"},"datePublished":"2020-11-11T02:04:40+00:00","dateModified":"2020-11-11T15:02:26+00:00","breadcrumb":{"@id":"https:\/\/nebraskademocrats.org\/blog\/honoring-veterans-on-veterans-day\/#breadcrumb"},"inLanguage":"vi","potentialAction":[{"@type":"ReadAction","target":["https:\/\/nebraskademocrats.org\/blog\/honoring-veterans-on-veterans-day\/"]}]},{"@type":"BreadcrumbList","@id":"https:\/\/nebraskademocrats.org\/blog\/honoring-veterans-on-veterans-day\/#breadcrumb","itemListElement":[{"@type":"ListItem","position":1,"name":"Home","item":"https:\/\/nebraskademocrats.org\/"},{"@type":"ListItem","position":2,"name":"Honoring Veterans on Veterans Day"}]},{"@type":"WebSite","@id":"https:\/\/nebraskademocrats.org\/#website","url":"https:\/\/nebraskademocrats.org\/","name":"Nebraska Democratic Party","description":"Ph\u00e1t tri\u1ec3n cu\u1ed9c s\u1ed1ng t\u1ed1t \u0111\u1eb9p cho t\u1ea5t c\u1ea3 Nebraskans","publisher":{"@id":"https:\/\/nebraskademocrats.org\/#organization"},"potentialAction":[{"@type":"SearchAction","target":{"@type":"EntryPoint","urlTemplate":"https:\/\/nebraskademocrats.org\/?s={search_term_string}"},"query-input":{"@type":"PropertyValueSpecification","valueRequired":true,"valueName":"search_term_string"}}],"inLanguage":"vi"},{"@type":"Organization","@id":"https:\/\/nebraskademocrats.org\/#organization","name":"Nebraska Democratic Party","url":"https:\/\/nebraskademocrats.org\/","logo":{"@type":"ImageObject","inLanguage":"vi","@id":"https:\/\/nebraskademocrats.org\/#\/schema\/logo\/image\/","url":"https:\/\/nebraskadem.wpenginepowered.com\/wp-content\/uploads\/2016\/05\/NDP2.jpg","contentUrl":"https:\/\/nebraskadem.wpenginepowered.com\/wp-content\/uploads\/2016\/05\/NDP2.jpg","width":1000,"height":396,"caption":"Nebraska Democratic Party"},"image":{"@id":"https:\/\/nebraskademocrats.org\/#\/schema\/logo\/image\/"},"sameAs":["https:\/\/www.facebook.com\/NebraskaDemocraticParty\/","https:\/\/x.com\/nebraskadems"]},{"@type":"Person","@id":"https:\/\/nebraskademocrats.org\/#\/schema\/person\/33e011ea0795f404810dc40828bcf289","name":"McKesson qu\u00fd gi\u00e1","image":{"@type":"ImageObject","inLanguage":"vi","@id":"https:\/\/secure.gravatar.com\/avatar\/35046e19b3373116ec64c07d386d3312028d3820dc0ffe65c344bcebc8ea9194?s=96&d=mm&r=g","url":"https:\/\/secure.gravatar.com\/avatar\/35046e19b3373116ec64c07d386d3312028d3820dc0ffe65c344bcebc8ea9194?s=96&d=mm&r=g","contentUrl":"https:\/\/secure.gravatar.com\/avatar\/35046e19b3373116ec64c07d386d3312028d3820dc0ffe65c344bcebc8ea9194?s=96&d=mm&r=g","caption":"Precious McKesson"}}]}},"_links":{"self":[{"href":"https:\/\/nebraskademocrats.org\/vi\/wp-json\/wp\/v2\/posts\/27149","targetHints":{"allow":["GET"]}}],"collection":[{"href":"https:\/\/nebraskademocrats.org\/vi\/wp-json\/wp\/v2\/posts"}],"about":[{"href":"https:\/\/nebraskademocrats.org\/vi\/wp-json\/wp\/v2\/types\/post"}],"author":[{"embeddable":true,"href":"https:\/\/nebraskademocrats.org\/vi\/wp-json\/wp\/v2\/users\/19"}],"replies":[{"embeddable":true,"href":"https:\/\/nebraskademocrats.org\/vi\/wp-json\/wp\/v2\/comments?post=27149"}],"version-history":[{"count":0,"href":"https:\/\/nebraskademocrats.org\/vi\/wp-json\/wp\/v2\/posts\/27149\/revisions"}],"wp:attachment":[{"href":"https:\/\/nebraskademocrats.org\/vi\/wp-json\/wp\/v2\/media?parent=27149"}],"wp:term":[{"taxonomy":"category","embeddable":true,"href":"https:\/\/nebraskademocrats.org\/vi\/wp-json\/wp\/v2\/categories?post=27149"},{"taxonomy":"post_tag","embeddable":true,"href":"https:\/\/nebraskademocrats.org\/vi\/wp-json\/wp\/v2\/tags?post=27149"}],"curies":[{"name":"wp","href":"https:\/\/api.w.org\/{rel}","templated":true}]}}