{"id":27165,"date":"2020-11-10T15:02:02","date_gmt":"2020-11-10T21:02:02","guid":{"rendered":"https:\/\/nebraskadem.wpenginepowered.com\/?p=27165"},"modified":"2020-11-10T15:02:02","modified_gmt":"2020-11-10T21:02:02","slug":"press-release-ndps-kleeb-statement-on-gov-ricketts-going-into-quarantine-for-possible-exposure-to-covid-19","status":"publish","type":"post","link":"https:\/\/nebraskademocrats.org\/vi\/blog\/press-release-ndps-kleeb-statement-on-gov-ricketts-going-into-quarantine-for-possible-exposure-to-covid-19\/","title":{"rendered":"Th\u00f4ng c\u00e1o b\u00e1o ch\u00ed: Tuy\u00ean b\u1ed1 Kleeb c\u1ee7a NDP tr\u00ean Th\u1ed1ng \u0111\u1ed1c Ricketts s\u1ebd b\u1ecb c\u00e1ch ly v\u00ec c\u00f3 th\u1ec3 ti\u1ebfp x\u00fac v\u1edbi COVID-19"},"content":{"rendered":"<p><span style=\"font-weight: 400;\">Ch\u1ee7 t\u1ecbch NDP Jane Kleeb \u0111\u00e3 \u0111\u01b0a ra tuy\u00ean b\u1ed1 sau \u0111\u00e2y h\u00f4m nay v\u1ec1 vi\u1ec7c Th\u1ed1ng \u0111\u1ed1c Pete Ricketts s\u1ebd b\u1ecb c\u00e1ch ly v\u00ec c\u00f3 th\u1ec3 ti\u1ebfp x\u00fac v\u1edbi COVID-19:<\/span><\/p>\n<p><span style=\"font-weight: 400;\">\u201c<\/span><span style=\"font-weight: 400;\">Th\u1ed1ng \u0111\u1ed1c Ricketts, gi\u1ed1ng nh\u01b0 Trump, \u0111\u00e3 th\u1ea5t b\u1ea1i trong nhi\u1ec7m v\u1ee5 - tr\u01b0\u1edbc h\u1ebft v\u00e0 quan tr\u1ecdng nh\u1ea5t - b\u1ea3o v\u1ec7 Nebraskans kh\u1ecfi \u0111\u1ea1i d\u1ecbch n\u00e0y. Anh ta c\u1ea7n tu\u00e2n theo Th\u1ed1ng \u0111\u1ed1c bang Utah Gary Herbert, ng\u01b0\u1eddi \u0111\u00e3 ban b\u1ed1 t\u00ecnh tr\u1ea1ng kh\u1ea9n c\u1ea5p v\u00e0 ban h\u00e0nh l\u1ec7nh b\u1eaft bu\u1ed9c t\u1ea5t c\u1ea3 c\u01b0 d\u00e2n ph\u1ea3i \u0111eo m\u1eb7t n\u1ea1 n\u01a1i c\u00f4ng c\u1ed9ng cho \u0111\u1ebfn khi c\u00f3 th\u00f4ng b\u00e1o m\u1edbi.<\/span><\/p>\n<p><span style=\"font-weight: 400;\">\u201cC\u00e1c ca b\u1ec7nh Nebraska COVID-19 \u0111ang t\u0103ng v\u1ecdt v\u00e0 c\u00e1c b\u1ec7nh vi\u1ec7n c\u1ee7a ch\u00fang t\u00f4i \u0111ang \u1edf m\u1ee9c nguy hi\u1ec3m g\u1ea7n \u0111\u1ea1t c\u00f4ng su\u1ea5t. \u0110\u00e2y l\u00e0 s\u1ef1 l\u00e3nh \u0111\u1ea1o th\u1ea5t b\u1ea1i. V\u0103n ph\u00f2ng c\u1ee7a \u00f4ng \u1ea5y th\u1eadm ch\u00ed c\u00f2n c\u00f4ng k\u00edch m\u1ed9t s\u1ed1 b\u00e1c s\u0129 tr\u00ean m\u1ea1ng x\u00e3 h\u1ed9i v\u00ec \u0111\u00e3 l\u00e0m nhi\u1ec7m v\u1ee5 c\u1ee9u s\u1ed1ng h\u1ecd \u201d.<\/span><\/p>\n<p>&nbsp;<\/p>","protected":false},"excerpt":{"rendered":"<p>NDP Chair Jane Kleeb issued the following statement today on Gov. Pete Ricketts going into quarantine for possible exposure to COVID-19: \u201cGov. Ricketts, like Trump, has failed in his duty to &#8212; first and foremost &#8212; protect Nebraskans from this pandemic. He needs to follow Utah Gov. Gary Herbert, who declared a state of emergency &#8230; <a title=\"Th\u00f4ng c\u00e1o b\u00e1o ch\u00ed: Tuy\u00ean b\u1ed1 Kleeb c\u1ee7a NDP tr\u00ean Th\u1ed1ng \u0111\u1ed1c Ricketts s\u1ebd b\u1ecb c\u00e1ch ly v\u00ec c\u00f3 th\u1ec3 ti\u1ebfp x\u00fac v\u1edbi COVID-19\" class=\"read-more\" href=\"https:\/\/nebraskademocrats.org\/vi\/blog\/press-release-ndps-kleeb-statement-on-gov-ricketts-going-into-quarantine-for-possible-exposure-to-covid-19\/\" aria-label=\"More on Press Release: NDP\u2019s Kleeb statement on Gov. Ricketts going into quarantine for possible exposure to COVID-19\">\u0110\u1ecdc th\u00eam<\/a><\/p>","protected":false},"author":19,"featured_media":0,"comment_status":"closed","ping_status":"closed","sticky":false,"template":"","format":"standard","meta":{"_acf_changed":false,"_exactmetrics_skip_tracking":false,"_exactmetrics_sitenote_active":false,"_exactmetrics_sitenote_note":"","_exactmetrics_sitenote_category":0,"footnotes":""},"categories":[1],"tags":[],"class_list":["post-27165","post","type-post","status-publish","format-standard","hentry","category-blog"],"acf":[],"yoast_head":"<!-- This site is optimized with the Yoast SEO plugin v27.4 - https:\/\/yoast.com\/product\/yoast-seo-wordpress\/ -->\n<title>Press Release: NDP\u2019s Kleeb statement on Gov. Ricketts going into quarantine for possible exposure to COVID-19 &#8211; Nebraska Democratic Party<\/title>\n<meta name=\"robots\" content=\"index, follow, max-snippet:-1, max-image-preview:large, max-video-preview:-1\" \/>\n<link rel=\"canonical\" href=\"https:\/\/nebraskademocrats.org\/vi\/blog\/press-release-ndps-kleeb-statement-on-gov-ricketts-going-into-quarantine-for-possible-exposure-to-covid-19\/\" \/>\n<meta property=\"og:locale\" content=\"vi_VN\" \/>\n<meta property=\"og:type\" content=\"article\" \/>\n<meta property=\"og:title\" content=\"Press Release: NDP\u2019s Kleeb statement on Gov. Ricketts going into quarantine for possible exposure to COVID-19 &#8211; Nebraska Democratic Party\" \/>\n<meta property=\"og:description\" content=\"NDP Chair Jane Kleeb issued the following statement today on Gov. Pete Ricketts going into quarantine for possible exposure to COVID-19: \u201cGov. Ricketts, like Trump, has failed in his duty to &#8212; first and foremost &#8212; protect Nebraskans from this pandemic. He needs to follow Utah Gov. Gary Herbert, who declared a state of emergency ... Read more\" \/>\n<meta property=\"og:url\" content=\"https:\/\/nebraskademocrats.org\/vi\/blog\/press-release-ndps-kleeb-statement-on-gov-ricketts-going-into-quarantine-for-possible-exposure-to-covid-19\/\" \/>\n<meta property=\"og:site_name\" content=\"Nebraska Democratic Party\" \/>\n<meta property=\"article:publisher\" content=\"https:\/\/www.facebook.com\/NebraskaDemocraticParty\/\" \/>\n<meta property=\"article:published_time\" content=\"2020-11-10T21:02:02+00:00\" \/>\n<meta property=\"og:image\" content=\"https:\/\/nebraskademocrats.org\/wp-content\/uploads\/2018\/09\/ne-dems-fb.jpg\" \/>\n\t<meta property=\"og:image:width\" content=\"1200\" \/>\n\t<meta property=\"og:image:height\" content=\"630\" \/>\n\t<meta property=\"og:image:type\" content=\"image\/jpeg\" \/>\n<meta name=\"author\" content=\"Precious McKesson\" \/>\n<meta name=\"twitter:card\" content=\"summary_large_image\" \/>\n<meta name=\"twitter:creator\" content=\"@nebraskadems\" \/>\n<meta name=\"twitter:site\" content=\"@nebraskadems\" \/>\n<meta name=\"twitter:label1\" content=\"\u0110\u01b0\u1ee3c vi\u1ebft b\u1edfi\" \/>\n\t<meta name=\"twitter:data1\" content=\"Precious McKesson\" \/>\n\t<meta name=\"twitter:label2\" content=\"\u01af\u1edbc t\u00ednh th\u1eddi gian \u0111\u1ecdc\" \/>\n\t<meta name=\"twitter:data2\" content=\"1 ph\u00fat\" \/>\n<script type=\"application\/ld+json\" class=\"yoast-schema-graph\">{\"@context\":\"https:\\\/\\\/schema.org\",\"@graph\":[{\"@type\":\"Article\",\"@id\":\"https:\\\/\\\/nebraskademocrats.org\\\/blog\\\/press-release-ndps-kleeb-statement-on-gov-ricketts-going-into-quarantine-for-possible-exposure-to-covid-19\\\/#article\",\"isPartOf\":{\"@id\":\"https:\\\/\\\/nebraskademocrats.org\\\/blog\\\/press-release-ndps-kleeb-statement-on-gov-ricketts-going-into-quarantine-for-possible-exposure-to-covid-19\\\/\"},\"author\":{\"name\":\"Precious McKesson\",\"@id\":\"https:\\\/\\\/nebraskademocrats.org\\\/#\\\/schema\\\/person\\\/33e011ea0795f404810dc40828bcf289\"},\"headline\":\"Press Release: NDP\u2019s Kleeb statement on Gov. Ricketts going into quarantine for possible exposure to COVID-19\",\"datePublished\":\"2020-11-10T21:02:02+00:00\",\"mainEntityOfPage\":{\"@id\":\"https:\\\/\\\/nebraskademocrats.org\\\/blog\\\/press-release-ndps-kleeb-statement-on-gov-ricketts-going-into-quarantine-for-possible-exposure-to-covid-19\\\/\"},\"wordCount\":124,\"publisher\":{\"@id\":\"https:\\\/\\\/nebraskademocrats.org\\\/#organization\"},\"articleSection\":[\"NDP Blog\"],\"inLanguage\":\"vi\"},{\"@type\":\"WebPage\",\"@id\":\"https:\\\/\\\/nebraskademocrats.org\\\/blog\\\/press-release-ndps-kleeb-statement-on-gov-ricketts-going-into-quarantine-for-possible-exposure-to-covid-19\\\/\",\"url\":\"https:\\\/\\\/nebraskademocrats.org\\\/blog\\\/press-release-ndps-kleeb-statement-on-gov-ricketts-going-into-quarantine-for-possible-exposure-to-covid-19\\\/\",\"name\":\"Press Release: NDP\u2019s Kleeb statement on Gov. Ricketts going into quarantine for possible exposure to COVID-19 &#8211; Nebraska Democratic Party\",\"isPartOf\":{\"@id\":\"https:\\\/\\\/nebraskademocrats.org\\\/#website\"},\"datePublished\":\"2020-11-10T21:02:02+00:00\",\"breadcrumb\":{\"@id\":\"https:\\\/\\\/nebraskademocrats.org\\\/blog\\\/press-release-ndps-kleeb-statement-on-gov-ricketts-going-into-quarantine-for-possible-exposure-to-covid-19\\\/#breadcrumb\"},\"inLanguage\":\"vi\",\"potentialAction\":[{\"@type\":\"ReadAction\",\"target\":[\"https:\\\/\\\/nebraskademocrats.org\\\/blog\\\/press-release-ndps-kleeb-statement-on-gov-ricketts-going-into-quarantine-for-possible-exposure-to-covid-19\\\/\"]}]},{\"@type\":\"BreadcrumbList\",\"@id\":\"https:\\\/\\\/nebraskademocrats.org\\\/blog\\\/press-release-ndps-kleeb-statement-on-gov-ricketts-going-into-quarantine-for-possible-exposure-to-covid-19\\\/#breadcrumb\",\"itemListElement\":[{\"@type\":\"ListItem\",\"position\":1,\"name\":\"Home\",\"item\":\"https:\\\/\\\/nebraskademocrats.org\\\/\"},{\"@type\":\"ListItem\",\"position\":2,\"name\":\"Press Release: NDP\u2019s Kleeb statement on Gov. Ricketts going into quarantine for possible exposure to COVID-19\"}]},{\"@type\":\"WebSite\",\"@id\":\"https:\\\/\\\/nebraskademocrats.org\\\/#website\",\"url\":\"https:\\\/\\\/nebraskademocrats.org\\\/\",\"name\":\"Nebraska Democratic Party\",\"description\":\"Growing the Good Life for All Nebraskans\",\"publisher\":{\"@id\":\"https:\\\/\\\/nebraskademocrats.org\\\/#organization\"},\"potentialAction\":[{\"@type\":\"SearchAction\",\"target\":{\"@type\":\"EntryPoint\",\"urlTemplate\":\"https:\\\/\\\/nebraskademocrats.org\\\/?s={search_term_string}\"},\"query-input\":{\"@type\":\"PropertyValueSpecification\",\"valueRequired\":true,\"valueName\":\"search_term_string\"}}],\"inLanguage\":\"vi\"},{\"@type\":\"Organization\",\"@id\":\"https:\\\/\\\/nebraskademocrats.org\\\/#organization\",\"name\":\"Nebraska Democratic Party\",\"url\":\"https:\\\/\\\/nebraskademocrats.org\\\/\",\"logo\":{\"@type\":\"ImageObject\",\"inLanguage\":\"vi\",\"@id\":\"https:\\\/\\\/nebraskademocrats.org\\\/#\\\/schema\\\/logo\\\/image\\\/\",\"url\":\"https:\\\/\\\/nebraskadem.wpenginepowered.com\\\/wp-content\\\/uploads\\\/2016\\\/05\\\/NDP2.jpg\",\"contentUrl\":\"https:\\\/\\\/nebraskadem.wpenginepowered.com\\\/wp-content\\\/uploads\\\/2016\\\/05\\\/NDP2.jpg\",\"width\":1000,\"height\":396,\"caption\":\"Nebraska Democratic Party\"},\"image\":{\"@id\":\"https:\\\/\\\/nebraskademocrats.org\\\/#\\\/schema\\\/logo\\\/image\\\/\"},\"sameAs\":[\"https:\\\/\\\/www.facebook.com\\\/NebraskaDemocraticParty\\\/\",\"https:\\\/\\\/x.com\\\/nebraskadems\"]},{\"@type\":\"Person\",\"@id\":\"https:\\\/\\\/nebraskademocrats.org\\\/#\\\/schema\\\/person\\\/33e011ea0795f404810dc40828bcf289\",\"name\":\"Precious McKesson\",\"image\":{\"@type\":\"ImageObject\",\"inLanguage\":\"vi\",\"@id\":\"https:\\\/\\\/secure.gravatar.com\\\/avatar\\\/35046e19b3373116ec64c07d386d3312028d3820dc0ffe65c344bcebc8ea9194?s=96&d=mm&r=g\",\"url\":\"https:\\\/\\\/secure.gravatar.com\\\/avatar\\\/35046e19b3373116ec64c07d386d3312028d3820dc0ffe65c344bcebc8ea9194?s=96&d=mm&r=g\",\"contentUrl\":\"https:\\\/\\\/secure.gravatar.com\\\/avatar\\\/35046e19b3373116ec64c07d386d3312028d3820dc0ffe65c344bcebc8ea9194?s=96&d=mm&r=g\",\"caption\":\"Precious McKesson\"}}]}<\/script>\n<!-- \/ Yoast SEO plugin. -->","yoast_head_json":{"title":"Press Release: NDP\u2019s Kleeb statement on Gov. Ricketts going into quarantine for possible exposure to COVID-19 &#8211; Nebraska Democratic Party","robots":{"index":"index","follow":"follow","max-snippet":"max-snippet:-1","max-image-preview":"max-image-preview:large","max-video-preview":"max-video-preview:-1"},"canonical":"https:\/\/nebraskademocrats.org\/vi\/blog\/press-release-ndps-kleeb-statement-on-gov-ricketts-going-into-quarantine-for-possible-exposure-to-covid-19\/","og_locale":"vi_VN","og_type":"article","og_title":"Press Release: NDP\u2019s Kleeb statement on Gov. Ricketts going into quarantine for possible exposure to COVID-19 &#8211; Nebraska Democratic Party","og_description":"NDP Chair Jane Kleeb issued the following statement today on Gov. Pete Ricketts going into quarantine for possible exposure to COVID-19: \u201cGov. Ricketts, like Trump, has failed in his duty to &#8212; first and foremost &#8212; protect Nebraskans from this pandemic. He needs to follow Utah Gov. Gary Herbert, who declared a state of emergency ... Read more","og_url":"https:\/\/nebraskademocrats.org\/vi\/blog\/press-release-ndps-kleeb-statement-on-gov-ricketts-going-into-quarantine-for-possible-exposure-to-covid-19\/","og_site_name":"Nebraska Democratic Party","article_publisher":"https:\/\/www.facebook.com\/NebraskaDemocraticParty\/","article_published_time":"2020-11-10T21:02:02+00:00","og_image":[{"width":1200,"height":630,"url":"https:\/\/nebraskademocrats.org\/wp-content\/uploads\/2018\/09\/ne-dems-fb.jpg","type":"image\/jpeg"}],"author":"Precious McKesson","twitter_card":"summary_large_image","twitter_creator":"@nebraskadems","twitter_site":"@nebraskadems","twitter_misc":{"\u0110\u01b0\u1ee3c vi\u1ebft b\u1edfi":"Precious McKesson","\u01af\u1edbc t\u00ednh th\u1eddi gian \u0111\u1ecdc":"1 ph\u00fat"},"schema":{"@context":"https:\/\/schema.org","@graph":[{"@type":"Article","@id":"https:\/\/nebraskademocrats.org\/blog\/press-release-ndps-kleeb-statement-on-gov-ricketts-going-into-quarantine-for-possible-exposure-to-covid-19\/#article","isPartOf":{"@id":"https:\/\/nebraskademocrats.org\/blog\/press-release-ndps-kleeb-statement-on-gov-ricketts-going-into-quarantine-for-possible-exposure-to-covid-19\/"},"author":{"name":"Precious McKesson","@id":"https:\/\/nebraskademocrats.org\/#\/schema\/person\/33e011ea0795f404810dc40828bcf289"},"headline":"Press Release: NDP\u2019s Kleeb statement on Gov. Ricketts going into quarantine for possible exposure to COVID-19","datePublished":"2020-11-10T21:02:02+00:00","mainEntityOfPage":{"@id":"https:\/\/nebraskademocrats.org\/blog\/press-release-ndps-kleeb-statement-on-gov-ricketts-going-into-quarantine-for-possible-exposure-to-covid-19\/"},"wordCount":124,"publisher":{"@id":"https:\/\/nebraskademocrats.org\/#organization"},"articleSection":["NDP Blog"],"inLanguage":"vi"},{"@type":"WebPage","@id":"https:\/\/nebraskademocrats.org\/blog\/press-release-ndps-kleeb-statement-on-gov-ricketts-going-into-quarantine-for-possible-exposure-to-covid-19\/","url":"https:\/\/nebraskademocrats.org\/blog\/press-release-ndps-kleeb-statement-on-gov-ricketts-going-into-quarantine-for-possible-exposure-to-covid-19\/","name":"Press Release: NDP\u2019s Kleeb statement on Gov. Ricketts going into quarantine for possible exposure to COVID-19 &#8211; Nebraska Democratic Party","isPartOf":{"@id":"https:\/\/nebraskademocrats.org\/#website"},"datePublished":"2020-11-10T21:02:02+00:00","breadcrumb":{"@id":"https:\/\/nebraskademocrats.org\/blog\/press-release-ndps-kleeb-statement-on-gov-ricketts-going-into-quarantine-for-possible-exposure-to-covid-19\/#breadcrumb"},"inLanguage":"vi","potentialAction":[{"@type":"ReadAction","target":["https:\/\/nebraskademocrats.org\/blog\/press-release-ndps-kleeb-statement-on-gov-ricketts-going-into-quarantine-for-possible-exposure-to-covid-19\/"]}]},{"@type":"BreadcrumbList","@id":"https:\/\/nebraskademocrats.org\/blog\/press-release-ndps-kleeb-statement-on-gov-ricketts-going-into-quarantine-for-possible-exposure-to-covid-19\/#breadcrumb","itemListElement":[{"@type":"ListItem","position":1,"name":"Home","item":"https:\/\/nebraskademocrats.org\/"},{"@type":"ListItem","position":2,"name":"Press Release: NDP\u2019s Kleeb statement on Gov. Ricketts going into quarantine for possible exposure to COVID-19"}]},{"@type":"WebSite","@id":"https:\/\/nebraskademocrats.org\/#website","url":"https:\/\/nebraskademocrats.org\/","name":"Nebraska Democratic Party","description":"Ph\u00e1t tri\u1ec3n cu\u1ed9c s\u1ed1ng t\u1ed1t \u0111\u1eb9p cho t\u1ea5t c\u1ea3 Nebraskans","publisher":{"@id":"https:\/\/nebraskademocrats.org\/#organization"},"potentialAction":[{"@type":"SearchAction","target":{"@type":"EntryPoint","urlTemplate":"https:\/\/nebraskademocrats.org\/?s={search_term_string}"},"query-input":{"@type":"PropertyValueSpecification","valueRequired":true,"valueName":"search_term_string"}}],"inLanguage":"vi"},{"@type":"Organization","@id":"https:\/\/nebraskademocrats.org\/#organization","name":"Nebraska Democratic Party","url":"https:\/\/nebraskademocrats.org\/","logo":{"@type":"ImageObject","inLanguage":"vi","@id":"https:\/\/nebraskademocrats.org\/#\/schema\/logo\/image\/","url":"https:\/\/nebraskadem.wpenginepowered.com\/wp-content\/uploads\/2016\/05\/NDP2.jpg","contentUrl":"https:\/\/nebraskadem.wpenginepowered.com\/wp-content\/uploads\/2016\/05\/NDP2.jpg","width":1000,"height":396,"caption":"Nebraska Democratic Party"},"image":{"@id":"https:\/\/nebraskademocrats.org\/#\/schema\/logo\/image\/"},"sameAs":["https:\/\/www.facebook.com\/NebraskaDemocraticParty\/","https:\/\/x.com\/nebraskadems"]},{"@type":"Person","@id":"https:\/\/nebraskademocrats.org\/#\/schema\/person\/33e011ea0795f404810dc40828bcf289","name":"McKesson qu\u00fd gi\u00e1","image":{"@type":"ImageObject","inLanguage":"vi","@id":"https:\/\/secure.gravatar.com\/avatar\/35046e19b3373116ec64c07d386d3312028d3820dc0ffe65c344bcebc8ea9194?s=96&d=mm&r=g","url":"https:\/\/secure.gravatar.com\/avatar\/35046e19b3373116ec64c07d386d3312028d3820dc0ffe65c344bcebc8ea9194?s=96&d=mm&r=g","contentUrl":"https:\/\/secure.gravatar.com\/avatar\/35046e19b3373116ec64c07d386d3312028d3820dc0ffe65c344bcebc8ea9194?s=96&d=mm&r=g","caption":"Precious McKesson"}}]}},"_links":{"self":[{"href":"https:\/\/nebraskademocrats.org\/vi\/wp-json\/wp\/v2\/posts\/27165","targetHints":{"allow":["GET"]}}],"collection":[{"href":"https:\/\/nebraskademocrats.org\/vi\/wp-json\/wp\/v2\/posts"}],"about":[{"href":"https:\/\/nebraskademocrats.org\/vi\/wp-json\/wp\/v2\/types\/post"}],"author":[{"embeddable":true,"href":"https:\/\/nebraskademocrats.org\/vi\/wp-json\/wp\/v2\/users\/19"}],"replies":[{"embeddable":true,"href":"https:\/\/nebraskademocrats.org\/vi\/wp-json\/wp\/v2\/comments?post=27165"}],"version-history":[{"count":0,"href":"https:\/\/nebraskademocrats.org\/vi\/wp-json\/wp\/v2\/posts\/27165\/revisions"}],"wp:attachment":[{"href":"https:\/\/nebraskademocrats.org\/vi\/wp-json\/wp\/v2\/media?parent=27165"}],"wp:term":[{"taxonomy":"category","embeddable":true,"href":"https:\/\/nebraskademocrats.org\/vi\/wp-json\/wp\/v2\/categories?post=27165"},{"taxonomy":"post_tag","embeddable":true,"href":"https:\/\/nebraskademocrats.org\/vi\/wp-json\/wp\/v2\/tags?post=27165"}],"curies":[{"name":"wp","href":"https:\/\/api.w.org\/{rel}","templated":true}]}}