{"id":28324,"date":"2020-12-14T14:52:41","date_gmt":"2020-12-14T20:52:41","guid":{"rendered":"https:\/\/nebraskadem.wpenginepowered.com\/?p=28324"},"modified":"2020-12-14T14:52:41","modified_gmt":"2020-12-14T20:52:41","slug":"precious-mckesson-makes-history-as-the-first-woman-and-first-african-american-to-cast-electoral-ballot-for-a-democrat-in-nebraska","status":"publish","type":"post","link":"https:\/\/nebraskademocrats.org\/vi\/press-releases\/precious-mckesson-makes-history-as-the-first-woman-and-first-african-american-to-cast-electoral-ballot-for-a-democrat-in-nebraska\/","title":{"rendered":"Precious McKesson l\u00e0m n\u00ean l\u1ecbch s\u1eed v\u1edbi t\u01b0 c\u00e1ch l\u00e0 ng\u01b0\u1eddi ph\u1ee5 n\u1eef \u0111\u1ea7u ti\u00ean v\u00e0 ng\u01b0\u1eddi M\u1ef9 g\u1ed1c Phi \u0111\u1ea7u ti\u00ean b\u1ecf phi\u1ebfu b\u1ea7u c\u1eed cho m\u1ed9t \u0111\u1ea3ng vi\u00ean D\u00e2n ch\u1ee7 \u1edf Nebraska"},"content":{"rendered":"<p><img fetchpriority=\"high\" decoding=\"async\" class=\"size-medium wp-image-28325 aligncenter\" src=\"https:\/\/nebraskadem.wpenginepowered.com\/wp-content\/uploads\/2020\/12\/The_Elector-225x300.jpg\" alt=\"\" width=\"225\" height=\"300\" srcset=\"https:\/\/nebraskademocrats.org\/wp-content\/uploads\/2020\/12\/The_Elector-225x300.jpg 225w, https:\/\/nebraskademocrats.org\/wp-content\/uploads\/2020\/12\/The_Elector-9x12.jpg 9w, https:\/\/nebraskademocrats.org\/wp-content\/uploads\/2020\/12\/The_Elector.jpg 720w\" sizes=\"(max-width: 225px) 100vw, 225px\" \/><\/p>\n<p><span style=\"font-weight: 400;\">\u0110\u1ea1i c\u1eed tri NDP cho Khu v\u1ef1c Qu\u1ed1c h\u1ed9i th\u1ee9 hai, Precious McKesson, h\u00f4m th\u1ee9 Hai \u0111\u00e3 tr\u1edf th\u00e0nh ng\u01b0\u1eddi ph\u1ee5 n\u1eef \u0111\u1ea7u ti\u00ean v\u00e0 l\u00e0 ng\u01b0\u1eddi M\u1ef9 g\u1ed1c Phi \u0111\u1ea7u ti\u00ean b\u1ecf phi\u1ebfu \u0110\u1ea1i c\u1eed tri \u0111o\u00e0n cho m\u1ed9t \u0111\u1ea3ng vi\u00ean D\u00e2n ch\u1ee7 \u1edf Nebraska.<\/span><\/p>\n<p><span style=\"font-weight: 400;\">McKesson \u0111\u00e3 c\u00f9ng v\u1edbi b\u1ed1n \u0111\u1ea1i c\u1eed tri t\u1ed5ng th\u1ed1ng kh\u00e1c c\u1ee7a Nebraska b\u1ecf phi\u1ebfu trong m\u1ed9t bu\u1ed5i l\u1ec5 t\u1ea1i \u0110i\u1ec7n Capitol.<\/span><\/p>\n<p><span style=\"font-weight: 400;\">McKesson n\u00f3i: \u201cT\u00f4i v\u00f4 c\u00f9ng vui m\u1eebng khi \u0111\u00e3 b\u1ecf phi\u1ebfu \u0111\u1ea1i c\u1eed tri cho T\u1ed5ng th\u1ed1ng \u0111\u1eafc c\u1eed Joe Biden v\u00e0 Ph\u00f3 T\u1ed5ng th\u1ed1ng \u0111\u1eafc c\u1eed Kamala Harris. \u201cL\u00e0m vi\u1ec7c ch\u0103m ch\u1ec9 v\u00e0 nh\u1eefng ng\u01b0\u1eddi \u1ee7ng h\u1ed9 t\u1eadn t\u00e2m \u0111\u00e3 gi\u00fap b\u1ea7u Joe Biden v\u00e0 Kamala Harris l\u00e0m l\u00e3nh \u0111\u1ea1o m\u1edbi c\u1ee7a ch\u00fang t\u00f4i. T\u00f4i t\u1ef1 tin r\u1eb1ng ch\u00fang ta s\u1ebd th\u1ea5y s\u1ef1 thay \u0111\u1ed5i c\u1ea7n thi\u1ebft \u0111\u1ec3 h\u00e0n g\u1eafn qu\u1ed1c gia c\u1ee7a ch\u00fang ta \u201d.<\/span><\/p>\n<p><span style=\"font-weight: 400;\">Ch\u1ee7 t\u1ecbch NDP Jane Kleeb cho bi\u1ebft:<\/span><\/p>\n<p><span style=\"font-weight: 400;\">\u201cNebraska n\u1ed5i b\u1eadt l\u00e0 m\u1ed9t trong nh\u1eefng bang c\u00f3 s\u1ef1 thay \u0111\u1ed5i l\u1edbn nh\u1ea5t t\u1eeb Trump sang Biden - McKesson qu\u00fd gi\u00e1 l\u00e0 m\u1ed9t trong nh\u1eefng l\u00fd do l\u1edbn khi\u1ebfn ch\u00fang t\u00f4i th\u00e0nh c\u00f4ng. \u0110\u1ea3ng c\u1ee7a ch\u00fang t\u00f4i l\u00e0m vi\u1ec7c h\u00e0ng ng\u00e0y \u0111\u1ec3 \u0111\u1ea3m b\u1ea3o ch\u00fang t\u00f4i \u0111ang gi\u00e0nh \u0111\u01b0\u1ee3c s\u1ef1 tin t\u01b0\u1edfng c\u1ee7a c\u1eed tri, \u1ee7ng h\u1ed9 nh\u1eefng g\u00ec \u0111\u00fang \u0111\u1eafn v\u00e0 n\u1ed7 l\u1ef1c \u0111\u1ec3 ch\u1ea5m d\u1ee9t ch\u1ebf \u0111\u1ed9 \u0111\u1ed9c \u0111\u1ea3ng \u0111\u00e3 b\u00f3p ngh\u1eb9t s\u1ef1 ti\u1ebfn b\u1ed9 \u1edf bang c\u1ee7a ch\u00fang t\u00f4i qu\u00e1 l\u00e2u.<\/span><\/p>\n<p><span style=\"font-weight: 400;\">Nebraska v\u00e0 Maine l\u00e0 nh\u1eefng ti\u1ec3u bang duy nh\u1ea5t trao phi\u1ebfu \u0111\u1ea1i c\u1eed tri d\u1ef1a tr\u00ean ng\u01b0\u1eddi chi\u1ebfn th\u1eafng c\u1ee7a m\u1ed7i khu v\u1ef1c qu\u1ed1c h\u1ed9i. T\u1ed5ng th\u1ed1ng \u0111\u1eafc c\u1eed Joe Biden v\u00e0 Ph\u00f3 t\u1ed5ng th\u1ed1ng \u0111\u1eafc c\u1eed Kamala Harris \u0111\u00e3 gi\u00e0nh \u0111\u01b0\u1ee3c Khu v\u1ef1c b\u1ea7u c\u1eed th\u1ee9 hai \u201cJomaha Blue Dot\u201d.\u00a0<\/span><\/p>\n<p><span style=\"font-weight: 400;\">L\u1ea7n kh\u00e1c duy nh\u1ea5t m\u1ed9t \u0111\u1ea3ng vi\u00ean D\u00e2n ch\u1ee7 gi\u00e0nh \u0111\u01b0\u1ee3c phi\u1ebfu \u0111\u1ea1i c\u1eed tri CD2 l\u00e0 v\u00e0o n\u0103m 2008, khi \u0111\u00f3 l\u00e0 Sen. Barack Obama, v\u1edbi Biden l\u00e0 ng\u01b0\u1eddi b\u1ea1n tranh c\u1eed c\u1ee7a m\u00ecnh, \u0111\u00e3 gi\u00e0nh \u0111\u01b0\u1ee3c \u0111\u1ecba h\u1ea1t tr\u00ean \u0111\u01b0\u1eddng \u0111\u1ebfn Nh\u00e0 Tr\u1eafng.<\/span><\/p>\n<p><img decoding=\"async\" class=\"size-medium wp-image-28326 aligncenter\" src=\"https:\/\/nebraskadem.wpenginepowered.com\/wp-content\/uploads\/2020\/12\/Precious-mug-200x300.jpg\" alt=\"\" width=\"200\" height=\"300\" srcset=\"https:\/\/nebraskademocrats.org\/wp-content\/uploads\/2020\/12\/elementor\/thumbs\/Precious-mug-qn27qdgoot7on5u9x2qh0wa1y2fqhuc7jfkik18reg.jpg 200w, https:\/\/nebraskademocrats.org\/wp-content\/uploads\/2020\/12\/Precious-mug-8x12.jpg 8w, https:\/\/nebraskademocrats.org\/wp-content\/uploads\/2020\/12\/Precious-mug.jpg 427w\" sizes=\"(max-width: 200px) 100vw, 200px\" \/><\/p>","protected":false},"excerpt":{"rendered":"<p>The NDP Elector for the Second Congressional District, Precious McKesson, on Monday became the first woman and the first African American to cast an Electoral College ballot for a Democrat in Nebraska. McKesson joined Nebraska\u2019s four other presidential electors to cast their votes during a ceremony at the Capitol. \u201cI am beyond thrilled to have &#8230; <a title=\"Precious McKesson l\u00e0m n\u00ean l\u1ecbch s\u1eed v\u1edbi t\u01b0 c\u00e1ch l\u00e0 ng\u01b0\u1eddi ph\u1ee5 n\u1eef \u0111\u1ea7u ti\u00ean v\u00e0 ng\u01b0\u1eddi M\u1ef9 g\u1ed1c Phi \u0111\u1ea7u ti\u00ean b\u1ecf phi\u1ebfu b\u1ea7u c\u1eed cho m\u1ed9t \u0111\u1ea3ng vi\u00ean D\u00e2n ch\u1ee7 \u1edf Nebraska\" class=\"read-more\" href=\"https:\/\/nebraskademocrats.org\/vi\/press-releases\/precious-mckesson-makes-history-as-the-first-woman-and-first-african-american-to-cast-electoral-ballot-for-a-democrat-in-nebraska\/\" aria-label=\"More on Precious McKesson makes history as the first woman and first African American to cast Electoral Ballot for a Democrat in Nebraska\">\u0110\u1ecdc th\u00eam<\/a><\/p>","protected":false},"author":19,"featured_media":0,"comment_status":"closed","ping_status":"closed","sticky":false,"template":"","format":"standard","meta":{"_acf_changed":false,"_exactmetrics_skip_tracking":false,"_exactmetrics_sitenote_active":false,"_exactmetrics_sitenote_note":"","_exactmetrics_sitenote_category":0,"footnotes":""},"categories":[1,4],"tags":[],"class_list":["post-28324","post","type-post","status-publish","format-standard","hentry","category-blog","category-press-releases"],"acf":[],"yoast_head":"<!-- This site is optimized with the Yoast SEO plugin v27.4 - https:\/\/yoast.com\/product\/yoast-seo-wordpress\/ -->\n<title>Precious McKesson makes history as the first woman and first African American to cast Electoral Ballot for a Democrat in Nebraska &#8211; Nebraska Democratic Party<\/title>\n<meta name=\"robots\" content=\"index, follow, max-snippet:-1, max-image-preview:large, max-video-preview:-1\" \/>\n<link rel=\"canonical\" href=\"https:\/\/nebraskademocrats.org\/vi\/press-releases\/precious-mckesson-makes-history-as-the-first-woman-and-first-african-american-to-cast-electoral-ballot-for-a-democrat-in-nebraska\/\" \/>\n<meta property=\"og:locale\" content=\"vi_VN\" \/>\n<meta property=\"og:type\" content=\"article\" \/>\n<meta property=\"og:title\" content=\"Precious McKesson makes history as the first woman and first African American to cast Electoral Ballot for a Democrat in Nebraska &#8211; Nebraska Democratic Party\" \/>\n<meta property=\"og:description\" content=\"The NDP Elector for the Second Congressional District, Precious McKesson, on Monday became the first woman and the first African American to cast an Electoral College ballot for a Democrat in Nebraska. McKesson joined Nebraska\u2019s four other presidential electors to cast their votes during a ceremony at the Capitol. \u201cI am beyond thrilled to have ... Read more\" \/>\n<meta property=\"og:url\" content=\"https:\/\/nebraskademocrats.org\/vi\/press-releases\/precious-mckesson-makes-history-as-the-first-woman-and-first-african-american-to-cast-electoral-ballot-for-a-democrat-in-nebraska\/\" \/>\n<meta property=\"og:site_name\" content=\"Nebraska Democratic Party\" \/>\n<meta property=\"article:publisher\" content=\"https:\/\/www.facebook.com\/NebraskaDemocraticParty\/\" \/>\n<meta property=\"article:published_time\" content=\"2020-12-14T20:52:41+00:00\" \/>\n<meta property=\"og:image\" content=\"https:\/\/nebraskadem.wpenginepowered.com\/wp-content\/uploads\/2020\/12\/The_Elector-225x300.jpg\" \/>\n<meta name=\"author\" content=\"Precious McKesson\" \/>\n<meta name=\"twitter:card\" content=\"summary_large_image\" \/>\n<meta name=\"twitter:creator\" content=\"@nebraskadems\" \/>\n<meta name=\"twitter:site\" content=\"@nebraskadems\" \/>\n<meta name=\"twitter:label1\" content=\"\u0110\u01b0\u1ee3c vi\u1ebft b\u1edfi\" \/>\n\t<meta name=\"twitter:data1\" content=\"Precious McKesson\" \/>\n\t<meta name=\"twitter:label2\" content=\"\u01af\u1edbc t\u00ednh th\u1eddi gian \u0111\u1ecdc\" \/>\n\t<meta name=\"twitter:data2\" content=\"1 ph\u00fat\" \/>\n<script type=\"application\/ld+json\" class=\"yoast-schema-graph\">{\"@context\":\"https:\\\/\\\/schema.org\",\"@graph\":[{\"@type\":\"Article\",\"@id\":\"https:\\\/\\\/nebraskademocrats.org\\\/press-releases\\\/precious-mckesson-makes-history-as-the-first-woman-and-first-african-american-to-cast-electoral-ballot-for-a-democrat-in-nebraska\\\/#article\",\"isPartOf\":{\"@id\":\"https:\\\/\\\/nebraskademocrats.org\\\/press-releases\\\/precious-mckesson-makes-history-as-the-first-woman-and-first-african-american-to-cast-electoral-ballot-for-a-democrat-in-nebraska\\\/\"},\"author\":{\"name\":\"Precious McKesson\",\"@id\":\"https:\\\/\\\/nebraskademocrats.org\\\/#\\\/schema\\\/person\\\/33e011ea0795f404810dc40828bcf289\"},\"headline\":\"Precious McKesson makes history as the first woman and first African American to cast Electoral Ballot for a Democrat in Nebraska\",\"datePublished\":\"2020-12-14T20:52:41+00:00\",\"mainEntityOfPage\":{\"@id\":\"https:\\\/\\\/nebraskademocrats.org\\\/press-releases\\\/precious-mckesson-makes-history-as-the-first-woman-and-first-african-american-to-cast-electoral-ballot-for-a-democrat-in-nebraska\\\/\"},\"wordCount\":263,\"publisher\":{\"@id\":\"https:\\\/\\\/nebraskademocrats.org\\\/#organization\"},\"image\":{\"@id\":\"https:\\\/\\\/nebraskademocrats.org\\\/press-releases\\\/precious-mckesson-makes-history-as-the-first-woman-and-first-african-american-to-cast-electoral-ballot-for-a-democrat-in-nebraska\\\/#primaryimage\"},\"thumbnailUrl\":\"https:\\\/\\\/nebraskadem.wpenginepowered.com\\\/wp-content\\\/uploads\\\/2020\\\/12\\\/The_Elector-225x300.jpg\",\"articleSection\":[\"NDP Blog\",\"Press Releases\"],\"inLanguage\":\"vi\"},{\"@type\":\"WebPage\",\"@id\":\"https:\\\/\\\/nebraskademocrats.org\\\/press-releases\\\/precious-mckesson-makes-history-as-the-first-woman-and-first-african-american-to-cast-electoral-ballot-for-a-democrat-in-nebraska\\\/\",\"url\":\"https:\\\/\\\/nebraskademocrats.org\\\/press-releases\\\/precious-mckesson-makes-history-as-the-first-woman-and-first-african-american-to-cast-electoral-ballot-for-a-democrat-in-nebraska\\\/\",\"name\":\"Precious McKesson makes history as the first woman and first African American to cast Electoral Ballot for a Democrat in Nebraska &#8211; Nebraska Democratic Party\",\"isPartOf\":{\"@id\":\"https:\\\/\\\/nebraskademocrats.org\\\/#website\"},\"primaryImageOfPage\":{\"@id\":\"https:\\\/\\\/nebraskademocrats.org\\\/press-releases\\\/precious-mckesson-makes-history-as-the-first-woman-and-first-african-american-to-cast-electoral-ballot-for-a-democrat-in-nebraska\\\/#primaryimage\"},\"image\":{\"@id\":\"https:\\\/\\\/nebraskademocrats.org\\\/press-releases\\\/precious-mckesson-makes-history-as-the-first-woman-and-first-african-american-to-cast-electoral-ballot-for-a-democrat-in-nebraska\\\/#primaryimage\"},\"thumbnailUrl\":\"https:\\\/\\\/nebraskadem.wpenginepowered.com\\\/wp-content\\\/uploads\\\/2020\\\/12\\\/The_Elector-225x300.jpg\",\"datePublished\":\"2020-12-14T20:52:41+00:00\",\"breadcrumb\":{\"@id\":\"https:\\\/\\\/nebraskademocrats.org\\\/press-releases\\\/precious-mckesson-makes-history-as-the-first-woman-and-first-african-american-to-cast-electoral-ballot-for-a-democrat-in-nebraska\\\/#breadcrumb\"},\"inLanguage\":\"vi\",\"potentialAction\":[{\"@type\":\"ReadAction\",\"target\":[\"https:\\\/\\\/nebraskademocrats.org\\\/press-releases\\\/precious-mckesson-makes-history-as-the-first-woman-and-first-african-american-to-cast-electoral-ballot-for-a-democrat-in-nebraska\\\/\"]}]},{\"@type\":\"ImageObject\",\"inLanguage\":\"vi\",\"@id\":\"https:\\\/\\\/nebraskademocrats.org\\\/press-releases\\\/precious-mckesson-makes-history-as-the-first-woman-and-first-african-american-to-cast-electoral-ballot-for-a-democrat-in-nebraska\\\/#primaryimage\",\"url\":\"https:\\\/\\\/nebraskadem.wpenginepowered.com\\\/wp-content\\\/uploads\\\/2020\\\/12\\\/The_Elector-225x300.jpg\",\"contentUrl\":\"https:\\\/\\\/nebraskadem.wpenginepowered.com\\\/wp-content\\\/uploads\\\/2020\\\/12\\\/The_Elector-225x300.jpg\"},{\"@type\":\"BreadcrumbList\",\"@id\":\"https:\\\/\\\/nebraskademocrats.org\\\/press-releases\\\/precious-mckesson-makes-history-as-the-first-woman-and-first-african-american-to-cast-electoral-ballot-for-a-democrat-in-nebraska\\\/#breadcrumb\",\"itemListElement\":[{\"@type\":\"ListItem\",\"position\":1,\"name\":\"Home\",\"item\":\"https:\\\/\\\/nebraskademocrats.org\\\/\"},{\"@type\":\"ListItem\",\"position\":2,\"name\":\"Precious McKesson makes history as the first woman and first African American to cast Electoral Ballot for a Democrat in Nebraska\"}]},{\"@type\":\"WebSite\",\"@id\":\"https:\\\/\\\/nebraskademocrats.org\\\/#website\",\"url\":\"https:\\\/\\\/nebraskademocrats.org\\\/\",\"name\":\"Nebraska Democratic Party\",\"description\":\"Growing the Good Life for All Nebraskans\",\"publisher\":{\"@id\":\"https:\\\/\\\/nebraskademocrats.org\\\/#organization\"},\"potentialAction\":[{\"@type\":\"SearchAction\",\"target\":{\"@type\":\"EntryPoint\",\"urlTemplate\":\"https:\\\/\\\/nebraskademocrats.org\\\/?s={search_term_string}\"},\"query-input\":{\"@type\":\"PropertyValueSpecification\",\"valueRequired\":true,\"valueName\":\"search_term_string\"}}],\"inLanguage\":\"vi\"},{\"@type\":\"Organization\",\"@id\":\"https:\\\/\\\/nebraskademocrats.org\\\/#organization\",\"name\":\"Nebraska Democratic Party\",\"url\":\"https:\\\/\\\/nebraskademocrats.org\\\/\",\"logo\":{\"@type\":\"ImageObject\",\"inLanguage\":\"vi\",\"@id\":\"https:\\\/\\\/nebraskademocrats.org\\\/#\\\/schema\\\/logo\\\/image\\\/\",\"url\":\"https:\\\/\\\/nebraskadem.wpenginepowered.com\\\/wp-content\\\/uploads\\\/2016\\\/05\\\/NDP2.jpg\",\"contentUrl\":\"https:\\\/\\\/nebraskadem.wpenginepowered.com\\\/wp-content\\\/uploads\\\/2016\\\/05\\\/NDP2.jpg\",\"width\":1000,\"height\":396,\"caption\":\"Nebraska Democratic Party\"},\"image\":{\"@id\":\"https:\\\/\\\/nebraskademocrats.org\\\/#\\\/schema\\\/logo\\\/image\\\/\"},\"sameAs\":[\"https:\\\/\\\/www.facebook.com\\\/NebraskaDemocraticParty\\\/\",\"https:\\\/\\\/x.com\\\/nebraskadems\"]},{\"@type\":\"Person\",\"@id\":\"https:\\\/\\\/nebraskademocrats.org\\\/#\\\/schema\\\/person\\\/33e011ea0795f404810dc40828bcf289\",\"name\":\"Precious McKesson\",\"image\":{\"@type\":\"ImageObject\",\"inLanguage\":\"vi\",\"@id\":\"https:\\\/\\\/secure.gravatar.com\\\/avatar\\\/35046e19b3373116ec64c07d386d3312028d3820dc0ffe65c344bcebc8ea9194?s=96&d=mm&r=g\",\"url\":\"https:\\\/\\\/secure.gravatar.com\\\/avatar\\\/35046e19b3373116ec64c07d386d3312028d3820dc0ffe65c344bcebc8ea9194?s=96&d=mm&r=g\",\"contentUrl\":\"https:\\\/\\\/secure.gravatar.com\\\/avatar\\\/35046e19b3373116ec64c07d386d3312028d3820dc0ffe65c344bcebc8ea9194?s=96&d=mm&r=g\",\"caption\":\"Precious McKesson\"}}]}<\/script>\n<!-- \/ Yoast SEO plugin. -->","yoast_head_json":{"title":"Precious McKesson makes history as the first woman and first African American to cast Electoral Ballot for a Democrat in Nebraska &#8211; Nebraska Democratic Party","robots":{"index":"index","follow":"follow","max-snippet":"max-snippet:-1","max-image-preview":"max-image-preview:large","max-video-preview":"max-video-preview:-1"},"canonical":"https:\/\/nebraskademocrats.org\/vi\/press-releases\/precious-mckesson-makes-history-as-the-first-woman-and-first-african-american-to-cast-electoral-ballot-for-a-democrat-in-nebraska\/","og_locale":"vi_VN","og_type":"article","og_title":"Precious McKesson makes history as the first woman and first African American to cast Electoral Ballot for a Democrat in Nebraska &#8211; Nebraska Democratic Party","og_description":"The NDP Elector for the Second Congressional District, Precious McKesson, on Monday became the first woman and the first African American to cast an Electoral College ballot for a Democrat in Nebraska. McKesson joined Nebraska\u2019s four other presidential electors to cast their votes during a ceremony at the Capitol. \u201cI am beyond thrilled to have ... Read more","og_url":"https:\/\/nebraskademocrats.org\/vi\/press-releases\/precious-mckesson-makes-history-as-the-first-woman-and-first-african-american-to-cast-electoral-ballot-for-a-democrat-in-nebraska\/","og_site_name":"Nebraska Democratic Party","article_publisher":"https:\/\/www.facebook.com\/NebraskaDemocraticParty\/","article_published_time":"2020-12-14T20:52:41+00:00","og_image":[{"url":"https:\/\/nebraskadem.wpenginepowered.com\/wp-content\/uploads\/2020\/12\/The_Elector-225x300.jpg","type":"","width":"","height":""}],"author":"Precious McKesson","twitter_card":"summary_large_image","twitter_creator":"@nebraskadems","twitter_site":"@nebraskadems","twitter_misc":{"\u0110\u01b0\u1ee3c vi\u1ebft b\u1edfi":"Precious McKesson","\u01af\u1edbc t\u00ednh th\u1eddi gian \u0111\u1ecdc":"1 ph\u00fat"},"schema":{"@context":"https:\/\/schema.org","@graph":[{"@type":"Article","@id":"https:\/\/nebraskademocrats.org\/press-releases\/precious-mckesson-makes-history-as-the-first-woman-and-first-african-american-to-cast-electoral-ballot-for-a-democrat-in-nebraska\/#article","isPartOf":{"@id":"https:\/\/nebraskademocrats.org\/press-releases\/precious-mckesson-makes-history-as-the-first-woman-and-first-african-american-to-cast-electoral-ballot-for-a-democrat-in-nebraska\/"},"author":{"name":"Precious McKesson","@id":"https:\/\/nebraskademocrats.org\/#\/schema\/person\/33e011ea0795f404810dc40828bcf289"},"headline":"Precious McKesson makes history as the first woman and first African American to cast Electoral Ballot for a Democrat in Nebraska","datePublished":"2020-12-14T20:52:41+00:00","mainEntityOfPage":{"@id":"https:\/\/nebraskademocrats.org\/press-releases\/precious-mckesson-makes-history-as-the-first-woman-and-first-african-american-to-cast-electoral-ballot-for-a-democrat-in-nebraska\/"},"wordCount":263,"publisher":{"@id":"https:\/\/nebraskademocrats.org\/#organization"},"image":{"@id":"https:\/\/nebraskademocrats.org\/press-releases\/precious-mckesson-makes-history-as-the-first-woman-and-first-african-american-to-cast-electoral-ballot-for-a-democrat-in-nebraska\/#primaryimage"},"thumbnailUrl":"https:\/\/nebraskadem.wpenginepowered.com\/wp-content\/uploads\/2020\/12\/The_Elector-225x300.jpg","articleSection":["NDP Blog","Press Releases"],"inLanguage":"vi"},{"@type":"WebPage","@id":"https:\/\/nebraskademocrats.org\/press-releases\/precious-mckesson-makes-history-as-the-first-woman-and-first-african-american-to-cast-electoral-ballot-for-a-democrat-in-nebraska\/","url":"https:\/\/nebraskademocrats.org\/press-releases\/precious-mckesson-makes-history-as-the-first-woman-and-first-african-american-to-cast-electoral-ballot-for-a-democrat-in-nebraska\/","name":"Precious McKesson makes history as the first woman and first African American to cast Electoral Ballot for a Democrat in Nebraska &#8211; Nebraska Democratic Party","isPartOf":{"@id":"https:\/\/nebraskademocrats.org\/#website"},"primaryImageOfPage":{"@id":"https:\/\/nebraskademocrats.org\/press-releases\/precious-mckesson-makes-history-as-the-first-woman-and-first-african-american-to-cast-electoral-ballot-for-a-democrat-in-nebraska\/#primaryimage"},"image":{"@id":"https:\/\/nebraskademocrats.org\/press-releases\/precious-mckesson-makes-history-as-the-first-woman-and-first-african-american-to-cast-electoral-ballot-for-a-democrat-in-nebraska\/#primaryimage"},"thumbnailUrl":"https:\/\/nebraskadem.wpenginepowered.com\/wp-content\/uploads\/2020\/12\/The_Elector-225x300.jpg","datePublished":"2020-12-14T20:52:41+00:00","breadcrumb":{"@id":"https:\/\/nebraskademocrats.org\/press-releases\/precious-mckesson-makes-history-as-the-first-woman-and-first-african-american-to-cast-electoral-ballot-for-a-democrat-in-nebraska\/#breadcrumb"},"inLanguage":"vi","potentialAction":[{"@type":"ReadAction","target":["https:\/\/nebraskademocrats.org\/press-releases\/precious-mckesson-makes-history-as-the-first-woman-and-first-african-american-to-cast-electoral-ballot-for-a-democrat-in-nebraska\/"]}]},{"@type":"ImageObject","inLanguage":"vi","@id":"https:\/\/nebraskademocrats.org\/press-releases\/precious-mckesson-makes-history-as-the-first-woman-and-first-african-american-to-cast-electoral-ballot-for-a-democrat-in-nebraska\/#primaryimage","url":"https:\/\/nebraskadem.wpenginepowered.com\/wp-content\/uploads\/2020\/12\/The_Elector-225x300.jpg","contentUrl":"https:\/\/nebraskadem.wpenginepowered.com\/wp-content\/uploads\/2020\/12\/The_Elector-225x300.jpg"},{"@type":"BreadcrumbList","@id":"https:\/\/nebraskademocrats.org\/press-releases\/precious-mckesson-makes-history-as-the-first-woman-and-first-african-american-to-cast-electoral-ballot-for-a-democrat-in-nebraska\/#breadcrumb","itemListElement":[{"@type":"ListItem","position":1,"name":"Home","item":"https:\/\/nebraskademocrats.org\/"},{"@type":"ListItem","position":2,"name":"Precious McKesson makes history as the first woman and first African American to cast Electoral Ballot for a Democrat in Nebraska"}]},{"@type":"WebSite","@id":"https:\/\/nebraskademocrats.org\/#website","url":"https:\/\/nebraskademocrats.org\/","name":"Nebraska Democratic Party","description":"Ph\u00e1t tri\u1ec3n cu\u1ed9c s\u1ed1ng t\u1ed1t \u0111\u1eb9p cho t\u1ea5t c\u1ea3 Nebraskans","publisher":{"@id":"https:\/\/nebraskademocrats.org\/#organization"},"potentialAction":[{"@type":"SearchAction","target":{"@type":"EntryPoint","urlTemplate":"https:\/\/nebraskademocrats.org\/?s={search_term_string}"},"query-input":{"@type":"PropertyValueSpecification","valueRequired":true,"valueName":"search_term_string"}}],"inLanguage":"vi"},{"@type":"Organization","@id":"https:\/\/nebraskademocrats.org\/#organization","name":"Nebraska Democratic Party","url":"https:\/\/nebraskademocrats.org\/","logo":{"@type":"ImageObject","inLanguage":"vi","@id":"https:\/\/nebraskademocrats.org\/#\/schema\/logo\/image\/","url":"https:\/\/nebraskadem.wpenginepowered.com\/wp-content\/uploads\/2016\/05\/NDP2.jpg","contentUrl":"https:\/\/nebraskadem.wpenginepowered.com\/wp-content\/uploads\/2016\/05\/NDP2.jpg","width":1000,"height":396,"caption":"Nebraska Democratic Party"},"image":{"@id":"https:\/\/nebraskademocrats.org\/#\/schema\/logo\/image\/"},"sameAs":["https:\/\/www.facebook.com\/NebraskaDemocraticParty\/","https:\/\/x.com\/nebraskadems"]},{"@type":"Person","@id":"https:\/\/nebraskademocrats.org\/#\/schema\/person\/33e011ea0795f404810dc40828bcf289","name":"McKesson qu\u00fd gi\u00e1","image":{"@type":"ImageObject","inLanguage":"vi","@id":"https:\/\/secure.gravatar.com\/avatar\/35046e19b3373116ec64c07d386d3312028d3820dc0ffe65c344bcebc8ea9194?s=96&d=mm&r=g","url":"https:\/\/secure.gravatar.com\/avatar\/35046e19b3373116ec64c07d386d3312028d3820dc0ffe65c344bcebc8ea9194?s=96&d=mm&r=g","contentUrl":"https:\/\/secure.gravatar.com\/avatar\/35046e19b3373116ec64c07d386d3312028d3820dc0ffe65c344bcebc8ea9194?s=96&d=mm&r=g","caption":"Precious McKesson"}}]}},"_links":{"self":[{"href":"https:\/\/nebraskademocrats.org\/vi\/wp-json\/wp\/v2\/posts\/28324","targetHints":{"allow":["GET"]}}],"collection":[{"href":"https:\/\/nebraskademocrats.org\/vi\/wp-json\/wp\/v2\/posts"}],"about":[{"href":"https:\/\/nebraskademocrats.org\/vi\/wp-json\/wp\/v2\/types\/post"}],"author":[{"embeddable":true,"href":"https:\/\/nebraskademocrats.org\/vi\/wp-json\/wp\/v2\/users\/19"}],"replies":[{"embeddable":true,"href":"https:\/\/nebraskademocrats.org\/vi\/wp-json\/wp\/v2\/comments?post=28324"}],"version-history":[{"count":0,"href":"https:\/\/nebraskademocrats.org\/vi\/wp-json\/wp\/v2\/posts\/28324\/revisions"}],"wp:attachment":[{"href":"https:\/\/nebraskademocrats.org\/vi\/wp-json\/wp\/v2\/media?parent=28324"}],"wp:term":[{"taxonomy":"category","embeddable":true,"href":"https:\/\/nebraskademocrats.org\/vi\/wp-json\/wp\/v2\/categories?post=28324"},{"taxonomy":"post_tag","embeddable":true,"href":"https:\/\/nebraskademocrats.org\/vi\/wp-json\/wp\/v2\/tags?post=28324"}],"curies":[{"name":"wp","href":"https:\/\/api.w.org\/{rel}","templated":true}]}}