{"id":29241,"date":"2021-01-06T15:34:42","date_gmt":"2021-01-06T21:34:42","guid":{"rendered":"https:\/\/nebraskadem.wpenginepowered.com\/?p=29241"},"modified":"2021-01-06T18:38:59","modified_gmt":"2021-01-07T00:38:59","slug":"press-release-ndp-condemns-trump-protesters-who-broke-into-capitol","status":"publish","type":"post","link":"https:\/\/nebraskademocrats.org\/vi\/press-releases\/press-release-ndp-condemns-trump-protesters-who-broke-into-capitol\/","title":{"rendered":"Th\u00f4ng c\u00e1o b\u00e1o ch\u00ed: NDP l\u00ean \u00e1n nh\u1eefng k\u1ebb b\u1ea1o lo\u1ea1n \u1ee7ng h\u1ed9 Trump \u0111\u00e3 \u0111\u1ed9t nh\u1eadp v\u00e0o \u0110i\u1ec7n Capitol"},"content":{"rendered":"<p><span style=\"font-weight: 400;\">Ch\u1ee7 t\u1ecbch NDP Jane Kleeb v\u00e0 Nebraska Democratic Party \u0111\u00e3 l\u00ean \u00e1n h\u00e0nh \u0111\u1ed9ng c\u1ee7a m\u1ed9t \u0111\u00e1m \u0111\u00f4ng nh\u1eefng ng\u01b0\u1eddi \u1ee7ng h\u1ed9 T\u1ed5ng th\u1ed1ng Trump \u0111\u00e3 vi ph\u1ea1m an ninh v\u00e0 \u0111\u1ed9t nh\u1eadp v\u00e0o \u0110i\u1ec7n Capitol c\u1ee7a Hoa K\u1ef3 h\u00f4m th\u1ee9 T\u01b0 v\u1edbi ni\u1ec1m tin r\u1eb1ng Trump kh\u00f4ng th\u1ef1c s\u1ef1 thua cu\u1ed9c b\u1ea7u c\u1eed ng\u00e0y 3 th\u00e1ng 11 tr\u01b0\u1edbc T\u1ed5ng th\u1ed1ng \u0111\u1eafc c\u1eed Joe Biden.<\/span><\/p>\n<p><span style=\"font-weight: 400;\">Trump - ng\u01b0\u1eddi \u0111\u00e3 thua cu\u1ed9c b\u1ecf phi\u1ebfu ph\u1ed5 th\u00f4ng v\u00e0 \u0111\u1ea1i c\u1eed tri \u0111o\u00e0n - ti\u1ebfp t\u1ee5c tranh ch\u1ea5p k\u1ebft qu\u1ea3 m\u00e0 kh\u00f4ng c\u00f3 b\u1eb1ng ch\u1ee9ng, v\u00e0 \u0111\u00e3 khuy\u1ebfn kh\u00edch nh\u1eefng ng\u01b0\u1eddi \u1ee7ng h\u1ed9 c\u1ee7a m\u00ecnh tham d\u1ef1 c\u00e1c cu\u1ed9c bi\u1ec3u t\u00ecnh \u1edf th\u1ee7 \u0111\u00f4 c\u1ee7a qu\u1ed1c gia, <\/span><a href=\"https:\/\/www.washingtonpost.com\/dc-md-va\/2021\/01\/06\/dc-protests-trump-rally-live-updates\/\"><span style=\"font-weight: 400;\">theo b\u00e1o c\u00e1o tin t\u1ee9c<\/span><\/a><span style=\"font-weight: 400;\">. Sau khi Trump ph\u00e1t bi\u1ec3u tr\u01b0\u1edbc nh\u1eefng ng\u01b0\u1eddi bi\u1ec3u t\u00ecnh, h\u00e0ng ch\u1ee5c ng\u01b0\u1eddi trong s\u1ed1 h\u1ecd \u0111\u00e3 x\u00f4ng v\u00e0o \u0110i\u1ec7n Capitol. M\u1ed9t ng\u01b0\u1eddi bi\u1ec3u t\u00ecnh \u0111\u00e3 b\u1ecb b\u1eafn.<\/span><\/p>\n<p><span style=\"font-weight: 400;\">\u201cB\u1ea1o l\u1ef1c kh\u1ee7ng khi\u1ebfp m\u00e0 ch\u00fang ta \u0111ang ch\u1ee9ng ki\u1ebfn l\u00e0 l\u1ed7i c\u1ee7a Trump v\u00e0 nh\u1eefng ng\u01b0\u1eddi h\u1ed7 tr\u1ee3 GOP c\u1ee7a \u00f4ng \u1ea5y - bao g\u1ed3m c\u00e1c H\u1ea1 ngh\u1ecb s\u0129 Don Bacon, Jeff Fortenberry v\u00e0 Adrian Smith c\u00f9ng v\u1edbi c\u00e1c Th\u01b0\u1ee3ng ngh\u1ecb s\u0129 Sasse v\u00e0 Fischer,\u201d Kleeb n\u00f3i. \u201cTrump \u0111\u00e3 g\u00e2y ra s\u1ef1 t\u1ee9c gi\u1eadn trong nh\u1eefng ng\u01b0\u1eddi \u1ee7ng h\u1ed9 b\u1eb1ng c\u00e1ch l\u1eb7p l\u1ea1i m\u1ed9t c\u00e1ch sai l\u1ea7m \u00fd ki\u1ebfn c\u1ee7a m\u00ecnh r\u1eb1ng cu\u1ed9c b\u1ea7u c\u1eed \u0111\u00e3 \u0111\u01b0\u1ee3c gian l\u1eadn ch\u1ed1ng l\u1ea1i \u00f4ng \u1ea5y. N\u01b0\u1edbc M\u1ef9 t\u1ed1t h\u01a1n h\u00e0nh vi n\u00e0y c\u1ee7a \u0110\u1ea3ng C\u1ed9ng h\u00f2a cho d\u00f9 h\u1ecd c\u1ed1 g\u1eafng g\u1eedi d\u00f2ng tweet n\u00e0o l\u00fac n\u00e0y \u201d.<\/span><\/p>\n<p><span style=\"font-weight: 400;\">\u201cNh\u1eefng ng\u01b0\u1eddi ng\u1ed3i tr\u00ean xe l\u0103n \u0111\u00e3 b\u1ecb b\u1eaft v\u00e0o n\u0103m 2017 khi h\u1ecd \u0111ang \u00f4n h\u00f2a v\u00ec h\u1ecd ph\u1ea3n \u0111\u1ed1i vi\u1ec7c kh\u00f4ng \u0111\u01b0\u1ee3c ti\u1ebfp c\u1eadn d\u1ecbch v\u1ee5 ch\u0103m s\u00f3c s\u1ee9c kh\u1ecfe,\u201d Kleeb n\u00f3i \u201cNh\u01b0ng nh\u1eefng t\u00ean c\u00f4n \u0111\u1ed3 b\u1ea1o l\u1ef1c c\u1ee7a \u0110\u1ea3ng C\u1ed9ng h\u00f2a \u0111\u01b0\u1ee3c ph\u00e9p x\u00f4ng v\u00e0o t\u00f2a nh\u00e0? \u0110\u1ea3ng C\u1ed9ng h\u00f2a \u0111\u00e3 m\u1ee5c ru\u1ed7ng \u0111\u1ebfn t\u1eadn c\u1ed1t l\u00f5i. Trump v\u00e0 \u0111\u1ea3ng C\u1ed9ng h\u00f2a \u0111\u00e3 d\u00e0nh b\u1ed1n n\u0103m qua v\u00e0 h\u00e0ng tr\u0103m tri\u1ec7u \u0111\u00f4 la \u0111\u1ec3 v\u1ebd c\u00e1c \u0111\u1ea3ng vi\u00ean D\u00e2n ch\u1ee7 v\u00e0 nh\u1eefng ng\u01b0\u1eddi t\u1ed1t thu\u1ed9c v\u1ec1 \u0111\u1ea3ng c\u1ee7a ch\u00fang ta l\u00e0 x\u1ea5u xa v\u00e0 c\u1ea5p ti\u1ebfn - bi\u1ebft r\u00f5 r\u1eb1ng Trump v\u00e0 \u0110\u1ea3ng C\u1ed9ng h\u00f2a \u0111ang k\u00edch \u0111\u1ed9ng s\u1ef1 t\u1ee9c gi\u1eadn gi\u1eefa c\u01a1 s\u1edf c\u1ea5p ti\u1ebfn c\u1ee7a \u00f4ng ta s\u1ebd l\u00e3nh \u0111\u1ea1o cho \u0111\u1ebfn ng\u00e0y nay, \u201dKleeb n\u00f3i. \u201cGOP n\u1ee3 ng\u01b0\u1eddi M\u1ef9 m\u1ed9t l\u1eddi xin l\u1ed7i v\u00ec h\u00e0nh vi kinh t\u1edfm m\u00e0 h\u1ecd \u0111\u00e3 k\u00edch ho\u1ea1t. Kh\u00f4ng c\u00f3 g\u00ec v\u01b0\u1ee3t qu\u00e1 \u0111i\u1ec1u n\u00e0y. Kh\u00f4ng c\u00f3 c\u00e1ch n\u00e0o kh\u00e1c. \u0110\u1ea3ng C\u1ed9ng h\u00f2a ph\u1ea3i s\u1edf h\u1eefu h\u00e0nh vi m\u00e0 h\u1ecd \u0111\u00e3 k\u00edch ho\u1ea1t t\u1eeb c\u01a1 s\u1edf c\u1ea5p ti\u1ebfn c\u1ee7a h\u1ecd \u201d.<\/span><\/p>","protected":false},"excerpt":{"rendered":"<p>NDP Chair Jane Kleeb and the Nebraska Democratic Party condemned the actions of a throng of President Trump supporters who breached security and broke into the U.S. Capitol on Wednesday under the belief that\u00a0 Trump did not actually lose the Nov. 3 election to President-elect Joe Biden. Trump \u2014 who lost the popular and electoral &#8230; <a title=\"Th\u00f4ng c\u00e1o b\u00e1o ch\u00ed: NDP l\u00ean \u00e1n nh\u1eefng k\u1ebb b\u1ea1o lo\u1ea1n \u1ee7ng h\u1ed9 Trump \u0111\u00e3 \u0111\u1ed9t nh\u1eadp v\u00e0o \u0110i\u1ec7n Capitol\" class=\"read-more\" href=\"https:\/\/nebraskademocrats.org\/vi\/press-releases\/press-release-ndp-condemns-trump-protesters-who-broke-into-capitol\/\" aria-label=\"More on Press release: NDP condemns pro-Trump rioters who broke into Capitol\">\u0110\u1ecdc th\u00eam<\/a><\/p>","protected":false},"author":19,"featured_media":0,"comment_status":"closed","ping_status":"closed","sticky":false,"template":"","format":"standard","meta":{"_acf_changed":false,"_exactmetrics_skip_tracking":false,"_exactmetrics_sitenote_active":false,"_exactmetrics_sitenote_note":"","_exactmetrics_sitenote_category":0,"footnotes":""},"categories":[4],"tags":[],"class_list":["post-29241","post","type-post","status-publish","format-standard","hentry","category-press-releases"],"acf":[],"yoast_head":"<!-- This site is optimized with the Yoast SEO plugin v27.4 - https:\/\/yoast.com\/product\/yoast-seo-wordpress\/ -->\n<title>Press release: NDP condemns pro-Trump rioters who broke into Capitol &#8211; Nebraska Democratic Party<\/title>\n<meta name=\"robots\" content=\"index, follow, max-snippet:-1, max-image-preview:large, max-video-preview:-1\" \/>\n<link rel=\"canonical\" href=\"https:\/\/nebraskademocrats.org\/vi\/press-releases\/press-release-ndp-condemns-trump-protesters-who-broke-into-capitol\/\" \/>\n<meta property=\"og:locale\" content=\"vi_VN\" \/>\n<meta property=\"og:type\" content=\"article\" \/>\n<meta property=\"og:title\" content=\"Press release: NDP condemns pro-Trump rioters who broke into Capitol &#8211; Nebraska Democratic Party\" \/>\n<meta property=\"og:description\" content=\"NDP Chair Jane Kleeb and the Nebraska Democratic Party condemned the actions of a throng of President Trump supporters who breached security and broke into the U.S. Capitol on Wednesday under the belief that\u00a0 Trump did not actually lose the Nov. 3 election to President-elect Joe Biden. Trump \u2014 who lost the popular and electoral ... Read more\" \/>\n<meta property=\"og:url\" content=\"https:\/\/nebraskademocrats.org\/vi\/press-releases\/press-release-ndp-condemns-trump-protesters-who-broke-into-capitol\/\" \/>\n<meta property=\"og:site_name\" content=\"Nebraska Democratic Party\" \/>\n<meta property=\"article:publisher\" content=\"https:\/\/www.facebook.com\/NebraskaDemocraticParty\/\" \/>\n<meta property=\"article:published_time\" content=\"2021-01-06T21:34:42+00:00\" \/>\n<meta property=\"article:modified_time\" content=\"2021-01-07T00:38:59+00:00\" \/>\n<meta property=\"og:image\" content=\"https:\/\/nebraskademocrats.org\/wp-content\/uploads\/2018\/09\/ne-dems-fb.jpg\" \/>\n\t<meta property=\"og:image:width\" content=\"1200\" \/>\n\t<meta property=\"og:image:height\" content=\"630\" \/>\n\t<meta property=\"og:image:type\" content=\"image\/jpeg\" \/>\n<meta name=\"author\" content=\"Precious McKesson\" \/>\n<meta name=\"twitter:card\" content=\"summary_large_image\" \/>\n<meta name=\"twitter:creator\" content=\"@nebraskadems\" \/>\n<meta name=\"twitter:site\" content=\"@nebraskadems\" \/>\n<meta name=\"twitter:label1\" content=\"\u0110\u01b0\u1ee3c vi\u1ebft b\u1edfi\" \/>\n\t<meta name=\"twitter:data1\" content=\"Precious McKesson\" \/>\n\t<meta name=\"twitter:label2\" content=\"\u01af\u1edbc t\u00ednh th\u1eddi gian \u0111\u1ecdc\" \/>\n\t<meta name=\"twitter:data2\" content=\"2 ph\u00fat\" \/>\n<script type=\"application\/ld+json\" class=\"yoast-schema-graph\">{\"@context\":\"https:\\\/\\\/schema.org\",\"@graph\":[{\"@type\":\"Article\",\"@id\":\"https:\\\/\\\/nebraskademocrats.org\\\/press-releases\\\/press-release-ndp-condemns-trump-protesters-who-broke-into-capitol\\\/#article\",\"isPartOf\":{\"@id\":\"https:\\\/\\\/nebraskademocrats.org\\\/press-releases\\\/press-release-ndp-condemns-trump-protesters-who-broke-into-capitol\\\/\"},\"author\":{\"name\":\"Precious McKesson\",\"@id\":\"https:\\\/\\\/nebraskademocrats.org\\\/#\\\/schema\\\/person\\\/33e011ea0795f404810dc40828bcf289\"},\"headline\":\"Press release: NDP condemns pro-Trump rioters who broke into Capitol\",\"datePublished\":\"2021-01-06T21:34:42+00:00\",\"dateModified\":\"2021-01-07T00:38:59+00:00\",\"mainEntityOfPage\":{\"@id\":\"https:\\\/\\\/nebraskademocrats.org\\\/press-releases\\\/press-release-ndp-condemns-trump-protesters-who-broke-into-capitol\\\/\"},\"wordCount\":313,\"publisher\":{\"@id\":\"https:\\\/\\\/nebraskademocrats.org\\\/#organization\"},\"articleSection\":[\"Press Releases\"],\"inLanguage\":\"vi\"},{\"@type\":\"WebPage\",\"@id\":\"https:\\\/\\\/nebraskademocrats.org\\\/press-releases\\\/press-release-ndp-condemns-trump-protesters-who-broke-into-capitol\\\/\",\"url\":\"https:\\\/\\\/nebraskademocrats.org\\\/press-releases\\\/press-release-ndp-condemns-trump-protesters-who-broke-into-capitol\\\/\",\"name\":\"Press release: NDP condemns pro-Trump rioters who broke into Capitol &#8211; Nebraska Democratic Party\",\"isPartOf\":{\"@id\":\"https:\\\/\\\/nebraskademocrats.org\\\/#website\"},\"datePublished\":\"2021-01-06T21:34:42+00:00\",\"dateModified\":\"2021-01-07T00:38:59+00:00\",\"breadcrumb\":{\"@id\":\"https:\\\/\\\/nebraskademocrats.org\\\/press-releases\\\/press-release-ndp-condemns-trump-protesters-who-broke-into-capitol\\\/#breadcrumb\"},\"inLanguage\":\"vi\",\"potentialAction\":[{\"@type\":\"ReadAction\",\"target\":[\"https:\\\/\\\/nebraskademocrats.org\\\/press-releases\\\/press-release-ndp-condemns-trump-protesters-who-broke-into-capitol\\\/\"]}]},{\"@type\":\"BreadcrumbList\",\"@id\":\"https:\\\/\\\/nebraskademocrats.org\\\/press-releases\\\/press-release-ndp-condemns-trump-protesters-who-broke-into-capitol\\\/#breadcrumb\",\"itemListElement\":[{\"@type\":\"ListItem\",\"position\":1,\"name\":\"Home\",\"item\":\"https:\\\/\\\/nebraskademocrats.org\\\/\"},{\"@type\":\"ListItem\",\"position\":2,\"name\":\"Press release: NDP condemns pro-Trump rioters who broke into Capitol\"}]},{\"@type\":\"WebSite\",\"@id\":\"https:\\\/\\\/nebraskademocrats.org\\\/#website\",\"url\":\"https:\\\/\\\/nebraskademocrats.org\\\/\",\"name\":\"Nebraska Democratic Party\",\"description\":\"Growing the Good Life for All Nebraskans\",\"publisher\":{\"@id\":\"https:\\\/\\\/nebraskademocrats.org\\\/#organization\"},\"potentialAction\":[{\"@type\":\"SearchAction\",\"target\":{\"@type\":\"EntryPoint\",\"urlTemplate\":\"https:\\\/\\\/nebraskademocrats.org\\\/?s={search_term_string}\"},\"query-input\":{\"@type\":\"PropertyValueSpecification\",\"valueRequired\":true,\"valueName\":\"search_term_string\"}}],\"inLanguage\":\"vi\"},{\"@type\":\"Organization\",\"@id\":\"https:\\\/\\\/nebraskademocrats.org\\\/#organization\",\"name\":\"Nebraska Democratic Party\",\"url\":\"https:\\\/\\\/nebraskademocrats.org\\\/\",\"logo\":{\"@type\":\"ImageObject\",\"inLanguage\":\"vi\",\"@id\":\"https:\\\/\\\/nebraskademocrats.org\\\/#\\\/schema\\\/logo\\\/image\\\/\",\"url\":\"https:\\\/\\\/nebraskadem.wpenginepowered.com\\\/wp-content\\\/uploads\\\/2016\\\/05\\\/NDP2.jpg\",\"contentUrl\":\"https:\\\/\\\/nebraskadem.wpenginepowered.com\\\/wp-content\\\/uploads\\\/2016\\\/05\\\/NDP2.jpg\",\"width\":1000,\"height\":396,\"caption\":\"Nebraska Democratic Party\"},\"image\":{\"@id\":\"https:\\\/\\\/nebraskademocrats.org\\\/#\\\/schema\\\/logo\\\/image\\\/\"},\"sameAs\":[\"https:\\\/\\\/www.facebook.com\\\/NebraskaDemocraticParty\\\/\",\"https:\\\/\\\/x.com\\\/nebraskadems\"]},{\"@type\":\"Person\",\"@id\":\"https:\\\/\\\/nebraskademocrats.org\\\/#\\\/schema\\\/person\\\/33e011ea0795f404810dc40828bcf289\",\"name\":\"Precious McKesson\",\"image\":{\"@type\":\"ImageObject\",\"inLanguage\":\"vi\",\"@id\":\"https:\\\/\\\/secure.gravatar.com\\\/avatar\\\/35046e19b3373116ec64c07d386d3312028d3820dc0ffe65c344bcebc8ea9194?s=96&d=mm&r=g\",\"url\":\"https:\\\/\\\/secure.gravatar.com\\\/avatar\\\/35046e19b3373116ec64c07d386d3312028d3820dc0ffe65c344bcebc8ea9194?s=96&d=mm&r=g\",\"contentUrl\":\"https:\\\/\\\/secure.gravatar.com\\\/avatar\\\/35046e19b3373116ec64c07d386d3312028d3820dc0ffe65c344bcebc8ea9194?s=96&d=mm&r=g\",\"caption\":\"Precious McKesson\"}}]}<\/script>\n<!-- \/ Yoast SEO plugin. -->","yoast_head_json":{"title":"Press release: NDP condemns pro-Trump rioters who broke into Capitol &#8211; Nebraska Democratic Party","robots":{"index":"index","follow":"follow","max-snippet":"max-snippet:-1","max-image-preview":"max-image-preview:large","max-video-preview":"max-video-preview:-1"},"canonical":"https:\/\/nebraskademocrats.org\/vi\/press-releases\/press-release-ndp-condemns-trump-protesters-who-broke-into-capitol\/","og_locale":"vi_VN","og_type":"article","og_title":"Press release: NDP condemns pro-Trump rioters who broke into Capitol &#8211; Nebraska Democratic Party","og_description":"NDP Chair Jane Kleeb and the Nebraska Democratic Party condemned the actions of a throng of President Trump supporters who breached security and broke into the U.S. Capitol on Wednesday under the belief that\u00a0 Trump did not actually lose the Nov. 3 election to President-elect Joe Biden. Trump \u2014 who lost the popular and electoral ... Read more","og_url":"https:\/\/nebraskademocrats.org\/vi\/press-releases\/press-release-ndp-condemns-trump-protesters-who-broke-into-capitol\/","og_site_name":"Nebraska Democratic Party","article_publisher":"https:\/\/www.facebook.com\/NebraskaDemocraticParty\/","article_published_time":"2021-01-06T21:34:42+00:00","article_modified_time":"2021-01-07T00:38:59+00:00","og_image":[{"width":1200,"height":630,"url":"https:\/\/nebraskademocrats.org\/wp-content\/uploads\/2018\/09\/ne-dems-fb.jpg","type":"image\/jpeg"}],"author":"Precious McKesson","twitter_card":"summary_large_image","twitter_creator":"@nebraskadems","twitter_site":"@nebraskadems","twitter_misc":{"\u0110\u01b0\u1ee3c vi\u1ebft b\u1edfi":"Precious McKesson","\u01af\u1edbc t\u00ednh th\u1eddi gian \u0111\u1ecdc":"2 ph\u00fat"},"schema":{"@context":"https:\/\/schema.org","@graph":[{"@type":"Article","@id":"https:\/\/nebraskademocrats.org\/press-releases\/press-release-ndp-condemns-trump-protesters-who-broke-into-capitol\/#article","isPartOf":{"@id":"https:\/\/nebraskademocrats.org\/press-releases\/press-release-ndp-condemns-trump-protesters-who-broke-into-capitol\/"},"author":{"name":"Precious McKesson","@id":"https:\/\/nebraskademocrats.org\/#\/schema\/person\/33e011ea0795f404810dc40828bcf289"},"headline":"Press release: NDP condemns pro-Trump rioters who broke into Capitol","datePublished":"2021-01-06T21:34:42+00:00","dateModified":"2021-01-07T00:38:59+00:00","mainEntityOfPage":{"@id":"https:\/\/nebraskademocrats.org\/press-releases\/press-release-ndp-condemns-trump-protesters-who-broke-into-capitol\/"},"wordCount":313,"publisher":{"@id":"https:\/\/nebraskademocrats.org\/#organization"},"articleSection":["Press Releases"],"inLanguage":"vi"},{"@type":"WebPage","@id":"https:\/\/nebraskademocrats.org\/press-releases\/press-release-ndp-condemns-trump-protesters-who-broke-into-capitol\/","url":"https:\/\/nebraskademocrats.org\/press-releases\/press-release-ndp-condemns-trump-protesters-who-broke-into-capitol\/","name":"Press release: NDP condemns pro-Trump rioters who broke into Capitol &#8211; Nebraska Democratic Party","isPartOf":{"@id":"https:\/\/nebraskademocrats.org\/#website"},"datePublished":"2021-01-06T21:34:42+00:00","dateModified":"2021-01-07T00:38:59+00:00","breadcrumb":{"@id":"https:\/\/nebraskademocrats.org\/press-releases\/press-release-ndp-condemns-trump-protesters-who-broke-into-capitol\/#breadcrumb"},"inLanguage":"vi","potentialAction":[{"@type":"ReadAction","target":["https:\/\/nebraskademocrats.org\/press-releases\/press-release-ndp-condemns-trump-protesters-who-broke-into-capitol\/"]}]},{"@type":"BreadcrumbList","@id":"https:\/\/nebraskademocrats.org\/press-releases\/press-release-ndp-condemns-trump-protesters-who-broke-into-capitol\/#breadcrumb","itemListElement":[{"@type":"ListItem","position":1,"name":"Home","item":"https:\/\/nebraskademocrats.org\/"},{"@type":"ListItem","position":2,"name":"Press release: NDP condemns pro-Trump rioters who broke into Capitol"}]},{"@type":"WebSite","@id":"https:\/\/nebraskademocrats.org\/#website","url":"https:\/\/nebraskademocrats.org\/","name":"Nebraska Democratic Party","description":"Ph\u00e1t tri\u1ec3n cu\u1ed9c s\u1ed1ng t\u1ed1t \u0111\u1eb9p cho t\u1ea5t c\u1ea3 Nebraskans","publisher":{"@id":"https:\/\/nebraskademocrats.org\/#organization"},"potentialAction":[{"@type":"SearchAction","target":{"@type":"EntryPoint","urlTemplate":"https:\/\/nebraskademocrats.org\/?s={search_term_string}"},"query-input":{"@type":"PropertyValueSpecification","valueRequired":true,"valueName":"search_term_string"}}],"inLanguage":"vi"},{"@type":"Organization","@id":"https:\/\/nebraskademocrats.org\/#organization","name":"Nebraska Democratic Party","url":"https:\/\/nebraskademocrats.org\/","logo":{"@type":"ImageObject","inLanguage":"vi","@id":"https:\/\/nebraskademocrats.org\/#\/schema\/logo\/image\/","url":"https:\/\/nebraskadem.wpenginepowered.com\/wp-content\/uploads\/2016\/05\/NDP2.jpg","contentUrl":"https:\/\/nebraskadem.wpenginepowered.com\/wp-content\/uploads\/2016\/05\/NDP2.jpg","width":1000,"height":396,"caption":"Nebraska Democratic Party"},"image":{"@id":"https:\/\/nebraskademocrats.org\/#\/schema\/logo\/image\/"},"sameAs":["https:\/\/www.facebook.com\/NebraskaDemocraticParty\/","https:\/\/x.com\/nebraskadems"]},{"@type":"Person","@id":"https:\/\/nebraskademocrats.org\/#\/schema\/person\/33e011ea0795f404810dc40828bcf289","name":"McKesson qu\u00fd gi\u00e1","image":{"@type":"ImageObject","inLanguage":"vi","@id":"https:\/\/secure.gravatar.com\/avatar\/35046e19b3373116ec64c07d386d3312028d3820dc0ffe65c344bcebc8ea9194?s=96&d=mm&r=g","url":"https:\/\/secure.gravatar.com\/avatar\/35046e19b3373116ec64c07d386d3312028d3820dc0ffe65c344bcebc8ea9194?s=96&d=mm&r=g","contentUrl":"https:\/\/secure.gravatar.com\/avatar\/35046e19b3373116ec64c07d386d3312028d3820dc0ffe65c344bcebc8ea9194?s=96&d=mm&r=g","caption":"Precious McKesson"}}]}},"_links":{"self":[{"href":"https:\/\/nebraskademocrats.org\/vi\/wp-json\/wp\/v2\/posts\/29241","targetHints":{"allow":["GET"]}}],"collection":[{"href":"https:\/\/nebraskademocrats.org\/vi\/wp-json\/wp\/v2\/posts"}],"about":[{"href":"https:\/\/nebraskademocrats.org\/vi\/wp-json\/wp\/v2\/types\/post"}],"author":[{"embeddable":true,"href":"https:\/\/nebraskademocrats.org\/vi\/wp-json\/wp\/v2\/users\/19"}],"replies":[{"embeddable":true,"href":"https:\/\/nebraskademocrats.org\/vi\/wp-json\/wp\/v2\/comments?post=29241"}],"version-history":[{"count":0,"href":"https:\/\/nebraskademocrats.org\/vi\/wp-json\/wp\/v2\/posts\/29241\/revisions"}],"wp:attachment":[{"href":"https:\/\/nebraskademocrats.org\/vi\/wp-json\/wp\/v2\/media?parent=29241"}],"wp:term":[{"taxonomy":"category","embeddable":true,"href":"https:\/\/nebraskademocrats.org\/vi\/wp-json\/wp\/v2\/categories?post=29241"},{"taxonomy":"post_tag","embeddable":true,"href":"https:\/\/nebraskademocrats.org\/vi\/wp-json\/wp\/v2\/tags?post=29241"}],"curies":[{"name":"wp","href":"https:\/\/api.w.org\/{rel}","templated":true}]}}