{"id":33829,"date":"2021-07-27T14:51:36","date_gmt":"2021-07-27T19:51:36","guid":{"rendered":"https:\/\/nebraskadem.wpenginepowered.com\/?p=33829"},"modified":"2021-07-27T14:51:36","modified_gmt":"2021-07-27T19:51:36","slug":"press-release-ndps-kleeb-condemns-bacon-and-other-gop-trump-supporters-on-first-day-of-hearings-on-jan-6-capitol-insurrection","status":"publish","type":"post","link":"https:\/\/nebraskademocrats.org\/vi\/press-releases\/press-release-ndps-kleeb-condemns-bacon-and-other-gop-trump-supporters-on-first-day-of-hearings-on-jan-6-capitol-insurrection\/","title":{"rendered":"Th\u00f4ng c\u00e1o b\u00e1o ch\u00ed: Kleeb c\u1ee7a NDP l\u00ean \u00e1n Bacon v\u00e0 nh\u1eefng ng\u01b0\u1eddi \u1ee7ng h\u1ed9 GOP Trump kh\u00e1c trong ng\u00e0y \u0111i\u1ec1u tr\u1ea7n \u0111\u1ea7u ti\u00ean v\u1ec1 cu\u1ed9c n\u1ed5i d\u1eady ng\u00e0y 6 th\u00e1ng 1 \u1edf Capitol"},"content":{"rendered":"<p><img fetchpriority=\"high\" decoding=\"async\" class=\"size-full wp-image-33830 aligncenter\" src=\"https:\/\/nebraskadem.wpenginepowered.com\/wp-content\/uploads\/2021\/07\/rioters.jpg\" alt=\"\" width=\"275\" height=\"183\" srcset=\"https:\/\/nebraskademocrats.org\/wp-content\/uploads\/2021\/07\/rioters.jpg 275w, https:\/\/nebraskademocrats.org\/wp-content\/uploads\/2021\/07\/rioters-16x12.jpg 16w\" sizes=\"(max-width: 275px) 100vw, 275px\" \/><\/p>\n<p><span style=\"font-weight: 400;\">Ch\u1ee7 t\u1ecbch Nebraska Democratic Party Jane Kleeb h\u00f4m th\u1ee9 Ba \u0111\u00e3 l\u00ean \u00e1n H\u1ea1 ngh\u1ecb s\u0129 Don Bacon v\u00e0 c\u00e1c \u0111\u1ea3ng vi\u00ean C\u1ed9ng h\u00f2a kh\u00e1c v\u00ec h\u1ecd ti\u1ebfp t\u1ee5c \u1ee7ng h\u1ed9 c\u1ef1u T\u1ed5ng th\u1ed1ng Donald Trump khi c\u00e1c nh\u00e0 l\u1eadp ph\u00e1p nghe l\u1eddi khai v\u1ec1 cu\u1ed9c n\u1ed5i d\u1eady ng\u00e0y 6 th\u00e1ng 1 \u1edf \u0110i\u1ec7n Capitol.<\/span><\/p>\n<p><span style=\"font-weight: 400;\">Kleeb n\u00f3i: \u201cTh\u1eadt l\u00e0 kinh ho\u00e0ng v\u00e0 \u0111au l\u00f2ng khi nghe c\u00e1c s\u0129 quan c\u1ea3nh s\u00e1t Capitol l\u00e0m ch\u1ee9ng v\u1ec1 nh\u1eefng ng\u01b0\u1eddi \u1ee7ng h\u1ed9 Trump b\u1ea1o l\u1ef1c \u0111\u00e3 c\u1ed1 g\u1eafng l\u1eadt \u0111\u1ed5 ch\u00ednh ph\u1ee7. \u201cBacon v\u00e0 t\u1ea5t c\u1ea3 nh\u1eefng ng\u01b0\u1eddi \u1ee7ng h\u1ed9 Trump kh\u00e1c \u0111\u1ec1u ph\u1ea1m t\u1ed9i ph\u1ea3n b\u1ed9i \u0111\u1ed3ng b\u00e0o c\u1ee7a h\u1ecd. M\u1ed9t trong nh\u1eefng s\u0129 quan \u0111\u00e3 g\u1ecdi m\u1ed9t c\u00e1ch ch\u00ednh \u0111\u00e1ng nh\u1eefng k\u1ebb \u1ee7ng h\u1ed9 Trump b\u1ea1o l\u1ef1c l\u00e0 nh\u1eefng k\u1ebb kh\u1ee7ng b\u1ed1. Nebraskans mong \u0111\u1ee3i Bacon v\u00e0 to\u00e0n b\u1ed9 ph\u00e1i \u0111o\u00e0n Qu\u1ed1c h\u1ed9i c\u1ee7a ch\u00fang t\u00f4i s\u1ebd l\u00e0m nhi\u1ec1u h\u01a1n n\u1eefa \u0111\u1ec3 b\u1ea3o v\u1ec7 c\u1ea3nh s\u00e1t Capitol v\u00e0 r\u1ed9ng h\u01a1n l\u00e0 n\u1ec1n d\u00e2n ch\u1ee7 c\u1ee7a ch\u00fang t\u00f4i \u201d.<\/span><\/p>\n<p><span style=\"font-weight: 400;\">Aquilino Gonell, m\u1ed9t trung s\u0129 C\u1ea3nh s\u00e1t Capitol v\u00e0 c\u1ef1u chi\u1ebfn binh Iraq, ng\u01b0\u1eddi g\u1ea7n nh\u01b0 b\u1ecb nghi\u1ec1n n\u00e1t trong cu\u1ed9c b\u1ea1o \u0111\u1ed9ng, l\u00e0 m\u1ed9t trong nh\u1eefng ng\u01b0\u1eddi l\u00e0m ch\u1ee9ng.<\/span><\/p>\n<p><span style=\"font-weight: 400;\">\u201cT\u00f4i c\u00f3 th\u1ec3 c\u1ea3m th\u1ea5y m\u00ecnh b\u1ecb m\u1ea5t oxy v\u00e0 nh\u1edb l\u1ea1i khi t\u1ef1 ngh\u0129, &#039;\u0110\u00e2y l\u00e0 c\u00e1ch t\u00f4i s\u1ebd ch\u1ebft, d\u1eabm \u0111\u1ea1p l\u00ean l\u1ed1i v\u00e0o n\u00e0y&#039;, Gonell n\u00f3i.<\/span><\/p>\n<p><span style=\"font-weight: 400;\">Kleeb n\u00f3i: \u201cM\u1ed9t s\u1ed1 th\u00e0nh vi\u00ean c\u1ee7a GOP \u0111\u00e3 g\u1ecdi nh\u1eefng k\u1ebb b\u1ea1o lo\u1ea1n l\u00e0 &#039;kh\u00e1ch du l\u1ecbch&#039;. H\u1ecd kh\u00f4ng. H\u1ecd l\u00e0 nh\u1eefng k\u1ebb ph\u1ea3n b\u1ed9i, c\u0169ng nh\u01b0 nh\u1eefng ng\u01b0\u1eddi \u0111\u00e3 \u1ee7ng h\u1ed9 h\u1ecd v\u00e0 Trump \u201d.<\/span><\/p>\n<p><a href=\"https:\/\/www.nytimes.com\/live\/2021\/07\/27\/us\/politics-news#jan-6-inquiry\"><span style=\"font-weight: 400;\">Kho\u1ea3ng 140 c\u1ea3nh s\u00e1t b\u1ecb th\u01b0\u01a1ng<\/span><\/a><span style=\"font-weight: 400;\"> v\u00e0 n\u0103m ng\u01b0\u1eddi ch\u1ebft <\/span><span style=\"font-weight: 400;\">khi nh\u1eefng ng\u01b0\u1eddi \u1ee7ng h\u1ed9 Trump \u0111\u1ed9t nh\u1eadp \u0110i\u1ec7n Capitol, n\u01a1i Qu\u1ed1c h\u1ed9i \u0111ang h\u1ecdp \u0111\u1ec3 ki\u1ec3m phi\u1ebfu \u0111\u1ea1i c\u1eed tri \u0111\u1ec3 ch\u00ednh th\u1ee9c h\u00f3a cu\u1ed9c b\u1ea7u c\u1eed c\u1ee7a T\u1ed5ng th\u1ed1ng Biden. Nh\u1eefng ng\u01b0\u1eddi b\u1ea1o lo\u1ea1n \u0111\u00e3 h\u00f4 vang \u201cHang Mike Pence\u201d, r\u00ecnh r\u1eadp c\u00e1c h\u1ed9i tr\u01b0\u1eddng s\u0103n l\u00f9ng Di\u1ec5n gi\u1ea3 Nancy Pelosi v\u00e0 bu\u1ed9c c\u00e1c nh\u00e0 l\u1eadp ph\u00e1p ph\u1ea3i l\u00e0m gi\u00e1n \u0111o\u1ea1n cu\u1ed9c ki\u1ec3m phi\u1ebfu v\u00e0 s\u01a1 t\u00e1n kh\u1ecfi ph\u00f2ng c\u1ee7a h\u1ecd.<\/span><\/p>\n<p><span style=\"font-weight: 400;\">S\u0129 quan Michael Fanone <\/span><a href=\"https:\/\/www.washingtonpost.com\/dc-md-va\/2021\/01\/14\/dc-police-capitol-riot\/?itid=lk_inline_manual_2\"><span style=\"font-weight: 400;\">\u0111\u00e3 b\u1ecb bao v\u00e2y b\u1edfi m\u1ed9t \u0111\u00e1m \u0111\u00f4ng \u1ee7ng h\u1ed9 Trump<\/span><\/a><span style=\"font-weight: 400;\"> v\u00e0 k\u00e9o xu\u1ed1ng c\u00e1c b\u1eadc thang c\u1ee7a \u0110i\u1ec7n Capitol, b\u1ecb m\u1ed9t c\u01a1n \u0111au tim nh\u1eb9 v\u00e0 ch\u1ea5n \u0111\u1ed9ng khi anh ta b\u1ecb s\u1ed1c b\u1eb1ng m\u1ed9t kh\u1ea9u s\u00fang g\u00e2y cho\u00e1ng v\u00e0 b\u1ecb \u0111\u00e1nh \u0111\u1eadp. Anh \u1ea5y l\u00e0m ch\u1ee9ng r\u1eb1ng anh \u1ea5y r\u1ea5t th\u1ea5t v\u1ecdng khi th\u1ea5y GOP c\u1ed1 g\u1eafng minh oan cho cu\u1ed9c n\u1ed5i d\u1eady.<\/span><\/p>\n<p><span style=\"font-weight: 400;\">\u201cT\u00f4i kh\u00f4ng ngh\u0129 ph\u1ea3n \u1ee9ng c\u1ee7a ch\u00fang t\u00f4i \u0111\u1ed1i v\u1edbi nh\u1eefng g\u00ec \u0111\u00e3 x\u1ea3y ra v\u00e0o ng\u00e0y 6 th\u00e1ng 1 s\u1ebd li\u00ean quan \u0111\u1ebfn c\u00e1c \u0111\u1ea3ng ph\u00e1i ch\u00ednh tr\u1ecb.\u201d \u00d4ng n\u00f3i.<\/span><\/p>","protected":false},"excerpt":{"rendered":"<p>Nebraska Democratic Party Chair Jane Kleeb on Tuesday condemned Rep. Don Bacon and other Republicans for their continued support of former President Donald Trump as lawmakers heard testimony on the Jan. 6 Capitol insurrection. &#8220;It was both horrifying and heartbreaking to hear Capitol police officers testify about the violent Trump supporters who attempted to overthrow &#8230; <a title=\"Th\u00f4ng c\u00e1o b\u00e1o ch\u00ed: Kleeb c\u1ee7a NDP l\u00ean \u00e1n Bacon v\u00e0 nh\u1eefng ng\u01b0\u1eddi \u1ee7ng h\u1ed9 GOP Trump kh\u00e1c trong ng\u00e0y \u0111i\u1ec1u tr\u1ea7n \u0111\u1ea7u ti\u00ean v\u1ec1 cu\u1ed9c n\u1ed5i d\u1eady ng\u00e0y 6 th\u00e1ng 1 \u1edf Capitol\" class=\"read-more\" href=\"https:\/\/nebraskademocrats.org\/vi\/press-releases\/press-release-ndps-kleeb-condemns-bacon-and-other-gop-trump-supporters-on-first-day-of-hearings-on-jan-6-capitol-insurrection\/\" aria-label=\"More on Press release: NDP\u2019s Kleeb condemns Bacon and other GOP Trump supporters on first day of hearings on Jan. 6 Capitol insurrection\">\u0110\u1ecdc th\u00eam<\/a><\/p>","protected":false},"author":19,"featured_media":0,"comment_status":"closed","ping_status":"closed","sticky":false,"template":"","format":"standard","meta":{"_acf_changed":false,"_exactmetrics_skip_tracking":false,"_exactmetrics_sitenote_active":false,"_exactmetrics_sitenote_note":"","_exactmetrics_sitenote_category":0,"footnotes":""},"categories":[4],"tags":[],"class_list":["post-33829","post","type-post","status-publish","format-standard","hentry","category-press-releases"],"acf":[],"yoast_head":"<!-- This site is optimized with the Yoast SEO plugin v27.4 - https:\/\/yoast.com\/product\/yoast-seo-wordpress\/ -->\n<title>Press release: NDP\u2019s Kleeb condemns Bacon and other GOP Trump supporters on first day of hearings on Jan. 6 Capitol insurrection &#8211; Nebraska Democratic Party<\/title>\n<meta name=\"robots\" content=\"index, follow, max-snippet:-1, max-image-preview:large, max-video-preview:-1\" \/>\n<link rel=\"canonical\" href=\"https:\/\/nebraskademocrats.org\/vi\/press-releases\/press-release-ndps-kleeb-condemns-bacon-and-other-gop-trump-supporters-on-first-day-of-hearings-on-jan-6-capitol-insurrection\/\" \/>\n<meta property=\"og:locale\" content=\"vi_VN\" \/>\n<meta property=\"og:type\" content=\"article\" \/>\n<meta property=\"og:title\" content=\"Press release: NDP\u2019s Kleeb condemns Bacon and other GOP Trump supporters on first day of hearings on Jan. 6 Capitol insurrection &#8211; Nebraska Democratic Party\" \/>\n<meta property=\"og:description\" content=\"Nebraska Democratic Party Chair Jane Kleeb on Tuesday condemned Rep. Don Bacon and other Republicans for their continued support of former President Donald Trump as lawmakers heard testimony on the Jan. 6 Capitol insurrection. &#8220;It was both horrifying and heartbreaking to hear Capitol police officers testify about the violent Trump supporters who attempted to overthrow ... Read more\" \/>\n<meta property=\"og:url\" content=\"https:\/\/nebraskademocrats.org\/vi\/press-releases\/press-release-ndps-kleeb-condemns-bacon-and-other-gop-trump-supporters-on-first-day-of-hearings-on-jan-6-capitol-insurrection\/\" \/>\n<meta property=\"og:site_name\" content=\"Nebraska Democratic Party\" \/>\n<meta property=\"article:publisher\" content=\"https:\/\/www.facebook.com\/NebraskaDemocraticParty\/\" \/>\n<meta property=\"article:published_time\" content=\"2021-07-27T19:51:36+00:00\" \/>\n<meta property=\"og:image\" content=\"https:\/\/nebraskadem.wpenginepowered.com\/wp-content\/uploads\/2021\/07\/rioters.jpg\" \/>\n<meta name=\"author\" content=\"Precious McKesson\" \/>\n<meta name=\"twitter:card\" content=\"summary_large_image\" \/>\n<meta name=\"twitter:creator\" content=\"@nebraskadems\" \/>\n<meta name=\"twitter:site\" content=\"@nebraskadems\" \/>\n<meta name=\"twitter:label1\" content=\"\u0110\u01b0\u1ee3c vi\u1ebft b\u1edfi\" \/>\n\t<meta name=\"twitter:data1\" content=\"Precious McKesson\" \/>\n\t<meta name=\"twitter:label2\" content=\"\u01af\u1edbc t\u00ednh th\u1eddi gian \u0111\u1ecdc\" \/>\n\t<meta name=\"twitter:data2\" content=\"2 ph\u00fat\" \/>\n<script type=\"application\/ld+json\" class=\"yoast-schema-graph\">{\"@context\":\"https:\\\/\\\/schema.org\",\"@graph\":[{\"@type\":\"Article\",\"@id\":\"https:\\\/\\\/nebraskademocrats.org\\\/press-releases\\\/press-release-ndps-kleeb-condemns-bacon-and-other-gop-trump-supporters-on-first-day-of-hearings-on-jan-6-capitol-insurrection\\\/#article\",\"isPartOf\":{\"@id\":\"https:\\\/\\\/nebraskademocrats.org\\\/press-releases\\\/press-release-ndps-kleeb-condemns-bacon-and-other-gop-trump-supporters-on-first-day-of-hearings-on-jan-6-capitol-insurrection\\\/\"},\"author\":{\"name\":\"Precious McKesson\",\"@id\":\"https:\\\/\\\/nebraskademocrats.org\\\/#\\\/schema\\\/person\\\/33e011ea0795f404810dc40828bcf289\"},\"headline\":\"Press release: NDP\u2019s Kleeb condemns Bacon and other GOP Trump supporters on first day of hearings on Jan. 6 Capitol insurrection\",\"datePublished\":\"2021-07-27T19:51:36+00:00\",\"mainEntityOfPage\":{\"@id\":\"https:\\\/\\\/nebraskademocrats.org\\\/press-releases\\\/press-release-ndps-kleeb-condemns-bacon-and-other-gop-trump-supporters-on-first-day-of-hearings-on-jan-6-capitol-insurrection\\\/\"},\"wordCount\":325,\"publisher\":{\"@id\":\"https:\\\/\\\/nebraskademocrats.org\\\/#organization\"},\"image\":{\"@id\":\"https:\\\/\\\/nebraskademocrats.org\\\/press-releases\\\/press-release-ndps-kleeb-condemns-bacon-and-other-gop-trump-supporters-on-first-day-of-hearings-on-jan-6-capitol-insurrection\\\/#primaryimage\"},\"thumbnailUrl\":\"https:\\\/\\\/nebraskadem.wpenginepowered.com\\\/wp-content\\\/uploads\\\/2021\\\/07\\\/rioters.jpg\",\"articleSection\":[\"Press Releases\"],\"inLanguage\":\"vi\"},{\"@type\":\"WebPage\",\"@id\":\"https:\\\/\\\/nebraskademocrats.org\\\/press-releases\\\/press-release-ndps-kleeb-condemns-bacon-and-other-gop-trump-supporters-on-first-day-of-hearings-on-jan-6-capitol-insurrection\\\/\",\"url\":\"https:\\\/\\\/nebraskademocrats.org\\\/press-releases\\\/press-release-ndps-kleeb-condemns-bacon-and-other-gop-trump-supporters-on-first-day-of-hearings-on-jan-6-capitol-insurrection\\\/\",\"name\":\"Press release: NDP\u2019s Kleeb condemns Bacon and other GOP Trump supporters on first day of hearings on Jan. 6 Capitol insurrection &#8211; Nebraska Democratic Party\",\"isPartOf\":{\"@id\":\"https:\\\/\\\/nebraskademocrats.org\\\/#website\"},\"primaryImageOfPage\":{\"@id\":\"https:\\\/\\\/nebraskademocrats.org\\\/press-releases\\\/press-release-ndps-kleeb-condemns-bacon-and-other-gop-trump-supporters-on-first-day-of-hearings-on-jan-6-capitol-insurrection\\\/#primaryimage\"},\"image\":{\"@id\":\"https:\\\/\\\/nebraskademocrats.org\\\/press-releases\\\/press-release-ndps-kleeb-condemns-bacon-and-other-gop-trump-supporters-on-first-day-of-hearings-on-jan-6-capitol-insurrection\\\/#primaryimage\"},\"thumbnailUrl\":\"https:\\\/\\\/nebraskadem.wpenginepowered.com\\\/wp-content\\\/uploads\\\/2021\\\/07\\\/rioters.jpg\",\"datePublished\":\"2021-07-27T19:51:36+00:00\",\"breadcrumb\":{\"@id\":\"https:\\\/\\\/nebraskademocrats.org\\\/press-releases\\\/press-release-ndps-kleeb-condemns-bacon-and-other-gop-trump-supporters-on-first-day-of-hearings-on-jan-6-capitol-insurrection\\\/#breadcrumb\"},\"inLanguage\":\"vi\",\"potentialAction\":[{\"@type\":\"ReadAction\",\"target\":[\"https:\\\/\\\/nebraskademocrats.org\\\/press-releases\\\/press-release-ndps-kleeb-condemns-bacon-and-other-gop-trump-supporters-on-first-day-of-hearings-on-jan-6-capitol-insurrection\\\/\"]}]},{\"@type\":\"ImageObject\",\"inLanguage\":\"vi\",\"@id\":\"https:\\\/\\\/nebraskademocrats.org\\\/press-releases\\\/press-release-ndps-kleeb-condemns-bacon-and-other-gop-trump-supporters-on-first-day-of-hearings-on-jan-6-capitol-insurrection\\\/#primaryimage\",\"url\":\"https:\\\/\\\/nebraskadem.wpenginepowered.com\\\/wp-content\\\/uploads\\\/2021\\\/07\\\/rioters.jpg\",\"contentUrl\":\"https:\\\/\\\/nebraskadem.wpenginepowered.com\\\/wp-content\\\/uploads\\\/2021\\\/07\\\/rioters.jpg\"},{\"@type\":\"BreadcrumbList\",\"@id\":\"https:\\\/\\\/nebraskademocrats.org\\\/press-releases\\\/press-release-ndps-kleeb-condemns-bacon-and-other-gop-trump-supporters-on-first-day-of-hearings-on-jan-6-capitol-insurrection\\\/#breadcrumb\",\"itemListElement\":[{\"@type\":\"ListItem\",\"position\":1,\"name\":\"Home\",\"item\":\"https:\\\/\\\/nebraskademocrats.org\\\/\"},{\"@type\":\"ListItem\",\"position\":2,\"name\":\"Press release: NDP\u2019s Kleeb condemns Bacon and other GOP Trump supporters on first day of hearings on Jan. 6 Capitol insurrection\"}]},{\"@type\":\"WebSite\",\"@id\":\"https:\\\/\\\/nebraskademocrats.org\\\/#website\",\"url\":\"https:\\\/\\\/nebraskademocrats.org\\\/\",\"name\":\"Nebraska Democratic Party\",\"description\":\"Growing the Good Life for All Nebraskans\",\"publisher\":{\"@id\":\"https:\\\/\\\/nebraskademocrats.org\\\/#organization\"},\"potentialAction\":[{\"@type\":\"SearchAction\",\"target\":{\"@type\":\"EntryPoint\",\"urlTemplate\":\"https:\\\/\\\/nebraskademocrats.org\\\/?s={search_term_string}\"},\"query-input\":{\"@type\":\"PropertyValueSpecification\",\"valueRequired\":true,\"valueName\":\"search_term_string\"}}],\"inLanguage\":\"vi\"},{\"@type\":\"Organization\",\"@id\":\"https:\\\/\\\/nebraskademocrats.org\\\/#organization\",\"name\":\"Nebraska Democratic Party\",\"url\":\"https:\\\/\\\/nebraskademocrats.org\\\/\",\"logo\":{\"@type\":\"ImageObject\",\"inLanguage\":\"vi\",\"@id\":\"https:\\\/\\\/nebraskademocrats.org\\\/#\\\/schema\\\/logo\\\/image\\\/\",\"url\":\"https:\\\/\\\/nebraskadem.wpenginepowered.com\\\/wp-content\\\/uploads\\\/2016\\\/05\\\/NDP2.jpg\",\"contentUrl\":\"https:\\\/\\\/nebraskadem.wpenginepowered.com\\\/wp-content\\\/uploads\\\/2016\\\/05\\\/NDP2.jpg\",\"width\":1000,\"height\":396,\"caption\":\"Nebraska Democratic Party\"},\"image\":{\"@id\":\"https:\\\/\\\/nebraskademocrats.org\\\/#\\\/schema\\\/logo\\\/image\\\/\"},\"sameAs\":[\"https:\\\/\\\/www.facebook.com\\\/NebraskaDemocraticParty\\\/\",\"https:\\\/\\\/x.com\\\/nebraskadems\"]},{\"@type\":\"Person\",\"@id\":\"https:\\\/\\\/nebraskademocrats.org\\\/#\\\/schema\\\/person\\\/33e011ea0795f404810dc40828bcf289\",\"name\":\"Precious McKesson\",\"image\":{\"@type\":\"ImageObject\",\"inLanguage\":\"vi\",\"@id\":\"https:\\\/\\\/secure.gravatar.com\\\/avatar\\\/35046e19b3373116ec64c07d386d3312028d3820dc0ffe65c344bcebc8ea9194?s=96&d=mm&r=g\",\"url\":\"https:\\\/\\\/secure.gravatar.com\\\/avatar\\\/35046e19b3373116ec64c07d386d3312028d3820dc0ffe65c344bcebc8ea9194?s=96&d=mm&r=g\",\"contentUrl\":\"https:\\\/\\\/secure.gravatar.com\\\/avatar\\\/35046e19b3373116ec64c07d386d3312028d3820dc0ffe65c344bcebc8ea9194?s=96&d=mm&r=g\",\"caption\":\"Precious McKesson\"}}]}<\/script>\n<!-- \/ Yoast SEO plugin. -->","yoast_head_json":{"title":"Press release: NDP\u2019s Kleeb condemns Bacon and other GOP Trump supporters on first day of hearings on Jan. 6 Capitol insurrection &#8211; Nebraska Democratic Party","robots":{"index":"index","follow":"follow","max-snippet":"max-snippet:-1","max-image-preview":"max-image-preview:large","max-video-preview":"max-video-preview:-1"},"canonical":"https:\/\/nebraskademocrats.org\/vi\/press-releases\/press-release-ndps-kleeb-condemns-bacon-and-other-gop-trump-supporters-on-first-day-of-hearings-on-jan-6-capitol-insurrection\/","og_locale":"vi_VN","og_type":"article","og_title":"Press release: NDP\u2019s Kleeb condemns Bacon and other GOP Trump supporters on first day of hearings on Jan. 6 Capitol insurrection &#8211; Nebraska Democratic Party","og_description":"Nebraska Democratic Party Chair Jane Kleeb on Tuesday condemned Rep. Don Bacon and other Republicans for their continued support of former President Donald Trump as lawmakers heard testimony on the Jan. 6 Capitol insurrection. &#8220;It was both horrifying and heartbreaking to hear Capitol police officers testify about the violent Trump supporters who attempted to overthrow ... Read more","og_url":"https:\/\/nebraskademocrats.org\/vi\/press-releases\/press-release-ndps-kleeb-condemns-bacon-and-other-gop-trump-supporters-on-first-day-of-hearings-on-jan-6-capitol-insurrection\/","og_site_name":"Nebraska Democratic Party","article_publisher":"https:\/\/www.facebook.com\/NebraskaDemocraticParty\/","article_published_time":"2021-07-27T19:51:36+00:00","og_image":[{"url":"https:\/\/nebraskadem.wpenginepowered.com\/wp-content\/uploads\/2021\/07\/rioters.jpg","type":"","width":"","height":""}],"author":"Precious McKesson","twitter_card":"summary_large_image","twitter_creator":"@nebraskadems","twitter_site":"@nebraskadems","twitter_misc":{"\u0110\u01b0\u1ee3c vi\u1ebft b\u1edfi":"Precious McKesson","\u01af\u1edbc t\u00ednh th\u1eddi gian \u0111\u1ecdc":"2 ph\u00fat"},"schema":{"@context":"https:\/\/schema.org","@graph":[{"@type":"Article","@id":"https:\/\/nebraskademocrats.org\/press-releases\/press-release-ndps-kleeb-condemns-bacon-and-other-gop-trump-supporters-on-first-day-of-hearings-on-jan-6-capitol-insurrection\/#article","isPartOf":{"@id":"https:\/\/nebraskademocrats.org\/press-releases\/press-release-ndps-kleeb-condemns-bacon-and-other-gop-trump-supporters-on-first-day-of-hearings-on-jan-6-capitol-insurrection\/"},"author":{"name":"Precious McKesson","@id":"https:\/\/nebraskademocrats.org\/#\/schema\/person\/33e011ea0795f404810dc40828bcf289"},"headline":"Press release: NDP\u2019s Kleeb condemns Bacon and other GOP Trump supporters on first day of hearings on Jan. 6 Capitol insurrection","datePublished":"2021-07-27T19:51:36+00:00","mainEntityOfPage":{"@id":"https:\/\/nebraskademocrats.org\/press-releases\/press-release-ndps-kleeb-condemns-bacon-and-other-gop-trump-supporters-on-first-day-of-hearings-on-jan-6-capitol-insurrection\/"},"wordCount":325,"publisher":{"@id":"https:\/\/nebraskademocrats.org\/#organization"},"image":{"@id":"https:\/\/nebraskademocrats.org\/press-releases\/press-release-ndps-kleeb-condemns-bacon-and-other-gop-trump-supporters-on-first-day-of-hearings-on-jan-6-capitol-insurrection\/#primaryimage"},"thumbnailUrl":"https:\/\/nebraskadem.wpenginepowered.com\/wp-content\/uploads\/2021\/07\/rioters.jpg","articleSection":["Press Releases"],"inLanguage":"vi"},{"@type":"WebPage","@id":"https:\/\/nebraskademocrats.org\/press-releases\/press-release-ndps-kleeb-condemns-bacon-and-other-gop-trump-supporters-on-first-day-of-hearings-on-jan-6-capitol-insurrection\/","url":"https:\/\/nebraskademocrats.org\/press-releases\/press-release-ndps-kleeb-condemns-bacon-and-other-gop-trump-supporters-on-first-day-of-hearings-on-jan-6-capitol-insurrection\/","name":"Press release: NDP\u2019s Kleeb condemns Bacon and other GOP Trump supporters on first day of hearings on Jan. 6 Capitol insurrection &#8211; Nebraska Democratic Party","isPartOf":{"@id":"https:\/\/nebraskademocrats.org\/#website"},"primaryImageOfPage":{"@id":"https:\/\/nebraskademocrats.org\/press-releases\/press-release-ndps-kleeb-condemns-bacon-and-other-gop-trump-supporters-on-first-day-of-hearings-on-jan-6-capitol-insurrection\/#primaryimage"},"image":{"@id":"https:\/\/nebraskademocrats.org\/press-releases\/press-release-ndps-kleeb-condemns-bacon-and-other-gop-trump-supporters-on-first-day-of-hearings-on-jan-6-capitol-insurrection\/#primaryimage"},"thumbnailUrl":"https:\/\/nebraskadem.wpenginepowered.com\/wp-content\/uploads\/2021\/07\/rioters.jpg","datePublished":"2021-07-27T19:51:36+00:00","breadcrumb":{"@id":"https:\/\/nebraskademocrats.org\/press-releases\/press-release-ndps-kleeb-condemns-bacon-and-other-gop-trump-supporters-on-first-day-of-hearings-on-jan-6-capitol-insurrection\/#breadcrumb"},"inLanguage":"vi","potentialAction":[{"@type":"ReadAction","target":["https:\/\/nebraskademocrats.org\/press-releases\/press-release-ndps-kleeb-condemns-bacon-and-other-gop-trump-supporters-on-first-day-of-hearings-on-jan-6-capitol-insurrection\/"]}]},{"@type":"ImageObject","inLanguage":"vi","@id":"https:\/\/nebraskademocrats.org\/press-releases\/press-release-ndps-kleeb-condemns-bacon-and-other-gop-trump-supporters-on-first-day-of-hearings-on-jan-6-capitol-insurrection\/#primaryimage","url":"https:\/\/nebraskadem.wpenginepowered.com\/wp-content\/uploads\/2021\/07\/rioters.jpg","contentUrl":"https:\/\/nebraskadem.wpenginepowered.com\/wp-content\/uploads\/2021\/07\/rioters.jpg"},{"@type":"BreadcrumbList","@id":"https:\/\/nebraskademocrats.org\/press-releases\/press-release-ndps-kleeb-condemns-bacon-and-other-gop-trump-supporters-on-first-day-of-hearings-on-jan-6-capitol-insurrection\/#breadcrumb","itemListElement":[{"@type":"ListItem","position":1,"name":"Home","item":"https:\/\/nebraskademocrats.org\/"},{"@type":"ListItem","position":2,"name":"Press release: NDP\u2019s Kleeb condemns Bacon and other GOP Trump supporters on first day of hearings on Jan. 6 Capitol insurrection"}]},{"@type":"WebSite","@id":"https:\/\/nebraskademocrats.org\/#website","url":"https:\/\/nebraskademocrats.org\/","name":"Nebraska Democratic Party","description":"Ph\u00e1t tri\u1ec3n cu\u1ed9c s\u1ed1ng t\u1ed1t \u0111\u1eb9p cho t\u1ea5t c\u1ea3 Nebraskans","publisher":{"@id":"https:\/\/nebraskademocrats.org\/#organization"},"potentialAction":[{"@type":"SearchAction","target":{"@type":"EntryPoint","urlTemplate":"https:\/\/nebraskademocrats.org\/?s={search_term_string}"},"query-input":{"@type":"PropertyValueSpecification","valueRequired":true,"valueName":"search_term_string"}}],"inLanguage":"vi"},{"@type":"Organization","@id":"https:\/\/nebraskademocrats.org\/#organization","name":"Nebraska Democratic Party","url":"https:\/\/nebraskademocrats.org\/","logo":{"@type":"ImageObject","inLanguage":"vi","@id":"https:\/\/nebraskademocrats.org\/#\/schema\/logo\/image\/","url":"https:\/\/nebraskadem.wpenginepowered.com\/wp-content\/uploads\/2016\/05\/NDP2.jpg","contentUrl":"https:\/\/nebraskadem.wpenginepowered.com\/wp-content\/uploads\/2016\/05\/NDP2.jpg","width":1000,"height":396,"caption":"Nebraska Democratic Party"},"image":{"@id":"https:\/\/nebraskademocrats.org\/#\/schema\/logo\/image\/"},"sameAs":["https:\/\/www.facebook.com\/NebraskaDemocraticParty\/","https:\/\/x.com\/nebraskadems"]},{"@type":"Person","@id":"https:\/\/nebraskademocrats.org\/#\/schema\/person\/33e011ea0795f404810dc40828bcf289","name":"McKesson qu\u00fd gi\u00e1","image":{"@type":"ImageObject","inLanguage":"vi","@id":"https:\/\/secure.gravatar.com\/avatar\/35046e19b3373116ec64c07d386d3312028d3820dc0ffe65c344bcebc8ea9194?s=96&d=mm&r=g","url":"https:\/\/secure.gravatar.com\/avatar\/35046e19b3373116ec64c07d386d3312028d3820dc0ffe65c344bcebc8ea9194?s=96&d=mm&r=g","contentUrl":"https:\/\/secure.gravatar.com\/avatar\/35046e19b3373116ec64c07d386d3312028d3820dc0ffe65c344bcebc8ea9194?s=96&d=mm&r=g","caption":"Precious McKesson"}}]}},"_links":{"self":[{"href":"https:\/\/nebraskademocrats.org\/vi\/wp-json\/wp\/v2\/posts\/33829","targetHints":{"allow":["GET"]}}],"collection":[{"href":"https:\/\/nebraskademocrats.org\/vi\/wp-json\/wp\/v2\/posts"}],"about":[{"href":"https:\/\/nebraskademocrats.org\/vi\/wp-json\/wp\/v2\/types\/post"}],"author":[{"embeddable":true,"href":"https:\/\/nebraskademocrats.org\/vi\/wp-json\/wp\/v2\/users\/19"}],"replies":[{"embeddable":true,"href":"https:\/\/nebraskademocrats.org\/vi\/wp-json\/wp\/v2\/comments?post=33829"}],"version-history":[{"count":0,"href":"https:\/\/nebraskademocrats.org\/vi\/wp-json\/wp\/v2\/posts\/33829\/revisions"}],"wp:attachment":[{"href":"https:\/\/nebraskademocrats.org\/vi\/wp-json\/wp\/v2\/media?parent=33829"}],"wp:term":[{"taxonomy":"category","embeddable":true,"href":"https:\/\/nebraskademocrats.org\/vi\/wp-json\/wp\/v2\/categories?post=33829"},{"taxonomy":"post_tag","embeddable":true,"href":"https:\/\/nebraskademocrats.org\/vi\/wp-json\/wp\/v2\/tags?post=33829"}],"curies":[{"name":"wp","href":"https:\/\/api.w.org\/{rel}","templated":true}]}}