{"id":34022,"date":"2021-08-11T16:15:25","date_gmt":"2021-08-11T21:15:25","guid":{"rendered":"https:\/\/nebraskadem.wpenginepowered.com\/?p=34022"},"modified":"2021-08-11T16:15:25","modified_gmt":"2021-08-11T21:15:25","slug":"state-senators-ask-gov-ricketts-to-reinstate-the-covid-19-statewide-dashboard","status":"publish","type":"post","link":"https:\/\/nebraskademocrats.org\/vi\/press-releases\/state-senators-ask-gov-ricketts-to-reinstate-the-covid-19-statewide-dashboard\/","title":{"rendered":"Th\u01b0\u1ee3ng ngh\u1ecb s\u0129 ti\u1ec3u bang y\u00eau c\u1ea7u Th\u1ed1ng \u0111\u1ed1c Ricketts kh\u00f4i ph\u1ee5c COVID-19 B\u1ea3ng \u0111i\u1ec1u khi\u1ec3n to\u00e0n ti\u1ec3u bang"},"content":{"rendered":"<p>Nebraska State Sens. Machaela Cavanaugh, Jen Day, Megan Hunt, John McCollister, Terrell McKinney, Carol Blood, Matt Hansen, John Cavanaugh,<br \/>\nPatty Pansing Brooks, Tony Vargas v\u00e0 Adam Morfeld \u0111\u00e3 g\u1eedi m\u1ed9t l\u00e1 th\u01b0 h\u00f4m nay cho Th\u1ed1ng \u0111\u1ed1c Pete Ricketts y\u00eau c\u1ea7u \u00f4ng k\u00edch ho\u1ea1t l\u1ea1i b\u1ea3ng \u0111i\u1ec1u khi\u1ec3n h\u00e0ng ng\u00e0y COVID-19 tr\u00ean to\u00e0n ti\u1ec3u bang.<\/p>\n<p>Y\u00eau c\u1ea7u \u0111\u01b0\u1ee3c \u0111\u01b0a ra khi c\u00e1c tr\u01b0\u1eddng h\u1ecdc \u0111ang khai gi\u1ea3ng n\u0103m h\u1ecdc m\u00f9a thu v\u00e0 c\u00e1c doanh nghi\u1ec7p \u0111ang \u0111\u01b0a ra c\u00e1c quy\u1ebft \u0111\u1ecbnh v\u1ec1 ho\u1ea1t \u0111\u1ed9ng.<\/p>\n<p>\u201cK\u1ec3 t\u1eeb khi Nh\u00e0 n\u01b0\u1edbc \u0111\u00f3ng c\u1eeda B\u1ea3ng \u0111i\u1ec1u khi\u1ec3n COVID-19 v\u00e0o ng\u00e0y 30 th\u00e1ng 6 n\u0103m 2021,<br \/>\nNebraska \u0111\u00e3 ch\u1ee9ng ki\u1ebfn s\u1ef1 gia t\u0103ng c\u00e1c ca nhi\u1ec5m tr\u00f9ng v\u00e0 nh\u1eadp vi\u1ec7n. Ch\u00fang t\u00f4i k\u00ednh \u0111\u1ec1 ngh\u1ecb B\u1ed9 Y t\u1ebf v\u00e0 D\u1ecbch v\u1ee5 Nh\u00e2n sinh kh\u00f4i ph\u1ee5c b\u1ea3ng \u0111i\u1ec1u khi\u1ec3n COVID-19 ngay l\u1eadp t\u1ee9c v\u00e0 t\u1ea5t c\u1ea3 93 qu\u1eadn tr\u00ean kh\u1eafp Nebraska ph\u1ea3i b\u00e1o c\u00e1o d\u1eef li\u1ec7u cho ti\u1ec3u bang. &quot;<\/p>\n<p>C\u00e1c Th\u01b0\u1ee3ng ngh\u1ecb s\u0129 \u0111\u00e3 l\u00e0m r\u00f5 th\u00eam l\u00fd do t\u1ea1i sao vi\u1ec7c kh\u00f4i ph\u1ee5c trang t\u1ed5ng quan h\u00e0ng ng\u00e0y l\u00e0 r\u1ea5t quan tr\u1ecdng t\u1ea1i th\u1eddi \u0111i\u1ec3m n\u00e0y.<\/p>\n<p>\u201cB\u00e1o c\u00e1o h\u00e0ng tu\u1ea7n hi\u1ec7n t\u1ea1i \u0111ang thi\u1ebfu th\u00f4ng tin chi ti\u1ebft quan tr\u1ecdng, bao g\u1ed3m t\u1ef7 l\u1ec7 nhi\u1ec5m tr\u00f9ng theo t\u1eebng qu\u1eadn, s\u1ed1 ca t\u1eed vong li\u00ean quan \u0111\u1ebfn COVID-19, gi\u01b0\u1eddng b\u1ec7nh s\u1eb5n c\u00f3 h\u00e0ng ng\u00e0y, m\u1eb7t n\u1ea1 ph\u00f2ng \u0111\u1ed9c v\u00e0 t\u1ed5ng s\u1ed1 gi\u01b0\u1eddng nh\u00e2n vi\u00ean.<\/p>\n<p>Trang t\u1ed5ng quan cung c\u1ea5p cho ch\u00fang t\u00f4i th\u00f4ng tin tr\u00ecnh b\u00e0y theo th\u1eddi gian th\u1ef1c v\u1ec1 d\u1eef li\u1ec7u m\u00e0 ch\u00fang t\u00f4i c\u1ea7n \u0111\u1ec3 \u0111\u01b0a ra quy\u1ebft \u0111\u1ecbnh v\u1ec1 \u0111\u1ea1i d\u1ecbch v\u00e0 n\u1ebfu kh\u00f4ng c\u00f3 n\u00f3, ch\u00fang t\u00f4i kh\u00f4ng c\u00f3 th\u00f4ng tin c\u1ea7n thi\u1ebft \u0111\u1ec3 h\u00e0nh \u0111\u1ed9ng. \u201d<\/p>\n<p style=\"text-align: center;\">###<\/p>\n<p><a href=\"https:\/\/docs.google.com\/document\/u\/0\/d\/1_7ahKDvbSG5Dl7C1410cppiMhaQaKbGpZkBU2atyFxo\/edit\">B\u1ea2N SAO CH\u1eee G\u1ed0C<\/a><\/p>","protected":false},"excerpt":{"rendered":"<p>Nebraska State Sens. Machaela Cavanaugh, Jen Day, Megan Hunt, John McCollister, Terrell McKinney, Carol Blood, Matt Hansen, John Cavanaugh, Patty Pansing Brooks, Tony Vargas and Adam Morfeld sent a letter today to Gov. Pete Ricketts requesting he reactivate the statewide COVID-19 daily dashboard. The request comes as schools are opening for the fall school year &#8230; <a title=\"Th\u01b0\u1ee3ng ngh\u1ecb s\u0129 ti\u1ec3u bang y\u00eau c\u1ea7u Th\u1ed1ng \u0111\u1ed1c Ricketts kh\u00f4i ph\u1ee5c COVID-19 B\u1ea3ng \u0111i\u1ec1u khi\u1ec3n to\u00e0n ti\u1ec3u bang\" class=\"read-more\" href=\"https:\/\/nebraskademocrats.org\/vi\/press-releases\/state-senators-ask-gov-ricketts-to-reinstate-the-covid-19-statewide-dashboard\/\" aria-label=\"More on State Senators ask Gov. Ricketts to reinstate the COVID-19 Statewide Dashboard\">\u0110\u1ecdc th\u00eam<\/a><\/p>","protected":false},"author":19,"featured_media":0,"comment_status":"closed","ping_status":"closed","sticky":false,"template":"","format":"standard","meta":{"_acf_changed":false,"_exactmetrics_skip_tracking":false,"_exactmetrics_sitenote_active":false,"_exactmetrics_sitenote_note":"","_exactmetrics_sitenote_category":0,"footnotes":""},"categories":[4],"tags":[],"class_list":["post-34022","post","type-post","status-publish","format-standard","hentry","category-press-releases"],"acf":[],"yoast_head":"<!-- This site is optimized with the Yoast SEO plugin v27.4 - https:\/\/yoast.com\/product\/yoast-seo-wordpress\/ -->\n<title>State Senators ask Gov. Ricketts to reinstate the COVID-19 Statewide Dashboard &#8211; Nebraska Democratic Party<\/title>\n<meta name=\"robots\" content=\"index, follow, max-snippet:-1, max-image-preview:large, max-video-preview:-1\" \/>\n<link rel=\"canonical\" href=\"https:\/\/nebraskademocrats.org\/vi\/press-releases\/state-senators-ask-gov-ricketts-to-reinstate-the-covid-19-statewide-dashboard\/\" \/>\n<meta property=\"og:locale\" content=\"vi_VN\" \/>\n<meta property=\"og:type\" content=\"article\" \/>\n<meta property=\"og:title\" content=\"State Senators ask Gov. Ricketts to reinstate the COVID-19 Statewide Dashboard &#8211; Nebraska Democratic Party\" \/>\n<meta property=\"og:description\" content=\"Nebraska State Sens. Machaela Cavanaugh, Jen Day, Megan Hunt, John McCollister, Terrell McKinney, Carol Blood, Matt Hansen, John Cavanaugh, Patty Pansing Brooks, Tony Vargas and Adam Morfeld sent a letter today to Gov. Pete Ricketts requesting he reactivate the statewide COVID-19 daily dashboard. The request comes as schools are opening for the fall school year ... Read more\" \/>\n<meta property=\"og:url\" content=\"https:\/\/nebraskademocrats.org\/vi\/press-releases\/state-senators-ask-gov-ricketts-to-reinstate-the-covid-19-statewide-dashboard\/\" \/>\n<meta property=\"og:site_name\" content=\"Nebraska Democratic Party\" \/>\n<meta property=\"article:publisher\" content=\"https:\/\/www.facebook.com\/NebraskaDemocraticParty\/\" \/>\n<meta property=\"article:published_time\" content=\"2021-08-11T21:15:25+00:00\" \/>\n<meta property=\"og:image\" content=\"https:\/\/nebraskademocrats.org\/wp-content\/uploads\/2018\/09\/ne-dems-fb.jpg\" \/>\n\t<meta property=\"og:image:width\" content=\"1200\" \/>\n\t<meta property=\"og:image:height\" content=\"630\" \/>\n\t<meta property=\"og:image:type\" content=\"image\/jpeg\" \/>\n<meta name=\"author\" content=\"Precious McKesson\" \/>\n<meta name=\"twitter:card\" content=\"summary_large_image\" \/>\n<meta name=\"twitter:creator\" content=\"@nebraskadems\" \/>\n<meta name=\"twitter:site\" content=\"@nebraskadems\" \/>\n<meta name=\"twitter:label1\" content=\"\u0110\u01b0\u1ee3c vi\u1ebft b\u1edfi\" \/>\n\t<meta name=\"twitter:data1\" content=\"Precious McKesson\" \/>\n\t<meta name=\"twitter:label2\" content=\"\u01af\u1edbc t\u00ednh th\u1eddi gian \u0111\u1ecdc\" \/>\n\t<meta name=\"twitter:data2\" content=\"1 ph\u00fat\" \/>\n<script type=\"application\/ld+json\" class=\"yoast-schema-graph\">{\"@context\":\"https:\\\/\\\/schema.org\",\"@graph\":[{\"@type\":\"Article\",\"@id\":\"https:\\\/\\\/nebraskademocrats.org\\\/ar\\\/press-releases\\\/state-senators-ask-gov-ricketts-to-reinstate-the-covid-19-statewide-dashboard\\\/#article\",\"isPartOf\":{\"@id\":\"https:\\\/\\\/nebraskademocrats.org\\\/ar\\\/press-releases\\\/state-senators-ask-gov-ricketts-to-reinstate-the-covid-19-statewide-dashboard\\\/\"},\"author\":{\"name\":\"Precious McKesson\",\"@id\":\"https:\\\/\\\/nebraskademocrats.org\\\/#\\\/schema\\\/person\\\/33e011ea0795f404810dc40828bcf289\"},\"headline\":\"State Senators ask Gov. Ricketts to reinstate the COVID-19 Statewide Dashboard\",\"datePublished\":\"2021-08-11T21:15:25+00:00\",\"mainEntityOfPage\":{\"@id\":\"https:\\\/\\\/nebraskademocrats.org\\\/ar\\\/press-releases\\\/state-senators-ask-gov-ricketts-to-reinstate-the-covid-19-statewide-dashboard\\\/\"},\"wordCount\":195,\"publisher\":{\"@id\":\"https:\\\/\\\/nebraskademocrats.org\\\/#organization\"},\"articleSection\":[\"Press Releases\"],\"inLanguage\":\"vi\"},{\"@type\":\"WebPage\",\"@id\":\"https:\\\/\\\/nebraskademocrats.org\\\/ar\\\/press-releases\\\/state-senators-ask-gov-ricketts-to-reinstate-the-covid-19-statewide-dashboard\\\/\",\"url\":\"https:\\\/\\\/nebraskademocrats.org\\\/ar\\\/press-releases\\\/state-senators-ask-gov-ricketts-to-reinstate-the-covid-19-statewide-dashboard\\\/\",\"name\":\"State Senators ask Gov. Ricketts to reinstate the COVID-19 Statewide Dashboard &#8211; Nebraska Democratic Party\",\"isPartOf\":{\"@id\":\"https:\\\/\\\/nebraskademocrats.org\\\/#website\"},\"datePublished\":\"2021-08-11T21:15:25+00:00\",\"breadcrumb\":{\"@id\":\"https:\\\/\\\/nebraskademocrats.org\\\/ar\\\/press-releases\\\/state-senators-ask-gov-ricketts-to-reinstate-the-covid-19-statewide-dashboard\\\/#breadcrumb\"},\"inLanguage\":\"vi\",\"potentialAction\":[{\"@type\":\"ReadAction\",\"target\":[\"https:\\\/\\\/nebraskademocrats.org\\\/ar\\\/press-releases\\\/state-senators-ask-gov-ricketts-to-reinstate-the-covid-19-statewide-dashboard\\\/\"]}]},{\"@type\":\"BreadcrumbList\",\"@id\":\"https:\\\/\\\/nebraskademocrats.org\\\/ar\\\/press-releases\\\/state-senators-ask-gov-ricketts-to-reinstate-the-covid-19-statewide-dashboard\\\/#breadcrumb\",\"itemListElement\":[{\"@type\":\"ListItem\",\"position\":1,\"name\":\"Home\",\"item\":\"https:\\\/\\\/nebraskademocrats.org\\\/\"},{\"@type\":\"ListItem\",\"position\":2,\"name\":\"State Senators ask Gov. Ricketts to reinstate the COVID-19 Statewide Dashboard\"}]},{\"@type\":\"WebSite\",\"@id\":\"https:\\\/\\\/nebraskademocrats.org\\\/#website\",\"url\":\"https:\\\/\\\/nebraskademocrats.org\\\/\",\"name\":\"Nebraska Democratic Party\",\"description\":\"Growing the Good Life for All Nebraskans\",\"publisher\":{\"@id\":\"https:\\\/\\\/nebraskademocrats.org\\\/#organization\"},\"potentialAction\":[{\"@type\":\"SearchAction\",\"target\":{\"@type\":\"EntryPoint\",\"urlTemplate\":\"https:\\\/\\\/nebraskademocrats.org\\\/?s={search_term_string}\"},\"query-input\":{\"@type\":\"PropertyValueSpecification\",\"valueRequired\":true,\"valueName\":\"search_term_string\"}}],\"inLanguage\":\"vi\"},{\"@type\":\"Organization\",\"@id\":\"https:\\\/\\\/nebraskademocrats.org\\\/#organization\",\"name\":\"Nebraska Democratic Party\",\"url\":\"https:\\\/\\\/nebraskademocrats.org\\\/\",\"logo\":{\"@type\":\"ImageObject\",\"inLanguage\":\"vi\",\"@id\":\"https:\\\/\\\/nebraskademocrats.org\\\/#\\\/schema\\\/logo\\\/image\\\/\",\"url\":\"https:\\\/\\\/nebraskadem.wpenginepowered.com\\\/wp-content\\\/uploads\\\/2016\\\/05\\\/NDP2.jpg\",\"contentUrl\":\"https:\\\/\\\/nebraskadem.wpenginepowered.com\\\/wp-content\\\/uploads\\\/2016\\\/05\\\/NDP2.jpg\",\"width\":1000,\"height\":396,\"caption\":\"Nebraska Democratic Party\"},\"image\":{\"@id\":\"https:\\\/\\\/nebraskademocrats.org\\\/#\\\/schema\\\/logo\\\/image\\\/\"},\"sameAs\":[\"https:\\\/\\\/www.facebook.com\\\/NebraskaDemocraticParty\\\/\",\"https:\\\/\\\/x.com\\\/nebraskadems\"]},{\"@type\":\"Person\",\"@id\":\"https:\\\/\\\/nebraskademocrats.org\\\/#\\\/schema\\\/person\\\/33e011ea0795f404810dc40828bcf289\",\"name\":\"Precious McKesson\",\"image\":{\"@type\":\"ImageObject\",\"inLanguage\":\"vi\",\"@id\":\"https:\\\/\\\/secure.gravatar.com\\\/avatar\\\/35046e19b3373116ec64c07d386d3312028d3820dc0ffe65c344bcebc8ea9194?s=96&d=mm&r=g\",\"url\":\"https:\\\/\\\/secure.gravatar.com\\\/avatar\\\/35046e19b3373116ec64c07d386d3312028d3820dc0ffe65c344bcebc8ea9194?s=96&d=mm&r=g\",\"contentUrl\":\"https:\\\/\\\/secure.gravatar.com\\\/avatar\\\/35046e19b3373116ec64c07d386d3312028d3820dc0ffe65c344bcebc8ea9194?s=96&d=mm&r=g\",\"caption\":\"Precious McKesson\"}}]}<\/script>\n<!-- \/ Yoast SEO plugin. -->","yoast_head_json":{"title":"State Senators ask Gov. Ricketts to reinstate the COVID-19 Statewide Dashboard &#8211; Nebraska Democratic Party","robots":{"index":"index","follow":"follow","max-snippet":"max-snippet:-1","max-image-preview":"max-image-preview:large","max-video-preview":"max-video-preview:-1"},"canonical":"https:\/\/nebraskademocrats.org\/vi\/press-releases\/state-senators-ask-gov-ricketts-to-reinstate-the-covid-19-statewide-dashboard\/","og_locale":"vi_VN","og_type":"article","og_title":"State Senators ask Gov. Ricketts to reinstate the COVID-19 Statewide Dashboard &#8211; Nebraska Democratic Party","og_description":"Nebraska State Sens. Machaela Cavanaugh, Jen Day, Megan Hunt, John McCollister, Terrell McKinney, Carol Blood, Matt Hansen, John Cavanaugh, Patty Pansing Brooks, Tony Vargas and Adam Morfeld sent a letter today to Gov. Pete Ricketts requesting he reactivate the statewide COVID-19 daily dashboard. The request comes as schools are opening for the fall school year ... Read more","og_url":"https:\/\/nebraskademocrats.org\/vi\/press-releases\/state-senators-ask-gov-ricketts-to-reinstate-the-covid-19-statewide-dashboard\/","og_site_name":"Nebraska Democratic Party","article_publisher":"https:\/\/www.facebook.com\/NebraskaDemocraticParty\/","article_published_time":"2021-08-11T21:15:25+00:00","og_image":[{"width":1200,"height":630,"url":"https:\/\/nebraskademocrats.org\/wp-content\/uploads\/2018\/09\/ne-dems-fb.jpg","type":"image\/jpeg"}],"author":"Precious McKesson","twitter_card":"summary_large_image","twitter_creator":"@nebraskadems","twitter_site":"@nebraskadems","twitter_misc":{"\u0110\u01b0\u1ee3c vi\u1ebft b\u1edfi":"Precious McKesson","\u01af\u1edbc t\u00ednh th\u1eddi gian \u0111\u1ecdc":"1 ph\u00fat"},"schema":{"@context":"https:\/\/schema.org","@graph":[{"@type":"Article","@id":"https:\/\/nebraskademocrats.org\/ar\/press-releases\/state-senators-ask-gov-ricketts-to-reinstate-the-covid-19-statewide-dashboard\/#article","isPartOf":{"@id":"https:\/\/nebraskademocrats.org\/ar\/press-releases\/state-senators-ask-gov-ricketts-to-reinstate-the-covid-19-statewide-dashboard\/"},"author":{"name":"Precious McKesson","@id":"https:\/\/nebraskademocrats.org\/#\/schema\/person\/33e011ea0795f404810dc40828bcf289"},"headline":"State Senators ask Gov. Ricketts to reinstate the COVID-19 Statewide Dashboard","datePublished":"2021-08-11T21:15:25+00:00","mainEntityOfPage":{"@id":"https:\/\/nebraskademocrats.org\/ar\/press-releases\/state-senators-ask-gov-ricketts-to-reinstate-the-covid-19-statewide-dashboard\/"},"wordCount":195,"publisher":{"@id":"https:\/\/nebraskademocrats.org\/#organization"},"articleSection":["Press Releases"],"inLanguage":"vi"},{"@type":"WebPage","@id":"https:\/\/nebraskademocrats.org\/ar\/press-releases\/state-senators-ask-gov-ricketts-to-reinstate-the-covid-19-statewide-dashboard\/","url":"https:\/\/nebraskademocrats.org\/ar\/press-releases\/state-senators-ask-gov-ricketts-to-reinstate-the-covid-19-statewide-dashboard\/","name":"State Senators ask Gov. Ricketts to reinstate the COVID-19 Statewide Dashboard &#8211; Nebraska Democratic Party","isPartOf":{"@id":"https:\/\/nebraskademocrats.org\/#website"},"datePublished":"2021-08-11T21:15:25+00:00","breadcrumb":{"@id":"https:\/\/nebraskademocrats.org\/ar\/press-releases\/state-senators-ask-gov-ricketts-to-reinstate-the-covid-19-statewide-dashboard\/#breadcrumb"},"inLanguage":"vi","potentialAction":[{"@type":"ReadAction","target":["https:\/\/nebraskademocrats.org\/ar\/press-releases\/state-senators-ask-gov-ricketts-to-reinstate-the-covid-19-statewide-dashboard\/"]}]},{"@type":"BreadcrumbList","@id":"https:\/\/nebraskademocrats.org\/ar\/press-releases\/state-senators-ask-gov-ricketts-to-reinstate-the-covid-19-statewide-dashboard\/#breadcrumb","itemListElement":[{"@type":"ListItem","position":1,"name":"Home","item":"https:\/\/nebraskademocrats.org\/"},{"@type":"ListItem","position":2,"name":"State Senators ask Gov. Ricketts to reinstate the COVID-19 Statewide Dashboard"}]},{"@type":"WebSite","@id":"https:\/\/nebraskademocrats.org\/#website","url":"https:\/\/nebraskademocrats.org\/","name":"Nebraska Democratic Party","description":"Ph\u00e1t tri\u1ec3n cu\u1ed9c s\u1ed1ng t\u1ed1t \u0111\u1eb9p cho t\u1ea5t c\u1ea3 Nebraskans","publisher":{"@id":"https:\/\/nebraskademocrats.org\/#organization"},"potentialAction":[{"@type":"SearchAction","target":{"@type":"EntryPoint","urlTemplate":"https:\/\/nebraskademocrats.org\/?s={search_term_string}"},"query-input":{"@type":"PropertyValueSpecification","valueRequired":true,"valueName":"search_term_string"}}],"inLanguage":"vi"},{"@type":"Organization","@id":"https:\/\/nebraskademocrats.org\/#organization","name":"Nebraska Democratic Party","url":"https:\/\/nebraskademocrats.org\/","logo":{"@type":"ImageObject","inLanguage":"vi","@id":"https:\/\/nebraskademocrats.org\/#\/schema\/logo\/image\/","url":"https:\/\/nebraskadem.wpenginepowered.com\/wp-content\/uploads\/2016\/05\/NDP2.jpg","contentUrl":"https:\/\/nebraskadem.wpenginepowered.com\/wp-content\/uploads\/2016\/05\/NDP2.jpg","width":1000,"height":396,"caption":"Nebraska Democratic Party"},"image":{"@id":"https:\/\/nebraskademocrats.org\/#\/schema\/logo\/image\/"},"sameAs":["https:\/\/www.facebook.com\/NebraskaDemocraticParty\/","https:\/\/x.com\/nebraskadems"]},{"@type":"Person","@id":"https:\/\/nebraskademocrats.org\/#\/schema\/person\/33e011ea0795f404810dc40828bcf289","name":"McKesson qu\u00fd gi\u00e1","image":{"@type":"ImageObject","inLanguage":"vi","@id":"https:\/\/secure.gravatar.com\/avatar\/35046e19b3373116ec64c07d386d3312028d3820dc0ffe65c344bcebc8ea9194?s=96&d=mm&r=g","url":"https:\/\/secure.gravatar.com\/avatar\/35046e19b3373116ec64c07d386d3312028d3820dc0ffe65c344bcebc8ea9194?s=96&d=mm&r=g","contentUrl":"https:\/\/secure.gravatar.com\/avatar\/35046e19b3373116ec64c07d386d3312028d3820dc0ffe65c344bcebc8ea9194?s=96&d=mm&r=g","caption":"Precious McKesson"}}]}},"_links":{"self":[{"href":"https:\/\/nebraskademocrats.org\/vi\/wp-json\/wp\/v2\/posts\/34022","targetHints":{"allow":["GET"]}}],"collection":[{"href":"https:\/\/nebraskademocrats.org\/vi\/wp-json\/wp\/v2\/posts"}],"about":[{"href":"https:\/\/nebraskademocrats.org\/vi\/wp-json\/wp\/v2\/types\/post"}],"author":[{"embeddable":true,"href":"https:\/\/nebraskademocrats.org\/vi\/wp-json\/wp\/v2\/users\/19"}],"replies":[{"embeddable":true,"href":"https:\/\/nebraskademocrats.org\/vi\/wp-json\/wp\/v2\/comments?post=34022"}],"version-history":[{"count":0,"href":"https:\/\/nebraskademocrats.org\/vi\/wp-json\/wp\/v2\/posts\/34022\/revisions"}],"wp:attachment":[{"href":"https:\/\/nebraskademocrats.org\/vi\/wp-json\/wp\/v2\/media?parent=34022"}],"wp:term":[{"taxonomy":"category","embeddable":true,"href":"https:\/\/nebraskademocrats.org\/vi\/wp-json\/wp\/v2\/categories?post=34022"},{"taxonomy":"post_tag","embeddable":true,"href":"https:\/\/nebraskademocrats.org\/vi\/wp-json\/wp\/v2\/tags?post=34022"}],"curies":[{"name":"wp","href":"https:\/\/api.w.org\/{rel}","templated":true}]}}