{"id":3438,"date":"2017-11-30T09:49:49","date_gmt":"2017-11-30T15:49:49","guid":{"rendered":"http:\/\/nebraskadem.wpenginepowered.com\/?p=3438"},"modified":"2017-11-30T09:55:24","modified_gmt":"2017-11-30T15:55:24","slug":"senators-fischer-and-sasse-cut-taxes-for-the-top-1-and-cut-resources-for-nebraskans","status":"publish","type":"post","link":"https:\/\/nebraskademocrats.org\/vi\/blog\/senators-fischer-and-sasse-cut-taxes-for-the-top-1-and-cut-resources-for-nebraskans\/","title":{"rendered":"Senators Fischer and Sasse cut taxes for the top 1% and cut resources for Nebraskans"},"content":{"rendered":"<p><span style=\"font-weight: 400;\">Senators Fischer and Sasse support the Republicans\u2019 tax plan give a handout to the top 1%, while it would hurt working Nebraskans and <\/span><a href=\"http:\/\/www.cnn.com\/2017\/11\/27\/politics\/cbo-score-senate-tax\/index.html\"><span style=\"font-weight: 400;\">exploding to the federal deficit. <\/span><\/a><span style=\"font-weight: 400;\">Even Trump&#8217;s advisor, Larry Kudlow, has said the bill will <\/span><a href=\"https:\/\/www.politico.com\/story\/2017\/11\/29\/trump-tax-reform-kudlow-194187\"><span style=\"font-weight: 400;\">&#8220;hurt a lot of different people&#8221;<\/span><\/a><span style=\"font-weight: 400;\">. While Senators Fischer and Sasse are pushing this destructive bill on Nebraskans, 50,000 kids on CHIP in our state are at risk to lose their health insurance because the GOP has not funded the program. <\/span><\/p>\n<p>&nbsp;<\/p>\n<p><b>The Republican tax bill would take more than $5 billion from middle-class families to give to the rich.<\/b><\/p>\n<p><a href=\"https:\/\/www.nytimes.com\/2017\/11\/29\/business\/republican-tax-cut.html?_r=1\"><span style=\"font-weight: 400;\">Th\u1eddi b\u00e1o New York<\/span><\/a><span style=\"font-weight: 400;\">: \u201cBy 2027, people making $40,000 to $50,000 <\/span>would pay a combined $5.3 billion more in taxes, while the group earning $1 million or more would get a $5.8 billion cut<span style=\"font-weight: 400;\">, according to the Joint Committee on Taxation and the Congressional Budget Office.\u201d<\/span><\/p>\n<p><b>Over 80% of households would have their taxes increase or see no change, while about 60% of households making over $1 million would get a tax cut.<\/b><\/p>\n<p><a href=\"https:\/\/www.wsj.com\/livecoverage\/tax-bill-2017\/card\/1512003451\"><span style=\"font-weight: 400;\">T\u1ea1p ch\u00ed Ph\u1ed1 Wall<\/span><\/a><span style=\"font-weight: 400;\">: \u201cBy 2027, after the individual tax cuts expire, most households would see little effect, <\/span>as 61% would have either tax increases or tax cuts below $100<span style=\"font-weight: 400;\">. In that year, 16% of households would have tax cuts exceeding $100 <\/span>while 23% would pay more<span style=\"font-weight: 400;\">. \u201d<\/span><\/p>\n<p><a href=\"https:\/\/www.washingtonpost.com\/news\/wonk\/wp\/2017\/11\/29\/38-percent-of-americans-wont-get-a-sizable-tax-cut-under-the-senate-gop-plan\/?utm_term=.d51fe955bb43\"><span style=\"font-weight: 400;\">Washington Post Wonkblog<\/span><\/a><span style=\"font-weight: 400;\">: \u201cBut by 2027<\/span>, just 16 percent of Americans would get a tax cut of at least $100<span style=\"font-weight: 400;\">. \u201d<\/span><\/p>\n<p><a href=\"https:\/\/www.wsj.com\/livecoverage\/tax-bill-2017\/card\/1512003451\"><span style=\"font-weight: 400;\">T\u1ea1p ch\u00ed Ph\u1ed1 Wall<\/span><\/a><span style=\"font-weight: 400;\">: \u201cBy 2027, when corporate tax cuts are the largest remaining policy, the tax cuts would be concentrated at the top of the income scale, with about <\/span>60% of households making over $1 million getting a tax cut<span style=\"font-weight: 400;\">, though 38% of them would pay more.\u201d<\/span><\/p>\n<p><b>The Republican tax bill is designed to please their wealthy donors, not the middle class.<\/b><\/p>\n<p><a href=\"https:\/\/www.nytimes.com\/2017\/11\/29\/business\/republican-tax-cut.html?_r=1\"><span style=\"font-weight: 400;\">Former Chief of Staff at the Congressional Joint Committee on Taxation<\/span><\/a><span style=\"font-weight: 400;\">: \u201cIt\u2019s not aimed at growth. It is not aimed at the middle class<\/span>. It is at every turn carefully engineered to deliver a kiss to the donor class<span style=\"font-weight: 400;\">. \u201d<\/span><\/p>\n<p><a href=\"https:\/\/www.nytimes.com\/2017\/11\/29\/opinion\/senate-tax-bill-problems-rush.html\"><span style=\"font-weight: 400;\">New York Times Editorial<\/span><\/a><span style=\"font-weight: 400;\">: \u201c<\/span>These policy changes, smuggled into the bill to please big Republican donors, would never survive a more transparent process<span style=\"font-weight: 400;\">. History will remember them for what they are: smaller scams aimed at winning support for a much bigger one.\u201d<\/span><\/p>\n<p><a href=\"https:\/\/www.nytimes.com\/2017\/11\/29\/business\/republican-tax-cut.html?_r=1\"><span style=\"font-weight: 400;\">Nobel Laureate Economist<\/span><\/a><span style=\"font-weight: 400;\">: \u201cEither it\u2019s a religious belief, a belief where no amount of evidence would change that, or they are using the argument cynically and <\/span>they just want more money for themselves<span style=\"font-weight: 400;\">. \u201d<\/span><\/p>\n<p>&nbsp;<\/p>\n<p><strong>To show our Republican Senators that you don\u2019t want to fund tax cuts for billionaires by putting Nebraskan children at risk, call them and let them know, or visit their Facebook pages and tell them. <\/strong><\/p>\n<p>&nbsp;<\/p>\n<h4><b>DEB FISCHER (R-NE)<\/b><\/h4>\n<h4><b>UNITED STATES SENATOR, REPRESENTS THE ENTIRE STATE<\/b><\/h4>\n<p>&nbsp;<\/p>\n<p><i><span style=\"font-weight: 400;\">Th\u00f4ng tin li\u00ean h\u1ec7 v\u0103n ph\u00f2ng<\/span><\/i><\/p>\n<p><b>Washington DC: <\/b><\/p>\n<p><span style=\"font-weight: 400;\">202-224-6551<\/span><\/p>\n<p><span style=\"font-weight: 400;\">454 T\u00f2a nh\u00e0 V\u0103n ph\u00f2ng Th\u01b0\u1ee3ng vi\u1ec7n Russell, Washington, DC 20510<\/span><\/p>\n<p><b>Kearney<\/b><span style=\"font-weight: 400;\">: <\/span><\/p>\n<p><span style=\"font-weight: 400;\">308-234-2361<\/span><\/p>\n<p><span style=\"font-weight: 400;\">20 West 23rd Street, Kearney, Nebraska 68847<\/span><\/p>\n<p><b>Lincoln: <\/b><\/p>\n<p><span style=\"font-weight: 400;\">402-441-4600<\/span><\/p>\n<p><span style=\"font-weight: 400;\">440 North 8 Street, Suite 120, Lincoln, Nebraska 68508<\/span><\/p>\n<p><b>Omaha<\/b><span style=\"font-weight: 400;\">: <\/span><\/p>\n<p><span style=\"font-weight: 400;\">402-391-3411<\/span><\/p>\n<p><span style=\"font-weight: 400;\">11819 Miracle Hills Drive Suite 205 Omaha, Nebraska 68154<\/span><\/p>\n<p><b>Scottsbluff: <\/b><\/p>\n<p><span style=\"font-weight: 400;\">308-630-2329<\/span><\/p>\n<p><span style=\"font-weight: 400;\">1110 Circle Drive, Suite F2, Scottsbluff, Nebraska 69361<\/span><\/p>\n<p>&nbsp;<\/p>\n<p><i><span style=\"font-weight: 400;\">Th\u00f4ng tin li\u00ean h\u1ec7 tr\u1ef1c tuy\u1ebfn<\/span><\/i><\/p>\n<p><span style=\"font-weight: 400;\">E-mail: <\/span><span style=\"font-weight: 400;\">senator_fischer@fischer.senate.gov<\/span><\/p>\n<p><span style=\"font-weight: 400;\">Twitter:<\/span> <a href=\"https:\/\/l.facebook.com\/l.php?u=https%3A%2F%2Ftwitter.com%2FSenatorFischer&amp;h=ATNLtDwEuX6gtwCI5mOe2V-VVcEE9T4mE6TU8aHcKQ_0wFOdww_Rnm5I99aOzLOwaTeAtvOlK2JZ0C0qw7rH5yPkWEl9Ji7BDG1IkRMcN24kSCRLA3q9REWSEsrG0HyAEmmxKsuEmg&amp;s=1\"><span style=\"font-weight: 400;\">@SenatorFischer<\/span><\/a><span style=\"font-weight: 400;\"> &amp; <\/span><a href=\"https:\/\/l.facebook.com\/l.php?u=https%3A%2F%2Ftwitter.com%2FDebFischerNE&amp;h=ATPuEKcys0fdZ6GtoHSjHMdoKf8ocRsR9r2QAwWeCus--JmydHqjpHgnblyw9JEN0SPFSzJ0p6snR3RI923hl7r11UDdladOJOafd32DtnF1A6cl8w_78ZPfx2nFa0D-HvTNDxxWPQ&amp;s=1\"><span style=\"font-weight: 400;\">@DebFischerNE<\/span><\/a><\/p>\n<p><span style=\"font-weight: 400;\">Facebook: <\/span><a href=\"https:\/\/www.facebook.com\/senatordebfischer\/\"><span style=\"font-weight: 400;\">https:\/\/www.facebook.com\/senatordebfischer\/<\/span><\/a><\/p>\n<p>&nbsp;<\/p>\n<h4><b>BEN SASSE (R-NE)<\/b><\/h4>\n<h4><b>UNITED STATES SENATOR, REPRESENTS THE ENTIRE STATE<\/b><\/h4>\n<p>&nbsp;<\/p>\n<p><i><span style=\"font-weight: 400;\">Th\u00f4ng tin li\u00ean h\u1ec7 v\u0103n ph\u00f2ng<\/span><\/i><\/p>\n<p><b>Washington DC:<\/b><\/p>\n<p><span style=\"font-weight: 400;\">202-224-4224<\/span><\/p>\n<p><span style=\"font-weight: 400;\">386A T\u00f2a nh\u00e0 V\u0103n ph\u00f2ng Th\u01b0\u1ee3ng vi\u1ec7n Russell, Washington, DC 20510<\/span><\/p>\n<p><b>Lincoln:<\/b><\/p>\n<p><span style=\"font-weight: 400;\">402-476-1400<\/span><\/p>\n<p><span style=\"font-weight: 400;\">1128 Lincoln Mall, Suite 305, Lincoln, NE 68508<\/span><\/p>\n<p><b>Kearney:<\/b><\/p>\n<p><span style=\"font-weight: 400;\">308-233-3677<\/span><\/p>\n<p><span style=\"font-weight: 400;\">4111 \u0110\u1ea1i l\u1ed9 s\u1ed1 4, Suite 26, Kearney, NE 68845<\/span><\/p>\n<p><b>Omaha:<\/b><\/p>\n<p><span style=\"font-weight: 400;\">402-550-8040<\/span><\/p>\n<p><span style=\"font-weight: 400;\">304 North 168th Circle Suite 213, Omaha, NE 68118<\/span><\/p>\n<p><b>Scottsbluff:<\/b><\/p>\n<p><span style=\"font-weight: 400;\">308-632-6032<\/span><\/p>\n<p><span style=\"font-weight: 400;\">115 \u0110\u01b0\u1eddng s\u1eaft, Suite C102, Scottsbluff, NE 69361<\/span><\/p>\n<p>&nbsp;<\/p>\n<p><i><span style=\"font-weight: 400;\">Th\u00f4ng tin li\u00ean h\u1ec7 tr\u1ef1c tuy\u1ebfn<\/span><\/i><\/p>\n<p><span style=\"font-weight: 400;\">E-mail: <\/span><span style=\"font-weight: 400;\">ben_sasse@sasse.senate.gov<\/span><\/p>\n<p><span style=\"font-weight: 400;\">Twitter: <\/span><a href=\"https:\/\/l.facebook.com\/l.php?u=https%3A%2F%2Ftwitter.com%2FBenSasse&amp;h=ATNawAWZ2VlRuBjzoiIHFuzMfx6V7JQFw0i5H1VzI8pRokrWgxAHDh8HcfBL1OEyOWSoUL7nAhWXqJ4dBENtLjHTvIrx5uOx5aWKrSsw3mmpk-tDM-vi0pCnmbudcgGK0Mm7Eee9yQ&amp;s=1\"><span style=\"font-weight: 400;\">@BenSasse<\/span><\/a><span style=\"font-weight: 400;\"> &amp; <\/span><a href=\"https:\/\/l.facebook.com\/l.php?u=https%3A%2F%2Ftwitter.com%2FSenSasse&amp;h=ATPQtrmZ9clZspIVJCgEWoCsPpuqpnuMo2IncPNzGmQ5_YJFX89cyfkvHgGZsdZyrKeIIsKfMgVNyxBjizYQyzg9TXVy970-MJFRDPZefDxyuTCwKnG0MXCx3Vk22z9uO5YYMB-GLg&amp;s=1\"><span style=\"font-weight: 400;\">@SenSasse<\/span><\/a><\/p>\n<p><span style=\"font-weight: 400;\">Facebook:<\/span> <a href=\"https:\/\/www.facebook.com\/SenatorSasse\/\"><span style=\"font-weight: 400;\">https:\/\/www.facebook.com\/SenatorSasse<\/span><\/a><\/p>\n<p>&nbsp;<\/p>\n<p><img fetchpriority=\"high\" decoding=\"async\" class=\"wp-image-3441 aligncenter\" src=\"https:\/\/nebraskadem.wpenginepowered.com\/wp-content\/uploads\/2017\/11\/NDP-Cut-Cut-Cut-1-300x300.png\" alt=\"\" width=\"448\" height=\"448\" srcset=\"https:\/\/nebraskademocrats.org\/wp-content\/uploads\/2017\/11\/NDP-Cut-Cut-Cut-1-300x300.png 300w, https:\/\/nebraskademocrats.org\/wp-content\/uploads\/2017\/11\/NDP-Cut-Cut-Cut-1-150x150.png 150w, https:\/\/nebraskademocrats.org\/wp-content\/uploads\/2017\/11\/NDP-Cut-Cut-Cut-1-768x768.png 768w, https:\/\/nebraskademocrats.org\/wp-content\/uploads\/2017\/11\/NDP-Cut-Cut-Cut-1-1024x1024.png 1024w, https:\/\/nebraskademocrats.org\/wp-content\/uploads\/2017\/11\/NDP-Cut-Cut-Cut-1.png 1080w\" sizes=\"(max-width: 448px) 100vw, 448px\" \/><\/p>","protected":false},"excerpt":{"rendered":"<p>Senators Fischer and Sasse support the Republicans\u2019 tax plan give a handout to the top 1%, while it would hurt working Nebraskans and exploding to the federal deficit. Even Trump&#8217;s advisor, Larry Kudlow, has said the bill will &#8220;hurt a lot of different people&#8221;. While Senators Fischer and Sasse are pushing this destructive bill on &#8230; <a title=\"Senators Fischer and Sasse cut taxes for the top 1% and cut resources for Nebraskans\" class=\"read-more\" href=\"https:\/\/nebraskademocrats.org\/vi\/blog\/senators-fischer-and-sasse-cut-taxes-for-the-top-1-and-cut-resources-for-nebraskans\/\" aria-label=\"More on Senators Fischer and Sasse cut taxes for the top 1% and cut resources for Nebraskans\">\u0110\u1ecdc th\u00eam<\/a><\/p>","protected":false},"author":19,"featured_media":3441,"comment_status":"closed","ping_status":"closed","sticky":false,"template":"","format":"standard","meta":{"_acf_changed":false,"_exactmetrics_skip_tracking":false,"_exactmetrics_sitenote_active":false,"_exactmetrics_sitenote_note":"","_exactmetrics_sitenote_category":0,"footnotes":""},"categories":[1],"tags":[],"class_list":["post-3438","post","type-post","status-publish","format-standard","has-post-thumbnail","hentry","category-blog"],"acf":[],"yoast_head":"<!-- This site is optimized with the Yoast SEO plugin v27.4 - https:\/\/yoast.com\/product\/yoast-seo-wordpress\/ -->\n<title>Senators Fischer and Sasse cut taxes for the top 1% and cut resources for Nebraskans &#8211; Nebraska Democratic Party<\/title>\n<meta name=\"robots\" content=\"index, follow, max-snippet:-1, max-image-preview:large, max-video-preview:-1\" \/>\n<link rel=\"canonical\" href=\"https:\/\/nebraskademocrats.org\/vi\/blog\/senators-fischer-and-sasse-cut-taxes-for-the-top-1-and-cut-resources-for-nebraskans\/\" \/>\n<meta property=\"og:locale\" content=\"vi_VN\" \/>\n<meta property=\"og:type\" content=\"article\" \/>\n<meta property=\"og:title\" content=\"Senators Fischer and Sasse cut taxes for the top 1% and cut resources for Nebraskans &#8211; Nebraska Democratic Party\" \/>\n<meta property=\"og:description\" content=\"Senators Fischer and Sasse support the Republicans\u2019 tax plan give a handout to the top 1%, while it would hurt working Nebraskans and exploding to the federal deficit. Even Trump&#8217;s advisor, Larry Kudlow, has said the bill will &#8220;hurt a lot of different people&#8221;. While Senators Fischer and Sasse are pushing this destructive bill on ... Read more\" \/>\n<meta property=\"og:url\" content=\"https:\/\/nebraskademocrats.org\/vi\/blog\/senators-fischer-and-sasse-cut-taxes-for-the-top-1-and-cut-resources-for-nebraskans\/\" \/>\n<meta property=\"og:site_name\" content=\"Nebraska Democratic Party\" \/>\n<meta property=\"article:publisher\" content=\"https:\/\/www.facebook.com\/NebraskaDemocraticParty\/\" \/>\n<meta property=\"article:published_time\" content=\"2017-11-30T15:49:49+00:00\" \/>\n<meta property=\"article:modified_time\" content=\"2017-11-30T15:55:24+00:00\" \/>\n<meta property=\"og:image\" content=\"https:\/\/nebraskademocrats.org\/wp-content\/uploads\/2017\/11\/NDP-Cut-Cut-Cut-1.png\" \/>\n\t<meta property=\"og:image:width\" content=\"1080\" \/>\n\t<meta property=\"og:image:height\" content=\"1080\" \/>\n\t<meta property=\"og:image:type\" content=\"image\/png\" \/>\n<meta name=\"author\" content=\"Precious McKesson\" \/>\n<meta name=\"twitter:card\" content=\"summary_large_image\" \/>\n<meta name=\"twitter:creator\" content=\"@nebraskadems\" \/>\n<meta name=\"twitter:site\" content=\"@nebraskadems\" \/>\n<meta name=\"twitter:label1\" content=\"\u0110\u01b0\u1ee3c vi\u1ebft b\u1edfi\" \/>\n\t<meta name=\"twitter:data1\" content=\"Precious McKesson\" \/>\n\t<meta name=\"twitter:label2\" content=\"\u01af\u1edbc t\u00ednh th\u1eddi gian \u0111\u1ecdc\" \/>\n\t<meta name=\"twitter:data2\" content=\"3 ph\u00fat\" \/>\n<script type=\"application\/ld+json\" class=\"yoast-schema-graph\">{\"@context\":\"https:\\\/\\\/schema.org\",\"@graph\":[{\"@type\":\"Article\",\"@id\":\"https:\\\/\\\/nebraskademocrats.org\\\/blog\\\/senators-fischer-and-sasse-cut-taxes-for-the-top-1-and-cut-resources-for-nebraskans\\\/#article\",\"isPartOf\":{\"@id\":\"https:\\\/\\\/nebraskademocrats.org\\\/blog\\\/senators-fischer-and-sasse-cut-taxes-for-the-top-1-and-cut-resources-for-nebraskans\\\/\"},\"author\":{\"name\":\"Precious McKesson\",\"@id\":\"https:\\\/\\\/nebraskademocrats.org\\\/#\\\/schema\\\/person\\\/33e011ea0795f404810dc40828bcf289\"},\"headline\":\"Senators Fischer and Sasse cut taxes for the top 1% and cut resources for Nebraskans\",\"datePublished\":\"2017-11-30T15:49:49+00:00\",\"dateModified\":\"2017-11-30T15:55:24+00:00\",\"mainEntityOfPage\":{\"@id\":\"https:\\\/\\\/nebraskademocrats.org\\\/blog\\\/senators-fischer-and-sasse-cut-taxes-for-the-top-1-and-cut-resources-for-nebraskans\\\/\"},\"wordCount\":602,\"publisher\":{\"@id\":\"https:\\\/\\\/nebraskademocrats.org\\\/#organization\"},\"image\":{\"@id\":\"https:\\\/\\\/nebraskademocrats.org\\\/blog\\\/senators-fischer-and-sasse-cut-taxes-for-the-top-1-and-cut-resources-for-nebraskans\\\/#primaryimage\"},\"thumbnailUrl\":\"https:\\\/\\\/nebraskademocrats.org\\\/wp-content\\\/uploads\\\/2017\\\/11\\\/NDP-Cut-Cut-Cut-1.png\",\"articleSection\":[\"NDP Blog\"],\"inLanguage\":\"vi\"},{\"@type\":\"WebPage\",\"@id\":\"https:\\\/\\\/nebraskademocrats.org\\\/blog\\\/senators-fischer-and-sasse-cut-taxes-for-the-top-1-and-cut-resources-for-nebraskans\\\/\",\"url\":\"https:\\\/\\\/nebraskademocrats.org\\\/blog\\\/senators-fischer-and-sasse-cut-taxes-for-the-top-1-and-cut-resources-for-nebraskans\\\/\",\"name\":\"Senators Fischer and Sasse cut taxes for the top 1% and cut resources for Nebraskans &#8211; Nebraska Democratic Party\",\"isPartOf\":{\"@id\":\"https:\\\/\\\/nebraskademocrats.org\\\/#website\"},\"primaryImageOfPage\":{\"@id\":\"https:\\\/\\\/nebraskademocrats.org\\\/blog\\\/senators-fischer-and-sasse-cut-taxes-for-the-top-1-and-cut-resources-for-nebraskans\\\/#primaryimage\"},\"image\":{\"@id\":\"https:\\\/\\\/nebraskademocrats.org\\\/blog\\\/senators-fischer-and-sasse-cut-taxes-for-the-top-1-and-cut-resources-for-nebraskans\\\/#primaryimage\"},\"thumbnailUrl\":\"https:\\\/\\\/nebraskademocrats.org\\\/wp-content\\\/uploads\\\/2017\\\/11\\\/NDP-Cut-Cut-Cut-1.png\",\"datePublished\":\"2017-11-30T15:49:49+00:00\",\"dateModified\":\"2017-11-30T15:55:24+00:00\",\"breadcrumb\":{\"@id\":\"https:\\\/\\\/nebraskademocrats.org\\\/blog\\\/senators-fischer-and-sasse-cut-taxes-for-the-top-1-and-cut-resources-for-nebraskans\\\/#breadcrumb\"},\"inLanguage\":\"vi\",\"potentialAction\":[{\"@type\":\"ReadAction\",\"target\":[\"https:\\\/\\\/nebraskademocrats.org\\\/blog\\\/senators-fischer-and-sasse-cut-taxes-for-the-top-1-and-cut-resources-for-nebraskans\\\/\"]}]},{\"@type\":\"ImageObject\",\"inLanguage\":\"vi\",\"@id\":\"https:\\\/\\\/nebraskademocrats.org\\\/blog\\\/senators-fischer-and-sasse-cut-taxes-for-the-top-1-and-cut-resources-for-nebraskans\\\/#primaryimage\",\"url\":\"https:\\\/\\\/nebraskademocrats.org\\\/wp-content\\\/uploads\\\/2017\\\/11\\\/NDP-Cut-Cut-Cut-1.png\",\"contentUrl\":\"https:\\\/\\\/nebraskademocrats.org\\\/wp-content\\\/uploads\\\/2017\\\/11\\\/NDP-Cut-Cut-Cut-1.png\",\"width\":1080,\"height\":1080},{\"@type\":\"BreadcrumbList\",\"@id\":\"https:\\\/\\\/nebraskademocrats.org\\\/blog\\\/senators-fischer-and-sasse-cut-taxes-for-the-top-1-and-cut-resources-for-nebraskans\\\/#breadcrumb\",\"itemListElement\":[{\"@type\":\"ListItem\",\"position\":1,\"name\":\"Home\",\"item\":\"https:\\\/\\\/nebraskademocrats.org\\\/\"},{\"@type\":\"ListItem\",\"position\":2,\"name\":\"Senators Fischer and Sasse cut taxes for the top 1% and cut resources for Nebraskans\"}]},{\"@type\":\"WebSite\",\"@id\":\"https:\\\/\\\/nebraskademocrats.org\\\/#website\",\"url\":\"https:\\\/\\\/nebraskademocrats.org\\\/\",\"name\":\"Nebraska Democratic Party\",\"description\":\"Growing the Good Life for All Nebraskans\",\"publisher\":{\"@id\":\"https:\\\/\\\/nebraskademocrats.org\\\/#organization\"},\"potentialAction\":[{\"@type\":\"SearchAction\",\"target\":{\"@type\":\"EntryPoint\",\"urlTemplate\":\"https:\\\/\\\/nebraskademocrats.org\\\/?s={search_term_string}\"},\"query-input\":{\"@type\":\"PropertyValueSpecification\",\"valueRequired\":true,\"valueName\":\"search_term_string\"}}],\"inLanguage\":\"vi\"},{\"@type\":\"Organization\",\"@id\":\"https:\\\/\\\/nebraskademocrats.org\\\/#organization\",\"name\":\"Nebraska Democratic Party\",\"url\":\"https:\\\/\\\/nebraskademocrats.org\\\/\",\"logo\":{\"@type\":\"ImageObject\",\"inLanguage\":\"vi\",\"@id\":\"https:\\\/\\\/nebraskademocrats.org\\\/#\\\/schema\\\/logo\\\/image\\\/\",\"url\":\"https:\\\/\\\/nebraskadem.wpenginepowered.com\\\/wp-content\\\/uploads\\\/2016\\\/05\\\/NDP2.jpg\",\"contentUrl\":\"https:\\\/\\\/nebraskadem.wpenginepowered.com\\\/wp-content\\\/uploads\\\/2016\\\/05\\\/NDP2.jpg\",\"width\":1000,\"height\":396,\"caption\":\"Nebraska Democratic Party\"},\"image\":{\"@id\":\"https:\\\/\\\/nebraskademocrats.org\\\/#\\\/schema\\\/logo\\\/image\\\/\"},\"sameAs\":[\"https:\\\/\\\/www.facebook.com\\\/NebraskaDemocraticParty\\\/\",\"https:\\\/\\\/x.com\\\/nebraskadems\"]},{\"@type\":\"Person\",\"@id\":\"https:\\\/\\\/nebraskademocrats.org\\\/#\\\/schema\\\/person\\\/33e011ea0795f404810dc40828bcf289\",\"name\":\"Precious McKesson\",\"image\":{\"@type\":\"ImageObject\",\"inLanguage\":\"vi\",\"@id\":\"https:\\\/\\\/secure.gravatar.com\\\/avatar\\\/35046e19b3373116ec64c07d386d3312028d3820dc0ffe65c344bcebc8ea9194?s=96&d=mm&r=g\",\"url\":\"https:\\\/\\\/secure.gravatar.com\\\/avatar\\\/35046e19b3373116ec64c07d386d3312028d3820dc0ffe65c344bcebc8ea9194?s=96&d=mm&r=g\",\"contentUrl\":\"https:\\\/\\\/secure.gravatar.com\\\/avatar\\\/35046e19b3373116ec64c07d386d3312028d3820dc0ffe65c344bcebc8ea9194?s=96&d=mm&r=g\",\"caption\":\"Precious McKesson\"}}]}<\/script>\n<!-- \/ Yoast SEO plugin. -->","yoast_head_json":{"title":"Senators Fischer and Sasse cut taxes for the top 1% and cut resources for Nebraskans &#8211; Nebraska Democratic Party","robots":{"index":"index","follow":"follow","max-snippet":"max-snippet:-1","max-image-preview":"max-image-preview:large","max-video-preview":"max-video-preview:-1"},"canonical":"https:\/\/nebraskademocrats.org\/vi\/blog\/senators-fischer-and-sasse-cut-taxes-for-the-top-1-and-cut-resources-for-nebraskans\/","og_locale":"vi_VN","og_type":"article","og_title":"Senators Fischer and Sasse cut taxes for the top 1% and cut resources for Nebraskans &#8211; Nebraska Democratic Party","og_description":"Senators Fischer and Sasse support the Republicans\u2019 tax plan give a handout to the top 1%, while it would hurt working Nebraskans and exploding to the federal deficit. Even Trump&#8217;s advisor, Larry Kudlow, has said the bill will &#8220;hurt a lot of different people&#8221;. While Senators Fischer and Sasse are pushing this destructive bill on ... Read more","og_url":"https:\/\/nebraskademocrats.org\/vi\/blog\/senators-fischer-and-sasse-cut-taxes-for-the-top-1-and-cut-resources-for-nebraskans\/","og_site_name":"Nebraska Democratic Party","article_publisher":"https:\/\/www.facebook.com\/NebraskaDemocraticParty\/","article_published_time":"2017-11-30T15:49:49+00:00","article_modified_time":"2017-11-30T15:55:24+00:00","og_image":[{"width":1080,"height":1080,"url":"https:\/\/nebraskademocrats.org\/wp-content\/uploads\/2017\/11\/NDP-Cut-Cut-Cut-1.png","type":"image\/png"}],"author":"Precious McKesson","twitter_card":"summary_large_image","twitter_creator":"@nebraskadems","twitter_site":"@nebraskadems","twitter_misc":{"\u0110\u01b0\u1ee3c vi\u1ebft b\u1edfi":"Precious McKesson","\u01af\u1edbc t\u00ednh th\u1eddi gian \u0111\u1ecdc":"3 ph\u00fat"},"schema":{"@context":"https:\/\/schema.org","@graph":[{"@type":"Article","@id":"https:\/\/nebraskademocrats.org\/blog\/senators-fischer-and-sasse-cut-taxes-for-the-top-1-and-cut-resources-for-nebraskans\/#article","isPartOf":{"@id":"https:\/\/nebraskademocrats.org\/blog\/senators-fischer-and-sasse-cut-taxes-for-the-top-1-and-cut-resources-for-nebraskans\/"},"author":{"name":"Precious McKesson","@id":"https:\/\/nebraskademocrats.org\/#\/schema\/person\/33e011ea0795f404810dc40828bcf289"},"headline":"Senators Fischer and Sasse cut taxes for the top 1% and cut resources for Nebraskans","datePublished":"2017-11-30T15:49:49+00:00","dateModified":"2017-11-30T15:55:24+00:00","mainEntityOfPage":{"@id":"https:\/\/nebraskademocrats.org\/blog\/senators-fischer-and-sasse-cut-taxes-for-the-top-1-and-cut-resources-for-nebraskans\/"},"wordCount":602,"publisher":{"@id":"https:\/\/nebraskademocrats.org\/#organization"},"image":{"@id":"https:\/\/nebraskademocrats.org\/blog\/senators-fischer-and-sasse-cut-taxes-for-the-top-1-and-cut-resources-for-nebraskans\/#primaryimage"},"thumbnailUrl":"https:\/\/nebraskademocrats.org\/wp-content\/uploads\/2017\/11\/NDP-Cut-Cut-Cut-1.png","articleSection":["NDP Blog"],"inLanguage":"vi"},{"@type":"WebPage","@id":"https:\/\/nebraskademocrats.org\/blog\/senators-fischer-and-sasse-cut-taxes-for-the-top-1-and-cut-resources-for-nebraskans\/","url":"https:\/\/nebraskademocrats.org\/blog\/senators-fischer-and-sasse-cut-taxes-for-the-top-1-and-cut-resources-for-nebraskans\/","name":"Senators Fischer and Sasse cut taxes for the top 1% and cut resources for Nebraskans &#8211; Nebraska Democratic Party","isPartOf":{"@id":"https:\/\/nebraskademocrats.org\/#website"},"primaryImageOfPage":{"@id":"https:\/\/nebraskademocrats.org\/blog\/senators-fischer-and-sasse-cut-taxes-for-the-top-1-and-cut-resources-for-nebraskans\/#primaryimage"},"image":{"@id":"https:\/\/nebraskademocrats.org\/blog\/senators-fischer-and-sasse-cut-taxes-for-the-top-1-and-cut-resources-for-nebraskans\/#primaryimage"},"thumbnailUrl":"https:\/\/nebraskademocrats.org\/wp-content\/uploads\/2017\/11\/NDP-Cut-Cut-Cut-1.png","datePublished":"2017-11-30T15:49:49+00:00","dateModified":"2017-11-30T15:55:24+00:00","breadcrumb":{"@id":"https:\/\/nebraskademocrats.org\/blog\/senators-fischer-and-sasse-cut-taxes-for-the-top-1-and-cut-resources-for-nebraskans\/#breadcrumb"},"inLanguage":"vi","potentialAction":[{"@type":"ReadAction","target":["https:\/\/nebraskademocrats.org\/blog\/senators-fischer-and-sasse-cut-taxes-for-the-top-1-and-cut-resources-for-nebraskans\/"]}]},{"@type":"ImageObject","inLanguage":"vi","@id":"https:\/\/nebraskademocrats.org\/blog\/senators-fischer-and-sasse-cut-taxes-for-the-top-1-and-cut-resources-for-nebraskans\/#primaryimage","url":"https:\/\/nebraskademocrats.org\/wp-content\/uploads\/2017\/11\/NDP-Cut-Cut-Cut-1.png","contentUrl":"https:\/\/nebraskademocrats.org\/wp-content\/uploads\/2017\/11\/NDP-Cut-Cut-Cut-1.png","width":1080,"height":1080},{"@type":"BreadcrumbList","@id":"https:\/\/nebraskademocrats.org\/blog\/senators-fischer-and-sasse-cut-taxes-for-the-top-1-and-cut-resources-for-nebraskans\/#breadcrumb","itemListElement":[{"@type":"ListItem","position":1,"name":"Home","item":"https:\/\/nebraskademocrats.org\/"},{"@type":"ListItem","position":2,"name":"Senators Fischer and Sasse cut taxes for the top 1% and cut resources for Nebraskans"}]},{"@type":"WebSite","@id":"https:\/\/nebraskademocrats.org\/#website","url":"https:\/\/nebraskademocrats.org\/","name":"Nebraska Democratic Party","description":"Ph\u00e1t tri\u1ec3n cu\u1ed9c s\u1ed1ng t\u1ed1t \u0111\u1eb9p cho t\u1ea5t c\u1ea3 Nebraskans","publisher":{"@id":"https:\/\/nebraskademocrats.org\/#organization"},"potentialAction":[{"@type":"SearchAction","target":{"@type":"EntryPoint","urlTemplate":"https:\/\/nebraskademocrats.org\/?s={search_term_string}"},"query-input":{"@type":"PropertyValueSpecification","valueRequired":true,"valueName":"search_term_string"}}],"inLanguage":"vi"},{"@type":"Organization","@id":"https:\/\/nebraskademocrats.org\/#organization","name":"Nebraska Democratic Party","url":"https:\/\/nebraskademocrats.org\/","logo":{"@type":"ImageObject","inLanguage":"vi","@id":"https:\/\/nebraskademocrats.org\/#\/schema\/logo\/image\/","url":"https:\/\/nebraskadem.wpenginepowered.com\/wp-content\/uploads\/2016\/05\/NDP2.jpg","contentUrl":"https:\/\/nebraskadem.wpenginepowered.com\/wp-content\/uploads\/2016\/05\/NDP2.jpg","width":1000,"height":396,"caption":"Nebraska Democratic Party"},"image":{"@id":"https:\/\/nebraskademocrats.org\/#\/schema\/logo\/image\/"},"sameAs":["https:\/\/www.facebook.com\/NebraskaDemocraticParty\/","https:\/\/x.com\/nebraskadems"]},{"@type":"Person","@id":"https:\/\/nebraskademocrats.org\/#\/schema\/person\/33e011ea0795f404810dc40828bcf289","name":"McKesson qu\u00fd gi\u00e1","image":{"@type":"ImageObject","inLanguage":"vi","@id":"https:\/\/secure.gravatar.com\/avatar\/35046e19b3373116ec64c07d386d3312028d3820dc0ffe65c344bcebc8ea9194?s=96&d=mm&r=g","url":"https:\/\/secure.gravatar.com\/avatar\/35046e19b3373116ec64c07d386d3312028d3820dc0ffe65c344bcebc8ea9194?s=96&d=mm&r=g","contentUrl":"https:\/\/secure.gravatar.com\/avatar\/35046e19b3373116ec64c07d386d3312028d3820dc0ffe65c344bcebc8ea9194?s=96&d=mm&r=g","caption":"Precious McKesson"}}]}},"_links":{"self":[{"href":"https:\/\/nebraskademocrats.org\/vi\/wp-json\/wp\/v2\/posts\/3438","targetHints":{"allow":["GET"]}}],"collection":[{"href":"https:\/\/nebraskademocrats.org\/vi\/wp-json\/wp\/v2\/posts"}],"about":[{"href":"https:\/\/nebraskademocrats.org\/vi\/wp-json\/wp\/v2\/types\/post"}],"author":[{"embeddable":true,"href":"https:\/\/nebraskademocrats.org\/vi\/wp-json\/wp\/v2\/users\/19"}],"replies":[{"embeddable":true,"href":"https:\/\/nebraskademocrats.org\/vi\/wp-json\/wp\/v2\/comments?post=3438"}],"version-history":[{"count":0,"href":"https:\/\/nebraskademocrats.org\/vi\/wp-json\/wp\/v2\/posts\/3438\/revisions"}],"wp:featuredmedia":[{"embeddable":true,"href":"https:\/\/nebraskademocrats.org\/vi\/wp-json\/wp\/v2\/media\/3441"}],"wp:attachment":[{"href":"https:\/\/nebraskademocrats.org\/vi\/wp-json\/wp\/v2\/media?parent=3438"}],"wp:term":[{"taxonomy":"category","embeddable":true,"href":"https:\/\/nebraskademocrats.org\/vi\/wp-json\/wp\/v2\/categories?post=3438"},{"taxonomy":"post_tag","embeddable":true,"href":"https:\/\/nebraskademocrats.org\/vi\/wp-json\/wp\/v2\/tags?post=3438"}],"curies":[{"name":"wp","href":"https:\/\/api.w.org\/{rel}","templated":true}]}}