{"id":34578,"date":"2021-09-24T17:05:05","date_gmt":"2021-09-24T22:05:05","guid":{"rendered":"https:\/\/nebraskadem.wpenginepowered.com\/?p=34578"},"modified":"2021-09-24T17:05:05","modified_gmt":"2021-09-24T22:05:05","slug":"press-release-ndp-chair-kleeb-statement-on-the-gerrymandered-congressional-map","status":"publish","type":"post","link":"https:\/\/nebraskademocrats.org\/vi\/press-releases\/press-release-ndp-chair-kleeb-statement-on-the-gerrymandered-congressional-map\/","title":{"rendered":"Th\u00f4ng c\u00e1o b\u00e1o ch\u00ed: Tuy\u00ean b\u1ed1 c\u1ee7a Ch\u1ee7 t\u1ecbch NDP Kleeb tr\u00ean b\u1ea3n \u0111\u1ed3 qu\u1ed1c h\u1ed9i gerrymandered"},"content":{"rendered":"<p><span style=\"font-weight: 400;\">Ch\u1ee7 t\u1ecbch NDP Jane Kleeb h\u00f4m th\u1ee9 S\u00e1u \u0111\u00e3 \u0111\u01b0a ra l\u1eddi k\u00eau g\u1ecdi t\u1ed5 ch\u1ee9c sau khi xem x\u00e9t b\u1ea3n \u0111\u1ed3 cho Qu\u1eadn Qu\u1ed1c h\u1ed9i s\u1ed1 2, \u0111\u01b0\u1ee3c v\u1ebd c\u1ee5 th\u1ec3 \u0111\u1ec3 bao g\u1ed3m m\u1ed9t khu \u0111\u1ea5t \u1edf Qu\u1eadn Sarpy m\u00e0 H\u1ea1 ngh\u1ecb s\u0129 Don Bacon g\u1ea7n \u0111\u00e2y \u0111\u00e3 mua \u0111\u1ec3 x\u00e2y nh\u00e0.<\/span><\/p>\n<p><span style=\"font-weight: 400;\">\u201cNDP hoan ngh\u00eanh c\u00e1c th\u01b0\u1ee3ng ngh\u1ecb s\u0129 \u0111ang l\u00e0m vi\u1ec7c ch\u0103m ch\u1ec9 trong phi\u00ean h\u1ecdp \u0111\u1eb7c bi\u1ec7t. Trong khi ch\u00fang t\u00f4i ngh\u0129 r\u1eb1ng c\u00e1c b\u1ea3n \u0111\u1ed3 l\u1eadp ph\u00e1p l\u00e0 c\u00f4ng b\u1eb1ng v\u00e0 c\u1ea1nh tranh, c\u00e1c b\u1ea3n \u0111\u1ed3 c\u1ee7a qu\u1ed1c h\u1ed9i \u0111\u00e3 \u0111\u01b0\u1ee3c GOP ch\u1ec9 \u0111\u1ea1o, \u201dKleeb n\u00f3i. \u201cB\u1ea3n \u0111\u1ed3 &#039;Mi\u1ebfng th\u1ecbt x\u00f4ng kh\u00f3i&#039; CH\u1ec8 \u0111\u01b0\u1ee3c t\u1ea1o ra \u0111\u1ec3 ph\u00f9 h\u1ee3p v\u1edbi k\u1ebf ho\u1ea1ch x\u00e2y nh\u00e0 c\u1ee7a M\u1ed8T ng\u01b0\u1eddi. \u0110\u00e2y l\u00e0 b\u1ea3n \u0111\u1ed3 \u0111\u1ea3ng ph\u00e1i vi\u1ebft l\u1ea1i h\u01b0\u1edbng \u0111i c\u1ee7a CD2.<\/span><\/p>\n<p><span style=\"font-weight: 400;\">\u201c\u0110\u1ea3ng D\u00e2n ch\u1ee7 s\u1ebd t\u1ed5 ch\u1ee9c v\u00e0 h\u1ee3p t\u00e1c v\u1edbi \u0110\u1ea3ng C\u1ed9ng h\u00f2a \u0111\u1ec3 bi\u1ebfn JoMaha Blue Dot tr\u1edf n\u00ean l\u1edbn h\u01a1n.<\/span><\/p>\n<p><span style=\"font-weight: 400;\">\u201cCh\u00fang t\u00f4i mong mu\u1ed1n \u0111\u01b0\u1ee3c h\u1ee3p t\u00e1c v\u1edbi c\u00f4ng d\u00e2n n\u00f4ng th\u00f4n v\u00e0 th\u00e0nh th\u1ecb \u1edf c\u1ea3 ba qu\u1eadn - Saunders, Douglas v\u00e0 Sarpy - \u0111\u1ec3 \u0111\u1ea3m b\u1ea3o c\u00e1c \u1ee9ng c\u1eed vi\u00ean c\u1ee7a ch\u00fang t\u00f4i \u0111\u1ea5u tranh cho c\u00e1c v\u1ea5n \u0111\u1ec1 m\u00e0 c\u1eed tri quan t\u00e2m t\u1eeb n\u01b0\u1edbc s\u1ea1ch, tr\u01b0\u1eddng c\u00f4ng l\u1eadp m\u1ea1nh v\u00e0 vi\u1ec7c l\u00e0m \u0111\u01b0\u1ee3c tr\u1ea3 l\u01b0\u01a1ng cao,\u201d Kleeb n\u00f3i .<\/span><\/p>\n<p><span style=\"font-weight: 400;\">\u0110\u00e2y kh\u00f4ng ph\u1ea3i l\u00e0 m\u1ed9t l\u1eddi k\u00eau g\u1ecdi m\u00e0 l\u00e0 m\u1ed9t l\u1eddi k\u00eau g\u1ecdi t\u1ed5 ch\u1ee9c nh\u1eefng ng\u01b0\u1eddi h\u00e0ng x\u00f3m c\u1ee7a ch\u00fang ta, \u0111\u0103ng k\u00fd c\u1eed tri m\u1edbi v\u00e0 \u0111\u1ee9ng l\u00ean ch\u1ed1ng l\u1ea1i m\u1ed9t \u0110\u1ea3ng C\u1ed9ng h\u00f2a \u0111\u1ebfn n\u1ed7i khi\u1ebfp s\u1ee3 v\u00ec thua cu\u1ed9c, h\u1ecd \u0111\u00e3 ph\u1ea3i quay sang ch\u1ec9 huy qu\u1eadn.<\/span><\/p>","protected":false},"excerpt":{"rendered":"<p>NDP Chair Jane Kleeb on Friday issued a call to organize after reviewing the map for the 2nd Congressional District, which was specifically drawn to include a plot of land in Sarpy County that Rep. Don Bacon recently purchased to build a house on. \u201cThe NDP applauds the senators who are working hard in the &#8230; <a title=\"Th\u00f4ng c\u00e1o b\u00e1o ch\u00ed: Tuy\u00ean b\u1ed1 c\u1ee7a Ch\u1ee7 t\u1ecbch NDP Kleeb tr\u00ean b\u1ea3n \u0111\u1ed3 qu\u1ed1c h\u1ed9i gerrymandered\" class=\"read-more\" href=\"https:\/\/nebraskademocrats.org\/vi\/press-releases\/press-release-ndp-chair-kleeb-statement-on-the-gerrymandered-congressional-map\/\" aria-label=\"More on Press release: NDP Chair Kleeb statement on the gerrymandered congressional map\">\u0110\u1ecdc th\u00eam<\/a><\/p>","protected":false},"author":19,"featured_media":0,"comment_status":"closed","ping_status":"closed","sticky":false,"template":"","format":"standard","meta":{"_acf_changed":false,"_exactmetrics_skip_tracking":false,"_exactmetrics_sitenote_active":false,"_exactmetrics_sitenote_note":"","_exactmetrics_sitenote_category":0,"footnotes":""},"categories":[4],"tags":[],"class_list":["post-34578","post","type-post","status-publish","format-standard","hentry","category-press-releases"],"acf":[],"yoast_head":"<!-- This site is optimized with the Yoast SEO plugin v27.4 - https:\/\/yoast.com\/product\/yoast-seo-wordpress\/ -->\n<title>Press release: NDP Chair Kleeb statement on the gerrymandered congressional map &#8211; Nebraska Democratic Party<\/title>\n<meta name=\"robots\" content=\"index, follow, max-snippet:-1, max-image-preview:large, max-video-preview:-1\" \/>\n<link rel=\"canonical\" href=\"https:\/\/nebraskademocrats.org\/vi\/press-releases\/press-release-ndp-chair-kleeb-statement-on-the-gerrymandered-congressional-map\/\" \/>\n<meta property=\"og:locale\" content=\"vi_VN\" \/>\n<meta property=\"og:type\" content=\"article\" \/>\n<meta property=\"og:title\" content=\"Press release: NDP Chair Kleeb statement on the gerrymandered congressional map &#8211; Nebraska Democratic Party\" \/>\n<meta property=\"og:description\" content=\"NDP Chair Jane Kleeb on Friday issued a call to organize after reviewing the map for the 2nd Congressional District, which was specifically drawn to include a plot of land in Sarpy County that Rep. Don Bacon recently purchased to build a house on. \u201cThe NDP applauds the senators who are working hard in the ... Read more\" \/>\n<meta property=\"og:url\" content=\"https:\/\/nebraskademocrats.org\/vi\/press-releases\/press-release-ndp-chair-kleeb-statement-on-the-gerrymandered-congressional-map\/\" \/>\n<meta property=\"og:site_name\" content=\"Nebraska Democratic Party\" \/>\n<meta property=\"article:publisher\" content=\"https:\/\/www.facebook.com\/NebraskaDemocraticParty\/\" \/>\n<meta property=\"article:published_time\" content=\"2021-09-24T22:05:05+00:00\" \/>\n<meta property=\"og:image\" content=\"https:\/\/nebraskademocrats.org\/wp-content\/uploads\/2018\/09\/ne-dems-fb.jpg\" \/>\n\t<meta property=\"og:image:width\" content=\"1200\" \/>\n\t<meta property=\"og:image:height\" content=\"630\" \/>\n\t<meta property=\"og:image:type\" content=\"image\/jpeg\" \/>\n<meta name=\"author\" content=\"Precious McKesson\" \/>\n<meta name=\"twitter:card\" content=\"summary_large_image\" \/>\n<meta name=\"twitter:creator\" content=\"@nebraskadems\" \/>\n<meta name=\"twitter:site\" content=\"@nebraskadems\" \/>\n<meta name=\"twitter:label1\" content=\"\u0110\u01b0\u1ee3c vi\u1ebft b\u1edfi\" \/>\n\t<meta name=\"twitter:data1\" content=\"Precious McKesson\" \/>\n\t<meta name=\"twitter:label2\" content=\"\u01af\u1edbc t\u00ednh th\u1eddi gian \u0111\u1ecdc\" \/>\n\t<meta name=\"twitter:data2\" content=\"1 ph\u00fat\" \/>\n<script type=\"application\/ld+json\" class=\"yoast-schema-graph\">{\"@context\":\"https:\\\/\\\/schema.org\",\"@graph\":[{\"@type\":\"Article\",\"@id\":\"https:\\\/\\\/nebraskademocrats.org\\\/press-releases\\\/press-release-ndp-chair-kleeb-statement-on-the-gerrymandered-congressional-map\\\/#article\",\"isPartOf\":{\"@id\":\"https:\\\/\\\/nebraskademocrats.org\\\/press-releases\\\/press-release-ndp-chair-kleeb-statement-on-the-gerrymandered-congressional-map\\\/\"},\"author\":{\"name\":\"Precious McKesson\",\"@id\":\"https:\\\/\\\/nebraskademocrats.org\\\/#\\\/schema\\\/person\\\/33e011ea0795f404810dc40828bcf289\"},\"headline\":\"Press release: NDP Chair Kleeb statement on the gerrymandered congressional map\",\"datePublished\":\"2021-09-24T22:05:05+00:00\",\"mainEntityOfPage\":{\"@id\":\"https:\\\/\\\/nebraskademocrats.org\\\/press-releases\\\/press-release-ndp-chair-kleeb-statement-on-the-gerrymandered-congressional-map\\\/\"},\"wordCount\":215,\"publisher\":{\"@id\":\"https:\\\/\\\/nebraskademocrats.org\\\/#organization\"},\"articleSection\":[\"Press Releases\"],\"inLanguage\":\"vi\"},{\"@type\":\"WebPage\",\"@id\":\"https:\\\/\\\/nebraskademocrats.org\\\/press-releases\\\/press-release-ndp-chair-kleeb-statement-on-the-gerrymandered-congressional-map\\\/\",\"url\":\"https:\\\/\\\/nebraskademocrats.org\\\/press-releases\\\/press-release-ndp-chair-kleeb-statement-on-the-gerrymandered-congressional-map\\\/\",\"name\":\"Press release: NDP Chair Kleeb statement on the gerrymandered congressional map &#8211; Nebraska Democratic Party\",\"isPartOf\":{\"@id\":\"https:\\\/\\\/nebraskademocrats.org\\\/#website\"},\"datePublished\":\"2021-09-24T22:05:05+00:00\",\"breadcrumb\":{\"@id\":\"https:\\\/\\\/nebraskademocrats.org\\\/press-releases\\\/press-release-ndp-chair-kleeb-statement-on-the-gerrymandered-congressional-map\\\/#breadcrumb\"},\"inLanguage\":\"vi\",\"potentialAction\":[{\"@type\":\"ReadAction\",\"target\":[\"https:\\\/\\\/nebraskademocrats.org\\\/press-releases\\\/press-release-ndp-chair-kleeb-statement-on-the-gerrymandered-congressional-map\\\/\"]}]},{\"@type\":\"BreadcrumbList\",\"@id\":\"https:\\\/\\\/nebraskademocrats.org\\\/press-releases\\\/press-release-ndp-chair-kleeb-statement-on-the-gerrymandered-congressional-map\\\/#breadcrumb\",\"itemListElement\":[{\"@type\":\"ListItem\",\"position\":1,\"name\":\"Home\",\"item\":\"https:\\\/\\\/nebraskademocrats.org\\\/\"},{\"@type\":\"ListItem\",\"position\":2,\"name\":\"Press release: NDP Chair Kleeb statement on the gerrymandered congressional map\"}]},{\"@type\":\"WebSite\",\"@id\":\"https:\\\/\\\/nebraskademocrats.org\\\/#website\",\"url\":\"https:\\\/\\\/nebraskademocrats.org\\\/\",\"name\":\"Nebraska Democratic Party\",\"description\":\"Growing the Good Life for All Nebraskans\",\"publisher\":{\"@id\":\"https:\\\/\\\/nebraskademocrats.org\\\/#organization\"},\"potentialAction\":[{\"@type\":\"SearchAction\",\"target\":{\"@type\":\"EntryPoint\",\"urlTemplate\":\"https:\\\/\\\/nebraskademocrats.org\\\/?s={search_term_string}\"},\"query-input\":{\"@type\":\"PropertyValueSpecification\",\"valueRequired\":true,\"valueName\":\"search_term_string\"}}],\"inLanguage\":\"vi\"},{\"@type\":\"Organization\",\"@id\":\"https:\\\/\\\/nebraskademocrats.org\\\/#organization\",\"name\":\"Nebraska Democratic Party\",\"url\":\"https:\\\/\\\/nebraskademocrats.org\\\/\",\"logo\":{\"@type\":\"ImageObject\",\"inLanguage\":\"vi\",\"@id\":\"https:\\\/\\\/nebraskademocrats.org\\\/#\\\/schema\\\/logo\\\/image\\\/\",\"url\":\"https:\\\/\\\/nebraskadem.wpenginepowered.com\\\/wp-content\\\/uploads\\\/2016\\\/05\\\/NDP2.jpg\",\"contentUrl\":\"https:\\\/\\\/nebraskadem.wpenginepowered.com\\\/wp-content\\\/uploads\\\/2016\\\/05\\\/NDP2.jpg\",\"width\":1000,\"height\":396,\"caption\":\"Nebraska Democratic Party\"},\"image\":{\"@id\":\"https:\\\/\\\/nebraskademocrats.org\\\/#\\\/schema\\\/logo\\\/image\\\/\"},\"sameAs\":[\"https:\\\/\\\/www.facebook.com\\\/NebraskaDemocraticParty\\\/\",\"https:\\\/\\\/x.com\\\/nebraskadems\"]},{\"@type\":\"Person\",\"@id\":\"https:\\\/\\\/nebraskademocrats.org\\\/#\\\/schema\\\/person\\\/33e011ea0795f404810dc40828bcf289\",\"name\":\"Precious McKesson\",\"image\":{\"@type\":\"ImageObject\",\"inLanguage\":\"vi\",\"@id\":\"https:\\\/\\\/secure.gravatar.com\\\/avatar\\\/35046e19b3373116ec64c07d386d3312028d3820dc0ffe65c344bcebc8ea9194?s=96&d=mm&r=g\",\"url\":\"https:\\\/\\\/secure.gravatar.com\\\/avatar\\\/35046e19b3373116ec64c07d386d3312028d3820dc0ffe65c344bcebc8ea9194?s=96&d=mm&r=g\",\"contentUrl\":\"https:\\\/\\\/secure.gravatar.com\\\/avatar\\\/35046e19b3373116ec64c07d386d3312028d3820dc0ffe65c344bcebc8ea9194?s=96&d=mm&r=g\",\"caption\":\"Precious McKesson\"}}]}<\/script>\n<!-- \/ Yoast SEO plugin. -->","yoast_head_json":{"title":"Press release: NDP Chair Kleeb statement on the gerrymandered congressional map &#8211; Nebraska Democratic Party","robots":{"index":"index","follow":"follow","max-snippet":"max-snippet:-1","max-image-preview":"max-image-preview:large","max-video-preview":"max-video-preview:-1"},"canonical":"https:\/\/nebraskademocrats.org\/vi\/press-releases\/press-release-ndp-chair-kleeb-statement-on-the-gerrymandered-congressional-map\/","og_locale":"vi_VN","og_type":"article","og_title":"Press release: NDP Chair Kleeb statement on the gerrymandered congressional map &#8211; Nebraska Democratic Party","og_description":"NDP Chair Jane Kleeb on Friday issued a call to organize after reviewing the map for the 2nd Congressional District, which was specifically drawn to include a plot of land in Sarpy County that Rep. Don Bacon recently purchased to build a house on. \u201cThe NDP applauds the senators who are working hard in the ... Read more","og_url":"https:\/\/nebraskademocrats.org\/vi\/press-releases\/press-release-ndp-chair-kleeb-statement-on-the-gerrymandered-congressional-map\/","og_site_name":"Nebraska Democratic Party","article_publisher":"https:\/\/www.facebook.com\/NebraskaDemocraticParty\/","article_published_time":"2021-09-24T22:05:05+00:00","og_image":[{"width":1200,"height":630,"url":"https:\/\/nebraskademocrats.org\/wp-content\/uploads\/2018\/09\/ne-dems-fb.jpg","type":"image\/jpeg"}],"author":"Precious McKesson","twitter_card":"summary_large_image","twitter_creator":"@nebraskadems","twitter_site":"@nebraskadems","twitter_misc":{"\u0110\u01b0\u1ee3c vi\u1ebft b\u1edfi":"Precious McKesson","\u01af\u1edbc t\u00ednh th\u1eddi gian \u0111\u1ecdc":"1 ph\u00fat"},"schema":{"@context":"https:\/\/schema.org","@graph":[{"@type":"Article","@id":"https:\/\/nebraskademocrats.org\/press-releases\/press-release-ndp-chair-kleeb-statement-on-the-gerrymandered-congressional-map\/#article","isPartOf":{"@id":"https:\/\/nebraskademocrats.org\/press-releases\/press-release-ndp-chair-kleeb-statement-on-the-gerrymandered-congressional-map\/"},"author":{"name":"Precious McKesson","@id":"https:\/\/nebraskademocrats.org\/#\/schema\/person\/33e011ea0795f404810dc40828bcf289"},"headline":"Press release: NDP Chair Kleeb statement on the gerrymandered congressional map","datePublished":"2021-09-24T22:05:05+00:00","mainEntityOfPage":{"@id":"https:\/\/nebraskademocrats.org\/press-releases\/press-release-ndp-chair-kleeb-statement-on-the-gerrymandered-congressional-map\/"},"wordCount":215,"publisher":{"@id":"https:\/\/nebraskademocrats.org\/#organization"},"articleSection":["Press Releases"],"inLanguage":"vi"},{"@type":"WebPage","@id":"https:\/\/nebraskademocrats.org\/press-releases\/press-release-ndp-chair-kleeb-statement-on-the-gerrymandered-congressional-map\/","url":"https:\/\/nebraskademocrats.org\/press-releases\/press-release-ndp-chair-kleeb-statement-on-the-gerrymandered-congressional-map\/","name":"Press release: NDP Chair Kleeb statement on the gerrymandered congressional map &#8211; Nebraska Democratic Party","isPartOf":{"@id":"https:\/\/nebraskademocrats.org\/#website"},"datePublished":"2021-09-24T22:05:05+00:00","breadcrumb":{"@id":"https:\/\/nebraskademocrats.org\/press-releases\/press-release-ndp-chair-kleeb-statement-on-the-gerrymandered-congressional-map\/#breadcrumb"},"inLanguage":"vi","potentialAction":[{"@type":"ReadAction","target":["https:\/\/nebraskademocrats.org\/press-releases\/press-release-ndp-chair-kleeb-statement-on-the-gerrymandered-congressional-map\/"]}]},{"@type":"BreadcrumbList","@id":"https:\/\/nebraskademocrats.org\/press-releases\/press-release-ndp-chair-kleeb-statement-on-the-gerrymandered-congressional-map\/#breadcrumb","itemListElement":[{"@type":"ListItem","position":1,"name":"Home","item":"https:\/\/nebraskademocrats.org\/"},{"@type":"ListItem","position":2,"name":"Press release: NDP Chair Kleeb statement on the gerrymandered congressional map"}]},{"@type":"WebSite","@id":"https:\/\/nebraskademocrats.org\/#website","url":"https:\/\/nebraskademocrats.org\/","name":"Nebraska Democratic Party","description":"Ph\u00e1t tri\u1ec3n cu\u1ed9c s\u1ed1ng t\u1ed1t \u0111\u1eb9p cho t\u1ea5t c\u1ea3 Nebraskans","publisher":{"@id":"https:\/\/nebraskademocrats.org\/#organization"},"potentialAction":[{"@type":"SearchAction","target":{"@type":"EntryPoint","urlTemplate":"https:\/\/nebraskademocrats.org\/?s={search_term_string}"},"query-input":{"@type":"PropertyValueSpecification","valueRequired":true,"valueName":"search_term_string"}}],"inLanguage":"vi"},{"@type":"Organization","@id":"https:\/\/nebraskademocrats.org\/#organization","name":"Nebraska Democratic Party","url":"https:\/\/nebraskademocrats.org\/","logo":{"@type":"ImageObject","inLanguage":"vi","@id":"https:\/\/nebraskademocrats.org\/#\/schema\/logo\/image\/","url":"https:\/\/nebraskadem.wpenginepowered.com\/wp-content\/uploads\/2016\/05\/NDP2.jpg","contentUrl":"https:\/\/nebraskadem.wpenginepowered.com\/wp-content\/uploads\/2016\/05\/NDP2.jpg","width":1000,"height":396,"caption":"Nebraska Democratic Party"},"image":{"@id":"https:\/\/nebraskademocrats.org\/#\/schema\/logo\/image\/"},"sameAs":["https:\/\/www.facebook.com\/NebraskaDemocraticParty\/","https:\/\/x.com\/nebraskadems"]},{"@type":"Person","@id":"https:\/\/nebraskademocrats.org\/#\/schema\/person\/33e011ea0795f404810dc40828bcf289","name":"McKesson qu\u00fd gi\u00e1","image":{"@type":"ImageObject","inLanguage":"vi","@id":"https:\/\/secure.gravatar.com\/avatar\/35046e19b3373116ec64c07d386d3312028d3820dc0ffe65c344bcebc8ea9194?s=96&d=mm&r=g","url":"https:\/\/secure.gravatar.com\/avatar\/35046e19b3373116ec64c07d386d3312028d3820dc0ffe65c344bcebc8ea9194?s=96&d=mm&r=g","contentUrl":"https:\/\/secure.gravatar.com\/avatar\/35046e19b3373116ec64c07d386d3312028d3820dc0ffe65c344bcebc8ea9194?s=96&d=mm&r=g","caption":"Precious McKesson"}}]}},"_links":{"self":[{"href":"https:\/\/nebraskademocrats.org\/vi\/wp-json\/wp\/v2\/posts\/34578","targetHints":{"allow":["GET"]}}],"collection":[{"href":"https:\/\/nebraskademocrats.org\/vi\/wp-json\/wp\/v2\/posts"}],"about":[{"href":"https:\/\/nebraskademocrats.org\/vi\/wp-json\/wp\/v2\/types\/post"}],"author":[{"embeddable":true,"href":"https:\/\/nebraskademocrats.org\/vi\/wp-json\/wp\/v2\/users\/19"}],"replies":[{"embeddable":true,"href":"https:\/\/nebraskademocrats.org\/vi\/wp-json\/wp\/v2\/comments?post=34578"}],"version-history":[{"count":0,"href":"https:\/\/nebraskademocrats.org\/vi\/wp-json\/wp\/v2\/posts\/34578\/revisions"}],"wp:attachment":[{"href":"https:\/\/nebraskademocrats.org\/vi\/wp-json\/wp\/v2\/media?parent=34578"}],"wp:term":[{"taxonomy":"category","embeddable":true,"href":"https:\/\/nebraskademocrats.org\/vi\/wp-json\/wp\/v2\/categories?post=34578"},{"taxonomy":"post_tag","embeddable":true,"href":"https:\/\/nebraskademocrats.org\/vi\/wp-json\/wp\/v2\/tags?post=34578"}],"curies":[{"name":"wp","href":"https:\/\/api.w.org\/{rel}","templated":true}]}}