{"id":34895,"date":"2021-10-15T15:34:44","date_gmt":"2021-10-15T20:34:44","guid":{"rendered":"https:\/\/nebraskadem.wpenginepowered.com\/?p=34895"},"modified":"2021-10-15T15:36:15","modified_gmt":"2021-10-15T20:36:15","slug":"press-release-nebraska-democrats-stand-with-striking-kelloggs-and-john-deere-workers","status":"publish","type":"post","link":"https:\/\/nebraskademocrats.org\/vi\/press-releases\/press-release-nebraska-democrats-stand-with-striking-kelloggs-and-john-deere-workers\/","title":{"rendered":"Th\u00f4ng c\u00e1o b\u00e1o ch\u00ed: \u0110\u1ea3ng D\u00e2n ch\u1ee7 Nebraska \u0111\u1ee9ng v\u1edbi c\u00e1c c\u00f4ng nh\u00e2n Kellogg&#039;s v\u00e0 John Deere \u0111\u00ecnh c\u00f4ng"},"content":{"rendered":"<p><span style=\"font-weight: 400;\">C\u00e1c th\u00e0nh vi\u00ean c\u1ee7a Nebraska Democratic Party \u0111\u00e3 \u0111\u01b0a ra tuy\u00ean b\u1ed1 \u1ee7ng h\u1ed9 v\u00e0o th\u1ee9 S\u00e1u cho c\u00e1c c\u00f4ng nh\u00e2n \u0111\u00ecnh c\u00f4ng t\u1ea1i c\u00e1c nh\u00e0 m\u00e1y Kellogg&#039;s v\u00e0 John Deere.<\/span><\/p>\n<p><span style=\"font-weight: 400;\">\u201c\u0110\u00e3 \u0111\u1ebfn l\u00fac Kellogg&#039;s v\u00e0 John Deere quay l\u1ea1i b\u00e0n \u0111\u00e0m ph\u00e1n v\u1edbi nh\u1eefng ng\u01b0\u1eddi lao \u0111\u1ed9ng n\u00e0y v\u00ec l\u1ee3i \u00edch c\u1ee7a t\u1ea5t c\u1ea3 m\u1ecdi ng\u01b0\u1eddi. V\u1edbi h\u00e0ng t\u1ef7 \u0111\u1ed3ng l\u1ee3i nhu\u1eadn m\u00e0 h\u1ecd \u0111\u00e3 ki\u1ebfm \u0111\u01b0\u1ee3c trong n\u0103m ngo\u00e1i, c\u00e1c c\u00f4ng ty n\u00ean t\u0103ng l\u01b0\u01a1ng v\u00e0 l\u1ee3i \u00edch, ch\u1ee9 kh\u00f4ng n\u00ean l\u1ea5y \u0111i c\u1ee7a h\u1ecd \u201d- <\/span><b>Ron Kaminski, \u1ee6y vi\u00ean \u1ee6y ban Qu\u1ed1c gia NDP v\u00e0 Th\u00e0nh vi\u00ean H\u1ed9i \u0111\u1ed3ng H\u1ecdp k\u00edn Lao \u0111\u1ed9ng DNC<\/b><\/p>\n<p><span style=\"font-weight: 400;\">\u201c\u0110\u1ea3ng D\u00e2n ch\u1ee7 s\u00e1t c\u00e1nh v\u00e0 \u1ee7ng h\u1ed9 c\u00e1c c\u00f4ng nh\u00e2n t\u1ea1i Kellogg&#039;s v\u00e0 John Deere \u0111\u00ecnh c\u00f4ng. Ti\u1ec1n l\u01b0\u01a1ng c\u00f4ng \u0111o\u00e0n t\u00f4n tr\u1ecdng ph\u1ea9m gi\u00e1 c\u1ee7a ng\u01b0\u1eddi lao \u0111\u1ed9ng c\u00f3 ngh\u0129a l\u00e0 s\u1ebd c\u00f3 nhi\u1ec1u ti\u1ec1n h\u01a1n v\u00e0o n\u1ec1n kinh t\u1ebf \u0111\u1ecba ph\u01b0\u01a1ng. Khi c\u00e1c c\u00f4ng ty \u0111ang t\u1ea1o ra l\u1ee3i nhu\u1eadn, nh\u1eefng kho\u1ea3n \u0111\u00f3 n\u00ean \u0111\u01b0\u1ee3c chia s\u1ebb v\u1edbi nh\u1eefng ng\u01b0\u1eddi lao \u0111\u1ed9ng, nh\u1eefng ng\u01b0\u1eddi bi\u1ebfn vi\u1ec7c t\u1ea1o ra s\u1ef1 gi\u00e0u c\u00f3 \u0111\u00f3 th\u00e0nh hi\u1ec7n th\u1ef1c \u201d.<\/span><b> - Ch\u1ee7 t\u1ecbch NDP Jane Kleeb<\/b><\/p>\n<p><span style=\"font-weight: 400;\">\u201c\u0110\u1ea3ng D\u00e2n ch\u1ee7 Qu\u1eadn Douglas \u0111\u1ee9ng v\u1ec1 ph\u00eda nh\u1eefng ng\u01b0\u1eddi lao \u0111\u1ed9ng b\u00e3i c\u00f4ng. Hi\u1ec7n ch\u00fang t\u00f4i c\u00f3 1.400 c\u00f4ng nh\u00e2n \u1edf Omaha c\u00f9ng nhau h\u1ee3p t\u00e1c \u0111\u1ec3 \u0111\u1ea3m b\u1ea3o tr\u1ea3 l\u01b0\u01a1ng v\u00e0 l\u1ee3i \u00edch t\u1ed1t cho t\u1ea5t c\u1ea3 ng\u01b0\u1eddi lao \u0111\u1ed9ng v\u00e0 lo\u1ea1i b\u1ecf h\u1ec7 th\u1ed1ng l\u01b0\u01a1ng hai b\u1eadc. 6.500 c\u00f4ng nh\u00e2n UAW kh\u00e1c \u0111ang ch\u1ed1ng l\u1ea1i John Deere \u0111\u1ec3 c\u1ed1 g\u1eafng duy tr\u00ec m\u1ed9t s\u1ed1 an ninh h\u01b0u tr\u00ed cho c\u00e1c th\u00e0nh vi\u00ean c\u1ee7a h\u1ecd. V\u00e0o ng\u00e0y 18 th\u00e1ng n\u00e0y, 60.000 ng\u01b0\u1eddi lao \u0111\u1ed9ng tr\u00ean to\u00e0n qu\u1ed1c l\u00e0 th\u00e0nh vi\u00ean c\u1ee7a c\u00f4ng \u0111o\u00e0n IATSE, nh\u1eefng ng\u01b0\u1eddi l\u00e0m s\u00e2n kh\u1ea5u, \u0111\u00e8n l\u00e0m vi\u1ec7c, m\u00e1y \u1ea3nh v\u00e0 s\u1ea3n xu\u1ea5t phim v\u00e0 ch\u01b0\u01a1ng tr\u00ecnh truy\u1ec1n h\u00ecnh, c\u00f3 th\u1ec3 ph\u1ea3i ngh\u1ec9 vi\u1ec7c ch\u1ec9 \u0111\u1ec3 y\u00eau c\u1ea7u ng\u01b0\u1eddi s\u1eed d\u1ee5ng lao \u0111\u1ed9ng th\u01b0\u01a1ng l\u01b0\u1ee3ng v\u1edbi \u00fd \u0111\u1ecbnh \u0111\u1ea1t \u0111\u01b0\u1ee3c m\u1ed9t th\u1ecfa thu\u1eadn. T\u1ed5ng c\u1ed9ng, g\u1ea7n 100.000 c\u00f4ng nh\u00e2n \u0111ang \u0111\u00ecnh c\u00f4ng ch\u1ec9 \u0111\u1ec3 \u0111\u1ea3m b\u1ea3o m\u1ee9c l\u01b0\u01a1ng v\u00e0 l\u1ee3i \u00edch t\u1ed1t cho nh\u1eefng ng\u01b0\u1eddi \u0111ang l\u00e0m vi\u1ec7c. Kh\u00f4ng ph\u1ea3i ng\u1eabu nhi\u00ean m\u00e0 sau nhi\u1ec1u n\u0103m l\u1ee3i nhu\u1eadn \u0111\u1ec1u \u0111\u1ea1t \u0111\u1ebfn m\u1ed9t ph\u1ea7n tr\u0103m, ng\u01b0\u1eddi lao \u0111\u1ed9ng c\u0169ng \u0111ang \u0111\u1ee9ng l\u00ean \u0111\u1ec3 chia s\u1ebb c\u1ee7a h\u1ecd.<\/span><b> - CJ King, Ch\u1ee7 t\u1ecbch \u0110\u1ea3ng D\u00e2n ch\u1ee7 Qu\u1eadn Douglas v\u00e0 Ch\u1ee7 t\u1ecbch C\u00e1c Gia \u0111\u00ecnh Lao \u0111\u1ed9ng c\u1ee7a NDP<\/b><\/p>","protected":false},"excerpt":{"rendered":"<p>Members of the Nebraska Democratic Party issued statements of support Friday for the striking workers at Kellogg&#8217;s and John Deere plants. \u201cIt is time for Kellogg\u2019s and John Deere to get back to the negotiating table with these workers for the benefit of all. With the billions in profits they made last year, the companies &#8230; <a title=\"Th\u00f4ng c\u00e1o b\u00e1o ch\u00ed: \u0110\u1ea3ng D\u00e2n ch\u1ee7 Nebraska \u0111\u1ee9ng v\u1edbi c\u00e1c c\u00f4ng nh\u00e2n Kellogg&#039;s v\u00e0 John Deere \u0111\u00ecnh c\u00f4ng\" class=\"read-more\" href=\"https:\/\/nebraskademocrats.org\/vi\/press-releases\/press-release-nebraska-democrats-stand-with-striking-kelloggs-and-john-deere-workers\/\" aria-label=\"More on Press release: Nebraska Democrats stand with striking Kellogg\u2019s and John Deere workers\">\u0110\u1ecdc th\u00eam<\/a><\/p>","protected":false},"author":19,"featured_media":0,"comment_status":"closed","ping_status":"closed","sticky":false,"template":"","format":"standard","meta":{"_acf_changed":false,"_exactmetrics_skip_tracking":false,"_exactmetrics_sitenote_active":false,"_exactmetrics_sitenote_note":"","_exactmetrics_sitenote_category":0,"footnotes":""},"categories":[4],"tags":[],"class_list":["post-34895","post","type-post","status-publish","format-standard","hentry","category-press-releases"],"acf":[],"yoast_head":"<!-- This site is optimized with the Yoast SEO plugin v27.4 - https:\/\/yoast.com\/product\/yoast-seo-wordpress\/ -->\n<title>Press release: Nebraska Democrats stand with striking Kellogg\u2019s and John Deere workers &#8211; Nebraska Democratic Party<\/title>\n<meta name=\"robots\" content=\"index, follow, max-snippet:-1, max-image-preview:large, max-video-preview:-1\" \/>\n<link rel=\"canonical\" href=\"https:\/\/nebraskademocrats.org\/vi\/press-releases\/press-release-nebraska-democrats-stand-with-striking-kelloggs-and-john-deere-workers\/\" \/>\n<meta property=\"og:locale\" content=\"vi_VN\" \/>\n<meta property=\"og:type\" content=\"article\" \/>\n<meta property=\"og:title\" content=\"Press release: Nebraska Democrats stand with striking Kellogg\u2019s and John Deere workers &#8211; Nebraska Democratic Party\" \/>\n<meta property=\"og:description\" content=\"Members of the Nebraska Democratic Party issued statements of support Friday for the striking workers at Kellogg&#8217;s and John Deere plants. \u201cIt is time for Kellogg\u2019s and John Deere to get back to the negotiating table with these workers for the benefit of all. With the billions in profits they made last year, the companies ... Read more\" \/>\n<meta property=\"og:url\" content=\"https:\/\/nebraskademocrats.org\/vi\/press-releases\/press-release-nebraska-democrats-stand-with-striking-kelloggs-and-john-deere-workers\/\" \/>\n<meta property=\"og:site_name\" content=\"Nebraska Democratic Party\" \/>\n<meta property=\"article:publisher\" content=\"https:\/\/www.facebook.com\/NebraskaDemocraticParty\/\" \/>\n<meta property=\"article:published_time\" content=\"2021-10-15T20:34:44+00:00\" \/>\n<meta property=\"article:modified_time\" content=\"2021-10-15T20:36:15+00:00\" \/>\n<meta property=\"og:image\" content=\"https:\/\/nebraskademocrats.org\/wp-content\/uploads\/2018\/09\/ne-dems-fb.jpg\" \/>\n\t<meta property=\"og:image:width\" content=\"1200\" \/>\n\t<meta property=\"og:image:height\" content=\"630\" \/>\n\t<meta property=\"og:image:type\" content=\"image\/jpeg\" \/>\n<meta name=\"author\" content=\"Precious McKesson\" \/>\n<meta name=\"twitter:card\" content=\"summary_large_image\" \/>\n<meta name=\"twitter:creator\" content=\"@nebraskadems\" \/>\n<meta name=\"twitter:site\" content=\"@nebraskadems\" \/>\n<meta name=\"twitter:label1\" content=\"\u0110\u01b0\u1ee3c vi\u1ebft b\u1edfi\" \/>\n\t<meta name=\"twitter:data1\" content=\"Precious McKesson\" \/>\n\t<meta name=\"twitter:label2\" content=\"\u01af\u1edbc t\u00ednh th\u1eddi gian \u0111\u1ecdc\" \/>\n\t<meta name=\"twitter:data2\" content=\"2 ph\u00fat\" \/>\n<script type=\"application\/ld+json\" class=\"yoast-schema-graph\">{\"@context\":\"https:\\\/\\\/schema.org\",\"@graph\":[{\"@type\":\"Article\",\"@id\":\"https:\\\/\\\/nebraskademocrats.org\\\/press-releases\\\/press-release-nebraska-democrats-stand-with-striking-kelloggs-and-john-deere-workers\\\/#article\",\"isPartOf\":{\"@id\":\"https:\\\/\\\/nebraskademocrats.org\\\/press-releases\\\/press-release-nebraska-democrats-stand-with-striking-kelloggs-and-john-deere-workers\\\/\"},\"author\":{\"name\":\"Precious McKesson\",\"@id\":\"https:\\\/\\\/nebraskademocrats.org\\\/#\\\/schema\\\/person\\\/33e011ea0795f404810dc40828bcf289\"},\"headline\":\"Press release: Nebraska Democrats stand with striking Kellogg\u2019s and John Deere workers\",\"datePublished\":\"2021-10-15T20:34:44+00:00\",\"dateModified\":\"2021-10-15T20:36:15+00:00\",\"mainEntityOfPage\":{\"@id\":\"https:\\\/\\\/nebraskademocrats.org\\\/press-releases\\\/press-release-nebraska-democrats-stand-with-striking-kelloggs-and-john-deere-workers\\\/\"},\"wordCount\":311,\"publisher\":{\"@id\":\"https:\\\/\\\/nebraskademocrats.org\\\/#organization\"},\"articleSection\":[\"Press Releases\"],\"inLanguage\":\"vi\"},{\"@type\":\"WebPage\",\"@id\":\"https:\\\/\\\/nebraskademocrats.org\\\/press-releases\\\/press-release-nebraska-democrats-stand-with-striking-kelloggs-and-john-deere-workers\\\/\",\"url\":\"https:\\\/\\\/nebraskademocrats.org\\\/press-releases\\\/press-release-nebraska-democrats-stand-with-striking-kelloggs-and-john-deere-workers\\\/\",\"name\":\"Press release: Nebraska Democrats stand with striking Kellogg\u2019s and John Deere workers &#8211; Nebraska Democratic Party\",\"isPartOf\":{\"@id\":\"https:\\\/\\\/nebraskademocrats.org\\\/#website\"},\"datePublished\":\"2021-10-15T20:34:44+00:00\",\"dateModified\":\"2021-10-15T20:36:15+00:00\",\"breadcrumb\":{\"@id\":\"https:\\\/\\\/nebraskademocrats.org\\\/press-releases\\\/press-release-nebraska-democrats-stand-with-striking-kelloggs-and-john-deere-workers\\\/#breadcrumb\"},\"inLanguage\":\"vi\",\"potentialAction\":[{\"@type\":\"ReadAction\",\"target\":[\"https:\\\/\\\/nebraskademocrats.org\\\/press-releases\\\/press-release-nebraska-democrats-stand-with-striking-kelloggs-and-john-deere-workers\\\/\"]}]},{\"@type\":\"BreadcrumbList\",\"@id\":\"https:\\\/\\\/nebraskademocrats.org\\\/press-releases\\\/press-release-nebraska-democrats-stand-with-striking-kelloggs-and-john-deere-workers\\\/#breadcrumb\",\"itemListElement\":[{\"@type\":\"ListItem\",\"position\":1,\"name\":\"Home\",\"item\":\"https:\\\/\\\/nebraskademocrats.org\\\/\"},{\"@type\":\"ListItem\",\"position\":2,\"name\":\"Press release: Nebraska Democrats stand with striking Kellogg\u2019s and John Deere workers\"}]},{\"@type\":\"WebSite\",\"@id\":\"https:\\\/\\\/nebraskademocrats.org\\\/#website\",\"url\":\"https:\\\/\\\/nebraskademocrats.org\\\/\",\"name\":\"Nebraska Democratic Party\",\"description\":\"Growing the Good Life for All Nebraskans\",\"publisher\":{\"@id\":\"https:\\\/\\\/nebraskademocrats.org\\\/#organization\"},\"potentialAction\":[{\"@type\":\"SearchAction\",\"target\":{\"@type\":\"EntryPoint\",\"urlTemplate\":\"https:\\\/\\\/nebraskademocrats.org\\\/?s={search_term_string}\"},\"query-input\":{\"@type\":\"PropertyValueSpecification\",\"valueRequired\":true,\"valueName\":\"search_term_string\"}}],\"inLanguage\":\"vi\"},{\"@type\":\"Organization\",\"@id\":\"https:\\\/\\\/nebraskademocrats.org\\\/#organization\",\"name\":\"Nebraska Democratic Party\",\"url\":\"https:\\\/\\\/nebraskademocrats.org\\\/\",\"logo\":{\"@type\":\"ImageObject\",\"inLanguage\":\"vi\",\"@id\":\"https:\\\/\\\/nebraskademocrats.org\\\/#\\\/schema\\\/logo\\\/image\\\/\",\"url\":\"https:\\\/\\\/nebraskadem.wpenginepowered.com\\\/wp-content\\\/uploads\\\/2016\\\/05\\\/NDP2.jpg\",\"contentUrl\":\"https:\\\/\\\/nebraskadem.wpenginepowered.com\\\/wp-content\\\/uploads\\\/2016\\\/05\\\/NDP2.jpg\",\"width\":1000,\"height\":396,\"caption\":\"Nebraska Democratic Party\"},\"image\":{\"@id\":\"https:\\\/\\\/nebraskademocrats.org\\\/#\\\/schema\\\/logo\\\/image\\\/\"},\"sameAs\":[\"https:\\\/\\\/www.facebook.com\\\/NebraskaDemocraticParty\\\/\",\"https:\\\/\\\/x.com\\\/nebraskadems\"]},{\"@type\":\"Person\",\"@id\":\"https:\\\/\\\/nebraskademocrats.org\\\/#\\\/schema\\\/person\\\/33e011ea0795f404810dc40828bcf289\",\"name\":\"Precious McKesson\",\"image\":{\"@type\":\"ImageObject\",\"inLanguage\":\"vi\",\"@id\":\"https:\\\/\\\/secure.gravatar.com\\\/avatar\\\/35046e19b3373116ec64c07d386d3312028d3820dc0ffe65c344bcebc8ea9194?s=96&d=mm&r=g\",\"url\":\"https:\\\/\\\/secure.gravatar.com\\\/avatar\\\/35046e19b3373116ec64c07d386d3312028d3820dc0ffe65c344bcebc8ea9194?s=96&d=mm&r=g\",\"contentUrl\":\"https:\\\/\\\/secure.gravatar.com\\\/avatar\\\/35046e19b3373116ec64c07d386d3312028d3820dc0ffe65c344bcebc8ea9194?s=96&d=mm&r=g\",\"caption\":\"Precious McKesson\"}}]}<\/script>\n<!-- \/ Yoast SEO plugin. -->","yoast_head_json":{"title":"Press release: Nebraska Democrats stand with striking Kellogg\u2019s and John Deere workers &#8211; Nebraska Democratic Party","robots":{"index":"index","follow":"follow","max-snippet":"max-snippet:-1","max-image-preview":"max-image-preview:large","max-video-preview":"max-video-preview:-1"},"canonical":"https:\/\/nebraskademocrats.org\/vi\/press-releases\/press-release-nebraska-democrats-stand-with-striking-kelloggs-and-john-deere-workers\/","og_locale":"vi_VN","og_type":"article","og_title":"Press release: Nebraska Democrats stand with striking Kellogg\u2019s and John Deere workers &#8211; Nebraska Democratic Party","og_description":"Members of the Nebraska Democratic Party issued statements of support Friday for the striking workers at Kellogg&#8217;s and John Deere plants. \u201cIt is time for Kellogg\u2019s and John Deere to get back to the negotiating table with these workers for the benefit of all. With the billions in profits they made last year, the companies ... Read more","og_url":"https:\/\/nebraskademocrats.org\/vi\/press-releases\/press-release-nebraska-democrats-stand-with-striking-kelloggs-and-john-deere-workers\/","og_site_name":"Nebraska Democratic Party","article_publisher":"https:\/\/www.facebook.com\/NebraskaDemocraticParty\/","article_published_time":"2021-10-15T20:34:44+00:00","article_modified_time":"2021-10-15T20:36:15+00:00","og_image":[{"width":1200,"height":630,"url":"https:\/\/nebraskademocrats.org\/wp-content\/uploads\/2018\/09\/ne-dems-fb.jpg","type":"image\/jpeg"}],"author":"Precious McKesson","twitter_card":"summary_large_image","twitter_creator":"@nebraskadems","twitter_site":"@nebraskadems","twitter_misc":{"\u0110\u01b0\u1ee3c vi\u1ebft b\u1edfi":"Precious McKesson","\u01af\u1edbc t\u00ednh th\u1eddi gian \u0111\u1ecdc":"2 ph\u00fat"},"schema":{"@context":"https:\/\/schema.org","@graph":[{"@type":"Article","@id":"https:\/\/nebraskademocrats.org\/press-releases\/press-release-nebraska-democrats-stand-with-striking-kelloggs-and-john-deere-workers\/#article","isPartOf":{"@id":"https:\/\/nebraskademocrats.org\/press-releases\/press-release-nebraska-democrats-stand-with-striking-kelloggs-and-john-deere-workers\/"},"author":{"name":"Precious McKesson","@id":"https:\/\/nebraskademocrats.org\/#\/schema\/person\/33e011ea0795f404810dc40828bcf289"},"headline":"Press release: Nebraska Democrats stand with striking Kellogg\u2019s and John Deere workers","datePublished":"2021-10-15T20:34:44+00:00","dateModified":"2021-10-15T20:36:15+00:00","mainEntityOfPage":{"@id":"https:\/\/nebraskademocrats.org\/press-releases\/press-release-nebraska-democrats-stand-with-striking-kelloggs-and-john-deere-workers\/"},"wordCount":311,"publisher":{"@id":"https:\/\/nebraskademocrats.org\/#organization"},"articleSection":["Press Releases"],"inLanguage":"vi"},{"@type":"WebPage","@id":"https:\/\/nebraskademocrats.org\/press-releases\/press-release-nebraska-democrats-stand-with-striking-kelloggs-and-john-deere-workers\/","url":"https:\/\/nebraskademocrats.org\/press-releases\/press-release-nebraska-democrats-stand-with-striking-kelloggs-and-john-deere-workers\/","name":"Press release: Nebraska Democrats stand with striking Kellogg\u2019s and John Deere workers &#8211; Nebraska Democratic Party","isPartOf":{"@id":"https:\/\/nebraskademocrats.org\/#website"},"datePublished":"2021-10-15T20:34:44+00:00","dateModified":"2021-10-15T20:36:15+00:00","breadcrumb":{"@id":"https:\/\/nebraskademocrats.org\/press-releases\/press-release-nebraska-democrats-stand-with-striking-kelloggs-and-john-deere-workers\/#breadcrumb"},"inLanguage":"vi","potentialAction":[{"@type":"ReadAction","target":["https:\/\/nebraskademocrats.org\/press-releases\/press-release-nebraska-democrats-stand-with-striking-kelloggs-and-john-deere-workers\/"]}]},{"@type":"BreadcrumbList","@id":"https:\/\/nebraskademocrats.org\/press-releases\/press-release-nebraska-democrats-stand-with-striking-kelloggs-and-john-deere-workers\/#breadcrumb","itemListElement":[{"@type":"ListItem","position":1,"name":"Home","item":"https:\/\/nebraskademocrats.org\/"},{"@type":"ListItem","position":2,"name":"Press release: Nebraska Democrats stand with striking Kellogg\u2019s and John Deere workers"}]},{"@type":"WebSite","@id":"https:\/\/nebraskademocrats.org\/#website","url":"https:\/\/nebraskademocrats.org\/","name":"Nebraska Democratic Party","description":"Ph\u00e1t tri\u1ec3n cu\u1ed9c s\u1ed1ng t\u1ed1t \u0111\u1eb9p cho t\u1ea5t c\u1ea3 Nebraskans","publisher":{"@id":"https:\/\/nebraskademocrats.org\/#organization"},"potentialAction":[{"@type":"SearchAction","target":{"@type":"EntryPoint","urlTemplate":"https:\/\/nebraskademocrats.org\/?s={search_term_string}"},"query-input":{"@type":"PropertyValueSpecification","valueRequired":true,"valueName":"search_term_string"}}],"inLanguage":"vi"},{"@type":"Organization","@id":"https:\/\/nebraskademocrats.org\/#organization","name":"Nebraska Democratic Party","url":"https:\/\/nebraskademocrats.org\/","logo":{"@type":"ImageObject","inLanguage":"vi","@id":"https:\/\/nebraskademocrats.org\/#\/schema\/logo\/image\/","url":"https:\/\/nebraskadem.wpenginepowered.com\/wp-content\/uploads\/2016\/05\/NDP2.jpg","contentUrl":"https:\/\/nebraskadem.wpenginepowered.com\/wp-content\/uploads\/2016\/05\/NDP2.jpg","width":1000,"height":396,"caption":"Nebraska Democratic Party"},"image":{"@id":"https:\/\/nebraskademocrats.org\/#\/schema\/logo\/image\/"},"sameAs":["https:\/\/www.facebook.com\/NebraskaDemocraticParty\/","https:\/\/x.com\/nebraskadems"]},{"@type":"Person","@id":"https:\/\/nebraskademocrats.org\/#\/schema\/person\/33e011ea0795f404810dc40828bcf289","name":"McKesson qu\u00fd gi\u00e1","image":{"@type":"ImageObject","inLanguage":"vi","@id":"https:\/\/secure.gravatar.com\/avatar\/35046e19b3373116ec64c07d386d3312028d3820dc0ffe65c344bcebc8ea9194?s=96&d=mm&r=g","url":"https:\/\/secure.gravatar.com\/avatar\/35046e19b3373116ec64c07d386d3312028d3820dc0ffe65c344bcebc8ea9194?s=96&d=mm&r=g","contentUrl":"https:\/\/secure.gravatar.com\/avatar\/35046e19b3373116ec64c07d386d3312028d3820dc0ffe65c344bcebc8ea9194?s=96&d=mm&r=g","caption":"Precious McKesson"}}]}},"_links":{"self":[{"href":"https:\/\/nebraskademocrats.org\/vi\/wp-json\/wp\/v2\/posts\/34895","targetHints":{"allow":["GET"]}}],"collection":[{"href":"https:\/\/nebraskademocrats.org\/vi\/wp-json\/wp\/v2\/posts"}],"about":[{"href":"https:\/\/nebraskademocrats.org\/vi\/wp-json\/wp\/v2\/types\/post"}],"author":[{"embeddable":true,"href":"https:\/\/nebraskademocrats.org\/vi\/wp-json\/wp\/v2\/users\/19"}],"replies":[{"embeddable":true,"href":"https:\/\/nebraskademocrats.org\/vi\/wp-json\/wp\/v2\/comments?post=34895"}],"version-history":[{"count":0,"href":"https:\/\/nebraskademocrats.org\/vi\/wp-json\/wp\/v2\/posts\/34895\/revisions"}],"wp:attachment":[{"href":"https:\/\/nebraskademocrats.org\/vi\/wp-json\/wp\/v2\/media?parent=34895"}],"wp:term":[{"taxonomy":"category","embeddable":true,"href":"https:\/\/nebraskademocrats.org\/vi\/wp-json\/wp\/v2\/categories?post=34895"},{"taxonomy":"post_tag","embeddable":true,"href":"https:\/\/nebraskademocrats.org\/vi\/wp-json\/wp\/v2\/tags?post=34895"}],"curies":[{"name":"wp","href":"https:\/\/api.w.org\/{rel}","templated":true}]}}