{"id":35326,"date":"2021-11-19T08:52:02","date_gmt":"2021-11-19T14:52:02","guid":{"rendered":"https:\/\/nebraskadem.wpenginepowered.com\/?p=35326"},"modified":"2021-11-19T08:57:27","modified_gmt":"2021-11-19T14:57:27","slug":"press-release-ndps-kleeb-praises-house-passage-of-bidens-build-back-better-plan","status":"publish","type":"post","link":"https:\/\/nebraskademocrats.org\/vi\/press-releases\/press-release-ndps-kleeb-praises-house-passage-of-bidens-build-back-better-plan\/","title":{"rendered":"Th\u00f4ng c\u00e1o b\u00e1o ch\u00ed: Kleeb c\u1ee7a NDP ca ng\u1ee3i vi\u1ec7c Nh\u00e0 th\u00f4ng qua k\u1ebf ho\u1ea1ch X\u00e2y d\u1ef1ng l\u1ea1i T\u1ed1t h\u01a1n c\u1ee7a Biden"},"content":{"rendered":"<p><span style=\"font-weight: 400;\">Ch\u1ee7 t\u1ecbch Nebraska Democratic Party Jane Kleeb h\u00f4m th\u1ee9 S\u00e1u \u0111\u00e3 ca ng\u1ee3i \u0111o\u1ea1n v\u0103n trong k\u1ebf ho\u1ea1ch X\u00e2y d\u1ef1ng tr\u1edf l\u1ea1i t\u1ed1t h\u01a1n c\u1ee7a T\u1ed5ng th\u1ed1ng Biden c\u1ee7a H\u1ea1 vi\u1ec7n Hoa K\u1ef3, k\u1ebf ho\u1ea1ch n\u00e0y \u0111\u1ea7u t\u01b0 quan tr\u1ecdng cho tr\u1ebb em, gia \u0111\u00ecnh, c\u1ed9ng \u0111\u1ed3ng v\u00e0 qu\u1ed1c gia c\u1ee7a ch\u00fang ta trong vi\u1ec7c m\u1edf r\u1ed9ng m\u1ea1ng l\u01b0\u1edbi an sinh x\u00e3 h\u1ed9i l\u1edbn nh\u1ea5t trong 50 n\u0103m qua.<\/span><\/p>\n<p><span style=\"font-weight: 400;\">C\u00e1c bi\u1ec7n ph\u00e1p \u0111\u01b0\u1ee3c th\u00f4ng qua m\u00e0 kh\u00f4ng c\u00f3 s\u1ef1 \u1ee7ng h\u1ed9 c\u1ee7a \u0110\u1ea3ng C\u1ed9ng h\u00f2a v\u00e0 hi\u1ec7n \u0111\u00e3 \u0111\u01b0\u1ee3c chuy\u1ec3n \u0111\u1ebfn Th\u01b0\u1ee3ng vi\u1ec7n.<\/span><\/p>\n<p><span style=\"font-weight: 400;\">&quot;C\u00e1i n\u00e0y <\/span><span style=\"font-weight: 400;\">Kleeb n\u00f3i. \u201cC\u00e1c \u0111\u1ea3ng vi\u00ean \u0110\u1ea3ng D\u00e2n ch\u1ee7 \u0111ang d\u1eabn \u0111\u1ea7u trong c\u00e1c v\u1ea5n \u0111\u1ec1 quan tr\u1ecdng n\u00e0y, trong khi c\u00e1c \u0111\u1ea3ng vi\u00ean C\u1ed9ng h\u00f2a - bao g\u1ed3m c\u00e1c H\u1ea1 ngh\u1ecb s\u0129 Don Bacon, Jeff Fortenberry v\u00e0 Adrian Smith, t\u1ea5t c\u1ea3 \u0111\u1ec1u b\u1ecf phi\u1ebfu kh\u00f4ng - quay l\u01b0ng l\u1ea1i v\u1edbi ng\u01b0\u1eddi d\u00e2n v\u00e0 \u0111i theo c\u00e1c \u00f4ng ch\u1ee7 \u0111\u1ea3ng GOP c\u1ee7a h\u1ecd.\u201d\u00a0<\/span><\/p>\n<p><span style=\"font-weight: 400;\">K\u1ebf ho\u1ea1ch BBB l\u00e0 m\u1ed9t kho\u1ea3n \u0111\u1ea7u t\u01b0 l\u1ecbch s\u1eed v\u00e0o kh\u00ed h\u1eadu, ch\u0103m s\u00f3c s\u1ee9c kh\u1ecfe v\u00e0 tr\u1ebb em nh\u1eb1m gi\u1ea3m chi ph\u00ed cho nh\u1eefng th\u1ee9 m\u00e0 c\u00e1c gia \u0111\u00ecnh ph\u1ee5 thu\u1ed9c v\u00e0o, gi\u00fap m\u1ecdi ng\u01b0\u1eddi tr\u1edf l\u1ea1i l\u00e0m vi\u1ec7c v\u00e0 ph\u00e1t tri\u1ec3n n\u1ec1n kinh t\u1ebf.<\/span><\/p>\n<p><span style=\"font-weight: 400;\">\u201cV\u00e0 b\u1ea5t ch\u1ea5p nh\u1eefng ti\u1ebfng h\u00fa c\u1ee7a GOP - k\u1ebf ho\u1ea1ch c\u1ee7a Biden s\u1ebd kh\u00f4ng th\u00eam m\u1ed9t xu v\u00e0o n\u1ee3 qu\u1ed1c gia c\u1ee7a ch\u00fang t\u00f4i,\u201d Kleeb n\u00f3i. \u201cThay v\u00e0o \u0111\u00f3, n\u00f3 y\u00eau c\u1ea7u c\u00e1c t\u1eadp \u0111o\u00e0n l\u1edbn v\u00e0 nh\u1eefng ng\u01b0\u1eddi M\u1ef9 gi\u00e0u c\u00f3 nh\u1ea5t ph\u1ea3i \u0111\u00f3ng thu\u1ebf c\u00f4ng b\u1eb1ng nh\u01b0 nh\u1eefng ng\u01b0\u1eddi kh\u00e1c. <\/span><span style=\"font-weight: 400;\">Kh\u00f4ng ng\u01b0\u1eddi M\u1ef9 n\u00e0o c\u00f3 thu nh\u1eadp d\u01b0\u1edbi $400.000 m\u1ed9t n\u0103m s\u1ebd ph\u1ea3i tr\u1ea3 nhi\u1ec1u ti\u1ec1n thu\u1ebf h\u01a1n \u201d.<\/span><\/p>\n<p><span style=\"font-weight: 400;\">M\u1ed9t b\u00e1o c\u00e1o c\u1ee7a <\/span><a href=\"https:\/\/www.washingtonpost.com\/us-policy\/2021\/11\/18\/house-reconciliation-budget-biden\/\"><span style=\"font-weight: 400;\">Ng\u00e2n s\u00e1ch Qu\u1ed1c h\u1ed9i<\/span> <span style=\"font-weight: 400;\">V\u0103n ph\u00f2ng<\/span><\/a><span style=\"font-weight: 400;\"> ho\u00e0n th\u00e0nh h\u00f4m th\u1ee9 N\u0103m cho bi\u1ebft<\/span> <span style=\"font-weight: 400;\">t<\/span><a href=\"https:\/\/www.cbo.gov\/publication\/57627\"><span style=\"font-weight: 400;\">anh ta <\/span><\/a><span style=\"font-weight: 400;\">Ph\u00e2n t\u00edch CBO<\/span><span style=\"font-weight: 400;\"> ph\u00e1t hi\u1ec7n ra r\u1eb1ng d\u1ef1 lu\u1eadt s\u1ebd d\u1eabn \u0111\u1ebfn s\u1ef1 gia t\u0103ng r\u00f2ng th\u00e2m h\u1ee5t t\u1ed5ng c\u1ed9ng $367 t\u1ef7 trong th\u1eadp k\u1ef7 t\u1edbi. Nh\u01b0ng n\u00f3 kh\u00f4ng bao g\u1ed3m to\u00e0n b\u1ed9 kho\u1ea3n ti\u1ebft ki\u1ec7m c\u00f3 th\u1ec3 \u0111\u1ea1t \u0111\u01b0\u1ee3c t\u1eeb m\u1ed9t s\u1ed1 \u0111i\u1ec1u kho\u1ea3n n\u00e2ng cao doanh thu c\u1ee7a \u0110\u1ea3ng D\u00e2n ch\u1ee7, bao g\u1ed3m c\u1ea3 k\u1ebf ho\u1ea1ch trao quy\u1ec1n cho S\u1edf Thu\u1ebf v\u1ee5 thu l\u1ea1i c\u00e1c kho\u1ea3n thu\u1ebf li\u00ean bang ch\u01b0a thanh to\u00e1n. Nh\u00e0 Tr\u1eafng \u0111\u00e3 n\u00f3i r\u1eb1ng ch\u1ec9 ri\u00eang vi\u1ec7c th\u1ef1c thi IRS c\u00f3 th\u1ec3 thu \u0111\u01b0\u1ee3c kho\u1ea3ng $400 t\u1ef7 doanh thu b\u1ed5 sung.<\/span><\/p>\n<p><span style=\"font-weight: 400;\">\u0110\u1ea7u tu\u1ea7n n\u00e0y, Biden \u0111\u00e3 k\u00fd \u0110\u1ea1o lu\u1eadt Vi\u1ec7c l\u00e0m v\u00e0 \u0110\u1ea7u t\u01b0 C\u01a1 s\u1edf h\u1ea1 t\u1ea7ng l\u01b0\u1ee1ng \u0111\u1ea3ng - \u0111\u1ea1o lu\u1eadt n\u00e0y th\u1ef1c hi\u1ec7n c\u00e1c kho\u1ea3n \u0111\u1ea7u t\u01b0 quan tr\u1ecdng mang t\u00ednh l\u1ecbch s\u1eed v\u00e0o v\u1ed1n ch\u1ee7 s\u1edf h\u1eefu v\u00e0 \u0111\u1ec3 gi\u1ea3i quy\u1ebft cu\u1ed9c kh\u1ee7ng ho\u1ea3ng kh\u00ed h\u1eadu v\u00e0 c\u00f9ng v\u1edbi k\u1ebf ho\u1ea1ch X\u00e2y d\u1ef1ng tr\u1edf l\u1ea1i t\u1ed1t h\u01a1n, s\u1ebd t\u1ea1o ra h\u00e0ng tri\u1ec7u vi\u1ec7c l\u00e0m v\u1edbi m\u1ee9c l\u01b0\u01a1ng t\u1ed1t, \u0111\u1ea3m b\u1ea3o r\u1eb1ng ng\u01b0\u1eddi lao \u0111\u1ed9ng M\u1ef9 , c\u00e1c doanh nghi\u1ec7p v\u00e0 n\u00f4ng d\u00e2n c\u00f3 th\u1ec3 ph\u00e1t tri\u1ec3n m\u1ea1nh v\u00e0 ti\u1ebft ki\u1ec7m ti\u1ec1n cho c\u00e1c gia \u0111\u00ecnh trung l\u01b0u.<\/span><\/p>\n<p><a href=\"https:\/\/nebraskadem.wpenginepowered.com\/biden-leads-the-way-on-infrastructure-build-back-better-plan\/\"><b>B\u1ea5m v\u00e0o \u0111\u00e2y<\/b><\/a><span style=\"font-weight: 400;\"> \u0111\u1ec3 xem c\u00e1c con s\u1ed1 t\u00e0i ch\u00ednh c\u1ee5 th\u1ec3 v\u1ec1 c\u00e1ch Nebraskans s\u1ebd h\u01b0\u1edfng l\u1ee3i t\u1eeb c\u1ea3 hai bi\u1ec7n ph\u00e1p.<\/span><\/p>","protected":false},"excerpt":{"rendered":"<p>Nebraska Democratic Party Chair Jane Kleeb on Friday praised the passage in the U.S. House of President Biden\u2019s Build Back Better plan, which makes vital investments in our kids, families, communities and nation in the greatest expansion of the social safety net in 50 years. The measures passed without Republican support and now goes to &#8230; <a title=\"Th\u00f4ng c\u00e1o b\u00e1o ch\u00ed: Kleeb c\u1ee7a NDP ca ng\u1ee3i vi\u1ec7c Nh\u00e0 th\u00f4ng qua k\u1ebf ho\u1ea1ch X\u00e2y d\u1ef1ng l\u1ea1i T\u1ed1t h\u01a1n c\u1ee7a Biden\" class=\"read-more\" href=\"https:\/\/nebraskademocrats.org\/vi\/press-releases\/press-release-ndps-kleeb-praises-house-passage-of-bidens-build-back-better-plan\/\" aria-label=\"More on Press release: NDP\u2019s Kleeb praises House passage of Biden\u2019s Build Back Better plan\">\u0110\u1ecdc th\u00eam<\/a><\/p>","protected":false},"author":19,"featured_media":0,"comment_status":"closed","ping_status":"closed","sticky":false,"template":"","format":"standard","meta":{"_acf_changed":false,"_exactmetrics_skip_tracking":false,"_exactmetrics_sitenote_active":false,"_exactmetrics_sitenote_note":"","_exactmetrics_sitenote_category":0,"footnotes":""},"categories":[4],"tags":[],"class_list":["post-35326","post","type-post","status-publish","format-standard","hentry","category-press-releases"],"acf":[],"yoast_head":"<!-- This site is optimized with the Yoast SEO plugin v27.5 - https:\/\/yoast.com\/product\/yoast-seo-wordpress\/ -->\n<title>Press release: NDP\u2019s Kleeb praises House passage of Biden\u2019s Build Back Better plan &#8211; Nebraska Democratic Party<\/title>\n<meta name=\"robots\" content=\"index, follow, max-snippet:-1, max-image-preview:large, max-video-preview:-1\" \/>\n<link rel=\"canonical\" href=\"https:\/\/nebraskademocrats.org\/vi\/press-releases\/press-release-ndps-kleeb-praises-house-passage-of-bidens-build-back-better-plan\/\" \/>\n<meta property=\"og:locale\" content=\"vi_VN\" \/>\n<meta property=\"og:type\" content=\"article\" \/>\n<meta property=\"og:title\" content=\"Press release: NDP\u2019s Kleeb praises House passage of Biden\u2019s Build Back Better plan &#8211; Nebraska Democratic Party\" \/>\n<meta property=\"og:description\" content=\"Nebraska Democratic Party Chair Jane Kleeb on Friday praised the passage in the U.S. House of President Biden\u2019s Build Back Better plan, which makes vital investments in our kids, families, communities and nation in the greatest expansion of the social safety net in 50 years. The measures passed without Republican support and now goes to ... Read more\" \/>\n<meta property=\"og:url\" content=\"https:\/\/nebraskademocrats.org\/vi\/press-releases\/press-release-ndps-kleeb-praises-house-passage-of-bidens-build-back-better-plan\/\" \/>\n<meta property=\"og:site_name\" content=\"Nebraska Democratic Party\" \/>\n<meta property=\"article:publisher\" content=\"https:\/\/www.facebook.com\/NebraskaDemocraticParty\/\" \/>\n<meta property=\"article:published_time\" content=\"2021-11-19T14:52:02+00:00\" \/>\n<meta property=\"article:modified_time\" content=\"2021-11-19T14:57:27+00:00\" \/>\n<meta property=\"og:image\" content=\"https:\/\/nebraskademocrats.org\/wp-content\/uploads\/2018\/09\/ne-dems-fb.jpg\" \/>\n\t<meta property=\"og:image:width\" content=\"1200\" \/>\n\t<meta property=\"og:image:height\" content=\"630\" \/>\n\t<meta property=\"og:image:type\" content=\"image\/jpeg\" \/>\n<meta name=\"author\" content=\"Precious McKesson\" \/>\n<meta name=\"twitter:card\" content=\"summary_large_image\" \/>\n<meta name=\"twitter:creator\" content=\"@nebraskadems\" \/>\n<meta name=\"twitter:site\" content=\"@nebraskadems\" \/>\n<meta name=\"twitter:label1\" content=\"\u0110\u01b0\u1ee3c vi\u1ebft b\u1edfi\" \/>\n\t<meta name=\"twitter:data1\" content=\"Precious McKesson\" \/>\n\t<meta name=\"twitter:label2\" content=\"\u01af\u1edbc t\u00ednh th\u1eddi gian \u0111\u1ecdc\" \/>\n\t<meta name=\"twitter:data2\" content=\"2 ph\u00fat\" \/>\n<script type=\"application\/ld+json\" class=\"yoast-schema-graph\">{\"@context\":\"https:\\\/\\\/schema.org\",\"@graph\":[{\"@type\":\"Article\",\"@id\":\"https:\\\/\\\/nebraskademocrats.org\\\/press-releases\\\/press-release-ndps-kleeb-praises-house-passage-of-bidens-build-back-better-plan\\\/#article\",\"isPartOf\":{\"@id\":\"https:\\\/\\\/nebraskademocrats.org\\\/press-releases\\\/press-release-ndps-kleeb-praises-house-passage-of-bidens-build-back-better-plan\\\/\"},\"author\":{\"name\":\"Precious McKesson\",\"@id\":\"https:\\\/\\\/nebraskademocrats.org\\\/#\\\/schema\\\/person\\\/33e011ea0795f404810dc40828bcf289\"},\"headline\":\"Press release: NDP\u2019s Kleeb praises House passage of Biden\u2019s Build Back Better plan\",\"datePublished\":\"2021-11-19T14:52:02+00:00\",\"dateModified\":\"2021-11-19T14:57:27+00:00\",\"mainEntityOfPage\":{\"@id\":\"https:\\\/\\\/nebraskademocrats.org\\\/press-releases\\\/press-release-ndps-kleeb-praises-house-passage-of-bidens-build-back-better-plan\\\/\"},\"wordCount\":366,\"publisher\":{\"@id\":\"https:\\\/\\\/nebraskademocrats.org\\\/#organization\"},\"articleSection\":[\"Press Releases\"],\"inLanguage\":\"vi\"},{\"@type\":\"WebPage\",\"@id\":\"https:\\\/\\\/nebraskademocrats.org\\\/press-releases\\\/press-release-ndps-kleeb-praises-house-passage-of-bidens-build-back-better-plan\\\/\",\"url\":\"https:\\\/\\\/nebraskademocrats.org\\\/press-releases\\\/press-release-ndps-kleeb-praises-house-passage-of-bidens-build-back-better-plan\\\/\",\"name\":\"Press release: NDP\u2019s Kleeb praises House passage of Biden\u2019s Build Back Better plan &#8211; Nebraska Democratic Party\",\"isPartOf\":{\"@id\":\"https:\\\/\\\/nebraskademocrats.org\\\/#website\"},\"datePublished\":\"2021-11-19T14:52:02+00:00\",\"dateModified\":\"2021-11-19T14:57:27+00:00\",\"breadcrumb\":{\"@id\":\"https:\\\/\\\/nebraskademocrats.org\\\/press-releases\\\/press-release-ndps-kleeb-praises-house-passage-of-bidens-build-back-better-plan\\\/#breadcrumb\"},\"inLanguage\":\"vi\",\"potentialAction\":[{\"@type\":\"ReadAction\",\"target\":[\"https:\\\/\\\/nebraskademocrats.org\\\/press-releases\\\/press-release-ndps-kleeb-praises-house-passage-of-bidens-build-back-better-plan\\\/\"]}]},{\"@type\":\"BreadcrumbList\",\"@id\":\"https:\\\/\\\/nebraskademocrats.org\\\/press-releases\\\/press-release-ndps-kleeb-praises-house-passage-of-bidens-build-back-better-plan\\\/#breadcrumb\",\"itemListElement\":[{\"@type\":\"ListItem\",\"position\":1,\"name\":\"Home\",\"item\":\"https:\\\/\\\/nebraskademocrats.org\\\/\"},{\"@type\":\"ListItem\",\"position\":2,\"name\":\"Press release: NDP\u2019s Kleeb praises House passage of Biden\u2019s Build Back Better plan\"}]},{\"@type\":\"WebSite\",\"@id\":\"https:\\\/\\\/nebraskademocrats.org\\\/#website\",\"url\":\"https:\\\/\\\/nebraskademocrats.org\\\/\",\"name\":\"Nebraska Democratic Party\",\"description\":\"Growing the Good Life for All Nebraskans\",\"publisher\":{\"@id\":\"https:\\\/\\\/nebraskademocrats.org\\\/#organization\"},\"potentialAction\":[{\"@type\":\"SearchAction\",\"target\":{\"@type\":\"EntryPoint\",\"urlTemplate\":\"https:\\\/\\\/nebraskademocrats.org\\\/?s={search_term_string}\"},\"query-input\":{\"@type\":\"PropertyValueSpecification\",\"valueRequired\":true,\"valueName\":\"search_term_string\"}}],\"inLanguage\":\"vi\"},{\"@type\":\"Organization\",\"@id\":\"https:\\\/\\\/nebraskademocrats.org\\\/#organization\",\"name\":\"Nebraska Democratic Party\",\"url\":\"https:\\\/\\\/nebraskademocrats.org\\\/\",\"logo\":{\"@type\":\"ImageObject\",\"inLanguage\":\"vi\",\"@id\":\"https:\\\/\\\/nebraskademocrats.org\\\/#\\\/schema\\\/logo\\\/image\\\/\",\"url\":\"https:\\\/\\\/nebraskadem.wpenginepowered.com\\\/wp-content\\\/uploads\\\/2016\\\/05\\\/NDP2.jpg\",\"contentUrl\":\"https:\\\/\\\/nebraskadem.wpenginepowered.com\\\/wp-content\\\/uploads\\\/2016\\\/05\\\/NDP2.jpg\",\"width\":1000,\"height\":396,\"caption\":\"Nebraska Democratic Party\"},\"image\":{\"@id\":\"https:\\\/\\\/nebraskademocrats.org\\\/#\\\/schema\\\/logo\\\/image\\\/\"},\"sameAs\":[\"https:\\\/\\\/www.facebook.com\\\/NebraskaDemocraticParty\\\/\",\"https:\\\/\\\/x.com\\\/nebraskadems\"]},{\"@type\":\"Person\",\"@id\":\"https:\\\/\\\/nebraskademocrats.org\\\/#\\\/schema\\\/person\\\/33e011ea0795f404810dc40828bcf289\",\"name\":\"Precious McKesson\",\"image\":{\"@type\":\"ImageObject\",\"inLanguage\":\"vi\",\"@id\":\"https:\\\/\\\/secure.gravatar.com\\\/avatar\\\/35046e19b3373116ec64c07d386d3312028d3820dc0ffe65c344bcebc8ea9194?s=96&d=mm&r=g\",\"url\":\"https:\\\/\\\/secure.gravatar.com\\\/avatar\\\/35046e19b3373116ec64c07d386d3312028d3820dc0ffe65c344bcebc8ea9194?s=96&d=mm&r=g\",\"contentUrl\":\"https:\\\/\\\/secure.gravatar.com\\\/avatar\\\/35046e19b3373116ec64c07d386d3312028d3820dc0ffe65c344bcebc8ea9194?s=96&d=mm&r=g\",\"caption\":\"Precious McKesson\"}}]}<\/script>\n<!-- \/ Yoast SEO plugin. -->","yoast_head_json":{"title":"Press release: NDP\u2019s Kleeb praises House passage of Biden\u2019s Build Back Better plan &#8211; Nebraska Democratic Party","robots":{"index":"index","follow":"follow","max-snippet":"max-snippet:-1","max-image-preview":"max-image-preview:large","max-video-preview":"max-video-preview:-1"},"canonical":"https:\/\/nebraskademocrats.org\/vi\/press-releases\/press-release-ndps-kleeb-praises-house-passage-of-bidens-build-back-better-plan\/","og_locale":"vi_VN","og_type":"article","og_title":"Press release: NDP\u2019s Kleeb praises House passage of Biden\u2019s Build Back Better plan &#8211; Nebraska Democratic Party","og_description":"Nebraska Democratic Party Chair Jane Kleeb on Friday praised the passage in the U.S. House of President Biden\u2019s Build Back Better plan, which makes vital investments in our kids, families, communities and nation in the greatest expansion of the social safety net in 50 years. The measures passed without Republican support and now goes to ... Read more","og_url":"https:\/\/nebraskademocrats.org\/vi\/press-releases\/press-release-ndps-kleeb-praises-house-passage-of-bidens-build-back-better-plan\/","og_site_name":"Nebraska Democratic Party","article_publisher":"https:\/\/www.facebook.com\/NebraskaDemocraticParty\/","article_published_time":"2021-11-19T14:52:02+00:00","article_modified_time":"2021-11-19T14:57:27+00:00","og_image":[{"width":1200,"height":630,"url":"https:\/\/nebraskademocrats.org\/wp-content\/uploads\/2018\/09\/ne-dems-fb.jpg","type":"image\/jpeg"}],"author":"Precious McKesson","twitter_card":"summary_large_image","twitter_creator":"@nebraskadems","twitter_site":"@nebraskadems","twitter_misc":{"\u0110\u01b0\u1ee3c vi\u1ebft b\u1edfi":"Precious McKesson","\u01af\u1edbc t\u00ednh th\u1eddi gian \u0111\u1ecdc":"2 ph\u00fat"},"schema":{"@context":"https:\/\/schema.org","@graph":[{"@type":"Article","@id":"https:\/\/nebraskademocrats.org\/press-releases\/press-release-ndps-kleeb-praises-house-passage-of-bidens-build-back-better-plan\/#article","isPartOf":{"@id":"https:\/\/nebraskademocrats.org\/press-releases\/press-release-ndps-kleeb-praises-house-passage-of-bidens-build-back-better-plan\/"},"author":{"name":"Precious McKesson","@id":"https:\/\/nebraskademocrats.org\/#\/schema\/person\/33e011ea0795f404810dc40828bcf289"},"headline":"Press release: NDP\u2019s Kleeb praises House passage of Biden\u2019s Build Back Better plan","datePublished":"2021-11-19T14:52:02+00:00","dateModified":"2021-11-19T14:57:27+00:00","mainEntityOfPage":{"@id":"https:\/\/nebraskademocrats.org\/press-releases\/press-release-ndps-kleeb-praises-house-passage-of-bidens-build-back-better-plan\/"},"wordCount":366,"publisher":{"@id":"https:\/\/nebraskademocrats.org\/#organization"},"articleSection":["Press Releases"],"inLanguage":"vi"},{"@type":"WebPage","@id":"https:\/\/nebraskademocrats.org\/press-releases\/press-release-ndps-kleeb-praises-house-passage-of-bidens-build-back-better-plan\/","url":"https:\/\/nebraskademocrats.org\/press-releases\/press-release-ndps-kleeb-praises-house-passage-of-bidens-build-back-better-plan\/","name":"Press release: NDP\u2019s Kleeb praises House passage of Biden\u2019s Build Back Better plan &#8211; Nebraska Democratic Party","isPartOf":{"@id":"https:\/\/nebraskademocrats.org\/#website"},"datePublished":"2021-11-19T14:52:02+00:00","dateModified":"2021-11-19T14:57:27+00:00","breadcrumb":{"@id":"https:\/\/nebraskademocrats.org\/press-releases\/press-release-ndps-kleeb-praises-house-passage-of-bidens-build-back-better-plan\/#breadcrumb"},"inLanguage":"vi","potentialAction":[{"@type":"ReadAction","target":["https:\/\/nebraskademocrats.org\/press-releases\/press-release-ndps-kleeb-praises-house-passage-of-bidens-build-back-better-plan\/"]}]},{"@type":"BreadcrumbList","@id":"https:\/\/nebraskademocrats.org\/press-releases\/press-release-ndps-kleeb-praises-house-passage-of-bidens-build-back-better-plan\/#breadcrumb","itemListElement":[{"@type":"ListItem","position":1,"name":"Home","item":"https:\/\/nebraskademocrats.org\/"},{"@type":"ListItem","position":2,"name":"Press release: NDP\u2019s Kleeb praises House passage of Biden\u2019s Build Back Better plan"}]},{"@type":"WebSite","@id":"https:\/\/nebraskademocrats.org\/#website","url":"https:\/\/nebraskademocrats.org\/","name":"Nebraska Democratic Party","description":"Ph\u00e1t tri\u1ec3n cu\u1ed9c s\u1ed1ng t\u1ed1t \u0111\u1eb9p cho t\u1ea5t c\u1ea3 Nebraskans","publisher":{"@id":"https:\/\/nebraskademocrats.org\/#organization"},"potentialAction":[{"@type":"SearchAction","target":{"@type":"EntryPoint","urlTemplate":"https:\/\/nebraskademocrats.org\/?s={search_term_string}"},"query-input":{"@type":"PropertyValueSpecification","valueRequired":true,"valueName":"search_term_string"}}],"inLanguage":"vi"},{"@type":"Organization","@id":"https:\/\/nebraskademocrats.org\/#organization","name":"Nebraska Democratic Party","url":"https:\/\/nebraskademocrats.org\/","logo":{"@type":"ImageObject","inLanguage":"vi","@id":"https:\/\/nebraskademocrats.org\/#\/schema\/logo\/image\/","url":"https:\/\/nebraskadem.wpenginepowered.com\/wp-content\/uploads\/2016\/05\/NDP2.jpg","contentUrl":"https:\/\/nebraskadem.wpenginepowered.com\/wp-content\/uploads\/2016\/05\/NDP2.jpg","width":1000,"height":396,"caption":"Nebraska Democratic Party"},"image":{"@id":"https:\/\/nebraskademocrats.org\/#\/schema\/logo\/image\/"},"sameAs":["https:\/\/www.facebook.com\/NebraskaDemocraticParty\/","https:\/\/x.com\/nebraskadems"]},{"@type":"Person","@id":"https:\/\/nebraskademocrats.org\/#\/schema\/person\/33e011ea0795f404810dc40828bcf289","name":"McKesson qu\u00fd gi\u00e1","image":{"@type":"ImageObject","inLanguage":"vi","@id":"https:\/\/secure.gravatar.com\/avatar\/35046e19b3373116ec64c07d386d3312028d3820dc0ffe65c344bcebc8ea9194?s=96&d=mm&r=g","url":"https:\/\/secure.gravatar.com\/avatar\/35046e19b3373116ec64c07d386d3312028d3820dc0ffe65c344bcebc8ea9194?s=96&d=mm&r=g","contentUrl":"https:\/\/secure.gravatar.com\/avatar\/35046e19b3373116ec64c07d386d3312028d3820dc0ffe65c344bcebc8ea9194?s=96&d=mm&r=g","caption":"Precious McKesson"}}]}},"_links":{"self":[{"href":"https:\/\/nebraskademocrats.org\/vi\/wp-json\/wp\/v2\/posts\/35326","targetHints":{"allow":["GET"]}}],"collection":[{"href":"https:\/\/nebraskademocrats.org\/vi\/wp-json\/wp\/v2\/posts"}],"about":[{"href":"https:\/\/nebraskademocrats.org\/vi\/wp-json\/wp\/v2\/types\/post"}],"author":[{"embeddable":true,"href":"https:\/\/nebraskademocrats.org\/vi\/wp-json\/wp\/v2\/users\/19"}],"replies":[{"embeddable":true,"href":"https:\/\/nebraskademocrats.org\/vi\/wp-json\/wp\/v2\/comments?post=35326"}],"version-history":[{"count":0,"href":"https:\/\/nebraskademocrats.org\/vi\/wp-json\/wp\/v2\/posts\/35326\/revisions"}],"wp:attachment":[{"href":"https:\/\/nebraskademocrats.org\/vi\/wp-json\/wp\/v2\/media?parent=35326"}],"wp:term":[{"taxonomy":"category","embeddable":true,"href":"https:\/\/nebraskademocrats.org\/vi\/wp-json\/wp\/v2\/categories?post=35326"},{"taxonomy":"post_tag","embeddable":true,"href":"https:\/\/nebraskademocrats.org\/vi\/wp-json\/wp\/v2\/tags?post=35326"}],"curies":[{"name":"wp","href":"https:\/\/api.w.org\/{rel}","templated":true}]}}