{"id":36847,"date":"2022-03-07T09:54:52","date_gmt":"2022-03-07T15:54:52","guid":{"rendered":"https:\/\/nebraskadem.wpenginepowered.com\/?p=36847"},"modified":"2022-03-07T10:06:21","modified_gmt":"2022-03-07T16:06:21","slug":"invite-white-house-building-a-better-america-nebraska-event","status":"publish","type":"post","link":"https:\/\/nebraskademocrats.org\/vi\/blog\/invite-white-house-building-a-better-america-nebraska-event\/","title":{"rendered":"S\u1ef1 ki\u1ec7n Nebraska \u201cX\u00e2y d\u1ef1ng m\u1ed9t n\u01b0\u1edbc M\u1ef9 t\u1ed1t \u0111\u1eb9p h\u01a1n\u201d c\u1ee7a Nh\u00e0 Tr\u1eafng"},"content":{"rendered":"<div class=\"\" data-block=\"true\" data-editor=\"34fg\" data-offset-key=\"egsmq-0-0\"><\/div>\n<div class=\"\" data-block=\"true\" data-editor=\"34fg\" data-offset-key=\"becoe-0-0\">\n<div data-offset-key=\"becoe-0-0\"><\/div>\n<div data-offset-key=\"becoe-0-0\"><img fetchpriority=\"high\" decoding=\"async\" class=\"alignnone size-full wp-image-36848\" src=\"https:\/\/nebraskadem.wpenginepowered.com\/wp-content\/uploads\/2022\/03\/white-house.png\" alt=\"\" width=\"640\" height=\"276\" srcset=\"https:\/\/nebraskademocrats.org\/wp-content\/uploads\/2022\/03\/white-house.png 640w, https:\/\/nebraskademocrats.org\/wp-content\/uploads\/2022\/03\/white-house-300x129.png 300w, https:\/\/nebraskademocrats.org\/wp-content\/uploads\/2022\/03\/white-house-18x8.png 18w\" sizes=\"(max-width: 640px) 100vw, 640px\" \/><\/div>\n<div class=\"_1mf _1mj\" data-offset-key=\"becoe-0-0\">\n<p><span data-offset-key=\"egsmq-0-0\">B\u1ea1n<\/span><span data-offset-key=\"egsmq-1-0\"> \u0111\u01b0\u1ee3c m\u1eddi tham gia Nh\u00e0 Tr\u1eafng v\u00e0 c\u00e1c \u0111\u1ed1i t\u00e1c c\u1ed9ng \u0111\u1ed3ng Nebraska cho m\u1ed9t s\u1ef1 ki\u1ec7n \u0111\u1eb7c bi\u1ec7t X\u00e2y d\u1ef1ng m\u1ed9t n\u01b0\u1edbc M\u1ef9 t\u1ed1t \u0111\u1eb9p h\u01a1n v\u1ec1 c\u00e1c \u01b0u ti\u00ean c\u1ee7a T\u1ed5ng th\u1ed1ng Biden \u0111\u1ed1i v\u1edbi c\u00e1c gia \u0111\u00ecnh v\u00e0 c\u1ed9ng \u0111\u1ed3ng Nebraska.<\/span><\/p>\n<p><span data-offset-key=\"egsmq-1-0\"> S\u1ef1 ki\u1ec7n h\u1eadu Bang h\u1ed9i n\u00e0y s\u1ebd di\u1ec5n ra v\u00e0o Th\u1ee9 Ba, ng\u00e0y 8 th\u00e1ng 3 l\u00fac 3 gi\u1edd chi\u1ec1u CT \/ 2 gi\u1edd chi\u1ec1u theo gi\u1edd MT. N\u00f3 s\u1ebd bao g\u1ed3m m\u1ed9t cu\u1ed9c th\u1ea3o lu\u1eadn v\u1ec1 nh\u1eefng c\u00e1ch c\u1ee5 th\u1ec3 m\u00e0 ch\u01b0\u01a1ng tr\u00ecnh ngh\u1ecb s\u1ef1 c\u1ee7a T\u1ed5ng th\u1ed1ng Biden s\u1ebd t\u00e1c \u0111\u1ed9ng \u0111\u1ebfn c\u00e1c c\u00e1 nh\u00e2n v\u00e0 gia \u0111\u00ecnh \u1edf Nebraska, \u0111\u1ed3ng th\u1eddi mang \u0111\u1ebfn cho nh\u1eefng ng\u01b0\u1eddi tham d\u1ef1 c\u01a1 h\u1ed9i chia s\u1ebb v\u1edbi Nh\u00e0 Tr\u1eafng v\u1ec1 nh\u1eefng v\u1ea5n \u0111\u1ec1 quan tr\u1ecdng nh\u1ea5t \u0111\u1ed1i v\u1edbi c\u1ed9ng \u0111\u1ed3ng c\u1ee7a h\u1ecd.<\/span><\/p>\n<p>C\u00e1c di\u1ec5n gi\u1ea3 s\u1ebd bao g\u1ed3m Th\u1ecb tr\u01b0\u1edfng Lincoln Leirion Gaylor Baird v\u00e0 ch\u1ee7 trang tr\u1ea1i Trey Wasserburger.<\/p>\n<p><span data-offset-key=\"egsmq-1-0\"> B\u1ea1n c\u00f3 th\u1ec3 <a href=\"https:\/\/pitc.zoomgov.com\/webinar\/register\/WN_EbWwQKL-TSGDuZshX1UElA\"><strong>Tr\u1ea3 l\u1eddi t\u1ea1i \u0111\u00e2y<\/strong><\/a>, v\u00e0 t\u1ea5t c\u1ea3 \u0111\u1ec1u \u0111\u01b0\u1ee3c ch\u00e0o \u0111\u00f3n!<\/span><\/p>\n<\/div>\n<\/div>","protected":false},"excerpt":{"rendered":"<p>You are invited to join the White House and Nebraska community partners for a special Building A Better America event on President Biden\u2019s priorities for Nebraska families and communities. This post-State of the Union event will take place on Tuesday, March 8 at 3 p.m. CT\/2 p.m. MT. It will feature a discussion of the &#8230; <a title=\"White House &#8220;Building A Better America&#8221; Nebraska Event\" class=\"read-more\" href=\"https:\/\/nebraskademocrats.org\/vi\/blog\/invite-white-house-building-a-better-america-nebraska-event\/\" aria-label=\"More on White House &#8220;Building A Better America&#8221; Nebraska Event\">\u0110\u1ecdc th\u00eam<\/a><\/p>","protected":false},"author":19,"featured_media":0,"comment_status":"closed","ping_status":"closed","sticky":false,"template":"","format":"standard","meta":{"_acf_changed":false,"_exactmetrics_skip_tracking":false,"_exactmetrics_sitenote_active":false,"_exactmetrics_sitenote_note":"","_exactmetrics_sitenote_category":0,"footnotes":""},"categories":[1],"tags":[],"class_list":["post-36847","post","type-post","status-publish","format-standard","hentry","category-blog"],"acf":[],"yoast_head":"<!-- This site is optimized with the Yoast SEO plugin v27.4 - https:\/\/yoast.com\/product\/yoast-seo-wordpress\/ -->\n<title>White House &quot;Building A Better America&quot; Nebraska Event &#8211; Nebraska Democratic Party<\/title>\n<meta name=\"robots\" content=\"index, follow, max-snippet:-1, max-image-preview:large, max-video-preview:-1\" \/>\n<link rel=\"canonical\" href=\"https:\/\/nebraskademocrats.org\/vi\/blog\/invite-white-house-building-a-better-america-nebraska-event\/\" \/>\n<meta property=\"og:locale\" content=\"vi_VN\" \/>\n<meta property=\"og:type\" content=\"article\" \/>\n<meta property=\"og:title\" content=\"White House &quot;Building A Better America&quot; Nebraska Event &#8211; Nebraska Democratic Party\" \/>\n<meta property=\"og:description\" content=\"You are invited to join the White House and Nebraska community partners for a special Building A Better America event on President Biden\u2019s priorities for Nebraska families and communities. This post-State of the Union event will take place on Tuesday, March 8 at 3 p.m. CT\/2 p.m. MT. It will feature a discussion of the ... Read more\" \/>\n<meta property=\"og:url\" content=\"https:\/\/nebraskademocrats.org\/vi\/blog\/invite-white-house-building-a-better-america-nebraska-event\/\" \/>\n<meta property=\"og:site_name\" content=\"Nebraska Democratic Party\" \/>\n<meta property=\"article:publisher\" content=\"https:\/\/www.facebook.com\/NebraskaDemocraticParty\/\" \/>\n<meta property=\"article:published_time\" content=\"2022-03-07T15:54:52+00:00\" \/>\n<meta property=\"article:modified_time\" content=\"2022-03-07T16:06:21+00:00\" \/>\n<meta property=\"og:image\" content=\"https:\/\/nebraskadem.wpenginepowered.com\/wp-content\/uploads\/2022\/03\/white-house.png\" \/>\n<meta name=\"author\" content=\"Precious McKesson\" \/>\n<meta name=\"twitter:card\" content=\"summary_large_image\" \/>\n<meta name=\"twitter:creator\" content=\"@nebraskadems\" \/>\n<meta name=\"twitter:site\" content=\"@nebraskadems\" \/>\n<meta name=\"twitter:label1\" content=\"\u0110\u01b0\u1ee3c vi\u1ebft b\u1edfi\" \/>\n\t<meta name=\"twitter:data1\" content=\"Precious McKesson\" \/>\n\t<meta name=\"twitter:label2\" content=\"\u01af\u1edbc t\u00ednh th\u1eddi gian \u0111\u1ecdc\" \/>\n\t<meta name=\"twitter:data2\" content=\"1 ph\u00fat\" \/>\n<script type=\"application\/ld+json\" class=\"yoast-schema-graph\">{\"@context\":\"https:\\\/\\\/schema.org\",\"@graph\":[{\"@type\":\"Article\",\"@id\":\"https:\\\/\\\/nebraskademocrats.org\\\/blog\\\/invite-white-house-building-a-better-america-nebraska-event\\\/#article\",\"isPartOf\":{\"@id\":\"https:\\\/\\\/nebraskademocrats.org\\\/blog\\\/invite-white-house-building-a-better-america-nebraska-event\\\/\"},\"author\":{\"name\":\"Precious McKesson\",\"@id\":\"https:\\\/\\\/nebraskademocrats.org\\\/#\\\/schema\\\/person\\\/33e011ea0795f404810dc40828bcf289\"},\"headline\":\"White House &#8220;Building A Better America&#8221; Nebraska Event\",\"datePublished\":\"2022-03-07T15:54:52+00:00\",\"dateModified\":\"2022-03-07T16:06:21+00:00\",\"mainEntityOfPage\":{\"@id\":\"https:\\\/\\\/nebraskademocrats.org\\\/blog\\\/invite-white-house-building-a-better-america-nebraska-event\\\/\"},\"wordCount\":116,\"publisher\":{\"@id\":\"https:\\\/\\\/nebraskademocrats.org\\\/#organization\"},\"image\":{\"@id\":\"https:\\\/\\\/nebraskademocrats.org\\\/blog\\\/invite-white-house-building-a-better-america-nebraska-event\\\/#primaryimage\"},\"thumbnailUrl\":\"https:\\\/\\\/nebraskadem.wpenginepowered.com\\\/wp-content\\\/uploads\\\/2022\\\/03\\\/white-house.png\",\"articleSection\":[\"NDP Blog\"],\"inLanguage\":\"vi\"},{\"@type\":\"WebPage\",\"@id\":\"https:\\\/\\\/nebraskademocrats.org\\\/blog\\\/invite-white-house-building-a-better-america-nebraska-event\\\/\",\"url\":\"https:\\\/\\\/nebraskademocrats.org\\\/blog\\\/invite-white-house-building-a-better-america-nebraska-event\\\/\",\"name\":\"White House \\\"Building A Better America\\\" Nebraska Event &#8211; Nebraska Democratic Party\",\"isPartOf\":{\"@id\":\"https:\\\/\\\/nebraskademocrats.org\\\/#website\"},\"primaryImageOfPage\":{\"@id\":\"https:\\\/\\\/nebraskademocrats.org\\\/blog\\\/invite-white-house-building-a-better-america-nebraska-event\\\/#primaryimage\"},\"image\":{\"@id\":\"https:\\\/\\\/nebraskademocrats.org\\\/blog\\\/invite-white-house-building-a-better-america-nebraska-event\\\/#primaryimage\"},\"thumbnailUrl\":\"https:\\\/\\\/nebraskadem.wpenginepowered.com\\\/wp-content\\\/uploads\\\/2022\\\/03\\\/white-house.png\",\"datePublished\":\"2022-03-07T15:54:52+00:00\",\"dateModified\":\"2022-03-07T16:06:21+00:00\",\"breadcrumb\":{\"@id\":\"https:\\\/\\\/nebraskademocrats.org\\\/blog\\\/invite-white-house-building-a-better-america-nebraska-event\\\/#breadcrumb\"},\"inLanguage\":\"vi\",\"potentialAction\":[{\"@type\":\"ReadAction\",\"target\":[\"https:\\\/\\\/nebraskademocrats.org\\\/blog\\\/invite-white-house-building-a-better-america-nebraska-event\\\/\"]}]},{\"@type\":\"ImageObject\",\"inLanguage\":\"vi\",\"@id\":\"https:\\\/\\\/nebraskademocrats.org\\\/blog\\\/invite-white-house-building-a-better-america-nebraska-event\\\/#primaryimage\",\"url\":\"https:\\\/\\\/nebraskadem.wpenginepowered.com\\\/wp-content\\\/uploads\\\/2022\\\/03\\\/white-house.png\",\"contentUrl\":\"https:\\\/\\\/nebraskadem.wpenginepowered.com\\\/wp-content\\\/uploads\\\/2022\\\/03\\\/white-house.png\"},{\"@type\":\"BreadcrumbList\",\"@id\":\"https:\\\/\\\/nebraskademocrats.org\\\/blog\\\/invite-white-house-building-a-better-america-nebraska-event\\\/#breadcrumb\",\"itemListElement\":[{\"@type\":\"ListItem\",\"position\":1,\"name\":\"Home\",\"item\":\"https:\\\/\\\/nebraskademocrats.org\\\/\"},{\"@type\":\"ListItem\",\"position\":2,\"name\":\"White House &#8220;Building A Better America&#8221; Nebraska Event\"}]},{\"@type\":\"WebSite\",\"@id\":\"https:\\\/\\\/nebraskademocrats.org\\\/#website\",\"url\":\"https:\\\/\\\/nebraskademocrats.org\\\/\",\"name\":\"Nebraska Democratic Party\",\"description\":\"Growing the Good Life for All Nebraskans\",\"publisher\":{\"@id\":\"https:\\\/\\\/nebraskademocrats.org\\\/#organization\"},\"potentialAction\":[{\"@type\":\"SearchAction\",\"target\":{\"@type\":\"EntryPoint\",\"urlTemplate\":\"https:\\\/\\\/nebraskademocrats.org\\\/?s={search_term_string}\"},\"query-input\":{\"@type\":\"PropertyValueSpecification\",\"valueRequired\":true,\"valueName\":\"search_term_string\"}}],\"inLanguage\":\"vi\"},{\"@type\":\"Organization\",\"@id\":\"https:\\\/\\\/nebraskademocrats.org\\\/#organization\",\"name\":\"Nebraska Democratic Party\",\"url\":\"https:\\\/\\\/nebraskademocrats.org\\\/\",\"logo\":{\"@type\":\"ImageObject\",\"inLanguage\":\"vi\",\"@id\":\"https:\\\/\\\/nebraskademocrats.org\\\/#\\\/schema\\\/logo\\\/image\\\/\",\"url\":\"https:\\\/\\\/nebraskadem.wpenginepowered.com\\\/wp-content\\\/uploads\\\/2016\\\/05\\\/NDP2.jpg\",\"contentUrl\":\"https:\\\/\\\/nebraskadem.wpenginepowered.com\\\/wp-content\\\/uploads\\\/2016\\\/05\\\/NDP2.jpg\",\"width\":1000,\"height\":396,\"caption\":\"Nebraska Democratic Party\"},\"image\":{\"@id\":\"https:\\\/\\\/nebraskademocrats.org\\\/#\\\/schema\\\/logo\\\/image\\\/\"},\"sameAs\":[\"https:\\\/\\\/www.facebook.com\\\/NebraskaDemocraticParty\\\/\",\"https:\\\/\\\/x.com\\\/nebraskadems\"]},{\"@type\":\"Person\",\"@id\":\"https:\\\/\\\/nebraskademocrats.org\\\/#\\\/schema\\\/person\\\/33e011ea0795f404810dc40828bcf289\",\"name\":\"Precious McKesson\",\"image\":{\"@type\":\"ImageObject\",\"inLanguage\":\"vi\",\"@id\":\"https:\\\/\\\/secure.gravatar.com\\\/avatar\\\/35046e19b3373116ec64c07d386d3312028d3820dc0ffe65c344bcebc8ea9194?s=96&d=mm&r=g\",\"url\":\"https:\\\/\\\/secure.gravatar.com\\\/avatar\\\/35046e19b3373116ec64c07d386d3312028d3820dc0ffe65c344bcebc8ea9194?s=96&d=mm&r=g\",\"contentUrl\":\"https:\\\/\\\/secure.gravatar.com\\\/avatar\\\/35046e19b3373116ec64c07d386d3312028d3820dc0ffe65c344bcebc8ea9194?s=96&d=mm&r=g\",\"caption\":\"Precious McKesson\"}}]}<\/script>\n<!-- \/ Yoast SEO plugin. -->","yoast_head_json":{"title":"White House \"Building A Better America\" Nebraska Event &#8211; Nebraska Democratic Party","robots":{"index":"index","follow":"follow","max-snippet":"max-snippet:-1","max-image-preview":"max-image-preview:large","max-video-preview":"max-video-preview:-1"},"canonical":"https:\/\/nebraskademocrats.org\/vi\/blog\/invite-white-house-building-a-better-america-nebraska-event\/","og_locale":"vi_VN","og_type":"article","og_title":"White House \"Building A Better America\" Nebraska Event &#8211; Nebraska Democratic Party","og_description":"You are invited to join the White House and Nebraska community partners for a special Building A Better America event on President Biden\u2019s priorities for Nebraska families and communities. This post-State of the Union event will take place on Tuesday, March 8 at 3 p.m. CT\/2 p.m. MT. It will feature a discussion of the ... Read more","og_url":"https:\/\/nebraskademocrats.org\/vi\/blog\/invite-white-house-building-a-better-america-nebraska-event\/","og_site_name":"Nebraska Democratic Party","article_publisher":"https:\/\/www.facebook.com\/NebraskaDemocraticParty\/","article_published_time":"2022-03-07T15:54:52+00:00","article_modified_time":"2022-03-07T16:06:21+00:00","og_image":[{"url":"https:\/\/nebraskadem.wpenginepowered.com\/wp-content\/uploads\/2022\/03\/white-house.png","type":"","width":"","height":""}],"author":"Precious McKesson","twitter_card":"summary_large_image","twitter_creator":"@nebraskadems","twitter_site":"@nebraskadems","twitter_misc":{"\u0110\u01b0\u1ee3c vi\u1ebft b\u1edfi":"Precious McKesson","\u01af\u1edbc t\u00ednh th\u1eddi gian \u0111\u1ecdc":"1 ph\u00fat"},"schema":{"@context":"https:\/\/schema.org","@graph":[{"@type":"Article","@id":"https:\/\/nebraskademocrats.org\/blog\/invite-white-house-building-a-better-america-nebraska-event\/#article","isPartOf":{"@id":"https:\/\/nebraskademocrats.org\/blog\/invite-white-house-building-a-better-america-nebraska-event\/"},"author":{"name":"Precious McKesson","@id":"https:\/\/nebraskademocrats.org\/#\/schema\/person\/33e011ea0795f404810dc40828bcf289"},"headline":"White House &#8220;Building A Better America&#8221; Nebraska Event","datePublished":"2022-03-07T15:54:52+00:00","dateModified":"2022-03-07T16:06:21+00:00","mainEntityOfPage":{"@id":"https:\/\/nebraskademocrats.org\/blog\/invite-white-house-building-a-better-america-nebraska-event\/"},"wordCount":116,"publisher":{"@id":"https:\/\/nebraskademocrats.org\/#organization"},"image":{"@id":"https:\/\/nebraskademocrats.org\/blog\/invite-white-house-building-a-better-america-nebraska-event\/#primaryimage"},"thumbnailUrl":"https:\/\/nebraskadem.wpenginepowered.com\/wp-content\/uploads\/2022\/03\/white-house.png","articleSection":["NDP Blog"],"inLanguage":"vi"},{"@type":"WebPage","@id":"https:\/\/nebraskademocrats.org\/blog\/invite-white-house-building-a-better-america-nebraska-event\/","url":"https:\/\/nebraskademocrats.org\/blog\/invite-white-house-building-a-better-america-nebraska-event\/","name":"White House \"Building A Better America\" Nebraska Event &#8211; Nebraska Democratic Party","isPartOf":{"@id":"https:\/\/nebraskademocrats.org\/#website"},"primaryImageOfPage":{"@id":"https:\/\/nebraskademocrats.org\/blog\/invite-white-house-building-a-better-america-nebraska-event\/#primaryimage"},"image":{"@id":"https:\/\/nebraskademocrats.org\/blog\/invite-white-house-building-a-better-america-nebraska-event\/#primaryimage"},"thumbnailUrl":"https:\/\/nebraskadem.wpenginepowered.com\/wp-content\/uploads\/2022\/03\/white-house.png","datePublished":"2022-03-07T15:54:52+00:00","dateModified":"2022-03-07T16:06:21+00:00","breadcrumb":{"@id":"https:\/\/nebraskademocrats.org\/blog\/invite-white-house-building-a-better-america-nebraska-event\/#breadcrumb"},"inLanguage":"vi","potentialAction":[{"@type":"ReadAction","target":["https:\/\/nebraskademocrats.org\/blog\/invite-white-house-building-a-better-america-nebraska-event\/"]}]},{"@type":"ImageObject","inLanguage":"vi","@id":"https:\/\/nebraskademocrats.org\/blog\/invite-white-house-building-a-better-america-nebraska-event\/#primaryimage","url":"https:\/\/nebraskadem.wpenginepowered.com\/wp-content\/uploads\/2022\/03\/white-house.png","contentUrl":"https:\/\/nebraskadem.wpenginepowered.com\/wp-content\/uploads\/2022\/03\/white-house.png"},{"@type":"BreadcrumbList","@id":"https:\/\/nebraskademocrats.org\/blog\/invite-white-house-building-a-better-america-nebraska-event\/#breadcrumb","itemListElement":[{"@type":"ListItem","position":1,"name":"Home","item":"https:\/\/nebraskademocrats.org\/"},{"@type":"ListItem","position":2,"name":"White House &#8220;Building A Better America&#8221; Nebraska Event"}]},{"@type":"WebSite","@id":"https:\/\/nebraskademocrats.org\/#website","url":"https:\/\/nebraskademocrats.org\/","name":"Nebraska Democratic Party","description":"Ph\u00e1t tri\u1ec3n cu\u1ed9c s\u1ed1ng t\u1ed1t \u0111\u1eb9p cho t\u1ea5t c\u1ea3 Nebraskans","publisher":{"@id":"https:\/\/nebraskademocrats.org\/#organization"},"potentialAction":[{"@type":"SearchAction","target":{"@type":"EntryPoint","urlTemplate":"https:\/\/nebraskademocrats.org\/?s={search_term_string}"},"query-input":{"@type":"PropertyValueSpecification","valueRequired":true,"valueName":"search_term_string"}}],"inLanguage":"vi"},{"@type":"Organization","@id":"https:\/\/nebraskademocrats.org\/#organization","name":"Nebraska Democratic Party","url":"https:\/\/nebraskademocrats.org\/","logo":{"@type":"ImageObject","inLanguage":"vi","@id":"https:\/\/nebraskademocrats.org\/#\/schema\/logo\/image\/","url":"https:\/\/nebraskadem.wpenginepowered.com\/wp-content\/uploads\/2016\/05\/NDP2.jpg","contentUrl":"https:\/\/nebraskadem.wpenginepowered.com\/wp-content\/uploads\/2016\/05\/NDP2.jpg","width":1000,"height":396,"caption":"Nebraska Democratic Party"},"image":{"@id":"https:\/\/nebraskademocrats.org\/#\/schema\/logo\/image\/"},"sameAs":["https:\/\/www.facebook.com\/NebraskaDemocraticParty\/","https:\/\/x.com\/nebraskadems"]},{"@type":"Person","@id":"https:\/\/nebraskademocrats.org\/#\/schema\/person\/33e011ea0795f404810dc40828bcf289","name":"McKesson qu\u00fd gi\u00e1","image":{"@type":"ImageObject","inLanguage":"vi","@id":"https:\/\/secure.gravatar.com\/avatar\/35046e19b3373116ec64c07d386d3312028d3820dc0ffe65c344bcebc8ea9194?s=96&d=mm&r=g","url":"https:\/\/secure.gravatar.com\/avatar\/35046e19b3373116ec64c07d386d3312028d3820dc0ffe65c344bcebc8ea9194?s=96&d=mm&r=g","contentUrl":"https:\/\/secure.gravatar.com\/avatar\/35046e19b3373116ec64c07d386d3312028d3820dc0ffe65c344bcebc8ea9194?s=96&d=mm&r=g","caption":"Precious McKesson"}}]}},"_links":{"self":[{"href":"https:\/\/nebraskademocrats.org\/vi\/wp-json\/wp\/v2\/posts\/36847","targetHints":{"allow":["GET"]}}],"collection":[{"href":"https:\/\/nebraskademocrats.org\/vi\/wp-json\/wp\/v2\/posts"}],"about":[{"href":"https:\/\/nebraskademocrats.org\/vi\/wp-json\/wp\/v2\/types\/post"}],"author":[{"embeddable":true,"href":"https:\/\/nebraskademocrats.org\/vi\/wp-json\/wp\/v2\/users\/19"}],"replies":[{"embeddable":true,"href":"https:\/\/nebraskademocrats.org\/vi\/wp-json\/wp\/v2\/comments?post=36847"}],"version-history":[{"count":0,"href":"https:\/\/nebraskademocrats.org\/vi\/wp-json\/wp\/v2\/posts\/36847\/revisions"}],"wp:attachment":[{"href":"https:\/\/nebraskademocrats.org\/vi\/wp-json\/wp\/v2\/media?parent=36847"}],"wp:term":[{"taxonomy":"category","embeddable":true,"href":"https:\/\/nebraskademocrats.org\/vi\/wp-json\/wp\/v2\/categories?post=36847"},{"taxonomy":"post_tag","embeddable":true,"href":"https:\/\/nebraskademocrats.org\/vi\/wp-json\/wp\/v2\/tags?post=36847"}],"curies":[{"name":"wp","href":"https:\/\/api.w.org\/{rel}","templated":true}]}}