{"id":37185,"date":"2022-03-26T16:13:17","date_gmt":"2022-03-26T21:13:17","guid":{"rendered":"https:\/\/nebraskadem.wpenginepowered.com\/?p=37185"},"modified":"2022-03-26T16:15:07","modified_gmt":"2022-03-26T21:15:07","slug":"press-release-ndps-kleeb-comments-on-fortenberry-resignation","status":"publish","type":"post","link":"https:\/\/nebraskademocrats.org\/vi\/press-releases\/press-release-ndps-kleeb-comments-on-fortenberry-resignation\/","title":{"rendered":"Th\u00f4ng c\u00e1o b\u00e1o ch\u00ed: Kleeb c\u1ee7a NDP b\u00ecnh lu\u1eadn v\u1ec1 vi\u1ec7c Fortenberry t\u1eeb ch\u1ee9c"},"content":{"rendered":"<p><span style=\"font-weight: 400;\">Ch\u1ee7 t\u1ecbch Nebraska Democratic Party Jane Kleeb \u0111\u00e3 \u0111\u01b0a ra tuy\u00ean b\u1ed1 sau v\u00e0o th\u1ee9 B\u1ea3y \u0111\u1ec3 \u0111\u00e1p l\u1ea1i s\u1ef1 t\u1eeb ch\u1ee9c c\u1ee7a \u0110\u1ea1i di\u1ec7n GOP Jeff Fortenberry sau khi \u00f4ng b\u1ecb k\u1ebft t\u1ed9i v\u00e0o \u0111\u1ea7u tu\u1ea7n cho <\/span><a href=\"https:\/\/apnews.com\/article\/elections-los-angeles-campaigns-nebraska-congress-66c320661e21eef5d3083254e8a686f7\"><span style=\"font-weight: 400;\">n\u00f3i d\u1ed1i FBI<\/span><\/a><span style=\"font-weight: 400;\"> v\u1ec1 vi\u1ec7c ch\u1ea5p nh\u1eadn quy\u00ean g\u00f3p chi\u1ebfn d\u1ecbch b\u1ea5t h\u1ee3p ph\u00e1p.<\/span><\/p>\n<p><span style=\"font-weight: 400;\">\u201c<\/span><span style=\"font-weight: 400;\">\u0110\u00e3 \u0111\u1ebfn l\u00fac ph\u1ea3i ph\u00e1 b\u1ecf s\u1ef1 k\u00ecm k\u1eb9p \u0111\u1ed9c \u0111\u1ea3ng tham nh\u0169ng m\u00e0 \u0110\u1ea3ng C\u1ed9ng h\u00f2a \u0111ang c\u00f3 \u0111\u1ed1i v\u1edbi nh\u00e0 n\u01b0\u1edbc v\u0129 \u0111\u1ea1i c\u1ee7a ch\u00fang ta, \u201dKleeb n\u00f3i. \u201cC\u00e1c \u0111\u1ea3ng vi\u00ean \u0110\u1ea3ng D\u00e2n ch\u1ee7 \u0111\u00e3 s\u1eb5n s\u00e0ng \u0111\u1ec3 tranh c\u1eed v\u00e0 gi\u00e0nh chi\u1ebfn th\u1eafng \u0111\u1ec3 gi\u1ea3i quy\u1ebft c\u00e1c v\u1ea5n \u0111\u1ec1 m\u00e0 Nebraskans quan t\u00e2m - t\u1eeb ch\u0103m s\u00f3c s\u1ee9c kh\u1ecfe \u0111\u1ebfn san b\u1eb1ng s\u00e2n ch\u01a1i cho c\u00e1c gia \u0111\u00ecnh n\u00f4ng d\u00e2n v\u00e0 ch\u1ee7 trang tr\u1ea1i. Fortenberry v\u00e0 nh\u1eefng ng\u01b0\u1eddi C\u1ed9ng h\u00f2a \u0111\u00e3 d\u00e0nh n\u0103m ngo\u00e1i \u0111\u1ec3 ph\u1edbt l\u1edd s\u1ef1 th\u1eadt - Fortenberry \u0111\u00e3 n\u00f3i d\u1ed1i, ph\u1ea1m lu\u1eadt v\u00e0 \u0111\u00e1nh m\u1ea5t l\u00f2ng tin c\u1ee7a c\u1eed tri \u201d.<\/span><\/p>\n<p><span style=\"font-weight: 400;\">Ngo\u1ea1i tr\u01b0\u1edfng Bob Evnen <\/span><a href=\"https:\/\/www.wowt.com\/2022\/03\/25\/fortenberrys-guilty-verdict-raises-questions-special-election\/\"><span style=\"font-weight: 400;\">n\u00f3i th\u1ee9 s\u00e1u<\/span><\/a><span style=\"font-weight: 400;\"> r\u1eb1ng theo lu\u1eadt, th\u1ed1ng \u0111\u1ed1c ph\u1ea3i tri\u1ec7u t\u1eadp m\u1ed9t cu\u1ed9c b\u1ea7u c\u1eed \u0111\u1eb7c bi\u1ec7t trong v\u00f2ng 90 ng\u00e0y k\u1ec3 t\u1eeb ng\u00e0y t\u1eeb ch\u1ee9c.<\/span><\/p>\n<p><span style=\"font-weight: 400;\">Th\u01b0\u1ee3ng ngh\u1ecb s\u0129 \u0111\u1ea3ng D\u00e2n ch\u1ee7 Patty Pansing Brooks \u0111\u00e3 tranh c\u1eed v\u00e0o gh\u1ebf c\u1ee7a Qu\u1eadn 1.<\/span><\/p>\n<p><span style=\"font-weight: 400;\">Cu\u1ed9c b\u1ea7u c\u1eed s\u01a1 b\u1ed9 c\u1ee7a Nebraska \u0111\u01b0\u1ee3c \u1ea5n \u0111\u1ecbnh v\u00e0o ng\u00e0y 10 th\u00e1ng 5. Cu\u1ed9c t\u1ed5ng tuy\u1ec3n c\u1eed di\u1ec5n ra v\u00e0o ng\u00e0y 8 th\u00e1ng 11. A <\/span><span style=\"font-weight: 400;\">cu\u1ed9c b\u1ea7u c\u1eed \u0111\u1eb7c bi\u1ec7t s\u1ebd ch\u1ec9 \u0111\u01b0\u1ee3c t\u1ed5 ch\u1ee9c t\u1ea1i Qu\u1eadn Qu\u1ed1c h\u1ed9i s\u1ed1 1 c\u1ee7a Nebraska.\u00a0<\/span><\/p>","protected":false},"excerpt":{"rendered":"<p>Nebraska Democratic Party Chair Jane Kleeb issued the following statement Saturday in response to the resignation of GOP Rep Jeff Fortenberry following his conviction earlier in the week for lying to the FBI about accepting illegal campaign donations. \u201cIt is time to break up the corrupt, one-party grip the Republican Party has on our great &#8230; <a title=\"Th\u00f4ng c\u00e1o b\u00e1o ch\u00ed: Kleeb c\u1ee7a NDP b\u00ecnh lu\u1eadn v\u1ec1 vi\u1ec7c Fortenberry t\u1eeb ch\u1ee9c\" class=\"read-more\" href=\"https:\/\/nebraskademocrats.org\/vi\/press-releases\/press-release-ndps-kleeb-comments-on-fortenberry-resignation\/\" aria-label=\"More on Press release: NDP\u2019s Kleeb comments on Fortenberry resignation\">\u0110\u1ecdc th\u00eam<\/a><\/p>","protected":false},"author":19,"featured_media":0,"comment_status":"closed","ping_status":"closed","sticky":false,"template":"","format":"standard","meta":{"_acf_changed":false,"_exactmetrics_skip_tracking":false,"_exactmetrics_sitenote_active":false,"_exactmetrics_sitenote_note":"","_exactmetrics_sitenote_category":0,"footnotes":""},"categories":[4],"tags":[],"class_list":["post-37185","post","type-post","status-publish","format-standard","hentry","category-press-releases"],"acf":[],"yoast_head":"<!-- This site is optimized with the Yoast SEO plugin v27.4 - https:\/\/yoast.com\/product\/yoast-seo-wordpress\/ -->\n<title>Press release: NDP\u2019s Kleeb comments on Fortenberry resignation &#8211; Nebraska Democratic Party<\/title>\n<meta name=\"robots\" content=\"index, follow, max-snippet:-1, max-image-preview:large, max-video-preview:-1\" \/>\n<link rel=\"canonical\" href=\"https:\/\/nebraskademocrats.org\/vi\/press-releases\/press-release-ndps-kleeb-comments-on-fortenberry-resignation\/\" \/>\n<meta property=\"og:locale\" content=\"vi_VN\" \/>\n<meta property=\"og:type\" content=\"article\" \/>\n<meta property=\"og:title\" content=\"Press release: NDP\u2019s Kleeb comments on Fortenberry resignation &#8211; Nebraska Democratic Party\" \/>\n<meta property=\"og:description\" content=\"Nebraska Democratic Party Chair Jane Kleeb issued the following statement Saturday in response to the resignation of GOP Rep Jeff Fortenberry following his conviction earlier in the week for lying to the FBI about accepting illegal campaign donations. \u201cIt is time to break up the corrupt, one-party grip the Republican Party has on our great ... Read more\" \/>\n<meta property=\"og:url\" content=\"https:\/\/nebraskademocrats.org\/vi\/press-releases\/press-release-ndps-kleeb-comments-on-fortenberry-resignation\/\" \/>\n<meta property=\"og:site_name\" content=\"Nebraska Democratic Party\" \/>\n<meta property=\"article:publisher\" content=\"https:\/\/www.facebook.com\/NebraskaDemocraticParty\/\" \/>\n<meta property=\"article:published_time\" content=\"2022-03-26T21:13:17+00:00\" \/>\n<meta property=\"article:modified_time\" content=\"2022-03-26T21:15:07+00:00\" \/>\n<meta property=\"og:image\" content=\"https:\/\/nebraskademocrats.org\/wp-content\/uploads\/2018\/09\/ne-dems-fb.jpg\" \/>\n\t<meta property=\"og:image:width\" content=\"1200\" \/>\n\t<meta property=\"og:image:height\" content=\"630\" \/>\n\t<meta property=\"og:image:type\" content=\"image\/jpeg\" \/>\n<meta name=\"author\" content=\"Precious McKesson\" \/>\n<meta name=\"twitter:card\" content=\"summary_large_image\" \/>\n<meta name=\"twitter:creator\" content=\"@nebraskadems\" \/>\n<meta name=\"twitter:site\" content=\"@nebraskadems\" \/>\n<meta name=\"twitter:label1\" content=\"\u0110\u01b0\u1ee3c vi\u1ebft b\u1edfi\" \/>\n\t<meta name=\"twitter:data1\" content=\"Precious McKesson\" \/>\n\t<meta name=\"twitter:label2\" content=\"\u01af\u1edbc t\u00ednh th\u1eddi gian \u0111\u1ecdc\" \/>\n\t<meta name=\"twitter:data2\" content=\"1 ph\u00fat\" \/>\n<script type=\"application\/ld+json\" class=\"yoast-schema-graph\">{\"@context\":\"https:\\\/\\\/schema.org\",\"@graph\":[{\"@type\":\"Article\",\"@id\":\"https:\\\/\\\/nebraskademocrats.org\\\/press-releases\\\/press-release-ndps-kleeb-comments-on-fortenberry-resignation\\\/#article\",\"isPartOf\":{\"@id\":\"https:\\\/\\\/nebraskademocrats.org\\\/press-releases\\\/press-release-ndps-kleeb-comments-on-fortenberry-resignation\\\/\"},\"author\":{\"name\":\"Precious McKesson\",\"@id\":\"https:\\\/\\\/nebraskademocrats.org\\\/#\\\/schema\\\/person\\\/33e011ea0795f404810dc40828bcf289\"},\"headline\":\"Press release: NDP\u2019s Kleeb comments on Fortenberry resignation\",\"datePublished\":\"2022-03-26T21:13:17+00:00\",\"dateModified\":\"2022-03-26T21:15:07+00:00\",\"mainEntityOfPage\":{\"@id\":\"https:\\\/\\\/nebraskademocrats.org\\\/press-releases\\\/press-release-ndps-kleeb-comments-on-fortenberry-resignation\\\/\"},\"wordCount\":182,\"publisher\":{\"@id\":\"https:\\\/\\\/nebraskademocrats.org\\\/#organization\"},\"articleSection\":[\"Press Releases\"],\"inLanguage\":\"vi\"},{\"@type\":\"WebPage\",\"@id\":\"https:\\\/\\\/nebraskademocrats.org\\\/press-releases\\\/press-release-ndps-kleeb-comments-on-fortenberry-resignation\\\/\",\"url\":\"https:\\\/\\\/nebraskademocrats.org\\\/press-releases\\\/press-release-ndps-kleeb-comments-on-fortenberry-resignation\\\/\",\"name\":\"Press release: NDP\u2019s Kleeb comments on Fortenberry resignation &#8211; Nebraska Democratic Party\",\"isPartOf\":{\"@id\":\"https:\\\/\\\/nebraskademocrats.org\\\/#website\"},\"datePublished\":\"2022-03-26T21:13:17+00:00\",\"dateModified\":\"2022-03-26T21:15:07+00:00\",\"breadcrumb\":{\"@id\":\"https:\\\/\\\/nebraskademocrats.org\\\/press-releases\\\/press-release-ndps-kleeb-comments-on-fortenberry-resignation\\\/#breadcrumb\"},\"inLanguage\":\"vi\",\"potentialAction\":[{\"@type\":\"ReadAction\",\"target\":[\"https:\\\/\\\/nebraskademocrats.org\\\/press-releases\\\/press-release-ndps-kleeb-comments-on-fortenberry-resignation\\\/\"]}]},{\"@type\":\"BreadcrumbList\",\"@id\":\"https:\\\/\\\/nebraskademocrats.org\\\/press-releases\\\/press-release-ndps-kleeb-comments-on-fortenberry-resignation\\\/#breadcrumb\",\"itemListElement\":[{\"@type\":\"ListItem\",\"position\":1,\"name\":\"Home\",\"item\":\"https:\\\/\\\/nebraskademocrats.org\\\/\"},{\"@type\":\"ListItem\",\"position\":2,\"name\":\"Press release: NDP\u2019s Kleeb comments on Fortenberry resignation\"}]},{\"@type\":\"WebSite\",\"@id\":\"https:\\\/\\\/nebraskademocrats.org\\\/#website\",\"url\":\"https:\\\/\\\/nebraskademocrats.org\\\/\",\"name\":\"Nebraska Democratic Party\",\"description\":\"Growing the Good Life for All Nebraskans\",\"publisher\":{\"@id\":\"https:\\\/\\\/nebraskademocrats.org\\\/#organization\"},\"potentialAction\":[{\"@type\":\"SearchAction\",\"target\":{\"@type\":\"EntryPoint\",\"urlTemplate\":\"https:\\\/\\\/nebraskademocrats.org\\\/?s={search_term_string}\"},\"query-input\":{\"@type\":\"PropertyValueSpecification\",\"valueRequired\":true,\"valueName\":\"search_term_string\"}}],\"inLanguage\":\"vi\"},{\"@type\":\"Organization\",\"@id\":\"https:\\\/\\\/nebraskademocrats.org\\\/#organization\",\"name\":\"Nebraska Democratic Party\",\"url\":\"https:\\\/\\\/nebraskademocrats.org\\\/\",\"logo\":{\"@type\":\"ImageObject\",\"inLanguage\":\"vi\",\"@id\":\"https:\\\/\\\/nebraskademocrats.org\\\/#\\\/schema\\\/logo\\\/image\\\/\",\"url\":\"https:\\\/\\\/nebraskadem.wpenginepowered.com\\\/wp-content\\\/uploads\\\/2016\\\/05\\\/NDP2.jpg\",\"contentUrl\":\"https:\\\/\\\/nebraskadem.wpenginepowered.com\\\/wp-content\\\/uploads\\\/2016\\\/05\\\/NDP2.jpg\",\"width\":1000,\"height\":396,\"caption\":\"Nebraska Democratic Party\"},\"image\":{\"@id\":\"https:\\\/\\\/nebraskademocrats.org\\\/#\\\/schema\\\/logo\\\/image\\\/\"},\"sameAs\":[\"https:\\\/\\\/www.facebook.com\\\/NebraskaDemocraticParty\\\/\",\"https:\\\/\\\/x.com\\\/nebraskadems\"]},{\"@type\":\"Person\",\"@id\":\"https:\\\/\\\/nebraskademocrats.org\\\/#\\\/schema\\\/person\\\/33e011ea0795f404810dc40828bcf289\",\"name\":\"Precious McKesson\",\"image\":{\"@type\":\"ImageObject\",\"inLanguage\":\"vi\",\"@id\":\"https:\\\/\\\/secure.gravatar.com\\\/avatar\\\/35046e19b3373116ec64c07d386d3312028d3820dc0ffe65c344bcebc8ea9194?s=96&d=mm&r=g\",\"url\":\"https:\\\/\\\/secure.gravatar.com\\\/avatar\\\/35046e19b3373116ec64c07d386d3312028d3820dc0ffe65c344bcebc8ea9194?s=96&d=mm&r=g\",\"contentUrl\":\"https:\\\/\\\/secure.gravatar.com\\\/avatar\\\/35046e19b3373116ec64c07d386d3312028d3820dc0ffe65c344bcebc8ea9194?s=96&d=mm&r=g\",\"caption\":\"Precious McKesson\"}}]}<\/script>\n<!-- \/ Yoast SEO plugin. -->","yoast_head_json":{"title":"Press release: NDP\u2019s Kleeb comments on Fortenberry resignation &#8211; Nebraska Democratic Party","robots":{"index":"index","follow":"follow","max-snippet":"max-snippet:-1","max-image-preview":"max-image-preview:large","max-video-preview":"max-video-preview:-1"},"canonical":"https:\/\/nebraskademocrats.org\/vi\/press-releases\/press-release-ndps-kleeb-comments-on-fortenberry-resignation\/","og_locale":"vi_VN","og_type":"article","og_title":"Press release: NDP\u2019s Kleeb comments on Fortenberry resignation &#8211; Nebraska Democratic Party","og_description":"Nebraska Democratic Party Chair Jane Kleeb issued the following statement Saturday in response to the resignation of GOP Rep Jeff Fortenberry following his conviction earlier in the week for lying to the FBI about accepting illegal campaign donations. \u201cIt is time to break up the corrupt, one-party grip the Republican Party has on our great ... Read more","og_url":"https:\/\/nebraskademocrats.org\/vi\/press-releases\/press-release-ndps-kleeb-comments-on-fortenberry-resignation\/","og_site_name":"Nebraska Democratic Party","article_publisher":"https:\/\/www.facebook.com\/NebraskaDemocraticParty\/","article_published_time":"2022-03-26T21:13:17+00:00","article_modified_time":"2022-03-26T21:15:07+00:00","og_image":[{"width":1200,"height":630,"url":"https:\/\/nebraskademocrats.org\/wp-content\/uploads\/2018\/09\/ne-dems-fb.jpg","type":"image\/jpeg"}],"author":"Precious McKesson","twitter_card":"summary_large_image","twitter_creator":"@nebraskadems","twitter_site":"@nebraskadems","twitter_misc":{"\u0110\u01b0\u1ee3c vi\u1ebft b\u1edfi":"Precious McKesson","\u01af\u1edbc t\u00ednh th\u1eddi gian \u0111\u1ecdc":"1 ph\u00fat"},"schema":{"@context":"https:\/\/schema.org","@graph":[{"@type":"Article","@id":"https:\/\/nebraskademocrats.org\/press-releases\/press-release-ndps-kleeb-comments-on-fortenberry-resignation\/#article","isPartOf":{"@id":"https:\/\/nebraskademocrats.org\/press-releases\/press-release-ndps-kleeb-comments-on-fortenberry-resignation\/"},"author":{"name":"Precious McKesson","@id":"https:\/\/nebraskademocrats.org\/#\/schema\/person\/33e011ea0795f404810dc40828bcf289"},"headline":"Press release: NDP\u2019s Kleeb comments on Fortenberry resignation","datePublished":"2022-03-26T21:13:17+00:00","dateModified":"2022-03-26T21:15:07+00:00","mainEntityOfPage":{"@id":"https:\/\/nebraskademocrats.org\/press-releases\/press-release-ndps-kleeb-comments-on-fortenberry-resignation\/"},"wordCount":182,"publisher":{"@id":"https:\/\/nebraskademocrats.org\/#organization"},"articleSection":["Press Releases"],"inLanguage":"vi"},{"@type":"WebPage","@id":"https:\/\/nebraskademocrats.org\/press-releases\/press-release-ndps-kleeb-comments-on-fortenberry-resignation\/","url":"https:\/\/nebraskademocrats.org\/press-releases\/press-release-ndps-kleeb-comments-on-fortenberry-resignation\/","name":"Press release: NDP\u2019s Kleeb comments on Fortenberry resignation &#8211; Nebraska Democratic Party","isPartOf":{"@id":"https:\/\/nebraskademocrats.org\/#website"},"datePublished":"2022-03-26T21:13:17+00:00","dateModified":"2022-03-26T21:15:07+00:00","breadcrumb":{"@id":"https:\/\/nebraskademocrats.org\/press-releases\/press-release-ndps-kleeb-comments-on-fortenberry-resignation\/#breadcrumb"},"inLanguage":"vi","potentialAction":[{"@type":"ReadAction","target":["https:\/\/nebraskademocrats.org\/press-releases\/press-release-ndps-kleeb-comments-on-fortenberry-resignation\/"]}]},{"@type":"BreadcrumbList","@id":"https:\/\/nebraskademocrats.org\/press-releases\/press-release-ndps-kleeb-comments-on-fortenberry-resignation\/#breadcrumb","itemListElement":[{"@type":"ListItem","position":1,"name":"Home","item":"https:\/\/nebraskademocrats.org\/"},{"@type":"ListItem","position":2,"name":"Press release: NDP\u2019s Kleeb comments on Fortenberry resignation"}]},{"@type":"WebSite","@id":"https:\/\/nebraskademocrats.org\/#website","url":"https:\/\/nebraskademocrats.org\/","name":"Nebraska Democratic Party","description":"Ph\u00e1t tri\u1ec3n cu\u1ed9c s\u1ed1ng t\u1ed1t \u0111\u1eb9p cho t\u1ea5t c\u1ea3 Nebraskans","publisher":{"@id":"https:\/\/nebraskademocrats.org\/#organization"},"potentialAction":[{"@type":"SearchAction","target":{"@type":"EntryPoint","urlTemplate":"https:\/\/nebraskademocrats.org\/?s={search_term_string}"},"query-input":{"@type":"PropertyValueSpecification","valueRequired":true,"valueName":"search_term_string"}}],"inLanguage":"vi"},{"@type":"Organization","@id":"https:\/\/nebraskademocrats.org\/#organization","name":"Nebraska Democratic Party","url":"https:\/\/nebraskademocrats.org\/","logo":{"@type":"ImageObject","inLanguage":"vi","@id":"https:\/\/nebraskademocrats.org\/#\/schema\/logo\/image\/","url":"https:\/\/nebraskadem.wpenginepowered.com\/wp-content\/uploads\/2016\/05\/NDP2.jpg","contentUrl":"https:\/\/nebraskadem.wpenginepowered.com\/wp-content\/uploads\/2016\/05\/NDP2.jpg","width":1000,"height":396,"caption":"Nebraska Democratic Party"},"image":{"@id":"https:\/\/nebraskademocrats.org\/#\/schema\/logo\/image\/"},"sameAs":["https:\/\/www.facebook.com\/NebraskaDemocraticParty\/","https:\/\/x.com\/nebraskadems"]},{"@type":"Person","@id":"https:\/\/nebraskademocrats.org\/#\/schema\/person\/33e011ea0795f404810dc40828bcf289","name":"McKesson qu\u00fd gi\u00e1","image":{"@type":"ImageObject","inLanguage":"vi","@id":"https:\/\/secure.gravatar.com\/avatar\/35046e19b3373116ec64c07d386d3312028d3820dc0ffe65c344bcebc8ea9194?s=96&d=mm&r=g","url":"https:\/\/secure.gravatar.com\/avatar\/35046e19b3373116ec64c07d386d3312028d3820dc0ffe65c344bcebc8ea9194?s=96&d=mm&r=g","contentUrl":"https:\/\/secure.gravatar.com\/avatar\/35046e19b3373116ec64c07d386d3312028d3820dc0ffe65c344bcebc8ea9194?s=96&d=mm&r=g","caption":"Precious McKesson"}}]}},"_links":{"self":[{"href":"https:\/\/nebraskademocrats.org\/vi\/wp-json\/wp\/v2\/posts\/37185","targetHints":{"allow":["GET"]}}],"collection":[{"href":"https:\/\/nebraskademocrats.org\/vi\/wp-json\/wp\/v2\/posts"}],"about":[{"href":"https:\/\/nebraskademocrats.org\/vi\/wp-json\/wp\/v2\/types\/post"}],"author":[{"embeddable":true,"href":"https:\/\/nebraskademocrats.org\/vi\/wp-json\/wp\/v2\/users\/19"}],"replies":[{"embeddable":true,"href":"https:\/\/nebraskademocrats.org\/vi\/wp-json\/wp\/v2\/comments?post=37185"}],"version-history":[{"count":0,"href":"https:\/\/nebraskademocrats.org\/vi\/wp-json\/wp\/v2\/posts\/37185\/revisions"}],"wp:attachment":[{"href":"https:\/\/nebraskademocrats.org\/vi\/wp-json\/wp\/v2\/media?parent=37185"}],"wp:term":[{"taxonomy":"category","embeddable":true,"href":"https:\/\/nebraskademocrats.org\/vi\/wp-json\/wp\/v2\/categories?post=37185"},{"taxonomy":"post_tag","embeddable":true,"href":"https:\/\/nebraskademocrats.org\/vi\/wp-json\/wp\/v2\/tags?post=37185"}],"curies":[{"name":"wp","href":"https:\/\/api.w.org\/{rel}","templated":true}]}}