{"id":3725,"date":"2018-01-12T09:40:34","date_gmt":"2018-01-12T15:40:34","guid":{"rendered":"http:\/\/nebraskadem.wpenginepowered.com\/?p=3725"},"modified":"2018-01-12T10:04:52","modified_gmt":"2018-01-12T16:04:52","slug":"make-calls-to-pass-the-dream-act","status":"publish","type":"post","link":"https:\/\/nebraskademocrats.org\/vi\/blog\/make-calls-to-pass-the-dream-act\/","title":{"rendered":"K\u00eau g\u1ecdi th\u00f4ng qua \u0110\u1ea1o lu\u1eadt DREAM"},"content":{"rendered":"<p><span style=\"font-weight: 400;\">Ng\u00e0y k\u00eau g\u1ecdi to\u00e0n qu\u1ed1c \u0111\u1ea7u ti\u00ean trong n\u0103m \u0111\u1ec3 t\u1ed5 ch\u1ee9c k\u00eau g\u1ecdi c\u00e1c th\u00e0nh vi\u00ean Qu\u1ed1c h\u1ed9i th\u00f4ng qua \u0110\u1ea1o lu\u1eadt DREAM tr\u01b0\u1edbc ng\u00e0y 19 th\u00e1ng 1 \u0111ang di\u1ec5n ra s\u00f4i n\u1ed5i. Ch\u00fang t\u00f4i \u0111ang y\u00eau c\u1ea7u m\u1ed7i b\u1ea1n tham gia n\u1ed7 l\u1ef1c c\u1ee7a ch\u00fang t\u00f4i.<\/span><\/p>\n<p><span style=\"font-weight: 400;\">G\u1ea7n 15.000 ng\u01b0\u1eddi nh\u1eadn DACA \u0111\u00e3 m\u1ea5t t\u00ecnh tr\u1ea1ng b\u1ea3o v\u1ec7 v\u00e0 122 ng\u01b0\u1eddi nh\u1eadp c\u01b0 tr\u1ebb tu\u1ed5i m\u1ea5t quy\u1ec1n b\u1ea3o v\u1ec7 DACA m\u1ed7i ng\u00e0y. B\u1ea1n c\u00f3 th\u1ec3 gi\u00fap n\u00e2ng cao t\u00ednh c\u1ea5p b\u00e1ch c\u1ee7a vi\u1ec7c th\u00f4ng qua \u0110\u1ea1o lu\u1eadt DREAM th\u00f4ng qua c\u00e1c m\u1ea1ng v\u00e0 n\u1ec1n t\u1ea3ng truy\u1ec1n th\u00f4ng x\u00e3 h\u1ed9i c\u1ee7a m\u00ecnh kh\u00f4ng?<\/span><\/p>\n<p><span style=\"font-weight: 400;\">Ch\u00fang t\u00f4i s\u00e1t c\u00e1nh v\u1edbi DREAMers. L\u00e0 \u0111\u1ea3ng vi\u00ean \u0110\u1ea3ng D\u00e2n ch\u1ee7, ch\u00fang t\u00f4i tin r\u1eb1ng s\u1ef1 \u0111a d\u1ea1ng gi\u00fap ch\u00fang t\u00f4i m\u1ea1nh m\u1ebd h\u01a1n. Ch\u00fang t\u00f4i \u1ee7ng h\u1ed9 nh\u1eefng DREAMers, h\u1ecd l\u00e0 b\u1ea1n b\u00e8, h\u00e0ng x\u00f3m, b\u1ea1n h\u1ecdc, \u0111\u1ed3ng nghi\u1ec7p v\u00e0 l\u00e0 ngu\u1ed3n c\u1ea3m h\u1ee9ng c\u1ee7a ch\u00fang t\u00f4i v\u1ec1 vi\u1ec7c l\u00e0m vi\u1ec7c v\u00ec m\u1ed9t cu\u1ed9c s\u1ed1ng t\u1ed1t \u0111\u1eb9p h\u01a1n.<\/span><\/p>\n<p><span style=\"font-weight: 400;\">V\u1edbi t\u01b0 c\u00e1ch l\u00e0 \u0110\u1ea3ng D\u00e2n ch\u1ee7, ch\u00fang t\u00f4i \u1ee7ng h\u1ed9 Nh\u1eefng k\u1ebb m\u1ed9ng m\u01a1 v\u00e0 b\u1ea7u th\u00eam c\u00e1c \u0110\u1ea3ng vi\u00ean D\u00e2n ch\u1ee7 g\u1ed1c Latinh \u0111\u1ec3 ti\u1ebfng n\u00f3i v\u00e0 \u00fd t\u01b0\u1edfng c\u1ee7a h\u1ecd lu\u00f4n s\u1eb5n s\u00e0ng trong vi\u1ec7c \u0111\u01b0a ra c\u00e1c lu\u1eadt t\u00e1c \u0111\u1ed9ng \u0111\u1ebfn gia \u0111\u00ecnh v\u00e0 thanh ni\u00ean.<\/span><\/p>\n<p><span style=\"font-weight: 400;\">D\u01b0\u1edbi \u0111\u00e2y l\u00e0 1) c\u00f4ng c\u1ee5 k\u00eau g\u1ecdi v\u1edbi k\u1ecbch b\u1ea3n \u0111\u01b0\u1ee3c \u0111\u1ec1 xu\u1ea5t v\u00e0 2) Tweet c\u1ee7a Ch\u1ee7 t\u1ecbch DNC Perez v\u1edbi \u0111\u1ed3 h\u1ecda, c\u00f4ng c\u1ee5 k\u00eau g\u1ecdi v\u00e0 li\u00ean k\u1ebft \u0111\u1ebfn chu\u1ed7i video DREAMing c\u1ee7a M\u1ef9 c\u00f3 c\u00e2u chuy\u1ec7n v\u1ec1 DREAMer:<\/span><\/p>\n<p style=\"text-align: center;\"><span style=\"font-size: 18pt;\"><b>C\u00f4ng c\u1ee5 g\u1ecdi v\u00e0o: <\/b><a href=\"https:\/\/makecalls.democrats.org\/daca\/\"><span style=\"font-weight: 400;\">https:\/\/makecalls.democrats.org\/daca\/<\/span><\/a><\/span><\/p>\n<p style=\"text-align: center;\"><span style=\"font-size: 18pt;\"><b>Twitter:<\/b> <a href=\"https:\/\/twitter.com\/TomPerez\/status\/951198756078317568\"><span style=\"font-weight: 400;\">https:\/\/twitter.com\/TomPerez\/status\/951198756078317568<\/span><\/a><\/span><\/p>\n<p style=\"text-align: center;\"><span style=\"font-size: 18pt;\"><b>D\u1ea5u th\u0103ng: \u00a0<\/b><span style=\"font-weight: 400;\">#DreamActNow<\/span><\/span><\/p>\n<p><span style=\"font-weight: 400;\">Ch\u00fang ta c\u1ea7n \u0111\u1ea3m b\u1ea3o r\u1eb1ng c\u00e1c th\u00e0nh vi\u00ean c\u1ee7a Qu\u1ed1c h\u1ed9i s\u1ebd nghe \u0111\u01b0\u1ee3c \u00fd ki\u1ebfn c\u1ee7a ch\u00fang ta b\u1eaft \u0111\u1ea7u t\u1eeb h\u00f4m nay v\u00e0 y\u00eau c\u1ea7u h\u1ecd h\u00e0nh \u0111\u1ed9ng theo \u0110\u1ea1o lu\u1eadt DREAM tr\u01b0\u1edbc ng\u00e0y 19 th\u00e1ng 1.<\/span><\/p>\n<p>&nbsp;<\/p>\n<p><img fetchpriority=\"high\" decoding=\"async\" class=\"size-medium wp-image-2869 aligncenter\" src=\"https:\/\/nebraskadem.wpenginepowered.com\/wp-content\/uploads\/2017\/09\/NDP-DACA-Share-Graphic-300x300.png\" alt=\"\" width=\"300\" height=\"300\" srcset=\"https:\/\/nebraskademocrats.org\/wp-content\/uploads\/2017\/09\/NDP-DACA-Share-Graphic-300x300.png 300w, https:\/\/nebraskademocrats.org\/wp-content\/uploads\/2017\/09\/NDP-DACA-Share-Graphic-150x150.png 150w, https:\/\/nebraskademocrats.org\/wp-content\/uploads\/2017\/09\/NDP-DACA-Share-Graphic-768x767.png 768w, https:\/\/nebraskademocrats.org\/wp-content\/uploads\/2017\/09\/NDP-DACA-Share-Graphic-1024x1024.png 1024w, https:\/\/nebraskademocrats.org\/wp-content\/uploads\/2017\/09\/NDP-DACA-Share-Graphic.png 1081w\" sizes=\"(max-width: 300px) 100vw, 300px\" \/><\/p>","protected":false},"excerpt":{"rendered":"<p>The first national call-in day of the year to organize calls to members of Congress to pass a DREAM Act by January 19 is in full swing. We are asking each of you to join our efforts. Close to 15,000 DACA recipients have lost their protective status and 122 young immigrants lose their DACA protection &#8230; <a title=\"K\u00eau g\u1ecdi th\u00f4ng qua \u0110\u1ea1o lu\u1eadt DREAM\" class=\"read-more\" href=\"https:\/\/nebraskademocrats.org\/vi\/blog\/make-calls-to-pass-the-dream-act\/\" aria-label=\"More on Make Calls to pass the DREAM Act\">\u0110\u1ecdc th\u00eam<\/a><\/p>","protected":false},"author":19,"featured_media":0,"comment_status":"closed","ping_status":"closed","sticky":false,"template":"","format":"standard","meta":{"_acf_changed":false,"_exactmetrics_skip_tracking":false,"_exactmetrics_sitenote_active":false,"_exactmetrics_sitenote_note":"","_exactmetrics_sitenote_category":0,"footnotes":""},"categories":[1],"tags":[],"class_list":["post-3725","post","type-post","status-publish","format-standard","hentry","category-blog"],"acf":[],"yoast_head":"<!-- This site is optimized with the Yoast SEO plugin v27.4 - https:\/\/yoast.com\/product\/yoast-seo-wordpress\/ -->\n<title>Make Calls to pass the DREAM Act &#8211; Nebraska Democratic Party<\/title>\n<meta name=\"robots\" content=\"index, follow, max-snippet:-1, max-image-preview:large, max-video-preview:-1\" \/>\n<link rel=\"canonical\" href=\"https:\/\/nebraskademocrats.org\/vi\/blog\/make-calls-to-pass-the-dream-act\/\" \/>\n<meta property=\"og:locale\" content=\"vi_VN\" \/>\n<meta property=\"og:type\" content=\"article\" \/>\n<meta property=\"og:title\" content=\"Make Calls to pass the DREAM Act &#8211; Nebraska Democratic Party\" \/>\n<meta property=\"og:description\" content=\"The first national call-in day of the year to organize calls to members of Congress to pass a DREAM Act by January 19 is in full swing. We are asking each of you to join our efforts. Close to 15,000 DACA recipients have lost their protective status and 122 young immigrants lose their DACA protection ... Read more\" \/>\n<meta property=\"og:url\" content=\"https:\/\/nebraskademocrats.org\/vi\/blog\/make-calls-to-pass-the-dream-act\/\" \/>\n<meta property=\"og:site_name\" content=\"Nebraska Democratic Party\" \/>\n<meta property=\"article:publisher\" content=\"https:\/\/www.facebook.com\/NebraskaDemocraticParty\/\" \/>\n<meta property=\"article:published_time\" content=\"2018-01-12T15:40:34+00:00\" \/>\n<meta property=\"article:modified_time\" content=\"2018-01-12T16:04:52+00:00\" \/>\n<meta property=\"og:image\" content=\"https:\/\/nebraskadem.wpenginepowered.com\/wp-content\/uploads\/2017\/09\/NDP-DACA-Share-Graphic-300x300.png\" \/>\n<meta name=\"author\" content=\"Precious McKesson\" \/>\n<meta name=\"twitter:card\" content=\"summary_large_image\" \/>\n<meta name=\"twitter:creator\" content=\"@nebraskadems\" \/>\n<meta name=\"twitter:site\" content=\"@nebraskadems\" \/>\n<meta name=\"twitter:label1\" content=\"\u0110\u01b0\u1ee3c vi\u1ebft b\u1edfi\" \/>\n\t<meta name=\"twitter:data1\" content=\"Precious McKesson\" \/>\n\t<meta name=\"twitter:label2\" content=\"\u01af\u1edbc t\u00ednh th\u1eddi gian \u0111\u1ecdc\" \/>\n\t<meta name=\"twitter:data2\" content=\"1 ph\u00fat\" \/>\n<script type=\"application\/ld+json\" class=\"yoast-schema-graph\">{\"@context\":\"https:\\\/\\\/schema.org\",\"@graph\":[{\"@type\":\"Article\",\"@id\":\"https:\\\/\\\/nebraskademocrats.org\\\/blog\\\/make-calls-to-pass-the-dream-act\\\/#article\",\"isPartOf\":{\"@id\":\"https:\\\/\\\/nebraskademocrats.org\\\/blog\\\/make-calls-to-pass-the-dream-act\\\/\"},\"author\":{\"name\":\"Precious McKesson\",\"@id\":\"https:\\\/\\\/nebraskademocrats.org\\\/#\\\/schema\\\/person\\\/33e011ea0795f404810dc40828bcf289\"},\"headline\":\"Make Calls to pass the DREAM Act\",\"datePublished\":\"2018-01-12T15:40:34+00:00\",\"dateModified\":\"2018-01-12T16:04:52+00:00\",\"mainEntityOfPage\":{\"@id\":\"https:\\\/\\\/nebraskademocrats.org\\\/blog\\\/make-calls-to-pass-the-dream-act\\\/\"},\"wordCount\":214,\"publisher\":{\"@id\":\"https:\\\/\\\/nebraskademocrats.org\\\/#organization\"},\"image\":{\"@id\":\"https:\\\/\\\/nebraskademocrats.org\\\/blog\\\/make-calls-to-pass-the-dream-act\\\/#primaryimage\"},\"thumbnailUrl\":\"https:\\\/\\\/nebraskadem.wpenginepowered.com\\\/wp-content\\\/uploads\\\/2017\\\/09\\\/NDP-DACA-Share-Graphic-300x300.png\",\"articleSection\":[\"NDP Blog\"],\"inLanguage\":\"vi\"},{\"@type\":\"WebPage\",\"@id\":\"https:\\\/\\\/nebraskademocrats.org\\\/blog\\\/make-calls-to-pass-the-dream-act\\\/\",\"url\":\"https:\\\/\\\/nebraskademocrats.org\\\/blog\\\/make-calls-to-pass-the-dream-act\\\/\",\"name\":\"Make Calls to pass the DREAM Act &#8211; Nebraska Democratic Party\",\"isPartOf\":{\"@id\":\"https:\\\/\\\/nebraskademocrats.org\\\/#website\"},\"primaryImageOfPage\":{\"@id\":\"https:\\\/\\\/nebraskademocrats.org\\\/blog\\\/make-calls-to-pass-the-dream-act\\\/#primaryimage\"},\"image\":{\"@id\":\"https:\\\/\\\/nebraskademocrats.org\\\/blog\\\/make-calls-to-pass-the-dream-act\\\/#primaryimage\"},\"thumbnailUrl\":\"https:\\\/\\\/nebraskadem.wpenginepowered.com\\\/wp-content\\\/uploads\\\/2017\\\/09\\\/NDP-DACA-Share-Graphic-300x300.png\",\"datePublished\":\"2018-01-12T15:40:34+00:00\",\"dateModified\":\"2018-01-12T16:04:52+00:00\",\"breadcrumb\":{\"@id\":\"https:\\\/\\\/nebraskademocrats.org\\\/blog\\\/make-calls-to-pass-the-dream-act\\\/#breadcrumb\"},\"inLanguage\":\"vi\",\"potentialAction\":[{\"@type\":\"ReadAction\",\"target\":[\"https:\\\/\\\/nebraskademocrats.org\\\/blog\\\/make-calls-to-pass-the-dream-act\\\/\"]}]},{\"@type\":\"ImageObject\",\"inLanguage\":\"vi\",\"@id\":\"https:\\\/\\\/nebraskademocrats.org\\\/blog\\\/make-calls-to-pass-the-dream-act\\\/#primaryimage\",\"url\":\"https:\\\/\\\/nebraskadem.wpenginepowered.com\\\/wp-content\\\/uploads\\\/2017\\\/09\\\/NDP-DACA-Share-Graphic-300x300.png\",\"contentUrl\":\"https:\\\/\\\/nebraskadem.wpenginepowered.com\\\/wp-content\\\/uploads\\\/2017\\\/09\\\/NDP-DACA-Share-Graphic-300x300.png\"},{\"@type\":\"BreadcrumbList\",\"@id\":\"https:\\\/\\\/nebraskademocrats.org\\\/blog\\\/make-calls-to-pass-the-dream-act\\\/#breadcrumb\",\"itemListElement\":[{\"@type\":\"ListItem\",\"position\":1,\"name\":\"Home\",\"item\":\"https:\\\/\\\/nebraskademocrats.org\\\/\"},{\"@type\":\"ListItem\",\"position\":2,\"name\":\"Make Calls to pass the DREAM Act\"}]},{\"@type\":\"WebSite\",\"@id\":\"https:\\\/\\\/nebraskademocrats.org\\\/#website\",\"url\":\"https:\\\/\\\/nebraskademocrats.org\\\/\",\"name\":\"Nebraska Democratic Party\",\"description\":\"Growing the Good Life for All Nebraskans\",\"publisher\":{\"@id\":\"https:\\\/\\\/nebraskademocrats.org\\\/#organization\"},\"potentialAction\":[{\"@type\":\"SearchAction\",\"target\":{\"@type\":\"EntryPoint\",\"urlTemplate\":\"https:\\\/\\\/nebraskademocrats.org\\\/?s={search_term_string}\"},\"query-input\":{\"@type\":\"PropertyValueSpecification\",\"valueRequired\":true,\"valueName\":\"search_term_string\"}}],\"inLanguage\":\"vi\"},{\"@type\":\"Organization\",\"@id\":\"https:\\\/\\\/nebraskademocrats.org\\\/#organization\",\"name\":\"Nebraska Democratic Party\",\"url\":\"https:\\\/\\\/nebraskademocrats.org\\\/\",\"logo\":{\"@type\":\"ImageObject\",\"inLanguage\":\"vi\",\"@id\":\"https:\\\/\\\/nebraskademocrats.org\\\/#\\\/schema\\\/logo\\\/image\\\/\",\"url\":\"https:\\\/\\\/nebraskadem.wpenginepowered.com\\\/wp-content\\\/uploads\\\/2016\\\/05\\\/NDP2.jpg\",\"contentUrl\":\"https:\\\/\\\/nebraskadem.wpenginepowered.com\\\/wp-content\\\/uploads\\\/2016\\\/05\\\/NDP2.jpg\",\"width\":1000,\"height\":396,\"caption\":\"Nebraska Democratic Party\"},\"image\":{\"@id\":\"https:\\\/\\\/nebraskademocrats.org\\\/#\\\/schema\\\/logo\\\/image\\\/\"},\"sameAs\":[\"https:\\\/\\\/www.facebook.com\\\/NebraskaDemocraticParty\\\/\",\"https:\\\/\\\/x.com\\\/nebraskadems\"]},{\"@type\":\"Person\",\"@id\":\"https:\\\/\\\/nebraskademocrats.org\\\/#\\\/schema\\\/person\\\/33e011ea0795f404810dc40828bcf289\",\"name\":\"Precious McKesson\",\"image\":{\"@type\":\"ImageObject\",\"inLanguage\":\"vi\",\"@id\":\"https:\\\/\\\/secure.gravatar.com\\\/avatar\\\/35046e19b3373116ec64c07d386d3312028d3820dc0ffe65c344bcebc8ea9194?s=96&d=mm&r=g\",\"url\":\"https:\\\/\\\/secure.gravatar.com\\\/avatar\\\/35046e19b3373116ec64c07d386d3312028d3820dc0ffe65c344bcebc8ea9194?s=96&d=mm&r=g\",\"contentUrl\":\"https:\\\/\\\/secure.gravatar.com\\\/avatar\\\/35046e19b3373116ec64c07d386d3312028d3820dc0ffe65c344bcebc8ea9194?s=96&d=mm&r=g\",\"caption\":\"Precious McKesson\"}}]}<\/script>\n<!-- \/ Yoast SEO plugin. -->","yoast_head_json":{"title":"Make Calls to pass the DREAM Act &#8211; Nebraska Democratic Party","robots":{"index":"index","follow":"follow","max-snippet":"max-snippet:-1","max-image-preview":"max-image-preview:large","max-video-preview":"max-video-preview:-1"},"canonical":"https:\/\/nebraskademocrats.org\/vi\/blog\/make-calls-to-pass-the-dream-act\/","og_locale":"vi_VN","og_type":"article","og_title":"Make Calls to pass the DREAM Act &#8211; Nebraska Democratic Party","og_description":"The first national call-in day of the year to organize calls to members of Congress to pass a DREAM Act by January 19 is in full swing. We are asking each of you to join our efforts. Close to 15,000 DACA recipients have lost their protective status and 122 young immigrants lose their DACA protection ... Read more","og_url":"https:\/\/nebraskademocrats.org\/vi\/blog\/make-calls-to-pass-the-dream-act\/","og_site_name":"Nebraska Democratic Party","article_publisher":"https:\/\/www.facebook.com\/NebraskaDemocraticParty\/","article_published_time":"2018-01-12T15:40:34+00:00","article_modified_time":"2018-01-12T16:04:52+00:00","og_image":[{"url":"https:\/\/nebraskadem.wpenginepowered.com\/wp-content\/uploads\/2017\/09\/NDP-DACA-Share-Graphic-300x300.png","type":"","width":"","height":""}],"author":"Precious McKesson","twitter_card":"summary_large_image","twitter_creator":"@nebraskadems","twitter_site":"@nebraskadems","twitter_misc":{"\u0110\u01b0\u1ee3c vi\u1ebft b\u1edfi":"Precious McKesson","\u01af\u1edbc t\u00ednh th\u1eddi gian \u0111\u1ecdc":"1 ph\u00fat"},"schema":{"@context":"https:\/\/schema.org","@graph":[{"@type":"Article","@id":"https:\/\/nebraskademocrats.org\/blog\/make-calls-to-pass-the-dream-act\/#article","isPartOf":{"@id":"https:\/\/nebraskademocrats.org\/blog\/make-calls-to-pass-the-dream-act\/"},"author":{"name":"Precious McKesson","@id":"https:\/\/nebraskademocrats.org\/#\/schema\/person\/33e011ea0795f404810dc40828bcf289"},"headline":"Make Calls to pass the DREAM Act","datePublished":"2018-01-12T15:40:34+00:00","dateModified":"2018-01-12T16:04:52+00:00","mainEntityOfPage":{"@id":"https:\/\/nebraskademocrats.org\/blog\/make-calls-to-pass-the-dream-act\/"},"wordCount":214,"publisher":{"@id":"https:\/\/nebraskademocrats.org\/#organization"},"image":{"@id":"https:\/\/nebraskademocrats.org\/blog\/make-calls-to-pass-the-dream-act\/#primaryimage"},"thumbnailUrl":"https:\/\/nebraskadem.wpenginepowered.com\/wp-content\/uploads\/2017\/09\/NDP-DACA-Share-Graphic-300x300.png","articleSection":["NDP Blog"],"inLanguage":"vi"},{"@type":"WebPage","@id":"https:\/\/nebraskademocrats.org\/blog\/make-calls-to-pass-the-dream-act\/","url":"https:\/\/nebraskademocrats.org\/blog\/make-calls-to-pass-the-dream-act\/","name":"Make Calls to pass the DREAM Act &#8211; Nebraska Democratic Party","isPartOf":{"@id":"https:\/\/nebraskademocrats.org\/#website"},"primaryImageOfPage":{"@id":"https:\/\/nebraskademocrats.org\/blog\/make-calls-to-pass-the-dream-act\/#primaryimage"},"image":{"@id":"https:\/\/nebraskademocrats.org\/blog\/make-calls-to-pass-the-dream-act\/#primaryimage"},"thumbnailUrl":"https:\/\/nebraskadem.wpenginepowered.com\/wp-content\/uploads\/2017\/09\/NDP-DACA-Share-Graphic-300x300.png","datePublished":"2018-01-12T15:40:34+00:00","dateModified":"2018-01-12T16:04:52+00:00","breadcrumb":{"@id":"https:\/\/nebraskademocrats.org\/blog\/make-calls-to-pass-the-dream-act\/#breadcrumb"},"inLanguage":"vi","potentialAction":[{"@type":"ReadAction","target":["https:\/\/nebraskademocrats.org\/blog\/make-calls-to-pass-the-dream-act\/"]}]},{"@type":"ImageObject","inLanguage":"vi","@id":"https:\/\/nebraskademocrats.org\/blog\/make-calls-to-pass-the-dream-act\/#primaryimage","url":"https:\/\/nebraskadem.wpenginepowered.com\/wp-content\/uploads\/2017\/09\/NDP-DACA-Share-Graphic-300x300.png","contentUrl":"https:\/\/nebraskadem.wpenginepowered.com\/wp-content\/uploads\/2017\/09\/NDP-DACA-Share-Graphic-300x300.png"},{"@type":"BreadcrumbList","@id":"https:\/\/nebraskademocrats.org\/blog\/make-calls-to-pass-the-dream-act\/#breadcrumb","itemListElement":[{"@type":"ListItem","position":1,"name":"Home","item":"https:\/\/nebraskademocrats.org\/"},{"@type":"ListItem","position":2,"name":"Make Calls to pass the DREAM Act"}]},{"@type":"WebSite","@id":"https:\/\/nebraskademocrats.org\/#website","url":"https:\/\/nebraskademocrats.org\/","name":"Nebraska Democratic Party","description":"Ph\u00e1t tri\u1ec3n cu\u1ed9c s\u1ed1ng t\u1ed1t \u0111\u1eb9p cho t\u1ea5t c\u1ea3 Nebraskans","publisher":{"@id":"https:\/\/nebraskademocrats.org\/#organization"},"potentialAction":[{"@type":"SearchAction","target":{"@type":"EntryPoint","urlTemplate":"https:\/\/nebraskademocrats.org\/?s={search_term_string}"},"query-input":{"@type":"PropertyValueSpecification","valueRequired":true,"valueName":"search_term_string"}}],"inLanguage":"vi"},{"@type":"Organization","@id":"https:\/\/nebraskademocrats.org\/#organization","name":"Nebraska Democratic Party","url":"https:\/\/nebraskademocrats.org\/","logo":{"@type":"ImageObject","inLanguage":"vi","@id":"https:\/\/nebraskademocrats.org\/#\/schema\/logo\/image\/","url":"https:\/\/nebraskadem.wpenginepowered.com\/wp-content\/uploads\/2016\/05\/NDP2.jpg","contentUrl":"https:\/\/nebraskadem.wpenginepowered.com\/wp-content\/uploads\/2016\/05\/NDP2.jpg","width":1000,"height":396,"caption":"Nebraska Democratic Party"},"image":{"@id":"https:\/\/nebraskademocrats.org\/#\/schema\/logo\/image\/"},"sameAs":["https:\/\/www.facebook.com\/NebraskaDemocraticParty\/","https:\/\/x.com\/nebraskadems"]},{"@type":"Person","@id":"https:\/\/nebraskademocrats.org\/#\/schema\/person\/33e011ea0795f404810dc40828bcf289","name":"McKesson qu\u00fd gi\u00e1","image":{"@type":"ImageObject","inLanguage":"vi","@id":"https:\/\/secure.gravatar.com\/avatar\/35046e19b3373116ec64c07d386d3312028d3820dc0ffe65c344bcebc8ea9194?s=96&d=mm&r=g","url":"https:\/\/secure.gravatar.com\/avatar\/35046e19b3373116ec64c07d386d3312028d3820dc0ffe65c344bcebc8ea9194?s=96&d=mm&r=g","contentUrl":"https:\/\/secure.gravatar.com\/avatar\/35046e19b3373116ec64c07d386d3312028d3820dc0ffe65c344bcebc8ea9194?s=96&d=mm&r=g","caption":"Precious McKesson"}}]}},"_links":{"self":[{"href":"https:\/\/nebraskademocrats.org\/vi\/wp-json\/wp\/v2\/posts\/3725","targetHints":{"allow":["GET"]}}],"collection":[{"href":"https:\/\/nebraskademocrats.org\/vi\/wp-json\/wp\/v2\/posts"}],"about":[{"href":"https:\/\/nebraskademocrats.org\/vi\/wp-json\/wp\/v2\/types\/post"}],"author":[{"embeddable":true,"href":"https:\/\/nebraskademocrats.org\/vi\/wp-json\/wp\/v2\/users\/19"}],"replies":[{"embeddable":true,"href":"https:\/\/nebraskademocrats.org\/vi\/wp-json\/wp\/v2\/comments?post=3725"}],"version-history":[{"count":0,"href":"https:\/\/nebraskademocrats.org\/vi\/wp-json\/wp\/v2\/posts\/3725\/revisions"}],"wp:attachment":[{"href":"https:\/\/nebraskademocrats.org\/vi\/wp-json\/wp\/v2\/media?parent=3725"}],"wp:term":[{"taxonomy":"category","embeddable":true,"href":"https:\/\/nebraskademocrats.org\/vi\/wp-json\/wp\/v2\/categories?post=3725"},{"taxonomy":"post_tag","embeddable":true,"href":"https:\/\/nebraskademocrats.org\/vi\/wp-json\/wp\/v2\/tags?post=3725"}],"curies":[{"name":"wp","href":"https:\/\/api.w.org\/{rel}","templated":true}]}}