{"id":37623,"date":"2022-04-18T10:26:55","date_gmt":"2022-04-18T15:26:55","guid":{"rendered":"https:\/\/nebraskadem.wpenginepowered.com\/?p=37623"},"modified":"2022-04-18T10:26:55","modified_gmt":"2022-04-18T15:26:55","slug":"tax-day-reminder-to-nebraskans-the-gop-wants-to-raise-your-taxes","status":"publish","type":"post","link":"https:\/\/nebraskademocrats.org\/vi\/blog\/tax-day-reminder-to-nebraskans-the-gop-wants-to-raise-your-taxes\/","title":{"rendered":"NH\u1eaeC L\u1ea0I NG\u00c0Y THU\u1ebe cho NEBRASKANS: GOP mu\u1ed1n t\u0103ng thu\u1ebf c\u1ee7a b\u1ea1n"},"content":{"rendered":"<div class=\"\" data-block=\"true\" data-editor=\"8jrpn\" data-offset-key=\"eo9ks-0-0\">\n<div class=\"_1mf _1mj\" data-offset-key=\"eo9ks-0-0\">Ng\u00e0y Thu\u1ebf n\u00e0y, Nebraskans \u0111\u01b0\u1ee3c nh\u1eafc nh\u1edf r\u1eb1ng ch\u01b0\u01a1ng tr\u00ecnh ngh\u1ecb s\u1ef1 c\u1ee7a GOP t\u00ecm c\u00e1ch t\u0103ng thu\u1ebf \u0111\u1ed1i v\u1edbi h\u00e0ng tri\u1ec7u ng\u01b0\u1eddi M\u1ef9 v\u00e0 lo\u1ea1i b\u1ecf c\u00e1c ch\u01b0\u01a1ng tr\u00ecnh thi\u1ebft y\u1ebfu nh\u01b0 An sinh x\u00e3 h\u1ed9i v\u00e0 Medicare.<\/div>\n<\/div>\n<div class=\"\" data-block=\"true\" data-editor=\"8jrpn\" data-offset-key=\"5oufe-0-0\">\n<div class=\"_1mf _1mj\" data-offset-key=\"5oufe-0-0\"><span data-offset-key=\"5oufe-0-0\">\u00a0<\/span><\/div>\n<\/div>\n<div class=\"\" data-block=\"true\" data-editor=\"8jrpn\" data-offset-key=\"ss7f-0-0\">\n<div class=\"_1mf _1mj\" data-offset-key=\"ss7f-0-0\"><span data-offset-key=\"ss7f-0-0\">C\u00e1c c\u1eed tri Nebraska \u0111\u00e1ng \u0111\u01b0\u1ee3c bi\u1ebft: Li\u1ec7u H\u1ea1 ngh\u1ecb s\u0129 Don Bacon c\u00f3 \u0111o\u1ea1n tuy\u1ec7t v\u1edbi c\u00e1c \u00f4ng ch\u1ee7 c\u1ee7a \u0110\u1ea3ng C\u1ed9ng h\u00f2a v\u00e0 \u1ee7ng h\u1ed9 k\u1ebf ho\u1ea1ch r\u00fat ru\u1ed9t c\u1ee7a nh\u1eefng ng\u01b0\u1eddi cao ni\u00ean v\u1ec1 h\u01b0u v\u00e0 t\u0103ng thu\u1ebf \u0111\u1ed1i v\u1edbi c\u00e1c gia \u0111\u00ecnh trung l\u01b0u \u1edf Nebraska?<\/span><\/div>\n<\/div>\n<div class=\"\" data-block=\"true\" data-editor=\"8jrpn\" data-offset-key=\"ad9vv-0-0\">\n<div class=\"_1mf _1mj\" data-offset-key=\"ad9vv-0-0\"><span data-offset-key=\"ad9vv-0-0\">\u00a0<\/span><\/div>\n<\/div>\n<div class=\"\" data-block=\"true\" data-editor=\"8jrpn\" data-offset-key=\"3bqcl-0-0\">\n<div class=\"_1mf _1mj\" data-offset-key=\"3bqcl-0-0\"><span data-offset-key=\"3bqcl-0-0\">M\u1ed9t ph\u00e2n t\u00edch phi \u0111\u1ea3ng ph\u00e1i v\u1ec1 k\u1ebf ho\u1ea1ch t\u0103ng thu\u1ebf c\u1ee7a GOP \u0111\u1ed1i v\u1edbi kho\u1ea3ng 100 tri\u1ec7u ng\u01b0\u1eddi M\u1ef9 \u0111\u01b0\u1ee3c t\u00ecm th\u1ea5y:<\/span><\/div>\n<\/div>\n<div class=\"\" data-block=\"true\" data-editor=\"8jrpn\" data-offset-key=\"2mdg9-0-0\">\n<div class=\"_1mf _1mj\" data-offset-key=\"2mdg9-0-0\"><span data-offset-key=\"2mdg9-0-0\">\u00a0<\/span><\/div>\n<\/div>\n<div class=\"\" data-block=\"true\" data-editor=\"8jrpn\" data-offset-key=\"eqf0n-0-0\">\n<div class=\"_1mf _1mj\" data-offset-key=\"eqf0n-0-0\"><span data-offset-key=\"eqf0n-0-0\">C\u00e1c h\u1ed9 gia \u0111\u00ecnh c\u00f3 thu nh\u1eadp trung b\u00ecnh s\u1ebd ph\u1ea3i tr\u1ea3 th\u00eam thu\u1ebf trung b\u00ecnh l\u00e0 $450.<\/span><\/div>\n<\/div>\n<div class=\"\" data-block=\"true\" data-editor=\"8jrpn\" data-offset-key=\"f76vu-0-0\">\n<div class=\"_1mf _1mj\" data-offset-key=\"f76vu-0-0\"><span data-offset-key=\"f76vu-0-0\">\u00a0<\/span><\/div>\n<\/div>\n<div class=\"\" data-block=\"true\" data-editor=\"8jrpn\" data-offset-key=\"76s9q-0-0\">\n<div class=\"_1mf _1mj\" data-offset-key=\"76s9q-0-0\"><span data-offset-key=\"76s9q-0-0\">Ng\u01b0\u1eddi M\u1ef9 s\u1ebd ph\u1ea3i tr\u1ea3 h\u01a1n $100 t\u1ef7 thu\u1ebf thu nh\u1eadp li\u00ean bang ch\u1ec9 trong n\u0103m 2022.<\/span><\/div>\n<\/div>\n<div class=\"\" data-block=\"true\" data-editor=\"8jrpn\" data-offset-key=\"16gd1-0-0\">\n<div class=\"_1mf _1mj\" data-offset-key=\"16gd1-0-0\"><span data-offset-key=\"16gd1-0-0\">\u00a0<\/span><\/div>\n<\/div>\n<div class=\"\" data-block=\"true\" data-editor=\"8jrpn\" data-offset-key=\"4khiu-0-0\">\n<div class=\"_1mf _1mj\" data-offset-key=\"4khiu-0-0\"><span data-offset-key=\"4khiu-0-0\">H\u01a1n 80 ph\u1ea7n tr\u0103m s\u1ed1 thu\u1ebf t\u0103ng th\u00eam s\u1ebd \u0111\u01b0\u1ee3c tr\u1ea3 b\u1edfi c\u00e1c h\u1ed9 gia \u0111\u00ecnh ki\u1ebfm \u0111\u01b0\u1ee3c kho\u1ea3ng $54.000 ho\u1eb7c \u00edt h\u01a1n, v\u00e0 97 ph\u1ea7n tr\u0103m s\u1ebd \u0111\u01b0\u1ee3c tr\u1ea3 b\u1edfi nh\u1eefng h\u1ed9 gia \u0111\u00ecnh ki\u1ebfm \u0111\u01b0\u1ee3c \u00edt h\u01a1n kho\u1ea3ng $100.000.<\/span><\/div>\n<\/div>\n<div class=\"\" data-block=\"true\" data-editor=\"8jrpn\" data-offset-key=\"k6dg-0-0\">\n<div class=\"_1mf _1mj\" data-offset-key=\"k6dg-0-0\"><span data-offset-key=\"k6dg-0-0\">\u00a0<\/span><\/div>\n<\/div>\n<div class=\"\" data-block=\"true\" data-editor=\"8jrpn\" data-offset-key=\"anlsp-0-0\">\n<div class=\"_1mf _1mj\" data-offset-key=\"anlsp-0-0\"><span data-offset-key=\"anlsp-0-0\">Ng\u01b0\u1eddi ph\u00e1t ng\u00f4n c\u1ee7a DCCC Johanna Warshaw cho bi\u1ebft:<\/p>\n<p><\/span>\u201cTrong khi \u0111\u1ea3ng D\u00e2n ch\u1ee7 \u0111\u1ea5u tranh \u0111\u1ec3 gi\u1ea3m gi\u00e1 t\u1ea5t c\u1ea3 m\u1ecdi th\u1ee9, t\u1eeb kh\u00ed \u0111\u1ed1t \u0111\u1ebfn thu\u1ed1c k\u00ea \u0111\u01a1n, \u0111\u1ea3ng C\u1ed9ng h\u00f2a mu\u1ed1n t\u0103ng chi ph\u00ed b\u1eb1ng c\u00e1ch t\u0103ng thu\u1ebf \u0111\u1ed1i v\u1edbi h\u00e0ng tri\u1ec7u h\u1ed9 gia \u0111\u00ecnh c\u00f3 thu nh\u1eadp trung b\u00ecnh v\u00e0 r\u00fat ru\u1ed9t ngh\u1ec9 h\u01b0u c\u1ee7a ng\u01b0\u1eddi cao tu\u1ed5i. Don Bacon n\u1ee3 Nebraskans c\u00e2u tr\u1ea3 l\u1eddi: li\u1ec7u anh ta c\u00f3 \u0111\u1ee7 s\u1ee9c ch\u1ed1ng ch\u1ecdi v\u1edbi k\u1ebf ho\u1ea1ch t\u0103ng thu\u1ebf c\u1ee7a GOP kh\u00f4ng? \u201d<\/div>\n<\/div>\n<div class=\"\" data-block=\"true\" data-editor=\"8jrpn\" data-offset-key=\"u83j-0-0\">\n<div class=\"_1mf _1mj\" data-offset-key=\"u83j-0-0\"><span data-offset-key=\"u83j-0-0\">\u00a0<\/span><\/div>\n<\/div>\n<div class=\"\" data-block=\"true\" data-editor=\"8jrpn\" data-offset-key=\"20om2-0-0\"><\/div>","protected":false},"excerpt":{"rendered":"<p>This Tax Day, Nebraskans are reminded that the GOP agenda seeks to raise taxes on millions of Americans and sunset away essential programs like Social Security and Medicare. \u00a0 Nebraska voters deserve to know: Will Rep. Don Bacon break with Republican party bosses and stand up to their plan to gut seniors\u2019 retirement and raise &#8230; <a title=\"NH\u1eaeC L\u1ea0I NG\u00c0Y THU\u1ebe cho NEBRASKANS: GOP mu\u1ed1n t\u0103ng thu\u1ebf c\u1ee7a b\u1ea1n\" class=\"read-more\" href=\"https:\/\/nebraskademocrats.org\/vi\/blog\/tax-day-reminder-to-nebraskans-the-gop-wants-to-raise-your-taxes\/\" aria-label=\"More on TAX DAY REMINDER to NEBRASKANS: The GOP wants to raise your taxes\">\u0110\u1ecdc th\u00eam<\/a><\/p>","protected":false},"author":19,"featured_media":0,"comment_status":"closed","ping_status":"closed","sticky":false,"template":"","format":"standard","meta":{"_acf_changed":false,"_exactmetrics_skip_tracking":false,"_exactmetrics_sitenote_active":false,"_exactmetrics_sitenote_note":"","_exactmetrics_sitenote_category":0,"footnotes":""},"categories":[1],"tags":[],"class_list":["post-37623","post","type-post","status-publish","format-standard","hentry","category-blog"],"acf":[],"yoast_head":"<!-- This site is optimized with the Yoast SEO plugin v27.4 - https:\/\/yoast.com\/product\/yoast-seo-wordpress\/ -->\n<title>TAX DAY REMINDER to NEBRASKANS: The GOP wants to raise your taxes &#8211; Nebraska Democratic Party<\/title>\n<meta name=\"robots\" content=\"index, follow, max-snippet:-1, max-image-preview:large, max-video-preview:-1\" \/>\n<link rel=\"canonical\" href=\"http:\/\/nebraskademocrats.org\/vi\/blog\/tax-day-reminder-to-nebraskans-the-gop-wants-to-raise-your-taxes\/\" \/>\n<meta property=\"og:locale\" content=\"vi_VN\" \/>\n<meta property=\"og:type\" content=\"article\" \/>\n<meta property=\"og:title\" content=\"TAX DAY REMINDER to NEBRASKANS: The GOP wants to raise your taxes &#8211; Nebraska Democratic Party\" \/>\n<meta property=\"og:description\" content=\"This Tax Day, Nebraskans are reminded that the GOP agenda seeks to raise taxes on millions of Americans and sunset away essential programs like Social Security and Medicare. \u00a0 Nebraska voters deserve to know: Will Rep. Don Bacon break with Republican party bosses and stand up to their plan to gut seniors\u2019 retirement and raise ... Read more\" \/>\n<meta property=\"og:url\" content=\"http:\/\/nebraskademocrats.org\/vi\/blog\/tax-day-reminder-to-nebraskans-the-gop-wants-to-raise-your-taxes\/\" \/>\n<meta property=\"og:site_name\" content=\"Nebraska Democratic Party\" \/>\n<meta property=\"article:publisher\" content=\"https:\/\/www.facebook.com\/NebraskaDemocraticParty\/\" \/>\n<meta property=\"article:published_time\" content=\"2022-04-18T15:26:55+00:00\" \/>\n<meta property=\"og:image\" content=\"https:\/\/nebraskademocrats.org\/wp-content\/uploads\/2018\/09\/ne-dems-fb.jpg\" \/>\n\t<meta property=\"og:image:width\" content=\"1200\" \/>\n\t<meta property=\"og:image:height\" content=\"630\" \/>\n\t<meta property=\"og:image:type\" content=\"image\/jpeg\" \/>\n<meta name=\"author\" content=\"Precious McKesson\" \/>\n<meta name=\"twitter:card\" content=\"summary_large_image\" \/>\n<meta name=\"twitter:creator\" content=\"@nebraskadems\" \/>\n<meta name=\"twitter:site\" content=\"@nebraskadems\" \/>\n<meta name=\"twitter:label1\" content=\"\u0110\u01b0\u1ee3c vi\u1ebft b\u1edfi\" \/>\n\t<meta name=\"twitter:data1\" content=\"Precious McKesson\" \/>\n\t<meta name=\"twitter:label2\" content=\"\u01af\u1edbc t\u00ednh th\u1eddi gian \u0111\u1ecdc\" \/>\n\t<meta name=\"twitter:data2\" content=\"1 ph\u00fat\" \/>\n<script type=\"application\/ld+json\" class=\"yoast-schema-graph\">{\"@context\":\"https:\\\/\\\/schema.org\",\"@graph\":[{\"@type\":\"Article\",\"@id\":\"http:\\\/\\\/nebraskademocrats.org\\\/zh\\\/blog\\\/tax-day-reminder-to-nebraskans-the-gop-wants-to-raise-your-taxes\\\/#article\",\"isPartOf\":{\"@id\":\"http:\\\/\\\/nebraskademocrats.org\\\/zh\\\/blog\\\/tax-day-reminder-to-nebraskans-the-gop-wants-to-raise-your-taxes\\\/\"},\"author\":{\"name\":\"Precious McKesson\",\"@id\":\"https:\\\/\\\/nebraskademocrats.org\\\/#\\\/schema\\\/person\\\/33e011ea0795f404810dc40828bcf289\"},\"headline\":\"TAX DAY REMINDER to NEBRASKANS: The GOP wants to raise your taxes\",\"datePublished\":\"2022-04-18T15:26:55+00:00\",\"mainEntityOfPage\":{\"@id\":\"http:\\\/\\\/nebraskademocrats.org\\\/zh\\\/blog\\\/tax-day-reminder-to-nebraskans-the-gop-wants-to-raise-your-taxes\\\/\"},\"wordCount\":191,\"publisher\":{\"@id\":\"https:\\\/\\\/nebraskademocrats.org\\\/#organization\"},\"articleSection\":[\"NDP Blog\"],\"inLanguage\":\"vi\"},{\"@type\":\"WebPage\",\"@id\":\"http:\\\/\\\/nebraskademocrats.org\\\/zh\\\/blog\\\/tax-day-reminder-to-nebraskans-the-gop-wants-to-raise-your-taxes\\\/\",\"url\":\"http:\\\/\\\/nebraskademocrats.org\\\/zh\\\/blog\\\/tax-day-reminder-to-nebraskans-the-gop-wants-to-raise-your-taxes\\\/\",\"name\":\"TAX DAY REMINDER to NEBRASKANS: The GOP wants to raise your taxes &#8211; Nebraska Democratic Party\",\"isPartOf\":{\"@id\":\"https:\\\/\\\/nebraskademocrats.org\\\/#website\"},\"datePublished\":\"2022-04-18T15:26:55+00:00\",\"breadcrumb\":{\"@id\":\"http:\\\/\\\/nebraskademocrats.org\\\/zh\\\/blog\\\/tax-day-reminder-to-nebraskans-the-gop-wants-to-raise-your-taxes\\\/#breadcrumb\"},\"inLanguage\":\"vi\",\"potentialAction\":[{\"@type\":\"ReadAction\",\"target\":[\"http:\\\/\\\/nebraskademocrats.org\\\/zh\\\/blog\\\/tax-day-reminder-to-nebraskans-the-gop-wants-to-raise-your-taxes\\\/\"]}]},{\"@type\":\"BreadcrumbList\",\"@id\":\"http:\\\/\\\/nebraskademocrats.org\\\/zh\\\/blog\\\/tax-day-reminder-to-nebraskans-the-gop-wants-to-raise-your-taxes\\\/#breadcrumb\",\"itemListElement\":[{\"@type\":\"ListItem\",\"position\":1,\"name\":\"Home\",\"item\":\"https:\\\/\\\/nebraskademocrats.org\\\/\"},{\"@type\":\"ListItem\",\"position\":2,\"name\":\"TAX DAY REMINDER to NEBRASKANS: The GOP wants to raise your taxes\"}]},{\"@type\":\"WebSite\",\"@id\":\"https:\\\/\\\/nebraskademocrats.org\\\/#website\",\"url\":\"https:\\\/\\\/nebraskademocrats.org\\\/\",\"name\":\"Nebraska Democratic Party\",\"description\":\"Growing the Good Life for All Nebraskans\",\"publisher\":{\"@id\":\"https:\\\/\\\/nebraskademocrats.org\\\/#organization\"},\"potentialAction\":[{\"@type\":\"SearchAction\",\"target\":{\"@type\":\"EntryPoint\",\"urlTemplate\":\"https:\\\/\\\/nebraskademocrats.org\\\/?s={search_term_string}\"},\"query-input\":{\"@type\":\"PropertyValueSpecification\",\"valueRequired\":true,\"valueName\":\"search_term_string\"}}],\"inLanguage\":\"vi\"},{\"@type\":\"Organization\",\"@id\":\"https:\\\/\\\/nebraskademocrats.org\\\/#organization\",\"name\":\"Nebraska Democratic Party\",\"url\":\"https:\\\/\\\/nebraskademocrats.org\\\/\",\"logo\":{\"@type\":\"ImageObject\",\"inLanguage\":\"vi\",\"@id\":\"https:\\\/\\\/nebraskademocrats.org\\\/#\\\/schema\\\/logo\\\/image\\\/\",\"url\":\"https:\\\/\\\/nebraskadem.wpenginepowered.com\\\/wp-content\\\/uploads\\\/2016\\\/05\\\/NDP2.jpg\",\"contentUrl\":\"https:\\\/\\\/nebraskadem.wpenginepowered.com\\\/wp-content\\\/uploads\\\/2016\\\/05\\\/NDP2.jpg\",\"width\":1000,\"height\":396,\"caption\":\"Nebraska Democratic Party\"},\"image\":{\"@id\":\"https:\\\/\\\/nebraskademocrats.org\\\/#\\\/schema\\\/logo\\\/image\\\/\"},\"sameAs\":[\"https:\\\/\\\/www.facebook.com\\\/NebraskaDemocraticParty\\\/\",\"https:\\\/\\\/x.com\\\/nebraskadems\"]},{\"@type\":\"Person\",\"@id\":\"https:\\\/\\\/nebraskademocrats.org\\\/#\\\/schema\\\/person\\\/33e011ea0795f404810dc40828bcf289\",\"name\":\"Precious McKesson\",\"image\":{\"@type\":\"ImageObject\",\"inLanguage\":\"vi\",\"@id\":\"https:\\\/\\\/secure.gravatar.com\\\/avatar\\\/35046e19b3373116ec64c07d386d3312028d3820dc0ffe65c344bcebc8ea9194?s=96&d=mm&r=g\",\"url\":\"https:\\\/\\\/secure.gravatar.com\\\/avatar\\\/35046e19b3373116ec64c07d386d3312028d3820dc0ffe65c344bcebc8ea9194?s=96&d=mm&r=g\",\"contentUrl\":\"https:\\\/\\\/secure.gravatar.com\\\/avatar\\\/35046e19b3373116ec64c07d386d3312028d3820dc0ffe65c344bcebc8ea9194?s=96&d=mm&r=g\",\"caption\":\"Precious McKesson\"}}]}<\/script>\n<!-- \/ Yoast SEO plugin. -->","yoast_head_json":{"title":"TAX DAY REMINDER to NEBRASKANS: The GOP wants to raise your taxes &#8211; Nebraska Democratic Party","robots":{"index":"index","follow":"follow","max-snippet":"max-snippet:-1","max-image-preview":"max-image-preview:large","max-video-preview":"max-video-preview:-1"},"canonical":"http:\/\/nebraskademocrats.org\/vi\/blog\/tax-day-reminder-to-nebraskans-the-gop-wants-to-raise-your-taxes\/","og_locale":"vi_VN","og_type":"article","og_title":"TAX DAY REMINDER to NEBRASKANS: The GOP wants to raise your taxes &#8211; Nebraska Democratic Party","og_description":"This Tax Day, Nebraskans are reminded that the GOP agenda seeks to raise taxes on millions of Americans and sunset away essential programs like Social Security and Medicare. \u00a0 Nebraska voters deserve to know: Will Rep. Don Bacon break with Republican party bosses and stand up to their plan to gut seniors\u2019 retirement and raise ... Read more","og_url":"http:\/\/nebraskademocrats.org\/vi\/blog\/tax-day-reminder-to-nebraskans-the-gop-wants-to-raise-your-taxes\/","og_site_name":"Nebraska Democratic Party","article_publisher":"https:\/\/www.facebook.com\/NebraskaDemocraticParty\/","article_published_time":"2022-04-18T15:26:55+00:00","og_image":[{"width":1200,"height":630,"url":"https:\/\/nebraskademocrats.org\/wp-content\/uploads\/2018\/09\/ne-dems-fb.jpg","type":"image\/jpeg"}],"author":"Precious McKesson","twitter_card":"summary_large_image","twitter_creator":"@nebraskadems","twitter_site":"@nebraskadems","twitter_misc":{"\u0110\u01b0\u1ee3c vi\u1ebft b\u1edfi":"Precious McKesson","\u01af\u1edbc t\u00ednh th\u1eddi gian \u0111\u1ecdc":"1 ph\u00fat"},"schema":{"@context":"https:\/\/schema.org","@graph":[{"@type":"Article","@id":"http:\/\/nebraskademocrats.org\/zh\/blog\/tax-day-reminder-to-nebraskans-the-gop-wants-to-raise-your-taxes\/#article","isPartOf":{"@id":"http:\/\/nebraskademocrats.org\/zh\/blog\/tax-day-reminder-to-nebraskans-the-gop-wants-to-raise-your-taxes\/"},"author":{"name":"Precious McKesson","@id":"https:\/\/nebraskademocrats.org\/#\/schema\/person\/33e011ea0795f404810dc40828bcf289"},"headline":"TAX DAY REMINDER to NEBRASKANS: The GOP wants to raise your taxes","datePublished":"2022-04-18T15:26:55+00:00","mainEntityOfPage":{"@id":"http:\/\/nebraskademocrats.org\/zh\/blog\/tax-day-reminder-to-nebraskans-the-gop-wants-to-raise-your-taxes\/"},"wordCount":191,"publisher":{"@id":"https:\/\/nebraskademocrats.org\/#organization"},"articleSection":["NDP Blog"],"inLanguage":"vi"},{"@type":"WebPage","@id":"http:\/\/nebraskademocrats.org\/zh\/blog\/tax-day-reminder-to-nebraskans-the-gop-wants-to-raise-your-taxes\/","url":"http:\/\/nebraskademocrats.org\/zh\/blog\/tax-day-reminder-to-nebraskans-the-gop-wants-to-raise-your-taxes\/","name":"TAX DAY REMINDER to NEBRASKANS: The GOP wants to raise your taxes &#8211; Nebraska Democratic Party","isPartOf":{"@id":"https:\/\/nebraskademocrats.org\/#website"},"datePublished":"2022-04-18T15:26:55+00:00","breadcrumb":{"@id":"http:\/\/nebraskademocrats.org\/zh\/blog\/tax-day-reminder-to-nebraskans-the-gop-wants-to-raise-your-taxes\/#breadcrumb"},"inLanguage":"vi","potentialAction":[{"@type":"ReadAction","target":["http:\/\/nebraskademocrats.org\/zh\/blog\/tax-day-reminder-to-nebraskans-the-gop-wants-to-raise-your-taxes\/"]}]},{"@type":"BreadcrumbList","@id":"http:\/\/nebraskademocrats.org\/zh\/blog\/tax-day-reminder-to-nebraskans-the-gop-wants-to-raise-your-taxes\/#breadcrumb","itemListElement":[{"@type":"ListItem","position":1,"name":"Home","item":"https:\/\/nebraskademocrats.org\/"},{"@type":"ListItem","position":2,"name":"TAX DAY REMINDER to NEBRASKANS: The GOP wants to raise your taxes"}]},{"@type":"WebSite","@id":"https:\/\/nebraskademocrats.org\/#website","url":"https:\/\/nebraskademocrats.org\/","name":"Nebraska Democratic Party","description":"Ph\u00e1t tri\u1ec3n cu\u1ed9c s\u1ed1ng t\u1ed1t \u0111\u1eb9p cho t\u1ea5t c\u1ea3 Nebraskans","publisher":{"@id":"https:\/\/nebraskademocrats.org\/#organization"},"potentialAction":[{"@type":"SearchAction","target":{"@type":"EntryPoint","urlTemplate":"https:\/\/nebraskademocrats.org\/?s={search_term_string}"},"query-input":{"@type":"PropertyValueSpecification","valueRequired":true,"valueName":"search_term_string"}}],"inLanguage":"vi"},{"@type":"Organization","@id":"https:\/\/nebraskademocrats.org\/#organization","name":"Nebraska Democratic Party","url":"https:\/\/nebraskademocrats.org\/","logo":{"@type":"ImageObject","inLanguage":"vi","@id":"https:\/\/nebraskademocrats.org\/#\/schema\/logo\/image\/","url":"https:\/\/nebraskadem.wpenginepowered.com\/wp-content\/uploads\/2016\/05\/NDP2.jpg","contentUrl":"https:\/\/nebraskadem.wpenginepowered.com\/wp-content\/uploads\/2016\/05\/NDP2.jpg","width":1000,"height":396,"caption":"Nebraska Democratic Party"},"image":{"@id":"https:\/\/nebraskademocrats.org\/#\/schema\/logo\/image\/"},"sameAs":["https:\/\/www.facebook.com\/NebraskaDemocraticParty\/","https:\/\/x.com\/nebraskadems"]},{"@type":"Person","@id":"https:\/\/nebraskademocrats.org\/#\/schema\/person\/33e011ea0795f404810dc40828bcf289","name":"McKesson qu\u00fd gi\u00e1","image":{"@type":"ImageObject","inLanguage":"vi","@id":"https:\/\/secure.gravatar.com\/avatar\/35046e19b3373116ec64c07d386d3312028d3820dc0ffe65c344bcebc8ea9194?s=96&d=mm&r=g","url":"https:\/\/secure.gravatar.com\/avatar\/35046e19b3373116ec64c07d386d3312028d3820dc0ffe65c344bcebc8ea9194?s=96&d=mm&r=g","contentUrl":"https:\/\/secure.gravatar.com\/avatar\/35046e19b3373116ec64c07d386d3312028d3820dc0ffe65c344bcebc8ea9194?s=96&d=mm&r=g","caption":"Precious McKesson"}}]}},"_links":{"self":[{"href":"https:\/\/nebraskademocrats.org\/vi\/wp-json\/wp\/v2\/posts\/37623","targetHints":{"allow":["GET"]}}],"collection":[{"href":"https:\/\/nebraskademocrats.org\/vi\/wp-json\/wp\/v2\/posts"}],"about":[{"href":"https:\/\/nebraskademocrats.org\/vi\/wp-json\/wp\/v2\/types\/post"}],"author":[{"embeddable":true,"href":"https:\/\/nebraskademocrats.org\/vi\/wp-json\/wp\/v2\/users\/19"}],"replies":[{"embeddable":true,"href":"https:\/\/nebraskademocrats.org\/vi\/wp-json\/wp\/v2\/comments?post=37623"}],"version-history":[{"count":0,"href":"https:\/\/nebraskademocrats.org\/vi\/wp-json\/wp\/v2\/posts\/37623\/revisions"}],"wp:attachment":[{"href":"https:\/\/nebraskademocrats.org\/vi\/wp-json\/wp\/v2\/media?parent=37623"}],"wp:term":[{"taxonomy":"category","embeddable":true,"href":"https:\/\/nebraskademocrats.org\/vi\/wp-json\/wp\/v2\/categories?post=37623"},{"taxonomy":"post_tag","embeddable":true,"href":"https:\/\/nebraskademocrats.org\/vi\/wp-json\/wp\/v2\/tags?post=37623"}],"curies":[{"name":"wp","href":"https:\/\/api.w.org\/{rel}","templated":true}]}}