{"id":37805,"date":"2022-05-01T19:08:25","date_gmt":"2022-05-02T00:08:25","guid":{"rendered":"https:\/\/nebraskadem.wpenginepowered.com\/?p=37805"},"modified":"2022-05-01T19:08:25","modified_gmt":"2022-05-02T00:08:25","slug":"press-release-ndps-kleeb-comments-following-sundays-nebraska-rally-with-trump-and-herbster","status":"publish","type":"post","link":"https:\/\/nebraskademocrats.org\/vi\/press-releases\/press-release-ndps-kleeb-comments-following-sundays-nebraska-rally-with-trump-and-herbster\/","title":{"rendered":"Th\u00f4ng c\u00e1o b\u00e1o ch\u00ed: Kleeb c\u1ee7a NDP b\u00ecnh lu\u1eadn sau cu\u1ed9c bi\u1ec3u t\u00ecnh \u1edf Nebraska v\u00e0o Ch\u1ee7 nh\u1eadt v\u1edbi Trump v\u00e0 Herbster"},"content":{"rendered":"<p><span style=\"font-weight: 400;\">Ch\u1ee7 t\u1ecbch Nebraska Democratic Party Jane Kleeb \u0111\u00e3 \u0111\u01b0a ra tuy\u00ean b\u1ed1 sau \u0111\u00e2y \u0111\u1ec3 ph\u1ea3n \u1ee9ng l\u1ea1i cu\u1ed9c bi\u1ec3u t\u00ecnh \u1edf Nebraska v\u00e0o Ch\u1ee7 nh\u1eadt c\u1ee7a c\u1ef1u T\u1ed5ng th\u1ed1ng Donald Trump cho Charles Herbster \u0111\u1ea7y hy v\u1ecdng c\u1ee7a gubernatorial, ng\u01b0\u1eddi \u0111\u01b0\u1ee3c Trump t\u00e1n th\u00e0nh.<\/span><\/p>\n<p><span style=\"font-weight: 400;\">Herbster g\u1ea7n \u0111\u00e2y b\u1ecb t\u00e1m ph\u1ee5 n\u1eef bu\u1ed9c t\u1ed9i m\u00f2 m\u1eabm. Herbster \u0111\u00e3 gi\u00fap t\u00e0i tr\u1ee3 cho s\u1ef1 ki\u1ec7n Stop the Steal v\u00e0 \u0111\u00e3 \u1edf trong ph\u00f2ng v\u1edbi gia \u0111\u00ecnh Trump v\u00e0o \u0111\u00eam tr\u01b0\u1edbc cu\u1ed9c n\u1ed5i d\u1eady ng\u00e0y 6 th\u00e1ng 1.<\/span><\/p>\n<p><span style=\"font-weight: 400;\">\u201cS\u1ef1 x\u1ea5u h\u1ed5 \u0111\u00e3 \u0111\u01b0\u1ee3c th\u1ec3 hi\u1ec7n \u0111\u1ea7y \u0111\u1ee7 t\u1ea1i cu\u1ed9c bi\u1ec3u t\u00ecnh c\u1ee7a Trump - truy\u1ec1n b\u00e1 nh\u1eefng l\u1eddi n\u00f3i d\u1ed1i, s\u1ef1 c\u0103m gh\u00e9t v\u00e0 b\u1ea5t b\u00ecnh. Trump tr\u00f4ng c\u00f3 v\u1ebb tuy\u1ec7t v\u1ecdng, k\u00eau g\u1ecdi t\u1ea5t c\u1ea3 nh\u1eefng ng\u01b0\u1eddi \u0111\u1ed3ng c\u1ea5p c\u0169 c\u1ee7a m\u00ecnh, khi \u00f4ng \u1ea5y c\u1ed1 g\u1eafng b\u00e1m l\u1ea5y s\u1ef1 ph\u00f9 h\u1ee3p, \u201dCh\u1ee7 t\u1ecbch Kleeb n\u00f3i. \u201c\u0110\u1ea3ng C\u1ed9ng h\u00f2a \u0111ang b\u1ecb chia r\u1ebd s\u00e2u s\u1eafc khi h\u1ecd ti\u1ebfn v\u00e0o v\u00f2ng s\u01a1 b\u1ed9, t\u1ea1o c\u01a1 h\u1ed9i cho \u0110\u1ea3ng D\u00e2n ch\u1ee7 t\u1ea1o ra m\u1ed9t li\u00ean minh chi\u1ebfn th\u1eafng c\u1ee7a t\u1ea5t c\u1ea3 c\u00e1c phe ch\u00ednh tr\u1ecb \u0111\u1ec3 cu\u1ed1i c\u00f9ng ch\u00fang t\u00f4i c\u00f3 th\u1ec3 gi\u1ea3i quy\u1ebft c\u00e1c v\u1ea5n \u0111\u1ec1 m\u00e0 Nebraskans quan t\u00e2m thay v\u00ec \u0110\u1ea3ng C\u1ed9ng h\u00f2a g\u00e2y s\u1ee3 h\u00e3i\u201d.<\/span><\/p>\n<p><span style=\"font-weight: 400;\">\u201cTh\u01b0\u1ee3ng ngh\u1ecb s\u0129 Carol Blood t\u1eadp trung v\u00e0o vi\u1ec7c t\u1ea1o ra m\u1ed9t ti\u1ec3u bang ch\u00e0o \u0111\u00f3n v\u1edbi nh\u1eefng c\u00f4ng vi\u1ec7c \u0111\u01b0\u1ee3c tr\u1ea3 l\u01b0\u01a1ng t\u1ed1t, n\u01a1i nh\u1eefng ng\u01b0\u1eddi tr\u1ebb tu\u1ed5i mu\u1ed1n \u1edf l\u1ea1i, d\u1ecdn d\u1eb9p th\u1ea3m h\u1ecda m\u00f4i tr\u01b0\u1eddng \u1edf Mead, b\u1ea3o v\u1ec7 quy\u1ec1n s\u1edf h\u1eefu v\u00e0 t\u00e0i tr\u1ee3 \u0111\u1ea7y \u0111\u1ee7 cho c\u00e1c tr\u01b0\u1eddng c\u00f4ng l\u1eadp c\u1ee7a ch\u00fang t\u00f4i. Ng\u01b0\u1eddi d\u00e2n Nebraskans c\u00f3 m\u1ed9t s\u1ef1 l\u1ef1a ch\u1ecdn th\u1ef1c s\u1ef1 cho v\u1ecb Th\u1ed1ng \u0111\u1ed1c ti\u1ebfp theo c\u1ee7a ch\u00fang ta - h\u00e3y \u1edf l\u1ea1i qu\u00e1 kh\u1ee9 ho\u1eb7c ph\u00e1 b\u1ecf ch\u1ebf \u0111\u1ed9 \u0111\u1ed9c \u0111\u1ea3ng th\u1ed1i n\u00e1t b\u1eb1ng m\u1ed9t ch\u00fat m\u00e1u m\u1edbi. \u201d<\/span><\/p>","protected":false},"excerpt":{"rendered":"<p>Nebraska Democratic Party Chair Jane Kleeb issued the following statement in reaction to Sunday&#8217;s Nebraska rally by former President Donald Trump for gubernatorial hopeful Charles Herbster who is endorsed by Trump. Herbster was recently accused of groping by eight women. Herbster helped fund the Stop the Steal event and was in the room with the &#8230; <a title=\"Th\u00f4ng c\u00e1o b\u00e1o ch\u00ed: Kleeb c\u1ee7a NDP b\u00ecnh lu\u1eadn sau cu\u1ed9c bi\u1ec3u t\u00ecnh \u1edf Nebraska v\u00e0o Ch\u1ee7 nh\u1eadt v\u1edbi Trump v\u00e0 Herbster\" class=\"read-more\" href=\"https:\/\/nebraskademocrats.org\/vi\/press-releases\/press-release-ndps-kleeb-comments-following-sundays-nebraska-rally-with-trump-and-herbster\/\" aria-label=\"More on Press release: NDP\u2019s Kleeb comments following Sunday\u2019s Nebraska rally with Trump and Herbster\">\u0110\u1ecdc th\u00eam<\/a><\/p>","protected":false},"author":19,"featured_media":0,"comment_status":"closed","ping_status":"closed","sticky":false,"template":"","format":"standard","meta":{"_acf_changed":false,"_exactmetrics_skip_tracking":false,"_exactmetrics_sitenote_active":false,"_exactmetrics_sitenote_note":"","_exactmetrics_sitenote_category":0,"footnotes":""},"categories":[4],"tags":[],"class_list":["post-37805","post","type-post","status-publish","format-standard","hentry","category-press-releases"],"acf":[],"yoast_head":"<!-- This site is optimized with the Yoast SEO plugin v27.4 - https:\/\/yoast.com\/product\/yoast-seo-wordpress\/ -->\n<title>Press release: NDP\u2019s Kleeb comments following Sunday\u2019s Nebraska rally with Trump and Herbster &#8211; Nebraska Democratic Party<\/title>\n<meta name=\"robots\" content=\"index, follow, max-snippet:-1, max-image-preview:large, max-video-preview:-1\" \/>\n<link rel=\"canonical\" href=\"https:\/\/nebraskademocrats.org\/vi\/press-releases\/press-release-ndps-kleeb-comments-following-sundays-nebraska-rally-with-trump-and-herbster\/\" \/>\n<meta property=\"og:locale\" content=\"vi_VN\" \/>\n<meta property=\"og:type\" content=\"article\" \/>\n<meta property=\"og:title\" content=\"Press release: NDP\u2019s Kleeb comments following Sunday\u2019s Nebraska rally with Trump and Herbster &#8211; Nebraska Democratic Party\" \/>\n<meta property=\"og:description\" content=\"Nebraska Democratic Party Chair Jane Kleeb issued the following statement in reaction to Sunday&#8217;s Nebraska rally by former President Donald Trump for gubernatorial hopeful Charles Herbster who is endorsed by Trump. Herbster was recently accused of groping by eight women. Herbster helped fund the Stop the Steal event and was in the room with the ... Read more\" \/>\n<meta property=\"og:url\" content=\"https:\/\/nebraskademocrats.org\/vi\/press-releases\/press-release-ndps-kleeb-comments-following-sundays-nebraska-rally-with-trump-and-herbster\/\" \/>\n<meta property=\"og:site_name\" content=\"Nebraska Democratic Party\" \/>\n<meta property=\"article:publisher\" content=\"https:\/\/www.facebook.com\/NebraskaDemocraticParty\/\" \/>\n<meta property=\"article:published_time\" content=\"2022-05-02T00:08:25+00:00\" \/>\n<meta property=\"og:image\" content=\"https:\/\/nebraskademocrats.org\/wp-content\/uploads\/2018\/09\/ne-dems-fb.jpg\" \/>\n\t<meta property=\"og:image:width\" content=\"1200\" \/>\n\t<meta property=\"og:image:height\" content=\"630\" \/>\n\t<meta property=\"og:image:type\" content=\"image\/jpeg\" \/>\n<meta name=\"author\" content=\"Precious McKesson\" \/>\n<meta name=\"twitter:card\" content=\"summary_large_image\" \/>\n<meta name=\"twitter:creator\" content=\"@nebraskadems\" \/>\n<meta name=\"twitter:site\" content=\"@nebraskadems\" \/>\n<meta name=\"twitter:label1\" content=\"\u0110\u01b0\u1ee3c vi\u1ebft b\u1edfi\" \/>\n\t<meta name=\"twitter:data1\" content=\"Precious McKesson\" \/>\n\t<meta name=\"twitter:label2\" content=\"\u01af\u1edbc t\u00ednh th\u1eddi gian \u0111\u1ecdc\" \/>\n\t<meta name=\"twitter:data2\" content=\"1 ph\u00fat\" \/>\n<script type=\"application\/ld+json\" class=\"yoast-schema-graph\">{\"@context\":\"https:\\\/\\\/schema.org\",\"@graph\":[{\"@type\":\"Article\",\"@id\":\"https:\\\/\\\/nebraskademocrats.org\\\/press-releases\\\/press-release-ndps-kleeb-comments-following-sundays-nebraska-rally-with-trump-and-herbster\\\/#article\",\"isPartOf\":{\"@id\":\"https:\\\/\\\/nebraskademocrats.org\\\/press-releases\\\/press-release-ndps-kleeb-comments-following-sundays-nebraska-rally-with-trump-and-herbster\\\/\"},\"author\":{\"name\":\"Precious McKesson\",\"@id\":\"https:\\\/\\\/nebraskademocrats.org\\\/#\\\/schema\\\/person\\\/33e011ea0795f404810dc40828bcf289\"},\"headline\":\"Press release: NDP\u2019s Kleeb comments following Sunday\u2019s Nebraska rally with Trump and Herbster\",\"datePublished\":\"2022-05-02T00:08:25+00:00\",\"mainEntityOfPage\":{\"@id\":\"https:\\\/\\\/nebraskademocrats.org\\\/press-releases\\\/press-release-ndps-kleeb-comments-following-sundays-nebraska-rally-with-trump-and-herbster\\\/\"},\"wordCount\":217,\"publisher\":{\"@id\":\"https:\\\/\\\/nebraskademocrats.org\\\/#organization\"},\"articleSection\":[\"Press Releases\"],\"inLanguage\":\"vi\"},{\"@type\":\"WebPage\",\"@id\":\"https:\\\/\\\/nebraskademocrats.org\\\/press-releases\\\/press-release-ndps-kleeb-comments-following-sundays-nebraska-rally-with-trump-and-herbster\\\/\",\"url\":\"https:\\\/\\\/nebraskademocrats.org\\\/press-releases\\\/press-release-ndps-kleeb-comments-following-sundays-nebraska-rally-with-trump-and-herbster\\\/\",\"name\":\"Press release: NDP\u2019s Kleeb comments following Sunday\u2019s Nebraska rally with Trump and Herbster &#8211; Nebraska Democratic Party\",\"isPartOf\":{\"@id\":\"https:\\\/\\\/nebraskademocrats.org\\\/#website\"},\"datePublished\":\"2022-05-02T00:08:25+00:00\",\"breadcrumb\":{\"@id\":\"https:\\\/\\\/nebraskademocrats.org\\\/press-releases\\\/press-release-ndps-kleeb-comments-following-sundays-nebraska-rally-with-trump-and-herbster\\\/#breadcrumb\"},\"inLanguage\":\"vi\",\"potentialAction\":[{\"@type\":\"ReadAction\",\"target\":[\"https:\\\/\\\/nebraskademocrats.org\\\/press-releases\\\/press-release-ndps-kleeb-comments-following-sundays-nebraska-rally-with-trump-and-herbster\\\/\"]}]},{\"@type\":\"BreadcrumbList\",\"@id\":\"https:\\\/\\\/nebraskademocrats.org\\\/press-releases\\\/press-release-ndps-kleeb-comments-following-sundays-nebraska-rally-with-trump-and-herbster\\\/#breadcrumb\",\"itemListElement\":[{\"@type\":\"ListItem\",\"position\":1,\"name\":\"Home\",\"item\":\"https:\\\/\\\/nebraskademocrats.org\\\/\"},{\"@type\":\"ListItem\",\"position\":2,\"name\":\"Press release: NDP\u2019s Kleeb comments following Sunday\u2019s Nebraska rally with Trump and Herbster\"}]},{\"@type\":\"WebSite\",\"@id\":\"https:\\\/\\\/nebraskademocrats.org\\\/#website\",\"url\":\"https:\\\/\\\/nebraskademocrats.org\\\/\",\"name\":\"Nebraska Democratic Party\",\"description\":\"Growing the Good Life for All Nebraskans\",\"publisher\":{\"@id\":\"https:\\\/\\\/nebraskademocrats.org\\\/#organization\"},\"potentialAction\":[{\"@type\":\"SearchAction\",\"target\":{\"@type\":\"EntryPoint\",\"urlTemplate\":\"https:\\\/\\\/nebraskademocrats.org\\\/?s={search_term_string}\"},\"query-input\":{\"@type\":\"PropertyValueSpecification\",\"valueRequired\":true,\"valueName\":\"search_term_string\"}}],\"inLanguage\":\"vi\"},{\"@type\":\"Organization\",\"@id\":\"https:\\\/\\\/nebraskademocrats.org\\\/#organization\",\"name\":\"Nebraska Democratic Party\",\"url\":\"https:\\\/\\\/nebraskademocrats.org\\\/\",\"logo\":{\"@type\":\"ImageObject\",\"inLanguage\":\"vi\",\"@id\":\"https:\\\/\\\/nebraskademocrats.org\\\/#\\\/schema\\\/logo\\\/image\\\/\",\"url\":\"https:\\\/\\\/nebraskadem.wpenginepowered.com\\\/wp-content\\\/uploads\\\/2016\\\/05\\\/NDP2.jpg\",\"contentUrl\":\"https:\\\/\\\/nebraskadem.wpenginepowered.com\\\/wp-content\\\/uploads\\\/2016\\\/05\\\/NDP2.jpg\",\"width\":1000,\"height\":396,\"caption\":\"Nebraska Democratic Party\"},\"image\":{\"@id\":\"https:\\\/\\\/nebraskademocrats.org\\\/#\\\/schema\\\/logo\\\/image\\\/\"},\"sameAs\":[\"https:\\\/\\\/www.facebook.com\\\/NebraskaDemocraticParty\\\/\",\"https:\\\/\\\/x.com\\\/nebraskadems\"]},{\"@type\":\"Person\",\"@id\":\"https:\\\/\\\/nebraskademocrats.org\\\/#\\\/schema\\\/person\\\/33e011ea0795f404810dc40828bcf289\",\"name\":\"Precious McKesson\",\"image\":{\"@type\":\"ImageObject\",\"inLanguage\":\"vi\",\"@id\":\"https:\\\/\\\/secure.gravatar.com\\\/avatar\\\/35046e19b3373116ec64c07d386d3312028d3820dc0ffe65c344bcebc8ea9194?s=96&d=mm&r=g\",\"url\":\"https:\\\/\\\/secure.gravatar.com\\\/avatar\\\/35046e19b3373116ec64c07d386d3312028d3820dc0ffe65c344bcebc8ea9194?s=96&d=mm&r=g\",\"contentUrl\":\"https:\\\/\\\/secure.gravatar.com\\\/avatar\\\/35046e19b3373116ec64c07d386d3312028d3820dc0ffe65c344bcebc8ea9194?s=96&d=mm&r=g\",\"caption\":\"Precious McKesson\"}}]}<\/script>\n<!-- \/ Yoast SEO plugin. -->","yoast_head_json":{"title":"Press release: NDP\u2019s Kleeb comments following Sunday\u2019s Nebraska rally with Trump and Herbster &#8211; Nebraska Democratic Party","robots":{"index":"index","follow":"follow","max-snippet":"max-snippet:-1","max-image-preview":"max-image-preview:large","max-video-preview":"max-video-preview:-1"},"canonical":"https:\/\/nebraskademocrats.org\/vi\/press-releases\/press-release-ndps-kleeb-comments-following-sundays-nebraska-rally-with-trump-and-herbster\/","og_locale":"vi_VN","og_type":"article","og_title":"Press release: NDP\u2019s Kleeb comments following Sunday\u2019s Nebraska rally with Trump and Herbster &#8211; Nebraska Democratic Party","og_description":"Nebraska Democratic Party Chair Jane Kleeb issued the following statement in reaction to Sunday&#8217;s Nebraska rally by former President Donald Trump for gubernatorial hopeful Charles Herbster who is endorsed by Trump. Herbster was recently accused of groping by eight women. Herbster helped fund the Stop the Steal event and was in the room with the ... Read more","og_url":"https:\/\/nebraskademocrats.org\/vi\/press-releases\/press-release-ndps-kleeb-comments-following-sundays-nebraska-rally-with-trump-and-herbster\/","og_site_name":"Nebraska Democratic Party","article_publisher":"https:\/\/www.facebook.com\/NebraskaDemocraticParty\/","article_published_time":"2022-05-02T00:08:25+00:00","og_image":[{"width":1200,"height":630,"url":"https:\/\/nebraskademocrats.org\/wp-content\/uploads\/2018\/09\/ne-dems-fb.jpg","type":"image\/jpeg"}],"author":"Precious McKesson","twitter_card":"summary_large_image","twitter_creator":"@nebraskadems","twitter_site":"@nebraskadems","twitter_misc":{"\u0110\u01b0\u1ee3c vi\u1ebft b\u1edfi":"Precious McKesson","\u01af\u1edbc t\u00ednh th\u1eddi gian \u0111\u1ecdc":"1 ph\u00fat"},"schema":{"@context":"https:\/\/schema.org","@graph":[{"@type":"Article","@id":"https:\/\/nebraskademocrats.org\/press-releases\/press-release-ndps-kleeb-comments-following-sundays-nebraska-rally-with-trump-and-herbster\/#article","isPartOf":{"@id":"https:\/\/nebraskademocrats.org\/press-releases\/press-release-ndps-kleeb-comments-following-sundays-nebraska-rally-with-trump-and-herbster\/"},"author":{"name":"Precious McKesson","@id":"https:\/\/nebraskademocrats.org\/#\/schema\/person\/33e011ea0795f404810dc40828bcf289"},"headline":"Press release: NDP\u2019s Kleeb comments following Sunday\u2019s Nebraska rally with Trump and Herbster","datePublished":"2022-05-02T00:08:25+00:00","mainEntityOfPage":{"@id":"https:\/\/nebraskademocrats.org\/press-releases\/press-release-ndps-kleeb-comments-following-sundays-nebraska-rally-with-trump-and-herbster\/"},"wordCount":217,"publisher":{"@id":"https:\/\/nebraskademocrats.org\/#organization"},"articleSection":["Press Releases"],"inLanguage":"vi"},{"@type":"WebPage","@id":"https:\/\/nebraskademocrats.org\/press-releases\/press-release-ndps-kleeb-comments-following-sundays-nebraska-rally-with-trump-and-herbster\/","url":"https:\/\/nebraskademocrats.org\/press-releases\/press-release-ndps-kleeb-comments-following-sundays-nebraska-rally-with-trump-and-herbster\/","name":"Press release: NDP\u2019s Kleeb comments following Sunday\u2019s Nebraska rally with Trump and Herbster &#8211; Nebraska Democratic Party","isPartOf":{"@id":"https:\/\/nebraskademocrats.org\/#website"},"datePublished":"2022-05-02T00:08:25+00:00","breadcrumb":{"@id":"https:\/\/nebraskademocrats.org\/press-releases\/press-release-ndps-kleeb-comments-following-sundays-nebraska-rally-with-trump-and-herbster\/#breadcrumb"},"inLanguage":"vi","potentialAction":[{"@type":"ReadAction","target":["https:\/\/nebraskademocrats.org\/press-releases\/press-release-ndps-kleeb-comments-following-sundays-nebraska-rally-with-trump-and-herbster\/"]}]},{"@type":"BreadcrumbList","@id":"https:\/\/nebraskademocrats.org\/press-releases\/press-release-ndps-kleeb-comments-following-sundays-nebraska-rally-with-trump-and-herbster\/#breadcrumb","itemListElement":[{"@type":"ListItem","position":1,"name":"Home","item":"https:\/\/nebraskademocrats.org\/"},{"@type":"ListItem","position":2,"name":"Press release: NDP\u2019s Kleeb comments following Sunday\u2019s Nebraska rally with Trump and Herbster"}]},{"@type":"WebSite","@id":"https:\/\/nebraskademocrats.org\/#website","url":"https:\/\/nebraskademocrats.org\/","name":"Nebraska Democratic Party","description":"Ph\u00e1t tri\u1ec3n cu\u1ed9c s\u1ed1ng t\u1ed1t \u0111\u1eb9p cho t\u1ea5t c\u1ea3 Nebraskans","publisher":{"@id":"https:\/\/nebraskademocrats.org\/#organization"},"potentialAction":[{"@type":"SearchAction","target":{"@type":"EntryPoint","urlTemplate":"https:\/\/nebraskademocrats.org\/?s={search_term_string}"},"query-input":{"@type":"PropertyValueSpecification","valueRequired":true,"valueName":"search_term_string"}}],"inLanguage":"vi"},{"@type":"Organization","@id":"https:\/\/nebraskademocrats.org\/#organization","name":"Nebraska Democratic Party","url":"https:\/\/nebraskademocrats.org\/","logo":{"@type":"ImageObject","inLanguage":"vi","@id":"https:\/\/nebraskademocrats.org\/#\/schema\/logo\/image\/","url":"https:\/\/nebraskadem.wpenginepowered.com\/wp-content\/uploads\/2016\/05\/NDP2.jpg","contentUrl":"https:\/\/nebraskadem.wpenginepowered.com\/wp-content\/uploads\/2016\/05\/NDP2.jpg","width":1000,"height":396,"caption":"Nebraska Democratic Party"},"image":{"@id":"https:\/\/nebraskademocrats.org\/#\/schema\/logo\/image\/"},"sameAs":["https:\/\/www.facebook.com\/NebraskaDemocraticParty\/","https:\/\/x.com\/nebraskadems"]},{"@type":"Person","@id":"https:\/\/nebraskademocrats.org\/#\/schema\/person\/33e011ea0795f404810dc40828bcf289","name":"McKesson qu\u00fd gi\u00e1","image":{"@type":"ImageObject","inLanguage":"vi","@id":"https:\/\/secure.gravatar.com\/avatar\/35046e19b3373116ec64c07d386d3312028d3820dc0ffe65c344bcebc8ea9194?s=96&d=mm&r=g","url":"https:\/\/secure.gravatar.com\/avatar\/35046e19b3373116ec64c07d386d3312028d3820dc0ffe65c344bcebc8ea9194?s=96&d=mm&r=g","contentUrl":"https:\/\/secure.gravatar.com\/avatar\/35046e19b3373116ec64c07d386d3312028d3820dc0ffe65c344bcebc8ea9194?s=96&d=mm&r=g","caption":"Precious McKesson"}}]}},"_links":{"self":[{"href":"https:\/\/nebraskademocrats.org\/vi\/wp-json\/wp\/v2\/posts\/37805","targetHints":{"allow":["GET"]}}],"collection":[{"href":"https:\/\/nebraskademocrats.org\/vi\/wp-json\/wp\/v2\/posts"}],"about":[{"href":"https:\/\/nebraskademocrats.org\/vi\/wp-json\/wp\/v2\/types\/post"}],"author":[{"embeddable":true,"href":"https:\/\/nebraskademocrats.org\/vi\/wp-json\/wp\/v2\/users\/19"}],"replies":[{"embeddable":true,"href":"https:\/\/nebraskademocrats.org\/vi\/wp-json\/wp\/v2\/comments?post=37805"}],"version-history":[{"count":0,"href":"https:\/\/nebraskademocrats.org\/vi\/wp-json\/wp\/v2\/posts\/37805\/revisions"}],"wp:attachment":[{"href":"https:\/\/nebraskademocrats.org\/vi\/wp-json\/wp\/v2\/media?parent=37805"}],"wp:term":[{"taxonomy":"category","embeddable":true,"href":"https:\/\/nebraskademocrats.org\/vi\/wp-json\/wp\/v2\/categories?post=37805"},{"taxonomy":"post_tag","embeddable":true,"href":"https:\/\/nebraskademocrats.org\/vi\/wp-json\/wp\/v2\/tags?post=37805"}],"curies":[{"name":"wp","href":"https:\/\/api.w.org\/{rel}","templated":true}]}}