{"id":38062,"date":"2022-05-24T18:07:18","date_gmt":"2022-05-24T23:07:18","guid":{"rendered":"https:\/\/nebraskadem.wpenginepowered.com\/?p=38062"},"modified":"2022-05-24T18:07:18","modified_gmt":"2022-05-24T23:07:18","slug":"president-biden-proclamation-and-upcoming-remarks-on-tragedy-in-uvalde-texas","status":"publish","type":"post","link":"https:\/\/nebraskademocrats.org\/vi\/blog\/president-biden-proclamation-and-upcoming-remarks-on-tragedy-in-uvalde-texas\/","title":{"rendered":"Tuy\u00ean b\u1ed1 c\u1ee7a T\u1ed5ng th\u1ed1ng Biden v\u00e0 Ph\u00e1t bi\u1ec3u s\u1eafp t\u1edbi v\u1ec1 Bi k\u1ecbch \u1edf Uvalde, Texas"},"content":{"rendered":"<div class=\"\" data-block=\"true\" data-editor=\"f54j5\" data-offset-key=\"absop-0-0\">\n<div class=\"_1mf _1mj\" data-offset-key=\"absop-0-0\"><\/div>\n<\/div>\n<div data-offset-key=\"absop-0-0\"><img fetchpriority=\"high\" decoding=\"async\" class=\"size-full wp-image-38063 aligncenter\" src=\"https:\/\/nebraskadem.wpenginepowered.com\/wp-content\/uploads\/2022\/05\/white-house.png\" alt=\"\" width=\"640\" height=\"276\" srcset=\"https:\/\/nebraskademocrats.org\/wp-content\/uploads\/2022\/05\/white-house.png 640w, https:\/\/nebraskademocrats.org\/wp-content\/uploads\/2022\/05\/white-house-300x129.png 300w, https:\/\/nebraskademocrats.org\/wp-content\/uploads\/2022\/05\/white-house-18x8.png 18w\" sizes=\"(max-width: 640px) 100vw, 640px\" \/><\/div>\n<div class=\"\" data-block=\"true\" data-editor=\"f54j5\" data-offset-key=\"fg0q-0-0\">\n<div class=\"_1mf _1mj\" data-offset-key=\"fg0q-0-0\"><span data-offset-key=\"fg0q-0-0\">T\u1ed5ng th\u1ed1ng Biden v\u1eeba \u0111\u01b0a ra m\u1ed9t tuy\u00ean b\u1ed1 t\u00f4n vinh c\u00e1c n\u1ea1n nh\u00e2n c\u1ee7a th\u1ea3m k\u1ecbch \u1edf Uvalde, Texas, ra l\u1ec7nh treo c\u1edd r\u1ee7 \u1edf \u0111\u1ed9 cao n\u1eeda tr\u01b0\u1ee3ng. B\u1ea1n c\u00f3 th\u1ec3 \u0111\u1ecdc b\u1ea3n tuy\u00ean ng\u00f4n t\u1ea1i \u0111\u00e2y, v\u00e0 to\u00e0n v\u0103n \u0111\u01b0\u1ee3c sao ch\u00e9p b\u00ean d\u01b0\u1edbi. T\u1ed5ng th\u1ed1ng s\u1ebd \u0111\u01b0a ra nh\u1eefng nh\u1eadn x\u00e9t v\u1ec1 v\u1ee5 x\u1ea3 s\u00fang kinh ho\u00e0ng \u1edf tr\u01b0\u1eddng ti\u1ec3u h\u1ecdc n\u00e0y v\u00e0o l\u00fac 8:15 t\u1ed1i theo gi\u1edd ET t\u1ed1i nay. C\u00e1c nh\u1eadn x\u00e9t s\u1ebd \u0111\u01b0\u1ee3c ph\u00e1t tr\u1ef1c tuy\u1ebfn t\u1ea1i <\/span><span class=\"py34i1dx\"><span data-offset-key=\"fg0q-1-0\">https:\/\/www.whitehouse.gov\/live\/<\/span><\/span><span data-offset-key=\"fg0q-2-0\">. <\/span><\/div>\n<div class=\"_1mf _1mj\" data-offset-key=\"fg0q-0-0\"><span data-offset-key=\"fg0q-2-0\">B\u1ea1n c\u00f3 th\u1ec3 \u0111\u1ecdc tweet c\u1ee7a Th\u01b0 k\u00fd b\u00e1o ch\u00ed Karine Jean-Pierre t\u1ea1i \u0111\u00e2y.<\/span><\/div>\n<\/div>\n<div class=\"\" data-block=\"true\" data-editor=\"f54j5\" data-offset-key=\"firf8-0-0\"><\/div>\n<div class=\"\" data-block=\"true\" data-editor=\"f54j5\" data-offset-key=\"5qtve-0-0\"><\/div>\n<div class=\"\" data-block=\"true\" data-editor=\"f54j5\" data-offset-key=\"c55sp-0-0\">\n<div class=\"_1mf _1mj\" data-offset-key=\"c55sp-0-0\"><\/div>\n<\/div>\n<div class=\"\" data-block=\"true\" data-editor=\"f54j5\" data-offset-key=\"dkf9s-0-0\">\n<div class=\"_1mf _1mj\" data-offset-key=\"dkf9s-0-0\"><strong>TUY\u00caN B\u1ed0<\/strong><\/div>\n<div data-offset-key=\"dkf9s-0-0\"><\/div>\n<\/div>\n<div class=\"\" data-block=\"true\" data-editor=\"f54j5\" data-offset-key=\"5he48-0-0\">\n<div class=\"_1mf _1mj\" data-offset-key=\"5he48-0-0\"><span data-offset-key=\"5he48-0-0\">\u0110\u1ec3 \u0111\u00e1nh d\u1ea5u s\u1ef1 t\u00f4n tr\u1ecdng \u0111\u1ed1i v\u1edbi c\u00e1c n\u1ea1n nh\u00e2n c\u1ee7a nh\u1eefng h\u00e0nh \u0111\u1ed9ng b\u1ea1o l\u1ef1c v\u00f4 ngh\u0129a g\u00e2y ra v\u00e0o ng\u00e0y 24 th\u00e1ng 5 n\u0103m 2022, b\u1edfi m\u1ed9t tay s\u00fang t\u1ea1i Tr\u01b0\u1eddng Ti\u1ec3u h\u1ecdc Robb \u1edf Uvalde, Texas, b\u1edfi c\u01a1 quan \u0111\u01b0\u1ee3c giao cho t\u00f4i l\u00e0 T\u1ed5ng th\u1ed1ng Hoa K\u1ef3 theo Hi\u1ebfn ph\u00e1p v\u00e0 lu\u1eadt c\u1ee7a H\u1ee3p ch\u1ee7ng qu\u1ed1c Hoa K\u1ef3, theo \u0111\u00e2y t\u00f4i ra l\u1ec7nh r\u1eb1ng c\u1edd c\u1ee7a Hoa K\u1ef3 s\u1ebd \u0111\u01b0\u1ee3c treo \u1edf n\u1eeda nh\u00e2n vi\u00ean t\u1ea1i Nh\u00e0 Tr\u1eafng v\u00e0 tr\u00ean t\u1ea5t c\u1ea3 c\u00e1c t\u00f2a nh\u00e0 v\u00e0 c\u01a1 s\u1edf c\u00f4ng c\u1ed9ng, t\u1ea1i t\u1ea5t c\u1ea3 c\u00e1c \u0111\u1ed3n qu\u00e2n s\u1ef1 v\u00e0 tr\u1ea1m h\u1ea3i qu\u00e2n, v\u00e0 tr\u00ean t\u1ea5t c\u1ea3 c\u00e1c t\u00e0u h\u1ea3i qu\u00e2n c\u1ee7a Ch\u00ednh ph\u1ee7 Li\u00ean bang t\u1ea1i \u0110\u1eb7c khu Columbia v\u00e0 tr\u00ean kh\u1eafp Hoa K\u1ef3 v\u00e0 c\u00e1c L\u00e3nh th\u1ed5 v\u00e0 t\u00e0i s\u1ea3n c\u1ee7a n\u00f3 cho \u0111\u1ebfn khi m\u1eb7t tr\u1eddi l\u1eb7n, ng\u00e0y 28 th\u00e1ng 5 n\u0103m 2022. T\u00f4i c\u0169ng ch\u1ec9 \u0111\u1ea1o r\u1eb1ng l\u00e1 c\u1edd s\u1ebd \u0111\u01b0\u1ee3c treo \u1edf \u0111\u1ed9 cao n\u1eeda tr\u01b0\u1ee3ng trong c\u00f9ng m\u1ed9t kho\u1ea3ng th\u1eddi gian t\u1ea1i Hoa K\u1ef3 \u0111\u1ea1i s\u1ee9 qu\u00e1n, qu\u00e2n \u0111o\u00e0n, v\u0103n ph\u00f2ng l\u00e3nh s\u1ef1 v\u00e0 c\u00e1c c\u01a1 s\u1edf kh\u00e1c \u1edf n\u01b0\u1edbc ngo\u00e0i, bao g\u1ed3m t\u1ea5t c\u1ea3 c\u00e1c c\u01a1 s\u1edf qu\u00e2n s\u1ef1 v\u00e0 c\u00e1c t\u00e0u, tr\u1ea1m h\u1ea3i qu\u00e2n.<\/span><\/div>\n<\/div>\n<div class=\"\" data-block=\"true\" data-editor=\"f54j5\" data-offset-key=\"2b20b-0-0\">\n<div class=\"_1mf _1mj\" data-offset-key=\"2b20b-0-0\"><span data-offset-key=\"2b20b-0-0\">\u00a0<\/span><\/div>\n<\/div>\n<div class=\"\" data-block=\"true\" data-editor=\"f54j5\" data-offset-key=\"7mhlk-0-0\">\n<div class=\"_1mf _1mj\" data-offset-key=\"7mhlk-0-0\"><span data-offset-key=\"7mhlk-0-0\">\u0110\u1ec2 L\u00c0M B\u1eb0NG CH\u1ee8NG, t\u00f4i xin \u0111\u1eb7t b\u00e0n tay c\u1ee7a m\u00ecnh v\u00e0o ng\u00e0y 24 th\u00e1ng 5 n\u00e0y, v\u00e0o n\u0103m Ch\u00faa ch\u00fang ta hai ngh\u00ecn hai m\u01b0\u01a1i hai, v\u00e0 ng\u00e0y \u0110\u1ed9c l\u1eadp c\u1ee7a H\u1ee3p ch\u1ee7ng qu\u1ed1c Hoa K\u1ef3 th\u1ee9 hai tr\u0103m b\u1ed1n m\u01b0\u01a1i s\u00e1u.<\/span><\/div>\n<\/div>\n<div class=\"\" data-block=\"true\" data-editor=\"f54j5\" data-offset-key=\"coihv-0-0\">\n<div class=\"_1mf _1mj\" data-offset-key=\"coihv-0-0\"><\/div>\n<\/div>\n<div class=\"\" data-block=\"true\" data-editor=\"f54j5\" data-offset-key=\"bs9gm-0-0\">\n<div class=\"_1mf _1mj\" data-offset-key=\"bs9gm-0-0\"><span data-offset-key=\"bs9gm-0-0\"> JOSEPH R. BIDEN JR.<\/span><\/div>\n<\/div>","protected":false},"excerpt":{"rendered":"<p>President Biden just released a proclamation honoring the victims of the tragedy in Uvalde, Texas, ordering flags to be flown at half-staff. You can read the proclamation here, and the full text is copied below. The President will be giving remarks on this horrific elementary school shooting at 8:15 pm ET tonight. The remarks will &#8230; <a title=\"Tuy\u00ean b\u1ed1 c\u1ee7a T\u1ed5ng th\u1ed1ng Biden v\u00e0 Ph\u00e1t bi\u1ec3u s\u1eafp t\u1edbi v\u1ec1 Bi k\u1ecbch \u1edf Uvalde, Texas\" class=\"read-more\" href=\"https:\/\/nebraskademocrats.org\/vi\/blog\/president-biden-proclamation-and-upcoming-remarks-on-tragedy-in-uvalde-texas\/\" aria-label=\"More on President Biden Proclamation and Upcoming Remarks on Tragedy in Uvalde, Texas\">\u0110\u1ecdc th\u00eam<\/a><\/p>","protected":false},"author":19,"featured_media":0,"comment_status":"closed","ping_status":"closed","sticky":false,"template":"","format":"standard","meta":{"_acf_changed":false,"_exactmetrics_skip_tracking":false,"_exactmetrics_sitenote_active":false,"_exactmetrics_sitenote_note":"","_exactmetrics_sitenote_category":0,"footnotes":""},"categories":[1],"tags":[],"class_list":["post-38062","post","type-post","status-publish","format-standard","hentry","category-blog"],"acf":[],"yoast_head":"<!-- This site is optimized with the Yoast SEO plugin v27.4 - https:\/\/yoast.com\/product\/yoast-seo-wordpress\/ -->\n<title>President Biden Proclamation and Upcoming Remarks on Tragedy in Uvalde, Texas &#8211; Nebraska Democratic Party<\/title>\n<meta name=\"robots\" content=\"index, follow, max-snippet:-1, max-image-preview:large, max-video-preview:-1\" \/>\n<link rel=\"canonical\" href=\"http:\/\/nebraskademocrats.org\/vi\/blog\/president-biden-proclamation-and-upcoming-remarks-on-tragedy-in-uvalde-texas\/\" \/>\n<meta property=\"og:locale\" content=\"vi_VN\" \/>\n<meta property=\"og:type\" content=\"article\" \/>\n<meta property=\"og:title\" content=\"President Biden Proclamation and Upcoming Remarks on Tragedy in Uvalde, Texas &#8211; Nebraska Democratic Party\" \/>\n<meta property=\"og:description\" content=\"President Biden just released a proclamation honoring the victims of the tragedy in Uvalde, Texas, ordering flags to be flown at half-staff. You can read the proclamation here, and the full text is copied below. The President will be giving remarks on this horrific elementary school shooting at 8:15 pm ET tonight. The remarks will ... Read more\" \/>\n<meta property=\"og:url\" content=\"http:\/\/nebraskademocrats.org\/vi\/blog\/president-biden-proclamation-and-upcoming-remarks-on-tragedy-in-uvalde-texas\/\" \/>\n<meta property=\"og:site_name\" content=\"Nebraska Democratic Party\" \/>\n<meta property=\"article:publisher\" content=\"https:\/\/www.facebook.com\/NebraskaDemocraticParty\/\" \/>\n<meta property=\"article:published_time\" content=\"2022-05-24T23:07:18+00:00\" \/>\n<meta property=\"og:image\" content=\"https:\/\/nebraskadem.wpenginepowered.com\/wp-content\/uploads\/2022\/05\/white-house.png\" \/>\n<meta name=\"author\" content=\"Precious McKesson\" \/>\n<meta name=\"twitter:card\" content=\"summary_large_image\" \/>\n<meta name=\"twitter:creator\" content=\"@nebraskadems\" \/>\n<meta name=\"twitter:site\" content=\"@nebraskadems\" \/>\n<meta name=\"twitter:label1\" content=\"\u0110\u01b0\u1ee3c vi\u1ebft b\u1edfi\" \/>\n\t<meta name=\"twitter:data1\" content=\"Precious McKesson\" \/>\n\t<meta name=\"twitter:label2\" content=\"\u01af\u1edbc t\u00ednh th\u1eddi gian \u0111\u1ecdc\" \/>\n\t<meta name=\"twitter:data2\" content=\"2 ph\u00fat\" \/>\n<script type=\"application\/ld+json\" class=\"yoast-schema-graph\">{\"@context\":\"https:\\\/\\\/schema.org\",\"@graph\":[{\"@type\":\"Article\",\"@id\":\"http:\\\/\\\/nebraskademocrats.org\\\/zh\\\/blog\\\/president-biden-proclamation-and-upcoming-remarks-on-tragedy-in-uvalde-texas\\\/#article\",\"isPartOf\":{\"@id\":\"http:\\\/\\\/nebraskademocrats.org\\\/zh\\\/blog\\\/president-biden-proclamation-and-upcoming-remarks-on-tragedy-in-uvalde-texas\\\/\"},\"author\":{\"name\":\"Precious McKesson\",\"@id\":\"https:\\\/\\\/nebraskademocrats.org\\\/#\\\/schema\\\/person\\\/33e011ea0795f404810dc40828bcf289\"},\"headline\":\"President Biden Proclamation and Upcoming Remarks on Tragedy in Uvalde, Texas\",\"datePublished\":\"2022-05-24T23:07:18+00:00\",\"mainEntityOfPage\":{\"@id\":\"http:\\\/\\\/nebraskademocrats.org\\\/zh\\\/blog\\\/president-biden-proclamation-and-upcoming-remarks-on-tragedy-in-uvalde-texas\\\/\"},\"wordCount\":276,\"publisher\":{\"@id\":\"https:\\\/\\\/nebraskademocrats.org\\\/#organization\"},\"image\":{\"@id\":\"http:\\\/\\\/nebraskademocrats.org\\\/zh\\\/blog\\\/president-biden-proclamation-and-upcoming-remarks-on-tragedy-in-uvalde-texas\\\/#primaryimage\"},\"thumbnailUrl\":\"https:\\\/\\\/nebraskadem.wpenginepowered.com\\\/wp-content\\\/uploads\\\/2022\\\/05\\\/white-house.png\",\"articleSection\":[\"NDP Blog\"],\"inLanguage\":\"vi\"},{\"@type\":\"WebPage\",\"@id\":\"http:\\\/\\\/nebraskademocrats.org\\\/zh\\\/blog\\\/president-biden-proclamation-and-upcoming-remarks-on-tragedy-in-uvalde-texas\\\/\",\"url\":\"http:\\\/\\\/nebraskademocrats.org\\\/zh\\\/blog\\\/president-biden-proclamation-and-upcoming-remarks-on-tragedy-in-uvalde-texas\\\/\",\"name\":\"President Biden Proclamation and Upcoming Remarks on Tragedy in Uvalde, Texas &#8211; Nebraska Democratic Party\",\"isPartOf\":{\"@id\":\"https:\\\/\\\/nebraskademocrats.org\\\/#website\"},\"primaryImageOfPage\":{\"@id\":\"http:\\\/\\\/nebraskademocrats.org\\\/zh\\\/blog\\\/president-biden-proclamation-and-upcoming-remarks-on-tragedy-in-uvalde-texas\\\/#primaryimage\"},\"image\":{\"@id\":\"http:\\\/\\\/nebraskademocrats.org\\\/zh\\\/blog\\\/president-biden-proclamation-and-upcoming-remarks-on-tragedy-in-uvalde-texas\\\/#primaryimage\"},\"thumbnailUrl\":\"https:\\\/\\\/nebraskadem.wpenginepowered.com\\\/wp-content\\\/uploads\\\/2022\\\/05\\\/white-house.png\",\"datePublished\":\"2022-05-24T23:07:18+00:00\",\"breadcrumb\":{\"@id\":\"http:\\\/\\\/nebraskademocrats.org\\\/zh\\\/blog\\\/president-biden-proclamation-and-upcoming-remarks-on-tragedy-in-uvalde-texas\\\/#breadcrumb\"},\"inLanguage\":\"vi\",\"potentialAction\":[{\"@type\":\"ReadAction\",\"target\":[\"http:\\\/\\\/nebraskademocrats.org\\\/zh\\\/blog\\\/president-biden-proclamation-and-upcoming-remarks-on-tragedy-in-uvalde-texas\\\/\"]}]},{\"@type\":\"ImageObject\",\"inLanguage\":\"vi\",\"@id\":\"http:\\\/\\\/nebraskademocrats.org\\\/zh\\\/blog\\\/president-biden-proclamation-and-upcoming-remarks-on-tragedy-in-uvalde-texas\\\/#primaryimage\",\"url\":\"https:\\\/\\\/nebraskadem.wpenginepowered.com\\\/wp-content\\\/uploads\\\/2022\\\/05\\\/white-house.png\",\"contentUrl\":\"https:\\\/\\\/nebraskadem.wpenginepowered.com\\\/wp-content\\\/uploads\\\/2022\\\/05\\\/white-house.png\"},{\"@type\":\"BreadcrumbList\",\"@id\":\"http:\\\/\\\/nebraskademocrats.org\\\/zh\\\/blog\\\/president-biden-proclamation-and-upcoming-remarks-on-tragedy-in-uvalde-texas\\\/#breadcrumb\",\"itemListElement\":[{\"@type\":\"ListItem\",\"position\":1,\"name\":\"Home\",\"item\":\"https:\\\/\\\/nebraskademocrats.org\\\/\"},{\"@type\":\"ListItem\",\"position\":2,\"name\":\"President Biden Proclamation and Upcoming Remarks on Tragedy in Uvalde, Texas\"}]},{\"@type\":\"WebSite\",\"@id\":\"https:\\\/\\\/nebraskademocrats.org\\\/#website\",\"url\":\"https:\\\/\\\/nebraskademocrats.org\\\/\",\"name\":\"Nebraska Democratic Party\",\"description\":\"Growing the Good Life for All Nebraskans\",\"publisher\":{\"@id\":\"https:\\\/\\\/nebraskademocrats.org\\\/#organization\"},\"potentialAction\":[{\"@type\":\"SearchAction\",\"target\":{\"@type\":\"EntryPoint\",\"urlTemplate\":\"https:\\\/\\\/nebraskademocrats.org\\\/?s={search_term_string}\"},\"query-input\":{\"@type\":\"PropertyValueSpecification\",\"valueRequired\":true,\"valueName\":\"search_term_string\"}}],\"inLanguage\":\"vi\"},{\"@type\":\"Organization\",\"@id\":\"https:\\\/\\\/nebraskademocrats.org\\\/#organization\",\"name\":\"Nebraska Democratic Party\",\"url\":\"https:\\\/\\\/nebraskademocrats.org\\\/\",\"logo\":{\"@type\":\"ImageObject\",\"inLanguage\":\"vi\",\"@id\":\"https:\\\/\\\/nebraskademocrats.org\\\/#\\\/schema\\\/logo\\\/image\\\/\",\"url\":\"https:\\\/\\\/nebraskadem.wpenginepowered.com\\\/wp-content\\\/uploads\\\/2016\\\/05\\\/NDP2.jpg\",\"contentUrl\":\"https:\\\/\\\/nebraskadem.wpenginepowered.com\\\/wp-content\\\/uploads\\\/2016\\\/05\\\/NDP2.jpg\",\"width\":1000,\"height\":396,\"caption\":\"Nebraska Democratic Party\"},\"image\":{\"@id\":\"https:\\\/\\\/nebraskademocrats.org\\\/#\\\/schema\\\/logo\\\/image\\\/\"},\"sameAs\":[\"https:\\\/\\\/www.facebook.com\\\/NebraskaDemocraticParty\\\/\",\"https:\\\/\\\/x.com\\\/nebraskadems\"]},{\"@type\":\"Person\",\"@id\":\"https:\\\/\\\/nebraskademocrats.org\\\/#\\\/schema\\\/person\\\/33e011ea0795f404810dc40828bcf289\",\"name\":\"Precious McKesson\",\"image\":{\"@type\":\"ImageObject\",\"inLanguage\":\"vi\",\"@id\":\"https:\\\/\\\/secure.gravatar.com\\\/avatar\\\/35046e19b3373116ec64c07d386d3312028d3820dc0ffe65c344bcebc8ea9194?s=96&d=mm&r=g\",\"url\":\"https:\\\/\\\/secure.gravatar.com\\\/avatar\\\/35046e19b3373116ec64c07d386d3312028d3820dc0ffe65c344bcebc8ea9194?s=96&d=mm&r=g\",\"contentUrl\":\"https:\\\/\\\/secure.gravatar.com\\\/avatar\\\/35046e19b3373116ec64c07d386d3312028d3820dc0ffe65c344bcebc8ea9194?s=96&d=mm&r=g\",\"caption\":\"Precious McKesson\"}}]}<\/script>\n<!-- \/ Yoast SEO plugin. -->","yoast_head_json":{"title":"President Biden Proclamation and Upcoming Remarks on Tragedy in Uvalde, Texas &#8211; Nebraska Democratic Party","robots":{"index":"index","follow":"follow","max-snippet":"max-snippet:-1","max-image-preview":"max-image-preview:large","max-video-preview":"max-video-preview:-1"},"canonical":"http:\/\/nebraskademocrats.org\/vi\/blog\/president-biden-proclamation-and-upcoming-remarks-on-tragedy-in-uvalde-texas\/","og_locale":"vi_VN","og_type":"article","og_title":"President Biden Proclamation and Upcoming Remarks on Tragedy in Uvalde, Texas &#8211; Nebraska Democratic Party","og_description":"President Biden just released a proclamation honoring the victims of the tragedy in Uvalde, Texas, ordering flags to be flown at half-staff. You can read the proclamation here, and the full text is copied below. The President will be giving remarks on this horrific elementary school shooting at 8:15 pm ET tonight. The remarks will ... Read more","og_url":"http:\/\/nebraskademocrats.org\/vi\/blog\/president-biden-proclamation-and-upcoming-remarks-on-tragedy-in-uvalde-texas\/","og_site_name":"Nebraska Democratic Party","article_publisher":"https:\/\/www.facebook.com\/NebraskaDemocraticParty\/","article_published_time":"2022-05-24T23:07:18+00:00","og_image":[{"url":"https:\/\/nebraskadem.wpenginepowered.com\/wp-content\/uploads\/2022\/05\/white-house.png","type":"","width":"","height":""}],"author":"Precious McKesson","twitter_card":"summary_large_image","twitter_creator":"@nebraskadems","twitter_site":"@nebraskadems","twitter_misc":{"\u0110\u01b0\u1ee3c vi\u1ebft b\u1edfi":"Precious McKesson","\u01af\u1edbc t\u00ednh th\u1eddi gian \u0111\u1ecdc":"2 ph\u00fat"},"schema":{"@context":"https:\/\/schema.org","@graph":[{"@type":"Article","@id":"http:\/\/nebraskademocrats.org\/zh\/blog\/president-biden-proclamation-and-upcoming-remarks-on-tragedy-in-uvalde-texas\/#article","isPartOf":{"@id":"http:\/\/nebraskademocrats.org\/zh\/blog\/president-biden-proclamation-and-upcoming-remarks-on-tragedy-in-uvalde-texas\/"},"author":{"name":"Precious McKesson","@id":"https:\/\/nebraskademocrats.org\/#\/schema\/person\/33e011ea0795f404810dc40828bcf289"},"headline":"President Biden Proclamation and Upcoming Remarks on Tragedy in Uvalde, Texas","datePublished":"2022-05-24T23:07:18+00:00","mainEntityOfPage":{"@id":"http:\/\/nebraskademocrats.org\/zh\/blog\/president-biden-proclamation-and-upcoming-remarks-on-tragedy-in-uvalde-texas\/"},"wordCount":276,"publisher":{"@id":"https:\/\/nebraskademocrats.org\/#organization"},"image":{"@id":"http:\/\/nebraskademocrats.org\/zh\/blog\/president-biden-proclamation-and-upcoming-remarks-on-tragedy-in-uvalde-texas\/#primaryimage"},"thumbnailUrl":"https:\/\/nebraskadem.wpenginepowered.com\/wp-content\/uploads\/2022\/05\/white-house.png","articleSection":["NDP Blog"],"inLanguage":"vi"},{"@type":"WebPage","@id":"http:\/\/nebraskademocrats.org\/zh\/blog\/president-biden-proclamation-and-upcoming-remarks-on-tragedy-in-uvalde-texas\/","url":"http:\/\/nebraskademocrats.org\/zh\/blog\/president-biden-proclamation-and-upcoming-remarks-on-tragedy-in-uvalde-texas\/","name":"President Biden Proclamation and Upcoming Remarks on Tragedy in Uvalde, Texas &#8211; Nebraska Democratic Party","isPartOf":{"@id":"https:\/\/nebraskademocrats.org\/#website"},"primaryImageOfPage":{"@id":"http:\/\/nebraskademocrats.org\/zh\/blog\/president-biden-proclamation-and-upcoming-remarks-on-tragedy-in-uvalde-texas\/#primaryimage"},"image":{"@id":"http:\/\/nebraskademocrats.org\/zh\/blog\/president-biden-proclamation-and-upcoming-remarks-on-tragedy-in-uvalde-texas\/#primaryimage"},"thumbnailUrl":"https:\/\/nebraskadem.wpenginepowered.com\/wp-content\/uploads\/2022\/05\/white-house.png","datePublished":"2022-05-24T23:07:18+00:00","breadcrumb":{"@id":"http:\/\/nebraskademocrats.org\/zh\/blog\/president-biden-proclamation-and-upcoming-remarks-on-tragedy-in-uvalde-texas\/#breadcrumb"},"inLanguage":"vi","potentialAction":[{"@type":"ReadAction","target":["http:\/\/nebraskademocrats.org\/zh\/blog\/president-biden-proclamation-and-upcoming-remarks-on-tragedy-in-uvalde-texas\/"]}]},{"@type":"ImageObject","inLanguage":"vi","@id":"http:\/\/nebraskademocrats.org\/zh\/blog\/president-biden-proclamation-and-upcoming-remarks-on-tragedy-in-uvalde-texas\/#primaryimage","url":"https:\/\/nebraskadem.wpenginepowered.com\/wp-content\/uploads\/2022\/05\/white-house.png","contentUrl":"https:\/\/nebraskadem.wpenginepowered.com\/wp-content\/uploads\/2022\/05\/white-house.png"},{"@type":"BreadcrumbList","@id":"http:\/\/nebraskademocrats.org\/zh\/blog\/president-biden-proclamation-and-upcoming-remarks-on-tragedy-in-uvalde-texas\/#breadcrumb","itemListElement":[{"@type":"ListItem","position":1,"name":"Home","item":"https:\/\/nebraskademocrats.org\/"},{"@type":"ListItem","position":2,"name":"President Biden Proclamation and Upcoming Remarks on Tragedy in Uvalde, Texas"}]},{"@type":"WebSite","@id":"https:\/\/nebraskademocrats.org\/#website","url":"https:\/\/nebraskademocrats.org\/","name":"Nebraska Democratic Party","description":"Ph\u00e1t tri\u1ec3n cu\u1ed9c s\u1ed1ng t\u1ed1t \u0111\u1eb9p cho t\u1ea5t c\u1ea3 Nebraskans","publisher":{"@id":"https:\/\/nebraskademocrats.org\/#organization"},"potentialAction":[{"@type":"SearchAction","target":{"@type":"EntryPoint","urlTemplate":"https:\/\/nebraskademocrats.org\/?s={search_term_string}"},"query-input":{"@type":"PropertyValueSpecification","valueRequired":true,"valueName":"search_term_string"}}],"inLanguage":"vi"},{"@type":"Organization","@id":"https:\/\/nebraskademocrats.org\/#organization","name":"Nebraska Democratic Party","url":"https:\/\/nebraskademocrats.org\/","logo":{"@type":"ImageObject","inLanguage":"vi","@id":"https:\/\/nebraskademocrats.org\/#\/schema\/logo\/image\/","url":"https:\/\/nebraskadem.wpenginepowered.com\/wp-content\/uploads\/2016\/05\/NDP2.jpg","contentUrl":"https:\/\/nebraskadem.wpenginepowered.com\/wp-content\/uploads\/2016\/05\/NDP2.jpg","width":1000,"height":396,"caption":"Nebraska Democratic Party"},"image":{"@id":"https:\/\/nebraskademocrats.org\/#\/schema\/logo\/image\/"},"sameAs":["https:\/\/www.facebook.com\/NebraskaDemocraticParty\/","https:\/\/x.com\/nebraskadems"]},{"@type":"Person","@id":"https:\/\/nebraskademocrats.org\/#\/schema\/person\/33e011ea0795f404810dc40828bcf289","name":"McKesson qu\u00fd gi\u00e1","image":{"@type":"ImageObject","inLanguage":"vi","@id":"https:\/\/secure.gravatar.com\/avatar\/35046e19b3373116ec64c07d386d3312028d3820dc0ffe65c344bcebc8ea9194?s=96&d=mm&r=g","url":"https:\/\/secure.gravatar.com\/avatar\/35046e19b3373116ec64c07d386d3312028d3820dc0ffe65c344bcebc8ea9194?s=96&d=mm&r=g","contentUrl":"https:\/\/secure.gravatar.com\/avatar\/35046e19b3373116ec64c07d386d3312028d3820dc0ffe65c344bcebc8ea9194?s=96&d=mm&r=g","caption":"Precious McKesson"}}]}},"_links":{"self":[{"href":"https:\/\/nebraskademocrats.org\/vi\/wp-json\/wp\/v2\/posts\/38062","targetHints":{"allow":["GET"]}}],"collection":[{"href":"https:\/\/nebraskademocrats.org\/vi\/wp-json\/wp\/v2\/posts"}],"about":[{"href":"https:\/\/nebraskademocrats.org\/vi\/wp-json\/wp\/v2\/types\/post"}],"author":[{"embeddable":true,"href":"https:\/\/nebraskademocrats.org\/vi\/wp-json\/wp\/v2\/users\/19"}],"replies":[{"embeddable":true,"href":"https:\/\/nebraskademocrats.org\/vi\/wp-json\/wp\/v2\/comments?post=38062"}],"version-history":[{"count":0,"href":"https:\/\/nebraskademocrats.org\/vi\/wp-json\/wp\/v2\/posts\/38062\/revisions"}],"wp:attachment":[{"href":"https:\/\/nebraskademocrats.org\/vi\/wp-json\/wp\/v2\/media?parent=38062"}],"wp:term":[{"taxonomy":"category","embeddable":true,"href":"https:\/\/nebraskademocrats.org\/vi\/wp-json\/wp\/v2\/categories?post=38062"},{"taxonomy":"post_tag","embeddable":true,"href":"https:\/\/nebraskademocrats.org\/vi\/wp-json\/wp\/v2\/tags?post=38062"}],"curies":[{"name":"wp","href":"https:\/\/api.w.org\/{rel}","templated":true}]}}