{"id":38233,"date":"2022-06-06T13:27:55","date_gmt":"2022-06-06T18:27:55","guid":{"rendered":"https:\/\/nebraskadem.wpenginepowered.com\/?p=38233"},"modified":"2022-06-06T13:30:30","modified_gmt":"2022-06-06T18:30:30","slug":"the-ndp-coordinated-campaign-is-hiring-organizers-to-work-in-the-second-congressional-district-area","status":"publish","type":"post","link":"https:\/\/nebraskademocrats.org\/vi\/blog\/the-ndp-coordinated-campaign-is-hiring-organizers-to-work-in-the-second-congressional-district-area\/","title":{"rendered":"Chi\u1ebfn d\u1ecbch Ph\u1ed1i h\u1ee3p NDP \u0111ang thu\u00ea c\u00e1c Nh\u00e0 t\u1ed5 ch\u1ee9c l\u00e0m vi\u1ec7c trong khu v\u1ef1c Qu\u1eadn Qu\u1ed1c h\u1ed9i th\u1ee9 hai"},"content":{"rendered":"<div>\n<p>Chi\u1ebfn d\u1ecbch Ph\u1ed1i h\u1ee3p NDP \u0111ang thu\u00ea c\u00e1c Nh\u00e0 t\u1ed5 ch\u1ee9c l\u00e0m vi\u1ec7c trong khu v\u1ef1c Qu\u1eadn Qu\u1ed1c h\u1ed9i th\u1ee9 hai (Douglas, Saunders, m\u1ed9t ph\u1ea7n c\u1ee7a Sarpy).<\/p>\n<p>Vui l\u00f2ng g\u1eedi s\u01a1 y\u1ebfu l\u00fd l\u1ecbch v\u00e0 th\u01b0 xin vi\u1ec7c c\u1ee7a b\u1ea1n t\u1edbi\u00a0<a href=\"mailto:info@nebraskademocrats.org\" target=\"_blank\" rel=\"noopener\">info@nebraskademocrats.org<\/a>. Trong th\u01b0 xin vi\u1ec7c c\u1ee7a b\u1ea1n, h\u00e3y bao g\u1ed3m \u00edt nh\u1ea5t hai t\u00e0i li\u1ec7u tham kh\u1ea3o.<\/p>\n<p>Ng\u00e0y b\u1eaft \u0111\u1ea7u c\u00e0ng s\u1edbm c\u00e0ng t\u1ed1t. V\u1ecb tr\u00ed k\u00e9o d\u00e0i \u0111\u1ebfn tu\u1ea7n sau cu\u1ed9c b\u1ea7u c\u1eed th\u00e1ng 11.<\/p>\n<p><strong>Ch\u1ee9c v\u1ee5:<\/strong> Ng\u01b0\u1eddi t\u1ed5 ch\u1ee9c<\/p>\n<p><strong>B\u00e1o c\u00e1o t\u1edbi:\u00a0<\/strong>Gi\u00e1m \u0111\u1ed1c t\u1ed5 ch\u1ee9c c\u1ea5p huy\u1ec7n<\/p>\n<p><strong>T\u00f3m t\u1eaft v\u1ecb tr\u00ed:<\/strong><\/p>\n<p>Chi\u1ebfn d\u1ecbch Ph\u1ed1i h\u1ee3p NDP \u0111ang t\u00ecm ki\u1ebfm c\u00e1c Nh\u00e0 t\u1ed5 ch\u1ee9c \u0111\u1ec3 c\u00f9ng n\u1ed7 l\u1ef1c gi\u00e0nh chi\u1ebfn th\u1eafng trong cu\u1ed9c \u0111ua c\u1ea5p Qu\u1eadn Qu\u1ed1c h\u1ed9i l\u1ea7n th\u1ee9 hai cho chu k\u1ef3 n\u0103m 2022.<\/p>\n<\/div>\n<div>\n<div>\n<div>\n<div>\n<p>C\u00e1c nh\u00e0 t\u1ed5 ch\u1ee9c s\u1ebd ch\u1ecbu tr\u00e1ch nhi\u1ec7m tuy\u1ec3n d\u1ee5ng, \u0111\u00e0o t\u1ea1o v\u00e0 qu\u1ea3n l\u00fd c\u00e1c t\u00ecnh nguy\u1ec7n vi\u00ean \u0111\u1ec3 m\u1edf r\u1ed9ng m\u1ea1ng l\u01b0\u1edbi t\u00ecnh nguy\u1ec7n vi\u00ean cho chi\u1ebfn d\u1ecbch. C\u00e1c nh\u00e0 t\u1ed5 ch\u1ee9c s\u1ebd qu\u1ea3n l\u00fd v\u00e0 th\u1ef1c hi\u1ec7n c\u00e1c chi\u1ebfn thu\u1eadt ti\u1ebfp x\u00fac c\u1eed tri nh\u01b0 ng\u00e2n h\u00e0ng \u0111i\u1ec7n tho\u1ea1i, th\u00f9ng r\u00e1c, \u1ed5 \u0111\u0103ng k\u00fd c\u1eed tri, ng\u00e2n h\u00e0ng v\u0103n b\u1ea3n v\u00e0 c\u00e1c s\u1ef1 ki\u1ec7n hi\u1ec3n th\u1ecb. Ngo\u00e0i ra, Ban t\u1ed5 ch\u1ee9c s\u1ebd tuy\u1ec3n d\u1ee5ng v\u00e0 \u0111i\u1ec1u ph\u1ed1i c\u00e1c t\u00ecnh nguy\u1ec7n vi\u00ean xung quanh c\u00e1c n\u1ed7 l\u1ef1c b\u1ea3o v\u1ec7 c\u1eed tri. Ng\u01b0\u1eddi t\u1ed5 ch\u1ee9c ph\u1ea3i c\u00f3 n\u0103ng l\u01b0\u1ee3ng cao, h\u01b0\u1edbng ngo\u1ea1i v\u00e0 nhi\u1ec7t t\u00ecnh.<\/p>\n<p><strong>M\u1ee9c l\u01b0\u01a1ng cho v\u1ecb tr\u00ed n\u00e0y l\u00e0 $42.000 h\u00e0ng n\u0103m. B\u1ea3o hi\u1ec3m s\u1ee9c kh\u1ecfe \/ th\u1ecb l\u1ef1c \/ nha khoa \u0111\u01b0\u1ee3c thanh to\u00e1n \u0111\u1ea7y \u0111\u1ee7. Nh\u00e2n vi\u00ean NDP \u0111\u01b0\u1ee3c t\u1ed5 ch\u1ee9c v\u1edbi IBEW Local 265.<\/strong><\/p>\n<\/div>\n<h4><strong>Tr\u00ecnh \u0111\u1ed9 v\u00e0 Y\u00eau c\u1ea7u:<\/strong><\/h4>\n<ul>\n<li>Ph\u1ea3i l\u00e0 ng\u01b0\u1eddi t\u1ef1 b\u1eaft \u0111\u1ea7u v\u00e0 c\u00f3 th\u1ec3 l\u00e0m vi\u1ec7c \u0111\u1ed9c l\u1eadp v\u00e0 l\u00e0 m\u1ed9t ph\u1ea7n c\u1ee7a nh\u00f3m;<\/li>\n<li>C\u00e1c v\u1ecb tr\u00ed s\u1ebd \u0111\u01b0\u1ee3c \u0111\u1eb7t tr\u1ef1c ti\u1ebfp t\u1ea1i khu v\u1ef1c qu\u1ed1c h\u1ed9i;<\/li>\n<li>Cam k\u1ebft b\u1ea7u c\u1eed c\u1ee7a \u0110\u1ea3ng vi\u00ean D\u00e2n ch\u1ee7 l\u00ean xu\u1ed1ng l\u00e1 phi\u1ebfu;<\/li>\n<li>Th\u00edch \u1ee9ng v\u1edbi c\u00e1c nhu c\u1ea7u thay \u0111\u1ed5i v\u00e0 c\u00e1c \u01b0u ti\u00ean c\u1ee7a ch\u01b0\u01a1ng tr\u00ecnh<\/li>\n<li>Kinh nghi\u1ec7m chi\u1ebfn d\u1ecbch ch\u00ednh tr\u1ecb tr\u01b0\u1edbc \u0111\u00e2y l\u00e0 m\u1ed9t \u0111i\u1ec3m c\u1ed9ng;<\/li>\n<li>Kh\u1ea3 n\u0103ng th\u1ec3 hi\u1ec7n n\u0103ng l\u1ef1c \u0111a v\u0103n h\u00f3a \u2014 nh\u1eadn th\u1ee9c, ki\u1ebfn th\u1ee9c v\u00e0 k\u1ef9 n\u0103ng c\u1ea7n thi\u1ebft \u0111\u1ec3 l\u00e0m vi\u1ec7c v\u1edbi nh\u1eefng ng\u01b0\u1eddi kh\u00e1c v\u1ec1 v\u0103n h\u00f3a v\u1edbi b\u1ea3n th\u00e2n theo nh\u1eefng c\u00e1ch c\u00f3 \u00fd ngh\u0129a, ph\u00f9 h\u1ee3p v\u00e0 hi\u1ec7u qu\u1ea3;<\/li>\n<li>C\u00f3 cam k\u1ebft c\u00e1 nh\u00e2n v\u00e0 ngh\u1ec1 nghi\u1ec7p \u0111\u1ec3 th\u00fac \u0111\u1ea9y v\u00e0 \u0111\u1ea7u t\u01b0 v\u00e0o c\u00e1c k\u1ef9 n\u0103ng v\u00e0 nh\u1eadn th\u1ee9c \u0111a v\u0103n h\u00f3a li\u00ean quan \u0111\u1ebfn c\u00e1c c\u00e1 nh\u00e2n thu\u1ed9c nhi\u1ec1u ngu\u1ed3n g\u1ed1c, ch\u1ee7ng t\u1ed9c, d\u00e2n t\u1ed9c, t\u00f4n gi\u00e1o, gi\u1edbi t\u00ednh, khuynh h\u01b0\u1edbng t\u00ecnh d\u1ee5c, b\u1ea3n d\u1ea1ng gi\u1edbi v\u00e0 khuy\u1ebft t\u1eadt;<\/li>\n<li>K\u1ef9 n\u0103ng giao ti\u1ebfp b\u1eb1ng v\u0103n b\u1ea3n v\u00e0 b\u1eb1ng l\u1eddi n\u00f3i tuy\u1ec7t v\u1eddi;<\/li>\n<li>K\u1ef9 n\u0103ng t\u1ed5 ch\u1ee9c, qu\u1ea3n l\u00fd v\u00e0 giao ti\u1ebfp c\u00e1 nh\u00e2n xu\u1ea5t s\u1eafc;<\/li>\n<li>M\u1ed9t th\u00e1i \u0111\u1ed9 t\u00edch c\u1ef1c, \u0111\u1ecbnh h\u01b0\u1edbng theo nh\u00f3m;<\/li>\n<li>Gi\u1ea5y ph\u00e9p l\u00e1i xe hi\u1ec7n t\u1ea1i.<\/li>\n<\/ul>\n<h4><strong>C\u00e1c \u0111i\u1ec1u ki\u1ec7n v\u00e0 y\u00eau c\u1ea7u b\u1ed5 sung:<\/strong><\/h4>\n<ul>\n<li>C\u01a1 h\u1ed9i \u0111\u00f3ng g\u00f3p t\u1ea1i m\u1ed9t \u1ee7y ban ch\u00ednh tr\u1ecb qu\u1ed1c gia \u0111ang ph\u00e1t tri\u1ec3n, n\u0103ng \u0111\u1ed9ng, l\u00e0m vi\u1ec7c \u0111\u1ec3 duy tr\u00ec \u0111a s\u1ed1 qu\u1ed1c h\u1ed9i c\u1ee7a \u0111\u1ea3ng D\u00e2n ch\u1ee7 \u0111\u1ec3 \u1ee7ng h\u1ed9 c\u00e1c v\u1ea5n \u0111\u1ec1 m\u00e0 M\u1ef9 quan t\u00e2m nh\u1ea5t;<\/li>\n<li>H\u1ecdc h\u1ecfi, ph\u00e1t tri\u1ec3n v\u00e0 trau d\u1ed3i c\u00e1c k\u1ef9 n\u0103ng chuy\u00ean m\u00f4n li\u00ean quan \u0111\u1ebfn vi\u1ec7c \u0111i\u1ec1u h\u00e0nh v\u00e0 v\u1eadn h\u00e0nh c\u00e1c chi\u1ebfn d\u1ecbch ch\u00ednh tr\u1ecb \u0111a chi\u1ec1u v\u00e0 c\u00e1c h\u1ec7 \u0111i\u1ec1u h\u00e0nh h\u1ed7 tr\u1ee3 c\u00e1c chi\u1ebfn d\u1ecbch;<\/li>\n<li>C\u00f3 kinh nghi\u1ec7m l\u00e0m vi\u1ec7c v\u1edbi chi\u1ebfn tr\u01b0\u1eddng D\u00e2n ch\u1ee7 l\u1edbn nh\u1ea5t, c\u00f3 ch\u1ee9a nhi\u1ec1u chi\u1ebfn d\u1ecbch c\u1ea1nh tranh cao \u1edf c\u00e1c qu\u1eadn kh\u00e1c nhau tr\u00ean to\u00e0n qu\u1ed1c;<\/li>\n<li>C\u01a1 h\u1ed9i m\u1edf r\u1ed9ng m\u1ea1ng l\u01b0\u1edbi c\u1ee7a b\u1ea1n v\u00e0 t\u01b0\u01a1ng t\u00e1c v\u1edbi c\u00e1c nh\u00e0 ho\u1ea1ch \u0111\u1ecbnh ch\u00ednh s\u00e1ch, c\u00e1c \u1ee9ng c\u1eed vi\u00ean ch\u00ednh tr\u1ecb, c\u00e1c nh\u00e0 l\u00e3nh \u0111\u1ea1o \u0110\u1ea3ng D\u00e2n ch\u1ee7 v\u00e0 m\u1ed9t \u0111\u1ed9i ng\u0169 chuy\u00ean gia v\u00e0 \u0111\u1ed3ng nghi\u1ec7p \u0111a d\u1ea1ng;<\/li>\n<li>C\u00f4ng b\u1eb1ng v\u00e0 h\u00f2a nh\u1eadp \u0111\u01b0\u1ee3c t\u00edch c\u1ef1c l\u1ed3ng gh\u00e9p v\u00e0o c\u00e1c quy\u1ebft \u0111\u1ecbnh \u0111\u01b0\u1ee3c \u0111\u01b0a ra \u1edf c\u1ea5p \u0110\u1ed9i c\u1ea5p cao v\u00e0 B\u1ed9 ph\u1eadn li\u00ean quan \u0111\u1ebfn vi\u1ec7c tuy\u1ec3n d\u1ee5ng, k\u00fd h\u1ee3p \u0111\u1ed3ng v\u00e0 chi\u1ebfn l\u01b0\u1ee3c ch\u00ednh tr\u1ecb;<\/li>\n<li>Ch\u01b0\u01a1ng tr\u00ecnh Ph\u00e1t tri\u1ec3n Chuy\u00ean nghi\u1ec7p d\u00e0nh ri\u00eang cho s\u1ef1 ph\u00e1t tri\u1ec3n c\u00e1 nh\u00e2n v\u00e0 ngh\u1ec1 nghi\u1ec7p sau chu k\u1ef3 b\u1ea7u c\u1eed n\u0103m 2022.<\/li>\n<\/ul>\n<\/div>\n<\/div>\n<div><\/div>\n<\/div>","protected":false},"excerpt":{"rendered":"<p>The NDP Coordinated Campaign is hiring Organizers to work in the Second Congressional District area (Douglas, Saunders, part of Sarpy). Please send your resume and cover letter to\u00a0info@nebraskademocrats.org. In your cover letter, include at least two references. Start date is as soon as possible. Position lasts through the week after the November election. Job Title: &#8230; <a title=\"Chi\u1ebfn d\u1ecbch Ph\u1ed1i h\u1ee3p NDP \u0111ang thu\u00ea c\u00e1c Nh\u00e0 t\u1ed5 ch\u1ee9c l\u00e0m vi\u1ec7c trong khu v\u1ef1c Qu\u1eadn Qu\u1ed1c h\u1ed9i th\u1ee9 hai\" class=\"read-more\" href=\"https:\/\/nebraskademocrats.org\/vi\/blog\/the-ndp-coordinated-campaign-is-hiring-organizers-to-work-in-the-second-congressional-district-area\/\" aria-label=\"More on The NDP Coordinated Campaign is hiring Organizers to work in the Second Congressional District area\">\u0110\u1ecdc th\u00eam<\/a><\/p>","protected":false},"author":19,"featured_media":0,"comment_status":"closed","ping_status":"closed","sticky":false,"template":"","format":"standard","meta":{"_acf_changed":false,"_exactmetrics_skip_tracking":false,"_exactmetrics_sitenote_active":false,"_exactmetrics_sitenote_note":"","_exactmetrics_sitenote_category":0,"footnotes":""},"categories":[1],"tags":[],"class_list":["post-38233","post","type-post","status-publish","format-standard","hentry","category-blog"],"acf":[],"yoast_head":"<!-- This site is optimized with the Yoast SEO plugin v27.4 - https:\/\/yoast.com\/product\/yoast-seo-wordpress\/ -->\n<title>The NDP Coordinated Campaign is hiring Organizers to work in the Second Congressional District area &#8211; Nebraska Democratic Party<\/title>\n<meta name=\"robots\" content=\"index, follow, max-snippet:-1, max-image-preview:large, max-video-preview:-1\" \/>\n<link rel=\"canonical\" href=\"https:\/\/nebraskademocrats.org\/vi\/blog\/the-ndp-coordinated-campaign-is-hiring-organizers-to-work-in-the-second-congressional-district-area\/\" \/>\n<meta property=\"og:locale\" content=\"vi_VN\" \/>\n<meta property=\"og:type\" content=\"article\" \/>\n<meta property=\"og:title\" content=\"The NDP Coordinated Campaign is hiring Organizers to work in the Second Congressional District area &#8211; Nebraska Democratic Party\" \/>\n<meta property=\"og:description\" content=\"The NDP Coordinated Campaign is hiring Organizers to work in the Second Congressional District area (Douglas, Saunders, part of Sarpy). Please send your resume and cover letter to\u00a0info@nebraskademocrats.org. In your cover letter, include at least two references. Start date is as soon as possible. Position lasts through the week after the November election. Job Title: ... Read more\" \/>\n<meta property=\"og:url\" content=\"https:\/\/nebraskademocrats.org\/vi\/blog\/the-ndp-coordinated-campaign-is-hiring-organizers-to-work-in-the-second-congressional-district-area\/\" \/>\n<meta property=\"og:site_name\" content=\"Nebraska Democratic Party\" \/>\n<meta property=\"article:publisher\" content=\"https:\/\/www.facebook.com\/NebraskaDemocraticParty\/\" \/>\n<meta property=\"article:published_time\" content=\"2022-06-06T18:27:55+00:00\" \/>\n<meta property=\"article:modified_time\" content=\"2022-06-06T18:30:30+00:00\" \/>\n<meta property=\"og:image\" content=\"https:\/\/nebraskademocrats.org\/wp-content\/uploads\/2018\/09\/ne-dems-fb.jpg\" \/>\n\t<meta property=\"og:image:width\" content=\"1200\" \/>\n\t<meta property=\"og:image:height\" content=\"630\" \/>\n\t<meta property=\"og:image:type\" content=\"image\/jpeg\" \/>\n<meta name=\"author\" content=\"Precious McKesson\" \/>\n<meta name=\"twitter:card\" content=\"summary_large_image\" \/>\n<meta name=\"twitter:creator\" content=\"@nebraskadems\" \/>\n<meta name=\"twitter:site\" content=\"@nebraskadems\" \/>\n<meta name=\"twitter:label1\" content=\"\u0110\u01b0\u1ee3c vi\u1ebft b\u1edfi\" \/>\n\t<meta name=\"twitter:data1\" content=\"Precious McKesson\" \/>\n\t<meta name=\"twitter:label2\" content=\"\u01af\u1edbc t\u00ednh th\u1eddi gian \u0111\u1ecdc\" \/>\n\t<meta name=\"twitter:data2\" content=\"2 ph\u00fat\" \/>\n<script type=\"application\/ld+json\" class=\"yoast-schema-graph\">{\"@context\":\"https:\\\/\\\/schema.org\",\"@graph\":[{\"@type\":\"Article\",\"@id\":\"https:\\\/\\\/nebraskademocrats.org\\\/blog\\\/the-ndp-coordinated-campaign-is-hiring-organizers-to-work-in-the-second-congressional-district-area\\\/#article\",\"isPartOf\":{\"@id\":\"https:\\\/\\\/nebraskademocrats.org\\\/blog\\\/the-ndp-coordinated-campaign-is-hiring-organizers-to-work-in-the-second-congressional-district-area\\\/\"},\"author\":{\"name\":\"Precious McKesson\",\"@id\":\"https:\\\/\\\/nebraskademocrats.org\\\/#\\\/schema\\\/person\\\/33e011ea0795f404810dc40828bcf289\"},\"headline\":\"The NDP Coordinated Campaign is hiring Organizers to work in the Second Congressional District area\",\"datePublished\":\"2022-06-06T18:27:55+00:00\",\"dateModified\":\"2022-06-06T18:30:30+00:00\",\"mainEntityOfPage\":{\"@id\":\"https:\\\/\\\/nebraskademocrats.org\\\/blog\\\/the-ndp-coordinated-campaign-is-hiring-organizers-to-work-in-the-second-congressional-district-area\\\/\"},\"wordCount\":444,\"publisher\":{\"@id\":\"https:\\\/\\\/nebraskademocrats.org\\\/#organization\"},\"articleSection\":[\"NDP Blog\"],\"inLanguage\":\"vi\"},{\"@type\":\"WebPage\",\"@id\":\"https:\\\/\\\/nebraskademocrats.org\\\/blog\\\/the-ndp-coordinated-campaign-is-hiring-organizers-to-work-in-the-second-congressional-district-area\\\/\",\"url\":\"https:\\\/\\\/nebraskademocrats.org\\\/blog\\\/the-ndp-coordinated-campaign-is-hiring-organizers-to-work-in-the-second-congressional-district-area\\\/\",\"name\":\"The NDP Coordinated Campaign is hiring Organizers to work in the Second Congressional District area &#8211; Nebraska Democratic Party\",\"isPartOf\":{\"@id\":\"https:\\\/\\\/nebraskademocrats.org\\\/#website\"},\"datePublished\":\"2022-06-06T18:27:55+00:00\",\"dateModified\":\"2022-06-06T18:30:30+00:00\",\"breadcrumb\":{\"@id\":\"https:\\\/\\\/nebraskademocrats.org\\\/blog\\\/the-ndp-coordinated-campaign-is-hiring-organizers-to-work-in-the-second-congressional-district-area\\\/#breadcrumb\"},\"inLanguage\":\"vi\",\"potentialAction\":[{\"@type\":\"ReadAction\",\"target\":[\"https:\\\/\\\/nebraskademocrats.org\\\/blog\\\/the-ndp-coordinated-campaign-is-hiring-organizers-to-work-in-the-second-congressional-district-area\\\/\"]}]},{\"@type\":\"BreadcrumbList\",\"@id\":\"https:\\\/\\\/nebraskademocrats.org\\\/blog\\\/the-ndp-coordinated-campaign-is-hiring-organizers-to-work-in-the-second-congressional-district-area\\\/#breadcrumb\",\"itemListElement\":[{\"@type\":\"ListItem\",\"position\":1,\"name\":\"Home\",\"item\":\"https:\\\/\\\/nebraskademocrats.org\\\/\"},{\"@type\":\"ListItem\",\"position\":2,\"name\":\"The NDP Coordinated Campaign is hiring Organizers to work in the Second Congressional District area\"}]},{\"@type\":\"WebSite\",\"@id\":\"https:\\\/\\\/nebraskademocrats.org\\\/#website\",\"url\":\"https:\\\/\\\/nebraskademocrats.org\\\/\",\"name\":\"Nebraska Democratic Party\",\"description\":\"Growing the Good Life for All Nebraskans\",\"publisher\":{\"@id\":\"https:\\\/\\\/nebraskademocrats.org\\\/#organization\"},\"potentialAction\":[{\"@type\":\"SearchAction\",\"target\":{\"@type\":\"EntryPoint\",\"urlTemplate\":\"https:\\\/\\\/nebraskademocrats.org\\\/?s={search_term_string}\"},\"query-input\":{\"@type\":\"PropertyValueSpecification\",\"valueRequired\":true,\"valueName\":\"search_term_string\"}}],\"inLanguage\":\"vi\"},{\"@type\":\"Organization\",\"@id\":\"https:\\\/\\\/nebraskademocrats.org\\\/#organization\",\"name\":\"Nebraska Democratic Party\",\"url\":\"https:\\\/\\\/nebraskademocrats.org\\\/\",\"logo\":{\"@type\":\"ImageObject\",\"inLanguage\":\"vi\",\"@id\":\"https:\\\/\\\/nebraskademocrats.org\\\/#\\\/schema\\\/logo\\\/image\\\/\",\"url\":\"https:\\\/\\\/nebraskadem.wpenginepowered.com\\\/wp-content\\\/uploads\\\/2016\\\/05\\\/NDP2.jpg\",\"contentUrl\":\"https:\\\/\\\/nebraskadem.wpenginepowered.com\\\/wp-content\\\/uploads\\\/2016\\\/05\\\/NDP2.jpg\",\"width\":1000,\"height\":396,\"caption\":\"Nebraska Democratic Party\"},\"image\":{\"@id\":\"https:\\\/\\\/nebraskademocrats.org\\\/#\\\/schema\\\/logo\\\/image\\\/\"},\"sameAs\":[\"https:\\\/\\\/www.facebook.com\\\/NebraskaDemocraticParty\\\/\",\"https:\\\/\\\/x.com\\\/nebraskadems\"]},{\"@type\":\"Person\",\"@id\":\"https:\\\/\\\/nebraskademocrats.org\\\/#\\\/schema\\\/person\\\/33e011ea0795f404810dc40828bcf289\",\"name\":\"Precious McKesson\",\"image\":{\"@type\":\"ImageObject\",\"inLanguage\":\"vi\",\"@id\":\"https:\\\/\\\/secure.gravatar.com\\\/avatar\\\/35046e19b3373116ec64c07d386d3312028d3820dc0ffe65c344bcebc8ea9194?s=96&d=mm&r=g\",\"url\":\"https:\\\/\\\/secure.gravatar.com\\\/avatar\\\/35046e19b3373116ec64c07d386d3312028d3820dc0ffe65c344bcebc8ea9194?s=96&d=mm&r=g\",\"contentUrl\":\"https:\\\/\\\/secure.gravatar.com\\\/avatar\\\/35046e19b3373116ec64c07d386d3312028d3820dc0ffe65c344bcebc8ea9194?s=96&d=mm&r=g\",\"caption\":\"Precious McKesson\"}}]}<\/script>\n<!-- \/ Yoast SEO plugin. -->","yoast_head_json":{"title":"The NDP Coordinated Campaign is hiring Organizers to work in the Second Congressional District area &#8211; Nebraska Democratic Party","robots":{"index":"index","follow":"follow","max-snippet":"max-snippet:-1","max-image-preview":"max-image-preview:large","max-video-preview":"max-video-preview:-1"},"canonical":"https:\/\/nebraskademocrats.org\/vi\/blog\/the-ndp-coordinated-campaign-is-hiring-organizers-to-work-in-the-second-congressional-district-area\/","og_locale":"vi_VN","og_type":"article","og_title":"The NDP Coordinated Campaign is hiring Organizers to work in the Second Congressional District area &#8211; Nebraska Democratic Party","og_description":"The NDP Coordinated Campaign is hiring Organizers to work in the Second Congressional District area (Douglas, Saunders, part of Sarpy). Please send your resume and cover letter to\u00a0info@nebraskademocrats.org. In your cover letter, include at least two references. Start date is as soon as possible. Position lasts through the week after the November election. Job Title: ... Read more","og_url":"https:\/\/nebraskademocrats.org\/vi\/blog\/the-ndp-coordinated-campaign-is-hiring-organizers-to-work-in-the-second-congressional-district-area\/","og_site_name":"Nebraska Democratic Party","article_publisher":"https:\/\/www.facebook.com\/NebraskaDemocraticParty\/","article_published_time":"2022-06-06T18:27:55+00:00","article_modified_time":"2022-06-06T18:30:30+00:00","og_image":[{"width":1200,"height":630,"url":"https:\/\/nebraskademocrats.org\/wp-content\/uploads\/2018\/09\/ne-dems-fb.jpg","type":"image\/jpeg"}],"author":"Precious McKesson","twitter_card":"summary_large_image","twitter_creator":"@nebraskadems","twitter_site":"@nebraskadems","twitter_misc":{"\u0110\u01b0\u1ee3c vi\u1ebft b\u1edfi":"Precious McKesson","\u01af\u1edbc t\u00ednh th\u1eddi gian \u0111\u1ecdc":"2 ph\u00fat"},"schema":{"@context":"https:\/\/schema.org","@graph":[{"@type":"Article","@id":"https:\/\/nebraskademocrats.org\/blog\/the-ndp-coordinated-campaign-is-hiring-organizers-to-work-in-the-second-congressional-district-area\/#article","isPartOf":{"@id":"https:\/\/nebraskademocrats.org\/blog\/the-ndp-coordinated-campaign-is-hiring-organizers-to-work-in-the-second-congressional-district-area\/"},"author":{"name":"Precious McKesson","@id":"https:\/\/nebraskademocrats.org\/#\/schema\/person\/33e011ea0795f404810dc40828bcf289"},"headline":"The NDP Coordinated Campaign is hiring Organizers to work in the Second Congressional District area","datePublished":"2022-06-06T18:27:55+00:00","dateModified":"2022-06-06T18:30:30+00:00","mainEntityOfPage":{"@id":"https:\/\/nebraskademocrats.org\/blog\/the-ndp-coordinated-campaign-is-hiring-organizers-to-work-in-the-second-congressional-district-area\/"},"wordCount":444,"publisher":{"@id":"https:\/\/nebraskademocrats.org\/#organization"},"articleSection":["NDP Blog"],"inLanguage":"vi"},{"@type":"WebPage","@id":"https:\/\/nebraskademocrats.org\/blog\/the-ndp-coordinated-campaign-is-hiring-organizers-to-work-in-the-second-congressional-district-area\/","url":"https:\/\/nebraskademocrats.org\/blog\/the-ndp-coordinated-campaign-is-hiring-organizers-to-work-in-the-second-congressional-district-area\/","name":"The NDP Coordinated Campaign is hiring Organizers to work in the Second Congressional District area &#8211; Nebraska Democratic Party","isPartOf":{"@id":"https:\/\/nebraskademocrats.org\/#website"},"datePublished":"2022-06-06T18:27:55+00:00","dateModified":"2022-06-06T18:30:30+00:00","breadcrumb":{"@id":"https:\/\/nebraskademocrats.org\/blog\/the-ndp-coordinated-campaign-is-hiring-organizers-to-work-in-the-second-congressional-district-area\/#breadcrumb"},"inLanguage":"vi","potentialAction":[{"@type":"ReadAction","target":["https:\/\/nebraskademocrats.org\/blog\/the-ndp-coordinated-campaign-is-hiring-organizers-to-work-in-the-second-congressional-district-area\/"]}]},{"@type":"BreadcrumbList","@id":"https:\/\/nebraskademocrats.org\/blog\/the-ndp-coordinated-campaign-is-hiring-organizers-to-work-in-the-second-congressional-district-area\/#breadcrumb","itemListElement":[{"@type":"ListItem","position":1,"name":"Home","item":"https:\/\/nebraskademocrats.org\/"},{"@type":"ListItem","position":2,"name":"The NDP Coordinated Campaign is hiring Organizers to work in the Second Congressional District area"}]},{"@type":"WebSite","@id":"https:\/\/nebraskademocrats.org\/#website","url":"https:\/\/nebraskademocrats.org\/","name":"Nebraska Democratic Party","description":"Ph\u00e1t tri\u1ec3n cu\u1ed9c s\u1ed1ng t\u1ed1t \u0111\u1eb9p cho t\u1ea5t c\u1ea3 Nebraskans","publisher":{"@id":"https:\/\/nebraskademocrats.org\/#organization"},"potentialAction":[{"@type":"SearchAction","target":{"@type":"EntryPoint","urlTemplate":"https:\/\/nebraskademocrats.org\/?s={search_term_string}"},"query-input":{"@type":"PropertyValueSpecification","valueRequired":true,"valueName":"search_term_string"}}],"inLanguage":"vi"},{"@type":"Organization","@id":"https:\/\/nebraskademocrats.org\/#organization","name":"Nebraska Democratic Party","url":"https:\/\/nebraskademocrats.org\/","logo":{"@type":"ImageObject","inLanguage":"vi","@id":"https:\/\/nebraskademocrats.org\/#\/schema\/logo\/image\/","url":"https:\/\/nebraskadem.wpenginepowered.com\/wp-content\/uploads\/2016\/05\/NDP2.jpg","contentUrl":"https:\/\/nebraskadem.wpenginepowered.com\/wp-content\/uploads\/2016\/05\/NDP2.jpg","width":1000,"height":396,"caption":"Nebraska Democratic Party"},"image":{"@id":"https:\/\/nebraskademocrats.org\/#\/schema\/logo\/image\/"},"sameAs":["https:\/\/www.facebook.com\/NebraskaDemocraticParty\/","https:\/\/x.com\/nebraskadems"]},{"@type":"Person","@id":"https:\/\/nebraskademocrats.org\/#\/schema\/person\/33e011ea0795f404810dc40828bcf289","name":"McKesson qu\u00fd gi\u00e1","image":{"@type":"ImageObject","inLanguage":"vi","@id":"https:\/\/secure.gravatar.com\/avatar\/35046e19b3373116ec64c07d386d3312028d3820dc0ffe65c344bcebc8ea9194?s=96&d=mm&r=g","url":"https:\/\/secure.gravatar.com\/avatar\/35046e19b3373116ec64c07d386d3312028d3820dc0ffe65c344bcebc8ea9194?s=96&d=mm&r=g","contentUrl":"https:\/\/secure.gravatar.com\/avatar\/35046e19b3373116ec64c07d386d3312028d3820dc0ffe65c344bcebc8ea9194?s=96&d=mm&r=g","caption":"Precious McKesson"}}]}},"_links":{"self":[{"href":"https:\/\/nebraskademocrats.org\/vi\/wp-json\/wp\/v2\/posts\/38233","targetHints":{"allow":["GET"]}}],"collection":[{"href":"https:\/\/nebraskademocrats.org\/vi\/wp-json\/wp\/v2\/posts"}],"about":[{"href":"https:\/\/nebraskademocrats.org\/vi\/wp-json\/wp\/v2\/types\/post"}],"author":[{"embeddable":true,"href":"https:\/\/nebraskademocrats.org\/vi\/wp-json\/wp\/v2\/users\/19"}],"replies":[{"embeddable":true,"href":"https:\/\/nebraskademocrats.org\/vi\/wp-json\/wp\/v2\/comments?post=38233"}],"version-history":[{"count":0,"href":"https:\/\/nebraskademocrats.org\/vi\/wp-json\/wp\/v2\/posts\/38233\/revisions"}],"wp:attachment":[{"href":"https:\/\/nebraskademocrats.org\/vi\/wp-json\/wp\/v2\/media?parent=38233"}],"wp:term":[{"taxonomy":"category","embeddable":true,"href":"https:\/\/nebraskademocrats.org\/vi\/wp-json\/wp\/v2\/categories?post=38233"},{"taxonomy":"post_tag","embeddable":true,"href":"https:\/\/nebraskademocrats.org\/vi\/wp-json\/wp\/v2\/tags?post=38233"}],"curies":[{"name":"wp","href":"https:\/\/api.w.org\/{rel}","templated":true}]}}