{"id":38575,"date":"2022-07-07T14:27:37","date_gmt":"2022-07-07T19:27:37","guid":{"rendered":"https:\/\/nebraskadem.wpenginepowered.com\/?p=38575"},"modified":"2022-07-07T14:27:37","modified_gmt":"2022-07-07T19:27:37","slug":"press-release-ndps-kleeb-comments-on-republican-partys-disarray","status":"publish","type":"post","link":"https:\/\/nebraskademocrats.org\/vi\/press-releases\/press-release-ndps-kleeb-comments-on-republican-partys-disarray\/","title":{"rendered":"Th\u00f4ng c\u00e1o b\u00e1o ch\u00ed: Kleeb c\u1ee7a NDP b\u00ecnh lu\u1eadn v\u1ec1 t\u00ecnh tr\u1ea1ng h\u1ed7n lo\u1ea1n c\u1ee7a \u0110\u1ea3ng C\u1ed9ng h\u00f2a"},"content":{"rendered":"<p><span style=\"font-weight: 400;\">Ch\u1ee7 t\u1ecbch Nebraska Democratic Party Jane Kleeb \u0111\u00e3 b\u00ecnh lu\u1eadn h\u00f4m th\u1ee9 N\u0103m v\u1ec1 c\u00e1ch ti\u1ebfp c\u1eadn b\u1ea5t \u1ed5n v\u00e0 phi d\u00e2n ch\u1ee7 c\u1ee7a \u0110\u1ea3ng C\u1ed9ng h\u00f2a Nebraska v\u1edbi c\u00e1c \u0111\u1ea1i bi\u1ec3u \u1ee7y nhi\u1ec7m cho \u0111\u1ea1i h\u1ed9i bang c\u1ee7a h\u1ecd v\u00e0o cu\u1ed1i tu\u1ea7n n\u00e0y \u1edf Kearney.<\/span><\/p>\n<p><span style=\"font-weight: 400;\">Ch\u1ee7 t\u1ecbch Kleeb cho bi\u1ebft: \u201c\u0110\u1ea3ng C\u1ed9ng h\u00f2a tuy\u00ean b\u1ed1 v\u1ec1 quy\u1ec1n t\u1ef1 do ng\u00f4n lu\u1eadn v\u00e0 sau \u0111\u00f3 quay l\u1ea1i v\u00e0 \u0111\u1ed1i x\u1eed v\u1edbi c\u00e1c l\u00e3nh \u0111\u1ea1o c\u1ea5p c\u01a1 s\u1edf c\u1ee7a \u0111\u1ea3ng c\u1ee7a h\u1ecd b\u1eb1ng cu\u1ed1n s\u00e1ch c\u1ee7a Putin v\u1ec1 vi\u1ec7c b\u1ecbt mi\u1ec7ng b\u1ea5t k\u1ef3 phe \u0111\u1ed1i l\u1eadp n\u00e0o,\u201d Ch\u1ee7 t\u1ecbch Kleeb n\u00f3i. \u201cC\u00e1ch Ricketts \u0111\u1ed1i x\u1eed v\u1edbi c\u00e1c th\u00e0nh vi\u00ean c\u1ea5p c\u01a1 s\u1edf trong \u0111\u1ea3ng c\u1ee7a anh ta kh\u00f4ng kh\u00e1c g\u00ec c\u00e1ch anh ta \u0111i\u1ec1u h\u00e0nh - \u0111\u00f3 l\u00e0 m\u1ed9t \u0111\u1ea3ng, m\u1ed9t \u00fd t\u01b0\u1edfng v\u00e0 quy t\u1eafc m\u1ed9t ti\u1ebfng n\u00f3i. C\u00e1c c\u1eed tri b\u00e2y gi\u1edd c\u00f3 th\u1ec3 th\u1ea5y kh\u00f4ng ph\u1ea3i Jim Pillen s\u1ebd l\u00e3nh \u0111\u1ea1o bang n\u1ebfu anh \u1ea5y gi\u00e0nh chi\u1ebfn th\u1eafng trong cu\u1ed9c \u0111ua th\u1ed1ng \u0111\u1ed1c, ch\u00fang ta s\u1ebd c\u00f3 Ricketts \u0111i\u1ec1u h\u00e0nh bang v\u1edbi m\u1ed9t nh\u00f3m nh\u1ecf c\u00e1c nh\u00e0 t\u01b0 v\u1ea5n ch\u00ednh tr\u1ecb. Ch\u00fang ta c\u1ea7n s\u1ef1 l\u00e3nh \u0111\u1ea1o m\u1edbi v\u00e0 d\u00f2ng m\u00e1u m\u1edbi \u0111\u1ec3 xoay chuy\u1ec3n ch\u1ebf \u0111\u1ed9 \u0111\u1ed9c \u0111\u1ea3ng th\u1ed1i n\u00e1t trong nh\u00e0 n\u01b0\u1edbc c\u1ee7a ch\u00fang ta. Carol Blood cung c\u1ea5p cho c\u1eed tri c\u1ee7a t\u1ea5t c\u1ea3 c\u00e1c \u0111\u1ea3ng ph\u00e1i ch\u00ednh tr\u1ecb m\u1ed9t ch\u1ed7 ng\u1ed3i tr\u00ean b\u00e0n. &quot;<\/span><\/p>\n<p><b>L\u00fd l\u1ecbch:<\/b><span style=\"font-weight: 400;\"> C\u00e1c th\u00e0nh vi\u00ean \u0110\u1ea3ng C\u1ed9ng h\u00f2a \u0111\u00e3 \u0111\u0103ng tr\u00ean m\u1ea1ng x\u00e3 h\u1ed9i b\u1ea3n sao c\u1ee7a nh\u1eefng b\u1ee9c th\u01b0 m\u00e0 h\u1ecd nh\u1eadn \u0111\u01b0\u1ee3c t\u1eeb th\u00e0nh vi\u00ean c\u1ee7a bang n\u00f3i r\u1eb1ng h\u1ecd \u0111\u00e3 b\u1ecb t\u1eeb ch\u1ed1i ch\u1ee9ng ch\u1ec9 tham gia H\u1ed9i ngh\u1ecb Bang c\u1ee7a \u0110\u1ea3ng C\u1ed9ng h\u00f2a v\u00e0o cu\u1ed1i tu\u1ea7n n\u00e0y b\u1edfi v\u00ec, \u0111\u1ec3 s\u1eed d\u1ee5ng l\u00fd do th\u01b0 c\u1ee7a GOP, \u201c<\/span><i><span style=\"font-weight: 400;\">\u2026 L\u1eddi ch\u1ec9 tr\u00edch m\u1ea1nh m\u1ebd c\u1ee7a b\u1ea1n \u0111\u1ed1i v\u1edbi Th\u1ed1ng \u0111\u1ed1c Ricketts, quan ch\u1ee9c \u0111\u01b0\u1ee3c b\u1ea7u c\u1eed h\u00e0ng \u0111\u1ea7u c\u1ee7a \u0110\u1ea3ng C\u1ed9ng h\u00f2a t\u1ea1i ti\u1ec3u bang v\u00e0 l\u00e0 nh\u00e0 l\u00e3nh \u0111\u1ea1o c\u1ee7a \u0111\u1ea3ng ch\u00fang t\u00f4i, \u0111\u00e3 khi\u1ebfn \u1ee6y ban t\u1eeb ch\u1ed1i ch\u1ee9ng nh\u1eadn b\u1ea1n. \u201d<\/span><\/i><\/p>\n<p><span style=\"font-weight: 400;\">To\u00e0n b\u1ed9 n\u1ed9i dung b\u1ee9c th\u01b0 m\u00e0 \u0110\u1ea3ng C\u1ed9ng h\u00f2a Nebraska g\u1eedi:<\/span><\/p>\n<p><i><span style=\"font-weight: 400;\">T\u00f4i vi\u1ebft th\u01b0 n\u00e0y \u0111\u1ec3 th\u00f4ng b\u00e1o v\u1edbi b\u1ea1n r\u1eb1ng \u1ee6y ban Ch\u1ee9ng nh\u1eadn C\u00f4ng \u01b0\u1edbc Qu\u1ed1c gia NEGOP 2022 \u0111\u00e3 b\u1ecf phi\u1ebfu t\u1eeb ch\u1ed1i ch\u1ee9ng nh\u1eadn b\u1ea1n tham gia C\u00f4ng \u01b0\u1edbc Qu\u1ed1c gia NEGOP 2022 t\u1ea1i Kearney, di\u1ec5n ra t\u1eeb ng\u00e0y 8-9 th\u00e1ng 7 n\u0103m 2022. \u0110i\u1ec1u n\u00e0y c\u00f3 ngh\u0129a l\u00e0 b\u1ea1n s\u1ebd kh\u00f4ng \u0111\u01b0\u1ee3c nh\u1eadn v\u00e0o 2022 NEGOP &#039;C\u00f4ng \u01b0\u1edbc Nh\u00e0 n\u01b0\u1edbc.<\/span><\/i><\/p>\n<p><i><span style=\"font-weight: 400;\">\u0110\u00e2y l\u00e0 m\u1ed9t quy\u1ebft \u0111\u1ecbnh r\u1ea5t nghi\u00eam t\u00fac \u0111\u00e3 \u0111\u01b0\u1ee3c tranh lu\u1eadn r\u1ed9ng r\u00e3i. Cu\u1ed1i c\u00f9ng, l\u1eddi ch\u1ec9 tr\u00edch m\u1ea1nh m\u1ebd c\u1ee7a b\u1ea1n \u0111\u1ed1i v\u1edbi Th\u1ed1ng \u0111\u1ed1c Ricketts, quan ch\u1ee9c d\u00e2n c\u1eed h\u00e0ng \u0111\u1ea7u c\u1ee7a \u0110\u1ea3ng C\u1ed9ng h\u00f2a t\u1ea1i ti\u1ec3u bang v\u00e0 l\u00e0 nh\u00e0 l\u00e3nh \u0111\u1ea1o c\u1ee7a \u0111\u1ea3ng ch\u00fang t\u00f4i, \u0111\u00e3 khi\u1ebfn \u1ee6y ban t\u1eeb ch\u1ed1i ch\u1ee9ng nh\u1eadn b\u1ea1n.<\/span><\/i><\/p>\n<p><i><span style=\"font-weight: 400;\">NEGOP s\u1ebd ho\u00e0n l\u1ea1i ti\u1ec1n cho \u0111\u0103ng k\u00fd c\u1ee7a b\u1ea1n v\u00e0 ch\u00fang t\u00f4i khuy\u1ebfn kh\u00edch b\u1ea1n \u1ee7ng h\u1ed9 c\u00e1c \u1ee9ng c\u1eed vi\u00ean \u0110\u1ea3ng C\u1ed9ng h\u00f2a c\u1ee7a ch\u00fang t\u00f4i khi ch\u00fang t\u00f4i b\u01b0\u1edbc v\u00e0o chi\u1ebfn d\u1ecbch m\u00f9a thu.<\/span><\/i><\/p>","protected":false},"excerpt":{"rendered":"<p>Nebraska Democratic Party Chair Jane Kleeb commented Thursday on the unrest and undemocratic approach by the Nebraska Republican Party of credentialing delegates for their state convention this weekend in Kearney. \u201cThe Republican Party screeches about freedom of speech and then turns around and treats grassroots leaders of their party with Putin\u2019s playbook of silencing any &#8230; <a title=\"Th\u00f4ng c\u00e1o b\u00e1o ch\u00ed: Kleeb c\u1ee7a NDP b\u00ecnh lu\u1eadn v\u1ec1 t\u00ecnh tr\u1ea1ng h\u1ed7n lo\u1ea1n c\u1ee7a \u0110\u1ea3ng C\u1ed9ng h\u00f2a\" class=\"read-more\" href=\"https:\/\/nebraskademocrats.org\/vi\/press-releases\/press-release-ndps-kleeb-comments-on-republican-partys-disarray\/\" aria-label=\"More on Press release: NDP\u2019s Kleeb comments on Republican Party\u2019s disarray\">\u0110\u1ecdc th\u00eam<\/a><\/p>","protected":false},"author":19,"featured_media":0,"comment_status":"closed","ping_status":"closed","sticky":false,"template":"","format":"standard","meta":{"_acf_changed":false,"_exactmetrics_skip_tracking":false,"_exactmetrics_sitenote_active":false,"_exactmetrics_sitenote_note":"","_exactmetrics_sitenote_category":0,"footnotes":""},"categories":[4],"tags":[],"class_list":["post-38575","post","type-post","status-publish","format-standard","hentry","category-press-releases"],"acf":[],"yoast_head":"<!-- This site is optimized with the Yoast SEO plugin v27.4 - https:\/\/yoast.com\/product\/yoast-seo-wordpress\/ -->\n<title>Press release: NDP\u2019s Kleeb comments on Republican Party\u2019s disarray &#8211; Nebraska Democratic Party<\/title>\n<meta name=\"robots\" content=\"index, follow, max-snippet:-1, max-image-preview:large, max-video-preview:-1\" \/>\n<link rel=\"canonical\" href=\"https:\/\/nebraskademocrats.org\/vi\/press-releases\/press-release-ndps-kleeb-comments-on-republican-partys-disarray\/\" \/>\n<meta property=\"og:locale\" content=\"vi_VN\" \/>\n<meta property=\"og:type\" content=\"article\" \/>\n<meta property=\"og:title\" content=\"Press release: NDP\u2019s Kleeb comments on Republican Party\u2019s disarray &#8211; Nebraska Democratic Party\" \/>\n<meta property=\"og:description\" content=\"Nebraska Democratic Party Chair Jane Kleeb commented Thursday on the unrest and undemocratic approach by the Nebraska Republican Party of credentialing delegates for their state convention this weekend in Kearney. \u201cThe Republican Party screeches about freedom of speech and then turns around and treats grassroots leaders of their party with Putin\u2019s playbook of silencing any ... Read more\" \/>\n<meta property=\"og:url\" content=\"https:\/\/nebraskademocrats.org\/vi\/press-releases\/press-release-ndps-kleeb-comments-on-republican-partys-disarray\/\" \/>\n<meta property=\"og:site_name\" content=\"Nebraska Democratic Party\" \/>\n<meta property=\"article:publisher\" content=\"https:\/\/www.facebook.com\/NebraskaDemocraticParty\/\" \/>\n<meta property=\"article:published_time\" content=\"2022-07-07T19:27:37+00:00\" \/>\n<meta property=\"og:image\" content=\"https:\/\/nebraskademocrats.org\/wp-content\/uploads\/2018\/09\/ne-dems-fb.jpg\" \/>\n\t<meta property=\"og:image:width\" content=\"1200\" \/>\n\t<meta property=\"og:image:height\" content=\"630\" \/>\n\t<meta property=\"og:image:type\" content=\"image\/jpeg\" \/>\n<meta name=\"author\" content=\"Precious McKesson\" \/>\n<meta name=\"twitter:card\" content=\"summary_large_image\" \/>\n<meta name=\"twitter:creator\" content=\"@nebraskadems\" \/>\n<meta name=\"twitter:site\" content=\"@nebraskadems\" \/>\n<meta name=\"twitter:label1\" content=\"\u0110\u01b0\u1ee3c vi\u1ebft b\u1edfi\" \/>\n\t<meta name=\"twitter:data1\" content=\"Precious McKesson\" \/>\n\t<meta name=\"twitter:label2\" content=\"\u01af\u1edbc t\u00ednh th\u1eddi gian \u0111\u1ecdc\" \/>\n\t<meta name=\"twitter:data2\" content=\"2 ph\u00fat\" \/>\n<script type=\"application\/ld+json\" class=\"yoast-schema-graph\">{\"@context\":\"https:\\\/\\\/schema.org\",\"@graph\":[{\"@type\":\"Article\",\"@id\":\"https:\\\/\\\/nebraskademocrats.org\\\/press-releases\\\/press-release-ndps-kleeb-comments-on-republican-partys-disarray\\\/#article\",\"isPartOf\":{\"@id\":\"https:\\\/\\\/nebraskademocrats.org\\\/press-releases\\\/press-release-ndps-kleeb-comments-on-republican-partys-disarray\\\/\"},\"author\":{\"name\":\"Precious McKesson\",\"@id\":\"https:\\\/\\\/nebraskademocrats.org\\\/#\\\/schema\\\/person\\\/33e011ea0795f404810dc40828bcf289\"},\"headline\":\"Press release: NDP\u2019s Kleeb comments on Republican Party\u2019s disarray\",\"datePublished\":\"2022-07-07T19:27:37+00:00\",\"mainEntityOfPage\":{\"@id\":\"https:\\\/\\\/nebraskademocrats.org\\\/press-releases\\\/press-release-ndps-kleeb-comments-on-republican-partys-disarray\\\/\"},\"wordCount\":345,\"publisher\":{\"@id\":\"https:\\\/\\\/nebraskademocrats.org\\\/#organization\"},\"articleSection\":[\"Press Releases\"],\"inLanguage\":\"vi\"},{\"@type\":\"WebPage\",\"@id\":\"https:\\\/\\\/nebraskademocrats.org\\\/press-releases\\\/press-release-ndps-kleeb-comments-on-republican-partys-disarray\\\/\",\"url\":\"https:\\\/\\\/nebraskademocrats.org\\\/press-releases\\\/press-release-ndps-kleeb-comments-on-republican-partys-disarray\\\/\",\"name\":\"Press release: NDP\u2019s Kleeb comments on Republican Party\u2019s disarray &#8211; Nebraska Democratic Party\",\"isPartOf\":{\"@id\":\"https:\\\/\\\/nebraskademocrats.org\\\/#website\"},\"datePublished\":\"2022-07-07T19:27:37+00:00\",\"breadcrumb\":{\"@id\":\"https:\\\/\\\/nebraskademocrats.org\\\/press-releases\\\/press-release-ndps-kleeb-comments-on-republican-partys-disarray\\\/#breadcrumb\"},\"inLanguage\":\"vi\",\"potentialAction\":[{\"@type\":\"ReadAction\",\"target\":[\"https:\\\/\\\/nebraskademocrats.org\\\/press-releases\\\/press-release-ndps-kleeb-comments-on-republican-partys-disarray\\\/\"]}]},{\"@type\":\"BreadcrumbList\",\"@id\":\"https:\\\/\\\/nebraskademocrats.org\\\/press-releases\\\/press-release-ndps-kleeb-comments-on-republican-partys-disarray\\\/#breadcrumb\",\"itemListElement\":[{\"@type\":\"ListItem\",\"position\":1,\"name\":\"Home\",\"item\":\"https:\\\/\\\/nebraskademocrats.org\\\/\"},{\"@type\":\"ListItem\",\"position\":2,\"name\":\"Press release: NDP\u2019s Kleeb comments on Republican Party\u2019s disarray\"}]},{\"@type\":\"WebSite\",\"@id\":\"https:\\\/\\\/nebraskademocrats.org\\\/#website\",\"url\":\"https:\\\/\\\/nebraskademocrats.org\\\/\",\"name\":\"Nebraska Democratic Party\",\"description\":\"Growing the Good Life for All Nebraskans\",\"publisher\":{\"@id\":\"https:\\\/\\\/nebraskademocrats.org\\\/#organization\"},\"potentialAction\":[{\"@type\":\"SearchAction\",\"target\":{\"@type\":\"EntryPoint\",\"urlTemplate\":\"https:\\\/\\\/nebraskademocrats.org\\\/?s={search_term_string}\"},\"query-input\":{\"@type\":\"PropertyValueSpecification\",\"valueRequired\":true,\"valueName\":\"search_term_string\"}}],\"inLanguage\":\"vi\"},{\"@type\":\"Organization\",\"@id\":\"https:\\\/\\\/nebraskademocrats.org\\\/#organization\",\"name\":\"Nebraska Democratic Party\",\"url\":\"https:\\\/\\\/nebraskademocrats.org\\\/\",\"logo\":{\"@type\":\"ImageObject\",\"inLanguage\":\"vi\",\"@id\":\"https:\\\/\\\/nebraskademocrats.org\\\/#\\\/schema\\\/logo\\\/image\\\/\",\"url\":\"https:\\\/\\\/nebraskadem.wpenginepowered.com\\\/wp-content\\\/uploads\\\/2016\\\/05\\\/NDP2.jpg\",\"contentUrl\":\"https:\\\/\\\/nebraskadem.wpenginepowered.com\\\/wp-content\\\/uploads\\\/2016\\\/05\\\/NDP2.jpg\",\"width\":1000,\"height\":396,\"caption\":\"Nebraska Democratic Party\"},\"image\":{\"@id\":\"https:\\\/\\\/nebraskademocrats.org\\\/#\\\/schema\\\/logo\\\/image\\\/\"},\"sameAs\":[\"https:\\\/\\\/www.facebook.com\\\/NebraskaDemocraticParty\\\/\",\"https:\\\/\\\/x.com\\\/nebraskadems\"]},{\"@type\":\"Person\",\"@id\":\"https:\\\/\\\/nebraskademocrats.org\\\/#\\\/schema\\\/person\\\/33e011ea0795f404810dc40828bcf289\",\"name\":\"Precious McKesson\",\"image\":{\"@type\":\"ImageObject\",\"inLanguage\":\"vi\",\"@id\":\"https:\\\/\\\/secure.gravatar.com\\\/avatar\\\/35046e19b3373116ec64c07d386d3312028d3820dc0ffe65c344bcebc8ea9194?s=96&d=mm&r=g\",\"url\":\"https:\\\/\\\/secure.gravatar.com\\\/avatar\\\/35046e19b3373116ec64c07d386d3312028d3820dc0ffe65c344bcebc8ea9194?s=96&d=mm&r=g\",\"contentUrl\":\"https:\\\/\\\/secure.gravatar.com\\\/avatar\\\/35046e19b3373116ec64c07d386d3312028d3820dc0ffe65c344bcebc8ea9194?s=96&d=mm&r=g\",\"caption\":\"Precious McKesson\"}}]}<\/script>\n<!-- \/ Yoast SEO plugin. -->","yoast_head_json":{"title":"Press release: NDP\u2019s Kleeb comments on Republican Party\u2019s disarray &#8211; Nebraska Democratic Party","robots":{"index":"index","follow":"follow","max-snippet":"max-snippet:-1","max-image-preview":"max-image-preview:large","max-video-preview":"max-video-preview:-1"},"canonical":"https:\/\/nebraskademocrats.org\/vi\/press-releases\/press-release-ndps-kleeb-comments-on-republican-partys-disarray\/","og_locale":"vi_VN","og_type":"article","og_title":"Press release: NDP\u2019s Kleeb comments on Republican Party\u2019s disarray &#8211; Nebraska Democratic Party","og_description":"Nebraska Democratic Party Chair Jane Kleeb commented Thursday on the unrest and undemocratic approach by the Nebraska Republican Party of credentialing delegates for their state convention this weekend in Kearney. \u201cThe Republican Party screeches about freedom of speech and then turns around and treats grassroots leaders of their party with Putin\u2019s playbook of silencing any ... Read more","og_url":"https:\/\/nebraskademocrats.org\/vi\/press-releases\/press-release-ndps-kleeb-comments-on-republican-partys-disarray\/","og_site_name":"Nebraska Democratic Party","article_publisher":"https:\/\/www.facebook.com\/NebraskaDemocraticParty\/","article_published_time":"2022-07-07T19:27:37+00:00","og_image":[{"width":1200,"height":630,"url":"https:\/\/nebraskademocrats.org\/wp-content\/uploads\/2018\/09\/ne-dems-fb.jpg","type":"image\/jpeg"}],"author":"Precious McKesson","twitter_card":"summary_large_image","twitter_creator":"@nebraskadems","twitter_site":"@nebraskadems","twitter_misc":{"\u0110\u01b0\u1ee3c vi\u1ebft b\u1edfi":"Precious McKesson","\u01af\u1edbc t\u00ednh th\u1eddi gian \u0111\u1ecdc":"2 ph\u00fat"},"schema":{"@context":"https:\/\/schema.org","@graph":[{"@type":"Article","@id":"https:\/\/nebraskademocrats.org\/press-releases\/press-release-ndps-kleeb-comments-on-republican-partys-disarray\/#article","isPartOf":{"@id":"https:\/\/nebraskademocrats.org\/press-releases\/press-release-ndps-kleeb-comments-on-republican-partys-disarray\/"},"author":{"name":"Precious McKesson","@id":"https:\/\/nebraskademocrats.org\/#\/schema\/person\/33e011ea0795f404810dc40828bcf289"},"headline":"Press release: NDP\u2019s Kleeb comments on Republican Party\u2019s disarray","datePublished":"2022-07-07T19:27:37+00:00","mainEntityOfPage":{"@id":"https:\/\/nebraskademocrats.org\/press-releases\/press-release-ndps-kleeb-comments-on-republican-partys-disarray\/"},"wordCount":345,"publisher":{"@id":"https:\/\/nebraskademocrats.org\/#organization"},"articleSection":["Press Releases"],"inLanguage":"vi"},{"@type":"WebPage","@id":"https:\/\/nebraskademocrats.org\/press-releases\/press-release-ndps-kleeb-comments-on-republican-partys-disarray\/","url":"https:\/\/nebraskademocrats.org\/press-releases\/press-release-ndps-kleeb-comments-on-republican-partys-disarray\/","name":"Press release: NDP\u2019s Kleeb comments on Republican Party\u2019s disarray &#8211; Nebraska Democratic Party","isPartOf":{"@id":"https:\/\/nebraskademocrats.org\/#website"},"datePublished":"2022-07-07T19:27:37+00:00","breadcrumb":{"@id":"https:\/\/nebraskademocrats.org\/press-releases\/press-release-ndps-kleeb-comments-on-republican-partys-disarray\/#breadcrumb"},"inLanguage":"vi","potentialAction":[{"@type":"ReadAction","target":["https:\/\/nebraskademocrats.org\/press-releases\/press-release-ndps-kleeb-comments-on-republican-partys-disarray\/"]}]},{"@type":"BreadcrumbList","@id":"https:\/\/nebraskademocrats.org\/press-releases\/press-release-ndps-kleeb-comments-on-republican-partys-disarray\/#breadcrumb","itemListElement":[{"@type":"ListItem","position":1,"name":"Home","item":"https:\/\/nebraskademocrats.org\/"},{"@type":"ListItem","position":2,"name":"Press release: NDP\u2019s Kleeb comments on Republican Party\u2019s disarray"}]},{"@type":"WebSite","@id":"https:\/\/nebraskademocrats.org\/#website","url":"https:\/\/nebraskademocrats.org\/","name":"Nebraska Democratic Party","description":"Ph\u00e1t tri\u1ec3n cu\u1ed9c s\u1ed1ng t\u1ed1t \u0111\u1eb9p cho t\u1ea5t c\u1ea3 Nebraskans","publisher":{"@id":"https:\/\/nebraskademocrats.org\/#organization"},"potentialAction":[{"@type":"SearchAction","target":{"@type":"EntryPoint","urlTemplate":"https:\/\/nebraskademocrats.org\/?s={search_term_string}"},"query-input":{"@type":"PropertyValueSpecification","valueRequired":true,"valueName":"search_term_string"}}],"inLanguage":"vi"},{"@type":"Organization","@id":"https:\/\/nebraskademocrats.org\/#organization","name":"Nebraska Democratic Party","url":"https:\/\/nebraskademocrats.org\/","logo":{"@type":"ImageObject","inLanguage":"vi","@id":"https:\/\/nebraskademocrats.org\/#\/schema\/logo\/image\/","url":"https:\/\/nebraskadem.wpenginepowered.com\/wp-content\/uploads\/2016\/05\/NDP2.jpg","contentUrl":"https:\/\/nebraskadem.wpenginepowered.com\/wp-content\/uploads\/2016\/05\/NDP2.jpg","width":1000,"height":396,"caption":"Nebraska Democratic Party"},"image":{"@id":"https:\/\/nebraskademocrats.org\/#\/schema\/logo\/image\/"},"sameAs":["https:\/\/www.facebook.com\/NebraskaDemocraticParty\/","https:\/\/x.com\/nebraskadems"]},{"@type":"Person","@id":"https:\/\/nebraskademocrats.org\/#\/schema\/person\/33e011ea0795f404810dc40828bcf289","name":"McKesson qu\u00fd gi\u00e1","image":{"@type":"ImageObject","inLanguage":"vi","@id":"https:\/\/secure.gravatar.com\/avatar\/35046e19b3373116ec64c07d386d3312028d3820dc0ffe65c344bcebc8ea9194?s=96&d=mm&r=g","url":"https:\/\/secure.gravatar.com\/avatar\/35046e19b3373116ec64c07d386d3312028d3820dc0ffe65c344bcebc8ea9194?s=96&d=mm&r=g","contentUrl":"https:\/\/secure.gravatar.com\/avatar\/35046e19b3373116ec64c07d386d3312028d3820dc0ffe65c344bcebc8ea9194?s=96&d=mm&r=g","caption":"Precious McKesson"}}]}},"_links":{"self":[{"href":"https:\/\/nebraskademocrats.org\/vi\/wp-json\/wp\/v2\/posts\/38575","targetHints":{"allow":["GET"]}}],"collection":[{"href":"https:\/\/nebraskademocrats.org\/vi\/wp-json\/wp\/v2\/posts"}],"about":[{"href":"https:\/\/nebraskademocrats.org\/vi\/wp-json\/wp\/v2\/types\/post"}],"author":[{"embeddable":true,"href":"https:\/\/nebraskademocrats.org\/vi\/wp-json\/wp\/v2\/users\/19"}],"replies":[{"embeddable":true,"href":"https:\/\/nebraskademocrats.org\/vi\/wp-json\/wp\/v2\/comments?post=38575"}],"version-history":[{"count":0,"href":"https:\/\/nebraskademocrats.org\/vi\/wp-json\/wp\/v2\/posts\/38575\/revisions"}],"wp:attachment":[{"href":"https:\/\/nebraskademocrats.org\/vi\/wp-json\/wp\/v2\/media?parent=38575"}],"wp:term":[{"taxonomy":"category","embeddable":true,"href":"https:\/\/nebraskademocrats.org\/vi\/wp-json\/wp\/v2\/categories?post=38575"},{"taxonomy":"post_tag","embeddable":true,"href":"https:\/\/nebraskademocrats.org\/vi\/wp-json\/wp\/v2\/tags?post=38575"}],"curies":[{"name":"wp","href":"https:\/\/api.w.org\/{rel}","templated":true}]}}