{"id":38603,"date":"2022-07-11T12:29:04","date_gmt":"2022-07-11T17:29:04","guid":{"rendered":"https:\/\/nebraskadem.wpenginepowered.com\/?p=38603"},"modified":"2022-07-11T12:29:04","modified_gmt":"2022-07-11T17:29:04","slug":"press-release-ndps-kleeb-sen-morfeld-hail-signing-of-gun-safety-legislation","status":"publish","type":"post","link":"https:\/\/nebraskademocrats.org\/vi\/blog\/press-release-ndps-kleeb-sen-morfeld-hail-signing-of-gun-safety-legislation\/","title":{"rendered":"Th\u00f4ng c\u00e1o b\u00e1o ch\u00ed: NDP&#039;s Kleeb, Th\u01b0\u1ee3ng ngh\u1ecb s\u0129 Morfeld, hoan ngh\u00eanh vi\u1ec7c k\u00fd k\u1ebft lu\u1eadt an to\u00e0n s\u00fang"},"content":{"rendered":"<p><a href=\"https:\/\/www.cnn.com\/2022\/07\/11\/politics\/biden-mass-shooting-survivors-gun-safety-legislation\/index.html\"><span style=\"font-weight: 400;\">T\u1ed5ng th\u1ed1ng Joe Biden h\u00f4m th\u1ee9 Hai \u0111\u00e3 k\u00fd<\/span><\/a> <span style=\"font-weight: 400;\">lu\u1eadt an to\u00e0n s\u00fang li\u00ean bang quan tr\u1ecdng \u0111\u1ea7u ti\u00ean trong 30 n\u0103m - m\u1ed9t bi\u1ec7n ph\u00e1p \u0111\u00e3 <\/span><a href=\"https:\/\/www.wowt.com\/2022\/06\/09\/bacon-congressional-gun-bill-wont-stop-violence\/?outputType=amp\"><span style=\"font-weight: 400;\">ph\u1ea3n \u0111\u1ed1i c\u1ee7a H\u1ea1 ngh\u1ecb s\u0129 Nebraska Don Bacon.<\/span><\/a><span style=\"font-weight: 400;\">.<\/span><\/p>\n<p><span style=\"font-weight: 400;\">\u201cDon Bacon \u0111\u00e3 kh\u00f4ng l\u1eafng nghe Nebraskans v\u00e0 b\u1ecf phi\u1ebfu ch\u1ed1ng l\u1ea1i vi\u1ec7c c\u1ea3i c\u00e1ch s\u00fang c\u00f3 \u00fd ngh\u0129a \u0111\u00e3 \u0111\u01b0\u1ee3c T\u1ed5ng th\u1ed1ng Biden k\u00fd ng\u00e0y h\u00f4m nay,\u201d Ch\u1ee7 t\u1ecbch NDP Jane Kleeb cho bi\u1ebft. \u201cBacon tuy\u00ean b\u1ed1 l\u00e0 m\u1ed9t ng\u01b0\u1eddi \u00f4n h\u00f2a nh\u01b0ng v\u1eabn ti\u1ebfp t\u1ee5c \u1ee7ng h\u1ed9 l\u1eadp tr\u01b0\u1eddng &#039;kh\u00f4ng l\u00e0m g\u00ec c\u1ea3&#039; \u0111\u1ec3 gi\u1eef nh\u1eefng c\u00e1nh c\u1ef1c \u0111oan trong \u0111\u1ea3ng c\u1ee7a m\u00ecnh \u1edf l\u1ea1i b\u00e0n. Bacon th\u01b0\u1eddng xuy\u00ean n\u00f3i ra c\u1ea3 hai b\u00ean mi\u1ec7ng - m\u1ed9t ph\u1ea9m ch\u1ea5t cho th\u1ea5y anh \u1ea5y \u0111\u00e3 \u1edf DC qu\u00e1 l\u00e2u v\u00e0 gi\u1edd l\u1ef1a ch\u1ecdn l\u1ee3i \u00edch c\u1ee7a nh\u1eefng ng\u01b0\u1eddi v\u1eadn \u0111\u1ed9ng h\u00e0nh lang h\u01a1n l\u1ee3i \u00edch c\u1ee7a Nebraskans \u201d.<\/span><\/p>\n<p><span style=\"font-weight: 400;\">Th\u01b0\u1ee3ng ngh\u1ecb s\u0129 Adam Morfeld, ng\u01b0\u1eddi \u0111ang tranh c\u1eed cho Lu\u1eadt s\u01b0 Qu\u1eadn Lancaster, \u0111\u00e3 ca ng\u1ee3i lu\u1eadt v\u00e0 s\u1eb5n s\u00e0ng \u1ee7ng h\u1ed9 khi Biden k\u00fd th\u00e0nh lu\u1eadt.<\/span><\/p>\n<p><span style=\"font-weight: 400;\">Morfeld n\u00f3i: \u201cH\u00f4m nay l\u00e0 m\u1ed9t ng\u00e0y l\u1ecbch s\u1eed b\u1eaft \u0111\u1ea7u gi\u1ea3i quy\u1ebft s\u1ef1 t\u00e0n s\u00e1t c\u1ee7a b\u1ea1o l\u1ef1c s\u00fang \u0111\u1ea1n \u0111ang c\u00e0n qu\u00e9t c\u00e1c tr\u01b0\u1eddng h\u1ecdc, c\u1ed9ng \u0111\u1ed3ng v\u00e0 \u0111\u01b0\u1eddng ph\u1ed1 c\u1ee7a ch\u00fang ta. \u201cCh\u00fang ta ph\u1ea3i ti\u1ebfp t\u1ee5c h\u00e0nh \u0111\u1ed9ng v\u00e0 c\u1ee7ng c\u1ed1 lu\u1eadt ph\u00e1p \u0111\u1ec3 b\u1ea3o v\u1ec7 tr\u1ebb em v\u00e0 gia \u0111\u00ecnh c\u1ee7a ch\u00fang ta\u201d.<\/span><\/p>\n<p><b>L\u00fd l\u1ecbch:<\/b><\/p>\n<p><span style=\"font-weight: 400;\">Biden \u0111\u00e3 qu\u1ea3ng c\u00e1o v\u1ec1 c\u00e1c kho\u1ea3n \u0111\u1ea7u t\u01b0 m\u00e0 lu\u1eadt m\u1edbi th\u1ef1c hi\u1ec7n trong vi\u1ec7c ph\u00f2ng ch\u1ed1ng b\u1ea1o l\u1ef1c c\u1ed9ng \u0111\u1ed3ng, bao g\u1ed3m $750 tri\u1ec7u \u0111\u1ec3 gi\u00fap c\u00e1c bang th\u1ef1c hi\u1ec7n v\u00e0 \u0111i\u1ec1u h\u00e0nh c\u00e1c ch\u01b0\u01a1ng tr\u00ecnh can thi\u1ec7p kh\u1ee7ng ho\u1ea3ng. S\u1ed1 ti\u1ec1n n\u00e0y c\u00f3 th\u1ec3 \u0111\u01b0\u1ee3c s\u1eed d\u1ee5ng \u0111\u1ec3 th\u1ef1c hi\u1ec7n v\u00e0 qu\u1ea3n l\u00fd c\u00e1c ch\u01b0\u01a1ng tr\u00ecnh c\u1edd \u0111\u1ecf - th\u00f4ng qua l\u1ec7nh c\u1ee7a t\u00f2a \u00e1n c\u00f3 th\u1ec3 t\u1ea1m th\u1eddi ng\u0103n c\u00e1c c\u00e1 nh\u00e2n trong kh\u1ee7ng ho\u1ea3ng ti\u1ebfp c\u1eadn v\u1edbi s\u00fang - v\u00e0 cho c\u00e1c ch\u01b0\u01a1ng tr\u00ecnh can thi\u1ec7p kh\u1ee7ng ho\u1ea3ng kh\u00e1c nh\u01b0 t\u00f2a \u00e1n s\u1ee9c kh\u1ecfe t\u00e2m th\u1ea7n, t\u00f2a \u00e1n ma t\u00fay v\u00e0 t\u00f2a \u00e1n c\u1ef1u chi\u1ebfn binh.<\/span><\/p>\n<p><span style=\"font-weight: 400;\">N\u00f3 c\u0169ng \u0111\u00f3ng m\u1ed9t l\u1ed7 h\u1ed5ng l\u00e2u \u0111\u1eddi trong lu\u1eadt b\u1ea1o l\u1ef1c gia \u0111\u00ecnh, \u0111\u01b0\u1ee3c g\u1ecdi l\u00e0 &quot;l\u1ed7 h\u1ed5ng b\u1ea1n trai&quot;, ng\u0103n c\u1ea5m nh\u1eefng c\u00e1 nh\u00e2n \u0111\u00e3 b\u1ecb k\u1ebft \u00e1n v\u1ec1 t\u1ed9i b\u1ea1o l\u1ef1c gia \u0111\u00ecnh \u0111\u1ed1i v\u1edbi v\u1ee3 \/ ch\u1ed3ng, b\u1ea1n t\u00ecnh m\u00e0 h\u1ecd c\u00f3 chung con ho\u1eb7c b\u1ea1n t\u00ecnh m\u00e0 h\u1ecd \u0111\u00e3 chung s\u1ed1ng, c\u00f3 s\u00fang. C\u00e1c quy ch\u1ebf c\u0169 kh\u00f4ng bao g\u1ed3m nh\u1eefng ng\u01b0\u1eddi b\u1ea1n \u0111\u1eddi th\u00e2n thi\u1ebft c\u00f3 th\u1ec3 kh\u00f4ng s\u1ed1ng chung, k\u1ebft h\u00f4n ho\u1eb7c c\u00f3 con chung.<\/span><\/p>","protected":false},"excerpt":{"rendered":"<p>President Joe Biden on Monday signed the first significant federal gun safety legislation in 30 years &#8212; a measure that was opposed by Nebraska Rep. Don Bacon.. &#8220;Don Bacon failed to listen to Nebraskans and voted against meaningful gun reform which was signed today by President Biden,\u201d NDP Chair Jane Kleeb said. \u201cBacon claims to &#8230; <a title=\"Th\u00f4ng c\u00e1o b\u00e1o ch\u00ed: NDP&#039;s Kleeb, Th\u01b0\u1ee3ng ngh\u1ecb s\u0129 Morfeld, hoan ngh\u00eanh vi\u1ec7c k\u00fd k\u1ebft lu\u1eadt an to\u00e0n s\u00fang\" class=\"read-more\" href=\"https:\/\/nebraskademocrats.org\/vi\/blog\/press-release-ndps-kleeb-sen-morfeld-hail-signing-of-gun-safety-legislation\/\" aria-label=\"More on Press release: NDP\u2019s Kleeb, Sen. Morfeld, hail signing of gun safety legislation\">\u0110\u1ecdc th\u00eam<\/a><\/p>","protected":false},"author":19,"featured_media":0,"comment_status":"closed","ping_status":"closed","sticky":false,"template":"","format":"standard","meta":{"_acf_changed":false,"_exactmetrics_skip_tracking":false,"_exactmetrics_sitenote_active":false,"_exactmetrics_sitenote_note":"","_exactmetrics_sitenote_category":0,"footnotes":""},"categories":[1],"tags":[],"class_list":["post-38603","post","type-post","status-publish","format-standard","hentry","category-blog"],"acf":[],"yoast_head":"<!-- This site is optimized with the Yoast SEO plugin v27.4 - https:\/\/yoast.com\/product\/yoast-seo-wordpress\/ -->\n<title>Press release: NDP\u2019s Kleeb, Sen. Morfeld, hail signing of gun safety legislation &#8211; Nebraska Democratic Party<\/title>\n<meta name=\"robots\" content=\"index, follow, max-snippet:-1, max-image-preview:large, max-video-preview:-1\" \/>\n<link rel=\"canonical\" href=\"http:\/\/nebraskademocrats.org\/vi\/blog\/press-release-ndps-kleeb-sen-morfeld-hail-signing-of-gun-safety-legislation\/\" \/>\n<meta property=\"og:locale\" content=\"vi_VN\" \/>\n<meta property=\"og:type\" content=\"article\" \/>\n<meta property=\"og:title\" content=\"Press release: NDP\u2019s Kleeb, Sen. Morfeld, hail signing of gun safety legislation &#8211; Nebraska Democratic Party\" \/>\n<meta property=\"og:description\" content=\"President Joe Biden on Monday signed the first significant federal gun safety legislation in 30 years &#8212; a measure that was opposed by Nebraska Rep. Don Bacon.. &#8220;Don Bacon failed to listen to Nebraskans and voted against meaningful gun reform which was signed today by President Biden,\u201d NDP Chair Jane Kleeb said. \u201cBacon claims to ... Read more\" \/>\n<meta property=\"og:url\" content=\"http:\/\/nebraskademocrats.org\/vi\/blog\/press-release-ndps-kleeb-sen-morfeld-hail-signing-of-gun-safety-legislation\/\" \/>\n<meta property=\"og:site_name\" content=\"Nebraska Democratic Party\" \/>\n<meta property=\"article:publisher\" content=\"https:\/\/www.facebook.com\/NebraskaDemocraticParty\/\" \/>\n<meta property=\"article:published_time\" content=\"2022-07-11T17:29:04+00:00\" \/>\n<meta property=\"og:image\" content=\"https:\/\/nebraskademocrats.org\/wp-content\/uploads\/2018\/09\/ne-dems-fb.jpg\" \/>\n\t<meta property=\"og:image:width\" content=\"1200\" \/>\n\t<meta property=\"og:image:height\" content=\"630\" \/>\n\t<meta property=\"og:image:type\" content=\"image\/jpeg\" \/>\n<meta name=\"author\" content=\"Precious McKesson\" \/>\n<meta name=\"twitter:card\" content=\"summary_large_image\" \/>\n<meta name=\"twitter:creator\" content=\"@nebraskadems\" \/>\n<meta name=\"twitter:site\" content=\"@nebraskadems\" \/>\n<meta name=\"twitter:label1\" content=\"\u0110\u01b0\u1ee3c vi\u1ebft b\u1edfi\" \/>\n\t<meta name=\"twitter:data1\" content=\"Precious McKesson\" \/>\n\t<meta name=\"twitter:label2\" content=\"\u01af\u1edbc t\u00ednh th\u1eddi gian \u0111\u1ecdc\" \/>\n\t<meta name=\"twitter:data2\" content=\"2 ph\u00fat\" \/>\n<script type=\"application\/ld+json\" class=\"yoast-schema-graph\">{\"@context\":\"https:\\\/\\\/schema.org\",\"@graph\":[{\"@type\":\"Article\",\"@id\":\"http:\\\/\\\/nebraskademocrats.org\\\/zh\\\/blog\\\/press-release-ndps-kleeb-sen-morfeld-hail-signing-of-gun-safety-legislation\\\/#article\",\"isPartOf\":{\"@id\":\"http:\\\/\\\/nebraskademocrats.org\\\/zh\\\/blog\\\/press-release-ndps-kleeb-sen-morfeld-hail-signing-of-gun-safety-legislation\\\/\"},\"author\":{\"name\":\"Precious McKesson\",\"@id\":\"https:\\\/\\\/nebraskademocrats.org\\\/#\\\/schema\\\/person\\\/33e011ea0795f404810dc40828bcf289\"},\"headline\":\"Press release: NDP\u2019s Kleeb, Sen. Morfeld, hail signing of gun safety legislation\",\"datePublished\":\"2022-07-11T17:29:04+00:00\",\"mainEntityOfPage\":{\"@id\":\"http:\\\/\\\/nebraskademocrats.org\\\/zh\\\/blog\\\/press-release-ndps-kleeb-sen-morfeld-hail-signing-of-gun-safety-legislation\\\/\"},\"wordCount\":314,\"publisher\":{\"@id\":\"https:\\\/\\\/nebraskademocrats.org\\\/#organization\"},\"articleSection\":[\"NDP Blog\"],\"inLanguage\":\"vi\"},{\"@type\":\"WebPage\",\"@id\":\"http:\\\/\\\/nebraskademocrats.org\\\/zh\\\/blog\\\/press-release-ndps-kleeb-sen-morfeld-hail-signing-of-gun-safety-legislation\\\/\",\"url\":\"http:\\\/\\\/nebraskademocrats.org\\\/zh\\\/blog\\\/press-release-ndps-kleeb-sen-morfeld-hail-signing-of-gun-safety-legislation\\\/\",\"name\":\"Press release: NDP\u2019s Kleeb, Sen. Morfeld, hail signing of gun safety legislation &#8211; Nebraska Democratic Party\",\"isPartOf\":{\"@id\":\"https:\\\/\\\/nebraskademocrats.org\\\/#website\"},\"datePublished\":\"2022-07-11T17:29:04+00:00\",\"breadcrumb\":{\"@id\":\"http:\\\/\\\/nebraskademocrats.org\\\/zh\\\/blog\\\/press-release-ndps-kleeb-sen-morfeld-hail-signing-of-gun-safety-legislation\\\/#breadcrumb\"},\"inLanguage\":\"vi\",\"potentialAction\":[{\"@type\":\"ReadAction\",\"target\":[\"http:\\\/\\\/nebraskademocrats.org\\\/zh\\\/blog\\\/press-release-ndps-kleeb-sen-morfeld-hail-signing-of-gun-safety-legislation\\\/\"]}]},{\"@type\":\"BreadcrumbList\",\"@id\":\"http:\\\/\\\/nebraskademocrats.org\\\/zh\\\/blog\\\/press-release-ndps-kleeb-sen-morfeld-hail-signing-of-gun-safety-legislation\\\/#breadcrumb\",\"itemListElement\":[{\"@type\":\"ListItem\",\"position\":1,\"name\":\"Home\",\"item\":\"https:\\\/\\\/nebraskademocrats.org\\\/\"},{\"@type\":\"ListItem\",\"position\":2,\"name\":\"Press release: NDP\u2019s Kleeb, Sen. Morfeld, hail signing of gun safety legislation\"}]},{\"@type\":\"WebSite\",\"@id\":\"https:\\\/\\\/nebraskademocrats.org\\\/#website\",\"url\":\"https:\\\/\\\/nebraskademocrats.org\\\/\",\"name\":\"Nebraska Democratic Party\",\"description\":\"Growing the Good Life for All Nebraskans\",\"publisher\":{\"@id\":\"https:\\\/\\\/nebraskademocrats.org\\\/#organization\"},\"potentialAction\":[{\"@type\":\"SearchAction\",\"target\":{\"@type\":\"EntryPoint\",\"urlTemplate\":\"https:\\\/\\\/nebraskademocrats.org\\\/?s={search_term_string}\"},\"query-input\":{\"@type\":\"PropertyValueSpecification\",\"valueRequired\":true,\"valueName\":\"search_term_string\"}}],\"inLanguage\":\"vi\"},{\"@type\":\"Organization\",\"@id\":\"https:\\\/\\\/nebraskademocrats.org\\\/#organization\",\"name\":\"Nebraska Democratic Party\",\"url\":\"https:\\\/\\\/nebraskademocrats.org\\\/\",\"logo\":{\"@type\":\"ImageObject\",\"inLanguage\":\"vi\",\"@id\":\"https:\\\/\\\/nebraskademocrats.org\\\/#\\\/schema\\\/logo\\\/image\\\/\",\"url\":\"https:\\\/\\\/nebraskadem.wpenginepowered.com\\\/wp-content\\\/uploads\\\/2016\\\/05\\\/NDP2.jpg\",\"contentUrl\":\"https:\\\/\\\/nebraskadem.wpenginepowered.com\\\/wp-content\\\/uploads\\\/2016\\\/05\\\/NDP2.jpg\",\"width\":1000,\"height\":396,\"caption\":\"Nebraska Democratic Party\"},\"image\":{\"@id\":\"https:\\\/\\\/nebraskademocrats.org\\\/#\\\/schema\\\/logo\\\/image\\\/\"},\"sameAs\":[\"https:\\\/\\\/www.facebook.com\\\/NebraskaDemocraticParty\\\/\",\"https:\\\/\\\/x.com\\\/nebraskadems\"]},{\"@type\":\"Person\",\"@id\":\"https:\\\/\\\/nebraskademocrats.org\\\/#\\\/schema\\\/person\\\/33e011ea0795f404810dc40828bcf289\",\"name\":\"Precious McKesson\",\"image\":{\"@type\":\"ImageObject\",\"inLanguage\":\"vi\",\"@id\":\"https:\\\/\\\/secure.gravatar.com\\\/avatar\\\/35046e19b3373116ec64c07d386d3312028d3820dc0ffe65c344bcebc8ea9194?s=96&d=mm&r=g\",\"url\":\"https:\\\/\\\/secure.gravatar.com\\\/avatar\\\/35046e19b3373116ec64c07d386d3312028d3820dc0ffe65c344bcebc8ea9194?s=96&d=mm&r=g\",\"contentUrl\":\"https:\\\/\\\/secure.gravatar.com\\\/avatar\\\/35046e19b3373116ec64c07d386d3312028d3820dc0ffe65c344bcebc8ea9194?s=96&d=mm&r=g\",\"caption\":\"Precious McKesson\"}}]}<\/script>\n<!-- \/ Yoast SEO plugin. -->","yoast_head_json":{"title":"Press release: NDP\u2019s Kleeb, Sen. Morfeld, hail signing of gun safety legislation &#8211; Nebraska Democratic Party","robots":{"index":"index","follow":"follow","max-snippet":"max-snippet:-1","max-image-preview":"max-image-preview:large","max-video-preview":"max-video-preview:-1"},"canonical":"http:\/\/nebraskademocrats.org\/vi\/blog\/press-release-ndps-kleeb-sen-morfeld-hail-signing-of-gun-safety-legislation\/","og_locale":"vi_VN","og_type":"article","og_title":"Press release: NDP\u2019s Kleeb, Sen. Morfeld, hail signing of gun safety legislation &#8211; Nebraska Democratic Party","og_description":"President Joe Biden on Monday signed the first significant federal gun safety legislation in 30 years &#8212; a measure that was opposed by Nebraska Rep. Don Bacon.. &#8220;Don Bacon failed to listen to Nebraskans and voted against meaningful gun reform which was signed today by President Biden,\u201d NDP Chair Jane Kleeb said. \u201cBacon claims to ... Read more","og_url":"http:\/\/nebraskademocrats.org\/vi\/blog\/press-release-ndps-kleeb-sen-morfeld-hail-signing-of-gun-safety-legislation\/","og_site_name":"Nebraska Democratic Party","article_publisher":"https:\/\/www.facebook.com\/NebraskaDemocraticParty\/","article_published_time":"2022-07-11T17:29:04+00:00","og_image":[{"width":1200,"height":630,"url":"https:\/\/nebraskademocrats.org\/wp-content\/uploads\/2018\/09\/ne-dems-fb.jpg","type":"image\/jpeg"}],"author":"Precious McKesson","twitter_card":"summary_large_image","twitter_creator":"@nebraskadems","twitter_site":"@nebraskadems","twitter_misc":{"\u0110\u01b0\u1ee3c vi\u1ebft b\u1edfi":"Precious McKesson","\u01af\u1edbc t\u00ednh th\u1eddi gian \u0111\u1ecdc":"2 ph\u00fat"},"schema":{"@context":"https:\/\/schema.org","@graph":[{"@type":"Article","@id":"http:\/\/nebraskademocrats.org\/zh\/blog\/press-release-ndps-kleeb-sen-morfeld-hail-signing-of-gun-safety-legislation\/#article","isPartOf":{"@id":"http:\/\/nebraskademocrats.org\/zh\/blog\/press-release-ndps-kleeb-sen-morfeld-hail-signing-of-gun-safety-legislation\/"},"author":{"name":"Precious McKesson","@id":"https:\/\/nebraskademocrats.org\/#\/schema\/person\/33e011ea0795f404810dc40828bcf289"},"headline":"Press release: NDP\u2019s Kleeb, Sen. Morfeld, hail signing of gun safety legislation","datePublished":"2022-07-11T17:29:04+00:00","mainEntityOfPage":{"@id":"http:\/\/nebraskademocrats.org\/zh\/blog\/press-release-ndps-kleeb-sen-morfeld-hail-signing-of-gun-safety-legislation\/"},"wordCount":314,"publisher":{"@id":"https:\/\/nebraskademocrats.org\/#organization"},"articleSection":["NDP Blog"],"inLanguage":"vi"},{"@type":"WebPage","@id":"http:\/\/nebraskademocrats.org\/zh\/blog\/press-release-ndps-kleeb-sen-morfeld-hail-signing-of-gun-safety-legislation\/","url":"http:\/\/nebraskademocrats.org\/zh\/blog\/press-release-ndps-kleeb-sen-morfeld-hail-signing-of-gun-safety-legislation\/","name":"Press release: NDP\u2019s Kleeb, Sen. Morfeld, hail signing of gun safety legislation &#8211; Nebraska Democratic Party","isPartOf":{"@id":"https:\/\/nebraskademocrats.org\/#website"},"datePublished":"2022-07-11T17:29:04+00:00","breadcrumb":{"@id":"http:\/\/nebraskademocrats.org\/zh\/blog\/press-release-ndps-kleeb-sen-morfeld-hail-signing-of-gun-safety-legislation\/#breadcrumb"},"inLanguage":"vi","potentialAction":[{"@type":"ReadAction","target":["http:\/\/nebraskademocrats.org\/zh\/blog\/press-release-ndps-kleeb-sen-morfeld-hail-signing-of-gun-safety-legislation\/"]}]},{"@type":"BreadcrumbList","@id":"http:\/\/nebraskademocrats.org\/zh\/blog\/press-release-ndps-kleeb-sen-morfeld-hail-signing-of-gun-safety-legislation\/#breadcrumb","itemListElement":[{"@type":"ListItem","position":1,"name":"Home","item":"https:\/\/nebraskademocrats.org\/"},{"@type":"ListItem","position":2,"name":"Press release: NDP\u2019s Kleeb, Sen. Morfeld, hail signing of gun safety legislation"}]},{"@type":"WebSite","@id":"https:\/\/nebraskademocrats.org\/#website","url":"https:\/\/nebraskademocrats.org\/","name":"Nebraska Democratic Party","description":"Ph\u00e1t tri\u1ec3n cu\u1ed9c s\u1ed1ng t\u1ed1t \u0111\u1eb9p cho t\u1ea5t c\u1ea3 Nebraskans","publisher":{"@id":"https:\/\/nebraskademocrats.org\/#organization"},"potentialAction":[{"@type":"SearchAction","target":{"@type":"EntryPoint","urlTemplate":"https:\/\/nebraskademocrats.org\/?s={search_term_string}"},"query-input":{"@type":"PropertyValueSpecification","valueRequired":true,"valueName":"search_term_string"}}],"inLanguage":"vi"},{"@type":"Organization","@id":"https:\/\/nebraskademocrats.org\/#organization","name":"Nebraska Democratic Party","url":"https:\/\/nebraskademocrats.org\/","logo":{"@type":"ImageObject","inLanguage":"vi","@id":"https:\/\/nebraskademocrats.org\/#\/schema\/logo\/image\/","url":"https:\/\/nebraskadem.wpenginepowered.com\/wp-content\/uploads\/2016\/05\/NDP2.jpg","contentUrl":"https:\/\/nebraskadem.wpenginepowered.com\/wp-content\/uploads\/2016\/05\/NDP2.jpg","width":1000,"height":396,"caption":"Nebraska Democratic Party"},"image":{"@id":"https:\/\/nebraskademocrats.org\/#\/schema\/logo\/image\/"},"sameAs":["https:\/\/www.facebook.com\/NebraskaDemocraticParty\/","https:\/\/x.com\/nebraskadems"]},{"@type":"Person","@id":"https:\/\/nebraskademocrats.org\/#\/schema\/person\/33e011ea0795f404810dc40828bcf289","name":"McKesson qu\u00fd gi\u00e1","image":{"@type":"ImageObject","inLanguage":"vi","@id":"https:\/\/secure.gravatar.com\/avatar\/35046e19b3373116ec64c07d386d3312028d3820dc0ffe65c344bcebc8ea9194?s=96&d=mm&r=g","url":"https:\/\/secure.gravatar.com\/avatar\/35046e19b3373116ec64c07d386d3312028d3820dc0ffe65c344bcebc8ea9194?s=96&d=mm&r=g","contentUrl":"https:\/\/secure.gravatar.com\/avatar\/35046e19b3373116ec64c07d386d3312028d3820dc0ffe65c344bcebc8ea9194?s=96&d=mm&r=g","caption":"Precious McKesson"}}]}},"_links":{"self":[{"href":"https:\/\/nebraskademocrats.org\/vi\/wp-json\/wp\/v2\/posts\/38603","targetHints":{"allow":["GET"]}}],"collection":[{"href":"https:\/\/nebraskademocrats.org\/vi\/wp-json\/wp\/v2\/posts"}],"about":[{"href":"https:\/\/nebraskademocrats.org\/vi\/wp-json\/wp\/v2\/types\/post"}],"author":[{"embeddable":true,"href":"https:\/\/nebraskademocrats.org\/vi\/wp-json\/wp\/v2\/users\/19"}],"replies":[{"embeddable":true,"href":"https:\/\/nebraskademocrats.org\/vi\/wp-json\/wp\/v2\/comments?post=38603"}],"version-history":[{"count":0,"href":"https:\/\/nebraskademocrats.org\/vi\/wp-json\/wp\/v2\/posts\/38603\/revisions"}],"wp:attachment":[{"href":"https:\/\/nebraskademocrats.org\/vi\/wp-json\/wp\/v2\/media?parent=38603"}],"wp:term":[{"taxonomy":"category","embeddable":true,"href":"https:\/\/nebraskademocrats.org\/vi\/wp-json\/wp\/v2\/categories?post=38603"},{"taxonomy":"post_tag","embeddable":true,"href":"https:\/\/nebraskademocrats.org\/vi\/wp-json\/wp\/v2\/tags?post=38603"}],"curies":[{"name":"wp","href":"https:\/\/api.w.org\/{rel}","templated":true}]}}