{"id":38660,"date":"2022-07-19T13:10:49","date_gmt":"2022-07-19T18:10:49","guid":{"rendered":"https:\/\/nebraskadem.wpenginepowered.com\/?p=38660"},"modified":"2022-07-19T13:10:49","modified_gmt":"2022-07-19T18:10:49","slug":"vargas-assails-bacon-for-taking-nra-money-days-after-uvalde-shooting","status":"publish","type":"post","link":"https:\/\/nebraskademocrats.org\/vi\/press-releases\/vargas-assails-bacon-for-taking-nra-money-days-after-uvalde-shooting\/","title":{"rendered":"Vargas t\u1ea5n c\u00f4ng Bacon v\u00ec \u0111\u00e3 l\u1ea5y ti\u1ec1n NRA v\u00e0i ng\u00e0y sau khi b\u1eafn Uvalde"},"content":{"rendered":"<div class=\"\" data-block=\"true\" data-editor=\"bbu9v\" data-offset-key=\"5kt4l-0-0\">\n<div class=\"_1mf _1mj\" data-offset-key=\"5kt4l-0-0\"><span data-offset-key=\"5kt4l-0-0\">C\u00e1c b\u00e1o c\u00e1o qu\u00fd II c\u1ee7a FEC \u0111\u01b0\u1ee3c c\u00f4ng b\u1ed1 g\u1ea7n \u0111\u00e2y cho th\u1ea5y H\u1ea1 ngh\u1ecb s\u0129 \u0110\u1ea3ng C\u1ed9ng h\u00f2a Don Bacon \u0111\u00e3 ch\u1ea5p nh\u1eadn kho\u1ea3n \u0111\u00f3ng g\u00f3p g\u1ea7n $5.000 t\u1eeb Hi\u1ec7p h\u1ed9i S\u00fang tr\u01b0\u1eddng Qu\u1ed1c gia v\u00e0o ng\u00e0y 31 th\u00e1ng 5, ch\u1ec9 v\u00e0i ng\u00e0y sau v\u1ee5 x\u1ea3 s\u00fang h\u00e0ng lo\u1ea1t bi th\u1ea3m \u1edf Uvalde, Tex. Kho\u1ea3n \u0111\u00f3ng g\u00f3p \u0111\u00f3, mang l\u1ea1i t\u1ed5ng t\u00e0i tr\u1ee3 cho s\u1ef1 nghi\u1ec7p c\u1ee7a Bacon t\u1eeb NRA \u0111\u1ebfn $15.400, <\/span><span data-offset-key=\"5kt4l-1-0\">\u0111\u00e3 \u0111\u1ebfn<\/span><span data-offset-key=\"5kt4l-2-0\"> trong khi \u0111\u1ea3ng C\u1ed9ng h\u00f2a v\u00e0 \u0111\u1ea3ng D\u00e2n ch\u1ee7 \u0111ang \u0111\u00e0m ph\u00e1n v\u1ec1 m\u1ed9t th\u1ecfa thu\u1eadn an to\u00e0n s\u00fang mang t\u00ednh b\u01b0\u1edbc ngo\u1eb7t m\u00e0 c\u1ea3 hai b\u00ean \u0111\u1ec1u c\u00f3 th\u1ec3 \u1ee7ng h\u1ed9 v\u00e0 s\u1ebd c\u1ee9u \u0111\u01b0\u1ee3c nhi\u1ec1u ng\u01b0\u1eddi.<\/span><\/div>\n<\/div>\n<div class=\"\" data-block=\"true\" data-editor=\"bbu9v\" data-offset-key=\"b3426-0-0\">\n<div class=\"_1mf _1mj\" data-offset-key=\"b3426-0-0\"><span data-offset-key=\"b3426-0-0\">\u00a0<\/span><\/div>\n<\/div>\n<div class=\"\" data-block=\"true\" data-editor=\"bbu9v\" data-offset-key=\"5sjc-0-0\">\n<div class=\"_1mf _1mj\" data-offset-key=\"5sjc-0-0\">Sau \u0111\u00f3 ch\u1ec9 hai tu\u1ea7n sau khi l\u1ea5y ti\u1ec1n c\u1ee7a NRA, Bacon \u0111\u00e3 b\u1ecf phi\u1ebfu ch\u1ed1ng l\u1ea1i d\u1ef1 lu\u1eadt c\u1ea3i c\u00e1ch s\u00fang l\u01b0\u1ee1ng \u0111\u1ea3ng m\u00e0 g\u1ea7n 30 \u0111\u1ea3ng vi\u00ean Qu\u1ed1c h\u1ed9i \u1ee7ng h\u1ed9.<\/div>\n<\/div>\n<div class=\"\" data-block=\"true\" data-editor=\"bbu9v\" data-offset-key=\"ergac-0-0\">\n<div class=\"_1mf _1mj\" data-offset-key=\"ergac-0-0\"><span data-offset-key=\"ergac-0-0\">\u00a0<\/span><\/div>\n<\/div>\n<div class=\"\" data-block=\"true\" data-editor=\"bbu9v\" data-offset-key=\"1jr0v-0-0\">\n<div class=\"_1mf _1mj\" data-offset-key=\"1jr0v-0-0\"><span data-offset-key=\"1jr0v-0-0\">\u0110\u1ed1i th\u1ee7 \u0111\u1ea3ng D\u00e2n ch\u1ee7 c\u1ee7a \u00f4ng trong cu\u1ed9c \u0111ua CD2, bang Th\u01b0\u1ee3ng ngh\u1ecb s\u0129 Tony <\/span>Vargas, \u0111\u00e3 \u0111\u01b0a ra tuy\u00ean b\u1ed1 sau \u0111\u1ec3 \u0111\u00e1p l\u1ea1i:<\/div>\n<\/div>\n<div class=\"\" data-block=\"true\" data-editor=\"bbu9v\" data-offset-key=\"7d37q-0-0\">\n<div class=\"_1mf _1mj\" data-offset-key=\"7d37q-0-0\"><span data-offset-key=\"7d37q-0-0\">\u00a0<\/span><\/div>\n<\/div>\n<div class=\"\" data-block=\"true\" data-editor=\"bbu9v\" data-offset-key=\"njmu-0-0\">\n<div class=\"_1mf _1mj\" data-offset-key=\"njmu-0-0\">\u201cVi\u1ec7c NRA ch\u1ea5p nh\u1eadn m\u1ed9t kho\u1ea3n ti\u1ec1n kh\u00e1c ch\u1ec9 v\u00e0i ng\u00e0y sau m\u1ed9t v\u1ee5 x\u1ea3 s\u00fang h\u00e0ng lo\u1ea1t kh\u00e1c, l\u1ea7n n\u00e0y l\u00e0 t\u1ea1i m\u1ed9t ng\u00f4i tr\u01b0\u1eddng n\u01a1i 19 tr\u1ebb em b\u1ecb s\u00e1t h\u1ea1i, cho th\u1ea5y Don Bacon m\u1ea5t li\u00ean l\u1ea1c v\u00e0 nh\u1eabn t\u00e2m nh\u01b0 th\u1ebf n\u00e0o. \u0110\u00e3 qua th\u1eddi gian ch\u00fang ta th\u00f4ng qua lu\u1eadt s\u00fang th\u00f4ng th\u01b0\u1eddng h\u01a1n \u0111\u1ec3 gi\u1eef an to\u00e0n cho c\u1ed9ng \u0111\u1ed3ng c\u1ee7a ch\u00fang ta v\u00e0 ng\u0103n ch\u1eb7n nh\u1eefng th\u1ea3m k\u1ecbch v\u00f4 ngh\u0129a n\u00e0y, nh\u01b0ng Bacon ch\u1ec9 tr\u1ea3 l\u1eddi NRA. \u201d<\/div>\n<\/div>\n<div class=\"\" data-block=\"true\" data-editor=\"bbu9v\" data-offset-key=\"6mcp0-0-0\">\n<div class=\"_1mf _1mj\" data-offset-key=\"6mcp0-0-0\"><span data-offset-key=\"6mcp0-0-0\">\u00a0<\/span><\/div>\n<\/div>\n<div class=\"\" data-block=\"true\" data-editor=\"bbu9v\" data-offset-key=\"cv6ah-0-0\">\n<div class=\"_1mf _1mj\" data-offset-key=\"cv6ah-0-0\">C\u00e1c b\u00e1o c\u00e1o qu\u00fd II c\u1ee7a FEC \u0111\u01b0\u1ee3c c\u00f4ng b\u1ed1 g\u1ea7n \u0111\u00e2y cho th\u1ea5y s\u1ef1 kh\u00e1c bi\u1ec7t r\u00f5 r\u1ec7t trong vi\u1ec7c g\u00e2y qu\u1ef9 gi\u1eefa Bacon \u0111\u01b0\u01a1ng nhi\u1ec7m v\u00e0 Vargas, nh\u1eefng ng\u01b0\u1eddi c\u00f3 s\u1ee9c m\u1ea1nh ti\u1ebfp t\u1ee5c ph\u00e1t tri\u1ec3n.<\/p>\n<p>Bacon, ng\u01b0\u1eddi \u0111\u01b0\u01a1ng nhi\u1ec7m trong cu\u1ed9c \u0111ua n\u00e0y, n\u00ean c\u00f3 l\u1ee3i th\u1ebf h\u01a1n trong vi\u1ec7c g\u00e2y qu\u1ef9, \u0111\u00e3 b\u1ecb \u0111\u00e1nh gi\u00e1 cao h\u01a1n g\u1ea7n $150.000. C\u0169ng quan tr\u1ecdng l\u00e0 s\u1ef1 kh\u00e1c bi\u1ec7t v\u1ec1 c\u01a1 s\u1edf t\u00e0i tr\u1ee3 - h\u1ed7 tr\u1ee3 c\u01a1 s\u1edf c\u1ee7a Vargas t\u1eeb Nebraskans v\u01b0\u1ee3t xa Bacon, ng\u01b0\u1eddi c\u00f3 ti\u1ec1n ch\u1ee7 y\u1ebfu l\u00e0 t\u1eeb c\u00e1c PAC quan t\u00e2m \u0111\u1eb7c bi\u1ec7t v\u00e0 c\u00e1c nh\u00e0 v\u1eadn \u0111\u1ed9ng h\u00e0nh lang.<\/p><\/div>\n<\/div>","protected":false},"excerpt":{"rendered":"<p>Recently published second quarter FEC reports show Republican Rep. Don Bacon accepted a nearly $5,000 contribution from the National Rifle Association on May 31, just days after the tragic mass shooting in Uvalde, Tex. That contribution, which brought Bacon\u2019s career total funding from the NRA to $15,400, came while Republicans and Democrats were in the &#8230; <a title=\"Vargas t\u1ea5n c\u00f4ng Bacon v\u00ec \u0111\u00e3 l\u1ea5y ti\u1ec1n NRA v\u00e0i ng\u00e0y sau khi b\u1eafn Uvalde\" class=\"read-more\" href=\"https:\/\/nebraskademocrats.org\/vi\/press-releases\/vargas-assails-bacon-for-taking-nra-money-days-after-uvalde-shooting\/\" aria-label=\"More on Vargas assails Bacon for taking NRA money days after Uvalde shooting\">\u0110\u1ecdc th\u00eam<\/a><\/p>","protected":false},"author":19,"featured_media":0,"comment_status":"closed","ping_status":"closed","sticky":false,"template":"","format":"standard","meta":{"_acf_changed":false,"_exactmetrics_skip_tracking":false,"_exactmetrics_sitenote_active":false,"_exactmetrics_sitenote_note":"","_exactmetrics_sitenote_category":0,"footnotes":""},"categories":[4],"tags":[],"class_list":["post-38660","post","type-post","status-publish","format-standard","hentry","category-press-releases"],"acf":[],"yoast_head":"<!-- This site is optimized with the Yoast SEO plugin v27.4 - https:\/\/yoast.com\/product\/yoast-seo-wordpress\/ -->\n<title>Vargas assails Bacon for taking NRA money days after Uvalde shooting &#8211; Nebraska Democratic Party<\/title>\n<meta name=\"robots\" content=\"index, follow, max-snippet:-1, max-image-preview:large, max-video-preview:-1\" \/>\n<link rel=\"canonical\" href=\"https:\/\/nebraskademocrats.org\/vi\/press-releases\/vargas-assails-bacon-for-taking-nra-money-days-after-uvalde-shooting\/\" \/>\n<meta property=\"og:locale\" content=\"vi_VN\" \/>\n<meta property=\"og:type\" content=\"article\" \/>\n<meta property=\"og:title\" content=\"Vargas assails Bacon for taking NRA money days after Uvalde shooting &#8211; Nebraska Democratic Party\" \/>\n<meta property=\"og:description\" content=\"Recently published second quarter FEC reports show Republican Rep. Don Bacon accepted a nearly $5,000 contribution from the National Rifle Association on May 31, just days after the tragic mass shooting in Uvalde, Tex. That contribution, which brought Bacon\u2019s career total funding from the NRA to $15,400, came while Republicans and Democrats were in the ... Read more\" \/>\n<meta property=\"og:url\" content=\"https:\/\/nebraskademocrats.org\/vi\/press-releases\/vargas-assails-bacon-for-taking-nra-money-days-after-uvalde-shooting\/\" \/>\n<meta property=\"og:site_name\" content=\"Nebraska Democratic Party\" \/>\n<meta property=\"article:publisher\" content=\"https:\/\/www.facebook.com\/NebraskaDemocraticParty\/\" \/>\n<meta property=\"article:published_time\" content=\"2022-07-19T18:10:49+00:00\" \/>\n<meta property=\"og:image\" content=\"https:\/\/nebraskademocrats.org\/wp-content\/uploads\/2018\/09\/ne-dems-fb.jpg\" \/>\n\t<meta property=\"og:image:width\" content=\"1200\" \/>\n\t<meta property=\"og:image:height\" content=\"630\" \/>\n\t<meta property=\"og:image:type\" content=\"image\/jpeg\" \/>\n<meta name=\"author\" content=\"Precious McKesson\" \/>\n<meta name=\"twitter:card\" content=\"summary_large_image\" \/>\n<meta name=\"twitter:creator\" content=\"@nebraskadems\" \/>\n<meta name=\"twitter:site\" content=\"@nebraskadems\" \/>\n<meta name=\"twitter:label1\" content=\"\u0110\u01b0\u1ee3c vi\u1ebft b\u1edfi\" \/>\n\t<meta name=\"twitter:data1\" content=\"Precious McKesson\" \/>\n\t<meta name=\"twitter:label2\" content=\"\u01af\u1edbc t\u00ednh th\u1eddi gian \u0111\u1ecdc\" \/>\n\t<meta name=\"twitter:data2\" content=\"2 ph\u00fat\" \/>\n<script type=\"application\/ld+json\" class=\"yoast-schema-graph\">{\"@context\":\"https:\\\/\\\/schema.org\",\"@graph\":[{\"@type\":\"Article\",\"@id\":\"https:\\\/\\\/nebraskademocrats.org\\\/zh\\\/press-releases\\\/vargas-assails-bacon-for-taking-nra-money-days-after-uvalde-shooting\\\/#article\",\"isPartOf\":{\"@id\":\"https:\\\/\\\/nebraskademocrats.org\\\/zh\\\/press-releases\\\/vargas-assails-bacon-for-taking-nra-money-days-after-uvalde-shooting\\\/\"},\"author\":{\"name\":\"Precious McKesson\",\"@id\":\"https:\\\/\\\/nebraskademocrats.org\\\/#\\\/schema\\\/person\\\/33e011ea0795f404810dc40828bcf289\"},\"headline\":\"Vargas assails Bacon for taking NRA money days after Uvalde shooting\",\"datePublished\":\"2022-07-19T18:10:49+00:00\",\"mainEntityOfPage\":{\"@id\":\"https:\\\/\\\/nebraskademocrats.org\\\/zh\\\/press-releases\\\/vargas-assails-bacon-for-taking-nra-money-days-after-uvalde-shooting\\\/\"},\"wordCount\":251,\"publisher\":{\"@id\":\"https:\\\/\\\/nebraskademocrats.org\\\/#organization\"},\"articleSection\":[\"Press Releases\"],\"inLanguage\":\"vi\"},{\"@type\":\"WebPage\",\"@id\":\"https:\\\/\\\/nebraskademocrats.org\\\/zh\\\/press-releases\\\/vargas-assails-bacon-for-taking-nra-money-days-after-uvalde-shooting\\\/\",\"url\":\"https:\\\/\\\/nebraskademocrats.org\\\/zh\\\/press-releases\\\/vargas-assails-bacon-for-taking-nra-money-days-after-uvalde-shooting\\\/\",\"name\":\"Vargas assails Bacon for taking NRA money days after Uvalde shooting &#8211; Nebraska Democratic Party\",\"isPartOf\":{\"@id\":\"https:\\\/\\\/nebraskademocrats.org\\\/#website\"},\"datePublished\":\"2022-07-19T18:10:49+00:00\",\"breadcrumb\":{\"@id\":\"https:\\\/\\\/nebraskademocrats.org\\\/zh\\\/press-releases\\\/vargas-assails-bacon-for-taking-nra-money-days-after-uvalde-shooting\\\/#breadcrumb\"},\"inLanguage\":\"vi\",\"potentialAction\":[{\"@type\":\"ReadAction\",\"target\":[\"https:\\\/\\\/nebraskademocrats.org\\\/zh\\\/press-releases\\\/vargas-assails-bacon-for-taking-nra-money-days-after-uvalde-shooting\\\/\"]}]},{\"@type\":\"BreadcrumbList\",\"@id\":\"https:\\\/\\\/nebraskademocrats.org\\\/zh\\\/press-releases\\\/vargas-assails-bacon-for-taking-nra-money-days-after-uvalde-shooting\\\/#breadcrumb\",\"itemListElement\":[{\"@type\":\"ListItem\",\"position\":1,\"name\":\"Home\",\"item\":\"https:\\\/\\\/nebraskademocrats.org\\\/\"},{\"@type\":\"ListItem\",\"position\":2,\"name\":\"Vargas assails Bacon for taking NRA money days after Uvalde shooting\"}]},{\"@type\":\"WebSite\",\"@id\":\"https:\\\/\\\/nebraskademocrats.org\\\/#website\",\"url\":\"https:\\\/\\\/nebraskademocrats.org\\\/\",\"name\":\"Nebraska Democratic Party\",\"description\":\"Growing the Good Life for All Nebraskans\",\"publisher\":{\"@id\":\"https:\\\/\\\/nebraskademocrats.org\\\/#organization\"},\"potentialAction\":[{\"@type\":\"SearchAction\",\"target\":{\"@type\":\"EntryPoint\",\"urlTemplate\":\"https:\\\/\\\/nebraskademocrats.org\\\/?s={search_term_string}\"},\"query-input\":{\"@type\":\"PropertyValueSpecification\",\"valueRequired\":true,\"valueName\":\"search_term_string\"}}],\"inLanguage\":\"vi\"},{\"@type\":\"Organization\",\"@id\":\"https:\\\/\\\/nebraskademocrats.org\\\/#organization\",\"name\":\"Nebraska Democratic Party\",\"url\":\"https:\\\/\\\/nebraskademocrats.org\\\/\",\"logo\":{\"@type\":\"ImageObject\",\"inLanguage\":\"vi\",\"@id\":\"https:\\\/\\\/nebraskademocrats.org\\\/#\\\/schema\\\/logo\\\/image\\\/\",\"url\":\"https:\\\/\\\/nebraskadem.wpenginepowered.com\\\/wp-content\\\/uploads\\\/2016\\\/05\\\/NDP2.jpg\",\"contentUrl\":\"https:\\\/\\\/nebraskadem.wpenginepowered.com\\\/wp-content\\\/uploads\\\/2016\\\/05\\\/NDP2.jpg\",\"width\":1000,\"height\":396,\"caption\":\"Nebraska Democratic Party\"},\"image\":{\"@id\":\"https:\\\/\\\/nebraskademocrats.org\\\/#\\\/schema\\\/logo\\\/image\\\/\"},\"sameAs\":[\"https:\\\/\\\/www.facebook.com\\\/NebraskaDemocraticParty\\\/\",\"https:\\\/\\\/x.com\\\/nebraskadems\"]},{\"@type\":\"Person\",\"@id\":\"https:\\\/\\\/nebraskademocrats.org\\\/#\\\/schema\\\/person\\\/33e011ea0795f404810dc40828bcf289\",\"name\":\"Precious McKesson\",\"image\":{\"@type\":\"ImageObject\",\"inLanguage\":\"vi\",\"@id\":\"https:\\\/\\\/secure.gravatar.com\\\/avatar\\\/35046e19b3373116ec64c07d386d3312028d3820dc0ffe65c344bcebc8ea9194?s=96&d=mm&r=g\",\"url\":\"https:\\\/\\\/secure.gravatar.com\\\/avatar\\\/35046e19b3373116ec64c07d386d3312028d3820dc0ffe65c344bcebc8ea9194?s=96&d=mm&r=g\",\"contentUrl\":\"https:\\\/\\\/secure.gravatar.com\\\/avatar\\\/35046e19b3373116ec64c07d386d3312028d3820dc0ffe65c344bcebc8ea9194?s=96&d=mm&r=g\",\"caption\":\"Precious McKesson\"}}]}<\/script>\n<!-- \/ Yoast SEO plugin. -->","yoast_head_json":{"title":"Vargas assails Bacon for taking NRA money days after Uvalde shooting &#8211; Nebraska Democratic Party","robots":{"index":"index","follow":"follow","max-snippet":"max-snippet:-1","max-image-preview":"max-image-preview:large","max-video-preview":"max-video-preview:-1"},"canonical":"https:\/\/nebraskademocrats.org\/vi\/press-releases\/vargas-assails-bacon-for-taking-nra-money-days-after-uvalde-shooting\/","og_locale":"vi_VN","og_type":"article","og_title":"Vargas assails Bacon for taking NRA money days after Uvalde shooting &#8211; Nebraska Democratic Party","og_description":"Recently published second quarter FEC reports show Republican Rep. Don Bacon accepted a nearly $5,000 contribution from the National Rifle Association on May 31, just days after the tragic mass shooting in Uvalde, Tex. That contribution, which brought Bacon\u2019s career total funding from the NRA to $15,400, came while Republicans and Democrats were in the ... Read more","og_url":"https:\/\/nebraskademocrats.org\/vi\/press-releases\/vargas-assails-bacon-for-taking-nra-money-days-after-uvalde-shooting\/","og_site_name":"Nebraska Democratic Party","article_publisher":"https:\/\/www.facebook.com\/NebraskaDemocraticParty\/","article_published_time":"2022-07-19T18:10:49+00:00","og_image":[{"width":1200,"height":630,"url":"https:\/\/nebraskademocrats.org\/wp-content\/uploads\/2018\/09\/ne-dems-fb.jpg","type":"image\/jpeg"}],"author":"Precious McKesson","twitter_card":"summary_large_image","twitter_creator":"@nebraskadems","twitter_site":"@nebraskadems","twitter_misc":{"\u0110\u01b0\u1ee3c vi\u1ebft b\u1edfi":"Precious McKesson","\u01af\u1edbc t\u00ednh th\u1eddi gian \u0111\u1ecdc":"2 ph\u00fat"},"schema":{"@context":"https:\/\/schema.org","@graph":[{"@type":"Article","@id":"https:\/\/nebraskademocrats.org\/zh\/press-releases\/vargas-assails-bacon-for-taking-nra-money-days-after-uvalde-shooting\/#article","isPartOf":{"@id":"https:\/\/nebraskademocrats.org\/zh\/press-releases\/vargas-assails-bacon-for-taking-nra-money-days-after-uvalde-shooting\/"},"author":{"name":"Precious McKesson","@id":"https:\/\/nebraskademocrats.org\/#\/schema\/person\/33e011ea0795f404810dc40828bcf289"},"headline":"Vargas assails Bacon for taking NRA money days after Uvalde shooting","datePublished":"2022-07-19T18:10:49+00:00","mainEntityOfPage":{"@id":"https:\/\/nebraskademocrats.org\/zh\/press-releases\/vargas-assails-bacon-for-taking-nra-money-days-after-uvalde-shooting\/"},"wordCount":251,"publisher":{"@id":"https:\/\/nebraskademocrats.org\/#organization"},"articleSection":["Press Releases"],"inLanguage":"vi"},{"@type":"WebPage","@id":"https:\/\/nebraskademocrats.org\/zh\/press-releases\/vargas-assails-bacon-for-taking-nra-money-days-after-uvalde-shooting\/","url":"https:\/\/nebraskademocrats.org\/zh\/press-releases\/vargas-assails-bacon-for-taking-nra-money-days-after-uvalde-shooting\/","name":"Vargas assails Bacon for taking NRA money days after Uvalde shooting &#8211; Nebraska Democratic Party","isPartOf":{"@id":"https:\/\/nebraskademocrats.org\/#website"},"datePublished":"2022-07-19T18:10:49+00:00","breadcrumb":{"@id":"https:\/\/nebraskademocrats.org\/zh\/press-releases\/vargas-assails-bacon-for-taking-nra-money-days-after-uvalde-shooting\/#breadcrumb"},"inLanguage":"vi","potentialAction":[{"@type":"ReadAction","target":["https:\/\/nebraskademocrats.org\/zh\/press-releases\/vargas-assails-bacon-for-taking-nra-money-days-after-uvalde-shooting\/"]}]},{"@type":"BreadcrumbList","@id":"https:\/\/nebraskademocrats.org\/zh\/press-releases\/vargas-assails-bacon-for-taking-nra-money-days-after-uvalde-shooting\/#breadcrumb","itemListElement":[{"@type":"ListItem","position":1,"name":"Home","item":"https:\/\/nebraskademocrats.org\/"},{"@type":"ListItem","position":2,"name":"Vargas assails Bacon for taking NRA money days after Uvalde shooting"}]},{"@type":"WebSite","@id":"https:\/\/nebraskademocrats.org\/#website","url":"https:\/\/nebraskademocrats.org\/","name":"Nebraska Democratic Party","description":"Ph\u00e1t tri\u1ec3n cu\u1ed9c s\u1ed1ng t\u1ed1t \u0111\u1eb9p cho t\u1ea5t c\u1ea3 Nebraskans","publisher":{"@id":"https:\/\/nebraskademocrats.org\/#organization"},"potentialAction":[{"@type":"SearchAction","target":{"@type":"EntryPoint","urlTemplate":"https:\/\/nebraskademocrats.org\/?s={search_term_string}"},"query-input":{"@type":"PropertyValueSpecification","valueRequired":true,"valueName":"search_term_string"}}],"inLanguage":"vi"},{"@type":"Organization","@id":"https:\/\/nebraskademocrats.org\/#organization","name":"Nebraska Democratic Party","url":"https:\/\/nebraskademocrats.org\/","logo":{"@type":"ImageObject","inLanguage":"vi","@id":"https:\/\/nebraskademocrats.org\/#\/schema\/logo\/image\/","url":"https:\/\/nebraskadem.wpenginepowered.com\/wp-content\/uploads\/2016\/05\/NDP2.jpg","contentUrl":"https:\/\/nebraskadem.wpenginepowered.com\/wp-content\/uploads\/2016\/05\/NDP2.jpg","width":1000,"height":396,"caption":"Nebraska Democratic Party"},"image":{"@id":"https:\/\/nebraskademocrats.org\/#\/schema\/logo\/image\/"},"sameAs":["https:\/\/www.facebook.com\/NebraskaDemocraticParty\/","https:\/\/x.com\/nebraskadems"]},{"@type":"Person","@id":"https:\/\/nebraskademocrats.org\/#\/schema\/person\/33e011ea0795f404810dc40828bcf289","name":"McKesson qu\u00fd gi\u00e1","image":{"@type":"ImageObject","inLanguage":"vi","@id":"https:\/\/secure.gravatar.com\/avatar\/35046e19b3373116ec64c07d386d3312028d3820dc0ffe65c344bcebc8ea9194?s=96&d=mm&r=g","url":"https:\/\/secure.gravatar.com\/avatar\/35046e19b3373116ec64c07d386d3312028d3820dc0ffe65c344bcebc8ea9194?s=96&d=mm&r=g","contentUrl":"https:\/\/secure.gravatar.com\/avatar\/35046e19b3373116ec64c07d386d3312028d3820dc0ffe65c344bcebc8ea9194?s=96&d=mm&r=g","caption":"Precious McKesson"}}]}},"_links":{"self":[{"href":"https:\/\/nebraskademocrats.org\/vi\/wp-json\/wp\/v2\/posts\/38660","targetHints":{"allow":["GET"]}}],"collection":[{"href":"https:\/\/nebraskademocrats.org\/vi\/wp-json\/wp\/v2\/posts"}],"about":[{"href":"https:\/\/nebraskademocrats.org\/vi\/wp-json\/wp\/v2\/types\/post"}],"author":[{"embeddable":true,"href":"https:\/\/nebraskademocrats.org\/vi\/wp-json\/wp\/v2\/users\/19"}],"replies":[{"embeddable":true,"href":"https:\/\/nebraskademocrats.org\/vi\/wp-json\/wp\/v2\/comments?post=38660"}],"version-history":[{"count":0,"href":"https:\/\/nebraskademocrats.org\/vi\/wp-json\/wp\/v2\/posts\/38660\/revisions"}],"wp:attachment":[{"href":"https:\/\/nebraskademocrats.org\/vi\/wp-json\/wp\/v2\/media?parent=38660"}],"wp:term":[{"taxonomy":"category","embeddable":true,"href":"https:\/\/nebraskademocrats.org\/vi\/wp-json\/wp\/v2\/categories?post=38660"},{"taxonomy":"post_tag","embeddable":true,"href":"https:\/\/nebraskademocrats.org\/vi\/wp-json\/wp\/v2\/tags?post=38660"}],"curies":[{"name":"wp","href":"https:\/\/api.w.org\/{rel}","templated":true}]}}