{"id":41548,"date":"2022-12-13T15:39:57","date_gmt":"2022-12-13T21:39:57","guid":{"rendered":"https:\/\/nebraskadem.wpenginepowered.com\/?p=41548"},"modified":"2022-12-13T15:42:40","modified_gmt":"2022-12-13T21:42:40","slug":"press-release-kleeb-hails-signing-of-respect-for-marriage-act","status":"publish","type":"post","link":"https:\/\/nebraskademocrats.org\/vi\/press-releases\/press-release-kleeb-hails-signing-of-respect-for-marriage-act\/","title":{"rendered":"Th\u00f4ng c\u00e1o b\u00e1o ch\u00ed: Kleeb hoan ngh\u00eanh vi\u1ec7c k\u00fd \u0110\u1ea1o lu\u1eadt T\u00f4n tr\u1ecdng H\u00f4n nh\u00e2n"},"content":{"rendered":"<p><span style=\"font-weight: 400;\">Ch\u1ee7 t\u1ecbch Nebraska Democratic Party Jane Kleeb ca ng\u1ee3i \u0110\u1ea1o lu\u1eadt T\u00f4n tr\u1ecdng H\u00f4n nh\u00e2n \u0111\u01b0\u1ee3c T\u1ed5ng th\u1ed1ng Joe Biden k\u00fd th\u00e0nh lu\u1eadt h\u00f4m th\u1ee9 Ba.<\/span><\/p>\n<p><span style=\"font-weight: 400;\">\u201c\u0110\u00e2y l\u00e0 m\u1ed9t n\u1ed7 l\u1ef1c l\u1ecbch s\u1eed, l\u01b0\u1ee1ng \u0111\u1ea3ng nh\u1eb1m t\u00e1i kh\u1eb3ng \u0111\u1ecbnh r\u1eb1ng ng\u01b0\u1eddi M\u1ef9 n\u00ean c\u00f3 quy\u1ec1n k\u1ebft h\u00f4n v\u1edbi ng\u01b0\u1eddi h\u1ecd y\u00eau,\u201d Kleeb n\u00f3i. \u201cTh\u1eadt kh\u00f4ng may, Th\u01b0\u1ee3ng ngh\u1ecb s\u0129 \u0110\u1ea3ng C\u1ed9ng h\u00f2a Deb Fischer v\u00e0 Ben Sasse v\u00e0 H\u1ea1 ngh\u1ecb s\u0129 Mike Flood v\u00e0 Adrian Smith kh\u00f4ng th\u1ec3 \u1ee7ng h\u1ed9 n\u1ed7 l\u1ef1c \u0111\u00f3. H\u1ecd n\u00ean c\u1ea3m th\u1ea5y x\u1ea5u h\u1ed5.\u201d<\/span><\/p>\n<p><b>L\u00fd l\u1ecbch:<\/b><\/p>\n<p><span style=\"font-weight: 400;\">C\u00e1c<\/span> <a href=\"https:\/\/apnews.com\/article\/biden-marriage-united-states-government-and-politics-1cb2d3f4ae76528c0f7d43daceeba974\"><span style=\"font-weight: 400;\">bi\u1ec7n ph\u00e1p y\u00eau c\u1ea7u t\u1ea5t c\u1ea3 c\u00e1c ti\u1ec3u bang c\u00f4ng nh\u1eadn h\u00f4n nh\u00e2n \u0111\u1ed3ng gi\u1edbi<\/span><\/a><span style=\"font-weight: 400;\">, m\u1ed9t s\u1ef1 gi\u1ea3i tho\u00e1t cho h\u00e0ng tr\u0103m ng\u00e0n c\u1eb7p \u0111\u00f4i \u0111\u00e3 k\u1ebft h\u00f4n k\u1ec3 t\u1eeb khi T\u00f2a \u00e1n T\u1ed1i cao ra ph\u00e1n quy\u1ebft h\u1ee3p ph\u00e1p h\u00f3a nh\u1eefng cu\u1ed9c h\u00f4n nh\u00e2n \u0111\u00f3 tr\u00ean to\u00e0n qu\u1ed1c v\u00e0o n\u0103m 2015.<\/span><\/p>\n<p><span style=\"font-weight: 400;\">\u0110\u1ea1o lu\u1eadt \u0111\u01b0\u1ee3c l\u01b0\u1ee1ng \u0111\u1ea3ng th\u00f4ng qua v\u1edbi t\u1ef7 l\u1ec7 258-169 t\u1ea1i H\u1ea1 vi\u1ec7n, c\u0169ng b\u1ea3o v\u1ec7 s\u1ef1 k\u1ebft h\u1ee3p gi\u1eefa c\u00e1c ch\u1ee7ng t\u1ed9c b\u1eb1ng c\u00e1ch y\u00eau c\u1ea7u c\u00e1c bang c\u00f4ng nh\u1eadn h\u00f4n nh\u00e2n h\u1ee3p ph\u00e1p b\u1ea5t k\u1ec3 \u201cgi\u1edbi t\u00ednh, ch\u1ee7ng t\u1ed9c, s\u1eafc t\u1ed9c ho\u1eb7c ngu\u1ed3n g\u1ed1c qu\u1ed1c gia\u201d.<\/span><\/p>\n<p><span style=\"font-weight: 400;\">Bi\u1ec7n ph\u00e1p n\u00e0y \u0111\u00e3 \u0111\u1ea1t \u0111\u01b0\u1ee3c \u0111\u1ed9ng l\u1ef1c sau quy\u1ebft \u0111\u1ecbnh v\u00e0o th\u00e1ng 6 c\u1ee7a T\u00f2a \u00e1n T\u1ed1i cao l\u1eadt ng\u01b0\u1ee3c quy\u1ec1n ph\u00e1 thai c\u1ee7a li\u00ean bang, m\u1ed9t ph\u00e1n quy\u1ebft bao g\u1ed3m \u00fd ki\u1ebfn \u0111\u1ed3ng t\u00ecnh t\u1eeb C\u00f4ng l\u00fd b\u1ea3o th\u1ee7 Clarence Thomas cho r\u1eb1ng quy\u1ec1n k\u1ebft h\u00f4n \u0111\u1ed3ng gi\u1edbi \u0111\u00e3 \u0111\u01b0\u1ee3c quy\u1ebft \u0111\u1ecbnh sai.<\/span><\/p>","protected":false},"excerpt":{"rendered":"<p>Nebraska Democratic Party Chair Jane Kleeb hailed the Respect for Marriage Act signed into law Tuesday by President Joe Biden. \u201cThis was a historic, bipartisan effort that reaffirms that Americans should have the right to marry the person they love,\u201d Kleeb said. \u201cUnfortunately, Republican Sens. Deb Fischer and Ben Sasse and Reps. Mike Flood and &#8230; <a title=\"Th\u00f4ng c\u00e1o b\u00e1o ch\u00ed: Kleeb hoan ngh\u00eanh vi\u1ec7c k\u00fd \u0110\u1ea1o lu\u1eadt T\u00f4n tr\u1ecdng H\u00f4n nh\u00e2n\" class=\"read-more\" href=\"https:\/\/nebraskademocrats.org\/vi\/press-releases\/press-release-kleeb-hails-signing-of-respect-for-marriage-act\/\" aria-label=\"More on Press release: Kleeb hails signing of Respect for Marriage Act\">\u0110\u1ecdc th\u00eam<\/a><\/p>","protected":false},"author":19,"featured_media":0,"comment_status":"closed","ping_status":"closed","sticky":false,"template":"","format":"standard","meta":{"_acf_changed":false,"_exactmetrics_skip_tracking":false,"_exactmetrics_sitenote_active":false,"_exactmetrics_sitenote_note":"","_exactmetrics_sitenote_category":0,"footnotes":""},"categories":[4],"tags":[],"class_list":["post-41548","post","type-post","status-publish","format-standard","hentry","category-press-releases"],"acf":[],"yoast_head":"<!-- This site is optimized with the Yoast SEO plugin v27.4 - https:\/\/yoast.com\/product\/yoast-seo-wordpress\/ -->\n<title>Press release: Kleeb hails signing of Respect for Marriage Act &#8211; Nebraska Democratic Party<\/title>\n<meta name=\"robots\" content=\"index, follow, max-snippet:-1, max-image-preview:large, max-video-preview:-1\" \/>\n<link rel=\"canonical\" href=\"https:\/\/nebraskademocrats.org\/vi\/press-releases\/press-release-kleeb-hails-signing-of-respect-for-marriage-act\/\" \/>\n<meta property=\"og:locale\" content=\"vi_VN\" \/>\n<meta property=\"og:type\" content=\"article\" \/>\n<meta property=\"og:title\" content=\"Press release: Kleeb hails signing of Respect for Marriage Act &#8211; Nebraska Democratic Party\" \/>\n<meta property=\"og:description\" content=\"Nebraska Democratic Party Chair Jane Kleeb hailed the Respect for Marriage Act signed into law Tuesday by President Joe Biden. \u201cThis was a historic, bipartisan effort that reaffirms that Americans should have the right to marry the person they love,\u201d Kleeb said. \u201cUnfortunately, Republican Sens. Deb Fischer and Ben Sasse and Reps. Mike Flood and ... Read more\" \/>\n<meta property=\"og:url\" content=\"https:\/\/nebraskademocrats.org\/vi\/press-releases\/press-release-kleeb-hails-signing-of-respect-for-marriage-act\/\" \/>\n<meta property=\"og:site_name\" content=\"Nebraska Democratic Party\" \/>\n<meta property=\"article:publisher\" content=\"https:\/\/www.facebook.com\/NebraskaDemocraticParty\/\" \/>\n<meta property=\"article:published_time\" content=\"2022-12-13T21:39:57+00:00\" \/>\n<meta property=\"article:modified_time\" content=\"2022-12-13T21:42:40+00:00\" \/>\n<meta property=\"og:image\" content=\"https:\/\/nebraskademocrats.org\/wp-content\/uploads\/2018\/09\/ne-dems-fb.jpg\" \/>\n\t<meta property=\"og:image:width\" content=\"1200\" \/>\n\t<meta property=\"og:image:height\" content=\"630\" \/>\n\t<meta property=\"og:image:type\" content=\"image\/jpeg\" \/>\n<meta name=\"author\" content=\"Precious McKesson\" \/>\n<meta name=\"twitter:card\" content=\"summary_large_image\" \/>\n<meta name=\"twitter:creator\" content=\"@nebraskadems\" \/>\n<meta name=\"twitter:site\" content=\"@nebraskadems\" \/>\n<meta name=\"twitter:label1\" content=\"\u0110\u01b0\u1ee3c vi\u1ebft b\u1edfi\" \/>\n\t<meta name=\"twitter:data1\" content=\"Precious McKesson\" \/>\n\t<meta name=\"twitter:label2\" content=\"\u01af\u1edbc t\u00ednh th\u1eddi gian \u0111\u1ecdc\" \/>\n\t<meta name=\"twitter:data2\" content=\"1 ph\u00fat\" \/>\n<script type=\"application\/ld+json\" class=\"yoast-schema-graph\">{\"@context\":\"https:\\\/\\\/schema.org\",\"@graph\":[{\"@type\":\"Article\",\"@id\":\"https:\\\/\\\/nebraskademocrats.org\\\/press-releases\\\/press-release-kleeb-hails-signing-of-respect-for-marriage-act\\\/#article\",\"isPartOf\":{\"@id\":\"https:\\\/\\\/nebraskademocrats.org\\\/press-releases\\\/press-release-kleeb-hails-signing-of-respect-for-marriage-act\\\/\"},\"author\":{\"name\":\"Precious McKesson\",\"@id\":\"https:\\\/\\\/nebraskademocrats.org\\\/#\\\/schema\\\/person\\\/33e011ea0795f404810dc40828bcf289\"},\"headline\":\"Press release: Kleeb hails signing of Respect for Marriage Act\",\"datePublished\":\"2022-12-13T21:39:57+00:00\",\"dateModified\":\"2022-12-13T21:42:40+00:00\",\"mainEntityOfPage\":{\"@id\":\"https:\\\/\\\/nebraskademocrats.org\\\/press-releases\\\/press-release-kleeb-hails-signing-of-respect-for-marriage-act\\\/\"},\"wordCount\":175,\"publisher\":{\"@id\":\"https:\\\/\\\/nebraskademocrats.org\\\/#organization\"},\"articleSection\":[\"Press Releases\"],\"inLanguage\":\"vi\"},{\"@type\":\"WebPage\",\"@id\":\"https:\\\/\\\/nebraskademocrats.org\\\/press-releases\\\/press-release-kleeb-hails-signing-of-respect-for-marriage-act\\\/\",\"url\":\"https:\\\/\\\/nebraskademocrats.org\\\/press-releases\\\/press-release-kleeb-hails-signing-of-respect-for-marriage-act\\\/\",\"name\":\"Press release: Kleeb hails signing of Respect for Marriage Act &#8211; Nebraska Democratic Party\",\"isPartOf\":{\"@id\":\"https:\\\/\\\/nebraskademocrats.org\\\/#website\"},\"datePublished\":\"2022-12-13T21:39:57+00:00\",\"dateModified\":\"2022-12-13T21:42:40+00:00\",\"breadcrumb\":{\"@id\":\"https:\\\/\\\/nebraskademocrats.org\\\/press-releases\\\/press-release-kleeb-hails-signing-of-respect-for-marriage-act\\\/#breadcrumb\"},\"inLanguage\":\"vi\",\"potentialAction\":[{\"@type\":\"ReadAction\",\"target\":[\"https:\\\/\\\/nebraskademocrats.org\\\/press-releases\\\/press-release-kleeb-hails-signing-of-respect-for-marriage-act\\\/\"]}]},{\"@type\":\"BreadcrumbList\",\"@id\":\"https:\\\/\\\/nebraskademocrats.org\\\/press-releases\\\/press-release-kleeb-hails-signing-of-respect-for-marriage-act\\\/#breadcrumb\",\"itemListElement\":[{\"@type\":\"ListItem\",\"position\":1,\"name\":\"Home\",\"item\":\"https:\\\/\\\/nebraskademocrats.org\\\/\"},{\"@type\":\"ListItem\",\"position\":2,\"name\":\"Press release: Kleeb hails signing of Respect for Marriage Act\"}]},{\"@type\":\"WebSite\",\"@id\":\"https:\\\/\\\/nebraskademocrats.org\\\/#website\",\"url\":\"https:\\\/\\\/nebraskademocrats.org\\\/\",\"name\":\"Nebraska Democratic Party\",\"description\":\"Growing the Good Life for All Nebraskans\",\"publisher\":{\"@id\":\"https:\\\/\\\/nebraskademocrats.org\\\/#organization\"},\"potentialAction\":[{\"@type\":\"SearchAction\",\"target\":{\"@type\":\"EntryPoint\",\"urlTemplate\":\"https:\\\/\\\/nebraskademocrats.org\\\/?s={search_term_string}\"},\"query-input\":{\"@type\":\"PropertyValueSpecification\",\"valueRequired\":true,\"valueName\":\"search_term_string\"}}],\"inLanguage\":\"vi\"},{\"@type\":\"Organization\",\"@id\":\"https:\\\/\\\/nebraskademocrats.org\\\/#organization\",\"name\":\"Nebraska Democratic Party\",\"url\":\"https:\\\/\\\/nebraskademocrats.org\\\/\",\"logo\":{\"@type\":\"ImageObject\",\"inLanguage\":\"vi\",\"@id\":\"https:\\\/\\\/nebraskademocrats.org\\\/#\\\/schema\\\/logo\\\/image\\\/\",\"url\":\"https:\\\/\\\/nebraskadem.wpenginepowered.com\\\/wp-content\\\/uploads\\\/2016\\\/05\\\/NDP2.jpg\",\"contentUrl\":\"https:\\\/\\\/nebraskadem.wpenginepowered.com\\\/wp-content\\\/uploads\\\/2016\\\/05\\\/NDP2.jpg\",\"width\":1000,\"height\":396,\"caption\":\"Nebraska Democratic Party\"},\"image\":{\"@id\":\"https:\\\/\\\/nebraskademocrats.org\\\/#\\\/schema\\\/logo\\\/image\\\/\"},\"sameAs\":[\"https:\\\/\\\/www.facebook.com\\\/NebraskaDemocraticParty\\\/\",\"https:\\\/\\\/x.com\\\/nebraskadems\"]},{\"@type\":\"Person\",\"@id\":\"https:\\\/\\\/nebraskademocrats.org\\\/#\\\/schema\\\/person\\\/33e011ea0795f404810dc40828bcf289\",\"name\":\"Precious McKesson\",\"image\":{\"@type\":\"ImageObject\",\"inLanguage\":\"vi\",\"@id\":\"https:\\\/\\\/secure.gravatar.com\\\/avatar\\\/35046e19b3373116ec64c07d386d3312028d3820dc0ffe65c344bcebc8ea9194?s=96&d=mm&r=g\",\"url\":\"https:\\\/\\\/secure.gravatar.com\\\/avatar\\\/35046e19b3373116ec64c07d386d3312028d3820dc0ffe65c344bcebc8ea9194?s=96&d=mm&r=g\",\"contentUrl\":\"https:\\\/\\\/secure.gravatar.com\\\/avatar\\\/35046e19b3373116ec64c07d386d3312028d3820dc0ffe65c344bcebc8ea9194?s=96&d=mm&r=g\",\"caption\":\"Precious McKesson\"}}]}<\/script>\n<!-- \/ Yoast SEO plugin. -->","yoast_head_json":{"title":"Press release: Kleeb hails signing of Respect for Marriage Act &#8211; Nebraska Democratic Party","robots":{"index":"index","follow":"follow","max-snippet":"max-snippet:-1","max-image-preview":"max-image-preview:large","max-video-preview":"max-video-preview:-1"},"canonical":"https:\/\/nebraskademocrats.org\/vi\/press-releases\/press-release-kleeb-hails-signing-of-respect-for-marriage-act\/","og_locale":"vi_VN","og_type":"article","og_title":"Press release: Kleeb hails signing of Respect for Marriage Act &#8211; Nebraska Democratic Party","og_description":"Nebraska Democratic Party Chair Jane Kleeb hailed the Respect for Marriage Act signed into law Tuesday by President Joe Biden. \u201cThis was a historic, bipartisan effort that reaffirms that Americans should have the right to marry the person they love,\u201d Kleeb said. \u201cUnfortunately, Republican Sens. Deb Fischer and Ben Sasse and Reps. Mike Flood and ... Read more","og_url":"https:\/\/nebraskademocrats.org\/vi\/press-releases\/press-release-kleeb-hails-signing-of-respect-for-marriage-act\/","og_site_name":"Nebraska Democratic Party","article_publisher":"https:\/\/www.facebook.com\/NebraskaDemocraticParty\/","article_published_time":"2022-12-13T21:39:57+00:00","article_modified_time":"2022-12-13T21:42:40+00:00","og_image":[{"width":1200,"height":630,"url":"https:\/\/nebraskademocrats.org\/wp-content\/uploads\/2018\/09\/ne-dems-fb.jpg","type":"image\/jpeg"}],"author":"Precious McKesson","twitter_card":"summary_large_image","twitter_creator":"@nebraskadems","twitter_site":"@nebraskadems","twitter_misc":{"\u0110\u01b0\u1ee3c vi\u1ebft b\u1edfi":"Precious McKesson","\u01af\u1edbc t\u00ednh th\u1eddi gian \u0111\u1ecdc":"1 ph\u00fat"},"schema":{"@context":"https:\/\/schema.org","@graph":[{"@type":"Article","@id":"https:\/\/nebraskademocrats.org\/press-releases\/press-release-kleeb-hails-signing-of-respect-for-marriage-act\/#article","isPartOf":{"@id":"https:\/\/nebraskademocrats.org\/press-releases\/press-release-kleeb-hails-signing-of-respect-for-marriage-act\/"},"author":{"name":"Precious McKesson","@id":"https:\/\/nebraskademocrats.org\/#\/schema\/person\/33e011ea0795f404810dc40828bcf289"},"headline":"Press release: Kleeb hails signing of Respect for Marriage Act","datePublished":"2022-12-13T21:39:57+00:00","dateModified":"2022-12-13T21:42:40+00:00","mainEntityOfPage":{"@id":"https:\/\/nebraskademocrats.org\/press-releases\/press-release-kleeb-hails-signing-of-respect-for-marriage-act\/"},"wordCount":175,"publisher":{"@id":"https:\/\/nebraskademocrats.org\/#organization"},"articleSection":["Press Releases"],"inLanguage":"vi"},{"@type":"WebPage","@id":"https:\/\/nebraskademocrats.org\/press-releases\/press-release-kleeb-hails-signing-of-respect-for-marriage-act\/","url":"https:\/\/nebraskademocrats.org\/press-releases\/press-release-kleeb-hails-signing-of-respect-for-marriage-act\/","name":"Press release: Kleeb hails signing of Respect for Marriage Act &#8211; Nebraska Democratic Party","isPartOf":{"@id":"https:\/\/nebraskademocrats.org\/#website"},"datePublished":"2022-12-13T21:39:57+00:00","dateModified":"2022-12-13T21:42:40+00:00","breadcrumb":{"@id":"https:\/\/nebraskademocrats.org\/press-releases\/press-release-kleeb-hails-signing-of-respect-for-marriage-act\/#breadcrumb"},"inLanguage":"vi","potentialAction":[{"@type":"ReadAction","target":["https:\/\/nebraskademocrats.org\/press-releases\/press-release-kleeb-hails-signing-of-respect-for-marriage-act\/"]}]},{"@type":"BreadcrumbList","@id":"https:\/\/nebraskademocrats.org\/press-releases\/press-release-kleeb-hails-signing-of-respect-for-marriage-act\/#breadcrumb","itemListElement":[{"@type":"ListItem","position":1,"name":"Home","item":"https:\/\/nebraskademocrats.org\/"},{"@type":"ListItem","position":2,"name":"Press release: Kleeb hails signing of Respect for Marriage Act"}]},{"@type":"WebSite","@id":"https:\/\/nebraskademocrats.org\/#website","url":"https:\/\/nebraskademocrats.org\/","name":"Nebraska Democratic Party","description":"Ph\u00e1t tri\u1ec3n cu\u1ed9c s\u1ed1ng t\u1ed1t \u0111\u1eb9p cho t\u1ea5t c\u1ea3 Nebraskans","publisher":{"@id":"https:\/\/nebraskademocrats.org\/#organization"},"potentialAction":[{"@type":"SearchAction","target":{"@type":"EntryPoint","urlTemplate":"https:\/\/nebraskademocrats.org\/?s={search_term_string}"},"query-input":{"@type":"PropertyValueSpecification","valueRequired":true,"valueName":"search_term_string"}}],"inLanguage":"vi"},{"@type":"Organization","@id":"https:\/\/nebraskademocrats.org\/#organization","name":"Nebraska Democratic Party","url":"https:\/\/nebraskademocrats.org\/","logo":{"@type":"ImageObject","inLanguage":"vi","@id":"https:\/\/nebraskademocrats.org\/#\/schema\/logo\/image\/","url":"https:\/\/nebraskadem.wpenginepowered.com\/wp-content\/uploads\/2016\/05\/NDP2.jpg","contentUrl":"https:\/\/nebraskadem.wpenginepowered.com\/wp-content\/uploads\/2016\/05\/NDP2.jpg","width":1000,"height":396,"caption":"Nebraska Democratic Party"},"image":{"@id":"https:\/\/nebraskademocrats.org\/#\/schema\/logo\/image\/"},"sameAs":["https:\/\/www.facebook.com\/NebraskaDemocraticParty\/","https:\/\/x.com\/nebraskadems"]},{"@type":"Person","@id":"https:\/\/nebraskademocrats.org\/#\/schema\/person\/33e011ea0795f404810dc40828bcf289","name":"McKesson qu\u00fd gi\u00e1","image":{"@type":"ImageObject","inLanguage":"vi","@id":"https:\/\/secure.gravatar.com\/avatar\/35046e19b3373116ec64c07d386d3312028d3820dc0ffe65c344bcebc8ea9194?s=96&d=mm&r=g","url":"https:\/\/secure.gravatar.com\/avatar\/35046e19b3373116ec64c07d386d3312028d3820dc0ffe65c344bcebc8ea9194?s=96&d=mm&r=g","contentUrl":"https:\/\/secure.gravatar.com\/avatar\/35046e19b3373116ec64c07d386d3312028d3820dc0ffe65c344bcebc8ea9194?s=96&d=mm&r=g","caption":"Precious McKesson"}}]}},"_links":{"self":[{"href":"https:\/\/nebraskademocrats.org\/vi\/wp-json\/wp\/v2\/posts\/41548","targetHints":{"allow":["GET"]}}],"collection":[{"href":"https:\/\/nebraskademocrats.org\/vi\/wp-json\/wp\/v2\/posts"}],"about":[{"href":"https:\/\/nebraskademocrats.org\/vi\/wp-json\/wp\/v2\/types\/post"}],"author":[{"embeddable":true,"href":"https:\/\/nebraskademocrats.org\/vi\/wp-json\/wp\/v2\/users\/19"}],"replies":[{"embeddable":true,"href":"https:\/\/nebraskademocrats.org\/vi\/wp-json\/wp\/v2\/comments?post=41548"}],"version-history":[{"count":0,"href":"https:\/\/nebraskademocrats.org\/vi\/wp-json\/wp\/v2\/posts\/41548\/revisions"}],"wp:attachment":[{"href":"https:\/\/nebraskademocrats.org\/vi\/wp-json\/wp\/v2\/media?parent=41548"}],"wp:term":[{"taxonomy":"category","embeddable":true,"href":"https:\/\/nebraskademocrats.org\/vi\/wp-json\/wp\/v2\/categories?post=41548"},{"taxonomy":"post_tag","embeddable":true,"href":"https:\/\/nebraskademocrats.org\/vi\/wp-json\/wp\/v2\/tags?post=41548"}],"curies":[{"name":"wp","href":"https:\/\/api.w.org\/{rel}","templated":true}]}}