{"id":41800,"date":"2023-02-07T21:45:39","date_gmt":"2023-02-08T03:45:39","guid":{"rendered":"https:\/\/nebraskadem.wpenginepowered.com\/?p=41800"},"modified":"2023-02-07T21:45:39","modified_gmt":"2023-02-08T03:45:39","slug":"nebraska-democratic-party-chair-responds-to-president-biden-state-of-the-union-address2023","status":"publish","type":"post","link":"https:\/\/nebraskademocrats.org\/vi\/press-releases\/nebraska-democratic-party-chair-responds-to-president-biden-state-of-the-union-address2023\/","title":{"rendered":"Th\u00f4ng c\u00e1o b\u00e1o ch\u00ed: Ch\u1ee7 t\u1ecbch Nebraska Democratic Party Tr\u1ea3 l\u1eddi Th\u00f4ng \u0111i\u1ec7p Li\u00ean bang c\u1ee7a T\u1ed5ng th\u1ed1ng Biden"},"content":{"rendered":"<h2 dir=\"ltr\" style=\"text-align: center;\">Gh\u1ebf Nebraska Democratic Party \u0111\u00e1p \u1ee9ng<br \/>\nt\u1edbi T\u1ed5ng th\u1ed1ng Biden Th\u00f4ng \u0111i\u1ec7p Li\u00ean bang<\/h2>\n<p dir=\"ltr\">Ph\u1ea3n h\u1ed3i v\u1ec1 T\u00ecnh tr\u1ea1ng Li\u00ean bang t\u1eeb Ch\u1ee7 t\u1ecbch Nebraska Democratic Party Jane Kleeb:<\/p>\n<p dir=\"ltr\">T\u1ed5ng th\u1ed1ng Biden c\u00f3 th\u1ec3 m\u00e3i m\u00e3i \u0111\u01b0\u1ee3c g\u1ecdi l\u00e0 &#039;Jobs Biden&#039; k\u1ec3 t\u1eeb th\u1eddi \u0111i\u1ec3m n\u00e0y tr\u1edf \u0111i. M\u1ee9c t\u0103ng tr\u01b0\u1edfng vi\u1ec7c l\u00e0m l\u1ecbch s\u1eed \u0111ang di\u1ec5n ra d\u01b0\u1edbi th\u1eddi Biden ho\u00e0n to\u00e0n tr\u00e1i ng\u01b0\u1ee3c v\u1edbi n\u1ec1n kinh t\u1ebf c\u1ee7a ch\u00fang ta d\u01b0\u1edbi th\u1eddi Trump.<\/p>\n<p dir=\"ltr\">\u0110\u1ea3ng D\u00e2n ch\u1ee7 \u0111ang cung c\u1ea5p c\u00e1c c\u00f4ng vi\u1ec7c Made in the USA t\u1eeb n\u0103ng l\u01b0\u1ee3ng s\u1ea1ch tr\u00ean kh\u1eafp Nebraska, \u0111\u1ebfn s\u1ea3n xu\u1ea5t ch\u1ea5t b\u00e1n d\u1eabn v\u00e0 th\u00e9p \u1edf Trung T\u00e2y. Vi\u1ec7c l\u00e0m th\u1ef1c t\u1ebf v\u00e0 s\u1ea3n ph\u1ea9m th\u1ef1c s\u1ef1 t\u1eebng \u0111\u01b0\u1ee3c xu\u1ea5t kh\u1ea9u gi\u1edd \u0111ang \u0111\u01b0\u1ee3c s\u1ea3n xu\u1ea5t tr\u00ean kh\u1eafp n\u01b0\u1edbc M\u1ef9.<\/p>\n<p dir=\"ltr\">Trong khi c\u00e1c \u0111\u1ea3ng vi\u00ean C\u1ed9ng h\u00f2a nh\u01b0 H\u1ea1 ngh\u1ecb s\u0129 Flood v\u00e0 Th\u01b0\u1ee3ng ngh\u1ecb s\u0129 Ricketts t\u1eadp trung v\u00e0o c\u00e1c cu\u1ed9c chi\u1ebfn v\u0103n h\u00f3a, th\u00ec c\u00e1c \u0111\u1ea3ng vi\u00ean \u0110\u1ea3ng D\u00e2n ch\u1ee7 l\u1ea1i t\u1eadp trung v\u00e0o vi\u1ec7c b\u1ecf ti\u1ec1n v\u00e0o t\u00fai c\u1ee7a ng\u01b0\u1eddi d\u00e2n Nebraska. Nebraska \u0111\u00e3 nh\u1eadn \u0111\u01b0\u1ee3c $1,04 t\u1ef7 t\u1eeb K\u1ebf ho\u1ea1ch Gi\u1ea3i c\u1ee9u Hoa K\u1ef3 do ch\u00ednh quy\u1ec1n Biden th\u00f4ng qua \u2013 m\u1ed9t d\u1ef1 lu\u1eadt m\u00e0 H\u1ea1 ngh\u1ecb s\u0129 Bacon g\u1ecdi l\u00e0 \u201cd\u1ef1 lu\u1eadt COVID \u0111\u1ea3ng ph\u00e1i.\u201d<\/p>\n<p dir=\"ltr\">\u0110\u1ea3ng D\u00e2n ch\u1ee7 tin v\u00e0o vi\u1ec7c x\u00e2y d\u1ef1ng n\u1ec1n kinh t\u1ebf t\u1eeb d\u01b0\u1edbi l\u00ean v\u00e0 t\u1eeb gi\u1eefa ra ngo\u00e0i. C\u00e1c \u0111\u1ea3ng vi\u00ean C\u1ed9ng h\u00f2a, bao g\u1ed3m c\u1ea3 Don Bacon, \u0111\u01b0\u1ee3c cho l\u00e0 mu\u1ed1n t\u0103ng tu\u1ed5i h\u01b0\u1edfng An sinh x\u00e3 h\u1ed9i trong khi h\u1ecd b\u1ea3o v\u1ec7 t\u1ea7ng l\u1edbp T\u1ef7 ph\u00fa. Pres. Biden \u0111\u00e3 n\u00f3i r\u00f5 r\u1eb1ng \u00f4ng s\u1ebd ho\u00e0n th\u00e0nh c\u00f4ng vi\u1ec7c \u0111\u1ec3 b\u1ea3o v\u1ec7 c\u00e1c ch\u01b0\u01a1ng tr\u00ecnh quan tr\u1ecdng c\u1ee7a t\u1ea7ng l\u1edbp trung l\u01b0u nh\u01b0 An sinh x\u00e3 h\u1ed9i v\u00e0 Ch\u0103m s\u00f3c s\u1ee9c kh\u1ecfe \u0111\u1ed3ng th\u1eddi khi\u1ebfn c\u00e1c T\u1ef7 ph\u00fa ph\u1ea3i tr\u1ea3 ph\u1ea7n c\u00f4ng b\u1eb1ng c\u1ee7a h\u1ecd.<\/p>\n<p dir=\"ltr\">Pres. Biden ti\u1ebfp t\u1ee5c h\u00e0n g\u1eafn linh h\u1ed3n c\u1ee7a \u0111\u1ea5t n\u01b0\u1edbc ch\u00fang ta, \u0111i\u1ec1u \u0111\u00e3 th\u1ec3 hi\u1ec7n r\u00f5 r\u00e0ng trong Th\u00f4ng \u0111i\u1ec7p Li\u00ean bang. C\u00e1c \u0111\u1ea3ng vi\u00ean \u0110\u1ea3ng D\u00e2n ch\u1ee7 Nebraska \u0111\u00e3 s\u1eb5n s\u00e0ng ho\u00e0n th\u00e0nh c\u00f4ng vi\u1ec7c v\u1edbi Pres. Biden.<\/p>\n<p style=\"text-align: center;\">###<\/p>","protected":false},"excerpt":{"rendered":"<p>Nebraska Democratic Party Chair Responds to President Biden State of the Union Address State of the Union response from Nebraska Democratic Party Chair Jane Kleeb: President Biden can forever be called \u2018Jobs Biden\u2019 from this point forward. Historic job growth is happening under Biden in stark contrast to our economy under Trump. Democrats are delivering &#8230; <a title=\"Th\u00f4ng c\u00e1o b\u00e1o ch\u00ed: Ch\u1ee7 t\u1ecbch Nebraska Democratic Party Tr\u1ea3 l\u1eddi Th\u00f4ng \u0111i\u1ec7p Li\u00ean bang c\u1ee7a T\u1ed5ng th\u1ed1ng Biden\" class=\"read-more\" href=\"https:\/\/nebraskademocrats.org\/vi\/press-releases\/nebraska-democratic-party-chair-responds-to-president-biden-state-of-the-union-address2023\/\" aria-label=\"More on Press release: Nebraska Democratic Party Chair Responds to President Biden State of the Union Address\">\u0110\u1ecdc th\u00eam<\/a><\/p>","protected":false},"author":25,"featured_media":0,"comment_status":"closed","ping_status":"closed","sticky":false,"template":"","format":"standard","meta":{"_acf_changed":false,"_exactmetrics_skip_tracking":false,"_exactmetrics_sitenote_active":false,"_exactmetrics_sitenote_note":"","_exactmetrics_sitenote_category":0,"footnotes":""},"categories":[4],"tags":[],"class_list":["post-41800","post","type-post","status-publish","format-standard","hentry","category-press-releases"],"acf":[],"yoast_head":"<!-- This site is optimized with the Yoast SEO plugin v27.4 - https:\/\/yoast.com\/product\/yoast-seo-wordpress\/ -->\n<title>Press release: Nebraska Democratic Party Chair Responds to President Biden State of the Union Address &#8211; Nebraska Democratic Party<\/title>\n<meta name=\"description\" content=\"President Biden can forever be called \u2018Jobs Biden\u2019 from this point forward. Historic job growth is happening under Biden in stark contrast to our economy under Trump.\u00a0Democrats are delivering Made in the USA jobs from clean energy across Nebraska, to manufacturing semiconductors and steel in the Midwest. Real jobs and real products that used to be exported are now being made across America.\" \/>\n<meta name=\"robots\" content=\"index, follow, max-snippet:-1, max-image-preview:large, max-video-preview:-1\" \/>\n<link rel=\"canonical\" href=\"http:\/\/nebraskademocrats.org\/vi\/press-releases\/nebraska-democratic-party-chair-responds-to-president-biden-state-of-the-union-address2023\/\" \/>\n<meta property=\"og:locale\" content=\"vi_VN\" \/>\n<meta property=\"og:type\" content=\"article\" \/>\n<meta property=\"og:title\" content=\"Press release: Nebraska Democratic Party Chair Responds to President Biden State of the Union Address &#8211; Nebraska Democratic Party\" \/>\n<meta property=\"og:description\" content=\"President Biden can forever be called \u2018Jobs Biden\u2019 from this point forward. Historic job growth is happening under Biden in stark contrast to our economy under Trump.\u00a0Democrats are delivering Made in the USA jobs from clean energy across Nebraska, to manufacturing semiconductors and steel in the Midwest. Real jobs and real products that used to be exported are now being made across America.\" \/>\n<meta property=\"og:url\" content=\"http:\/\/nebraskademocrats.org\/vi\/press-releases\/nebraska-democratic-party-chair-responds-to-president-biden-state-of-the-union-address2023\/\" \/>\n<meta property=\"og:site_name\" content=\"Nebraska Democratic Party\" \/>\n<meta property=\"article:publisher\" content=\"https:\/\/www.facebook.com\/NebraskaDemocraticParty\/\" \/>\n<meta property=\"article:published_time\" content=\"2023-02-08T03:45:39+00:00\" \/>\n<meta property=\"og:image\" content=\"https:\/\/nebraskademocrats.org\/wp-content\/uploads\/2018\/09\/ne-dems-fb.jpg\" \/>\n\t<meta property=\"og:image:width\" content=\"1200\" \/>\n\t<meta property=\"og:image:height\" content=\"630\" \/>\n\t<meta property=\"og:image:type\" content=\"image\/jpeg\" \/>\n<meta name=\"author\" content=\"Gina Frank\" \/>\n<meta name=\"twitter:card\" content=\"summary_large_image\" \/>\n<meta name=\"twitter:creator\" content=\"@nebraskadems\" \/>\n<meta name=\"twitter:site\" content=\"@nebraskadems\" \/>\n<meta name=\"twitter:label1\" content=\"\u0110\u01b0\u1ee3c vi\u1ebft b\u1edfi\" \/>\n\t<meta name=\"twitter:data1\" content=\"Gina Frank\" \/>\n\t<meta name=\"twitter:label2\" content=\"\u01af\u1edbc t\u00ednh th\u1eddi gian \u0111\u1ecdc\" \/>\n\t<meta name=\"twitter:data2\" content=\"2 ph\u00fat\" \/>\n<script type=\"application\/ld+json\" class=\"yoast-schema-graph\">{\"@context\":\"https:\\\/\\\/schema.org\",\"@graph\":[{\"@type\":\"Article\",\"@id\":\"http:\\\/\\\/nebraskademocrats.org\\\/zh\\\/press-releases\\\/nebraska-democratic-party-chair-responds-to-president-biden-state-of-the-union-address2023\\\/#article\",\"isPartOf\":{\"@id\":\"http:\\\/\\\/nebraskademocrats.org\\\/zh\\\/press-releases\\\/nebraska-democratic-party-chair-responds-to-president-biden-state-of-the-union-address2023\\\/\"},\"author\":{\"name\":\"Gina Frank\",\"@id\":\"https:\\\/\\\/nebraskademocrats.org\\\/#\\\/schema\\\/person\\\/1adbda838587994c014170c6b52f922d\"},\"headline\":\"Press release: Nebraska Democratic Party Chair Responds to President Biden State of the Union Address\",\"datePublished\":\"2023-02-08T03:45:39+00:00\",\"mainEntityOfPage\":{\"@id\":\"http:\\\/\\\/nebraskademocrats.org\\\/zh\\\/press-releases\\\/nebraska-democratic-party-chair-responds-to-president-biden-state-of-the-union-address2023\\\/\"},\"wordCount\":243,\"publisher\":{\"@id\":\"https:\\\/\\\/nebraskademocrats.org\\\/#organization\"},\"articleSection\":[\"Press Releases\"],\"inLanguage\":\"vi\"},{\"@type\":\"WebPage\",\"@id\":\"http:\\\/\\\/nebraskademocrats.org\\\/zh\\\/press-releases\\\/nebraska-democratic-party-chair-responds-to-president-biden-state-of-the-union-address2023\\\/\",\"url\":\"http:\\\/\\\/nebraskademocrats.org\\\/zh\\\/press-releases\\\/nebraska-democratic-party-chair-responds-to-president-biden-state-of-the-union-address2023\\\/\",\"name\":\"Press release: Nebraska Democratic Party Chair Responds to President Biden State of the Union Address &#8211; Nebraska Democratic Party\",\"isPartOf\":{\"@id\":\"https:\\\/\\\/nebraskademocrats.org\\\/#website\"},\"datePublished\":\"2023-02-08T03:45:39+00:00\",\"description\":\"President Biden can forever be called \u2018Jobs Biden\u2019 from this point forward. Historic job growth is happening under Biden in stark contrast to our economy under Trump.\u00a0Democrats are delivering Made in the USA jobs from clean energy across Nebraska, to manufacturing semiconductors and steel in the Midwest. Real jobs and real products that used to be exported are now being made across America.\",\"breadcrumb\":{\"@id\":\"http:\\\/\\\/nebraskademocrats.org\\\/zh\\\/press-releases\\\/nebraska-democratic-party-chair-responds-to-president-biden-state-of-the-union-address2023\\\/#breadcrumb\"},\"inLanguage\":\"vi\",\"potentialAction\":[{\"@type\":\"ReadAction\",\"target\":[\"http:\\\/\\\/nebraskademocrats.org\\\/zh\\\/press-releases\\\/nebraska-democratic-party-chair-responds-to-president-biden-state-of-the-union-address2023\\\/\"]}]},{\"@type\":\"BreadcrumbList\",\"@id\":\"http:\\\/\\\/nebraskademocrats.org\\\/zh\\\/press-releases\\\/nebraska-democratic-party-chair-responds-to-president-biden-state-of-the-union-address2023\\\/#breadcrumb\",\"itemListElement\":[{\"@type\":\"ListItem\",\"position\":1,\"name\":\"Home\",\"item\":\"https:\\\/\\\/nebraskademocrats.org\\\/\"},{\"@type\":\"ListItem\",\"position\":2,\"name\":\"Press release: Nebraska Democratic Party Chair Responds to President Biden State of the Union Address\"}]},{\"@type\":\"WebSite\",\"@id\":\"https:\\\/\\\/nebraskademocrats.org\\\/#website\",\"url\":\"https:\\\/\\\/nebraskademocrats.org\\\/\",\"name\":\"Nebraska Democratic Party\",\"description\":\"Growing the Good Life for All Nebraskans\",\"publisher\":{\"@id\":\"https:\\\/\\\/nebraskademocrats.org\\\/#organization\"},\"potentialAction\":[{\"@type\":\"SearchAction\",\"target\":{\"@type\":\"EntryPoint\",\"urlTemplate\":\"https:\\\/\\\/nebraskademocrats.org\\\/?s={search_term_string}\"},\"query-input\":{\"@type\":\"PropertyValueSpecification\",\"valueRequired\":true,\"valueName\":\"search_term_string\"}}],\"inLanguage\":\"vi\"},{\"@type\":\"Organization\",\"@id\":\"https:\\\/\\\/nebraskademocrats.org\\\/#organization\",\"name\":\"Nebraska Democratic Party\",\"url\":\"https:\\\/\\\/nebraskademocrats.org\\\/\",\"logo\":{\"@type\":\"ImageObject\",\"inLanguage\":\"vi\",\"@id\":\"https:\\\/\\\/nebraskademocrats.org\\\/#\\\/schema\\\/logo\\\/image\\\/\",\"url\":\"https:\\\/\\\/nebraskadem.wpenginepowered.com\\\/wp-content\\\/uploads\\\/2016\\\/05\\\/NDP2.jpg\",\"contentUrl\":\"https:\\\/\\\/nebraskadem.wpenginepowered.com\\\/wp-content\\\/uploads\\\/2016\\\/05\\\/NDP2.jpg\",\"width\":1000,\"height\":396,\"caption\":\"Nebraska Democratic Party\"},\"image\":{\"@id\":\"https:\\\/\\\/nebraskademocrats.org\\\/#\\\/schema\\\/logo\\\/image\\\/\"},\"sameAs\":[\"https:\\\/\\\/www.facebook.com\\\/NebraskaDemocraticParty\\\/\",\"https:\\\/\\\/x.com\\\/nebraskadems\"]},{\"@type\":\"Person\",\"@id\":\"https:\\\/\\\/nebraskademocrats.org\\\/#\\\/schema\\\/person\\\/1adbda838587994c014170c6b52f922d\",\"name\":\"Gina Frank\",\"image\":{\"@type\":\"ImageObject\",\"inLanguage\":\"vi\",\"@id\":\"https:\\\/\\\/secure.gravatar.com\\\/avatar\\\/dffc4c14f395d6dab2f0f83ae204a543f6fa6cbac7c6c1ac9153a90925f313f0?s=96&d=mm&r=g\",\"url\":\"https:\\\/\\\/secure.gravatar.com\\\/avatar\\\/dffc4c14f395d6dab2f0f83ae204a543f6fa6cbac7c6c1ac9153a90925f313f0?s=96&d=mm&r=g\",\"contentUrl\":\"https:\\\/\\\/secure.gravatar.com\\\/avatar\\\/dffc4c14f395d6dab2f0f83ae204a543f6fa6cbac7c6c1ac9153a90925f313f0?s=96&d=mm&r=g\",\"caption\":\"Gina Frank\"}}]}<\/script>\n<!-- \/ Yoast SEO plugin. -->","yoast_head_json":{"title":"Press release: Nebraska Democratic Party Chair Responds to President Biden State of the Union Address &#8211; Nebraska Democratic Party","description":"President Biden can forever be called \u2018Jobs Biden\u2019 from this point forward. Historic job growth is happening under Biden in stark contrast to our economy under Trump.\u00a0Democrats are delivering Made in the USA jobs from clean energy across Nebraska, to manufacturing semiconductors and steel in the Midwest. Real jobs and real products that used to be exported are now being made across America.","robots":{"index":"index","follow":"follow","max-snippet":"max-snippet:-1","max-image-preview":"max-image-preview:large","max-video-preview":"max-video-preview:-1"},"canonical":"http:\/\/nebraskademocrats.org\/vi\/press-releases\/nebraska-democratic-party-chair-responds-to-president-biden-state-of-the-union-address2023\/","og_locale":"vi_VN","og_type":"article","og_title":"Press release: Nebraska Democratic Party Chair Responds to President Biden State of the Union Address &#8211; Nebraska Democratic Party","og_description":"President Biden can forever be called \u2018Jobs Biden\u2019 from this point forward. Historic job growth is happening under Biden in stark contrast to our economy under Trump.\u00a0Democrats are delivering Made in the USA jobs from clean energy across Nebraska, to manufacturing semiconductors and steel in the Midwest. Real jobs and real products that used to be exported are now being made across America.","og_url":"http:\/\/nebraskademocrats.org\/vi\/press-releases\/nebraska-democratic-party-chair-responds-to-president-biden-state-of-the-union-address2023\/","og_site_name":"Nebraska Democratic Party","article_publisher":"https:\/\/www.facebook.com\/NebraskaDemocraticParty\/","article_published_time":"2023-02-08T03:45:39+00:00","og_image":[{"width":1200,"height":630,"url":"https:\/\/nebraskademocrats.org\/wp-content\/uploads\/2018\/09\/ne-dems-fb.jpg","type":"image\/jpeg"}],"author":"Gina Frank","twitter_card":"summary_large_image","twitter_creator":"@nebraskadems","twitter_site":"@nebraskadems","twitter_misc":{"\u0110\u01b0\u1ee3c vi\u1ebft b\u1edfi":"Gina Frank","\u01af\u1edbc t\u00ednh th\u1eddi gian \u0111\u1ecdc":"2 ph\u00fat"},"schema":{"@context":"https:\/\/schema.org","@graph":[{"@type":"Article","@id":"http:\/\/nebraskademocrats.org\/zh\/press-releases\/nebraska-democratic-party-chair-responds-to-president-biden-state-of-the-union-address2023\/#article","isPartOf":{"@id":"http:\/\/nebraskademocrats.org\/zh\/press-releases\/nebraska-democratic-party-chair-responds-to-president-biden-state-of-the-union-address2023\/"},"author":{"name":"Gina Frank","@id":"https:\/\/nebraskademocrats.org\/#\/schema\/person\/1adbda838587994c014170c6b52f922d"},"headline":"Press release: Nebraska Democratic Party Chair Responds to President Biden State of the Union Address","datePublished":"2023-02-08T03:45:39+00:00","mainEntityOfPage":{"@id":"http:\/\/nebraskademocrats.org\/zh\/press-releases\/nebraska-democratic-party-chair-responds-to-president-biden-state-of-the-union-address2023\/"},"wordCount":243,"publisher":{"@id":"https:\/\/nebraskademocrats.org\/#organization"},"articleSection":["Press Releases"],"inLanguage":"vi"},{"@type":"WebPage","@id":"http:\/\/nebraskademocrats.org\/zh\/press-releases\/nebraska-democratic-party-chair-responds-to-president-biden-state-of-the-union-address2023\/","url":"http:\/\/nebraskademocrats.org\/zh\/press-releases\/nebraska-democratic-party-chair-responds-to-president-biden-state-of-the-union-address2023\/","name":"Press release: Nebraska Democratic Party Chair Responds to President Biden State of the Union Address &#8211; Nebraska Democratic Party","isPartOf":{"@id":"https:\/\/nebraskademocrats.org\/#website"},"datePublished":"2023-02-08T03:45:39+00:00","description":"President Biden can forever be called \u2018Jobs Biden\u2019 from this point forward. Historic job growth is happening under Biden in stark contrast to our economy under Trump.\u00a0Democrats are delivering Made in the USA jobs from clean energy across Nebraska, to manufacturing semiconductors and steel in the Midwest. Real jobs and real products that used to be exported are now being made across America.","breadcrumb":{"@id":"http:\/\/nebraskademocrats.org\/zh\/press-releases\/nebraska-democratic-party-chair-responds-to-president-biden-state-of-the-union-address2023\/#breadcrumb"},"inLanguage":"vi","potentialAction":[{"@type":"ReadAction","target":["http:\/\/nebraskademocrats.org\/zh\/press-releases\/nebraska-democratic-party-chair-responds-to-president-biden-state-of-the-union-address2023\/"]}]},{"@type":"BreadcrumbList","@id":"http:\/\/nebraskademocrats.org\/zh\/press-releases\/nebraska-democratic-party-chair-responds-to-president-biden-state-of-the-union-address2023\/#breadcrumb","itemListElement":[{"@type":"ListItem","position":1,"name":"Home","item":"https:\/\/nebraskademocrats.org\/"},{"@type":"ListItem","position":2,"name":"Press release: Nebraska Democratic Party Chair Responds to President Biden State of the Union Address"}]},{"@type":"WebSite","@id":"https:\/\/nebraskademocrats.org\/#website","url":"https:\/\/nebraskademocrats.org\/","name":"Nebraska Democratic Party","description":"Ph\u00e1t tri\u1ec3n cu\u1ed9c s\u1ed1ng t\u1ed1t \u0111\u1eb9p cho t\u1ea5t c\u1ea3 Nebraskans","publisher":{"@id":"https:\/\/nebraskademocrats.org\/#organization"},"potentialAction":[{"@type":"SearchAction","target":{"@type":"EntryPoint","urlTemplate":"https:\/\/nebraskademocrats.org\/?s={search_term_string}"},"query-input":{"@type":"PropertyValueSpecification","valueRequired":true,"valueName":"search_term_string"}}],"inLanguage":"vi"},{"@type":"Organization","@id":"https:\/\/nebraskademocrats.org\/#organization","name":"Nebraska Democratic Party","url":"https:\/\/nebraskademocrats.org\/","logo":{"@type":"ImageObject","inLanguage":"vi","@id":"https:\/\/nebraskademocrats.org\/#\/schema\/logo\/image\/","url":"https:\/\/nebraskadem.wpenginepowered.com\/wp-content\/uploads\/2016\/05\/NDP2.jpg","contentUrl":"https:\/\/nebraskadem.wpenginepowered.com\/wp-content\/uploads\/2016\/05\/NDP2.jpg","width":1000,"height":396,"caption":"Nebraska Democratic Party"},"image":{"@id":"https:\/\/nebraskademocrats.org\/#\/schema\/logo\/image\/"},"sameAs":["https:\/\/www.facebook.com\/NebraskaDemocraticParty\/","https:\/\/x.com\/nebraskadems"]},{"@type":"Person","@id":"https:\/\/nebraskademocrats.org\/#\/schema\/person\/1adbda838587994c014170c6b52f922d","name":"Gina Frank","image":{"@type":"ImageObject","inLanguage":"vi","@id":"https:\/\/secure.gravatar.com\/avatar\/dffc4c14f395d6dab2f0f83ae204a543f6fa6cbac7c6c1ac9153a90925f313f0?s=96&d=mm&r=g","url":"https:\/\/secure.gravatar.com\/avatar\/dffc4c14f395d6dab2f0f83ae204a543f6fa6cbac7c6c1ac9153a90925f313f0?s=96&d=mm&r=g","contentUrl":"https:\/\/secure.gravatar.com\/avatar\/dffc4c14f395d6dab2f0f83ae204a543f6fa6cbac7c6c1ac9153a90925f313f0?s=96&d=mm&r=g","caption":"Gina Frank"}}]}},"_links":{"self":[{"href":"https:\/\/nebraskademocrats.org\/vi\/wp-json\/wp\/v2\/posts\/41800","targetHints":{"allow":["GET"]}}],"collection":[{"href":"https:\/\/nebraskademocrats.org\/vi\/wp-json\/wp\/v2\/posts"}],"about":[{"href":"https:\/\/nebraskademocrats.org\/vi\/wp-json\/wp\/v2\/types\/post"}],"author":[{"embeddable":true,"href":"https:\/\/nebraskademocrats.org\/vi\/wp-json\/wp\/v2\/users\/25"}],"replies":[{"embeddable":true,"href":"https:\/\/nebraskademocrats.org\/vi\/wp-json\/wp\/v2\/comments?post=41800"}],"version-history":[{"count":0,"href":"https:\/\/nebraskademocrats.org\/vi\/wp-json\/wp\/v2\/posts\/41800\/revisions"}],"wp:attachment":[{"href":"https:\/\/nebraskademocrats.org\/vi\/wp-json\/wp\/v2\/media?parent=41800"}],"wp:term":[{"taxonomy":"category","embeddable":true,"href":"https:\/\/nebraskademocrats.org\/vi\/wp-json\/wp\/v2\/categories?post=41800"},{"taxonomy":"post_tag","embeddable":true,"href":"https:\/\/nebraskademocrats.org\/vi\/wp-json\/wp\/v2\/tags?post=41800"}],"curies":[{"name":"wp","href":"https:\/\/api.w.org\/{rel}","templated":true}]}}