{"id":42308,"date":"2023-04-04T15:27:46","date_gmt":"2023-04-04T20:27:46","guid":{"rendered":"https:\/\/nebraskadem.wpenginepowered.com\/?p=42308"},"modified":"2023-04-04T15:27:46","modified_gmt":"2023-04-04T20:27:46","slug":"the-nebraska-democratic-party-chair-jane-kleebs-response-regarding-former-president-trumps-arraignment-and-charges-today","status":"publish","type":"post","link":"https:\/\/nebraskademocrats.org\/vi\/press-releases\/the-nebraska-democratic-party-chair-jane-kleebs-response-regarding-former-president-trumps-arraignment-and-charges-today\/","title":{"rendered":"Ph\u1ea3n \u1ee9ng c\u1ee7a Ch\u1ee7 t\u1ecbch Nebraska Democratic Party Jane Kleeb li\u00ean quan \u0111\u1ebfn l\u1eddi bu\u1ed9c t\u1ed9i v\u00e0 c\u00e1o bu\u1ed9c c\u1ee7a c\u1ef1u T\u1ed5ng th\u1ed1ng Trump ng\u00e0y h\u00f4m nay"},"content":{"rendered":"<p>\u0110\u1ec2 PH\u00c1T H\u00c0NH NGAY L\u1eacP T\u1ee8C<\/p>\n<p>Ng\u00e0y 4 th\u00e1ng 4 n\u0103m 2023<\/p>\n<p>LINCOLN, NE \u2013 Ph\u1ea3n \u1ee9ng c\u1ee7a Ch\u1ee7 t\u1ecbch Nebraska Democratic Party Jane Kleeb li\u00ean quan \u0111\u1ebfn l\u1eddi bu\u1ed9c t\u1ed9i v\u00e0 c\u00e1o bu\u1ed9c c\u1ee7a c\u1ef1u T\u1ed5ng th\u1ed1ng Trump h\u00f4m nay:<\/p>\n<p>\u201cH\u00f4m nay l\u00e0 m\u1ed9t th\u1eddi kh\u1eafc l\u1ecbch s\u1eed m\u00e0 m\u1ecdi ng\u01b0\u1eddi M\u1ef9 \u1ee7ng h\u1ed9 n\u1ec1n d\u00e2n ch\u1ee7 c\u1ee7a ch\u00fang ta ph\u1ea3i bu\u1ed9c Trump ph\u1ea3i ch\u1ecbu tr\u00e1ch nhi\u1ec7m v\u1ec1 nh\u1eefng l\u1eddi d\u1ed1i tr\u00e1 v\u00e0 tham nh\u0169ng c\u1ee7a m\u00ecnh. Nh\u1eefng tuy\u00ean b\u1ed1 milquetoast c\u1ee7a D\u00e2n bi\u1ec3u Bacon kh\u00f4ng quy tr\u00e1ch nhi\u1ec7m cho Trump. Thay v\u00e0o \u0111\u00f3, Bacon \u0111ang c\u00f9ng v\u1edbi nh\u1eefng \u0111\u1ea3ng vi\u00ean C\u1ed9ng h\u00f2a c\u1ef1c \u0111oan nh\u01b0 Marjorie Taylor Greene gieo m\u1ea7m nghi ng\u1edd v\u00e0o h\u1ec7 th\u1ed1ng ph\u00e1p lu\u1eadt c\u1ee7a ch\u00fang ta v\u00e0 g\u00e2y kh\u00f3 kh\u0103n h\u01a1n cho vi\u1ec7c th\u1ef1c thi c\u00f4ng l\u00fd. Bacon kh\u00f4ng th\u1ec3 c\u00f3 c\u1ea3 hai c\u00e1ch \u2013 \u00f4ng \u1ea5y tin r\u1eb1ng kh\u00f4ng ai \u0111\u1ee9ng tr\u00ean lu\u1eadt ph\u00e1p ho\u1eb7c \u00f4ng \u1ea5y tin v\u00e0o vi\u1ec7c t\u1ea1o v\u1ecf b\u1ecdc ch\u00ednh tr\u1ecb cho Trump.\u201d<\/p>\n<p style=\"text-align: left;\">\n<p style=\"text-align: center;\">###<\/p>","protected":false},"excerpt":{"rendered":"<p>FOR IMMEDIATE RELEASE April 4, 2023 LINCOLN, NE &#8211; The Nebraska Democratic Party Chair Jane Kleeb\u2019s response regarding former President Trump&#8217;s arraignment and charges today: &#8220;Today is a historic moment where every American who supports our democracy should be holding Trump accountable for his lies and corruption. Rep. Bacon\u2019s milquetoast statements do not hold Trump &#8230; <a title=\"The Nebraska Democratic Party Chair Jane Kleeb\u2019s response regarding former President Trump&#8217;s arraignment and charges today\" class=\"read-more\" href=\"https:\/\/nebraskademocrats.org\/vi\/press-releases\/the-nebraska-democratic-party-chair-jane-kleebs-response-regarding-former-president-trumps-arraignment-and-charges-today\/\" aria-label=\"More on The Nebraska Democratic Party Chair Jane Kleeb\u2019s response regarding former President Trump&#8217;s arraignment and charges today\">\u0110\u1ecdc th\u00eam<\/a><\/p>","protected":false},"author":25,"featured_media":0,"comment_status":"closed","ping_status":"closed","sticky":false,"template":"","format":"standard","meta":{"_acf_changed":false,"_exactmetrics_skip_tracking":false,"_exactmetrics_sitenote_active":false,"_exactmetrics_sitenote_note":"","_exactmetrics_sitenote_category":0,"footnotes":""},"categories":[4],"tags":[],"class_list":["post-42308","post","type-post","status-publish","format-standard","hentry","category-press-releases"],"acf":[],"yoast_head":"<!-- This site is optimized with the Yoast SEO plugin v27.4 - https:\/\/yoast.com\/product\/yoast-seo-wordpress\/ -->\n<title>The Nebraska Democratic Party Chair Jane Kleeb\u2019s response regarding former President Trump&#039;s arraignment and charges today &#8211; Nebraska Democratic Party<\/title>\n<meta name=\"robots\" content=\"index, follow, max-snippet:-1, max-image-preview:large, max-video-preview:-1\" \/>\n<link rel=\"canonical\" href=\"http:\/\/nebraskademocrats.org\/vi\/press-releases\/the-nebraska-democratic-party-chair-jane-kleebs-response-regarding-former-president-trumps-arraignment-and-charges-today\/\" \/>\n<meta property=\"og:locale\" content=\"vi_VN\" \/>\n<meta property=\"og:type\" content=\"article\" \/>\n<meta property=\"og:title\" content=\"The Nebraska Democratic Party Chair Jane Kleeb\u2019s response regarding former President Trump&#039;s arraignment and charges today &#8211; Nebraska Democratic Party\" \/>\n<meta property=\"og:description\" content=\"FOR IMMEDIATE RELEASE April 4, 2023 LINCOLN, NE &#8211; The Nebraska Democratic Party Chair Jane Kleeb\u2019s response regarding former President Trump&#8217;s arraignment and charges today: &#8220;Today is a historic moment where every American who supports our democracy should be holding Trump accountable for his lies and corruption. Rep. Bacon\u2019s milquetoast statements do not hold Trump ... Read more\" \/>\n<meta property=\"og:url\" content=\"http:\/\/nebraskademocrats.org\/vi\/press-releases\/the-nebraska-democratic-party-chair-jane-kleebs-response-regarding-former-president-trumps-arraignment-and-charges-today\/\" \/>\n<meta property=\"og:site_name\" content=\"Nebraska Democratic Party\" \/>\n<meta property=\"article:publisher\" content=\"https:\/\/www.facebook.com\/NebraskaDemocraticParty\/\" \/>\n<meta property=\"article:published_time\" content=\"2023-04-04T20:27:46+00:00\" \/>\n<meta property=\"og:image\" content=\"https:\/\/nebraskademocrats.org\/wp-content\/uploads\/2018\/09\/ne-dems-fb.jpg\" \/>\n\t<meta property=\"og:image:width\" content=\"1200\" \/>\n\t<meta property=\"og:image:height\" content=\"630\" \/>\n\t<meta property=\"og:image:type\" content=\"image\/jpeg\" \/>\n<meta name=\"author\" content=\"Gina Frank\" \/>\n<meta name=\"twitter:card\" content=\"summary_large_image\" \/>\n<meta name=\"twitter:creator\" content=\"@nebraskadems\" \/>\n<meta name=\"twitter:site\" content=\"@nebraskadems\" \/>\n<meta name=\"twitter:label1\" content=\"\u0110\u01b0\u1ee3c vi\u1ebft b\u1edfi\" \/>\n\t<meta name=\"twitter:data1\" content=\"Gina Frank\" \/>\n\t<meta name=\"twitter:label2\" content=\"\u01af\u1edbc t\u00ednh th\u1eddi gian \u0111\u1ecdc\" \/>\n\t<meta name=\"twitter:data2\" content=\"1 ph\u00fat\" \/>\n<script type=\"application\/ld+json\" class=\"yoast-schema-graph\">{\"@context\":\"https:\\\/\\\/schema.org\",\"@graph\":[{\"@type\":\"Article\",\"@id\":\"http:\\\/\\\/nebraskademocrats.org\\\/zh\\\/press-releases\\\/the-nebraska-democratic-party-chair-jane-kleebs-response-regarding-former-president-trumps-arraignment-and-charges-today\\\/#article\",\"isPartOf\":{\"@id\":\"http:\\\/\\\/nebraskademocrats.org\\\/zh\\\/press-releases\\\/the-nebraska-democratic-party-chair-jane-kleebs-response-regarding-former-president-trumps-arraignment-and-charges-today\\\/\"},\"author\":{\"name\":\"Gina Frank\",\"@id\":\"https:\\\/\\\/nebraskademocrats.org\\\/#\\\/schema\\\/person\\\/1adbda838587994c014170c6b52f922d\"},\"headline\":\"The Nebraska Democratic Party Chair Jane Kleeb\u2019s response regarding former President Trump&#8217;s arraignment and charges today\",\"datePublished\":\"2023-04-04T20:27:46+00:00\",\"mainEntityOfPage\":{\"@id\":\"http:\\\/\\\/nebraskademocrats.org\\\/zh\\\/press-releases\\\/the-nebraska-democratic-party-chair-jane-kleebs-response-regarding-former-president-trumps-arraignment-and-charges-today\\\/\"},\"wordCount\":129,\"publisher\":{\"@id\":\"https:\\\/\\\/nebraskademocrats.org\\\/#organization\"},\"articleSection\":[\"Press Releases\"],\"inLanguage\":\"vi\"},{\"@type\":\"WebPage\",\"@id\":\"http:\\\/\\\/nebraskademocrats.org\\\/zh\\\/press-releases\\\/the-nebraska-democratic-party-chair-jane-kleebs-response-regarding-former-president-trumps-arraignment-and-charges-today\\\/\",\"url\":\"http:\\\/\\\/nebraskademocrats.org\\\/zh\\\/press-releases\\\/the-nebraska-democratic-party-chair-jane-kleebs-response-regarding-former-president-trumps-arraignment-and-charges-today\\\/\",\"name\":\"The Nebraska Democratic Party Chair Jane Kleeb\u2019s response regarding former President Trump's arraignment and charges today &#8211; Nebraska Democratic Party\",\"isPartOf\":{\"@id\":\"https:\\\/\\\/nebraskademocrats.org\\\/#website\"},\"datePublished\":\"2023-04-04T20:27:46+00:00\",\"breadcrumb\":{\"@id\":\"http:\\\/\\\/nebraskademocrats.org\\\/zh\\\/press-releases\\\/the-nebraska-democratic-party-chair-jane-kleebs-response-regarding-former-president-trumps-arraignment-and-charges-today\\\/#breadcrumb\"},\"inLanguage\":\"vi\",\"potentialAction\":[{\"@type\":\"ReadAction\",\"target\":[\"http:\\\/\\\/nebraskademocrats.org\\\/zh\\\/press-releases\\\/the-nebraska-democratic-party-chair-jane-kleebs-response-regarding-former-president-trumps-arraignment-and-charges-today\\\/\"]}]},{\"@type\":\"BreadcrumbList\",\"@id\":\"http:\\\/\\\/nebraskademocrats.org\\\/zh\\\/press-releases\\\/the-nebraska-democratic-party-chair-jane-kleebs-response-regarding-former-president-trumps-arraignment-and-charges-today\\\/#breadcrumb\",\"itemListElement\":[{\"@type\":\"ListItem\",\"position\":1,\"name\":\"Home\",\"item\":\"https:\\\/\\\/nebraskademocrats.org\\\/\"},{\"@type\":\"ListItem\",\"position\":2,\"name\":\"The Nebraska Democratic Party Chair Jane Kleeb\u2019s response regarding former President Trump&#8217;s arraignment and charges today\"}]},{\"@type\":\"WebSite\",\"@id\":\"https:\\\/\\\/nebraskademocrats.org\\\/#website\",\"url\":\"https:\\\/\\\/nebraskademocrats.org\\\/\",\"name\":\"Nebraska Democratic Party\",\"description\":\"Growing the Good Life for All Nebraskans\",\"publisher\":{\"@id\":\"https:\\\/\\\/nebraskademocrats.org\\\/#organization\"},\"potentialAction\":[{\"@type\":\"SearchAction\",\"target\":{\"@type\":\"EntryPoint\",\"urlTemplate\":\"https:\\\/\\\/nebraskademocrats.org\\\/?s={search_term_string}\"},\"query-input\":{\"@type\":\"PropertyValueSpecification\",\"valueRequired\":true,\"valueName\":\"search_term_string\"}}],\"inLanguage\":\"vi\"},{\"@type\":\"Organization\",\"@id\":\"https:\\\/\\\/nebraskademocrats.org\\\/#organization\",\"name\":\"Nebraska Democratic Party\",\"url\":\"https:\\\/\\\/nebraskademocrats.org\\\/\",\"logo\":{\"@type\":\"ImageObject\",\"inLanguage\":\"vi\",\"@id\":\"https:\\\/\\\/nebraskademocrats.org\\\/#\\\/schema\\\/logo\\\/image\\\/\",\"url\":\"https:\\\/\\\/nebraskadem.wpenginepowered.com\\\/wp-content\\\/uploads\\\/2016\\\/05\\\/NDP2.jpg\",\"contentUrl\":\"https:\\\/\\\/nebraskadem.wpenginepowered.com\\\/wp-content\\\/uploads\\\/2016\\\/05\\\/NDP2.jpg\",\"width\":1000,\"height\":396,\"caption\":\"Nebraska Democratic Party\"},\"image\":{\"@id\":\"https:\\\/\\\/nebraskademocrats.org\\\/#\\\/schema\\\/logo\\\/image\\\/\"},\"sameAs\":[\"https:\\\/\\\/www.facebook.com\\\/NebraskaDemocraticParty\\\/\",\"https:\\\/\\\/x.com\\\/nebraskadems\"]},{\"@type\":\"Person\",\"@id\":\"https:\\\/\\\/nebraskademocrats.org\\\/#\\\/schema\\\/person\\\/1adbda838587994c014170c6b52f922d\",\"name\":\"Gina Frank\",\"image\":{\"@type\":\"ImageObject\",\"inLanguage\":\"vi\",\"@id\":\"https:\\\/\\\/secure.gravatar.com\\\/avatar\\\/dffc4c14f395d6dab2f0f83ae204a543f6fa6cbac7c6c1ac9153a90925f313f0?s=96&d=mm&r=g\",\"url\":\"https:\\\/\\\/secure.gravatar.com\\\/avatar\\\/dffc4c14f395d6dab2f0f83ae204a543f6fa6cbac7c6c1ac9153a90925f313f0?s=96&d=mm&r=g\",\"contentUrl\":\"https:\\\/\\\/secure.gravatar.com\\\/avatar\\\/dffc4c14f395d6dab2f0f83ae204a543f6fa6cbac7c6c1ac9153a90925f313f0?s=96&d=mm&r=g\",\"caption\":\"Gina Frank\"}}]}<\/script>\n<!-- \/ Yoast SEO plugin. -->","yoast_head_json":{"title":"The Nebraska Democratic Party Chair Jane Kleeb\u2019s response regarding former President Trump's arraignment and charges today &#8211; Nebraska Democratic Party","robots":{"index":"index","follow":"follow","max-snippet":"max-snippet:-1","max-image-preview":"max-image-preview:large","max-video-preview":"max-video-preview:-1"},"canonical":"http:\/\/nebraskademocrats.org\/vi\/press-releases\/the-nebraska-democratic-party-chair-jane-kleebs-response-regarding-former-president-trumps-arraignment-and-charges-today\/","og_locale":"vi_VN","og_type":"article","og_title":"The Nebraska Democratic Party Chair Jane Kleeb\u2019s response regarding former President Trump's arraignment and charges today &#8211; Nebraska Democratic Party","og_description":"FOR IMMEDIATE RELEASE April 4, 2023 LINCOLN, NE &#8211; The Nebraska Democratic Party Chair Jane Kleeb\u2019s response regarding former President Trump&#8217;s arraignment and charges today: &#8220;Today is a historic moment where every American who supports our democracy should be holding Trump accountable for his lies and corruption. Rep. Bacon\u2019s milquetoast statements do not hold Trump ... Read more","og_url":"http:\/\/nebraskademocrats.org\/vi\/press-releases\/the-nebraska-democratic-party-chair-jane-kleebs-response-regarding-former-president-trumps-arraignment-and-charges-today\/","og_site_name":"Nebraska Democratic Party","article_publisher":"https:\/\/www.facebook.com\/NebraskaDemocraticParty\/","article_published_time":"2023-04-04T20:27:46+00:00","og_image":[{"width":1200,"height":630,"url":"https:\/\/nebraskademocrats.org\/wp-content\/uploads\/2018\/09\/ne-dems-fb.jpg","type":"image\/jpeg"}],"author":"Gina Frank","twitter_card":"summary_large_image","twitter_creator":"@nebraskadems","twitter_site":"@nebraskadems","twitter_misc":{"\u0110\u01b0\u1ee3c vi\u1ebft b\u1edfi":"Gina Frank","\u01af\u1edbc t\u00ednh th\u1eddi gian \u0111\u1ecdc":"1 ph\u00fat"},"schema":{"@context":"https:\/\/schema.org","@graph":[{"@type":"Article","@id":"http:\/\/nebraskademocrats.org\/zh\/press-releases\/the-nebraska-democratic-party-chair-jane-kleebs-response-regarding-former-president-trumps-arraignment-and-charges-today\/#article","isPartOf":{"@id":"http:\/\/nebraskademocrats.org\/zh\/press-releases\/the-nebraska-democratic-party-chair-jane-kleebs-response-regarding-former-president-trumps-arraignment-and-charges-today\/"},"author":{"name":"Gina Frank","@id":"https:\/\/nebraskademocrats.org\/#\/schema\/person\/1adbda838587994c014170c6b52f922d"},"headline":"The Nebraska Democratic Party Chair Jane Kleeb\u2019s response regarding former President Trump&#8217;s arraignment and charges today","datePublished":"2023-04-04T20:27:46+00:00","mainEntityOfPage":{"@id":"http:\/\/nebraskademocrats.org\/zh\/press-releases\/the-nebraska-democratic-party-chair-jane-kleebs-response-regarding-former-president-trumps-arraignment-and-charges-today\/"},"wordCount":129,"publisher":{"@id":"https:\/\/nebraskademocrats.org\/#organization"},"articleSection":["Press Releases"],"inLanguage":"vi"},{"@type":"WebPage","@id":"http:\/\/nebraskademocrats.org\/zh\/press-releases\/the-nebraska-democratic-party-chair-jane-kleebs-response-regarding-former-president-trumps-arraignment-and-charges-today\/","url":"http:\/\/nebraskademocrats.org\/zh\/press-releases\/the-nebraska-democratic-party-chair-jane-kleebs-response-regarding-former-president-trumps-arraignment-and-charges-today\/","name":"The Nebraska Democratic Party Chair Jane Kleeb\u2019s response regarding former President Trump's arraignment and charges today &#8211; Nebraska Democratic Party","isPartOf":{"@id":"https:\/\/nebraskademocrats.org\/#website"},"datePublished":"2023-04-04T20:27:46+00:00","breadcrumb":{"@id":"http:\/\/nebraskademocrats.org\/zh\/press-releases\/the-nebraska-democratic-party-chair-jane-kleebs-response-regarding-former-president-trumps-arraignment-and-charges-today\/#breadcrumb"},"inLanguage":"vi","potentialAction":[{"@type":"ReadAction","target":["http:\/\/nebraskademocrats.org\/zh\/press-releases\/the-nebraska-democratic-party-chair-jane-kleebs-response-regarding-former-president-trumps-arraignment-and-charges-today\/"]}]},{"@type":"BreadcrumbList","@id":"http:\/\/nebraskademocrats.org\/zh\/press-releases\/the-nebraska-democratic-party-chair-jane-kleebs-response-regarding-former-president-trumps-arraignment-and-charges-today\/#breadcrumb","itemListElement":[{"@type":"ListItem","position":1,"name":"Home","item":"https:\/\/nebraskademocrats.org\/"},{"@type":"ListItem","position":2,"name":"The Nebraska Democratic Party Chair Jane Kleeb\u2019s response regarding former President Trump&#8217;s arraignment and charges today"}]},{"@type":"WebSite","@id":"https:\/\/nebraskademocrats.org\/#website","url":"https:\/\/nebraskademocrats.org\/","name":"Nebraska Democratic Party","description":"Ph\u00e1t tri\u1ec3n cu\u1ed9c s\u1ed1ng t\u1ed1t \u0111\u1eb9p cho t\u1ea5t c\u1ea3 Nebraskans","publisher":{"@id":"https:\/\/nebraskademocrats.org\/#organization"},"potentialAction":[{"@type":"SearchAction","target":{"@type":"EntryPoint","urlTemplate":"https:\/\/nebraskademocrats.org\/?s={search_term_string}"},"query-input":{"@type":"PropertyValueSpecification","valueRequired":true,"valueName":"search_term_string"}}],"inLanguage":"vi"},{"@type":"Organization","@id":"https:\/\/nebraskademocrats.org\/#organization","name":"Nebraska Democratic Party","url":"https:\/\/nebraskademocrats.org\/","logo":{"@type":"ImageObject","inLanguage":"vi","@id":"https:\/\/nebraskademocrats.org\/#\/schema\/logo\/image\/","url":"https:\/\/nebraskadem.wpenginepowered.com\/wp-content\/uploads\/2016\/05\/NDP2.jpg","contentUrl":"https:\/\/nebraskadem.wpenginepowered.com\/wp-content\/uploads\/2016\/05\/NDP2.jpg","width":1000,"height":396,"caption":"Nebraska Democratic Party"},"image":{"@id":"https:\/\/nebraskademocrats.org\/#\/schema\/logo\/image\/"},"sameAs":["https:\/\/www.facebook.com\/NebraskaDemocraticParty\/","https:\/\/x.com\/nebraskadems"]},{"@type":"Person","@id":"https:\/\/nebraskademocrats.org\/#\/schema\/person\/1adbda838587994c014170c6b52f922d","name":"Gina Frank","image":{"@type":"ImageObject","inLanguage":"vi","@id":"https:\/\/secure.gravatar.com\/avatar\/dffc4c14f395d6dab2f0f83ae204a543f6fa6cbac7c6c1ac9153a90925f313f0?s=96&d=mm&r=g","url":"https:\/\/secure.gravatar.com\/avatar\/dffc4c14f395d6dab2f0f83ae204a543f6fa6cbac7c6c1ac9153a90925f313f0?s=96&d=mm&r=g","contentUrl":"https:\/\/secure.gravatar.com\/avatar\/dffc4c14f395d6dab2f0f83ae204a543f6fa6cbac7c6c1ac9153a90925f313f0?s=96&d=mm&r=g","caption":"Gina Frank"}}]}},"_links":{"self":[{"href":"https:\/\/nebraskademocrats.org\/vi\/wp-json\/wp\/v2\/posts\/42308","targetHints":{"allow":["GET"]}}],"collection":[{"href":"https:\/\/nebraskademocrats.org\/vi\/wp-json\/wp\/v2\/posts"}],"about":[{"href":"https:\/\/nebraskademocrats.org\/vi\/wp-json\/wp\/v2\/types\/post"}],"author":[{"embeddable":true,"href":"https:\/\/nebraskademocrats.org\/vi\/wp-json\/wp\/v2\/users\/25"}],"replies":[{"embeddable":true,"href":"https:\/\/nebraskademocrats.org\/vi\/wp-json\/wp\/v2\/comments?post=42308"}],"version-history":[{"count":0,"href":"https:\/\/nebraskademocrats.org\/vi\/wp-json\/wp\/v2\/posts\/42308\/revisions"}],"wp:attachment":[{"href":"https:\/\/nebraskademocrats.org\/vi\/wp-json\/wp\/v2\/media?parent=42308"}],"wp:term":[{"taxonomy":"category","embeddable":true,"href":"https:\/\/nebraskademocrats.org\/vi\/wp-json\/wp\/v2\/categories?post=42308"},{"taxonomy":"post_tag","embeddable":true,"href":"https:\/\/nebraskademocrats.org\/vi\/wp-json\/wp\/v2\/tags?post=42308"}],"curies":[{"name":"wp","href":"https:\/\/api.w.org\/{rel}","templated":true}]}}