{"id":42364,"date":"2023-04-11T16:40:20","date_gmt":"2023-04-11T21:40:20","guid":{"rendered":"https:\/\/nebraskadem.wpenginepowered.com\/?p=42364"},"modified":"2023-04-11T16:42:37","modified_gmt":"2023-04-11T21:42:37","slug":"press-release-ndp-submits-foia-request-regarding-the-geist-bosn-swap","status":"publish","type":"post","link":"https:\/\/nebraskademocrats.org\/vi\/blog\/press-release-ndp-submits-foia-request-regarding-the-geist-bosn-swap\/","title":{"rendered":"Th\u00f4ng c\u00e1o b\u00e1o ch\u00ed: NDP g\u1eedi y\u00eau c\u1ea7u FOIA li\u00ean quan \u0111\u1ebfn ho\u00e1n \u0111\u1ed5i Geist\/Bosn"},"content":{"rendered":"<p>\u0110\u1ec2 PH\u00c1T H\u00c0NH NGAY L\u1eacP T\u1ee8C<\/p>\n<p>Ng\u00e0y 11 th\u00e1ng 4 n\u0103m 2023<\/p>\n<p>Li\u00ean h\u1ec7: Jose Flores, Jr., Gi\u00e1m \u0111\u1ed1c Truy\u1ec1n th\u00f4ng<\/p>\n<p><strong>Nebraska Democratic Party \u0110\u1ec7 tr\u00ecnh Y\u00eau c\u1ea7u \u0110\u1ea1o lu\u1eadt T\u1ef1 do Th\u00f4ng tin l\u00ean V\u0103n ph\u00f2ng Th\u1ed1ng \u0111\u1ed1c Pillen li\u00ean quan \u0111\u1ebfn C\u1ef1u Th\u01b0\u1ee3ng ngh\u1ecb s\u0129 Geist v\u00e0 Th\u01b0\u1ee3ng ngh\u1ecb s\u0129 thay th\u1ebf ngay l\u1eadp t\u1ee9c Carolyn Bosn<\/strong><\/p>\n<p>LINCOLN, NE \u2013 Nebraska Democratic Party \u0111\u00e3 ch\u00ednh th\u1ee9c g\u1eedi y\u00eau c\u1ea7u v\u1ec1 \u0110\u1ea1o lu\u1eadt T\u1ef1 do Th\u00f4ng tin t\u1edbi v\u0103n ph\u00f2ng c\u1ee7a Th\u1ed1ng \u0111\u1ed1c Pillen:<\/p>\n<p>Nebraska Democratic Party (NDP) \u0111\u00e3 g\u1eedi y\u00eau c\u1ea7u \u0110\u1ea1o lu\u1eadt T\u1ef1 do Th\u00f4ng tin t\u1edbi v\u0103n ph\u00f2ng c\u1ee7a Th\u1ed1ng \u0111\u1ed1c Pillen \u0111\u1ec3 cung c\u1ea5p s\u1ef1 minh b\u1ea1ch xung quanh vi\u1ec7c t\u1eeb ch\u1ee9c \u0111\u1ed9t ng\u1ed9t v\u00e0 g\u1ea7n \u0111\u00e2y c\u1ee7a c\u1ef1u Th\u01b0\u1ee3ng ngh\u1ecb s\u0129 Suzanne Geist v\u00e0 vi\u1ec7c b\u1ed5 nhi\u1ec7m Th\u01b0\u1ee3ng ngh\u1ecb s\u0129 Carolyn Bosn c\u00f9ng ng\u00e0y.<\/p>\n<p>T\u1ea5t c\u1ea3 ch\u00fang ta \u0111\u1ec1u \u0111\u00e3 qu\u00e1 quen thu\u1ed9c v\u1edbi \u1ea3nh h\u01b0\u1edfng t\u00e0i ch\u00ednh c\u1ee7a gia \u0111\u00ecnh Ricketts v\u00e0 Peed \u0111\u1ed1i v\u1edbi c\u00e1c cu\u1ed9c b\u1ea7u c\u1eed \u1edf Nebraska. S\u1ef1 ho\u00e1n \u0111\u1ed5i Geist\/Bosn n\u00e0y ch\u1ec9 l\u00e0 m\u1ed9t v\u00ed d\u1ee5 kh\u00e1c v\u1ec1 vi\u1ec7c gi\u1edbi si\u00eau gi\u00e0u trong bang \u0111ang c\u1ed1 g\u1eafng c\u1ee7ng c\u1ed1 quy\u1ec1n l\u1ef1c c\u1ee7a h\u1ecd trong Cu\u1ed9c b\u1ea7u c\u1eed Th\u1ecb tr\u01b0\u1edfng Lincoln v\u00e0 C\u01a1 quan L\u1eadp ph\u00e1p Nebraska.<\/p>\n<p>NDP ki\u00ean quy\u1ebft ch\u1ed1ng l\u1ea1i cu\u1ed9c t\u1ea5n c\u00f4ng ng\u00e0y c\u00e0ng gia t\u0103ng v\u00e0 can thi\u1ec7p n\u00e0y v\u00e0o n\u1ec1n d\u00e2n ch\u1ee7 c\u1ee7a bang ch\u00fang ta. C\u00e1c gia \u0111\u00ecnh lao \u0111\u1ed9ng c\u1ee7a ch\u00fang t\u00f4i x\u1ee9ng \u0111\u00e1ng \u0111\u01b0\u1ee3c nhi\u1ec1u h\u01a1n ch\u1ee7 ngh\u0129a gia \u0111\u00ecnh tr\u1ecb ch\u00ednh tr\u1ecb c\u1ee7a \u0110\u1ea3ng C\u1ed9ng h\u00f2a.<\/p>\n<p>Do \u0111\u00f3, ch\u00fang t\u00f4i y\u00eau c\u1ea7u s\u1ef1 minh b\u1ea1ch trong c\u00e1c th\u00f4ng tin li\u00ean l\u1ea1c v\u00e0 giao d\u1ecbch d\u1eabn \u0111\u1ebfn trao \u0111\u1ed5i Geist\/Bosn.<\/p>\n<p><a href=\"https:\/\/nebraskadem.wpenginepowered.com\/wp-content\/uploads\/2023\/04\/FOIA-Request-to-Govenor-Pillen.pdf\">Xem b\u1ee9c th\u01b0 ch\u00ednh th\u1ee9c g\u1eedi cho Th\u1ed1ng \u0111\u1ed1c Pillen.<\/a><\/p>\n<p>&nbsp;<\/p>\n<p style=\"text-align: center;\">###<\/p>","protected":false},"excerpt":{"rendered":"<p>FOR IMMEDIATE RELEASE April 11, 2023 Contact: Jose Flores, Jr., Communications Director Nebraska Democratic Party Submits Freedom of Information Act Request to Governor Pillen\u2019s Office Related to Former Senator Geist and Immediate Replacement Senator Carolyn Bosn LINCOLN, NE \u2013 The Nebraska Democratic Party officially submitted a Freedom of Information Act request to Governor Pillen\u2019s office: &#8230; <a title=\"Th\u00f4ng c\u00e1o b\u00e1o ch\u00ed: NDP g\u1eedi y\u00eau c\u1ea7u FOIA li\u00ean quan \u0111\u1ebfn ho\u00e1n \u0111\u1ed5i Geist\/Bosn\" class=\"read-more\" href=\"https:\/\/nebraskademocrats.org\/vi\/blog\/press-release-ndp-submits-foia-request-regarding-the-geist-bosn-swap\/\" aria-label=\"More on Press Release: NDP Submits FOIA Request Regarding the Geist\/Bosn Swap\">\u0110\u1ecdc th\u00eam<\/a><\/p>","protected":false},"author":25,"featured_media":0,"comment_status":"closed","ping_status":"closed","sticky":false,"template":"","format":"standard","meta":{"_acf_changed":false,"_exactmetrics_skip_tracking":false,"_exactmetrics_sitenote_active":false,"_exactmetrics_sitenote_note":"","_exactmetrics_sitenote_category":0,"footnotes":""},"categories":[1],"tags":[],"class_list":["post-42364","post","type-post","status-publish","format-standard","hentry","category-blog"],"acf":[],"yoast_head":"<!-- This site is optimized with the Yoast SEO plugin v27.4 - https:\/\/yoast.com\/product\/yoast-seo-wordpress\/ -->\n<title>Press Release: NDP Submits FOIA Request Regarding the Geist\/Bosn Swap &#8211; Nebraska Democratic Party<\/title>\n<meta name=\"robots\" content=\"index, follow, max-snippet:-1, max-image-preview:large, max-video-preview:-1\" \/>\n<link rel=\"canonical\" href=\"https:\/\/nebraskademocrats.org\/vi\/blog\/press-release-ndp-submits-foia-request-regarding-the-geist-bosn-swap\/\" \/>\n<meta property=\"og:locale\" content=\"vi_VN\" \/>\n<meta property=\"og:type\" content=\"article\" \/>\n<meta property=\"og:title\" content=\"Press Release: NDP Submits FOIA Request Regarding the Geist\/Bosn Swap &#8211; Nebraska Democratic Party\" \/>\n<meta property=\"og:description\" content=\"FOR IMMEDIATE RELEASE April 11, 2023 Contact: Jose Flores, Jr., Communications Director Nebraska Democratic Party Submits Freedom of Information Act Request to Governor Pillen\u2019s Office Related to Former Senator Geist and Immediate Replacement Senator Carolyn Bosn LINCOLN, NE \u2013 The Nebraska Democratic Party officially submitted a Freedom of Information Act request to Governor Pillen\u2019s office: ... Read more\" \/>\n<meta property=\"og:url\" content=\"https:\/\/nebraskademocrats.org\/vi\/blog\/press-release-ndp-submits-foia-request-regarding-the-geist-bosn-swap\/\" \/>\n<meta property=\"og:site_name\" content=\"Nebraska Democratic Party\" \/>\n<meta property=\"article:publisher\" content=\"https:\/\/www.facebook.com\/NebraskaDemocraticParty\/\" \/>\n<meta property=\"article:published_time\" content=\"2023-04-11T21:40:20+00:00\" \/>\n<meta property=\"article:modified_time\" content=\"2023-04-11T21:42:37+00:00\" \/>\n<meta property=\"og:image\" content=\"https:\/\/nebraskademocrats.org\/wp-content\/uploads\/2018\/09\/ne-dems-fb.jpg\" \/>\n\t<meta property=\"og:image:width\" content=\"1200\" \/>\n\t<meta property=\"og:image:height\" content=\"630\" \/>\n\t<meta property=\"og:image:type\" content=\"image\/jpeg\" \/>\n<meta name=\"author\" content=\"Gina Frank\" \/>\n<meta name=\"twitter:card\" content=\"summary_large_image\" \/>\n<meta name=\"twitter:creator\" content=\"@nebraskadems\" \/>\n<meta name=\"twitter:site\" content=\"@nebraskadems\" \/>\n<meta name=\"twitter:label1\" content=\"\u0110\u01b0\u1ee3c vi\u1ebft b\u1edfi\" \/>\n\t<meta name=\"twitter:data1\" content=\"Gina Frank\" \/>\n\t<meta name=\"twitter:label2\" content=\"\u01af\u1edbc t\u00ednh th\u1eddi gian \u0111\u1ecdc\" \/>\n\t<meta name=\"twitter:data2\" content=\"1 ph\u00fat\" \/>\n<script type=\"application\/ld+json\" class=\"yoast-schema-graph\">{\"@context\":\"https:\\\/\\\/schema.org\",\"@graph\":[{\"@type\":\"Article\",\"@id\":\"https:\\\/\\\/nebraskademocrats.org\\\/blog\\\/press-release-ndp-submits-foia-request-regarding-the-geist-bosn-swap\\\/#article\",\"isPartOf\":{\"@id\":\"https:\\\/\\\/nebraskademocrats.org\\\/blog\\\/press-release-ndp-submits-foia-request-regarding-the-geist-bosn-swap\\\/\"},\"author\":{\"name\":\"Gina Frank\",\"@id\":\"https:\\\/\\\/nebraskademocrats.org\\\/#\\\/schema\\\/person\\\/1adbda838587994c014170c6b52f922d\"},\"headline\":\"Press Release: NDP Submits FOIA Request Regarding the Geist\\\/Bosn Swap\",\"datePublished\":\"2023-04-11T21:40:20+00:00\",\"dateModified\":\"2023-04-11T21:42:37+00:00\",\"mainEntityOfPage\":{\"@id\":\"https:\\\/\\\/nebraskademocrats.org\\\/blog\\\/press-release-ndp-submits-foia-request-regarding-the-geist-bosn-swap\\\/\"},\"wordCount\":199,\"publisher\":{\"@id\":\"https:\\\/\\\/nebraskademocrats.org\\\/#organization\"},\"articleSection\":[\"NDP Blog\"],\"inLanguage\":\"vi\"},{\"@type\":\"WebPage\",\"@id\":\"https:\\\/\\\/nebraskademocrats.org\\\/blog\\\/press-release-ndp-submits-foia-request-regarding-the-geist-bosn-swap\\\/\",\"url\":\"https:\\\/\\\/nebraskademocrats.org\\\/blog\\\/press-release-ndp-submits-foia-request-regarding-the-geist-bosn-swap\\\/\",\"name\":\"Press Release: NDP Submits FOIA Request Regarding the Geist\\\/Bosn Swap &#8211; Nebraska Democratic Party\",\"isPartOf\":{\"@id\":\"https:\\\/\\\/nebraskademocrats.org\\\/#website\"},\"datePublished\":\"2023-04-11T21:40:20+00:00\",\"dateModified\":\"2023-04-11T21:42:37+00:00\",\"breadcrumb\":{\"@id\":\"https:\\\/\\\/nebraskademocrats.org\\\/blog\\\/press-release-ndp-submits-foia-request-regarding-the-geist-bosn-swap\\\/#breadcrumb\"},\"inLanguage\":\"vi\",\"potentialAction\":[{\"@type\":\"ReadAction\",\"target\":[\"https:\\\/\\\/nebraskademocrats.org\\\/blog\\\/press-release-ndp-submits-foia-request-regarding-the-geist-bosn-swap\\\/\"]}]},{\"@type\":\"BreadcrumbList\",\"@id\":\"https:\\\/\\\/nebraskademocrats.org\\\/blog\\\/press-release-ndp-submits-foia-request-regarding-the-geist-bosn-swap\\\/#breadcrumb\",\"itemListElement\":[{\"@type\":\"ListItem\",\"position\":1,\"name\":\"Home\",\"item\":\"https:\\\/\\\/nebraskademocrats.org\\\/\"},{\"@type\":\"ListItem\",\"position\":2,\"name\":\"Press Release: NDP Submits FOIA Request Regarding the Geist\\\/Bosn Swap\"}]},{\"@type\":\"WebSite\",\"@id\":\"https:\\\/\\\/nebraskademocrats.org\\\/#website\",\"url\":\"https:\\\/\\\/nebraskademocrats.org\\\/\",\"name\":\"Nebraska Democratic Party\",\"description\":\"Growing the Good Life for All Nebraskans\",\"publisher\":{\"@id\":\"https:\\\/\\\/nebraskademocrats.org\\\/#organization\"},\"potentialAction\":[{\"@type\":\"SearchAction\",\"target\":{\"@type\":\"EntryPoint\",\"urlTemplate\":\"https:\\\/\\\/nebraskademocrats.org\\\/?s={search_term_string}\"},\"query-input\":{\"@type\":\"PropertyValueSpecification\",\"valueRequired\":true,\"valueName\":\"search_term_string\"}}],\"inLanguage\":\"vi\"},{\"@type\":\"Organization\",\"@id\":\"https:\\\/\\\/nebraskademocrats.org\\\/#organization\",\"name\":\"Nebraska Democratic Party\",\"url\":\"https:\\\/\\\/nebraskademocrats.org\\\/\",\"logo\":{\"@type\":\"ImageObject\",\"inLanguage\":\"vi\",\"@id\":\"https:\\\/\\\/nebraskademocrats.org\\\/#\\\/schema\\\/logo\\\/image\\\/\",\"url\":\"https:\\\/\\\/nebraskadem.wpenginepowered.com\\\/wp-content\\\/uploads\\\/2016\\\/05\\\/NDP2.jpg\",\"contentUrl\":\"https:\\\/\\\/nebraskadem.wpenginepowered.com\\\/wp-content\\\/uploads\\\/2016\\\/05\\\/NDP2.jpg\",\"width\":1000,\"height\":396,\"caption\":\"Nebraska Democratic Party\"},\"image\":{\"@id\":\"https:\\\/\\\/nebraskademocrats.org\\\/#\\\/schema\\\/logo\\\/image\\\/\"},\"sameAs\":[\"https:\\\/\\\/www.facebook.com\\\/NebraskaDemocraticParty\\\/\",\"https:\\\/\\\/x.com\\\/nebraskadems\"]},{\"@type\":\"Person\",\"@id\":\"https:\\\/\\\/nebraskademocrats.org\\\/#\\\/schema\\\/person\\\/1adbda838587994c014170c6b52f922d\",\"name\":\"Gina Frank\",\"image\":{\"@type\":\"ImageObject\",\"inLanguage\":\"vi\",\"@id\":\"https:\\\/\\\/secure.gravatar.com\\\/avatar\\\/dffc4c14f395d6dab2f0f83ae204a543f6fa6cbac7c6c1ac9153a90925f313f0?s=96&d=mm&r=g\",\"url\":\"https:\\\/\\\/secure.gravatar.com\\\/avatar\\\/dffc4c14f395d6dab2f0f83ae204a543f6fa6cbac7c6c1ac9153a90925f313f0?s=96&d=mm&r=g\",\"contentUrl\":\"https:\\\/\\\/secure.gravatar.com\\\/avatar\\\/dffc4c14f395d6dab2f0f83ae204a543f6fa6cbac7c6c1ac9153a90925f313f0?s=96&d=mm&r=g\",\"caption\":\"Gina Frank\"}}]}<\/script>\n<!-- \/ Yoast SEO plugin. -->","yoast_head_json":{"title":"Press Release: NDP Submits FOIA Request Regarding the Geist\/Bosn Swap &#8211; Nebraska Democratic Party","robots":{"index":"index","follow":"follow","max-snippet":"max-snippet:-1","max-image-preview":"max-image-preview:large","max-video-preview":"max-video-preview:-1"},"canonical":"https:\/\/nebraskademocrats.org\/vi\/blog\/press-release-ndp-submits-foia-request-regarding-the-geist-bosn-swap\/","og_locale":"vi_VN","og_type":"article","og_title":"Press Release: NDP Submits FOIA Request Regarding the Geist\/Bosn Swap &#8211; Nebraska Democratic Party","og_description":"FOR IMMEDIATE RELEASE April 11, 2023 Contact: Jose Flores, Jr., Communications Director Nebraska Democratic Party Submits Freedom of Information Act Request to Governor Pillen\u2019s Office Related to Former Senator Geist and Immediate Replacement Senator Carolyn Bosn LINCOLN, NE \u2013 The Nebraska Democratic Party officially submitted a Freedom of Information Act request to Governor Pillen\u2019s office: ... Read more","og_url":"https:\/\/nebraskademocrats.org\/vi\/blog\/press-release-ndp-submits-foia-request-regarding-the-geist-bosn-swap\/","og_site_name":"Nebraska Democratic Party","article_publisher":"https:\/\/www.facebook.com\/NebraskaDemocraticParty\/","article_published_time":"2023-04-11T21:40:20+00:00","article_modified_time":"2023-04-11T21:42:37+00:00","og_image":[{"width":1200,"height":630,"url":"https:\/\/nebraskademocrats.org\/wp-content\/uploads\/2018\/09\/ne-dems-fb.jpg","type":"image\/jpeg"}],"author":"Gina Frank","twitter_card":"summary_large_image","twitter_creator":"@nebraskadems","twitter_site":"@nebraskadems","twitter_misc":{"\u0110\u01b0\u1ee3c vi\u1ebft b\u1edfi":"Gina Frank","\u01af\u1edbc t\u00ednh th\u1eddi gian \u0111\u1ecdc":"1 ph\u00fat"},"schema":{"@context":"https:\/\/schema.org","@graph":[{"@type":"Article","@id":"https:\/\/nebraskademocrats.org\/blog\/press-release-ndp-submits-foia-request-regarding-the-geist-bosn-swap\/#article","isPartOf":{"@id":"https:\/\/nebraskademocrats.org\/blog\/press-release-ndp-submits-foia-request-regarding-the-geist-bosn-swap\/"},"author":{"name":"Gina Frank","@id":"https:\/\/nebraskademocrats.org\/#\/schema\/person\/1adbda838587994c014170c6b52f922d"},"headline":"Press Release: NDP Submits FOIA Request Regarding the Geist\/Bosn Swap","datePublished":"2023-04-11T21:40:20+00:00","dateModified":"2023-04-11T21:42:37+00:00","mainEntityOfPage":{"@id":"https:\/\/nebraskademocrats.org\/blog\/press-release-ndp-submits-foia-request-regarding-the-geist-bosn-swap\/"},"wordCount":199,"publisher":{"@id":"https:\/\/nebraskademocrats.org\/#organization"},"articleSection":["NDP Blog"],"inLanguage":"vi"},{"@type":"WebPage","@id":"https:\/\/nebraskademocrats.org\/blog\/press-release-ndp-submits-foia-request-regarding-the-geist-bosn-swap\/","url":"https:\/\/nebraskademocrats.org\/blog\/press-release-ndp-submits-foia-request-regarding-the-geist-bosn-swap\/","name":"Press Release: NDP Submits FOIA Request Regarding the Geist\/Bosn Swap &#8211; Nebraska Democratic Party","isPartOf":{"@id":"https:\/\/nebraskademocrats.org\/#website"},"datePublished":"2023-04-11T21:40:20+00:00","dateModified":"2023-04-11T21:42:37+00:00","breadcrumb":{"@id":"https:\/\/nebraskademocrats.org\/blog\/press-release-ndp-submits-foia-request-regarding-the-geist-bosn-swap\/#breadcrumb"},"inLanguage":"vi","potentialAction":[{"@type":"ReadAction","target":["https:\/\/nebraskademocrats.org\/blog\/press-release-ndp-submits-foia-request-regarding-the-geist-bosn-swap\/"]}]},{"@type":"BreadcrumbList","@id":"https:\/\/nebraskademocrats.org\/blog\/press-release-ndp-submits-foia-request-regarding-the-geist-bosn-swap\/#breadcrumb","itemListElement":[{"@type":"ListItem","position":1,"name":"Home","item":"https:\/\/nebraskademocrats.org\/"},{"@type":"ListItem","position":2,"name":"Press Release: NDP Submits FOIA Request Regarding the Geist\/Bosn Swap"}]},{"@type":"WebSite","@id":"https:\/\/nebraskademocrats.org\/#website","url":"https:\/\/nebraskademocrats.org\/","name":"Nebraska Democratic Party","description":"Ph\u00e1t tri\u1ec3n cu\u1ed9c s\u1ed1ng t\u1ed1t \u0111\u1eb9p cho t\u1ea5t c\u1ea3 Nebraskans","publisher":{"@id":"https:\/\/nebraskademocrats.org\/#organization"},"potentialAction":[{"@type":"SearchAction","target":{"@type":"EntryPoint","urlTemplate":"https:\/\/nebraskademocrats.org\/?s={search_term_string}"},"query-input":{"@type":"PropertyValueSpecification","valueRequired":true,"valueName":"search_term_string"}}],"inLanguage":"vi"},{"@type":"Organization","@id":"https:\/\/nebraskademocrats.org\/#organization","name":"Nebraska Democratic Party","url":"https:\/\/nebraskademocrats.org\/","logo":{"@type":"ImageObject","inLanguage":"vi","@id":"https:\/\/nebraskademocrats.org\/#\/schema\/logo\/image\/","url":"https:\/\/nebraskadem.wpenginepowered.com\/wp-content\/uploads\/2016\/05\/NDP2.jpg","contentUrl":"https:\/\/nebraskadem.wpenginepowered.com\/wp-content\/uploads\/2016\/05\/NDP2.jpg","width":1000,"height":396,"caption":"Nebraska Democratic Party"},"image":{"@id":"https:\/\/nebraskademocrats.org\/#\/schema\/logo\/image\/"},"sameAs":["https:\/\/www.facebook.com\/NebraskaDemocraticParty\/","https:\/\/x.com\/nebraskadems"]},{"@type":"Person","@id":"https:\/\/nebraskademocrats.org\/#\/schema\/person\/1adbda838587994c014170c6b52f922d","name":"Gina Frank","image":{"@type":"ImageObject","inLanguage":"vi","@id":"https:\/\/secure.gravatar.com\/avatar\/dffc4c14f395d6dab2f0f83ae204a543f6fa6cbac7c6c1ac9153a90925f313f0?s=96&d=mm&r=g","url":"https:\/\/secure.gravatar.com\/avatar\/dffc4c14f395d6dab2f0f83ae204a543f6fa6cbac7c6c1ac9153a90925f313f0?s=96&d=mm&r=g","contentUrl":"https:\/\/secure.gravatar.com\/avatar\/dffc4c14f395d6dab2f0f83ae204a543f6fa6cbac7c6c1ac9153a90925f313f0?s=96&d=mm&r=g","caption":"Gina Frank"}}]}},"_links":{"self":[{"href":"https:\/\/nebraskademocrats.org\/vi\/wp-json\/wp\/v2\/posts\/42364","targetHints":{"allow":["GET"]}}],"collection":[{"href":"https:\/\/nebraskademocrats.org\/vi\/wp-json\/wp\/v2\/posts"}],"about":[{"href":"https:\/\/nebraskademocrats.org\/vi\/wp-json\/wp\/v2\/types\/post"}],"author":[{"embeddable":true,"href":"https:\/\/nebraskademocrats.org\/vi\/wp-json\/wp\/v2\/users\/25"}],"replies":[{"embeddable":true,"href":"https:\/\/nebraskademocrats.org\/vi\/wp-json\/wp\/v2\/comments?post=42364"}],"version-history":[{"count":0,"href":"https:\/\/nebraskademocrats.org\/vi\/wp-json\/wp\/v2\/posts\/42364\/revisions"}],"wp:attachment":[{"href":"https:\/\/nebraskademocrats.org\/vi\/wp-json\/wp\/v2\/media?parent=42364"}],"wp:term":[{"taxonomy":"category","embeddable":true,"href":"https:\/\/nebraskademocrats.org\/vi\/wp-json\/wp\/v2\/categories?post=42364"},{"taxonomy":"post_tag","embeddable":true,"href":"https:\/\/nebraskademocrats.org\/vi\/wp-json\/wp\/v2\/tags?post=42364"}],"curies":[{"name":"wp","href":"https:\/\/api.w.org\/{rel}","templated":true}]}}