{"id":42534,"date":"2023-04-25T16:48:08","date_gmt":"2023-04-25T21:48:08","guid":{"rendered":"https:\/\/nebraskadem.wpenginepowered.com\/?p=42534"},"modified":"2023-04-25T16:48:08","modified_gmt":"2023-04-25T21:48:08","slug":"press-release-nebraska-democratic-party-statement-on-councilman-vinny-palmero","status":"publish","type":"post","link":"https:\/\/nebraskademocrats.org\/vi\/blog\/press-release-nebraska-democratic-party-statement-on-councilman-vinny-palmero\/","title":{"rendered":"Th\u00f4ng c\u00e1o b\u00e1o ch\u00ed: Tuy\u00ean b\u1ed1 Nebraska Democratic Party v\u1ec1 Ngh\u1ecb vi\u00ean Vinny Palmero"},"content":{"rendered":"<p><b>\u0110\u1ec2 PH\u00c1T H\u00c0NH NGAY L\u1eacP T\u1ee8C<\/b><\/p>\n<p><span style=\"font-weight: 400;\">ng\u00e0y 25 th\u00e1ng 4<\/span><b>,<\/b><span style=\"font-weight: 400;\"> 2023<\/span><span style=\"font-weight: 400;\"><br \/>\n<\/span><\/p>\n<p style=\"text-align: center;\"><b>***Th\u00f4ng c\u00e1o b\u00e1o ch\u00ed v\u1ec1 tin t\u1ee9c Nebraska Democratic Party ng\u00e0y 25-4-2023***<\/b><\/p>\n<p><b>Tuy\u00ean b\u1ed1 c\u1ee7a Nebraska Democratic Party v\u1ec1 Ngh\u1ecb vi\u00ean Vinny Palmero<\/b><\/p>\n<p><span style=\"font-weight: 400;\">LINCOLN, NE \u2013 Ch\u1ee7 t\u1ecbch Nebraska Democratic Party Jane Kleeb \u0111\u00e3 \u0111\u01b0a ra ph\u1ea3n h\u1ed3i sau \u0111\u00e2y \u0111\u1ed1i v\u1edbi b\u1ea3n c\u00e1o tr\u1ea1ng c\u1ee7a Ngh\u1ecb vi\u00ean Palermo v\u00e0 bi\u1ec3u quy\u1ebft c\u1ee7a H\u1ed9i \u0111\u1ed3ng Th\u00e0nh ph\u1ed1 Omaha:<\/span><\/p>\n<p><i><span style=\"font-weight: 400;\">\u201c\u0110\u1ea3ng D\u00e2n ch\u1ee7 tin r\u1eb1ng c\u1eed tri x\u1ee9ng \u0111\u00e1ng v\u1edbi c\u00e1c quan ch\u1ee9c \u0111\u01b0\u1ee3c b\u1ea7u t\u1eadp trung v\u00e0o c\u00e1c m\u1ed1i quan t\u00e2m c\u1ee7a c\u1ed9ng \u0111\u1ed3ng. Ch\u00fang t\u00f4i c\u1ea3m \u01a1n Ch\u1ee7 t\u1ecbch H\u1ed9i \u0111\u1ed3ng Festersen v\u00e0 ph\u1ea7n l\u1edbn c\u00e1c th\u00e0nh vi\u00ean h\u1ed9i \u0111\u1ed3ng \u0111\u00e3 h\u00e0nh \u0111\u1ed9ng nhanh ch\u00f3ng \u0111\u1ec3 lo\u1ea1i b\u1ecf Palmero kh\u1ecfi nhi\u1ec7m v\u1ee5 l\u00e3nh \u0111\u1ea1o v\u00e0 \u1ee7y ban c\u1ee7a \u00f4ng \u1ea5y. Ch\u00fang t\u00f4i hy v\u1ecdng v\u00e0 k\u1ef3 v\u1ecdng r\u1eb1ng Ngh\u1ecb vi\u00ean Vinny Palermo s\u1ebd t\u1eeb ch\u1ee9c \u0111\u1ec3 H\u1ed9i \u0111\u1ed3ng c\u00f3 th\u1ec3 th\u1ef1c hi\u1ec7n c\u00e1c b\u01b0\u1edbc ti\u1ebfp theo trong vi\u1ec7c b\u1ed5 nhi\u1ec7m m\u1ed9t ng\u01b0\u1eddi Nebraskan \u0111\u1ee7 ti\u00eau chu\u1ea9n \u0111\u1ea1i di\u1ec7n cho Khu v\u1ef1c 4. Cho d\u00f9 \u0111\u00f3 l\u00e0 Trump, Fortenberry hay b\u00e2y gi\u1edd l\u00e0 Palermo, c\u00e1c quan ch\u1ee9c d\u00e2n c\u1eed v\u00e0 ch\u00ednh tr\u1ecb gia b\u1ecb truy t\u1ed1 n\u00ean t\u1eadp trung v\u00e0o nhi\u1ec7m v\u1ee5 c\u1ee7a h\u1ecd. c\u00e1c v\u1ea5n \u0111\u1ec1 ph\u00e1p l\u00fd v\u00e0 t\u1eeb ch\u1ee9c ho\u1eb7c kh\u00f4ng t\u00e1i tranh c\u1eed.\u201d<\/span><\/i><\/p>\n<p style=\"text-align: center;\"><span style=\"font-weight: 400;\">###<\/span><\/p>","protected":false},"excerpt":{"rendered":"<p>FOR IMMEDIATE RELEASE April 25, 2023 ***Nebraska Democratic Party News Press Release for 4-25-2023*** Nebraska Democratic Party Statement on Councilman Vinny Palmero LINCOLN, NE &#8211; The Nebraska Democratic Party Chair Jane Kleeb issued the following response to Councilman Palermo\u2019s indictment and vote of the Omaha City Council: &#8220;The Democratic Party believes voters deserve elected officials &#8230; <a title=\"Th\u00f4ng c\u00e1o b\u00e1o ch\u00ed: Tuy\u00ean b\u1ed1 Nebraska Democratic Party v\u1ec1 Ngh\u1ecb vi\u00ean Vinny Palmero\" class=\"read-more\" href=\"https:\/\/nebraskademocrats.org\/vi\/blog\/press-release-nebraska-democratic-party-statement-on-councilman-vinny-palmero\/\" aria-label=\"More on Press Release: Nebraska Democratic Party Statement on Councilman Vinny Palmero\">\u0110\u1ecdc th\u00eam<\/a><\/p>","protected":false},"author":25,"featured_media":0,"comment_status":"closed","ping_status":"closed","sticky":false,"template":"","format":"standard","meta":{"_acf_changed":false,"_exactmetrics_skip_tracking":false,"_exactmetrics_sitenote_active":false,"_exactmetrics_sitenote_note":"","_exactmetrics_sitenote_category":0,"footnotes":""},"categories":[1],"tags":[],"class_list":["post-42534","post","type-post","status-publish","format-standard","hentry","category-blog"],"acf":[],"yoast_head":"<!-- This site is optimized with the Yoast SEO plugin v27.4 - https:\/\/yoast.com\/product\/yoast-seo-wordpress\/ -->\n<title>Press Release: Nebraska Democratic Party Statement on Councilman Vinny Palmero &#8211; Nebraska Democratic Party<\/title>\n<meta name=\"robots\" content=\"index, follow, max-snippet:-1, max-image-preview:large, max-video-preview:-1\" \/>\n<link rel=\"canonical\" href=\"http:\/\/nebraskademocrats.org\/vi\/blog\/press-release-nebraska-democratic-party-statement-on-councilman-vinny-palmero\/\" \/>\n<meta property=\"og:locale\" content=\"vi_VN\" \/>\n<meta property=\"og:type\" content=\"article\" \/>\n<meta property=\"og:title\" content=\"Press Release: Nebraska Democratic Party Statement on Councilman Vinny Palmero &#8211; Nebraska Democratic Party\" \/>\n<meta property=\"og:description\" content=\"FOR IMMEDIATE RELEASE April 25, 2023 ***Nebraska Democratic Party News Press Release for 4-25-2023*** Nebraska Democratic Party Statement on Councilman Vinny Palmero LINCOLN, NE &#8211; The Nebraska Democratic Party Chair Jane Kleeb issued the following response to Councilman Palermo\u2019s indictment and vote of the Omaha City Council: &#8220;The Democratic Party believes voters deserve elected officials ... Read more\" \/>\n<meta property=\"og:url\" content=\"http:\/\/nebraskademocrats.org\/vi\/blog\/press-release-nebraska-democratic-party-statement-on-councilman-vinny-palmero\/\" \/>\n<meta property=\"og:site_name\" content=\"Nebraska Democratic Party\" \/>\n<meta property=\"article:publisher\" content=\"https:\/\/www.facebook.com\/NebraskaDemocraticParty\/\" \/>\n<meta property=\"article:published_time\" content=\"2023-04-25T21:48:08+00:00\" \/>\n<meta property=\"og:image\" content=\"https:\/\/nebraskademocrats.org\/wp-content\/uploads\/2018\/09\/ne-dems-fb.jpg\" \/>\n\t<meta property=\"og:image:width\" content=\"1200\" \/>\n\t<meta property=\"og:image:height\" content=\"630\" \/>\n\t<meta property=\"og:image:type\" content=\"image\/jpeg\" \/>\n<meta name=\"author\" content=\"Gina Frank\" \/>\n<meta name=\"twitter:card\" content=\"summary_large_image\" \/>\n<meta name=\"twitter:creator\" content=\"@nebraskadems\" \/>\n<meta name=\"twitter:site\" content=\"@nebraskadems\" \/>\n<meta name=\"twitter:label1\" content=\"\u0110\u01b0\u1ee3c vi\u1ebft b\u1edfi\" \/>\n\t<meta name=\"twitter:data1\" content=\"Gina Frank\" \/>\n\t<meta name=\"twitter:label2\" content=\"\u01af\u1edbc t\u00ednh th\u1eddi gian \u0111\u1ecdc\" \/>\n\t<meta name=\"twitter:data2\" content=\"1 ph\u00fat\" \/>\n<script type=\"application\/ld+json\" class=\"yoast-schema-graph\">{\"@context\":\"https:\\\/\\\/schema.org\",\"@graph\":[{\"@type\":\"Article\",\"@id\":\"http:\\\/\\\/nebraskademocrats.org\\\/zh\\\/blog\\\/press-release-nebraska-democratic-party-statement-on-councilman-vinny-palmero\\\/#article\",\"isPartOf\":{\"@id\":\"http:\\\/\\\/nebraskademocrats.org\\\/zh\\\/blog\\\/press-release-nebraska-democratic-party-statement-on-councilman-vinny-palmero\\\/\"},\"author\":{\"name\":\"Gina Frank\",\"@id\":\"https:\\\/\\\/nebraskademocrats.org\\\/#\\\/schema\\\/person\\\/1adbda838587994c014170c6b52f922d\"},\"headline\":\"Press Release: Nebraska Democratic Party Statement on Councilman Vinny Palmero\",\"datePublished\":\"2023-04-25T21:48:08+00:00\",\"mainEntityOfPage\":{\"@id\":\"http:\\\/\\\/nebraskademocrats.org\\\/zh\\\/blog\\\/press-release-nebraska-democratic-party-statement-on-councilman-vinny-palmero\\\/\"},\"wordCount\":152,\"publisher\":{\"@id\":\"https:\\\/\\\/nebraskademocrats.org\\\/#organization\"},\"articleSection\":[\"NDP Blog\"],\"inLanguage\":\"vi\"},{\"@type\":\"WebPage\",\"@id\":\"http:\\\/\\\/nebraskademocrats.org\\\/zh\\\/blog\\\/press-release-nebraska-democratic-party-statement-on-councilman-vinny-palmero\\\/\",\"url\":\"http:\\\/\\\/nebraskademocrats.org\\\/zh\\\/blog\\\/press-release-nebraska-democratic-party-statement-on-councilman-vinny-palmero\\\/\",\"name\":\"Press Release: Nebraska Democratic Party Statement on Councilman Vinny Palmero &#8211; Nebraska Democratic Party\",\"isPartOf\":{\"@id\":\"https:\\\/\\\/nebraskademocrats.org\\\/#website\"},\"datePublished\":\"2023-04-25T21:48:08+00:00\",\"breadcrumb\":{\"@id\":\"http:\\\/\\\/nebraskademocrats.org\\\/zh\\\/blog\\\/press-release-nebraska-democratic-party-statement-on-councilman-vinny-palmero\\\/#breadcrumb\"},\"inLanguage\":\"vi\",\"potentialAction\":[{\"@type\":\"ReadAction\",\"target\":[\"http:\\\/\\\/nebraskademocrats.org\\\/zh\\\/blog\\\/press-release-nebraska-democratic-party-statement-on-councilman-vinny-palmero\\\/\"]}]},{\"@type\":\"BreadcrumbList\",\"@id\":\"http:\\\/\\\/nebraskademocrats.org\\\/zh\\\/blog\\\/press-release-nebraska-democratic-party-statement-on-councilman-vinny-palmero\\\/#breadcrumb\",\"itemListElement\":[{\"@type\":\"ListItem\",\"position\":1,\"name\":\"Home\",\"item\":\"https:\\\/\\\/nebraskademocrats.org\\\/\"},{\"@type\":\"ListItem\",\"position\":2,\"name\":\"Press Release: Nebraska Democratic Party Statement on Councilman Vinny Palmero\"}]},{\"@type\":\"WebSite\",\"@id\":\"https:\\\/\\\/nebraskademocrats.org\\\/#website\",\"url\":\"https:\\\/\\\/nebraskademocrats.org\\\/\",\"name\":\"Nebraska Democratic Party\",\"description\":\"Growing the Good Life for All Nebraskans\",\"publisher\":{\"@id\":\"https:\\\/\\\/nebraskademocrats.org\\\/#organization\"},\"potentialAction\":[{\"@type\":\"SearchAction\",\"target\":{\"@type\":\"EntryPoint\",\"urlTemplate\":\"https:\\\/\\\/nebraskademocrats.org\\\/?s={search_term_string}\"},\"query-input\":{\"@type\":\"PropertyValueSpecification\",\"valueRequired\":true,\"valueName\":\"search_term_string\"}}],\"inLanguage\":\"vi\"},{\"@type\":\"Organization\",\"@id\":\"https:\\\/\\\/nebraskademocrats.org\\\/#organization\",\"name\":\"Nebraska Democratic Party\",\"url\":\"https:\\\/\\\/nebraskademocrats.org\\\/\",\"logo\":{\"@type\":\"ImageObject\",\"inLanguage\":\"vi\",\"@id\":\"https:\\\/\\\/nebraskademocrats.org\\\/#\\\/schema\\\/logo\\\/image\\\/\",\"url\":\"https:\\\/\\\/nebraskadem.wpenginepowered.com\\\/wp-content\\\/uploads\\\/2016\\\/05\\\/NDP2.jpg\",\"contentUrl\":\"https:\\\/\\\/nebraskadem.wpenginepowered.com\\\/wp-content\\\/uploads\\\/2016\\\/05\\\/NDP2.jpg\",\"width\":1000,\"height\":396,\"caption\":\"Nebraska Democratic Party\"},\"image\":{\"@id\":\"https:\\\/\\\/nebraskademocrats.org\\\/#\\\/schema\\\/logo\\\/image\\\/\"},\"sameAs\":[\"https:\\\/\\\/www.facebook.com\\\/NebraskaDemocraticParty\\\/\",\"https:\\\/\\\/x.com\\\/nebraskadems\"]},{\"@type\":\"Person\",\"@id\":\"https:\\\/\\\/nebraskademocrats.org\\\/#\\\/schema\\\/person\\\/1adbda838587994c014170c6b52f922d\",\"name\":\"Gina Frank\",\"image\":{\"@type\":\"ImageObject\",\"inLanguage\":\"vi\",\"@id\":\"https:\\\/\\\/secure.gravatar.com\\\/avatar\\\/dffc4c14f395d6dab2f0f83ae204a543f6fa6cbac7c6c1ac9153a90925f313f0?s=96&d=mm&r=g\",\"url\":\"https:\\\/\\\/secure.gravatar.com\\\/avatar\\\/dffc4c14f395d6dab2f0f83ae204a543f6fa6cbac7c6c1ac9153a90925f313f0?s=96&d=mm&r=g\",\"contentUrl\":\"https:\\\/\\\/secure.gravatar.com\\\/avatar\\\/dffc4c14f395d6dab2f0f83ae204a543f6fa6cbac7c6c1ac9153a90925f313f0?s=96&d=mm&r=g\",\"caption\":\"Gina Frank\"}}]}<\/script>\n<!-- \/ Yoast SEO plugin. -->","yoast_head_json":{"title":"Press Release: Nebraska Democratic Party Statement on Councilman Vinny Palmero &#8211; Nebraska Democratic Party","robots":{"index":"index","follow":"follow","max-snippet":"max-snippet:-1","max-image-preview":"max-image-preview:large","max-video-preview":"max-video-preview:-1"},"canonical":"http:\/\/nebraskademocrats.org\/vi\/blog\/press-release-nebraska-democratic-party-statement-on-councilman-vinny-palmero\/","og_locale":"vi_VN","og_type":"article","og_title":"Press Release: Nebraska Democratic Party Statement on Councilman Vinny Palmero &#8211; Nebraska Democratic Party","og_description":"FOR IMMEDIATE RELEASE April 25, 2023 ***Nebraska Democratic Party News Press Release for 4-25-2023*** Nebraska Democratic Party Statement on Councilman Vinny Palmero LINCOLN, NE &#8211; The Nebraska Democratic Party Chair Jane Kleeb issued the following response to Councilman Palermo\u2019s indictment and vote of the Omaha City Council: &#8220;The Democratic Party believes voters deserve elected officials ... Read more","og_url":"http:\/\/nebraskademocrats.org\/vi\/blog\/press-release-nebraska-democratic-party-statement-on-councilman-vinny-palmero\/","og_site_name":"Nebraska Democratic Party","article_publisher":"https:\/\/www.facebook.com\/NebraskaDemocraticParty\/","article_published_time":"2023-04-25T21:48:08+00:00","og_image":[{"width":1200,"height":630,"url":"https:\/\/nebraskademocrats.org\/wp-content\/uploads\/2018\/09\/ne-dems-fb.jpg","type":"image\/jpeg"}],"author":"Gina Frank","twitter_card":"summary_large_image","twitter_creator":"@nebraskadems","twitter_site":"@nebraskadems","twitter_misc":{"\u0110\u01b0\u1ee3c vi\u1ebft b\u1edfi":"Gina Frank","\u01af\u1edbc t\u00ednh th\u1eddi gian \u0111\u1ecdc":"1 ph\u00fat"},"schema":{"@context":"https:\/\/schema.org","@graph":[{"@type":"Article","@id":"http:\/\/nebraskademocrats.org\/zh\/blog\/press-release-nebraska-democratic-party-statement-on-councilman-vinny-palmero\/#article","isPartOf":{"@id":"http:\/\/nebraskademocrats.org\/zh\/blog\/press-release-nebraska-democratic-party-statement-on-councilman-vinny-palmero\/"},"author":{"name":"Gina Frank","@id":"https:\/\/nebraskademocrats.org\/#\/schema\/person\/1adbda838587994c014170c6b52f922d"},"headline":"Press Release: Nebraska Democratic Party Statement on Councilman Vinny Palmero","datePublished":"2023-04-25T21:48:08+00:00","mainEntityOfPage":{"@id":"http:\/\/nebraskademocrats.org\/zh\/blog\/press-release-nebraska-democratic-party-statement-on-councilman-vinny-palmero\/"},"wordCount":152,"publisher":{"@id":"https:\/\/nebraskademocrats.org\/#organization"},"articleSection":["NDP Blog"],"inLanguage":"vi"},{"@type":"WebPage","@id":"http:\/\/nebraskademocrats.org\/zh\/blog\/press-release-nebraska-democratic-party-statement-on-councilman-vinny-palmero\/","url":"http:\/\/nebraskademocrats.org\/zh\/blog\/press-release-nebraska-democratic-party-statement-on-councilman-vinny-palmero\/","name":"Press Release: Nebraska Democratic Party Statement on Councilman Vinny Palmero &#8211; Nebraska Democratic Party","isPartOf":{"@id":"https:\/\/nebraskademocrats.org\/#website"},"datePublished":"2023-04-25T21:48:08+00:00","breadcrumb":{"@id":"http:\/\/nebraskademocrats.org\/zh\/blog\/press-release-nebraska-democratic-party-statement-on-councilman-vinny-palmero\/#breadcrumb"},"inLanguage":"vi","potentialAction":[{"@type":"ReadAction","target":["http:\/\/nebraskademocrats.org\/zh\/blog\/press-release-nebraska-democratic-party-statement-on-councilman-vinny-palmero\/"]}]},{"@type":"BreadcrumbList","@id":"http:\/\/nebraskademocrats.org\/zh\/blog\/press-release-nebraska-democratic-party-statement-on-councilman-vinny-palmero\/#breadcrumb","itemListElement":[{"@type":"ListItem","position":1,"name":"Home","item":"https:\/\/nebraskademocrats.org\/"},{"@type":"ListItem","position":2,"name":"Press Release: Nebraska Democratic Party Statement on Councilman Vinny Palmero"}]},{"@type":"WebSite","@id":"https:\/\/nebraskademocrats.org\/#website","url":"https:\/\/nebraskademocrats.org\/","name":"Nebraska Democratic Party","description":"Ph\u00e1t tri\u1ec3n cu\u1ed9c s\u1ed1ng t\u1ed1t \u0111\u1eb9p cho t\u1ea5t c\u1ea3 Nebraskans","publisher":{"@id":"https:\/\/nebraskademocrats.org\/#organization"},"potentialAction":[{"@type":"SearchAction","target":{"@type":"EntryPoint","urlTemplate":"https:\/\/nebraskademocrats.org\/?s={search_term_string}"},"query-input":{"@type":"PropertyValueSpecification","valueRequired":true,"valueName":"search_term_string"}}],"inLanguage":"vi"},{"@type":"Organization","@id":"https:\/\/nebraskademocrats.org\/#organization","name":"Nebraska Democratic Party","url":"https:\/\/nebraskademocrats.org\/","logo":{"@type":"ImageObject","inLanguage":"vi","@id":"https:\/\/nebraskademocrats.org\/#\/schema\/logo\/image\/","url":"https:\/\/nebraskadem.wpenginepowered.com\/wp-content\/uploads\/2016\/05\/NDP2.jpg","contentUrl":"https:\/\/nebraskadem.wpenginepowered.com\/wp-content\/uploads\/2016\/05\/NDP2.jpg","width":1000,"height":396,"caption":"Nebraska Democratic Party"},"image":{"@id":"https:\/\/nebraskademocrats.org\/#\/schema\/logo\/image\/"},"sameAs":["https:\/\/www.facebook.com\/NebraskaDemocraticParty\/","https:\/\/x.com\/nebraskadems"]},{"@type":"Person","@id":"https:\/\/nebraskademocrats.org\/#\/schema\/person\/1adbda838587994c014170c6b52f922d","name":"Gina Frank","image":{"@type":"ImageObject","inLanguage":"vi","@id":"https:\/\/secure.gravatar.com\/avatar\/dffc4c14f395d6dab2f0f83ae204a543f6fa6cbac7c6c1ac9153a90925f313f0?s=96&d=mm&r=g","url":"https:\/\/secure.gravatar.com\/avatar\/dffc4c14f395d6dab2f0f83ae204a543f6fa6cbac7c6c1ac9153a90925f313f0?s=96&d=mm&r=g","contentUrl":"https:\/\/secure.gravatar.com\/avatar\/dffc4c14f395d6dab2f0f83ae204a543f6fa6cbac7c6c1ac9153a90925f313f0?s=96&d=mm&r=g","caption":"Gina Frank"}}]}},"_links":{"self":[{"href":"https:\/\/nebraskademocrats.org\/vi\/wp-json\/wp\/v2\/posts\/42534","targetHints":{"allow":["GET"]}}],"collection":[{"href":"https:\/\/nebraskademocrats.org\/vi\/wp-json\/wp\/v2\/posts"}],"about":[{"href":"https:\/\/nebraskademocrats.org\/vi\/wp-json\/wp\/v2\/types\/post"}],"author":[{"embeddable":true,"href":"https:\/\/nebraskademocrats.org\/vi\/wp-json\/wp\/v2\/users\/25"}],"replies":[{"embeddable":true,"href":"https:\/\/nebraskademocrats.org\/vi\/wp-json\/wp\/v2\/comments?post=42534"}],"version-history":[{"count":0,"href":"https:\/\/nebraskademocrats.org\/vi\/wp-json\/wp\/v2\/posts\/42534\/revisions"}],"wp:attachment":[{"href":"https:\/\/nebraskademocrats.org\/vi\/wp-json\/wp\/v2\/media?parent=42534"}],"wp:term":[{"taxonomy":"category","embeddable":true,"href":"https:\/\/nebraskademocrats.org\/vi\/wp-json\/wp\/v2\/categories?post=42534"},{"taxonomy":"post_tag","embeddable":true,"href":"https:\/\/nebraskademocrats.org\/vi\/wp-json\/wp\/v2\/tags?post=42534"}],"curies":[{"name":"wp","href":"https:\/\/api.w.org\/{rel}","templated":true}]}}