{"id":5345,"date":"2018-04-15T16:13:22","date_gmt":"2018-04-15T21:13:22","guid":{"rendered":"http:\/\/nebraskadem.wpenginepowered.com\/?p=5345"},"modified":"2018-04-15T16:13:22","modified_gmt":"2018-04-15T21:13:22","slug":"nebraska-democratic-party-early-vote-press-conference","status":"publish","type":"post","link":"https:\/\/nebraskademocrats.org\/vi\/press-releases\/nebraska-democratic-party-early-vote-press-conference\/","title":{"rendered":"Nebraska Democratic Party Early Vote Press Conference"},"content":{"rendered":"<p><span style=\"font-weight: 400;\">The Nebraska Democratic Party is holding an Early Vote Press Conference with Spencer Danner, Democratic Candidate for Secretary of State.<\/span><\/p>\n<p><b>WHO- <\/b><span style=\"font-weight: 400;\">The Nebraska Democratic Party, Democratic Candidate for Secretary of State Spencer Danner<\/span><\/p>\n<p><b>WHAT- <\/b><span style=\"font-weight: 400;\">\u00a0Holding a press conference to talk about early vote and how to make it more accessible to every citizen<\/span><\/p>\n<p><b>WHEN-<\/b><span style=\"font-weight: 400;\">\u00a0Monday, April 16th, 11-11:30 AM<\/span><\/p>\n<p><b>WHERE- <\/b><span style=\"font-weight: 400;\">Douglas County Election Commission, <\/span><span style=\"font-weight: 400;\">225 North 115th Street, Omaha, NE 68154<\/span><\/p>\n<p><b>B\u00e1o ch\u00ed c\u00f3 s\u1eb5n-<\/b><span style=\"font-weight: 400;\"> On the first day of Early Vote in Person, talk with Spencer Danner, Secretary of State Candidate, about how to make voting more accessible for every citizen and the importance of voting.<\/span><\/p>\n<p><span style=\"font-weight: 400;\">To RSVP email<\/span> <span style=\"font-weight: 400;\">jacob@nebraskademocrats.org<\/span><span style=\"font-weight: 400;\">.<\/span><\/p>\n<p style=\"text-align: center;\"><span style=\"font-weight: 400;\"># # # #<\/span><\/p>","protected":false},"excerpt":{"rendered":"<p>The Nebraska Democratic Party is holding an Early Vote Press Conference with Spencer Danner, Democratic Candidate for Secretary of State. WHO- The Nebraska Democratic Party, Democratic Candidate for Secretary of State Spencer Danner WHAT- \u00a0Holding a press conference to talk about early vote and how to make it more accessible to every citizen WHEN-\u00a0Monday, April &#8230; <a title=\"Nebraska Democratic Party Early Vote Press Conference\" class=\"read-more\" href=\"https:\/\/nebraskademocrats.org\/vi\/press-releases\/nebraska-democratic-party-early-vote-press-conference\/\" aria-label=\"More on Nebraska Democratic Party Early Vote Press Conference\">\u0110\u1ecdc th\u00eam<\/a><\/p>","protected":false},"author":19,"featured_media":0,"comment_status":"closed","ping_status":"closed","sticky":false,"template":"","format":"standard","meta":{"_acf_changed":false,"_exactmetrics_skip_tracking":false,"_exactmetrics_sitenote_active":false,"_exactmetrics_sitenote_note":"","_exactmetrics_sitenote_category":0,"footnotes":""},"categories":[4],"tags":[],"class_list":["post-5345","post","type-post","status-publish","format-standard","hentry","category-press-releases"],"acf":[],"yoast_head":"<!-- This site is optimized with the Yoast SEO plugin v27.4 - https:\/\/yoast.com\/product\/yoast-seo-wordpress\/ -->\n<title>Nebraska Democratic Party Early Vote Press Conference &#8211; Nebraska Democratic Party<\/title>\n<meta name=\"robots\" content=\"index, follow, max-snippet:-1, max-image-preview:large, max-video-preview:-1\" \/>\n<link rel=\"canonical\" href=\"https:\/\/nebraskademocrats.org\/vi\/press-releases\/nebraska-democratic-party-early-vote-press-conference\/\" \/>\n<meta property=\"og:locale\" content=\"vi_VN\" \/>\n<meta property=\"og:type\" content=\"article\" \/>\n<meta property=\"og:title\" content=\"Nebraska Democratic Party Early Vote Press Conference &#8211; Nebraska Democratic Party\" \/>\n<meta property=\"og:description\" content=\"The Nebraska Democratic Party is holding an Early Vote Press Conference with Spencer Danner, Democratic Candidate for Secretary of State. WHO- The Nebraska Democratic Party, Democratic Candidate for Secretary of State Spencer Danner WHAT- \u00a0Holding a press conference to talk about early vote and how to make it more accessible to every citizen WHEN-\u00a0Monday, April ... Read more\" \/>\n<meta property=\"og:url\" content=\"https:\/\/nebraskademocrats.org\/vi\/press-releases\/nebraska-democratic-party-early-vote-press-conference\/\" \/>\n<meta property=\"og:site_name\" content=\"Nebraska Democratic Party\" \/>\n<meta property=\"article:publisher\" content=\"https:\/\/www.facebook.com\/NebraskaDemocraticParty\/\" \/>\n<meta property=\"article:published_time\" content=\"2018-04-15T21:13:22+00:00\" \/>\n<meta property=\"og:image\" content=\"https:\/\/nebraskademocrats.org\/wp-content\/uploads\/2018\/09\/ne-dems-fb.jpg\" \/>\n\t<meta property=\"og:image:width\" content=\"1200\" \/>\n\t<meta property=\"og:image:height\" content=\"630\" \/>\n\t<meta property=\"og:image:type\" content=\"image\/jpeg\" \/>\n<meta name=\"author\" content=\"Precious McKesson\" \/>\n<meta name=\"twitter:card\" content=\"summary_large_image\" \/>\n<meta name=\"twitter:creator\" content=\"@nebraskadems\" \/>\n<meta name=\"twitter:site\" content=\"@nebraskadems\" \/>\n<meta name=\"twitter:label1\" content=\"\u0110\u01b0\u1ee3c vi\u1ebft b\u1edfi\" \/>\n\t<meta name=\"twitter:data1\" content=\"Precious McKesson\" \/>\n\t<meta name=\"twitter:label2\" content=\"\u01af\u1edbc t\u00ednh th\u1eddi gian \u0111\u1ecdc\" \/>\n\t<meta name=\"twitter:data2\" content=\"1 ph\u00fat\" \/>\n<script type=\"application\/ld+json\" class=\"yoast-schema-graph\">{\"@context\":\"https:\\\/\\\/schema.org\",\"@graph\":[{\"@type\":\"Article\",\"@id\":\"https:\\\/\\\/nebraskademocrats.org\\\/press-releases\\\/nebraska-democratic-party-early-vote-press-conference\\\/#article\",\"isPartOf\":{\"@id\":\"https:\\\/\\\/nebraskademocrats.org\\\/press-releases\\\/nebraska-democratic-party-early-vote-press-conference\\\/\"},\"author\":{\"name\":\"Precious McKesson\",\"@id\":\"https:\\\/\\\/nebraskademocrats.org\\\/#\\\/schema\\\/person\\\/33e011ea0795f404810dc40828bcf289\"},\"headline\":\"Nebraska Democratic Party Early Vote Press Conference\",\"datePublished\":\"2018-04-15T21:13:22+00:00\",\"mainEntityOfPage\":{\"@id\":\"https:\\\/\\\/nebraskademocrats.org\\\/press-releases\\\/nebraska-democratic-party-early-vote-press-conference\\\/\"},\"wordCount\":116,\"publisher\":{\"@id\":\"https:\\\/\\\/nebraskademocrats.org\\\/#organization\"},\"articleSection\":[\"Press Releases\"],\"inLanguage\":\"vi\"},{\"@type\":\"WebPage\",\"@id\":\"https:\\\/\\\/nebraskademocrats.org\\\/press-releases\\\/nebraska-democratic-party-early-vote-press-conference\\\/\",\"url\":\"https:\\\/\\\/nebraskademocrats.org\\\/press-releases\\\/nebraska-democratic-party-early-vote-press-conference\\\/\",\"name\":\"Nebraska Democratic Party Early Vote Press Conference &#8211; Nebraska Democratic Party\",\"isPartOf\":{\"@id\":\"https:\\\/\\\/nebraskademocrats.org\\\/#website\"},\"datePublished\":\"2018-04-15T21:13:22+00:00\",\"breadcrumb\":{\"@id\":\"https:\\\/\\\/nebraskademocrats.org\\\/press-releases\\\/nebraska-democratic-party-early-vote-press-conference\\\/#breadcrumb\"},\"inLanguage\":\"vi\",\"potentialAction\":[{\"@type\":\"ReadAction\",\"target\":[\"https:\\\/\\\/nebraskademocrats.org\\\/press-releases\\\/nebraska-democratic-party-early-vote-press-conference\\\/\"]}]},{\"@type\":\"BreadcrumbList\",\"@id\":\"https:\\\/\\\/nebraskademocrats.org\\\/press-releases\\\/nebraska-democratic-party-early-vote-press-conference\\\/#breadcrumb\",\"itemListElement\":[{\"@type\":\"ListItem\",\"position\":1,\"name\":\"Home\",\"item\":\"https:\\\/\\\/nebraskademocrats.org\\\/\"},{\"@type\":\"ListItem\",\"position\":2,\"name\":\"Nebraska Democratic Party Early Vote Press Conference\"}]},{\"@type\":\"WebSite\",\"@id\":\"https:\\\/\\\/nebraskademocrats.org\\\/#website\",\"url\":\"https:\\\/\\\/nebraskademocrats.org\\\/\",\"name\":\"Nebraska Democratic Party\",\"description\":\"Growing the Good Life for All Nebraskans\",\"publisher\":{\"@id\":\"https:\\\/\\\/nebraskademocrats.org\\\/#organization\"},\"potentialAction\":[{\"@type\":\"SearchAction\",\"target\":{\"@type\":\"EntryPoint\",\"urlTemplate\":\"https:\\\/\\\/nebraskademocrats.org\\\/?s={search_term_string}\"},\"query-input\":{\"@type\":\"PropertyValueSpecification\",\"valueRequired\":true,\"valueName\":\"search_term_string\"}}],\"inLanguage\":\"vi\"},{\"@type\":\"Organization\",\"@id\":\"https:\\\/\\\/nebraskademocrats.org\\\/#organization\",\"name\":\"Nebraska Democratic Party\",\"url\":\"https:\\\/\\\/nebraskademocrats.org\\\/\",\"logo\":{\"@type\":\"ImageObject\",\"inLanguage\":\"vi\",\"@id\":\"https:\\\/\\\/nebraskademocrats.org\\\/#\\\/schema\\\/logo\\\/image\\\/\",\"url\":\"https:\\\/\\\/nebraskadem.wpenginepowered.com\\\/wp-content\\\/uploads\\\/2016\\\/05\\\/NDP2.jpg\",\"contentUrl\":\"https:\\\/\\\/nebraskadem.wpenginepowered.com\\\/wp-content\\\/uploads\\\/2016\\\/05\\\/NDP2.jpg\",\"width\":1000,\"height\":396,\"caption\":\"Nebraska Democratic Party\"},\"image\":{\"@id\":\"https:\\\/\\\/nebraskademocrats.org\\\/#\\\/schema\\\/logo\\\/image\\\/\"},\"sameAs\":[\"https:\\\/\\\/www.facebook.com\\\/NebraskaDemocraticParty\\\/\",\"https:\\\/\\\/x.com\\\/nebraskadems\"]},{\"@type\":\"Person\",\"@id\":\"https:\\\/\\\/nebraskademocrats.org\\\/#\\\/schema\\\/person\\\/33e011ea0795f404810dc40828bcf289\",\"name\":\"Precious McKesson\",\"image\":{\"@type\":\"ImageObject\",\"inLanguage\":\"vi\",\"@id\":\"https:\\\/\\\/secure.gravatar.com\\\/avatar\\\/35046e19b3373116ec64c07d386d3312028d3820dc0ffe65c344bcebc8ea9194?s=96&d=mm&r=g\",\"url\":\"https:\\\/\\\/secure.gravatar.com\\\/avatar\\\/35046e19b3373116ec64c07d386d3312028d3820dc0ffe65c344bcebc8ea9194?s=96&d=mm&r=g\",\"contentUrl\":\"https:\\\/\\\/secure.gravatar.com\\\/avatar\\\/35046e19b3373116ec64c07d386d3312028d3820dc0ffe65c344bcebc8ea9194?s=96&d=mm&r=g\",\"caption\":\"Precious McKesson\"}}]}<\/script>\n<!-- \/ Yoast SEO plugin. -->","yoast_head_json":{"title":"Nebraska Democratic Party Early Vote Press Conference &#8211; Nebraska Democratic Party","robots":{"index":"index","follow":"follow","max-snippet":"max-snippet:-1","max-image-preview":"max-image-preview:large","max-video-preview":"max-video-preview:-1"},"canonical":"https:\/\/nebraskademocrats.org\/vi\/press-releases\/nebraska-democratic-party-early-vote-press-conference\/","og_locale":"vi_VN","og_type":"article","og_title":"Nebraska Democratic Party Early Vote Press Conference &#8211; Nebraska Democratic Party","og_description":"The Nebraska Democratic Party is holding an Early Vote Press Conference with Spencer Danner, Democratic Candidate for Secretary of State. WHO- The Nebraska Democratic Party, Democratic Candidate for Secretary of State Spencer Danner WHAT- \u00a0Holding a press conference to talk about early vote and how to make it more accessible to every citizen WHEN-\u00a0Monday, April ... Read more","og_url":"https:\/\/nebraskademocrats.org\/vi\/press-releases\/nebraska-democratic-party-early-vote-press-conference\/","og_site_name":"Nebraska Democratic Party","article_publisher":"https:\/\/www.facebook.com\/NebraskaDemocraticParty\/","article_published_time":"2018-04-15T21:13:22+00:00","og_image":[{"width":1200,"height":630,"url":"https:\/\/nebraskademocrats.org\/wp-content\/uploads\/2018\/09\/ne-dems-fb.jpg","type":"image\/jpeg"}],"author":"Precious McKesson","twitter_card":"summary_large_image","twitter_creator":"@nebraskadems","twitter_site":"@nebraskadems","twitter_misc":{"\u0110\u01b0\u1ee3c vi\u1ebft b\u1edfi":"Precious McKesson","\u01af\u1edbc t\u00ednh th\u1eddi gian \u0111\u1ecdc":"1 ph\u00fat"},"schema":{"@context":"https:\/\/schema.org","@graph":[{"@type":"Article","@id":"https:\/\/nebraskademocrats.org\/press-releases\/nebraska-democratic-party-early-vote-press-conference\/#article","isPartOf":{"@id":"https:\/\/nebraskademocrats.org\/press-releases\/nebraska-democratic-party-early-vote-press-conference\/"},"author":{"name":"Precious McKesson","@id":"https:\/\/nebraskademocrats.org\/#\/schema\/person\/33e011ea0795f404810dc40828bcf289"},"headline":"Nebraska Democratic Party Early Vote Press Conference","datePublished":"2018-04-15T21:13:22+00:00","mainEntityOfPage":{"@id":"https:\/\/nebraskademocrats.org\/press-releases\/nebraska-democratic-party-early-vote-press-conference\/"},"wordCount":116,"publisher":{"@id":"https:\/\/nebraskademocrats.org\/#organization"},"articleSection":["Press Releases"],"inLanguage":"vi"},{"@type":"WebPage","@id":"https:\/\/nebraskademocrats.org\/press-releases\/nebraska-democratic-party-early-vote-press-conference\/","url":"https:\/\/nebraskademocrats.org\/press-releases\/nebraska-democratic-party-early-vote-press-conference\/","name":"Nebraska Democratic Party Early Vote Press Conference &#8211; Nebraska Democratic Party","isPartOf":{"@id":"https:\/\/nebraskademocrats.org\/#website"},"datePublished":"2018-04-15T21:13:22+00:00","breadcrumb":{"@id":"https:\/\/nebraskademocrats.org\/press-releases\/nebraska-democratic-party-early-vote-press-conference\/#breadcrumb"},"inLanguage":"vi","potentialAction":[{"@type":"ReadAction","target":["https:\/\/nebraskademocrats.org\/press-releases\/nebraska-democratic-party-early-vote-press-conference\/"]}]},{"@type":"BreadcrumbList","@id":"https:\/\/nebraskademocrats.org\/press-releases\/nebraska-democratic-party-early-vote-press-conference\/#breadcrumb","itemListElement":[{"@type":"ListItem","position":1,"name":"Home","item":"https:\/\/nebraskademocrats.org\/"},{"@type":"ListItem","position":2,"name":"Nebraska Democratic Party Early Vote Press Conference"}]},{"@type":"WebSite","@id":"https:\/\/nebraskademocrats.org\/#website","url":"https:\/\/nebraskademocrats.org\/","name":"Nebraska Democratic Party","description":"Ph\u00e1t tri\u1ec3n cu\u1ed9c s\u1ed1ng t\u1ed1t \u0111\u1eb9p cho t\u1ea5t c\u1ea3 Nebraskans","publisher":{"@id":"https:\/\/nebraskademocrats.org\/#organization"},"potentialAction":[{"@type":"SearchAction","target":{"@type":"EntryPoint","urlTemplate":"https:\/\/nebraskademocrats.org\/?s={search_term_string}"},"query-input":{"@type":"PropertyValueSpecification","valueRequired":true,"valueName":"search_term_string"}}],"inLanguage":"vi"},{"@type":"Organization","@id":"https:\/\/nebraskademocrats.org\/#organization","name":"Nebraska Democratic Party","url":"https:\/\/nebraskademocrats.org\/","logo":{"@type":"ImageObject","inLanguage":"vi","@id":"https:\/\/nebraskademocrats.org\/#\/schema\/logo\/image\/","url":"https:\/\/nebraskadem.wpenginepowered.com\/wp-content\/uploads\/2016\/05\/NDP2.jpg","contentUrl":"https:\/\/nebraskadem.wpenginepowered.com\/wp-content\/uploads\/2016\/05\/NDP2.jpg","width":1000,"height":396,"caption":"Nebraska Democratic Party"},"image":{"@id":"https:\/\/nebraskademocrats.org\/#\/schema\/logo\/image\/"},"sameAs":["https:\/\/www.facebook.com\/NebraskaDemocraticParty\/","https:\/\/x.com\/nebraskadems"]},{"@type":"Person","@id":"https:\/\/nebraskademocrats.org\/#\/schema\/person\/33e011ea0795f404810dc40828bcf289","name":"McKesson qu\u00fd gi\u00e1","image":{"@type":"ImageObject","inLanguage":"vi","@id":"https:\/\/secure.gravatar.com\/avatar\/35046e19b3373116ec64c07d386d3312028d3820dc0ffe65c344bcebc8ea9194?s=96&d=mm&r=g","url":"https:\/\/secure.gravatar.com\/avatar\/35046e19b3373116ec64c07d386d3312028d3820dc0ffe65c344bcebc8ea9194?s=96&d=mm&r=g","contentUrl":"https:\/\/secure.gravatar.com\/avatar\/35046e19b3373116ec64c07d386d3312028d3820dc0ffe65c344bcebc8ea9194?s=96&d=mm&r=g","caption":"Precious McKesson"}}]}},"_links":{"self":[{"href":"https:\/\/nebraskademocrats.org\/vi\/wp-json\/wp\/v2\/posts\/5345","targetHints":{"allow":["GET"]}}],"collection":[{"href":"https:\/\/nebraskademocrats.org\/vi\/wp-json\/wp\/v2\/posts"}],"about":[{"href":"https:\/\/nebraskademocrats.org\/vi\/wp-json\/wp\/v2\/types\/post"}],"author":[{"embeddable":true,"href":"https:\/\/nebraskademocrats.org\/vi\/wp-json\/wp\/v2\/users\/19"}],"replies":[{"embeddable":true,"href":"https:\/\/nebraskademocrats.org\/vi\/wp-json\/wp\/v2\/comments?post=5345"}],"version-history":[{"count":0,"href":"https:\/\/nebraskademocrats.org\/vi\/wp-json\/wp\/v2\/posts\/5345\/revisions"}],"wp:attachment":[{"href":"https:\/\/nebraskademocrats.org\/vi\/wp-json\/wp\/v2\/media?parent=5345"}],"wp:term":[{"taxonomy":"category","embeddable":true,"href":"https:\/\/nebraskademocrats.org\/vi\/wp-json\/wp\/v2\/categories?post=5345"},{"taxonomy":"post_tag","embeddable":true,"href":"https:\/\/nebraskademocrats.org\/vi\/wp-json\/wp\/v2\/tags?post=5345"}],"curies":[{"name":"wp","href":"https:\/\/api.w.org\/{rel}","templated":true}]}}