{"id":545,"date":"2016-05-06T15:59:02","date_gmt":"2016-05-06T15:59:02","guid":{"rendered":"http:\/\/nebraska.precisionnewmedia.com\/?p=545"},"modified":"2016-07-25T16:01:48","modified_gmt":"2016-07-25T16:01:48","slug":"did-ricketts-endorse-trump-to-keep-trump-quiet","status":"publish","type":"post","link":"https:\/\/nebraskademocrats.org\/vi\/blog\/did-ricketts-endorse-trump-to-keep-trump-quiet\/","title":{"rendered":"C\u00d3 RICKETTS ENDORSE TRUMP \u0110\u1ec2 GI\u1eee TRUMP QUIET?"},"content":{"rendered":"<p dir=\"ltr\">LINCOLN \u2013 Tr\u1edf l\u1ea1i v\u00e0o th\u00e1ng 2, ng\u01b0\u1eddi ta \u0111\u00e3 ti\u1ebft l\u1ed9 r\u1eb1ng m\u1eb9 c\u1ee7a Th\u1ed1ng \u0111\u1ed1c Pete Ricketts, Marlene Ricketts,<a href=\"http:\/\/www.usatoday.com\/story\/news\/politics\/onpolitics\/2016\/02\/21\/donald-trump-super-pac-marlene-ricketts\/80698232\/\">\u00a0\u0111\u00e3 trao $3 tri\u1ec7u cho si\u00eau PAC ch\u1ed1ng Trump, PAC Nguy\u00ean t\u1eafc c\u1ee7a ch\u00fang t\u00f4i<\/a>. Khi Donald Trump nh\u1eadn \u0111\u01b0\u1ee3c tin v\u1ec1 \u0111i\u1ec1u n\u00e0y, anh \u1ea5y \u0111\u00e3 tweet nh\u01b0 sau:<\/p>\n<div>\n<p dir=\"ltr\"><em><a href=\"https:\/\/twitter.com\/realDonaldTrump\/status\/701779181986680832?ref_src=twsrc%5Etfw\">\u201cT\u00f4i nghe n\u00f3i gia \u0111\u00ecnh Rickets, nh\u1eefng ng\u01b0\u1eddi s\u1edf h\u1eefu Chicago Cubs, \u0111ang b\u00ed m\u1eadt chi ti\u00eau $ \u0111\u1ec3 ch\u1ed1ng l\u1ea1i t\u00f4i. T\u1ed1t h\u01a1n h\u1ebft h\u1ecd n\u00ean c\u1ea9n th\u1eadn, h\u1ecd c\u00f3 r\u1ea5t nhi\u1ec1u \u0111i\u1ec1u \u0111\u1ec3 che gi\u1ea5u! \u201d<\/a><\/em><\/p>\n<p dir=\"ltr\">B\u00e2y gi\u1edd,\u00a0<a href=\"http:\/\/www.omaha.com\/news\/politics\/ricketts-says-he-will-support-donald-trump-s-presidential-bid\/article_88c03d4f-88f9-5f49-8636-9a72064d3414.html\">Th\u1ed1ng \u0111\u1ed1c Pete Ricketts \u0111\u00e3 ra m\u1eb7t \u1ee7ng h\u1ed9 Trump cho ch\u1ee9c v\u1ee5 T\u1ed5ng th\u1ed1ng<\/a>,\u00a0<a href=\"http:\/\/www.omaha.com\/news\/politics\/ricketts-expected-to-introduce-donald-trump-at-eppley-airfield-rally\/article_0c4bad18-1310-11e6-a118-cfbfe583c7e3.html\">th\u1eadm ch\u00ed \u0111\u1ed3ng \u00fd gi\u1edbi thi\u1ec7u Trump t\u1ea1i cu\u1ed9c bi\u1ec3u t\u00ecnh \u0111\u01b0\u1ee3c t\u1ed5 ch\u1ee9c h\u00f4m nay \u1edf Omaha<\/a>.<\/p>\n<p>C\u00f3 ph\u1ea3i s\u1ef1 t\u00e1n th\u00e0nh c\u1ee7a th\u1ed1ng \u0111\u1ed1c Trump \u0111\u1ed1i v\u1edbi t\u1ed5ng th\u1ed1ng l\u00e0 m\u1ed9t s\u1ef1 \u1ee7ng h\u1ed9 m\u1ea1nh m\u1ebd, \u0111\u1ec3 nh\u1eefng b\u1ed9 x\u01b0\u01a1ng c\u1ee7a gia \u0111\u00ecnh Ricketts \u1edf trong t\u1ee7?<\/p>\n<p dir=\"ltr\">Ho\u1eb7c Trump \u0111\u00e3 n\u00f3i d\u1ed1i ho\u1eb7c Ricketts \u0111\u00e3 c\u1eaft m\u1ed9t th\u1ecfa thu\u1eadn b\u00ed m\u1eadt \u0111\u1ec3 gi\u1eef Trump im l\u1eb7ng, \u0111\u00f3 l\u00e0 g\u00ec? Nebraska x\u1ee9ng \u0111\u00e1ng v\u1edbi s\u1ef1 th\u1eadt.<\/p>\n<\/div>","protected":false},"excerpt":{"rendered":"<p>LINCOLN\u2013Back in February, it was revealed that the mother of Gov. Pete Ricketts, Marlene Ricketts,\u00a0gave $3 million to the anti-Trump super PAC, Our Principles PAC. When Donald Trump got word of this, he tweeted the following: \u201cI hear the Rickets family, who own the Chicago Cubs, are secretly spending $&#8217;s against me. They better be &#8230; <a title=\"C\u00d3 RICKETTS ENDORSE TRUMP \u0110\u1ec2 GI\u1eee TRUMP QUIET?\" class=\"read-more\" href=\"https:\/\/nebraskademocrats.org\/vi\/blog\/did-ricketts-endorse-trump-to-keep-trump-quiet\/\" aria-label=\"More on DID RICKETTS ENDORSE TRUMP TO KEEP TRUMP QUIET?\">\u0110\u1ecdc th\u00eam<\/a><\/p>","protected":false},"author":19,"featured_media":0,"comment_status":"open","ping_status":"open","sticky":false,"template":"","format":"standard","meta":{"_acf_changed":false,"_exactmetrics_skip_tracking":false,"_exactmetrics_sitenote_active":false,"_exactmetrics_sitenote_note":"","_exactmetrics_sitenote_category":0,"footnotes":""},"categories":[1],"tags":[],"class_list":["post-545","post","type-post","status-publish","format-standard","hentry","category-blog"],"acf":[],"yoast_head":"<!-- This site is optimized with the Yoast SEO plugin v27.4 - https:\/\/yoast.com\/product\/yoast-seo-wordpress\/ -->\n<title>DID RICKETTS ENDORSE TRUMP TO KEEP TRUMP QUIET? &#8211; Nebraska Democratic Party<\/title>\n<meta name=\"robots\" content=\"index, follow, max-snippet:-1, max-image-preview:large, max-video-preview:-1\" \/>\n<link rel=\"canonical\" href=\"https:\/\/nebraskademocrats.org\/vi\/blog\/did-ricketts-endorse-trump-to-keep-trump-quiet\/\" \/>\n<meta property=\"og:locale\" content=\"vi_VN\" \/>\n<meta property=\"og:type\" content=\"article\" \/>\n<meta property=\"og:title\" content=\"DID RICKETTS ENDORSE TRUMP TO KEEP TRUMP QUIET? &#8211; Nebraska Democratic Party\" \/>\n<meta property=\"og:description\" content=\"LINCOLN\u2013Back in February, it was revealed that the mother of Gov. Pete Ricketts, Marlene Ricketts,\u00a0gave $3 million to the anti-Trump super PAC, Our Principles PAC. When Donald Trump got word of this, he tweeted the following: \u201cI hear the Rickets family, who own the Chicago Cubs, are secretly spending $&#8217;s against me. They better be ... Read more\" \/>\n<meta property=\"og:url\" content=\"https:\/\/nebraskademocrats.org\/vi\/blog\/did-ricketts-endorse-trump-to-keep-trump-quiet\/\" \/>\n<meta property=\"og:site_name\" content=\"Nebraska Democratic Party\" \/>\n<meta property=\"article:publisher\" content=\"https:\/\/www.facebook.com\/NebraskaDemocraticParty\/\" \/>\n<meta property=\"article:published_time\" content=\"2016-05-06T15:59:02+00:00\" \/>\n<meta property=\"article:modified_time\" content=\"2016-07-25T16:01:48+00:00\" \/>\n<meta property=\"og:image\" content=\"https:\/\/nebraskademocrats.org\/wp-content\/uploads\/2018\/09\/ne-dems-fb.jpg\" \/>\n\t<meta property=\"og:image:width\" content=\"1200\" \/>\n\t<meta property=\"og:image:height\" content=\"630\" \/>\n\t<meta property=\"og:image:type\" content=\"image\/jpeg\" \/>\n<meta name=\"author\" content=\"Precious McKesson\" \/>\n<meta name=\"twitter:card\" content=\"summary_large_image\" \/>\n<meta name=\"twitter:creator\" content=\"@nebraskadems\" \/>\n<meta name=\"twitter:site\" content=\"@nebraskadems\" \/>\n<meta name=\"twitter:label1\" content=\"\u0110\u01b0\u1ee3c vi\u1ebft b\u1edfi\" \/>\n\t<meta name=\"twitter:data1\" content=\"Precious McKesson\" \/>\n\t<meta name=\"twitter:label2\" content=\"\u01af\u1edbc t\u00ednh th\u1eddi gian \u0111\u1ecdc\" \/>\n\t<meta name=\"twitter:data2\" content=\"1 ph\u00fat\" \/>\n<script type=\"application\/ld+json\" class=\"yoast-schema-graph\">{\"@context\":\"https:\\\/\\\/schema.org\",\"@graph\":[{\"@type\":\"Article\",\"@id\":\"https:\\\/\\\/nebraskademocrats.org\\\/blog\\\/did-ricketts-endorse-trump-to-keep-trump-quiet\\\/#article\",\"isPartOf\":{\"@id\":\"https:\\\/\\\/nebraskademocrats.org\\\/blog\\\/did-ricketts-endorse-trump-to-keep-trump-quiet\\\/\"},\"author\":{\"name\":\"Precious McKesson\",\"@id\":\"https:\\\/\\\/nebraskademocrats.org\\\/#\\\/schema\\\/person\\\/33e011ea0795f404810dc40828bcf289\"},\"headline\":\"DID RICKETTS ENDORSE TRUMP TO KEEP TRUMP QUIET?\",\"datePublished\":\"2016-05-06T15:59:02+00:00\",\"dateModified\":\"2016-07-25T16:01:48+00:00\",\"mainEntityOfPage\":{\"@id\":\"https:\\\/\\\/nebraskademocrats.org\\\/blog\\\/did-ricketts-endorse-trump-to-keep-trump-quiet\\\/\"},\"wordCount\":143,\"commentCount\":0,\"publisher\":{\"@id\":\"https:\\\/\\\/nebraskademocrats.org\\\/#organization\"},\"articleSection\":[\"NDP Blog\"],\"inLanguage\":\"vi\"},{\"@type\":\"WebPage\",\"@id\":\"https:\\\/\\\/nebraskademocrats.org\\\/blog\\\/did-ricketts-endorse-trump-to-keep-trump-quiet\\\/\",\"url\":\"https:\\\/\\\/nebraskademocrats.org\\\/blog\\\/did-ricketts-endorse-trump-to-keep-trump-quiet\\\/\",\"name\":\"DID RICKETTS ENDORSE TRUMP TO KEEP TRUMP QUIET? &#8211; Nebraska Democratic Party\",\"isPartOf\":{\"@id\":\"https:\\\/\\\/nebraskademocrats.org\\\/#website\"},\"datePublished\":\"2016-05-06T15:59:02+00:00\",\"dateModified\":\"2016-07-25T16:01:48+00:00\",\"breadcrumb\":{\"@id\":\"https:\\\/\\\/nebraskademocrats.org\\\/blog\\\/did-ricketts-endorse-trump-to-keep-trump-quiet\\\/#breadcrumb\"},\"inLanguage\":\"vi\",\"potentialAction\":[{\"@type\":\"ReadAction\",\"target\":[\"https:\\\/\\\/nebraskademocrats.org\\\/blog\\\/did-ricketts-endorse-trump-to-keep-trump-quiet\\\/\"]}]},{\"@type\":\"BreadcrumbList\",\"@id\":\"https:\\\/\\\/nebraskademocrats.org\\\/blog\\\/did-ricketts-endorse-trump-to-keep-trump-quiet\\\/#breadcrumb\",\"itemListElement\":[{\"@type\":\"ListItem\",\"position\":1,\"name\":\"Home\",\"item\":\"https:\\\/\\\/nebraskademocrats.org\\\/\"},{\"@type\":\"ListItem\",\"position\":2,\"name\":\"DID RICKETTS ENDORSE TRUMP TO KEEP TRUMP QUIET?\"}]},{\"@type\":\"WebSite\",\"@id\":\"https:\\\/\\\/nebraskademocrats.org\\\/#website\",\"url\":\"https:\\\/\\\/nebraskademocrats.org\\\/\",\"name\":\"Nebraska Democratic Party\",\"description\":\"Growing the Good Life for All Nebraskans\",\"publisher\":{\"@id\":\"https:\\\/\\\/nebraskademocrats.org\\\/#organization\"},\"potentialAction\":[{\"@type\":\"SearchAction\",\"target\":{\"@type\":\"EntryPoint\",\"urlTemplate\":\"https:\\\/\\\/nebraskademocrats.org\\\/?s={search_term_string}\"},\"query-input\":{\"@type\":\"PropertyValueSpecification\",\"valueRequired\":true,\"valueName\":\"search_term_string\"}}],\"inLanguage\":\"vi\"},{\"@type\":\"Organization\",\"@id\":\"https:\\\/\\\/nebraskademocrats.org\\\/#organization\",\"name\":\"Nebraska Democratic Party\",\"url\":\"https:\\\/\\\/nebraskademocrats.org\\\/\",\"logo\":{\"@type\":\"ImageObject\",\"inLanguage\":\"vi\",\"@id\":\"https:\\\/\\\/nebraskademocrats.org\\\/#\\\/schema\\\/logo\\\/image\\\/\",\"url\":\"https:\\\/\\\/nebraskadem.wpenginepowered.com\\\/wp-content\\\/uploads\\\/2016\\\/05\\\/NDP2.jpg\",\"contentUrl\":\"https:\\\/\\\/nebraskadem.wpenginepowered.com\\\/wp-content\\\/uploads\\\/2016\\\/05\\\/NDP2.jpg\",\"width\":1000,\"height\":396,\"caption\":\"Nebraska Democratic Party\"},\"image\":{\"@id\":\"https:\\\/\\\/nebraskademocrats.org\\\/#\\\/schema\\\/logo\\\/image\\\/\"},\"sameAs\":[\"https:\\\/\\\/www.facebook.com\\\/NebraskaDemocraticParty\\\/\",\"https:\\\/\\\/x.com\\\/nebraskadems\"]},{\"@type\":\"Person\",\"@id\":\"https:\\\/\\\/nebraskademocrats.org\\\/#\\\/schema\\\/person\\\/33e011ea0795f404810dc40828bcf289\",\"name\":\"Precious McKesson\",\"image\":{\"@type\":\"ImageObject\",\"inLanguage\":\"vi\",\"@id\":\"https:\\\/\\\/secure.gravatar.com\\\/avatar\\\/35046e19b3373116ec64c07d386d3312028d3820dc0ffe65c344bcebc8ea9194?s=96&d=mm&r=g\",\"url\":\"https:\\\/\\\/secure.gravatar.com\\\/avatar\\\/35046e19b3373116ec64c07d386d3312028d3820dc0ffe65c344bcebc8ea9194?s=96&d=mm&r=g\",\"contentUrl\":\"https:\\\/\\\/secure.gravatar.com\\\/avatar\\\/35046e19b3373116ec64c07d386d3312028d3820dc0ffe65c344bcebc8ea9194?s=96&d=mm&r=g\",\"caption\":\"Precious McKesson\"}}]}<\/script>\n<!-- \/ Yoast SEO plugin. -->","yoast_head_json":{"title":"DID RICKETTS ENDORSE TRUMP TO KEEP TRUMP QUIET? &#8211; Nebraska Democratic Party","robots":{"index":"index","follow":"follow","max-snippet":"max-snippet:-1","max-image-preview":"max-image-preview:large","max-video-preview":"max-video-preview:-1"},"canonical":"https:\/\/nebraskademocrats.org\/vi\/blog\/did-ricketts-endorse-trump-to-keep-trump-quiet\/","og_locale":"vi_VN","og_type":"article","og_title":"DID RICKETTS ENDORSE TRUMP TO KEEP TRUMP QUIET? &#8211; Nebraska Democratic Party","og_description":"LINCOLN\u2013Back in February, it was revealed that the mother of Gov. Pete Ricketts, Marlene Ricketts,\u00a0gave $3 million to the anti-Trump super PAC, Our Principles PAC. When Donald Trump got word of this, he tweeted the following: \u201cI hear the Rickets family, who own the Chicago Cubs, are secretly spending $&#8217;s against me. They better be ... Read more","og_url":"https:\/\/nebraskademocrats.org\/vi\/blog\/did-ricketts-endorse-trump-to-keep-trump-quiet\/","og_site_name":"Nebraska Democratic Party","article_publisher":"https:\/\/www.facebook.com\/NebraskaDemocraticParty\/","article_published_time":"2016-05-06T15:59:02+00:00","article_modified_time":"2016-07-25T16:01:48+00:00","og_image":[{"width":1200,"height":630,"url":"https:\/\/nebraskademocrats.org\/wp-content\/uploads\/2018\/09\/ne-dems-fb.jpg","type":"image\/jpeg"}],"author":"Precious McKesson","twitter_card":"summary_large_image","twitter_creator":"@nebraskadems","twitter_site":"@nebraskadems","twitter_misc":{"\u0110\u01b0\u1ee3c vi\u1ebft b\u1edfi":"Precious McKesson","\u01af\u1edbc t\u00ednh th\u1eddi gian \u0111\u1ecdc":"1 ph\u00fat"},"schema":{"@context":"https:\/\/schema.org","@graph":[{"@type":"Article","@id":"https:\/\/nebraskademocrats.org\/blog\/did-ricketts-endorse-trump-to-keep-trump-quiet\/#article","isPartOf":{"@id":"https:\/\/nebraskademocrats.org\/blog\/did-ricketts-endorse-trump-to-keep-trump-quiet\/"},"author":{"name":"Precious McKesson","@id":"https:\/\/nebraskademocrats.org\/#\/schema\/person\/33e011ea0795f404810dc40828bcf289"},"headline":"DID RICKETTS ENDORSE TRUMP TO KEEP TRUMP QUIET?","datePublished":"2016-05-06T15:59:02+00:00","dateModified":"2016-07-25T16:01:48+00:00","mainEntityOfPage":{"@id":"https:\/\/nebraskademocrats.org\/blog\/did-ricketts-endorse-trump-to-keep-trump-quiet\/"},"wordCount":143,"commentCount":0,"publisher":{"@id":"https:\/\/nebraskademocrats.org\/#organization"},"articleSection":["NDP Blog"],"inLanguage":"vi"},{"@type":"WebPage","@id":"https:\/\/nebraskademocrats.org\/blog\/did-ricketts-endorse-trump-to-keep-trump-quiet\/","url":"https:\/\/nebraskademocrats.org\/blog\/did-ricketts-endorse-trump-to-keep-trump-quiet\/","name":"DID RICKETTS ENDORSE TRUMP TO KEEP TRUMP QUIET? &#8211; Nebraska Democratic Party","isPartOf":{"@id":"https:\/\/nebraskademocrats.org\/#website"},"datePublished":"2016-05-06T15:59:02+00:00","dateModified":"2016-07-25T16:01:48+00:00","breadcrumb":{"@id":"https:\/\/nebraskademocrats.org\/blog\/did-ricketts-endorse-trump-to-keep-trump-quiet\/#breadcrumb"},"inLanguage":"vi","potentialAction":[{"@type":"ReadAction","target":["https:\/\/nebraskademocrats.org\/blog\/did-ricketts-endorse-trump-to-keep-trump-quiet\/"]}]},{"@type":"BreadcrumbList","@id":"https:\/\/nebraskademocrats.org\/blog\/did-ricketts-endorse-trump-to-keep-trump-quiet\/#breadcrumb","itemListElement":[{"@type":"ListItem","position":1,"name":"Home","item":"https:\/\/nebraskademocrats.org\/"},{"@type":"ListItem","position":2,"name":"DID RICKETTS ENDORSE TRUMP TO KEEP TRUMP QUIET?"}]},{"@type":"WebSite","@id":"https:\/\/nebraskademocrats.org\/#website","url":"https:\/\/nebraskademocrats.org\/","name":"Nebraska Democratic Party","description":"Ph\u00e1t tri\u1ec3n cu\u1ed9c s\u1ed1ng t\u1ed1t \u0111\u1eb9p cho t\u1ea5t c\u1ea3 Nebraskans","publisher":{"@id":"https:\/\/nebraskademocrats.org\/#organization"},"potentialAction":[{"@type":"SearchAction","target":{"@type":"EntryPoint","urlTemplate":"https:\/\/nebraskademocrats.org\/?s={search_term_string}"},"query-input":{"@type":"PropertyValueSpecification","valueRequired":true,"valueName":"search_term_string"}}],"inLanguage":"vi"},{"@type":"Organization","@id":"https:\/\/nebraskademocrats.org\/#organization","name":"Nebraska Democratic Party","url":"https:\/\/nebraskademocrats.org\/","logo":{"@type":"ImageObject","inLanguage":"vi","@id":"https:\/\/nebraskademocrats.org\/#\/schema\/logo\/image\/","url":"https:\/\/nebraskadem.wpenginepowered.com\/wp-content\/uploads\/2016\/05\/NDP2.jpg","contentUrl":"https:\/\/nebraskadem.wpenginepowered.com\/wp-content\/uploads\/2016\/05\/NDP2.jpg","width":1000,"height":396,"caption":"Nebraska Democratic Party"},"image":{"@id":"https:\/\/nebraskademocrats.org\/#\/schema\/logo\/image\/"},"sameAs":["https:\/\/www.facebook.com\/NebraskaDemocraticParty\/","https:\/\/x.com\/nebraskadems"]},{"@type":"Person","@id":"https:\/\/nebraskademocrats.org\/#\/schema\/person\/33e011ea0795f404810dc40828bcf289","name":"McKesson qu\u00fd gi\u00e1","image":{"@type":"ImageObject","inLanguage":"vi","@id":"https:\/\/secure.gravatar.com\/avatar\/35046e19b3373116ec64c07d386d3312028d3820dc0ffe65c344bcebc8ea9194?s=96&d=mm&r=g","url":"https:\/\/secure.gravatar.com\/avatar\/35046e19b3373116ec64c07d386d3312028d3820dc0ffe65c344bcebc8ea9194?s=96&d=mm&r=g","contentUrl":"https:\/\/secure.gravatar.com\/avatar\/35046e19b3373116ec64c07d386d3312028d3820dc0ffe65c344bcebc8ea9194?s=96&d=mm&r=g","caption":"Precious McKesson"}}]}},"_links":{"self":[{"href":"https:\/\/nebraskademocrats.org\/vi\/wp-json\/wp\/v2\/posts\/545","targetHints":{"allow":["GET"]}}],"collection":[{"href":"https:\/\/nebraskademocrats.org\/vi\/wp-json\/wp\/v2\/posts"}],"about":[{"href":"https:\/\/nebraskademocrats.org\/vi\/wp-json\/wp\/v2\/types\/post"}],"author":[{"embeddable":true,"href":"https:\/\/nebraskademocrats.org\/vi\/wp-json\/wp\/v2\/users\/19"}],"replies":[{"embeddable":true,"href":"https:\/\/nebraskademocrats.org\/vi\/wp-json\/wp\/v2\/comments?post=545"}],"version-history":[{"count":0,"href":"https:\/\/nebraskademocrats.org\/vi\/wp-json\/wp\/v2\/posts\/545\/revisions"}],"wp:attachment":[{"href":"https:\/\/nebraskademocrats.org\/vi\/wp-json\/wp\/v2\/media?parent=545"}],"wp:term":[{"taxonomy":"category","embeddable":true,"href":"https:\/\/nebraskademocrats.org\/vi\/wp-json\/wp\/v2\/categories?post=545"},{"taxonomy":"post_tag","embeddable":true,"href":"https:\/\/nebraskademocrats.org\/vi\/wp-json\/wp\/v2\/tags?post=545"}],"curies":[{"name":"wp","href":"https:\/\/api.w.org\/{rel}","templated":true}]}}