{"id":5652,"date":"2018-05-30T10:57:24","date_gmt":"2018-05-30T15:57:24","guid":{"rendered":"http:\/\/nebraskadem.wpenginepowered.com\/?p=5652"},"modified":"2018-05-30T10:57:24","modified_gmt":"2018-05-30T15:57:24","slug":"nebraskans-can-thank-sen-deb-fischer-as-health-insurance-rates-skyrocket","status":"publish","type":"post","link":"https:\/\/nebraskademocrats.org\/vi\/press-releases\/nebraskans-can-thank-sen-deb-fischer-as-health-insurance-rates-skyrocket\/","title":{"rendered":"Nebraskans c\u00f3 th\u1ec3 c\u1ea3m \u01a1n Th\u01b0\u1ee3ng ngh\u1ecb s\u0129 Deb Fischer khi t\u1ef7 l\u1ec7 b\u1ea3o hi\u1ec3m y t\u1ebf t\u0103ng v\u1ecdt"},"content":{"rendered":"<p><span style=\"font-weight: 400;\">Lincoln, NE - H\u00e0ng ngh\u00ecn ng\u01b0\u1eddi d\u00e2n Nebraskans c\u00f3 th\u1ec3 b\u1ecb \u1ea3nh h\u01b0\u1edfng v\u1edbi m\u1ee9c t\u0103ng hai con s\u1ed1 - c\u00f3 th\u1ec3 l\u00ean t\u1edbi 80% - cho ph\u00ed b\u1ea3o hi\u1ec3m s\u1ee9c kh\u1ecfe H\u1ee3p t\u00fai ti\u1ec1n (ACA) c\u1ee7a h\u1ecd v\u00e0o n\u0103m t\u1edbi, nh\u1edd Th\u01b0\u1ee3ng ngh\u1ecb s\u0129 Deb Fischer.<\/span><\/p>\n<p><span style=\"font-weight: 400;\">C\u00e1c phi\u1ebfu b\u1ea7u c\u1ee7a Fischer \u0111\u1ec3 l\u00e0m t\u00ea li\u1ec7t ACA \u0111\u1eb7c bi\u1ec7t \u0111\u01b0\u1ee3c t\u0103ng c\u01b0\u1eddng \u1edf c\u00e1c bang n\u00f4ng th\u00f4n nh\u01b0 Nebraska - n\u01a1i kh\u00f4ng m\u1edf r\u1ed9ng ph\u1ea1m vi b\u1ea3o hi\u1ec3m c\u1ee7a Medicaid v\u00e0 ch\u1ec9 d\u00e0nh cho m\u1ed9t c\u00f4ng ty cung c\u1ea5p c\u00e1c k\u1ebf ho\u1ea1ch ACA.<\/span><\/p>\n<p><a href=\"http:\/\/avalere-health-production.s3.amazonaws.com\/uploads\/1509029079_Table%202-page-001%20(7).jpg\"><span style=\"font-weight: 400;\">Trong n\u0103m 2017-18 \u1edf Nebraska<\/span><\/a><span style=\"font-weight: 400;\">, ph\u00ed b\u1ea3o hi\u1ec3m g\u00f3i ACA \u201c\u0111\u1ed3ng\u201d trung b\u00ecnh \u0111\u00e3 t\u0103ng t\u1eeb $636 l\u00ean $830, t\u0103ng 30%. K\u1ebf ho\u1ea1ch \u201cb\u1ea1c\u201d trung b\u00ecnh \u0111i t\u1eeb $855 l\u00ean $1.133, t\u0103ng 33%.<\/span><\/p>\n<p><span style=\"font-weight: 400;\">Kris Haltmeyer, ph\u00f3 ch\u1ee7 t\u1ecbch c\u1ee7a Hi\u1ec7p h\u1ed9i Blue Cross Blue Shield, g\u1ea7n \u0111\u00e2y \u0111\u00e3 n\u00f3i v\u1edbi <\/span><a href=\"http:\/\/thehill.com\/policy\/healthcare\/389011-insurance-official-substantial-obamacare-premium-increases-coming\"><span style=\"font-weight: 400;\">\u0110\u1ed3i<\/span><\/a><span style=\"font-weight: 400;\"> r\u1eb1ng m\u1ee9c t\u0103ng ph\u00ed b\u1ea3o hi\u1ec3m trung b\u00ecnh n\u0103m 2019 tr\u00ean to\u00e0n qu\u1ed1c s\u1ebd \u1edf \u201cthanh thi\u1ebfu ni\u00ean th\u1ea5p\u201d, nh\u01b0ng s\u1ebd c\u00f3 s\u1ef1 kh\u00e1c bi\u1ec7t l\u1edbn gi\u1eefa c\u00e1c khu v\u1ef1c, t\u1eeb c\u00e1c ch\u1eef s\u1ed1 \u0111\u01a1n l\u1ebb th\u1ea5p \u0111\u1ebfn 70 ho\u1eb7c 80 ph\u1ea7n tr\u0103m.<\/span><\/p>\n<p><span style=\"font-weight: 400;\">V\u0103n ph\u00f2ng Ng\u00e2n s\u00e1ch Qu\u1ed1c h\u1ed9i kh\u00f4ng \u0111\u1ea3ng ph\u00e1i c\u00f3 <\/span><a href=\"https:\/\/www.washingtonpost.com\/news\/wonk\/wp\/2017\/11\/14\/why-repealing-obamacares-individual-mandate-is-so-crucial-for-tax-reform\/?utm_term=.86dafc1a6dc4\"><span style=\"font-weight: 400;\">d\u1ef1 ki\u1ebfn<\/span><\/a><span style=\"font-weight: 400;\"> r\u1eb1ng s\u1ebd c\u00f3 \u00edt h\u01a1n 13 tri\u1ec7u ng\u01b0\u1eddi M\u1ef9 c\u00f3 b\u1ea3o hi\u1ec3m y t\u1ebf v\u00e0o n\u0103m 2027 do vi\u1ec7c x\u00f3a b\u1ecf nhi\u1ec7m v\u1ee5 c\u00e1 nh\u00e2n,<\/span><span style=\"font-weight: 400;\"> \u0111ang b\u00f2n r\u00fat nh\u1eefng ng\u01b0\u1eddi kh\u1ecfe m\u1ea1nh kh\u1ecfi nh\u00f3m ACA v\u00e0 t\u0103ng ph\u00ed b\u1ea3o hi\u1ec3m cho nh\u1eefng ng\u01b0\u1eddi c\u00f2n l\u1ea1i trong ch\u01b0\u01a1ng tr\u00ecnh ACA.<\/span><\/p>\n<p><span style=\"font-weight: 400;\">Trong khi \u0111\u00f3, Fischer c\u00f3 <\/span><span style=\"font-weight: 400;\">k\u00e9o theo nhi\u1ec1u h\u01a1n <\/span><b>$45,000<\/b><span style=\"font-weight: 400;\"> trong c\u00e1c kho\u1ea3n \u0111\u00f3ng g\u00f3p t\u1eeb b\u1ea3o hi\u1ec3m y t\u1ebf v\u00e0 ch\u0103m s\u00f3c s\u1ee9c kh\u1ecfe \u1ee6y ban h\u00e0nh \u0111\u1ed9ng ch\u00ednh tr\u1ecb.<\/span><\/p>\n<p><span style=\"font-weight: 400;\">\u201cC\u1ea3m \u01a1n Deb. Fischer - ng\u01b0\u1eddi \u0111\u01b0\u1ee3c ti\u1ebfp c\u1eadn v\u1edbi b\u1ea3o hi\u1ec3m y t\u1ebf do ng\u01b0\u1eddi \u0111\u00f3ng thu\u1ebf tr\u1ee3 c\u1ea5p - h\u00e0ng ng\u00e0n ng\u01b0\u1eddi d\u00e2n Nebraskans d\u1ef1a v\u00e0o ACA \u0111\u1ec3 mua b\u1ea3o hi\u1ec3m \u0111ang ph\u1ea3i \u0111\u1ed1i m\u1eb7t v\u1edbi ph\u00ed b\u1ea3o hi\u1ec3m ng\u00e0y c\u00e0ng t\u0103ng v\u00e0 chi ph\u00ed b\u1ecf t\u00fai c\u1eaft c\u1ed5 ch\u1ec9 \u0111\u1ec3 gi\u1eef cho m\u00ecnh \u0111\u01b0\u1ee3c b\u1ea3o hi\u1ec3m, \u201d <\/span><span style=\"font-weight: 400;\">\u00a0Jane Kleeb, ch\u1ee7 t\u1ecbch Nebraska Democratic Party cho bi\u1ebft<\/span><span style=\"font-weight: 400;\">. \u201cKhi c\u00f4 \u1ea5y \u0111\u1eafc c\u1eed, Deb Fischer \u0111\u00e3 ph\u00f9 h\u1ee3p v\u1edbi c\u00e1c \u00f4ng ch\u1ee7 \u0111\u1ea3ng c\u1ee7a c\u00f4 \u1ea5y v\u00e0 c\u00e1c nh\u00e0 t\u00e0i tr\u1ee3 chi\u1ebfn d\u1ecbch l\u1edbn v\u00e0 quay l\u01b0ng l\u1ea1i v\u1edbi Nebraskans v\u1ec1 m\u1ed9t s\u1ed1 v\u1ea5n \u0111\u1ec1 - bao g\u1ed3m c\u1ea3 ch\u0103m s\u00f3c s\u1ee9c kh\u1ecfe.\u201d<\/span><\/p>\n<p><span style=\"font-weight: 400;\">Rob Robertson, gi\u00e1m \u0111\u1ed1c \u0111i\u1ec1u h\u00e0nh c\u1ee7a C\u1ee5c Trang tr\u1ea1i Nebraska, n\u00f3i v\u1edbi <\/span><a href=\"http:\/\/www.omaha.com\/livewellnebraska\/consumer\/to-check-out-a-stomach-ache-rural-families-ask-for\/article_2a92bcac-b6e8-5b5c-a36c-ab1f249ede10.html\"><span style=\"font-weight: 400;\">Omaha World-Herald<\/span><\/a><span style=\"font-weight: 400;\">: <\/span><span style=\"font-weight: 400;\">\u201c\u0110\u00e2y l\u00e0 m\u1ed9t v\u1ea5n \u0111\u1ec1 l\u1edbn trong n\u00f4ng nghi\u1ec7p v\u00ec n\u00f3 \u1ea3nh h\u01b0\u1edfng \u0111\u1ebfn t\u1ef7 tr\u1ecdng c\u1ee7a n\u00f4ng d\u00e2n v\u00e0 ch\u1ee7 trang tr\u1ea1i. N\u00f3 ch\u1eafc ch\u1eafn l\u00e0 m\u1ed9t trong hai ho\u1eb7c ba v\u1ea5n \u0111\u1ec1 h\u00e0ng \u0111\u1ea7u hi\u1ec7n nay \u1edf \u0111\u1ea5t n\u01b0\u1edbc n\u00f4ng nghi\u1ec7p. &quot;<\/span><\/p>\n<p><span style=\"font-weight: 400;\">C\u00e2u chuy\u1ec7n c\u1ee7a World-Herald k\u1ec3 v\u1ec1 Kyle v\u00e0 Tiffany Lechtenberg, nh\u1eefng ng\u01b0\u1eddi l\u00e0m trang tr\u1ea1i v\u00e0 ch\u0103n nu\u00f4i gia s\u00fac g\u1ea7n Spencer, NE. H\u1ecd n\u00f3i r\u1eb1ng khi con trai h\u1ecd b\u1ecb \u0111au d\u1ea1 d\u00e0y nghi\u00eam tr\u1ecdng v\u00e0o m\u00f9a h\u00e8 n\u0103m ngo\u00e1i, h\u1ecd ph\u1ea3i tr\u1ea3 kho\u1ea3n kh\u1ea5u tr\u1eeb ti\u1ec1n t\u00fai $5.000 c\u1ee7a ch\u00ednh s\u00e1ch ACA \u0111\u1ec3 \u0111\u01b0a con \u0111i kh\u00e1m.<\/span><\/p>\n<p><span style=\"font-weight: 400;\">Tiffany Lechtenberg n\u00f3i v\u1ec1 t\u00ecnh h\u00ecnh b\u1ea3o hi\u1ec3m c\u1ee7a h\u1ecd.<\/span><\/p>\n<p><span style=\"font-weight: 400;\">Kleeb n\u00f3i<\/span><span style=\"font-weight: 400;\">: \u201cV\u00ec v\u1eady, n\u1ebfu b\u1ea1n nh\u00ecn th\u1ea5y Deb Fischer, h\u00e3y ch\u1eafc ch\u1eafn r\u1eb1ng b\u1ea1n n\u00f3i v\u1edbi c\u00f4 \u1ea5y &#039;C\u1ea3m \u01a1n - kh\u00f4ng c\u1ea7n g\u00ec c\u1ea3.&#039; \u201d<\/span><\/p>\n<p style=\"text-align: center;\"><span style=\"font-weight: 400;\">###<\/span><\/p>\n<p>&nbsp;<\/p>\n<p>&nbsp;<\/p>","protected":false},"excerpt":{"rendered":"<p>Lincoln, NE &#8211; Thousands of Nebraskans could be hit with double-digit increases &#8212; possibly as high at 80 percent &#8212; for their Affordable Care Act (ACA) health insurance premiums next year, thanks to Sen. Deb Fischer. Fischer\u2019s votes to cripple the ACA are especially magnified in rural states like Nebraska &#8212; which did not expand &#8230; <a title=\"Nebraskans c\u00f3 th\u1ec3 c\u1ea3m \u01a1n Th\u01b0\u1ee3ng ngh\u1ecb s\u0129 Deb Fischer khi t\u1ef7 l\u1ec7 b\u1ea3o hi\u1ec3m y t\u1ebf t\u0103ng v\u1ecdt\" class=\"read-more\" href=\"https:\/\/nebraskademocrats.org\/vi\/press-releases\/nebraskans-can-thank-sen-deb-fischer-as-health-insurance-rates-skyrocket\/\" aria-label=\"More on Nebraskans can thank Sen. Deb Fischer as health insurance rates skyrocket\">\u0110\u1ecdc th\u00eam<\/a><\/p>","protected":false},"author":19,"featured_media":0,"comment_status":"closed","ping_status":"closed","sticky":false,"template":"","format":"standard","meta":{"_acf_changed":false,"_exactmetrics_skip_tracking":false,"_exactmetrics_sitenote_active":false,"_exactmetrics_sitenote_note":"","_exactmetrics_sitenote_category":0,"footnotes":""},"categories":[4],"tags":[],"class_list":["post-5652","post","type-post","status-publish","format-standard","hentry","category-press-releases"],"acf":[],"yoast_head":"<!-- This site is optimized with the Yoast SEO plugin v27.4 - https:\/\/yoast.com\/product\/yoast-seo-wordpress\/ -->\n<title>Nebraskans can thank Sen. Deb Fischer as health insurance rates skyrocket &#8211; Nebraska Democratic Party<\/title>\n<meta name=\"robots\" content=\"index, follow, max-snippet:-1, max-image-preview:large, max-video-preview:-1\" \/>\n<link rel=\"canonical\" href=\"https:\/\/nebraskademocrats.org\/vi\/press-releases\/nebraskans-can-thank-sen-deb-fischer-as-health-insurance-rates-skyrocket\/\" \/>\n<meta property=\"og:locale\" content=\"vi_VN\" \/>\n<meta property=\"og:type\" content=\"article\" \/>\n<meta property=\"og:title\" content=\"Nebraskans can thank Sen. Deb Fischer as health insurance rates skyrocket &#8211; Nebraska Democratic Party\" \/>\n<meta property=\"og:description\" content=\"Lincoln, NE &#8211; Thousands of Nebraskans could be hit with double-digit increases &#8212; possibly as high at 80 percent &#8212; for their Affordable Care Act (ACA) health insurance premiums next year, thanks to Sen. Deb Fischer. Fischer\u2019s votes to cripple the ACA are especially magnified in rural states like Nebraska &#8212; which did not expand ... Read more\" \/>\n<meta property=\"og:url\" content=\"https:\/\/nebraskademocrats.org\/vi\/press-releases\/nebraskans-can-thank-sen-deb-fischer-as-health-insurance-rates-skyrocket\/\" \/>\n<meta property=\"og:site_name\" content=\"Nebraska Democratic Party\" \/>\n<meta property=\"article:publisher\" content=\"https:\/\/www.facebook.com\/NebraskaDemocraticParty\/\" \/>\n<meta property=\"article:published_time\" content=\"2018-05-30T15:57:24+00:00\" \/>\n<meta property=\"og:image\" content=\"https:\/\/nebraskademocrats.org\/wp-content\/uploads\/2018\/09\/ne-dems-fb.jpg\" \/>\n\t<meta property=\"og:image:width\" content=\"1200\" \/>\n\t<meta property=\"og:image:height\" content=\"630\" \/>\n\t<meta property=\"og:image:type\" content=\"image\/jpeg\" \/>\n<meta name=\"author\" content=\"Precious McKesson\" \/>\n<meta name=\"twitter:card\" content=\"summary_large_image\" \/>\n<meta name=\"twitter:creator\" content=\"@nebraskadems\" \/>\n<meta name=\"twitter:site\" content=\"@nebraskadems\" \/>\n<meta name=\"twitter:label1\" content=\"\u0110\u01b0\u1ee3c vi\u1ebft b\u1edfi\" \/>\n\t<meta name=\"twitter:data1\" content=\"Precious McKesson\" \/>\n\t<meta name=\"twitter:label2\" content=\"\u01af\u1edbc t\u00ednh th\u1eddi gian \u0111\u1ecdc\" \/>\n\t<meta name=\"twitter:data2\" content=\"2 ph\u00fat\" \/>\n<script type=\"application\/ld+json\" class=\"yoast-schema-graph\">{\"@context\":\"https:\\\/\\\/schema.org\",\"@graph\":[{\"@type\":\"Article\",\"@id\":\"https:\\\/\\\/nebraskademocrats.org\\\/press-releases\\\/nebraskans-can-thank-sen-deb-fischer-as-health-insurance-rates-skyrocket\\\/#article\",\"isPartOf\":{\"@id\":\"https:\\\/\\\/nebraskademocrats.org\\\/press-releases\\\/nebraskans-can-thank-sen-deb-fischer-as-health-insurance-rates-skyrocket\\\/\"},\"author\":{\"name\":\"Precious McKesson\",\"@id\":\"https:\\\/\\\/nebraskademocrats.org\\\/#\\\/schema\\\/person\\\/33e011ea0795f404810dc40828bcf289\"},\"headline\":\"Nebraskans can thank Sen. Deb Fischer as health insurance rates skyrocket\",\"datePublished\":\"2018-05-30T15:57:24+00:00\",\"mainEntityOfPage\":{\"@id\":\"https:\\\/\\\/nebraskademocrats.org\\\/press-releases\\\/nebraskans-can-thank-sen-deb-fischer-as-health-insurance-rates-skyrocket\\\/\"},\"wordCount\":421,\"publisher\":{\"@id\":\"https:\\\/\\\/nebraskademocrats.org\\\/#organization\"},\"articleSection\":[\"Press Releases\"],\"inLanguage\":\"vi\"},{\"@type\":\"WebPage\",\"@id\":\"https:\\\/\\\/nebraskademocrats.org\\\/press-releases\\\/nebraskans-can-thank-sen-deb-fischer-as-health-insurance-rates-skyrocket\\\/\",\"url\":\"https:\\\/\\\/nebraskademocrats.org\\\/press-releases\\\/nebraskans-can-thank-sen-deb-fischer-as-health-insurance-rates-skyrocket\\\/\",\"name\":\"Nebraskans can thank Sen. Deb Fischer as health insurance rates skyrocket &#8211; Nebraska Democratic Party\",\"isPartOf\":{\"@id\":\"https:\\\/\\\/nebraskademocrats.org\\\/#website\"},\"datePublished\":\"2018-05-30T15:57:24+00:00\",\"breadcrumb\":{\"@id\":\"https:\\\/\\\/nebraskademocrats.org\\\/press-releases\\\/nebraskans-can-thank-sen-deb-fischer-as-health-insurance-rates-skyrocket\\\/#breadcrumb\"},\"inLanguage\":\"vi\",\"potentialAction\":[{\"@type\":\"ReadAction\",\"target\":[\"https:\\\/\\\/nebraskademocrats.org\\\/press-releases\\\/nebraskans-can-thank-sen-deb-fischer-as-health-insurance-rates-skyrocket\\\/\"]}]},{\"@type\":\"BreadcrumbList\",\"@id\":\"https:\\\/\\\/nebraskademocrats.org\\\/press-releases\\\/nebraskans-can-thank-sen-deb-fischer-as-health-insurance-rates-skyrocket\\\/#breadcrumb\",\"itemListElement\":[{\"@type\":\"ListItem\",\"position\":1,\"name\":\"Home\",\"item\":\"https:\\\/\\\/nebraskademocrats.org\\\/\"},{\"@type\":\"ListItem\",\"position\":2,\"name\":\"Nebraskans can thank Sen. Deb Fischer as health insurance rates skyrocket\"}]},{\"@type\":\"WebSite\",\"@id\":\"https:\\\/\\\/nebraskademocrats.org\\\/#website\",\"url\":\"https:\\\/\\\/nebraskademocrats.org\\\/\",\"name\":\"Nebraska Democratic Party\",\"description\":\"Growing the Good Life for All Nebraskans\",\"publisher\":{\"@id\":\"https:\\\/\\\/nebraskademocrats.org\\\/#organization\"},\"potentialAction\":[{\"@type\":\"SearchAction\",\"target\":{\"@type\":\"EntryPoint\",\"urlTemplate\":\"https:\\\/\\\/nebraskademocrats.org\\\/?s={search_term_string}\"},\"query-input\":{\"@type\":\"PropertyValueSpecification\",\"valueRequired\":true,\"valueName\":\"search_term_string\"}}],\"inLanguage\":\"vi\"},{\"@type\":\"Organization\",\"@id\":\"https:\\\/\\\/nebraskademocrats.org\\\/#organization\",\"name\":\"Nebraska Democratic Party\",\"url\":\"https:\\\/\\\/nebraskademocrats.org\\\/\",\"logo\":{\"@type\":\"ImageObject\",\"inLanguage\":\"vi\",\"@id\":\"https:\\\/\\\/nebraskademocrats.org\\\/#\\\/schema\\\/logo\\\/image\\\/\",\"url\":\"https:\\\/\\\/nebraskadem.wpenginepowered.com\\\/wp-content\\\/uploads\\\/2016\\\/05\\\/NDP2.jpg\",\"contentUrl\":\"https:\\\/\\\/nebraskadem.wpenginepowered.com\\\/wp-content\\\/uploads\\\/2016\\\/05\\\/NDP2.jpg\",\"width\":1000,\"height\":396,\"caption\":\"Nebraska Democratic Party\"},\"image\":{\"@id\":\"https:\\\/\\\/nebraskademocrats.org\\\/#\\\/schema\\\/logo\\\/image\\\/\"},\"sameAs\":[\"https:\\\/\\\/www.facebook.com\\\/NebraskaDemocraticParty\\\/\",\"https:\\\/\\\/x.com\\\/nebraskadems\"]},{\"@type\":\"Person\",\"@id\":\"https:\\\/\\\/nebraskademocrats.org\\\/#\\\/schema\\\/person\\\/33e011ea0795f404810dc40828bcf289\",\"name\":\"Precious McKesson\",\"image\":{\"@type\":\"ImageObject\",\"inLanguage\":\"vi\",\"@id\":\"https:\\\/\\\/secure.gravatar.com\\\/avatar\\\/35046e19b3373116ec64c07d386d3312028d3820dc0ffe65c344bcebc8ea9194?s=96&d=mm&r=g\",\"url\":\"https:\\\/\\\/secure.gravatar.com\\\/avatar\\\/35046e19b3373116ec64c07d386d3312028d3820dc0ffe65c344bcebc8ea9194?s=96&d=mm&r=g\",\"contentUrl\":\"https:\\\/\\\/secure.gravatar.com\\\/avatar\\\/35046e19b3373116ec64c07d386d3312028d3820dc0ffe65c344bcebc8ea9194?s=96&d=mm&r=g\",\"caption\":\"Precious McKesson\"}}]}<\/script>\n<!-- \/ Yoast SEO plugin. -->","yoast_head_json":{"title":"Nebraskans can thank Sen. Deb Fischer as health insurance rates skyrocket &#8211; Nebraska Democratic Party","robots":{"index":"index","follow":"follow","max-snippet":"max-snippet:-1","max-image-preview":"max-image-preview:large","max-video-preview":"max-video-preview:-1"},"canonical":"https:\/\/nebraskademocrats.org\/vi\/press-releases\/nebraskans-can-thank-sen-deb-fischer-as-health-insurance-rates-skyrocket\/","og_locale":"vi_VN","og_type":"article","og_title":"Nebraskans can thank Sen. Deb Fischer as health insurance rates skyrocket &#8211; Nebraska Democratic Party","og_description":"Lincoln, NE &#8211; Thousands of Nebraskans could be hit with double-digit increases &#8212; possibly as high at 80 percent &#8212; for their Affordable Care Act (ACA) health insurance premiums next year, thanks to Sen. Deb Fischer. Fischer\u2019s votes to cripple the ACA are especially magnified in rural states like Nebraska &#8212; which did not expand ... Read more","og_url":"https:\/\/nebraskademocrats.org\/vi\/press-releases\/nebraskans-can-thank-sen-deb-fischer-as-health-insurance-rates-skyrocket\/","og_site_name":"Nebraska Democratic Party","article_publisher":"https:\/\/www.facebook.com\/NebraskaDemocraticParty\/","article_published_time":"2018-05-30T15:57:24+00:00","og_image":[{"width":1200,"height":630,"url":"https:\/\/nebraskademocrats.org\/wp-content\/uploads\/2018\/09\/ne-dems-fb.jpg","type":"image\/jpeg"}],"author":"Precious McKesson","twitter_card":"summary_large_image","twitter_creator":"@nebraskadems","twitter_site":"@nebraskadems","twitter_misc":{"\u0110\u01b0\u1ee3c vi\u1ebft b\u1edfi":"Precious McKesson","\u01af\u1edbc t\u00ednh th\u1eddi gian \u0111\u1ecdc":"2 ph\u00fat"},"schema":{"@context":"https:\/\/schema.org","@graph":[{"@type":"Article","@id":"https:\/\/nebraskademocrats.org\/press-releases\/nebraskans-can-thank-sen-deb-fischer-as-health-insurance-rates-skyrocket\/#article","isPartOf":{"@id":"https:\/\/nebraskademocrats.org\/press-releases\/nebraskans-can-thank-sen-deb-fischer-as-health-insurance-rates-skyrocket\/"},"author":{"name":"Precious McKesson","@id":"https:\/\/nebraskademocrats.org\/#\/schema\/person\/33e011ea0795f404810dc40828bcf289"},"headline":"Nebraskans can thank Sen. Deb Fischer as health insurance rates skyrocket","datePublished":"2018-05-30T15:57:24+00:00","mainEntityOfPage":{"@id":"https:\/\/nebraskademocrats.org\/press-releases\/nebraskans-can-thank-sen-deb-fischer-as-health-insurance-rates-skyrocket\/"},"wordCount":421,"publisher":{"@id":"https:\/\/nebraskademocrats.org\/#organization"},"articleSection":["Press Releases"],"inLanguage":"vi"},{"@type":"WebPage","@id":"https:\/\/nebraskademocrats.org\/press-releases\/nebraskans-can-thank-sen-deb-fischer-as-health-insurance-rates-skyrocket\/","url":"https:\/\/nebraskademocrats.org\/press-releases\/nebraskans-can-thank-sen-deb-fischer-as-health-insurance-rates-skyrocket\/","name":"Nebraskans can thank Sen. Deb Fischer as health insurance rates skyrocket &#8211; Nebraska Democratic Party","isPartOf":{"@id":"https:\/\/nebraskademocrats.org\/#website"},"datePublished":"2018-05-30T15:57:24+00:00","breadcrumb":{"@id":"https:\/\/nebraskademocrats.org\/press-releases\/nebraskans-can-thank-sen-deb-fischer-as-health-insurance-rates-skyrocket\/#breadcrumb"},"inLanguage":"vi","potentialAction":[{"@type":"ReadAction","target":["https:\/\/nebraskademocrats.org\/press-releases\/nebraskans-can-thank-sen-deb-fischer-as-health-insurance-rates-skyrocket\/"]}]},{"@type":"BreadcrumbList","@id":"https:\/\/nebraskademocrats.org\/press-releases\/nebraskans-can-thank-sen-deb-fischer-as-health-insurance-rates-skyrocket\/#breadcrumb","itemListElement":[{"@type":"ListItem","position":1,"name":"Home","item":"https:\/\/nebraskademocrats.org\/"},{"@type":"ListItem","position":2,"name":"Nebraskans can thank Sen. Deb Fischer as health insurance rates skyrocket"}]},{"@type":"WebSite","@id":"https:\/\/nebraskademocrats.org\/#website","url":"https:\/\/nebraskademocrats.org\/","name":"Nebraska Democratic Party","description":"Ph\u00e1t tri\u1ec3n cu\u1ed9c s\u1ed1ng t\u1ed1t \u0111\u1eb9p cho t\u1ea5t c\u1ea3 Nebraskans","publisher":{"@id":"https:\/\/nebraskademocrats.org\/#organization"},"potentialAction":[{"@type":"SearchAction","target":{"@type":"EntryPoint","urlTemplate":"https:\/\/nebraskademocrats.org\/?s={search_term_string}"},"query-input":{"@type":"PropertyValueSpecification","valueRequired":true,"valueName":"search_term_string"}}],"inLanguage":"vi"},{"@type":"Organization","@id":"https:\/\/nebraskademocrats.org\/#organization","name":"Nebraska Democratic Party","url":"https:\/\/nebraskademocrats.org\/","logo":{"@type":"ImageObject","inLanguage":"vi","@id":"https:\/\/nebraskademocrats.org\/#\/schema\/logo\/image\/","url":"https:\/\/nebraskadem.wpenginepowered.com\/wp-content\/uploads\/2016\/05\/NDP2.jpg","contentUrl":"https:\/\/nebraskadem.wpenginepowered.com\/wp-content\/uploads\/2016\/05\/NDP2.jpg","width":1000,"height":396,"caption":"Nebraska Democratic Party"},"image":{"@id":"https:\/\/nebraskademocrats.org\/#\/schema\/logo\/image\/"},"sameAs":["https:\/\/www.facebook.com\/NebraskaDemocraticParty\/","https:\/\/x.com\/nebraskadems"]},{"@type":"Person","@id":"https:\/\/nebraskademocrats.org\/#\/schema\/person\/33e011ea0795f404810dc40828bcf289","name":"McKesson qu\u00fd gi\u00e1","image":{"@type":"ImageObject","inLanguage":"vi","@id":"https:\/\/secure.gravatar.com\/avatar\/35046e19b3373116ec64c07d386d3312028d3820dc0ffe65c344bcebc8ea9194?s=96&d=mm&r=g","url":"https:\/\/secure.gravatar.com\/avatar\/35046e19b3373116ec64c07d386d3312028d3820dc0ffe65c344bcebc8ea9194?s=96&d=mm&r=g","contentUrl":"https:\/\/secure.gravatar.com\/avatar\/35046e19b3373116ec64c07d386d3312028d3820dc0ffe65c344bcebc8ea9194?s=96&d=mm&r=g","caption":"Precious McKesson"}}]}},"_links":{"self":[{"href":"https:\/\/nebraskademocrats.org\/vi\/wp-json\/wp\/v2\/posts\/5652","targetHints":{"allow":["GET"]}}],"collection":[{"href":"https:\/\/nebraskademocrats.org\/vi\/wp-json\/wp\/v2\/posts"}],"about":[{"href":"https:\/\/nebraskademocrats.org\/vi\/wp-json\/wp\/v2\/types\/post"}],"author":[{"embeddable":true,"href":"https:\/\/nebraskademocrats.org\/vi\/wp-json\/wp\/v2\/users\/19"}],"replies":[{"embeddable":true,"href":"https:\/\/nebraskademocrats.org\/vi\/wp-json\/wp\/v2\/comments?post=5652"}],"version-history":[{"count":0,"href":"https:\/\/nebraskademocrats.org\/vi\/wp-json\/wp\/v2\/posts\/5652\/revisions"}],"wp:attachment":[{"href":"https:\/\/nebraskademocrats.org\/vi\/wp-json\/wp\/v2\/media?parent=5652"}],"wp:term":[{"taxonomy":"category","embeddable":true,"href":"https:\/\/nebraskademocrats.org\/vi\/wp-json\/wp\/v2\/categories?post=5652"},{"taxonomy":"post_tag","embeddable":true,"href":"https:\/\/nebraskademocrats.org\/vi\/wp-json\/wp\/v2\/tags?post=5652"}],"curies":[{"name":"wp","href":"https:\/\/api.w.org\/{rel}","templated":true}]}}